{"id":5047,"date":"2025-04-02T15:00:13","date_gmt":"2025-04-02T18:00:13","guid":{"rendered":"https:\/\/transamerica93.com.br\/home\/?p=5047"},"modified":"2025-04-01T21:09:00","modified_gmt":"2025-04-02T00:09:00","slug":"linkin-park-anuncia-tres-locais-de-shows-no-brasil-em-2025","status":"publish","type":"post","link":"https:\/\/transamerica93.com.br\/home\/linkin-park-anuncia-tres-locais-de-shows-no-brasil-em-2025\/","title":{"rendered":"Linkin Park anuncia tr\u00eas locais de shows no Brasil em 2025"},"content":{"rendered":"<h6 class=\"Assina\">Por Daniel Vila Nova<\/h6>\n<p>A banda Linkin Park anunciou\u00a0 que ir\u00e1 realizar tr\u00eas shows no Brasil em 2025. O an\u00fancio ocorreu no perfil do Instagram da produtora Live Nation e, apesar de conter certo mist\u00e9rio, foi rapidamente decifrado pelos f\u00e3s do grupo.<\/p>\n<p>Ao todo, tr\u00eas imagens foram compartilhadas nas redes sociais. Em cada uma delas, uma bandeira com o logo do Linkin Park pode ser vista nas estruturas de tr\u00eas est\u00e1dios de futebol diferentes &#8211; no Couto Pereira, em Curitiba, no MorumBIS, em S\u00e3o Paulo, e no Man\u00e9 Garrincha, em Bras\u00edlia.<\/p>\n<p>Al\u00e9m de anunciar os tr\u00eas locais que a banda se apresentar\u00e1 em 2025, a Live Nation tamb\u00e9m adicionou uma simples legenda na postagem: &#8220;HOJE &#8211; 20h&#8221;. \u00c9 prov\u00e1vel que, quando chegar o hor\u00e1rio, a produtora revele mais informa\u00e7\u00f5es sobre os shows, como as datas e os hor\u00e1rios.<\/p>\n<p>A not\u00edcia de que o Linkin Park se apresentaria no Brasil em 2025 n\u00e3o \u00e9 exatamente novidade. Em 2024, al\u00e9m de se apresentar em S\u00e3o Paulo em novembro, o grupo divulgou os pa\u00edses que iria visitar ao longo de sua turn\u00ea\u00a0<i>From Zero World Tour<\/i>.<\/p>\n<p>Entre as mais de 50 cidades escolhidas, quatro munic\u00edpios brasileiros foram destacados. Al\u00e9m deles, a banda tamb\u00e9m divulgou as datas das apresenta\u00e7\u00f5es: Rio de Janeiro (8 de novembro), S\u00e3o Paulo (10 de novembro), Bras\u00edlia (13 de novembro) e Porto Alegre (15 de novembro).<\/p>\n<p>As cidades do Rio de Janeiro e de Porto Alegre, no entanto, n\u00e3o foram mencionadas na postagem da Live Nation desta quinta-feira, 27. Ainda n\u00e3o \u00e9 certo se as datas divulgadas pela banda em 2024 ser\u00e3o mantidas ou se haver\u00e1 algum tipo de altera\u00e7\u00e3o.<\/p>\n","protected":false},"excerpt":{"rendered":"<p>Por Daniel Vila Nova A banda Linkin Park anunciou\u00a0 que ir\u00e1 realizar tr\u00eas shows no Brasil em 2025. O an\u00fancio ocorreu no perfil do Instagram da produtora Live Nation e, apesar de conter certo mist\u00e9rio, foi rapidamente decifrado pelos f\u00e3s do grupo. Ao todo, tr\u00eas imagens foram compartilhadas nas redes sociais. Em cada uma delas, &hellip;<\/p>\n","protected":false},"author":1,"featured_media":5048,"comment_status":"closed","ping_status":"closed","sticky":false,"template":"","format":"standard","meta":{"footnotes":""},"categories":[25],"tags":[],"class_list":["post-5047","post","type-post","status-publish","format-standard","has-post-thumbnail","hentry","category-musica"],"yoast_head":"<!-- This site is optimized with the Yoast SEO plugin v27.4 - https:\/\/yoast.com\/product\/yoast-seo-wordpress\/ -->\n<title>Linkin Park anuncia tr\u00eas locais de shows no Brasil em 2025 - Transam\u00e9rica Mococa 93,3<\/title>\n<meta name=\"robots\" content=\"index, follow, max-snippet:-1, max-image-preview:large, max-video-preview:-1\" \/>\n<link rel=\"canonical\" href=\"https:\/\/transamerica93.com.br\/home\/linkin-park-anuncia-tres-locais-de-shows-no-brasil-em-2025\/\" \/>\n<meta property=\"og:locale\" content=\"pt_BR\" \/>\n<meta property=\"og:type\" content=\"article\" \/>\n<meta property=\"og:title\" content=\"Linkin Park anuncia tr\u00eas locais de shows no Brasil em 2025 - Transam\u00e9rica Mococa 93,3\" \/>\n<meta property=\"og:description\" content=\"Por Daniel Vila Nova A banda Linkin Park anunciou\u00a0 que ir\u00e1 realizar tr\u00eas shows no Brasil em 2025. O an\u00fancio ocorreu no perfil do Instagram da produtora Live Nation e, apesar de conter certo mist\u00e9rio, foi rapidamente decifrado pelos f\u00e3s do grupo. Ao todo, tr\u00eas imagens foram compartilhadas nas redes sociais. Em cada uma delas, &hellip;\" \/>\n<meta property=\"og:url\" content=\"https:\/\/transamerica93.com.br\/home\/linkin-park-anuncia-tres-locais-de-shows-no-brasil-em-2025\/\" \/>\n<meta property=\"og:site_name\" content=\"Transam\u00e9rica Mococa 93,3\" \/>\n<meta property=\"article:publisher\" content=\"https:\/\/www.facebook.com\/transamericamococa\" \/>\n<meta property=\"article:published_time\" content=\"2025-04-02T18:00:13+00:00\" \/>\n<meta property=\"og:image\" content=\"https:\/\/transamerica93.com.br\/home\/wp-content\/uploads\/2025\/04\/Sem-titulo.jpg\" \/>\n\t<meta property=\"og:image:width\" content=\"1600\" \/>\n\t<meta property=\"og:image:height\" content=\"1067\" \/>\n\t<meta property=\"og:image:type\" content=\"image\/jpeg\" \/>\n<meta name=\"author\" content=\"Reda\u00e7\u00e3o\" \/>\n<meta name=\"twitter:card\" content=\"summary_large_image\" \/>\n<meta name=\"twitter:creator\" content=\"@transamerica933\" \/>\n<meta name=\"twitter:site\" content=\"@transamerica933\" \/>\n<meta name=\"twitter:label1\" content=\"Escrito por\" \/>\n\t<meta name=\"twitter:data1\" content=\"Reda\u00e7\u00e3o\" \/>\n\t<meta name=\"twitter:label2\" content=\"Est. tempo de leitura\" \/>\n\t<meta name=\"twitter:data2\" content=\"2 minutos\" \/>\n<script type=\"application\/ld+json\" class=\"yoast-schema-graph\">{\"@context\":\"https:\\\/\\\/schema.org\",\"@graph\":[{\"@type\":\"Article\",\"@id\":\"https:\\\/\\\/transamerica93.com.br\\\/home\\\/linkin-park-anuncia-tres-locais-de-shows-no-brasil-em-2025\\\/#article\",\"isPartOf\":{\"@id\":\"https:\\\/\\\/transamerica93.com.br\\\/home\\\/linkin-park-anuncia-tres-locais-de-shows-no-brasil-em-2025\\\/\"},\"author\":{\"name\":\"Reda\u00e7\u00e3o\",\"@id\":\"https:\\\/\\\/transamerica93.com.br\\\/home\\\/#\\\/schema\\\/person\\\/7fed7c99c0d4562efa8561bc0f543172\"},\"headline\":\"Linkin Park anuncia tr\u00eas locais de shows no Brasil em 2025\",\"datePublished\":\"2025-04-02T18:00:13+00:00\",\"mainEntityOfPage\":{\"@id\":\"https:\\\/\\\/transamerica93.com.br\\\/home\\\/linkin-park-anuncia-tres-locais-de-shows-no-brasil-em-2025\\\/\"},\"wordCount\":298,\"publisher\":{\"@id\":\"https:\\\/\\\/transamerica93.com.br\\\/home\\\/#organization\"},\"image\":{\"@id\":\"https:\\\/\\\/transamerica93.com.br\\\/home\\\/linkin-park-anuncia-tres-locais-de-shows-no-brasil-em-2025\\\/#primaryimage\"},\"thumbnailUrl\":\"https:\\\/\\\/transamerica93.com.br\\\/home\\\/wp-content\\\/uploads\\\/2025\\\/04\\\/Sem-titulo.jpg\",\"articleSection\":[\"M\u00fasica\"],\"inLanguage\":\"pt-BR\"},{\"@type\":\"WebPage\",\"@id\":\"https:\\\/\\\/transamerica93.com.br\\\/home\\\/linkin-park-anuncia-tres-locais-de-shows-no-brasil-em-2025\\\/\",\"url\":\"https:\\\/\\\/transamerica93.com.br\\\/home\\\/linkin-park-anuncia-tres-locais-de-shows-no-brasil-em-2025\\\/\",\"name\":\"Linkin Park anuncia tr\u00eas locais de shows no Brasil em 2025 - Transam\u00e9rica Mococa 93,3\",\"isPartOf\":{\"@id\":\"https:\\\/\\\/transamerica93.com.br\\\/home\\\/#website\"},\"primaryImageOfPage\":{\"@id\":\"https:\\\/\\\/transamerica93.com.br\\\/home\\\/linkin-park-anuncia-tres-locais-de-shows-no-brasil-em-2025\\\/#primaryimage\"},\"image\":{\"@id\":\"https:\\\/\\\/transamerica93.com.br\\\/home\\\/linkin-park-anuncia-tres-locais-de-shows-no-brasil-em-2025\\\/#primaryimage\"},\"thumbnailUrl\":\"https:\\\/\\\/transamerica93.com.br\\\/home\\\/wp-content\\\/uploads\\\/2025\\\/04\\\/Sem-titulo.jpg\",\"datePublished\":\"2025-04-02T18:00:13+00:00\",\"breadcrumb\":{\"@id\":\"https:\\\/\\\/transamerica93.com.br\\\/home\\\/linkin-park-anuncia-tres-locais-de-shows-no-brasil-em-2025\\\/#breadcrumb\"},\"inLanguage\":\"pt-BR\",\"potentialAction\":[{\"@type\":\"ReadAction\",\"target\":[\"https:\\\/\\\/transamerica93.com.br\\\/home\\\/linkin-park-anuncia-tres-locais-de-shows-no-brasil-em-2025\\\/\"]}]},{\"@type\":\"ImageObject\",\"inLanguage\":\"pt-BR\",\"@id\":\"https:\\\/\\\/transamerica93.com.br\\\/home\\\/linkin-park-anuncia-tres-locais-de-shows-no-brasil-em-2025\\\/#primaryimage\",\"url\":\"https:\\\/\\\/transamerica93.com.br\\\/home\\\/wp-content\\\/uploads\\\/2025\\\/04\\\/Sem-titulo.jpg\",\"contentUrl\":\"https:\\\/\\\/transamerica93.com.br\\\/home\\\/wp-content\\\/uploads\\\/2025\\\/04\\\/Sem-titulo.jpg\",\"width\":1600,\"height\":1067},{\"@type\":\"BreadcrumbList\",\"@id\":\"https:\\\/\\\/transamerica93.com.br\\\/home\\\/linkin-park-anuncia-tres-locais-de-shows-no-brasil-em-2025\\\/#breadcrumb\",\"itemListElement\":[{\"@type\":\"ListItem\",\"position\":1,\"name\":\"In\u00edcio\",\"item\":\"https:\\\/\\\/transamerica93.com.br\\\/home\\\/\"},{\"@type\":\"ListItem\",\"position\":2,\"name\":\"Linkin Park anuncia tr\u00eas locais de shows no Brasil em 2025\"}]},{\"@type\":\"WebSite\",\"@id\":\"https:\\\/\\\/transamerica93.com.br\\\/home\\\/#website\",\"url\":\"https:\\\/\\\/transamerica93.com.br\\\/home\\\/\",\"name\":\"Transam\u00e9rica Mococa 93,3\",\"description\":\"\",\"publisher\":{\"@id\":\"https:\\\/\\\/transamerica93.com.br\\\/home\\\/#organization\"},\"potentialAction\":[{\"@type\":\"SearchAction\",\"target\":{\"@type\":\"EntryPoint\",\"urlTemplate\":\"https:\\\/\\\/transamerica93.com.br\\\/home\\\/?s={search_term_string}\"},\"query-input\":{\"@type\":\"PropertyValueSpecification\",\"valueRequired\":true,\"valueName\":\"search_term_string\"}}],\"inLanguage\":\"pt-BR\"},{\"@type\":\"Organization\",\"@id\":\"https:\\\/\\\/transamerica93.com.br\\\/home\\\/#organization\",\"name\":\"Transam\u00e9rica Mococa 93,3\",\"url\":\"https:\\\/\\\/transamerica93.com.br\\\/home\\\/\",\"logo\":{\"@type\":\"ImageObject\",\"inLanguage\":\"pt-BR\",\"@id\":\"https:\\\/\\\/transamerica93.com.br\\\/home\\\/#\\\/schema\\\/logo\\\/image\\\/\",\"url\":\"https:\\\/\\\/transamerica93.com.br\\\/home\\\/wp-content\\\/uploads\\\/2023\\\/10\\\/logo2.png\",\"contentUrl\":\"https:\\\/\\\/transamerica93.com.br\\\/home\\\/wp-content\\\/uploads\\\/2023\\\/10\\\/logo2.png\",\"width\":800,\"height\":500,\"caption\":\"Transam\u00e9rica Mococa 93,3\"},\"image\":{\"@id\":\"https:\\\/\\\/transamerica93.com.br\\\/home\\\/#\\\/schema\\\/logo\\\/image\\\/\"},\"sameAs\":[\"https:\\\/\\\/www.facebook.com\\\/transamericamococa\",\"https:\\\/\\\/x.com\\\/transamerica933\",\"https:\\\/\\\/www.instagram.com\\\/transamericamococa\"]},{\"@type\":\"Person\",\"@id\":\"https:\\\/\\\/transamerica93.com.br\\\/home\\\/#\\\/schema\\\/person\\\/7fed7c99c0d4562efa8561bc0f543172\",\"name\":\"Reda\u00e7\u00e3o\",\"image\":{\"@type\":\"ImageObject\",\"inLanguage\":\"pt-BR\",\"@id\":\"https:\\\/\\\/secure.gravatar.com\\\/avatar\\\/1072c6b775fb02ef8506ce967551d95926669a6b7d2c2147b42eea4d7c68395e?s=96&d=mm&r=g\",\"url\":\"https:\\\/\\\/secure.gravatar.com\\\/avatar\\\/1072c6b775fb02ef8506ce967551d95926669a6b7d2c2147b42eea4d7c68395e?s=96&d=mm&r=g\",\"contentUrl\":\"https:\\\/\\\/secure.gravatar.com\\\/avatar\\\/1072c6b775fb02ef8506ce967551d95926669a6b7d2c2147b42eea4d7c68395e?s=96&d=mm&r=g\",\"caption\":\"Reda\u00e7\u00e3o\"},\"sameAs\":[\"https:\\\/\\\/transamerica93.com.br\\\/home\"],\"url\":\"https:\\\/\\\/transamerica93.com.br\\\/home\\\/author\\\/william\\\/\"}]}<\/script>\n<!-- \/ Yoast SEO plugin. -->","yoast_head_json":{"title":"Linkin Park anuncia tr\u00eas locais de shows no Brasil em 2025 - Transam\u00e9rica Mococa 93,3","robots":{"index":"index","follow":"follow","max-snippet":"max-snippet:-1","max-image-preview":"max-image-preview:large","max-video-preview":"max-video-preview:-1"},"canonical":"https:\/\/transamerica93.com.br\/home\/linkin-park-anuncia-tres-locais-de-shows-no-brasil-em-2025\/","og_locale":"pt_BR","og_type":"article","og_title":"Linkin Park anuncia tr\u00eas locais de shows no Brasil em 2025 - Transam\u00e9rica Mococa 93,3","og_description":"Por Daniel Vila Nova A banda Linkin Park anunciou\u00a0 que ir\u00e1 realizar tr\u00eas shows no Brasil em 2025. O an\u00fancio ocorreu no perfil do Instagram da produtora Live Nation e, apesar de conter certo mist\u00e9rio, foi rapidamente decifrado pelos f\u00e3s do grupo. Ao todo, tr\u00eas imagens foram compartilhadas nas redes sociais. Em cada uma delas, &hellip;","og_url":"https:\/\/transamerica93.com.br\/home\/linkin-park-anuncia-tres-locais-de-shows-no-brasil-em-2025\/","og_site_name":"Transam\u00e9rica Mococa 93,3","article_publisher":"https:\/\/www.facebook.com\/transamericamococa","article_published_time":"2025-04-02T18:00:13+00:00","og_image":[{"width":1600,"height":1067,"url":"https:\/\/transamerica93.com.br\/home\/wp-content\/uploads\/2025\/04\/Sem-titulo.jpg","type":"image\/jpeg"}],"author":"Reda\u00e7\u00e3o","twitter_card":"summary_large_image","twitter_creator":"@transamerica933","twitter_site":"@transamerica933","twitter_misc":{"Escrito por":"Reda\u00e7\u00e3o","Est. tempo de leitura":"2 minutos"},"schema":{"@context":"https:\/\/schema.org","@graph":[{"@type":"Article","@id":"https:\/\/transamerica93.com.br\/home\/linkin-park-anuncia-tres-locais-de-shows-no-brasil-em-2025\/#article","isPartOf":{"@id":"https:\/\/transamerica93.com.br\/home\/linkin-park-anuncia-tres-locais-de-shows-no-brasil-em-2025\/"},"author":{"name":"Reda\u00e7\u00e3o","@id":"https:\/\/transamerica93.com.br\/home\/#\/schema\/person\/7fed7c99c0d4562efa8561bc0f543172"},"headline":"Linkin Park anuncia tr\u00eas locais de shows no Brasil em 2025","datePublished":"2025-04-02T18:00:13+00:00","mainEntityOfPage":{"@id":"https:\/\/transamerica93.com.br\/home\/linkin-park-anuncia-tres-locais-de-shows-no-brasil-em-2025\/"},"wordCount":298,"publisher":{"@id":"https:\/\/transamerica93.com.br\/home\/#organization"},"image":{"@id":"https:\/\/transamerica93.com.br\/home\/linkin-park-anuncia-tres-locais-de-shows-no-brasil-em-2025\/#primaryimage"},"thumbnailUrl":"https:\/\/transamerica93.com.br\/home\/wp-content\/uploads\/2025\/04\/Sem-titulo.jpg","articleSection":["M\u00fasica"],"inLanguage":"pt-BR"},{"@type":"WebPage","@id":"https:\/\/transamerica93.com.br\/home\/linkin-park-anuncia-tres-locais-de-shows-no-brasil-em-2025\/","url":"https:\/\/transamerica93.com.br\/home\/linkin-park-anuncia-tres-locais-de-shows-no-brasil-em-2025\/","name":"Linkin Park anuncia tr\u00eas locais de shows no Brasil em 2025 - Transam\u00e9rica Mococa 93,3","isPartOf":{"@id":"https:\/\/transamerica93.com.br\/home\/#website"},"primaryImageOfPage":{"@id":"https:\/\/transamerica93.com.br\/home\/linkin-park-anuncia-tres-locais-de-shows-no-brasil-em-2025\/#primaryimage"},"image":{"@id":"https:\/\/transamerica93.com.br\/home\/linkin-park-anuncia-tres-locais-de-shows-no-brasil-em-2025\/#primaryimage"},"thumbnailUrl":"https:\/\/transamerica93.com.br\/home\/wp-content\/uploads\/2025\/04\/Sem-titulo.jpg","datePublished":"2025-04-02T18:00:13+00:00","breadcrumb":{"@id":"https:\/\/transamerica93.com.br\/home\/linkin-park-anuncia-tres-locais-de-shows-no-brasil-em-2025\/#breadcrumb"},"inLanguage":"pt-BR","potentialAction":[{"@type":"ReadAction","target":["https:\/\/transamerica93.com.br\/home\/linkin-park-anuncia-tres-locais-de-shows-no-brasil-em-2025\/"]}]},{"@type":"ImageObject","inLanguage":"pt-BR","@id":"https:\/\/transamerica93.com.br\/home\/linkin-park-anuncia-tres-locais-de-shows-no-brasil-em-2025\/#primaryimage","url":"https:\/\/transamerica93.com.br\/home\/wp-content\/uploads\/2025\/04\/Sem-titulo.jpg","contentUrl":"https:\/\/transamerica93.com.br\/home\/wp-content\/uploads\/2025\/04\/Sem-titulo.jpg","width":1600,"height":1067},{"@type":"BreadcrumbList","@id":"https:\/\/transamerica93.com.br\/home\/linkin-park-anuncia-tres-locais-de-shows-no-brasil-em-2025\/#breadcrumb","itemListElement":[{"@type":"ListItem","position":1,"name":"In\u00edcio","item":"https:\/\/transamerica93.com.br\/home\/"},{"@type":"ListItem","position":2,"name":"Linkin Park anuncia tr\u00eas locais de shows no Brasil em 2025"}]},{"@type":"WebSite","@id":"https:\/\/transamerica93.com.br\/home\/#website","url":"https:\/\/transamerica93.com.br\/home\/","name":"Transam\u00e9rica Mococa 93,3","description":"","publisher":{"@id":"https:\/\/transamerica93.com.br\/home\/#organization"},"potentialAction":[{"@type":"SearchAction","target":{"@type":"EntryPoint","urlTemplate":"https:\/\/transamerica93.com.br\/home\/?s={search_term_string}"},"query-input":{"@type":"PropertyValueSpecification","valueRequired":true,"valueName":"search_term_string"}}],"inLanguage":"pt-BR"},{"@type":"Organization","@id":"https:\/\/transamerica93.com.br\/home\/#organization","name":"Transam\u00e9rica Mococa 93,3","url":"https:\/\/transamerica93.com.br\/home\/","logo":{"@type":"ImageObject","inLanguage":"pt-BR","@id":"https:\/\/transamerica93.com.br\/home\/#\/schema\/logo\/image\/","url":"https:\/\/transamerica93.com.br\/home\/wp-content\/uploads\/2023\/10\/logo2.png","contentUrl":"https:\/\/transamerica93.com.br\/home\/wp-content\/uploads\/2023\/10\/logo2.png","width":800,"height":500,"caption":"Transam\u00e9rica Mococa 93,3"},"image":{"@id":"https:\/\/transamerica93.com.br\/home\/#\/schema\/logo\/image\/"},"sameAs":["https:\/\/www.facebook.com\/transamericamococa","https:\/\/x.com\/transamerica933","https:\/\/www.instagram.com\/transamericamococa"]},{"@type":"Person","@id":"https:\/\/transamerica93.com.br\/home\/#\/schema\/person\/7fed7c99c0d4562efa8561bc0f543172","name":"Reda\u00e7\u00e3o","image":{"@type":"ImageObject","inLanguage":"pt-BR","@id":"https:\/\/secure.gravatar.com\/avatar\/1072c6b775fb02ef8506ce967551d95926669a6b7d2c2147b42eea4d7c68395e?s=96&d=mm&r=g","url":"https:\/\/secure.gravatar.com\/avatar\/1072c6b775fb02ef8506ce967551d95926669a6b7d2c2147b42eea4d7c68395e?s=96&d=mm&r=g","contentUrl":"https:\/\/secure.gravatar.com\/avatar\/1072c6b775fb02ef8506ce967551d95926669a6b7d2c2147b42eea4d7c68395e?s=96&d=mm&r=g","caption":"Reda\u00e7\u00e3o"},"sameAs":["https:\/\/transamerica93.com.br\/home"],"url":"https:\/\/transamerica93.com.br\/home\/author\/william\/"}]}},"_links":{"self":[{"href":"https:\/\/transamerica93.com.br\/home\/wp-json\/wp\/v2\/posts\/5047","targetHints":{"allow":["GET"]}}],"collection":[{"href":"https:\/\/transamerica93.com.br\/home\/wp-json\/wp\/v2\/posts"}],"about":[{"href":"https:\/\/transamerica93.com.br\/home\/wp-json\/wp\/v2\/types\/post"}],"author":[{"embeddable":true,"href":"https:\/\/transamerica93.com.br\/home\/wp-json\/wp\/v2\/users\/1"}],"replies":[{"embeddable":true,"href":"https:\/\/transamerica93.com.br\/home\/wp-json\/wp\/v2\/comments?post=5047"}],"version-history":[{"count":1,"href":"https:\/\/transamerica93.com.br\/home\/wp-json\/wp\/v2\/posts\/5047\/revisions"}],"predecessor-version":[{"id":5049,"href":"https:\/\/transamerica93.com.br\/home\/wp-json\/wp\/v2\/posts\/5047\/revisions\/5049"}],"wp:featuredmedia":[{"embeddable":true,"href":"https:\/\/transamerica93.com.br\/home\/wp-json\/wp\/v2\/media\/5048"}],"wp:attachment":[{"href":"https:\/\/transamerica93.com.br\/home\/wp-json\/wp\/v2\/media?parent=5047"}],"wp:term":[{"taxonomy":"category","embeddable":true,"href":"https:\/\/transamerica93.com.br\/home\/wp-json\/wp\/v2\/categories?post=5047"},{"taxonomy":"post_tag","embeddable":true,"href":"https:\/\/transamerica93.com.br\/home\/wp-json\/wp\/v2\/tags?post=5047"}],"curies":[{"name":"wp","href":"https:\/\/api.w.org\/{rel}","templated":true}]}}