{"id":5050,"date":"2025-04-03T15:00:05","date_gmt":"2025-04-03T18:00:05","guid":{"rendered":"https:\/\/transamerica93.com.br\/home\/?p=5050"},"modified":"2025-04-01T21:08:49","modified_gmt":"2025-04-02T00:08:49","slug":"leo-filho-de-marilia-mendonca-toca-musica-da-mae-em-aula-de-bateria","status":"publish","type":"post","link":"https:\/\/transamerica93.com.br\/home\/leo-filho-de-marilia-mendonca-toca-musica-da-mae-em-aula-de-bateria\/","title":{"rendered":"L\u00e9o, filho de Mar\u00edlia Mendon\u00e7a, toca m\u00fasica da m\u00e3e em aula de bateria"},"content":{"rendered":"<h6 class=\"Assina\">Por Daniel Vila Nova<\/h6>\n<p>Aos 5 anos, o filho de Mar\u00edlia Mendon\u00e7a parece ter herdado o talento musical dos pais. O garoto L\u00e9o, fruto do relacionamento entre a sertaneja e o cantor Murilo Huff, encantou os f\u00e3s da artista nesta quarta-feira, 26, ao tocar\u00a0<i>Como Faz Com Ela<\/i>, um dos muitos sucessos de Mar\u00edlia, durante uma aula de bateria.<\/p>\n<p>Em um v\u00eddeo publicado nos stories do Instagram de Jo\u00e3o Vicente, professor de bateria de L\u00e9o, \u00e9 poss\u00edvel ver o garoto praticando o instrumento ao lado do instrutor.<\/p>\n<p>&#8220;Grato, Murilo Huff, pela confian\u00e7a e credibilidade em poder instruir um garoto t\u00e3o talentoso quanto o L\u00e9o&#8221;, agradeceu o baterista.<\/p>\n<p>Nas redes sociais, f\u00e3s da cantora celebraram o talento musical de L\u00e9o e se emocionaram ao relembrar do legado da m\u00e3e. &#8220;O tanto que a Mar\u00edlia deve estar orgulhosa do L\u00e9o tocando a m\u00fasica dela&#8221;, escreveu um f\u00e3.<\/p>\n<p>O garoto \u00e9 o \u00fanico filho do casal. Em novembro de 2021, Mar\u00edlia morreu em um acidente de avi\u00e3o, no interior de Minas Gerais. Ela tinha 26 anos. \u00c0 \u00e9poca, L\u00e9o tinha dois anos. Atualmente, ele \u00e9 criado pelo pai e pela av\u00f3 Ruth, m\u00e3e da cantora.<\/p>\n","protected":false},"excerpt":{"rendered":"<p>Por Daniel Vila Nova Aos 5 anos, o filho de Mar\u00edlia Mendon\u00e7a parece ter herdado o talento musical dos pais. O garoto L\u00e9o, fruto do relacionamento entre a sertaneja e o cantor Murilo Huff, encantou os f\u00e3s da artista nesta quarta-feira, 26, ao tocar\u00a0Como Faz Com Ela, um dos muitos sucessos de Mar\u00edlia, durante uma &hellip;<\/p>\n","protected":false},"author":1,"featured_media":5051,"comment_status":"closed","ping_status":"closed","sticky":false,"template":"","format":"standard","meta":{"footnotes":""},"categories":[25],"tags":[],"class_list":["post-5050","post","type-post","status-publish","format-standard","has-post-thumbnail","hentry","category-musica"],"yoast_head":"<!-- This site is optimized with the Yoast SEO plugin v27.4 - https:\/\/yoast.com\/product\/yoast-seo-wordpress\/ -->\n<title>L\u00e9o, filho de Mar\u00edlia Mendon\u00e7a, toca m\u00fasica da m\u00e3e em aula de bateria - Transam\u00e9rica Mococa 93,3<\/title>\n<meta name=\"robots\" content=\"index, follow, max-snippet:-1, max-image-preview:large, max-video-preview:-1\" \/>\n<link rel=\"canonical\" href=\"https:\/\/transamerica93.com.br\/home\/leo-filho-de-marilia-mendonca-toca-musica-da-mae-em-aula-de-bateria\/\" \/>\n<meta property=\"og:locale\" content=\"pt_BR\" \/>\n<meta property=\"og:type\" content=\"article\" \/>\n<meta property=\"og:title\" content=\"L\u00e9o, filho de Mar\u00edlia Mendon\u00e7a, toca m\u00fasica da m\u00e3e em aula de bateria - Transam\u00e9rica Mococa 93,3\" \/>\n<meta property=\"og:description\" content=\"Por Daniel Vila Nova Aos 5 anos, o filho de Mar\u00edlia Mendon\u00e7a parece ter herdado o talento musical dos pais. O garoto L\u00e9o, fruto do relacionamento entre a sertaneja e o cantor Murilo Huff, encantou os f\u00e3s da artista nesta quarta-feira, 26, ao tocar\u00a0Como Faz Com Ela, um dos muitos sucessos de Mar\u00edlia, durante uma &hellip;\" \/>\n<meta property=\"og:url\" content=\"https:\/\/transamerica93.com.br\/home\/leo-filho-de-marilia-mendonca-toca-musica-da-mae-em-aula-de-bateria\/\" \/>\n<meta property=\"og:site_name\" content=\"Transam\u00e9rica Mococa 93,3\" \/>\n<meta property=\"article:publisher\" content=\"https:\/\/www.facebook.com\/transamericamococa\" \/>\n<meta property=\"article:published_time\" content=\"2025-04-03T18:00:05+00:00\" \/>\n<meta property=\"og:image\" content=\"https:\/\/transamerica93.com.br\/home\/wp-content\/uploads\/2025\/04\/leo-filho-de-marilia-mendonca-toca-musica-da-mae-em-aula-de-bateria.jpeg\" \/>\n\t<meta property=\"og:image:width\" content=\"888\" \/>\n\t<meta property=\"og:image:height\" content=\"603\" \/>\n\t<meta property=\"og:image:type\" content=\"image\/jpeg\" \/>\n<meta name=\"author\" content=\"Reda\u00e7\u00e3o\" \/>\n<meta name=\"twitter:card\" content=\"summary_large_image\" \/>\n<meta name=\"twitter:creator\" content=\"@transamerica933\" \/>\n<meta name=\"twitter:site\" content=\"@transamerica933\" \/>\n<meta name=\"twitter:label1\" content=\"Escrito por\" \/>\n\t<meta name=\"twitter:data1\" content=\"Reda\u00e7\u00e3o\" \/>\n\t<meta name=\"twitter:label2\" content=\"Est. tempo de leitura\" \/>\n\t<meta name=\"twitter:data2\" content=\"2 minutos\" \/>\n<script type=\"application\/ld+json\" class=\"yoast-schema-graph\">{\"@context\":\"https:\\\/\\\/schema.org\",\"@graph\":[{\"@type\":\"Article\",\"@id\":\"https:\\\/\\\/transamerica93.com.br\\\/home\\\/leo-filho-de-marilia-mendonca-toca-musica-da-mae-em-aula-de-bateria\\\/#article\",\"isPartOf\":{\"@id\":\"https:\\\/\\\/transamerica93.com.br\\\/home\\\/leo-filho-de-marilia-mendonca-toca-musica-da-mae-em-aula-de-bateria\\\/\"},\"author\":{\"name\":\"Reda\u00e7\u00e3o\",\"@id\":\"https:\\\/\\\/transamerica93.com.br\\\/home\\\/#\\\/schema\\\/person\\\/7fed7c99c0d4562efa8561bc0f543172\"},\"headline\":\"L\u00e9o, filho de Mar\u00edlia Mendon\u00e7a, toca m\u00fasica da m\u00e3e em aula de bateria\",\"datePublished\":\"2025-04-03T18:00:05+00:00\",\"mainEntityOfPage\":{\"@id\":\"https:\\\/\\\/transamerica93.com.br\\\/home\\\/leo-filho-de-marilia-mendonca-toca-musica-da-mae-em-aula-de-bateria\\\/\"},\"wordCount\":224,\"publisher\":{\"@id\":\"https:\\\/\\\/transamerica93.com.br\\\/home\\\/#organization\"},\"image\":{\"@id\":\"https:\\\/\\\/transamerica93.com.br\\\/home\\\/leo-filho-de-marilia-mendonca-toca-musica-da-mae-em-aula-de-bateria\\\/#primaryimage\"},\"thumbnailUrl\":\"https:\\\/\\\/transamerica93.com.br\\\/home\\\/wp-content\\\/uploads\\\/2025\\\/04\\\/leo-filho-de-marilia-mendonca-toca-musica-da-mae-em-aula-de-bateria.jpeg\",\"articleSection\":[\"M\u00fasica\"],\"inLanguage\":\"pt-BR\"},{\"@type\":\"WebPage\",\"@id\":\"https:\\\/\\\/transamerica93.com.br\\\/home\\\/leo-filho-de-marilia-mendonca-toca-musica-da-mae-em-aula-de-bateria\\\/\",\"url\":\"https:\\\/\\\/transamerica93.com.br\\\/home\\\/leo-filho-de-marilia-mendonca-toca-musica-da-mae-em-aula-de-bateria\\\/\",\"name\":\"L\u00e9o, filho de Mar\u00edlia Mendon\u00e7a, toca m\u00fasica da m\u00e3e em aula de bateria - Transam\u00e9rica Mococa 93,3\",\"isPartOf\":{\"@id\":\"https:\\\/\\\/transamerica93.com.br\\\/home\\\/#website\"},\"primaryImageOfPage\":{\"@id\":\"https:\\\/\\\/transamerica93.com.br\\\/home\\\/leo-filho-de-marilia-mendonca-toca-musica-da-mae-em-aula-de-bateria\\\/#primaryimage\"},\"image\":{\"@id\":\"https:\\\/\\\/transamerica93.com.br\\\/home\\\/leo-filho-de-marilia-mendonca-toca-musica-da-mae-em-aula-de-bateria\\\/#primaryimage\"},\"thumbnailUrl\":\"https:\\\/\\\/transamerica93.com.br\\\/home\\\/wp-content\\\/uploads\\\/2025\\\/04\\\/leo-filho-de-marilia-mendonca-toca-musica-da-mae-em-aula-de-bateria.jpeg\",\"datePublished\":\"2025-04-03T18:00:05+00:00\",\"breadcrumb\":{\"@id\":\"https:\\\/\\\/transamerica93.com.br\\\/home\\\/leo-filho-de-marilia-mendonca-toca-musica-da-mae-em-aula-de-bateria\\\/#breadcrumb\"},\"inLanguage\":\"pt-BR\",\"potentialAction\":[{\"@type\":\"ReadAction\",\"target\":[\"https:\\\/\\\/transamerica93.com.br\\\/home\\\/leo-filho-de-marilia-mendonca-toca-musica-da-mae-em-aula-de-bateria\\\/\"]}]},{\"@type\":\"ImageObject\",\"inLanguage\":\"pt-BR\",\"@id\":\"https:\\\/\\\/transamerica93.com.br\\\/home\\\/leo-filho-de-marilia-mendonca-toca-musica-da-mae-em-aula-de-bateria\\\/#primaryimage\",\"url\":\"https:\\\/\\\/transamerica93.com.br\\\/home\\\/wp-content\\\/uploads\\\/2025\\\/04\\\/leo-filho-de-marilia-mendonca-toca-musica-da-mae-em-aula-de-bateria.jpeg\",\"contentUrl\":\"https:\\\/\\\/transamerica93.com.br\\\/home\\\/wp-content\\\/uploads\\\/2025\\\/04\\\/leo-filho-de-marilia-mendonca-toca-musica-da-mae-em-aula-de-bateria.jpeg\",\"width\":888,\"height\":603},{\"@type\":\"BreadcrumbList\",\"@id\":\"https:\\\/\\\/transamerica93.com.br\\\/home\\\/leo-filho-de-marilia-mendonca-toca-musica-da-mae-em-aula-de-bateria\\\/#breadcrumb\",\"itemListElement\":[{\"@type\":\"ListItem\",\"position\":1,\"name\":\"In\u00edcio\",\"item\":\"https:\\\/\\\/transamerica93.com.br\\\/home\\\/\"},{\"@type\":\"ListItem\",\"position\":2,\"name\":\"L\u00e9o, filho de Mar\u00edlia Mendon\u00e7a, toca m\u00fasica da m\u00e3e em aula de bateria\"}]},{\"@type\":\"WebSite\",\"@id\":\"https:\\\/\\\/transamerica93.com.br\\\/home\\\/#website\",\"url\":\"https:\\\/\\\/transamerica93.com.br\\\/home\\\/\",\"name\":\"Transam\u00e9rica Mococa 93,3\",\"description\":\"\",\"publisher\":{\"@id\":\"https:\\\/\\\/transamerica93.com.br\\\/home\\\/#organization\"},\"potentialAction\":[{\"@type\":\"SearchAction\",\"target\":{\"@type\":\"EntryPoint\",\"urlTemplate\":\"https:\\\/\\\/transamerica93.com.br\\\/home\\\/?s={search_term_string}\"},\"query-input\":{\"@type\":\"PropertyValueSpecification\",\"valueRequired\":true,\"valueName\":\"search_term_string\"}}],\"inLanguage\":\"pt-BR\"},{\"@type\":\"Organization\",\"@id\":\"https:\\\/\\\/transamerica93.com.br\\\/home\\\/#organization\",\"name\":\"Transam\u00e9rica Mococa 93,3\",\"url\":\"https:\\\/\\\/transamerica93.com.br\\\/home\\\/\",\"logo\":{\"@type\":\"ImageObject\",\"inLanguage\":\"pt-BR\",\"@id\":\"https:\\\/\\\/transamerica93.com.br\\\/home\\\/#\\\/schema\\\/logo\\\/image\\\/\",\"url\":\"https:\\\/\\\/transamerica93.com.br\\\/home\\\/wp-content\\\/uploads\\\/2023\\\/10\\\/logo2.png\",\"contentUrl\":\"https:\\\/\\\/transamerica93.com.br\\\/home\\\/wp-content\\\/uploads\\\/2023\\\/10\\\/logo2.png\",\"width\":800,\"height\":500,\"caption\":\"Transam\u00e9rica Mococa 93,3\"},\"image\":{\"@id\":\"https:\\\/\\\/transamerica93.com.br\\\/home\\\/#\\\/schema\\\/logo\\\/image\\\/\"},\"sameAs\":[\"https:\\\/\\\/www.facebook.com\\\/transamericamococa\",\"https:\\\/\\\/x.com\\\/transamerica933\",\"https:\\\/\\\/www.instagram.com\\\/transamericamococa\"]},{\"@type\":\"Person\",\"@id\":\"https:\\\/\\\/transamerica93.com.br\\\/home\\\/#\\\/schema\\\/person\\\/7fed7c99c0d4562efa8561bc0f543172\",\"name\":\"Reda\u00e7\u00e3o\",\"image\":{\"@type\":\"ImageObject\",\"inLanguage\":\"pt-BR\",\"@id\":\"https:\\\/\\\/secure.gravatar.com\\\/avatar\\\/1072c6b775fb02ef8506ce967551d95926669a6b7d2c2147b42eea4d7c68395e?s=96&d=mm&r=g\",\"url\":\"https:\\\/\\\/secure.gravatar.com\\\/avatar\\\/1072c6b775fb02ef8506ce967551d95926669a6b7d2c2147b42eea4d7c68395e?s=96&d=mm&r=g\",\"contentUrl\":\"https:\\\/\\\/secure.gravatar.com\\\/avatar\\\/1072c6b775fb02ef8506ce967551d95926669a6b7d2c2147b42eea4d7c68395e?s=96&d=mm&r=g\",\"caption\":\"Reda\u00e7\u00e3o\"},\"sameAs\":[\"https:\\\/\\\/transamerica93.com.br\\\/home\"],\"url\":\"https:\\\/\\\/transamerica93.com.br\\\/home\\\/author\\\/william\\\/\"}]}<\/script>\n<!-- \/ Yoast SEO plugin. -->","yoast_head_json":{"title":"L\u00e9o, filho de Mar\u00edlia Mendon\u00e7a, toca m\u00fasica da m\u00e3e em aula de bateria - Transam\u00e9rica Mococa 93,3","robots":{"index":"index","follow":"follow","max-snippet":"max-snippet:-1","max-image-preview":"max-image-preview:large","max-video-preview":"max-video-preview:-1"},"canonical":"https:\/\/transamerica93.com.br\/home\/leo-filho-de-marilia-mendonca-toca-musica-da-mae-em-aula-de-bateria\/","og_locale":"pt_BR","og_type":"article","og_title":"L\u00e9o, filho de Mar\u00edlia Mendon\u00e7a, toca m\u00fasica da m\u00e3e em aula de bateria - Transam\u00e9rica Mococa 93,3","og_description":"Por Daniel Vila Nova Aos 5 anos, o filho de Mar\u00edlia Mendon\u00e7a parece ter herdado o talento musical dos pais. O garoto L\u00e9o, fruto do relacionamento entre a sertaneja e o cantor Murilo Huff, encantou os f\u00e3s da artista nesta quarta-feira, 26, ao tocar\u00a0Como Faz Com Ela, um dos muitos sucessos de Mar\u00edlia, durante uma &hellip;","og_url":"https:\/\/transamerica93.com.br\/home\/leo-filho-de-marilia-mendonca-toca-musica-da-mae-em-aula-de-bateria\/","og_site_name":"Transam\u00e9rica Mococa 93,3","article_publisher":"https:\/\/www.facebook.com\/transamericamococa","article_published_time":"2025-04-03T18:00:05+00:00","og_image":[{"width":888,"height":603,"url":"https:\/\/transamerica93.com.br\/home\/wp-content\/uploads\/2025\/04\/leo-filho-de-marilia-mendonca-toca-musica-da-mae-em-aula-de-bateria.jpeg","type":"image\/jpeg"}],"author":"Reda\u00e7\u00e3o","twitter_card":"summary_large_image","twitter_creator":"@transamerica933","twitter_site":"@transamerica933","twitter_misc":{"Escrito por":"Reda\u00e7\u00e3o","Est. tempo de leitura":"2 minutos"},"schema":{"@context":"https:\/\/schema.org","@graph":[{"@type":"Article","@id":"https:\/\/transamerica93.com.br\/home\/leo-filho-de-marilia-mendonca-toca-musica-da-mae-em-aula-de-bateria\/#article","isPartOf":{"@id":"https:\/\/transamerica93.com.br\/home\/leo-filho-de-marilia-mendonca-toca-musica-da-mae-em-aula-de-bateria\/"},"author":{"name":"Reda\u00e7\u00e3o","@id":"https:\/\/transamerica93.com.br\/home\/#\/schema\/person\/7fed7c99c0d4562efa8561bc0f543172"},"headline":"L\u00e9o, filho de Mar\u00edlia Mendon\u00e7a, toca m\u00fasica da m\u00e3e em aula de bateria","datePublished":"2025-04-03T18:00:05+00:00","mainEntityOfPage":{"@id":"https:\/\/transamerica93.com.br\/home\/leo-filho-de-marilia-mendonca-toca-musica-da-mae-em-aula-de-bateria\/"},"wordCount":224,"publisher":{"@id":"https:\/\/transamerica93.com.br\/home\/#organization"},"image":{"@id":"https:\/\/transamerica93.com.br\/home\/leo-filho-de-marilia-mendonca-toca-musica-da-mae-em-aula-de-bateria\/#primaryimage"},"thumbnailUrl":"https:\/\/transamerica93.com.br\/home\/wp-content\/uploads\/2025\/04\/leo-filho-de-marilia-mendonca-toca-musica-da-mae-em-aula-de-bateria.jpeg","articleSection":["M\u00fasica"],"inLanguage":"pt-BR"},{"@type":"WebPage","@id":"https:\/\/transamerica93.com.br\/home\/leo-filho-de-marilia-mendonca-toca-musica-da-mae-em-aula-de-bateria\/","url":"https:\/\/transamerica93.com.br\/home\/leo-filho-de-marilia-mendonca-toca-musica-da-mae-em-aula-de-bateria\/","name":"L\u00e9o, filho de Mar\u00edlia Mendon\u00e7a, toca m\u00fasica da m\u00e3e em aula de bateria - Transam\u00e9rica Mococa 93,3","isPartOf":{"@id":"https:\/\/transamerica93.com.br\/home\/#website"},"primaryImageOfPage":{"@id":"https:\/\/transamerica93.com.br\/home\/leo-filho-de-marilia-mendonca-toca-musica-da-mae-em-aula-de-bateria\/#primaryimage"},"image":{"@id":"https:\/\/transamerica93.com.br\/home\/leo-filho-de-marilia-mendonca-toca-musica-da-mae-em-aula-de-bateria\/#primaryimage"},"thumbnailUrl":"https:\/\/transamerica93.com.br\/home\/wp-content\/uploads\/2025\/04\/leo-filho-de-marilia-mendonca-toca-musica-da-mae-em-aula-de-bateria.jpeg","datePublished":"2025-04-03T18:00:05+00:00","breadcrumb":{"@id":"https:\/\/transamerica93.com.br\/home\/leo-filho-de-marilia-mendonca-toca-musica-da-mae-em-aula-de-bateria\/#breadcrumb"},"inLanguage":"pt-BR","potentialAction":[{"@type":"ReadAction","target":["https:\/\/transamerica93.com.br\/home\/leo-filho-de-marilia-mendonca-toca-musica-da-mae-em-aula-de-bateria\/"]}]},{"@type":"ImageObject","inLanguage":"pt-BR","@id":"https:\/\/transamerica93.com.br\/home\/leo-filho-de-marilia-mendonca-toca-musica-da-mae-em-aula-de-bateria\/#primaryimage","url":"https:\/\/transamerica93.com.br\/home\/wp-content\/uploads\/2025\/04\/leo-filho-de-marilia-mendonca-toca-musica-da-mae-em-aula-de-bateria.jpeg","contentUrl":"https:\/\/transamerica93.com.br\/home\/wp-content\/uploads\/2025\/04\/leo-filho-de-marilia-mendonca-toca-musica-da-mae-em-aula-de-bateria.jpeg","width":888,"height":603},{"@type":"BreadcrumbList","@id":"https:\/\/transamerica93.com.br\/home\/leo-filho-de-marilia-mendonca-toca-musica-da-mae-em-aula-de-bateria\/#breadcrumb","itemListElement":[{"@type":"ListItem","position":1,"name":"In\u00edcio","item":"https:\/\/transamerica93.com.br\/home\/"},{"@type":"ListItem","position":2,"name":"L\u00e9o, filho de Mar\u00edlia Mendon\u00e7a, toca m\u00fasica da m\u00e3e em aula de bateria"}]},{"@type":"WebSite","@id":"https:\/\/transamerica93.com.br\/home\/#website","url":"https:\/\/transamerica93.com.br\/home\/","name":"Transam\u00e9rica Mococa 93,3","description":"","publisher":{"@id":"https:\/\/transamerica93.com.br\/home\/#organization"},"potentialAction":[{"@type":"SearchAction","target":{"@type":"EntryPoint","urlTemplate":"https:\/\/transamerica93.com.br\/home\/?s={search_term_string}"},"query-input":{"@type":"PropertyValueSpecification","valueRequired":true,"valueName":"search_term_string"}}],"inLanguage":"pt-BR"},{"@type":"Organization","@id":"https:\/\/transamerica93.com.br\/home\/#organization","name":"Transam\u00e9rica Mococa 93,3","url":"https:\/\/transamerica93.com.br\/home\/","logo":{"@type":"ImageObject","inLanguage":"pt-BR","@id":"https:\/\/transamerica93.com.br\/home\/#\/schema\/logo\/image\/","url":"https:\/\/transamerica93.com.br\/home\/wp-content\/uploads\/2023\/10\/logo2.png","contentUrl":"https:\/\/transamerica93.com.br\/home\/wp-content\/uploads\/2023\/10\/logo2.png","width":800,"height":500,"caption":"Transam\u00e9rica Mococa 93,3"},"image":{"@id":"https:\/\/transamerica93.com.br\/home\/#\/schema\/logo\/image\/"},"sameAs":["https:\/\/www.facebook.com\/transamericamococa","https:\/\/x.com\/transamerica933","https:\/\/www.instagram.com\/transamericamococa"]},{"@type":"Person","@id":"https:\/\/transamerica93.com.br\/home\/#\/schema\/person\/7fed7c99c0d4562efa8561bc0f543172","name":"Reda\u00e7\u00e3o","image":{"@type":"ImageObject","inLanguage":"pt-BR","@id":"https:\/\/secure.gravatar.com\/avatar\/1072c6b775fb02ef8506ce967551d95926669a6b7d2c2147b42eea4d7c68395e?s=96&d=mm&r=g","url":"https:\/\/secure.gravatar.com\/avatar\/1072c6b775fb02ef8506ce967551d95926669a6b7d2c2147b42eea4d7c68395e?s=96&d=mm&r=g","contentUrl":"https:\/\/secure.gravatar.com\/avatar\/1072c6b775fb02ef8506ce967551d95926669a6b7d2c2147b42eea4d7c68395e?s=96&d=mm&r=g","caption":"Reda\u00e7\u00e3o"},"sameAs":["https:\/\/transamerica93.com.br\/home"],"url":"https:\/\/transamerica93.com.br\/home\/author\/william\/"}]}},"_links":{"self":[{"href":"https:\/\/transamerica93.com.br\/home\/wp-json\/wp\/v2\/posts\/5050","targetHints":{"allow":["GET"]}}],"collection":[{"href":"https:\/\/transamerica93.com.br\/home\/wp-json\/wp\/v2\/posts"}],"about":[{"href":"https:\/\/transamerica93.com.br\/home\/wp-json\/wp\/v2\/types\/post"}],"author":[{"embeddable":true,"href":"https:\/\/transamerica93.com.br\/home\/wp-json\/wp\/v2\/users\/1"}],"replies":[{"embeddable":true,"href":"https:\/\/transamerica93.com.br\/home\/wp-json\/wp\/v2\/comments?post=5050"}],"version-history":[{"count":1,"href":"https:\/\/transamerica93.com.br\/home\/wp-json\/wp\/v2\/posts\/5050\/revisions"}],"predecessor-version":[{"id":5052,"href":"https:\/\/transamerica93.com.br\/home\/wp-json\/wp\/v2\/posts\/5050\/revisions\/5052"}],"wp:featuredmedia":[{"embeddable":true,"href":"https:\/\/transamerica93.com.br\/home\/wp-json\/wp\/v2\/media\/5051"}],"wp:attachment":[{"href":"https:\/\/transamerica93.com.br\/home\/wp-json\/wp\/v2\/media?parent=5050"}],"wp:term":[{"taxonomy":"category","embeddable":true,"href":"https:\/\/transamerica93.com.br\/home\/wp-json\/wp\/v2\/categories?post=5050"},{"taxonomy":"post_tag","embeddable":true,"href":"https:\/\/transamerica93.com.br\/home\/wp-json\/wp\/v2\/tags?post=5050"}],"curies":[{"name":"wp","href":"https:\/\/api.w.org\/{rel}","templated":true}]}}