{"id":5053,"date":"2025-04-04T15:00:37","date_gmt":"2025-04-04T18:00:37","guid":{"rendered":"https:\/\/transamerica93.com.br\/home\/?p=5053"},"modified":"2025-04-01T21:08:40","modified_gmt":"2025-04-02T00:08:40","slug":"dua-lipa-anuncia-shows-no-brasil-veja-locais-datas-e-valores","status":"publish","type":"post","link":"https:\/\/transamerica93.com.br\/home\/dua-lipa-anuncia-shows-no-brasil-veja-locais-datas-e-valores\/","title":{"rendered":"Dua Lipa anuncia shows no Brasil; veja locais, datas e valores"},"content":{"rendered":"<h6 class=\"Assina\">Por Daniel Vila Nova<\/h6>\n<p>A cantora Dua Lipa anunciou, que retornar\u00e1 ao Brasil em 2025 com sua turn\u00ea <i>Radical Optimism Tour<\/i>. A artista, que marcou presen\u00e7a no Rock in Rio em 2022, se apresentar\u00e1 em S\u00e3o Paulo, no dia 15 de novembro, e no Rio de Janeiro, em 22 de novembro.<\/p>\n<p>O primeiro concerto ser\u00e1 na Est\u00e1dio Morumbis, na capital paulista, e o segundo no Est\u00e1dio Nilton Santos, na capital fluminense. A venda geral de ingressos tem in\u00edcio no pr\u00f3ximo dia 10, \u00e0s 10h, no site da Ticketmaster.<\/p>\n<p>\u00c9, no entanto, poss\u00edvel conseguir os ingressos antes. Uma pr\u00e9-venda do artista ser\u00e1 realizada no dia 7, \u00e0s 10h, tamb\u00e9m no site da Ticketmaster. Para participar dessa modalidade, \u00e9 necess\u00e1rio se cadastrar no site da Dua Lipa.<\/p>\n<p>Uma nova pr\u00e9-venda ocorre no dia 8, \u00e0s 10h, no site da Ticketmaster. Para participar dessa modalidade, \u00e9 necess\u00e1rio ter um cart\u00e3o Visa. Os valores dos ingressos variam entre R$ 230 e R$ 940.<\/p>\n<p><b>Dua Lipa em S\u00e3o Paulo<\/b><\/p>\n<p>Data: 15\/11\/2025 (S\u00e1bado)<\/p>\n<p>Abertura dos Port\u00f5es: 16h<\/p>\n<p>Hor\u00e1rio do Show: 21h<\/p>\n<p>Local: Est\u00e1dio do Morumbis<\/p>\n<p>Endere\u00e7o: Pra\u00e7a Roberto Gomes Pedrosa, 1 &#8211; Morumbi, S\u00e3o Paulo &#8211; SP, 05653-070<\/p>\n<p>Classifica\u00e7\u00e3o: 16 anos. Menores de 05 a 15 anos, apenas acompanhados dos pais ou respons\u00e1veis legais. *Sujeito a altera\u00e7\u00e3o por Decis\u00e3o Judicial<\/p>\n<p>Pre\u00e7os: Pista Premium A\/B &#8211; R$ 890 (inteira), R$ 445 (meia-entrada); Pista &#8211; R$ 590 (inteira), R$ 295 (meia-entrada); Cadeira Inferior &#8211; R$ 720 (inteira), R$ 360 (meia-entrada); Cadeira Superior &#8211; R$ 780 (inteira), R$ 390 (meia-entrada); Arquibancada &#8211; R$ 460 (inteira), R$ 230 (meia-entrada)<\/p>\n<p><b>Dua Lipa no Rio de Janeiro<\/b><\/p>\n<p>Data: 22\/11\/2025 (S\u00e1bado)<\/p>\n<p>Abertura dos Port\u00f5es: 16h<\/p>\n<p>Hor\u00e1rio do Show: 21h<\/p>\n<p>Local: Est\u00e1dio Nilton Santos<\/p>\n<p>Endere\u00e7o: R. Jos\u00e9 dos Reis, 425 &#8211; Engenho de Dentro, Rio de Janeiro &#8211; RJ, 20770-001<\/p>\n<p>Classifica\u00e7\u00e3o: 16 anos. Menores de 05 a 15 anos, apenas acompanhados dos pais ou respons\u00e1veis legais. *Sujeito a altera\u00e7\u00e3o por Decis\u00e3o Judicial<\/p>\n<p>Pre\u00e7os: Pista Premium A\/B &#8211; R$ 940 (inteira), R$ 470 (meia-entrada); Pista &#8211; R$ 590 (inteira), R$ 295 (meia-entrada); Cadeira Sul &#8211; R$ 640 (inteira), R$ 320 (meia-entrada); Cadeira Inferior Leste e Oeste &#8211; R$ 780 (inteira), R$ 390 (meia-entrada); Cadeira Superior Leste e Oeste A e B &#8211; R$ 460 (inteira) | R$ 230 (meia-entrada)<\/p>\n","protected":false},"excerpt":{"rendered":"<p>Por Daniel Vila Nova A cantora Dua Lipa anunciou, que retornar\u00e1 ao Brasil em 2025 com sua turn\u00ea Radical Optimism Tour. A artista, que marcou presen\u00e7a no Rock in Rio em 2022, se apresentar\u00e1 em S\u00e3o Paulo, no dia 15 de novembro, e no Rio de Janeiro, em 22 de novembro. O primeiro concerto ser\u00e1 &hellip;<\/p>\n","protected":false},"author":1,"featured_media":5054,"comment_status":"closed","ping_status":"closed","sticky":false,"template":"","format":"standard","meta":{"footnotes":""},"categories":[25],"tags":[],"class_list":["post-5053","post","type-post","status-publish","format-standard","has-post-thumbnail","hentry","category-musica"],"yoast_head":"<!-- This site is optimized with the Yoast SEO plugin v27.4 - https:\/\/yoast.com\/product\/yoast-seo-wordpress\/ -->\n<title>Dua Lipa anuncia shows no Brasil; veja locais, datas e valores - Transam\u00e9rica Mococa 93,3<\/title>\n<meta name=\"robots\" content=\"index, follow, max-snippet:-1, max-image-preview:large, max-video-preview:-1\" \/>\n<link rel=\"canonical\" href=\"https:\/\/transamerica93.com.br\/home\/dua-lipa-anuncia-shows-no-brasil-veja-locais-datas-e-valores\/\" \/>\n<meta property=\"og:locale\" content=\"pt_BR\" \/>\n<meta property=\"og:type\" content=\"article\" \/>\n<meta property=\"og:title\" content=\"Dua Lipa anuncia shows no Brasil; veja locais, datas e valores - Transam\u00e9rica Mococa 93,3\" \/>\n<meta property=\"og:description\" content=\"Por Daniel Vila Nova A cantora Dua Lipa anunciou, que retornar\u00e1 ao Brasil em 2025 com sua turn\u00ea Radical Optimism Tour. A artista, que marcou presen\u00e7a no Rock in Rio em 2022, se apresentar\u00e1 em S\u00e3o Paulo, no dia 15 de novembro, e no Rio de Janeiro, em 22 de novembro. O primeiro concerto ser\u00e1 &hellip;\" \/>\n<meta property=\"og:url\" content=\"https:\/\/transamerica93.com.br\/home\/dua-lipa-anuncia-shows-no-brasil-veja-locais-datas-e-valores\/\" \/>\n<meta property=\"og:site_name\" content=\"Transam\u00e9rica Mococa 93,3\" \/>\n<meta property=\"article:publisher\" content=\"https:\/\/www.facebook.com\/transamericamococa\" \/>\n<meta property=\"article:published_time\" content=\"2025-04-04T18:00:37+00:00\" \/>\n<meta property=\"og:image\" content=\"https:\/\/transamerica93.com.br\/home\/wp-content\/uploads\/2025\/04\/dua-lipa-anuncia-shows-no-brasil-1024x576-1.jpeg\" \/>\n\t<meta property=\"og:image:width\" content=\"1024\" \/>\n\t<meta property=\"og:image:height\" content=\"576\" \/>\n\t<meta property=\"og:image:type\" content=\"image\/jpeg\" \/>\n<meta name=\"author\" content=\"Reda\u00e7\u00e3o\" \/>\n<meta name=\"twitter:card\" content=\"summary_large_image\" \/>\n<meta name=\"twitter:creator\" content=\"@transamerica933\" \/>\n<meta name=\"twitter:site\" content=\"@transamerica933\" \/>\n<meta name=\"twitter:label1\" content=\"Escrito por\" \/>\n\t<meta name=\"twitter:data1\" content=\"Reda\u00e7\u00e3o\" \/>\n\t<meta name=\"twitter:label2\" content=\"Est. tempo de leitura\" \/>\n\t<meta name=\"twitter:data2\" content=\"2 minutos\" \/>\n<script type=\"application\/ld+json\" class=\"yoast-schema-graph\">{\"@context\":\"https:\\\/\\\/schema.org\",\"@graph\":[{\"@type\":\"Article\",\"@id\":\"https:\\\/\\\/transamerica93.com.br\\\/home\\\/dua-lipa-anuncia-shows-no-brasil-veja-locais-datas-e-valores\\\/#article\",\"isPartOf\":{\"@id\":\"https:\\\/\\\/transamerica93.com.br\\\/home\\\/dua-lipa-anuncia-shows-no-brasil-veja-locais-datas-e-valores\\\/\"},\"author\":{\"name\":\"Reda\u00e7\u00e3o\",\"@id\":\"https:\\\/\\\/transamerica93.com.br\\\/home\\\/#\\\/schema\\\/person\\\/7fed7c99c0d4562efa8561bc0f543172\"},\"headline\":\"Dua Lipa anuncia shows no Brasil; veja locais, datas e valores\",\"datePublished\":\"2025-04-04T18:00:37+00:00\",\"mainEntityOfPage\":{\"@id\":\"https:\\\/\\\/transamerica93.com.br\\\/home\\\/dua-lipa-anuncia-shows-no-brasil-veja-locais-datas-e-valores\\\/\"},\"wordCount\":380,\"publisher\":{\"@id\":\"https:\\\/\\\/transamerica93.com.br\\\/home\\\/#organization\"},\"image\":{\"@id\":\"https:\\\/\\\/transamerica93.com.br\\\/home\\\/dua-lipa-anuncia-shows-no-brasil-veja-locais-datas-e-valores\\\/#primaryimage\"},\"thumbnailUrl\":\"https:\\\/\\\/transamerica93.com.br\\\/home\\\/wp-content\\\/uploads\\\/2025\\\/04\\\/dua-lipa-anuncia-shows-no-brasil-1024x576-1.jpeg\",\"articleSection\":[\"M\u00fasica\"],\"inLanguage\":\"pt-BR\"},{\"@type\":\"WebPage\",\"@id\":\"https:\\\/\\\/transamerica93.com.br\\\/home\\\/dua-lipa-anuncia-shows-no-brasil-veja-locais-datas-e-valores\\\/\",\"url\":\"https:\\\/\\\/transamerica93.com.br\\\/home\\\/dua-lipa-anuncia-shows-no-brasil-veja-locais-datas-e-valores\\\/\",\"name\":\"Dua Lipa anuncia shows no Brasil; veja locais, datas e valores - Transam\u00e9rica Mococa 93,3\",\"isPartOf\":{\"@id\":\"https:\\\/\\\/transamerica93.com.br\\\/home\\\/#website\"},\"primaryImageOfPage\":{\"@id\":\"https:\\\/\\\/transamerica93.com.br\\\/home\\\/dua-lipa-anuncia-shows-no-brasil-veja-locais-datas-e-valores\\\/#primaryimage\"},\"image\":{\"@id\":\"https:\\\/\\\/transamerica93.com.br\\\/home\\\/dua-lipa-anuncia-shows-no-brasil-veja-locais-datas-e-valores\\\/#primaryimage\"},\"thumbnailUrl\":\"https:\\\/\\\/transamerica93.com.br\\\/home\\\/wp-content\\\/uploads\\\/2025\\\/04\\\/dua-lipa-anuncia-shows-no-brasil-1024x576-1.jpeg\",\"datePublished\":\"2025-04-04T18:00:37+00:00\",\"breadcrumb\":{\"@id\":\"https:\\\/\\\/transamerica93.com.br\\\/home\\\/dua-lipa-anuncia-shows-no-brasil-veja-locais-datas-e-valores\\\/#breadcrumb\"},\"inLanguage\":\"pt-BR\",\"potentialAction\":[{\"@type\":\"ReadAction\",\"target\":[\"https:\\\/\\\/transamerica93.com.br\\\/home\\\/dua-lipa-anuncia-shows-no-brasil-veja-locais-datas-e-valores\\\/\"]}]},{\"@type\":\"ImageObject\",\"inLanguage\":\"pt-BR\",\"@id\":\"https:\\\/\\\/transamerica93.com.br\\\/home\\\/dua-lipa-anuncia-shows-no-brasil-veja-locais-datas-e-valores\\\/#primaryimage\",\"url\":\"https:\\\/\\\/transamerica93.com.br\\\/home\\\/wp-content\\\/uploads\\\/2025\\\/04\\\/dua-lipa-anuncia-shows-no-brasil-1024x576-1.jpeg\",\"contentUrl\":\"https:\\\/\\\/transamerica93.com.br\\\/home\\\/wp-content\\\/uploads\\\/2025\\\/04\\\/dua-lipa-anuncia-shows-no-brasil-1024x576-1.jpeg\",\"width\":1024,\"height\":576},{\"@type\":\"BreadcrumbList\",\"@id\":\"https:\\\/\\\/transamerica93.com.br\\\/home\\\/dua-lipa-anuncia-shows-no-brasil-veja-locais-datas-e-valores\\\/#breadcrumb\",\"itemListElement\":[{\"@type\":\"ListItem\",\"position\":1,\"name\":\"In\u00edcio\",\"item\":\"https:\\\/\\\/transamerica93.com.br\\\/home\\\/\"},{\"@type\":\"ListItem\",\"position\":2,\"name\":\"Dua Lipa anuncia shows no Brasil; veja locais, datas e valores\"}]},{\"@type\":\"WebSite\",\"@id\":\"https:\\\/\\\/transamerica93.com.br\\\/home\\\/#website\",\"url\":\"https:\\\/\\\/transamerica93.com.br\\\/home\\\/\",\"name\":\"Transam\u00e9rica Mococa 93,3\",\"description\":\"\",\"publisher\":{\"@id\":\"https:\\\/\\\/transamerica93.com.br\\\/home\\\/#organization\"},\"potentialAction\":[{\"@type\":\"SearchAction\",\"target\":{\"@type\":\"EntryPoint\",\"urlTemplate\":\"https:\\\/\\\/transamerica93.com.br\\\/home\\\/?s={search_term_string}\"},\"query-input\":{\"@type\":\"PropertyValueSpecification\",\"valueRequired\":true,\"valueName\":\"search_term_string\"}}],\"inLanguage\":\"pt-BR\"},{\"@type\":\"Organization\",\"@id\":\"https:\\\/\\\/transamerica93.com.br\\\/home\\\/#organization\",\"name\":\"Transam\u00e9rica Mococa 93,3\",\"url\":\"https:\\\/\\\/transamerica93.com.br\\\/home\\\/\",\"logo\":{\"@type\":\"ImageObject\",\"inLanguage\":\"pt-BR\",\"@id\":\"https:\\\/\\\/transamerica93.com.br\\\/home\\\/#\\\/schema\\\/logo\\\/image\\\/\",\"url\":\"https:\\\/\\\/transamerica93.com.br\\\/home\\\/wp-content\\\/uploads\\\/2023\\\/10\\\/logo2.png\",\"contentUrl\":\"https:\\\/\\\/transamerica93.com.br\\\/home\\\/wp-content\\\/uploads\\\/2023\\\/10\\\/logo2.png\",\"width\":800,\"height\":500,\"caption\":\"Transam\u00e9rica Mococa 93,3\"},\"image\":{\"@id\":\"https:\\\/\\\/transamerica93.com.br\\\/home\\\/#\\\/schema\\\/logo\\\/image\\\/\"},\"sameAs\":[\"https:\\\/\\\/www.facebook.com\\\/transamericamococa\",\"https:\\\/\\\/x.com\\\/transamerica933\",\"https:\\\/\\\/www.instagram.com\\\/transamericamococa\"]},{\"@type\":\"Person\",\"@id\":\"https:\\\/\\\/transamerica93.com.br\\\/home\\\/#\\\/schema\\\/person\\\/7fed7c99c0d4562efa8561bc0f543172\",\"name\":\"Reda\u00e7\u00e3o\",\"image\":{\"@type\":\"ImageObject\",\"inLanguage\":\"pt-BR\",\"@id\":\"https:\\\/\\\/secure.gravatar.com\\\/avatar\\\/1072c6b775fb02ef8506ce967551d95926669a6b7d2c2147b42eea4d7c68395e?s=96&d=mm&r=g\",\"url\":\"https:\\\/\\\/secure.gravatar.com\\\/avatar\\\/1072c6b775fb02ef8506ce967551d95926669a6b7d2c2147b42eea4d7c68395e?s=96&d=mm&r=g\",\"contentUrl\":\"https:\\\/\\\/secure.gravatar.com\\\/avatar\\\/1072c6b775fb02ef8506ce967551d95926669a6b7d2c2147b42eea4d7c68395e?s=96&d=mm&r=g\",\"caption\":\"Reda\u00e7\u00e3o\"},\"sameAs\":[\"https:\\\/\\\/transamerica93.com.br\\\/home\"],\"url\":\"https:\\\/\\\/transamerica93.com.br\\\/home\\\/author\\\/william\\\/\"}]}<\/script>\n<!-- \/ Yoast SEO plugin. -->","yoast_head_json":{"title":"Dua Lipa anuncia shows no Brasil; veja locais, datas e valores - Transam\u00e9rica Mococa 93,3","robots":{"index":"index","follow":"follow","max-snippet":"max-snippet:-1","max-image-preview":"max-image-preview:large","max-video-preview":"max-video-preview:-1"},"canonical":"https:\/\/transamerica93.com.br\/home\/dua-lipa-anuncia-shows-no-brasil-veja-locais-datas-e-valores\/","og_locale":"pt_BR","og_type":"article","og_title":"Dua Lipa anuncia shows no Brasil; veja locais, datas e valores - Transam\u00e9rica Mococa 93,3","og_description":"Por Daniel Vila Nova A cantora Dua Lipa anunciou, que retornar\u00e1 ao Brasil em 2025 com sua turn\u00ea Radical Optimism Tour. A artista, que marcou presen\u00e7a no Rock in Rio em 2022, se apresentar\u00e1 em S\u00e3o Paulo, no dia 15 de novembro, e no Rio de Janeiro, em 22 de novembro. O primeiro concerto ser\u00e1 &hellip;","og_url":"https:\/\/transamerica93.com.br\/home\/dua-lipa-anuncia-shows-no-brasil-veja-locais-datas-e-valores\/","og_site_name":"Transam\u00e9rica Mococa 93,3","article_publisher":"https:\/\/www.facebook.com\/transamericamococa","article_published_time":"2025-04-04T18:00:37+00:00","og_image":[{"width":1024,"height":576,"url":"https:\/\/transamerica93.com.br\/home\/wp-content\/uploads\/2025\/04\/dua-lipa-anuncia-shows-no-brasil-1024x576-1.jpeg","type":"image\/jpeg"}],"author":"Reda\u00e7\u00e3o","twitter_card":"summary_large_image","twitter_creator":"@transamerica933","twitter_site":"@transamerica933","twitter_misc":{"Escrito por":"Reda\u00e7\u00e3o","Est. tempo de leitura":"2 minutos"},"schema":{"@context":"https:\/\/schema.org","@graph":[{"@type":"Article","@id":"https:\/\/transamerica93.com.br\/home\/dua-lipa-anuncia-shows-no-brasil-veja-locais-datas-e-valores\/#article","isPartOf":{"@id":"https:\/\/transamerica93.com.br\/home\/dua-lipa-anuncia-shows-no-brasil-veja-locais-datas-e-valores\/"},"author":{"name":"Reda\u00e7\u00e3o","@id":"https:\/\/transamerica93.com.br\/home\/#\/schema\/person\/7fed7c99c0d4562efa8561bc0f543172"},"headline":"Dua Lipa anuncia shows no Brasil; veja locais, datas e valores","datePublished":"2025-04-04T18:00:37+00:00","mainEntityOfPage":{"@id":"https:\/\/transamerica93.com.br\/home\/dua-lipa-anuncia-shows-no-brasil-veja-locais-datas-e-valores\/"},"wordCount":380,"publisher":{"@id":"https:\/\/transamerica93.com.br\/home\/#organization"},"image":{"@id":"https:\/\/transamerica93.com.br\/home\/dua-lipa-anuncia-shows-no-brasil-veja-locais-datas-e-valores\/#primaryimage"},"thumbnailUrl":"https:\/\/transamerica93.com.br\/home\/wp-content\/uploads\/2025\/04\/dua-lipa-anuncia-shows-no-brasil-1024x576-1.jpeg","articleSection":["M\u00fasica"],"inLanguage":"pt-BR"},{"@type":"WebPage","@id":"https:\/\/transamerica93.com.br\/home\/dua-lipa-anuncia-shows-no-brasil-veja-locais-datas-e-valores\/","url":"https:\/\/transamerica93.com.br\/home\/dua-lipa-anuncia-shows-no-brasil-veja-locais-datas-e-valores\/","name":"Dua Lipa anuncia shows no Brasil; veja locais, datas e valores - Transam\u00e9rica Mococa 93,3","isPartOf":{"@id":"https:\/\/transamerica93.com.br\/home\/#website"},"primaryImageOfPage":{"@id":"https:\/\/transamerica93.com.br\/home\/dua-lipa-anuncia-shows-no-brasil-veja-locais-datas-e-valores\/#primaryimage"},"image":{"@id":"https:\/\/transamerica93.com.br\/home\/dua-lipa-anuncia-shows-no-brasil-veja-locais-datas-e-valores\/#primaryimage"},"thumbnailUrl":"https:\/\/transamerica93.com.br\/home\/wp-content\/uploads\/2025\/04\/dua-lipa-anuncia-shows-no-brasil-1024x576-1.jpeg","datePublished":"2025-04-04T18:00:37+00:00","breadcrumb":{"@id":"https:\/\/transamerica93.com.br\/home\/dua-lipa-anuncia-shows-no-brasil-veja-locais-datas-e-valores\/#breadcrumb"},"inLanguage":"pt-BR","potentialAction":[{"@type":"ReadAction","target":["https:\/\/transamerica93.com.br\/home\/dua-lipa-anuncia-shows-no-brasil-veja-locais-datas-e-valores\/"]}]},{"@type":"ImageObject","inLanguage":"pt-BR","@id":"https:\/\/transamerica93.com.br\/home\/dua-lipa-anuncia-shows-no-brasil-veja-locais-datas-e-valores\/#primaryimage","url":"https:\/\/transamerica93.com.br\/home\/wp-content\/uploads\/2025\/04\/dua-lipa-anuncia-shows-no-brasil-1024x576-1.jpeg","contentUrl":"https:\/\/transamerica93.com.br\/home\/wp-content\/uploads\/2025\/04\/dua-lipa-anuncia-shows-no-brasil-1024x576-1.jpeg","width":1024,"height":576},{"@type":"BreadcrumbList","@id":"https:\/\/transamerica93.com.br\/home\/dua-lipa-anuncia-shows-no-brasil-veja-locais-datas-e-valores\/#breadcrumb","itemListElement":[{"@type":"ListItem","position":1,"name":"In\u00edcio","item":"https:\/\/transamerica93.com.br\/home\/"},{"@type":"ListItem","position":2,"name":"Dua Lipa anuncia shows no Brasil; veja locais, datas e valores"}]},{"@type":"WebSite","@id":"https:\/\/transamerica93.com.br\/home\/#website","url":"https:\/\/transamerica93.com.br\/home\/","name":"Transam\u00e9rica Mococa 93,3","description":"","publisher":{"@id":"https:\/\/transamerica93.com.br\/home\/#organization"},"potentialAction":[{"@type":"SearchAction","target":{"@type":"EntryPoint","urlTemplate":"https:\/\/transamerica93.com.br\/home\/?s={search_term_string}"},"query-input":{"@type":"PropertyValueSpecification","valueRequired":true,"valueName":"search_term_string"}}],"inLanguage":"pt-BR"},{"@type":"Organization","@id":"https:\/\/transamerica93.com.br\/home\/#organization","name":"Transam\u00e9rica Mococa 93,3","url":"https:\/\/transamerica93.com.br\/home\/","logo":{"@type":"ImageObject","inLanguage":"pt-BR","@id":"https:\/\/transamerica93.com.br\/home\/#\/schema\/logo\/image\/","url":"https:\/\/transamerica93.com.br\/home\/wp-content\/uploads\/2023\/10\/logo2.png","contentUrl":"https:\/\/transamerica93.com.br\/home\/wp-content\/uploads\/2023\/10\/logo2.png","width":800,"height":500,"caption":"Transam\u00e9rica Mococa 93,3"},"image":{"@id":"https:\/\/transamerica93.com.br\/home\/#\/schema\/logo\/image\/"},"sameAs":["https:\/\/www.facebook.com\/transamericamococa","https:\/\/x.com\/transamerica933","https:\/\/www.instagram.com\/transamericamococa"]},{"@type":"Person","@id":"https:\/\/transamerica93.com.br\/home\/#\/schema\/person\/7fed7c99c0d4562efa8561bc0f543172","name":"Reda\u00e7\u00e3o","image":{"@type":"ImageObject","inLanguage":"pt-BR","@id":"https:\/\/secure.gravatar.com\/avatar\/1072c6b775fb02ef8506ce967551d95926669a6b7d2c2147b42eea4d7c68395e?s=96&d=mm&r=g","url":"https:\/\/secure.gravatar.com\/avatar\/1072c6b775fb02ef8506ce967551d95926669a6b7d2c2147b42eea4d7c68395e?s=96&d=mm&r=g","contentUrl":"https:\/\/secure.gravatar.com\/avatar\/1072c6b775fb02ef8506ce967551d95926669a6b7d2c2147b42eea4d7c68395e?s=96&d=mm&r=g","caption":"Reda\u00e7\u00e3o"},"sameAs":["https:\/\/transamerica93.com.br\/home"],"url":"https:\/\/transamerica93.com.br\/home\/author\/william\/"}]}},"_links":{"self":[{"href":"https:\/\/transamerica93.com.br\/home\/wp-json\/wp\/v2\/posts\/5053","targetHints":{"allow":["GET"]}}],"collection":[{"href":"https:\/\/transamerica93.com.br\/home\/wp-json\/wp\/v2\/posts"}],"about":[{"href":"https:\/\/transamerica93.com.br\/home\/wp-json\/wp\/v2\/types\/post"}],"author":[{"embeddable":true,"href":"https:\/\/transamerica93.com.br\/home\/wp-json\/wp\/v2\/users\/1"}],"replies":[{"embeddable":true,"href":"https:\/\/transamerica93.com.br\/home\/wp-json\/wp\/v2\/comments?post=5053"}],"version-history":[{"count":1,"href":"https:\/\/transamerica93.com.br\/home\/wp-json\/wp\/v2\/posts\/5053\/revisions"}],"predecessor-version":[{"id":5055,"href":"https:\/\/transamerica93.com.br\/home\/wp-json\/wp\/v2\/posts\/5053\/revisions\/5055"}],"wp:featuredmedia":[{"embeddable":true,"href":"https:\/\/transamerica93.com.br\/home\/wp-json\/wp\/v2\/media\/5054"}],"wp:attachment":[{"href":"https:\/\/transamerica93.com.br\/home\/wp-json\/wp\/v2\/media?parent=5053"}],"wp:term":[{"taxonomy":"category","embeddable":true,"href":"https:\/\/transamerica93.com.br\/home\/wp-json\/wp\/v2\/categories?post=5053"},{"taxonomy":"post_tag","embeddable":true,"href":"https:\/\/transamerica93.com.br\/home\/wp-json\/wp\/v2\/tags?post=5053"}],"curies":[{"name":"wp","href":"https:\/\/api.w.org\/{rel}","templated":true}]}}