{"id":5056,"date":"2025-04-02T12:00:46","date_gmt":"2025-04-02T15:00:46","guid":{"rendered":"https:\/\/transamerica93.com.br\/home\/?p=5056"},"modified":"2025-04-01T21:11:19","modified_gmt":"2025-04-02T00:11:19","slug":"apos-caso-de-racismo-stjd-pune-inter-com-perda-de-3-mandos-de-jogos","status":"publish","type":"post","link":"https:\/\/transamerica93.com.br\/home\/apos-caso-de-racismo-stjd-pune-inter-com-perda-de-3-mandos-de-jogos\/","title":{"rendered":"Ap\u00f3s caso de racismo, STJD pune Inter com perda de 3 mandos de jogos"},"content":{"rendered":"<div class=\"conteudo-noticia\">\n<p>O time feminino do Internacional jogar\u00e1 com port\u00f5es fechados nos pr\u00f3ximos tr\u00eas jogos,\u00a0<a href=\"https:\/\/www.stjd.org.br\/noticias\/presidente-aplica-portoes-fechados-ao-internacional\"><strong>determinou o presidente do Superior Tribunal de Justi\u00e7a Desportiva,<\/strong><\/a>\u00a0Lu\u00eds Ot\u00e1vio Ver\u00edssimo Teixeira, na tarde desta ter\u00e7a-feira (1\u00ba), acatando pedido feito pela manh\u00e3 pela Procuradoria-Geral da entidade. A decis\u00e3o ocorre menos de 24h ap\u00f3s uma banana ter sido arremessada em dire\u00e7\u00e3o ao banco de reservas do Sport, durante o jogo contra o Internacional pela terceira rodada S\u00e9rie A1 (primeira divis\u00e3o) do Campeonato Brasileiro Feminino, em Porto Alegre.<img decoding=\"async\" data-src=\"https:\/\/agenciabrasil.ebc.com.br\/ebc.png?id=1637057&amp;o=node\" src=\"data:image\/svg+xml;base64,PHN2ZyB3aWR0aD0iMSIgaGVpZ2h0PSIxIiB4bWxucz0iaHR0cDovL3d3dy53My5vcmcvMjAwMC9zdmciPjwvc3ZnPg==\" class=\"lazyload\" \/><img decoding=\"async\" data-src=\"https:\/\/agenciabrasil.ebc.com.br\/ebc.gif?id=1637057&amp;o=node\" src=\"data:image\/svg+xml;base64,PHN2ZyB3aWR0aD0iMSIgaGVpZ2h0PSIxIiB4bWxucz0iaHR0cDovL3d3dy53My5vcmcvMjAwMC9zdmciPjwvc3ZnPg==\" class=\"lazyload\" \/><\/p>\n<p>O ato de racismo foi cometido no fim do confronto entre Inter e Sport, na tarde de segunda (31), logo depois que a equipe pernambucana\u00a0empatou o jogo em 2 a 2,\u00a0no Sesc Campestre, na zona leste da capital ga\u00facha.<\/p>\n<blockquote><p>&#8220;Defiro o pedido liminar para determinar, cautelarmente, a perda de mando de campo pelo Sport Club Internacional, com realiza\u00e7\u00e3o das partidas com port\u00f5es fechados, at\u00e9 o julgamento por colegiado da den\u00fancia anunciada pela Procuradoria, a quem cabe a ado\u00e7\u00e3o de rito urgente para formaliza\u00e7\u00e3o do ato. Caso o julgamento por colegiado n\u00e3o se d\u00ea a tempo, os efeitos da presente ordem se limitam a tr\u00eas&#8221;, determinou na decis\u00e3o o presidente do STJD.<\/p><\/blockquote>\n<p>Ap\u00f3s o ato racista no jogo de segunda (31), o Sport registrou Boletim de Ocorr\u00eancia (BO) na Policia Civil e condenou o epis\u00f3dio nas redes sociais.<\/p>\n<div class=\"twitter-tweet twitter-tweet-rendered\"><iframe id=\"twitter-widget-0\" title=\"X Post\" data-src=\"https:\/\/platform.twitter.com\/embed\/Tweet.html?creatorScreenName=agenciabrasil&amp;dnt=false&amp;embedId=twitter-widget-0&amp;features=eyJ0ZndfdGltZWxpbmVfbGlzdCI6eyJidWNrZXQiOltdLCJ2ZXJzaW9uIjpudWxsfSwidGZ3X2ZvbGxvd2VyX2NvdW50X3N1bnNldCI6eyJidWNrZXQiOnRydWUsInZlcnNpb24iOm51bGx9LCJ0ZndfdHdlZXRfZWRpdF9iYWNrZW5kIjp7ImJ1Y2tldCI6Im9uIiwidmVyc2lvbiI6bnVsbH0sInRmd19yZWZzcmNfc2Vzc2lvbiI6eyJidWNrZXQiOiJvbiIsInZlcnNpb24iOm51bGx9LCJ0ZndfZm9zbnJfc29mdF9pbnRlcnZlbnRpb25zX2VuYWJsZWQiOnsiYnVja2V0Ijoib24iLCJ2ZXJzaW9uIjpudWxsfSwidGZ3X21peGVkX21lZGlhXzE1ODk3Ijp7ImJ1Y2tldCI6InRyZWF0bWVudCIsInZlcnNpb24iOm51bGx9LCJ0ZndfZXhwZXJpbWVudHNfY29va2llX2V4cGlyYXRpb24iOnsiYnVja2V0IjoxMjA5NjAwLCJ2ZXJzaW9uIjpudWxsfSwidGZ3X3Nob3dfYmlyZHdhdGNoX3Bpdm90c19lbmFibGVkIjp7ImJ1Y2tldCI6Im9uIiwidmVyc2lvbiI6bnVsbH0sInRmd19kdXBsaWNhdGVfc2NyaWJlc190b19zZXR0aW5ncyI6eyJidWNrZXQiOiJvbiIsInZlcnNpb24iOm51bGx9LCJ0ZndfdXNlX3Byb2ZpbGVfaW1hZ2Vfc2hhcGVfZW5hYmxlZCI6eyJidWNrZXQiOiJvbiIsInZlcnNpb24iOm51bGx9LCJ0ZndfdmlkZW9faGxzX2R5bmFtaWNfbWFuaWZlc3RzXzE1MDgyIjp7ImJ1Y2tldCI6InRydWVfYml0cmF0ZSIsInZlcnNpb24iOm51bGx9LCJ0ZndfbGVnYWN5X3RpbWVsaW5lX3N1bnNldCI6eyJidWNrZXQiOnRydWUsInZlcnNpb24iOm51bGx9LCJ0ZndfdHdlZXRfZWRpdF9mcm9udGVuZCI6eyJidWNrZXQiOiJvbiIsInZlcnNpb24iOm51bGx9fQ%3D%3D&amp;frame=false&amp;hideCard=false&amp;hideThread=false&amp;id=1906847168406954460&amp;lang=pt&amp;origin=https%3A%2F%2Fagenciabrasil.ebc.com.br%2Fesportes%2Fnoticia%2F2025-04%2Fapos-caso-de-racismo-stjd-pune-inter-com-perda-de-3-mandos-de-jogos&amp;sessionId=8a3f539d5b2a4fd4a1a914edc06618cdca6dd302&amp;siteScreenName=agenciabrasil&amp;theme=light&amp;widgetsVersion=2615f7e52b7e0%3A1702314776716&amp;width=550px\" frameborder=\"0\" scrolling=\"no\" allowfullscreen=\"allowfullscreen\" data-tweet-id=\"1906847168406954460\" data-mce-fragment=\"1\" src=\"data:image\/svg+xml;base64,PHN2ZyB3aWR0aD0iMSIgaGVpZ2h0PSIxIiB4bWxucz0iaHR0cDovL3d3dy53My5vcmcvMjAwMC9zdmciPjwvc3ZnPg==\" class=\"lazyload\" data-load-mode=\"1\"><\/iframe><\/div>\n<p>O\u00a0caso ser\u00e1 investigado pela Delegacia da Intoler\u00e2ncia, em Porto Alegre. As imagens\u00a0ap\u00f3s o arremesso de um peda\u00e7o de banana em campo\u00a0foram\u00a0veiculadas ao vivo pela\u00a0<strong>TV Brasil<\/strong>, emissora da\u00a0<strong>Empresa Brasil de Comunica\u00e7\u00e3o (EBC)<\/strong>, que transmite o Brasileir\u00e3o Feminino. As cenas mostram a quarta \u00e1rbitra Andressa Hartmann recolhendo os itens lan\u00e7ados no banco de reservas do Sport.\u00a0Ela relatou o epis\u00f3dio na s\u00famula do jogo.<\/p>\n<blockquote><p>&#8220;Depois do gol de empate da equipe visitante, foi arremessado uma banana e casca de banana em dire\u00e7\u00e3o ao banco de reservas da equipe do Sport Club do Recife, alegando que as mesmas foram jogadas por parte da torcida do Sport Club Internacional que se encontrava atr\u00e1s do banco de reservas da equipe visitante&#8221;, registrou\u00a0Andressa Hartmann na s\u00famula.<\/p><\/blockquote>\n<p>Ainda na noite de segunda (31), a CBF comunicou em\u00a0<a href=\"https:\/\/cbf.com.br\/a-cbf\/noticias\/informes\/a\/nota-oficial-internacional-x-sport\"><strong>nota oficial<\/strong><\/a>\u00a0que\u00a0enviou documenta\u00e7\u00e3o \u00e0 Procuradoria-Geral do STJD pedindo a puni\u00e7\u00e3o do clube ga\u00facho, assim como a apura\u00e7\u00e3o rigorosa dos fatos.<\/p>\n<p>Nesta ter\u00e7a (1\u00ba), o Internacional informou que uma jogadora da categoria Sub 20 feminino teria sido a autora do arremesso de um peda\u00e7o de banana no banco de reservas do Sport. O clube manteve o anonimato da atleta e afirmou que ela teve o contrato rescindido. Em\u00a0<a href=\"https:\/\/internacional.com.br\/noticias\/gestao-e-clube\/nota-oficial-1\"><strong>nota oficial<\/strong><\/a> na noite de segunda (31), o Colorado j\u00e1 havia reiterado\u00a0&#8220;seu rep\u00fadio veemente a qualquer ato discriminat\u00f3rio&#8221;, se prontificando\u00a0a fazer uma apura\u00e7\u00e3o rigorosa.<\/p>\n<\/div>\n<div class=\"footer-noticia\">\n<div class=\"editor rowflex\">Edi\u00e7\u00e3o: Cl\u00e1udia Soares Rodrigues<\/div>\n<\/div>\n","protected":false},"excerpt":{"rendered":"<p>O time feminino do Internacional jogar\u00e1 com port\u00f5es fechados nos pr\u00f3ximos tr\u00eas jogos,\u00a0determinou o presidente do Superior Tribunal de Justi\u00e7a Desportiva,\u00a0Lu\u00eds Ot\u00e1vio Ver\u00edssimo Teixeira, na tarde desta ter\u00e7a-feira (1\u00ba), acatando pedido feito pela manh\u00e3 pela Procuradoria-Geral da entidade. A decis\u00e3o ocorre menos de 24h ap\u00f3s uma banana ter sido arremessada em dire\u00e7\u00e3o ao banco de &hellip;<\/p>\n","protected":false},"author":1,"featured_media":5057,"comment_status":"closed","ping_status":"closed","sticky":false,"template":"","format":"standard","meta":{"footnotes":""},"categories":[31],"tags":[],"class_list":["post-5056","post","type-post","status-publish","format-standard","has-post-thumbnail","hentry","category-esportes"],"yoast_head":"<!-- This site is optimized with the Yoast SEO plugin v27.4 - https:\/\/yoast.com\/product\/yoast-seo-wordpress\/ -->\n<title>Ap\u00f3s caso de racismo, STJD pune Inter com perda de 3 mandos de jogos - Transam\u00e9rica Mococa 93,3<\/title>\n<meta name=\"robots\" content=\"index, follow, max-snippet:-1, max-image-preview:large, max-video-preview:-1\" \/>\n<link rel=\"canonical\" href=\"https:\/\/transamerica93.com.br\/home\/apos-caso-de-racismo-stjd-pune-inter-com-perda-de-3-mandos-de-jogos\/\" \/>\n<meta property=\"og:locale\" content=\"pt_BR\" \/>\n<meta property=\"og:type\" content=\"article\" \/>\n<meta property=\"og:title\" content=\"Ap\u00f3s caso de racismo, STJD pune Inter com perda de 3 mandos de jogos - Transam\u00e9rica Mococa 93,3\" \/>\n<meta property=\"og:description\" content=\"O time feminino do Internacional jogar\u00e1 com port\u00f5es fechados nos pr\u00f3ximos tr\u00eas jogos,\u00a0determinou o presidente do Superior Tribunal de Justi\u00e7a Desportiva,\u00a0Lu\u00eds Ot\u00e1vio Ver\u00edssimo Teixeira, na tarde desta ter\u00e7a-feira (1\u00ba), acatando pedido feito pela manh\u00e3 pela Procuradoria-Geral da entidade. A decis\u00e3o ocorre menos de 24h ap\u00f3s uma banana ter sido arremessada em dire\u00e7\u00e3o ao banco de &hellip;\" \/>\n<meta property=\"og:url\" content=\"https:\/\/transamerica93.com.br\/home\/apos-caso-de-racismo-stjd-pune-inter-com-perda-de-3-mandos-de-jogos\/\" \/>\n<meta property=\"og:site_name\" content=\"Transam\u00e9rica Mococa 93,3\" \/>\n<meta property=\"article:publisher\" content=\"https:\/\/www.facebook.com\/transamericamococa\" \/>\n<meta property=\"article:published_time\" content=\"2025-04-02T15:00:46+00:00\" \/>\n<meta property=\"og:image\" content=\"https:\/\/transamerica93.com.br\/home\/wp-content\/uploads\/2025\/04\/Sem-titulo.png\" \/>\n\t<meta property=\"og:image:width\" content=\"1168\" \/>\n\t<meta property=\"og:image:height\" content=\"699\" \/>\n\t<meta property=\"og:image:type\" content=\"image\/png\" \/>\n<meta name=\"author\" content=\"Reda\u00e7\u00e3o\" \/>\n<meta name=\"twitter:card\" content=\"summary_large_image\" \/>\n<meta name=\"twitter:creator\" content=\"@transamerica933\" \/>\n<meta name=\"twitter:site\" content=\"@transamerica933\" \/>\n<meta name=\"twitter:label1\" content=\"Escrito por\" \/>\n\t<meta name=\"twitter:data1\" content=\"Reda\u00e7\u00e3o\" \/>\n\t<meta name=\"twitter:label2\" content=\"Est. tempo de leitura\" \/>\n\t<meta name=\"twitter:data2\" content=\"3 minutos\" \/>\n<script type=\"application\/ld+json\" class=\"yoast-schema-graph\">{\"@context\":\"https:\\\/\\\/schema.org\",\"@graph\":[{\"@type\":\"Article\",\"@id\":\"https:\\\/\\\/transamerica93.com.br\\\/home\\\/apos-caso-de-racismo-stjd-pune-inter-com-perda-de-3-mandos-de-jogos\\\/#article\",\"isPartOf\":{\"@id\":\"https:\\\/\\\/transamerica93.com.br\\\/home\\\/apos-caso-de-racismo-stjd-pune-inter-com-perda-de-3-mandos-de-jogos\\\/\"},\"author\":{\"name\":\"Reda\u00e7\u00e3o\",\"@id\":\"https:\\\/\\\/transamerica93.com.br\\\/home\\\/#\\\/schema\\\/person\\\/7fed7c99c0d4562efa8561bc0f543172\"},\"headline\":\"Ap\u00f3s caso de racismo, STJD pune Inter com perda de 3 mandos de jogos\",\"datePublished\":\"2025-04-02T15:00:46+00:00\",\"mainEntityOfPage\":{\"@id\":\"https:\\\/\\\/transamerica93.com.br\\\/home\\\/apos-caso-de-racismo-stjd-pune-inter-com-perda-de-3-mandos-de-jogos\\\/\"},\"wordCount\":506,\"publisher\":{\"@id\":\"https:\\\/\\\/transamerica93.com.br\\\/home\\\/#organization\"},\"image\":{\"@id\":\"https:\\\/\\\/transamerica93.com.br\\\/home\\\/apos-caso-de-racismo-stjd-pune-inter-com-perda-de-3-mandos-de-jogos\\\/#primaryimage\"},\"thumbnailUrl\":\"https:\\\/\\\/transamerica93.com.br\\\/home\\\/wp-content\\\/uploads\\\/2025\\\/04\\\/Sem-titulo.png\",\"articleSection\":[\"Esportes\"],\"inLanguage\":\"pt-BR\"},{\"@type\":\"WebPage\",\"@id\":\"https:\\\/\\\/transamerica93.com.br\\\/home\\\/apos-caso-de-racismo-stjd-pune-inter-com-perda-de-3-mandos-de-jogos\\\/\",\"url\":\"https:\\\/\\\/transamerica93.com.br\\\/home\\\/apos-caso-de-racismo-stjd-pune-inter-com-perda-de-3-mandos-de-jogos\\\/\",\"name\":\"Ap\u00f3s caso de racismo, STJD pune Inter com perda de 3 mandos de jogos - Transam\u00e9rica Mococa 93,3\",\"isPartOf\":{\"@id\":\"https:\\\/\\\/transamerica93.com.br\\\/home\\\/#website\"},\"primaryImageOfPage\":{\"@id\":\"https:\\\/\\\/transamerica93.com.br\\\/home\\\/apos-caso-de-racismo-stjd-pune-inter-com-perda-de-3-mandos-de-jogos\\\/#primaryimage\"},\"image\":{\"@id\":\"https:\\\/\\\/transamerica93.com.br\\\/home\\\/apos-caso-de-racismo-stjd-pune-inter-com-perda-de-3-mandos-de-jogos\\\/#primaryimage\"},\"thumbnailUrl\":\"https:\\\/\\\/transamerica93.com.br\\\/home\\\/wp-content\\\/uploads\\\/2025\\\/04\\\/Sem-titulo.png\",\"datePublished\":\"2025-04-02T15:00:46+00:00\",\"breadcrumb\":{\"@id\":\"https:\\\/\\\/transamerica93.com.br\\\/home\\\/apos-caso-de-racismo-stjd-pune-inter-com-perda-de-3-mandos-de-jogos\\\/#breadcrumb\"},\"inLanguage\":\"pt-BR\",\"potentialAction\":[{\"@type\":\"ReadAction\",\"target\":[\"https:\\\/\\\/transamerica93.com.br\\\/home\\\/apos-caso-de-racismo-stjd-pune-inter-com-perda-de-3-mandos-de-jogos\\\/\"]}]},{\"@type\":\"ImageObject\",\"inLanguage\":\"pt-BR\",\"@id\":\"https:\\\/\\\/transamerica93.com.br\\\/home\\\/apos-caso-de-racismo-stjd-pune-inter-com-perda-de-3-mandos-de-jogos\\\/#primaryimage\",\"url\":\"https:\\\/\\\/transamerica93.com.br\\\/home\\\/wp-content\\\/uploads\\\/2025\\\/04\\\/Sem-titulo.png\",\"contentUrl\":\"https:\\\/\\\/transamerica93.com.br\\\/home\\\/wp-content\\\/uploads\\\/2025\\\/04\\\/Sem-titulo.png\",\"width\":1168,\"height\":699,\"caption\":\"\u00a9 Frame TV Brasil\"},{\"@type\":\"BreadcrumbList\",\"@id\":\"https:\\\/\\\/transamerica93.com.br\\\/home\\\/apos-caso-de-racismo-stjd-pune-inter-com-perda-de-3-mandos-de-jogos\\\/#breadcrumb\",\"itemListElement\":[{\"@type\":\"ListItem\",\"position\":1,\"name\":\"In\u00edcio\",\"item\":\"https:\\\/\\\/transamerica93.com.br\\\/home\\\/\"},{\"@type\":\"ListItem\",\"position\":2,\"name\":\"Ap\u00f3s caso de racismo, STJD pune Inter com perda de 3 mandos de jogos\"}]},{\"@type\":\"WebSite\",\"@id\":\"https:\\\/\\\/transamerica93.com.br\\\/home\\\/#website\",\"url\":\"https:\\\/\\\/transamerica93.com.br\\\/home\\\/\",\"name\":\"Transam\u00e9rica Mococa 93,3\",\"description\":\"\",\"publisher\":{\"@id\":\"https:\\\/\\\/transamerica93.com.br\\\/home\\\/#organization\"},\"potentialAction\":[{\"@type\":\"SearchAction\",\"target\":{\"@type\":\"EntryPoint\",\"urlTemplate\":\"https:\\\/\\\/transamerica93.com.br\\\/home\\\/?s={search_term_string}\"},\"query-input\":{\"@type\":\"PropertyValueSpecification\",\"valueRequired\":true,\"valueName\":\"search_term_string\"}}],\"inLanguage\":\"pt-BR\"},{\"@type\":\"Organization\",\"@id\":\"https:\\\/\\\/transamerica93.com.br\\\/home\\\/#organization\",\"name\":\"Transam\u00e9rica Mococa 93,3\",\"url\":\"https:\\\/\\\/transamerica93.com.br\\\/home\\\/\",\"logo\":{\"@type\":\"ImageObject\",\"inLanguage\":\"pt-BR\",\"@id\":\"https:\\\/\\\/transamerica93.com.br\\\/home\\\/#\\\/schema\\\/logo\\\/image\\\/\",\"url\":\"https:\\\/\\\/transamerica93.com.br\\\/home\\\/wp-content\\\/uploads\\\/2023\\\/10\\\/logo2.png\",\"contentUrl\":\"https:\\\/\\\/transamerica93.com.br\\\/home\\\/wp-content\\\/uploads\\\/2023\\\/10\\\/logo2.png\",\"width\":800,\"height\":500,\"caption\":\"Transam\u00e9rica Mococa 93,3\"},\"image\":{\"@id\":\"https:\\\/\\\/transamerica93.com.br\\\/home\\\/#\\\/schema\\\/logo\\\/image\\\/\"},\"sameAs\":[\"https:\\\/\\\/www.facebook.com\\\/transamericamococa\",\"https:\\\/\\\/x.com\\\/transamerica933\",\"https:\\\/\\\/www.instagram.com\\\/transamericamococa\"]},{\"@type\":\"Person\",\"@id\":\"https:\\\/\\\/transamerica93.com.br\\\/home\\\/#\\\/schema\\\/person\\\/7fed7c99c0d4562efa8561bc0f543172\",\"name\":\"Reda\u00e7\u00e3o\",\"image\":{\"@type\":\"ImageObject\",\"inLanguage\":\"pt-BR\",\"@id\":\"https:\\\/\\\/secure.gravatar.com\\\/avatar\\\/1072c6b775fb02ef8506ce967551d95926669a6b7d2c2147b42eea4d7c68395e?s=96&d=mm&r=g\",\"url\":\"https:\\\/\\\/secure.gravatar.com\\\/avatar\\\/1072c6b775fb02ef8506ce967551d95926669a6b7d2c2147b42eea4d7c68395e?s=96&d=mm&r=g\",\"contentUrl\":\"https:\\\/\\\/secure.gravatar.com\\\/avatar\\\/1072c6b775fb02ef8506ce967551d95926669a6b7d2c2147b42eea4d7c68395e?s=96&d=mm&r=g\",\"caption\":\"Reda\u00e7\u00e3o\"},\"sameAs\":[\"https:\\\/\\\/transamerica93.com.br\\\/home\"],\"url\":\"https:\\\/\\\/transamerica93.com.br\\\/home\\\/author\\\/william\\\/\"}]}<\/script>\n<!-- \/ Yoast SEO plugin. -->","yoast_head_json":{"title":"Ap\u00f3s caso de racismo, STJD pune Inter com perda de 3 mandos de jogos - Transam\u00e9rica Mococa 93,3","robots":{"index":"index","follow":"follow","max-snippet":"max-snippet:-1","max-image-preview":"max-image-preview:large","max-video-preview":"max-video-preview:-1"},"canonical":"https:\/\/transamerica93.com.br\/home\/apos-caso-de-racismo-stjd-pune-inter-com-perda-de-3-mandos-de-jogos\/","og_locale":"pt_BR","og_type":"article","og_title":"Ap\u00f3s caso de racismo, STJD pune Inter com perda de 3 mandos de jogos - Transam\u00e9rica Mococa 93,3","og_description":"O time feminino do Internacional jogar\u00e1 com port\u00f5es fechados nos pr\u00f3ximos tr\u00eas jogos,\u00a0determinou o presidente do Superior Tribunal de Justi\u00e7a Desportiva,\u00a0Lu\u00eds Ot\u00e1vio Ver\u00edssimo Teixeira, na tarde desta ter\u00e7a-feira (1\u00ba), acatando pedido feito pela manh\u00e3 pela Procuradoria-Geral da entidade. A decis\u00e3o ocorre menos de 24h ap\u00f3s uma banana ter sido arremessada em dire\u00e7\u00e3o ao banco de &hellip;","og_url":"https:\/\/transamerica93.com.br\/home\/apos-caso-de-racismo-stjd-pune-inter-com-perda-de-3-mandos-de-jogos\/","og_site_name":"Transam\u00e9rica Mococa 93,3","article_publisher":"https:\/\/www.facebook.com\/transamericamococa","article_published_time":"2025-04-02T15:00:46+00:00","og_image":[{"width":1168,"height":699,"url":"https:\/\/transamerica93.com.br\/home\/wp-content\/uploads\/2025\/04\/Sem-titulo.png","type":"image\/png"}],"author":"Reda\u00e7\u00e3o","twitter_card":"summary_large_image","twitter_creator":"@transamerica933","twitter_site":"@transamerica933","twitter_misc":{"Escrito por":"Reda\u00e7\u00e3o","Est. tempo de leitura":"3 minutos"},"schema":{"@context":"https:\/\/schema.org","@graph":[{"@type":"Article","@id":"https:\/\/transamerica93.com.br\/home\/apos-caso-de-racismo-stjd-pune-inter-com-perda-de-3-mandos-de-jogos\/#article","isPartOf":{"@id":"https:\/\/transamerica93.com.br\/home\/apos-caso-de-racismo-stjd-pune-inter-com-perda-de-3-mandos-de-jogos\/"},"author":{"name":"Reda\u00e7\u00e3o","@id":"https:\/\/transamerica93.com.br\/home\/#\/schema\/person\/7fed7c99c0d4562efa8561bc0f543172"},"headline":"Ap\u00f3s caso de racismo, STJD pune Inter com perda de 3 mandos de jogos","datePublished":"2025-04-02T15:00:46+00:00","mainEntityOfPage":{"@id":"https:\/\/transamerica93.com.br\/home\/apos-caso-de-racismo-stjd-pune-inter-com-perda-de-3-mandos-de-jogos\/"},"wordCount":506,"publisher":{"@id":"https:\/\/transamerica93.com.br\/home\/#organization"},"image":{"@id":"https:\/\/transamerica93.com.br\/home\/apos-caso-de-racismo-stjd-pune-inter-com-perda-de-3-mandos-de-jogos\/#primaryimage"},"thumbnailUrl":"https:\/\/transamerica93.com.br\/home\/wp-content\/uploads\/2025\/04\/Sem-titulo.png","articleSection":["Esportes"],"inLanguage":"pt-BR"},{"@type":"WebPage","@id":"https:\/\/transamerica93.com.br\/home\/apos-caso-de-racismo-stjd-pune-inter-com-perda-de-3-mandos-de-jogos\/","url":"https:\/\/transamerica93.com.br\/home\/apos-caso-de-racismo-stjd-pune-inter-com-perda-de-3-mandos-de-jogos\/","name":"Ap\u00f3s caso de racismo, STJD pune Inter com perda de 3 mandos de jogos - Transam\u00e9rica Mococa 93,3","isPartOf":{"@id":"https:\/\/transamerica93.com.br\/home\/#website"},"primaryImageOfPage":{"@id":"https:\/\/transamerica93.com.br\/home\/apos-caso-de-racismo-stjd-pune-inter-com-perda-de-3-mandos-de-jogos\/#primaryimage"},"image":{"@id":"https:\/\/transamerica93.com.br\/home\/apos-caso-de-racismo-stjd-pune-inter-com-perda-de-3-mandos-de-jogos\/#primaryimage"},"thumbnailUrl":"https:\/\/transamerica93.com.br\/home\/wp-content\/uploads\/2025\/04\/Sem-titulo.png","datePublished":"2025-04-02T15:00:46+00:00","breadcrumb":{"@id":"https:\/\/transamerica93.com.br\/home\/apos-caso-de-racismo-stjd-pune-inter-com-perda-de-3-mandos-de-jogos\/#breadcrumb"},"inLanguage":"pt-BR","potentialAction":[{"@type":"ReadAction","target":["https:\/\/transamerica93.com.br\/home\/apos-caso-de-racismo-stjd-pune-inter-com-perda-de-3-mandos-de-jogos\/"]}]},{"@type":"ImageObject","inLanguage":"pt-BR","@id":"https:\/\/transamerica93.com.br\/home\/apos-caso-de-racismo-stjd-pune-inter-com-perda-de-3-mandos-de-jogos\/#primaryimage","url":"https:\/\/transamerica93.com.br\/home\/wp-content\/uploads\/2025\/04\/Sem-titulo.png","contentUrl":"https:\/\/transamerica93.com.br\/home\/wp-content\/uploads\/2025\/04\/Sem-titulo.png","width":1168,"height":699,"caption":"\u00a9 Frame TV Brasil"},{"@type":"BreadcrumbList","@id":"https:\/\/transamerica93.com.br\/home\/apos-caso-de-racismo-stjd-pune-inter-com-perda-de-3-mandos-de-jogos\/#breadcrumb","itemListElement":[{"@type":"ListItem","position":1,"name":"In\u00edcio","item":"https:\/\/transamerica93.com.br\/home\/"},{"@type":"ListItem","position":2,"name":"Ap\u00f3s caso de racismo, STJD pune Inter com perda de 3 mandos de jogos"}]},{"@type":"WebSite","@id":"https:\/\/transamerica93.com.br\/home\/#website","url":"https:\/\/transamerica93.com.br\/home\/","name":"Transam\u00e9rica Mococa 93,3","description":"","publisher":{"@id":"https:\/\/transamerica93.com.br\/home\/#organization"},"potentialAction":[{"@type":"SearchAction","target":{"@type":"EntryPoint","urlTemplate":"https:\/\/transamerica93.com.br\/home\/?s={search_term_string}"},"query-input":{"@type":"PropertyValueSpecification","valueRequired":true,"valueName":"search_term_string"}}],"inLanguage":"pt-BR"},{"@type":"Organization","@id":"https:\/\/transamerica93.com.br\/home\/#organization","name":"Transam\u00e9rica Mococa 93,3","url":"https:\/\/transamerica93.com.br\/home\/","logo":{"@type":"ImageObject","inLanguage":"pt-BR","@id":"https:\/\/transamerica93.com.br\/home\/#\/schema\/logo\/image\/","url":"https:\/\/transamerica93.com.br\/home\/wp-content\/uploads\/2023\/10\/logo2.png","contentUrl":"https:\/\/transamerica93.com.br\/home\/wp-content\/uploads\/2023\/10\/logo2.png","width":800,"height":500,"caption":"Transam\u00e9rica Mococa 93,3"},"image":{"@id":"https:\/\/transamerica93.com.br\/home\/#\/schema\/logo\/image\/"},"sameAs":["https:\/\/www.facebook.com\/transamericamococa","https:\/\/x.com\/transamerica933","https:\/\/www.instagram.com\/transamericamococa"]},{"@type":"Person","@id":"https:\/\/transamerica93.com.br\/home\/#\/schema\/person\/7fed7c99c0d4562efa8561bc0f543172","name":"Reda\u00e7\u00e3o","image":{"@type":"ImageObject","inLanguage":"pt-BR","@id":"https:\/\/secure.gravatar.com\/avatar\/1072c6b775fb02ef8506ce967551d95926669a6b7d2c2147b42eea4d7c68395e?s=96&d=mm&r=g","url":"https:\/\/secure.gravatar.com\/avatar\/1072c6b775fb02ef8506ce967551d95926669a6b7d2c2147b42eea4d7c68395e?s=96&d=mm&r=g","contentUrl":"https:\/\/secure.gravatar.com\/avatar\/1072c6b775fb02ef8506ce967551d95926669a6b7d2c2147b42eea4d7c68395e?s=96&d=mm&r=g","caption":"Reda\u00e7\u00e3o"},"sameAs":["https:\/\/transamerica93.com.br\/home"],"url":"https:\/\/transamerica93.com.br\/home\/author\/william\/"}]}},"_links":{"self":[{"href":"https:\/\/transamerica93.com.br\/home\/wp-json\/wp\/v2\/posts\/5056","targetHints":{"allow":["GET"]}}],"collection":[{"href":"https:\/\/transamerica93.com.br\/home\/wp-json\/wp\/v2\/posts"}],"about":[{"href":"https:\/\/transamerica93.com.br\/home\/wp-json\/wp\/v2\/types\/post"}],"author":[{"embeddable":true,"href":"https:\/\/transamerica93.com.br\/home\/wp-json\/wp\/v2\/users\/1"}],"replies":[{"embeddable":true,"href":"https:\/\/transamerica93.com.br\/home\/wp-json\/wp\/v2\/comments?post=5056"}],"version-history":[{"count":1,"href":"https:\/\/transamerica93.com.br\/home\/wp-json\/wp\/v2\/posts\/5056\/revisions"}],"predecessor-version":[{"id":5058,"href":"https:\/\/transamerica93.com.br\/home\/wp-json\/wp\/v2\/posts\/5056\/revisions\/5058"}],"wp:featuredmedia":[{"embeddable":true,"href":"https:\/\/transamerica93.com.br\/home\/wp-json\/wp\/v2\/media\/5057"}],"wp:attachment":[{"href":"https:\/\/transamerica93.com.br\/home\/wp-json\/wp\/v2\/media?parent=5056"}],"wp:term":[{"taxonomy":"category","embeddable":true,"href":"https:\/\/transamerica93.com.br\/home\/wp-json\/wp\/v2\/categories?post=5056"},{"taxonomy":"post_tag","embeddable":true,"href":"https:\/\/transamerica93.com.br\/home\/wp-json\/wp\/v2\/tags?post=5056"}],"curies":[{"name":"wp","href":"https:\/\/api.w.org\/{rel}","templated":true}]}}