{"id":5059,"date":"2025-04-03T12:00:30","date_gmt":"2025-04-03T15:00:30","guid":{"rendered":"https:\/\/transamerica93.com.br\/home\/?p=5059"},"modified":"2025-04-01T21:14:28","modified_gmt":"2025-04-02T00:14:28","slug":"tatiana-weston-webb-fara-pausa-na-carreira-para-cuidar-da-saude-mental","status":"publish","type":"post","link":"https:\/\/transamerica93.com.br\/home\/tatiana-weston-webb-fara-pausa-na-carreira-para-cuidar-da-saude-mental\/","title":{"rendered":"Tatiana Weston-Webb far\u00e1 pausa na carreira para cuidar da sa\u00fade mental"},"content":{"rendered":"<div class=\"conteudo-noticia\">\n<p>A brasileira Tatiana Weston-Webb anunciou nesta quinta-feira (27) que vai se afastar das competi\u00e7\u00f5es de surfe at\u00e9 o final deste ano para cuidar da sa\u00fade mental. Ela publicou um v\u00eddeo nas redes sociais em que explica os motivos para tomar a decis\u00e3o. Tati atualmente ocupa a 17\u00aa posi\u00e7\u00e3o no ranking da Liga Mundial de Surfe (WSL, na sigla em ingl\u00eas)\u00a0ap\u00f3s as tr\u00eas primeiras etapas do circuito mundial.<img decoding=\"async\" data-src=\"https:\/\/agenciabrasil.ebc.com.br\/ebc.png?id=1636437&amp;o=node\" src=\"data:image\/svg+xml;base64,PHN2ZyB3aWR0aD0iMSIgaGVpZ2h0PSIxIiB4bWxucz0iaHR0cDovL3d3dy53My5vcmcvMjAwMC9zdmciPjwvc3ZnPg==\" class=\"lazyload\" \/><img decoding=\"async\" data-src=\"https:\/\/agenciabrasil.ebc.com.br\/ebc.gif?id=1636437&amp;o=node\" src=\"data:image\/svg+xml;base64,PHN2ZyB3aWR0aD0iMSIgaGVpZ2h0PSIxIiB4bWxucz0iaHR0cDovL3d3dy53My5vcmcvMjAwMC9zdmciPjwvc3ZnPg==\" class=\"lazyload\" \/><\/p>\n<blockquote><p>&#8220;Nos \u00faltimos tempos, depois de dois ciclos Ol\u00edmpicos e dez anos no circuito mundial sem perder nenhum evento, eu senti um pouquinho de desgaste emocional e f\u00edsico. Eu percebi esses sinais e realmente precisava olhar com mais aten\u00e7\u00e3o pra minha sa\u00fade emocional&#8221;, afirmou Tatiana. Ela disse que cuidar do seu pr\u00f3prio bem-estar \u00e9 essencial para honrar a paix\u00e3o que tem pelo surfe e continuar competindo em alto n\u00edvel no futuro. A surfista disse que, junto com sua psic\u00f3loga, identificou sinais indicativos de desgaste emocional e f\u00edsico, que poderiam resultar em\u00a0<a href=\"https:\/\/agenciabrasil.ebc.com.br\/internacional\/noticia\/2023-09\/tratamento-do-burnout-deve-ser-coletivo-diz-especialista\"><strong>burnout<\/strong><\/a>\u00a0\u2013 uma s\u00edndrome de esgotamento profissional, normalmente causada por excesso de trabalho.<\/p><\/blockquote>\n<p><iframe id=\"instagram-embed-0\" class=\"instagram-media instagram-media-rendered lazyload\" data-src=\"https:\/\/www.instagram.com\/p\/DHtuz2PywhX\/embed\/captioned\/?cr=1&amp;v=14&amp;wp=485&amp;rd=https%3A%2F%2Fagenciabrasil.ebc.com.br&amp;rp=%2Fesportes%2Fnoticia%2F2025-03%2Ftatiana-weston-webb-fara-pausa-na-carreira-para-cuidar-da-saude-mental#%7B%22ci%22%3A0%2C%22os%22%3A4511.5%2C%22ls%22%3A3278.4000000003725%2C%22le%22%3A4380%7D\" height=\"1022\" frameborder=\"0\" scrolling=\"no\" allowfullscreen=\"allowfullscreen\" data-instgrm-payload-id=\"instagram-media-payload-0\" data-mce-fragment=\"1\" src=\"data:image\/svg+xml;base64,PHN2ZyB3aWR0aD0iMSIgaGVpZ2h0PSIxIiB4bWxucz0iaHR0cDovL3d3dy53My5vcmcvMjAwMC9zdmciPjwvc3ZnPg==\" data-load-mode=\"1\"><\/iframe>A surfista disse acreditar que \u00e9 importante falar sobre a sa\u00fade mental e emocional no esporte.<\/p>\n<blockquote><p>\u201cMostrar vulnerabilidade n\u00e3o nos torna menos fortes. Pelo contr\u00e1rio, nos torna mais humanos e mais conectados. E tamb\u00e9m nos possibilita alcan\u00e7ar nosso melhor potencial dentro e fora das competi\u00e7\u00f5es.\u201d<\/p><\/blockquote>\n<p>Ao fim do relato, a surfista de\u00a028 anos\u00a0finalizou: \u201cA pausa n\u00e3o \u00e9 o fim, mas um recome\u00e7o. Sei que com apoio de todos voltarei ao mar mais forte\u201d.<\/p>\n<p>No ano passado,\u00a0<a href=\"https:\/\/agenciabrasil.ebc.com.br\/esportes\/noticia\/2024-08\/tati-weston-webb-fica-com-prata-no-surfe-nos-jogos-de-paris\"><strong>Tati\u00a0Weston-Webb\u00a0conquistou a prata nos Jogos de Paris,<\/strong><\/a> a primeira medalha para o surfe feminino do pa\u00eds. A surfista \u00e9 filha de m\u00e3e brasileira e pai brit\u00e2nico. Nasceu em Porto Alegre, mas se mudou com os pais para o Hava\u00ed (Estados Unidos) ainda muito pequena. Cresceu na ilha de Kauai e defendia o Hava\u00ed nas competi\u00e7\u00f5es de surfe. Mas em 2018 resolveu defender as cores do Brasil. Tati \u00e9 uma das principais surfistas mulheres do Campeonato Mundial de Surfe. No ano passado, ela terminou o campeonato na terceira posi\u00e7\u00e3o.<\/p>\n<\/div>\n<div class=\"footer-noticia\">\n<div class=\"editor rowflex\">Edi\u00e7\u00e3o: Cl\u00e1udia Soares Rodrigues<\/div>\n<\/div>\n","protected":false},"excerpt":{"rendered":"<p>A brasileira Tatiana Weston-Webb anunciou nesta quinta-feira (27) que vai se afastar das competi\u00e7\u00f5es de surfe at\u00e9 o final deste ano para cuidar da sa\u00fade mental. Ela publicou um v\u00eddeo nas redes sociais em que explica os motivos para tomar a decis\u00e3o. Tati atualmente ocupa a 17\u00aa posi\u00e7\u00e3o no ranking da Liga Mundial de Surfe &hellip;<\/p>\n","protected":false},"author":1,"featured_media":5060,"comment_status":"closed","ping_status":"closed","sticky":false,"template":"","format":"standard","meta":{"footnotes":""},"categories":[31],"tags":[],"class_list":["post-5059","post","type-post","status-publish","format-standard","has-post-thumbnail","hentry","category-esportes"],"yoast_head":"<!-- This site is optimized with the Yoast SEO plugin v27.4 - https:\/\/yoast.com\/product\/yoast-seo-wordpress\/ -->\n<title>Tatiana Weston-Webb far\u00e1 pausa na carreira para cuidar da sa\u00fade mental - Transam\u00e9rica Mococa 93,3<\/title>\n<meta name=\"robots\" content=\"index, follow, max-snippet:-1, max-image-preview:large, max-video-preview:-1\" \/>\n<link rel=\"canonical\" href=\"https:\/\/transamerica93.com.br\/home\/tatiana-weston-webb-fara-pausa-na-carreira-para-cuidar-da-saude-mental\/\" \/>\n<meta property=\"og:locale\" content=\"pt_BR\" \/>\n<meta property=\"og:type\" content=\"article\" \/>\n<meta property=\"og:title\" content=\"Tatiana Weston-Webb far\u00e1 pausa na carreira para cuidar da sa\u00fade mental - Transam\u00e9rica Mococa 93,3\" \/>\n<meta property=\"og:description\" content=\"A brasileira Tatiana Weston-Webb anunciou nesta quinta-feira (27) que vai se afastar das competi\u00e7\u00f5es de surfe at\u00e9 o final deste ano para cuidar da sa\u00fade mental. Ela publicou um v\u00eddeo nas redes sociais em que explica os motivos para tomar a decis\u00e3o. Tati atualmente ocupa a 17\u00aa posi\u00e7\u00e3o no ranking da Liga Mundial de Surfe &hellip;\" \/>\n<meta property=\"og:url\" content=\"https:\/\/transamerica93.com.br\/home\/tatiana-weston-webb-fara-pausa-na-carreira-para-cuidar-da-saude-mental\/\" \/>\n<meta property=\"og:site_name\" content=\"Transam\u00e9rica Mococa 93,3\" \/>\n<meta property=\"article:publisher\" content=\"https:\/\/www.facebook.com\/transamericamococa\" \/>\n<meta property=\"article:published_time\" content=\"2025-04-03T15:00:30+00:00\" \/>\n<meta property=\"og:image\" content=\"https:\/\/transamerica93.com.br\/home\/wp-content\/uploads\/2025\/04\/Sem-titulo-1.png\" \/>\n\t<meta property=\"og:image:width\" content=\"1170\" \/>\n\t<meta property=\"og:image:height\" content=\"700\" \/>\n\t<meta property=\"og:image:type\" content=\"image\/png\" \/>\n<meta name=\"author\" content=\"Reda\u00e7\u00e3o\" \/>\n<meta name=\"twitter:card\" content=\"summary_large_image\" \/>\n<meta name=\"twitter:creator\" content=\"@transamerica933\" \/>\n<meta name=\"twitter:site\" content=\"@transamerica933\" \/>\n<meta name=\"twitter:label1\" content=\"Escrito por\" \/>\n\t<meta name=\"twitter:data1\" content=\"Reda\u00e7\u00e3o\" \/>\n\t<meta name=\"twitter:label2\" content=\"Est. tempo de leitura\" \/>\n\t<meta name=\"twitter:data2\" content=\"2 minutos\" \/>\n<script type=\"application\/ld+json\" class=\"yoast-schema-graph\">{\"@context\":\"https:\\\/\\\/schema.org\",\"@graph\":[{\"@type\":\"Article\",\"@id\":\"https:\\\/\\\/transamerica93.com.br\\\/home\\\/tatiana-weston-webb-fara-pausa-na-carreira-para-cuidar-da-saude-mental\\\/#article\",\"isPartOf\":{\"@id\":\"https:\\\/\\\/transamerica93.com.br\\\/home\\\/tatiana-weston-webb-fara-pausa-na-carreira-para-cuidar-da-saude-mental\\\/\"},\"author\":{\"name\":\"Reda\u00e7\u00e3o\",\"@id\":\"https:\\\/\\\/transamerica93.com.br\\\/home\\\/#\\\/schema\\\/person\\\/7fed7c99c0d4562efa8561bc0f543172\"},\"headline\":\"Tatiana Weston-Webb far\u00e1 pausa na carreira para cuidar da sa\u00fade mental\",\"datePublished\":\"2025-04-03T15:00:30+00:00\",\"mainEntityOfPage\":{\"@id\":\"https:\\\/\\\/transamerica93.com.br\\\/home\\\/tatiana-weston-webb-fara-pausa-na-carreira-para-cuidar-da-saude-mental\\\/\"},\"wordCount\":378,\"publisher\":{\"@id\":\"https:\\\/\\\/transamerica93.com.br\\\/home\\\/#organization\"},\"image\":{\"@id\":\"https:\\\/\\\/transamerica93.com.br\\\/home\\\/tatiana-weston-webb-fara-pausa-na-carreira-para-cuidar-da-saude-mental\\\/#primaryimage\"},\"thumbnailUrl\":\"https:\\\/\\\/transamerica93.com.br\\\/home\\\/wp-content\\\/uploads\\\/2025\\\/04\\\/Sem-titulo-1.png\",\"articleSection\":[\"Esportes\"],\"inLanguage\":\"pt-BR\"},{\"@type\":\"WebPage\",\"@id\":\"https:\\\/\\\/transamerica93.com.br\\\/home\\\/tatiana-weston-webb-fara-pausa-na-carreira-para-cuidar-da-saude-mental\\\/\",\"url\":\"https:\\\/\\\/transamerica93.com.br\\\/home\\\/tatiana-weston-webb-fara-pausa-na-carreira-para-cuidar-da-saude-mental\\\/\",\"name\":\"Tatiana Weston-Webb far\u00e1 pausa na carreira para cuidar da sa\u00fade mental - Transam\u00e9rica Mococa 93,3\",\"isPartOf\":{\"@id\":\"https:\\\/\\\/transamerica93.com.br\\\/home\\\/#website\"},\"primaryImageOfPage\":{\"@id\":\"https:\\\/\\\/transamerica93.com.br\\\/home\\\/tatiana-weston-webb-fara-pausa-na-carreira-para-cuidar-da-saude-mental\\\/#primaryimage\"},\"image\":{\"@id\":\"https:\\\/\\\/transamerica93.com.br\\\/home\\\/tatiana-weston-webb-fara-pausa-na-carreira-para-cuidar-da-saude-mental\\\/#primaryimage\"},\"thumbnailUrl\":\"https:\\\/\\\/transamerica93.com.br\\\/home\\\/wp-content\\\/uploads\\\/2025\\\/04\\\/Sem-titulo-1.png\",\"datePublished\":\"2025-04-03T15:00:30+00:00\",\"breadcrumb\":{\"@id\":\"https:\\\/\\\/transamerica93.com.br\\\/home\\\/tatiana-weston-webb-fara-pausa-na-carreira-para-cuidar-da-saude-mental\\\/#breadcrumb\"},\"inLanguage\":\"pt-BR\",\"potentialAction\":[{\"@type\":\"ReadAction\",\"target\":[\"https:\\\/\\\/transamerica93.com.br\\\/home\\\/tatiana-weston-webb-fara-pausa-na-carreira-para-cuidar-da-saude-mental\\\/\"]}]},{\"@type\":\"ImageObject\",\"inLanguage\":\"pt-BR\",\"@id\":\"https:\\\/\\\/transamerica93.com.br\\\/home\\\/tatiana-weston-webb-fara-pausa-na-carreira-para-cuidar-da-saude-mental\\\/#primaryimage\",\"url\":\"https:\\\/\\\/transamerica93.com.br\\\/home\\\/wp-content\\\/uploads\\\/2025\\\/04\\\/Sem-titulo-1.png\",\"contentUrl\":\"https:\\\/\\\/transamerica93.com.br\\\/home\\\/wp-content\\\/uploads\\\/2025\\\/04\\\/Sem-titulo-1.png\",\"width\":1170,\"height\":700},{\"@type\":\"BreadcrumbList\",\"@id\":\"https:\\\/\\\/transamerica93.com.br\\\/home\\\/tatiana-weston-webb-fara-pausa-na-carreira-para-cuidar-da-saude-mental\\\/#breadcrumb\",\"itemListElement\":[{\"@type\":\"ListItem\",\"position\":1,\"name\":\"In\u00edcio\",\"item\":\"https:\\\/\\\/transamerica93.com.br\\\/home\\\/\"},{\"@type\":\"ListItem\",\"position\":2,\"name\":\"Tatiana Weston-Webb far\u00e1 pausa na carreira para cuidar da sa\u00fade mental\"}]},{\"@type\":\"WebSite\",\"@id\":\"https:\\\/\\\/transamerica93.com.br\\\/home\\\/#website\",\"url\":\"https:\\\/\\\/transamerica93.com.br\\\/home\\\/\",\"name\":\"Transam\u00e9rica Mococa 93,3\",\"description\":\"\",\"publisher\":{\"@id\":\"https:\\\/\\\/transamerica93.com.br\\\/home\\\/#organization\"},\"potentialAction\":[{\"@type\":\"SearchAction\",\"target\":{\"@type\":\"EntryPoint\",\"urlTemplate\":\"https:\\\/\\\/transamerica93.com.br\\\/home\\\/?s={search_term_string}\"},\"query-input\":{\"@type\":\"PropertyValueSpecification\",\"valueRequired\":true,\"valueName\":\"search_term_string\"}}],\"inLanguage\":\"pt-BR\"},{\"@type\":\"Organization\",\"@id\":\"https:\\\/\\\/transamerica93.com.br\\\/home\\\/#organization\",\"name\":\"Transam\u00e9rica Mococa 93,3\",\"url\":\"https:\\\/\\\/transamerica93.com.br\\\/home\\\/\",\"logo\":{\"@type\":\"ImageObject\",\"inLanguage\":\"pt-BR\",\"@id\":\"https:\\\/\\\/transamerica93.com.br\\\/home\\\/#\\\/schema\\\/logo\\\/image\\\/\",\"url\":\"https:\\\/\\\/transamerica93.com.br\\\/home\\\/wp-content\\\/uploads\\\/2023\\\/10\\\/logo2.png\",\"contentUrl\":\"https:\\\/\\\/transamerica93.com.br\\\/home\\\/wp-content\\\/uploads\\\/2023\\\/10\\\/logo2.png\",\"width\":800,\"height\":500,\"caption\":\"Transam\u00e9rica Mococa 93,3\"},\"image\":{\"@id\":\"https:\\\/\\\/transamerica93.com.br\\\/home\\\/#\\\/schema\\\/logo\\\/image\\\/\"},\"sameAs\":[\"https:\\\/\\\/www.facebook.com\\\/transamericamococa\",\"https:\\\/\\\/x.com\\\/transamerica933\",\"https:\\\/\\\/www.instagram.com\\\/transamericamococa\"]},{\"@type\":\"Person\",\"@id\":\"https:\\\/\\\/transamerica93.com.br\\\/home\\\/#\\\/schema\\\/person\\\/7fed7c99c0d4562efa8561bc0f543172\",\"name\":\"Reda\u00e7\u00e3o\",\"image\":{\"@type\":\"ImageObject\",\"inLanguage\":\"pt-BR\",\"@id\":\"https:\\\/\\\/secure.gravatar.com\\\/avatar\\\/1072c6b775fb02ef8506ce967551d95926669a6b7d2c2147b42eea4d7c68395e?s=96&d=mm&r=g\",\"url\":\"https:\\\/\\\/secure.gravatar.com\\\/avatar\\\/1072c6b775fb02ef8506ce967551d95926669a6b7d2c2147b42eea4d7c68395e?s=96&d=mm&r=g\",\"contentUrl\":\"https:\\\/\\\/secure.gravatar.com\\\/avatar\\\/1072c6b775fb02ef8506ce967551d95926669a6b7d2c2147b42eea4d7c68395e?s=96&d=mm&r=g\",\"caption\":\"Reda\u00e7\u00e3o\"},\"sameAs\":[\"https:\\\/\\\/transamerica93.com.br\\\/home\"],\"url\":\"https:\\\/\\\/transamerica93.com.br\\\/home\\\/author\\\/william\\\/\"}]}<\/script>\n<!-- \/ Yoast SEO plugin. -->","yoast_head_json":{"title":"Tatiana Weston-Webb far\u00e1 pausa na carreira para cuidar da sa\u00fade mental - Transam\u00e9rica Mococa 93,3","robots":{"index":"index","follow":"follow","max-snippet":"max-snippet:-1","max-image-preview":"max-image-preview:large","max-video-preview":"max-video-preview:-1"},"canonical":"https:\/\/transamerica93.com.br\/home\/tatiana-weston-webb-fara-pausa-na-carreira-para-cuidar-da-saude-mental\/","og_locale":"pt_BR","og_type":"article","og_title":"Tatiana Weston-Webb far\u00e1 pausa na carreira para cuidar da sa\u00fade mental - Transam\u00e9rica Mococa 93,3","og_description":"A brasileira Tatiana Weston-Webb anunciou nesta quinta-feira (27) que vai se afastar das competi\u00e7\u00f5es de surfe at\u00e9 o final deste ano para cuidar da sa\u00fade mental. Ela publicou um v\u00eddeo nas redes sociais em que explica os motivos para tomar a decis\u00e3o. Tati atualmente ocupa a 17\u00aa posi\u00e7\u00e3o no ranking da Liga Mundial de Surfe &hellip;","og_url":"https:\/\/transamerica93.com.br\/home\/tatiana-weston-webb-fara-pausa-na-carreira-para-cuidar-da-saude-mental\/","og_site_name":"Transam\u00e9rica Mococa 93,3","article_publisher":"https:\/\/www.facebook.com\/transamericamococa","article_published_time":"2025-04-03T15:00:30+00:00","og_image":[{"width":1170,"height":700,"url":"https:\/\/transamerica93.com.br\/home\/wp-content\/uploads\/2025\/04\/Sem-titulo-1.png","type":"image\/png"}],"author":"Reda\u00e7\u00e3o","twitter_card":"summary_large_image","twitter_creator":"@transamerica933","twitter_site":"@transamerica933","twitter_misc":{"Escrito por":"Reda\u00e7\u00e3o","Est. tempo de leitura":"2 minutos"},"schema":{"@context":"https:\/\/schema.org","@graph":[{"@type":"Article","@id":"https:\/\/transamerica93.com.br\/home\/tatiana-weston-webb-fara-pausa-na-carreira-para-cuidar-da-saude-mental\/#article","isPartOf":{"@id":"https:\/\/transamerica93.com.br\/home\/tatiana-weston-webb-fara-pausa-na-carreira-para-cuidar-da-saude-mental\/"},"author":{"name":"Reda\u00e7\u00e3o","@id":"https:\/\/transamerica93.com.br\/home\/#\/schema\/person\/7fed7c99c0d4562efa8561bc0f543172"},"headline":"Tatiana Weston-Webb far\u00e1 pausa na carreira para cuidar da sa\u00fade mental","datePublished":"2025-04-03T15:00:30+00:00","mainEntityOfPage":{"@id":"https:\/\/transamerica93.com.br\/home\/tatiana-weston-webb-fara-pausa-na-carreira-para-cuidar-da-saude-mental\/"},"wordCount":378,"publisher":{"@id":"https:\/\/transamerica93.com.br\/home\/#organization"},"image":{"@id":"https:\/\/transamerica93.com.br\/home\/tatiana-weston-webb-fara-pausa-na-carreira-para-cuidar-da-saude-mental\/#primaryimage"},"thumbnailUrl":"https:\/\/transamerica93.com.br\/home\/wp-content\/uploads\/2025\/04\/Sem-titulo-1.png","articleSection":["Esportes"],"inLanguage":"pt-BR"},{"@type":"WebPage","@id":"https:\/\/transamerica93.com.br\/home\/tatiana-weston-webb-fara-pausa-na-carreira-para-cuidar-da-saude-mental\/","url":"https:\/\/transamerica93.com.br\/home\/tatiana-weston-webb-fara-pausa-na-carreira-para-cuidar-da-saude-mental\/","name":"Tatiana Weston-Webb far\u00e1 pausa na carreira para cuidar da sa\u00fade mental - Transam\u00e9rica Mococa 93,3","isPartOf":{"@id":"https:\/\/transamerica93.com.br\/home\/#website"},"primaryImageOfPage":{"@id":"https:\/\/transamerica93.com.br\/home\/tatiana-weston-webb-fara-pausa-na-carreira-para-cuidar-da-saude-mental\/#primaryimage"},"image":{"@id":"https:\/\/transamerica93.com.br\/home\/tatiana-weston-webb-fara-pausa-na-carreira-para-cuidar-da-saude-mental\/#primaryimage"},"thumbnailUrl":"https:\/\/transamerica93.com.br\/home\/wp-content\/uploads\/2025\/04\/Sem-titulo-1.png","datePublished":"2025-04-03T15:00:30+00:00","breadcrumb":{"@id":"https:\/\/transamerica93.com.br\/home\/tatiana-weston-webb-fara-pausa-na-carreira-para-cuidar-da-saude-mental\/#breadcrumb"},"inLanguage":"pt-BR","potentialAction":[{"@type":"ReadAction","target":["https:\/\/transamerica93.com.br\/home\/tatiana-weston-webb-fara-pausa-na-carreira-para-cuidar-da-saude-mental\/"]}]},{"@type":"ImageObject","inLanguage":"pt-BR","@id":"https:\/\/transamerica93.com.br\/home\/tatiana-weston-webb-fara-pausa-na-carreira-para-cuidar-da-saude-mental\/#primaryimage","url":"https:\/\/transamerica93.com.br\/home\/wp-content\/uploads\/2025\/04\/Sem-titulo-1.png","contentUrl":"https:\/\/transamerica93.com.br\/home\/wp-content\/uploads\/2025\/04\/Sem-titulo-1.png","width":1170,"height":700},{"@type":"BreadcrumbList","@id":"https:\/\/transamerica93.com.br\/home\/tatiana-weston-webb-fara-pausa-na-carreira-para-cuidar-da-saude-mental\/#breadcrumb","itemListElement":[{"@type":"ListItem","position":1,"name":"In\u00edcio","item":"https:\/\/transamerica93.com.br\/home\/"},{"@type":"ListItem","position":2,"name":"Tatiana Weston-Webb far\u00e1 pausa na carreira para cuidar da sa\u00fade mental"}]},{"@type":"WebSite","@id":"https:\/\/transamerica93.com.br\/home\/#website","url":"https:\/\/transamerica93.com.br\/home\/","name":"Transam\u00e9rica Mococa 93,3","description":"","publisher":{"@id":"https:\/\/transamerica93.com.br\/home\/#organization"},"potentialAction":[{"@type":"SearchAction","target":{"@type":"EntryPoint","urlTemplate":"https:\/\/transamerica93.com.br\/home\/?s={search_term_string}"},"query-input":{"@type":"PropertyValueSpecification","valueRequired":true,"valueName":"search_term_string"}}],"inLanguage":"pt-BR"},{"@type":"Organization","@id":"https:\/\/transamerica93.com.br\/home\/#organization","name":"Transam\u00e9rica Mococa 93,3","url":"https:\/\/transamerica93.com.br\/home\/","logo":{"@type":"ImageObject","inLanguage":"pt-BR","@id":"https:\/\/transamerica93.com.br\/home\/#\/schema\/logo\/image\/","url":"https:\/\/transamerica93.com.br\/home\/wp-content\/uploads\/2023\/10\/logo2.png","contentUrl":"https:\/\/transamerica93.com.br\/home\/wp-content\/uploads\/2023\/10\/logo2.png","width":800,"height":500,"caption":"Transam\u00e9rica Mococa 93,3"},"image":{"@id":"https:\/\/transamerica93.com.br\/home\/#\/schema\/logo\/image\/"},"sameAs":["https:\/\/www.facebook.com\/transamericamococa","https:\/\/x.com\/transamerica933","https:\/\/www.instagram.com\/transamericamococa"]},{"@type":"Person","@id":"https:\/\/transamerica93.com.br\/home\/#\/schema\/person\/7fed7c99c0d4562efa8561bc0f543172","name":"Reda\u00e7\u00e3o","image":{"@type":"ImageObject","inLanguage":"pt-BR","@id":"https:\/\/secure.gravatar.com\/avatar\/1072c6b775fb02ef8506ce967551d95926669a6b7d2c2147b42eea4d7c68395e?s=96&d=mm&r=g","url":"https:\/\/secure.gravatar.com\/avatar\/1072c6b775fb02ef8506ce967551d95926669a6b7d2c2147b42eea4d7c68395e?s=96&d=mm&r=g","contentUrl":"https:\/\/secure.gravatar.com\/avatar\/1072c6b775fb02ef8506ce967551d95926669a6b7d2c2147b42eea4d7c68395e?s=96&d=mm&r=g","caption":"Reda\u00e7\u00e3o"},"sameAs":["https:\/\/transamerica93.com.br\/home"],"url":"https:\/\/transamerica93.com.br\/home\/author\/william\/"}]}},"_links":{"self":[{"href":"https:\/\/transamerica93.com.br\/home\/wp-json\/wp\/v2\/posts\/5059","targetHints":{"allow":["GET"]}}],"collection":[{"href":"https:\/\/transamerica93.com.br\/home\/wp-json\/wp\/v2\/posts"}],"about":[{"href":"https:\/\/transamerica93.com.br\/home\/wp-json\/wp\/v2\/types\/post"}],"author":[{"embeddable":true,"href":"https:\/\/transamerica93.com.br\/home\/wp-json\/wp\/v2\/users\/1"}],"replies":[{"embeddable":true,"href":"https:\/\/transamerica93.com.br\/home\/wp-json\/wp\/v2\/comments?post=5059"}],"version-history":[{"count":1,"href":"https:\/\/transamerica93.com.br\/home\/wp-json\/wp\/v2\/posts\/5059\/revisions"}],"predecessor-version":[{"id":5061,"href":"https:\/\/transamerica93.com.br\/home\/wp-json\/wp\/v2\/posts\/5059\/revisions\/5061"}],"wp:featuredmedia":[{"embeddable":true,"href":"https:\/\/transamerica93.com.br\/home\/wp-json\/wp\/v2\/media\/5060"}],"wp:attachment":[{"href":"https:\/\/transamerica93.com.br\/home\/wp-json\/wp\/v2\/media?parent=5059"}],"wp:term":[{"taxonomy":"category","embeddable":true,"href":"https:\/\/transamerica93.com.br\/home\/wp-json\/wp\/v2\/categories?post=5059"},{"taxonomy":"post_tag","embeddable":true,"href":"https:\/\/transamerica93.com.br\/home\/wp-json\/wp\/v2\/tags?post=5059"}],"curies":[{"name":"wp","href":"https:\/\/api.w.org\/{rel}","templated":true}]}}