{"id":5065,"date":"2025-04-02T18:00:18","date_gmt":"2025-04-02T21:00:18","guid":{"rendered":"https:\/\/transamerica93.com.br\/home\/?p=5065"},"modified":"2025-04-01T21:17:52","modified_gmt":"2025-04-02T00:17:52","slug":"astros-do-cinema-e-votantes-repudiam-academia-do-oscar-por-resposta-a-diretor-palestino","status":"publish","type":"post","link":"https:\/\/transamerica93.com.br\/home\/astros-do-cinema-e-votantes-repudiam-academia-do-oscar-por-resposta-a-diretor-palestino\/","title":{"rendered":"Astros do cinema e votantes repudiam Academia do Oscar por resposta a diretor palestino"},"content":{"rendered":"<p>Por Reda\u00e7\u00e3o C2<\/p>\n<p>V\u00e1rios astros de Hollywood, como Olivia Colman, Joaquin Phoenix, Mark Ruffalo, Javier Bardem, Pen\u00e9lope Cruz, Emma Thompson, entre outros, assinaram uma declara\u00e7\u00e3o exigindo uma resposta mais contundente da Academia do Oscar referente ao caso do cineasta Hamdan Ballal. A informa\u00e7\u00e3o \u00e9 do portal Deadline.<\/p>\n<p>O diretor palestino e vencedor do pr\u00eamio pelo filme Sem Ch\u00e3o, detido ap\u00f3s ser espancado por colonos israelenses, foi liberado da pris\u00e3o por Israel na \u00faltima ter\u00e7a-feira, 25.<\/p>\n<p>A lista tamb\u00e9m traz a assinatura dos seguintes brasileiros votantes no Oscar: Alice Braga, Lais Bodanzky, Pedro Kos, Rodrigo Teixeira, Maria Augusta Ramos, Anna Muylaert, Paula Barreto, Al\u00ea Abreu, Petra Costa, Daniel Rezende, Sara Silveira e Vania Catani.<\/p>\n<p>&#8220;N\u00f3s condenamos o ataque brutal e a deten\u00e7\u00e3o ilegal do cineasta palestino ganhador do Oscar Hamdan Ballal por colonos e for\u00e7as israelenses na Cisjord\u00e2nia&#8221;, diz a carta. &#8220;Como artistas, dependemos de nossa capacidade de contar hist\u00f3rias sem repres\u00e1lias. Os documentaristas frequentemente se exp\u00f5em a riscos extremos para esclarecer o mundo. \u00c9 indefens\u00e1vel para uma organiza\u00e7\u00e3o reconhecer um filme com um pr\u00eamio na primeira semana de mar\u00e7o e, em seguida, deixar de defender seus cineastas apenas algumas semanas depois.&#8221;<\/p>\n<p>Um comunicado da presidente da Academia, Janet Yang, e do presidente-executivo, Bill Kramer, foi enviado aos membros depois que o codiretor do filme Yuval Abraham criticou seu sil\u00eancio ap\u00f3s o ataque.<\/p>\n<p>O texto condenava ataques a artistas, mas n\u00e3o mencionava o nome de Ballal ou do document\u00e1rio. &#8220;Compreensivelmente, somos frequentemente solicitados a falar em nome da Academia em resposta a eventos sociais, pol\u00edticos e econ\u00f4micos. Nesses casos, \u00e9 importante notar que a Academia representa cerca de 11 000 membros globais com muitos pontos de vista \u00fanicos&#8221;, dizia o comunicado.<\/p>\n","protected":false},"excerpt":{"rendered":"<p>Por Reda\u00e7\u00e3o C2 V\u00e1rios astros de Hollywood, como Olivia Colman, Joaquin Phoenix, Mark Ruffalo, Javier Bardem, Pen\u00e9lope Cruz, Emma Thompson, entre outros, assinaram uma declara\u00e7\u00e3o exigindo uma resposta mais contundente da Academia do Oscar referente ao caso do cineasta Hamdan Ballal. A informa\u00e7\u00e3o \u00e9 do portal Deadline. O diretor palestino e vencedor do pr\u00eamio pelo &hellip;<\/p>\n","protected":false},"author":1,"featured_media":5066,"comment_status":"closed","ping_status":"closed","sticky":false,"template":"","format":"standard","meta":{"footnotes":""},"categories":[24],"tags":[],"class_list":["post-5065","post","type-post","status-publish","format-standard","has-post-thumbnail","hentry","category-entretenimento"],"yoast_head":"<!-- This site is optimized with the Yoast SEO plugin v27.4 - https:\/\/yoast.com\/product\/yoast-seo-wordpress\/ -->\n<title>Astros do cinema e votantes repudiam Academia do Oscar por resposta a diretor palestino - Transam\u00e9rica Mococa 93,3<\/title>\n<meta name=\"robots\" content=\"index, follow, max-snippet:-1, max-image-preview:large, max-video-preview:-1\" \/>\n<link rel=\"canonical\" href=\"https:\/\/transamerica93.com.br\/home\/astros-do-cinema-e-votantes-repudiam-academia-do-oscar-por-resposta-a-diretor-palestino\/\" \/>\n<meta property=\"og:locale\" content=\"pt_BR\" \/>\n<meta property=\"og:type\" content=\"article\" \/>\n<meta property=\"og:title\" content=\"Astros do cinema e votantes repudiam Academia do Oscar por resposta a diretor palestino - Transam\u00e9rica Mococa 93,3\" \/>\n<meta property=\"og:description\" content=\"Por Reda\u00e7\u00e3o C2 V\u00e1rios astros de Hollywood, como Olivia Colman, Joaquin Phoenix, Mark Ruffalo, Javier Bardem, Pen\u00e9lope Cruz, Emma Thompson, entre outros, assinaram uma declara\u00e7\u00e3o exigindo uma resposta mais contundente da Academia do Oscar referente ao caso do cineasta Hamdan Ballal. A informa\u00e7\u00e3o \u00e9 do portal Deadline. O diretor palestino e vencedor do pr\u00eamio pelo &hellip;\" \/>\n<meta property=\"og:url\" content=\"https:\/\/transamerica93.com.br\/home\/astros-do-cinema-e-votantes-repudiam-academia-do-oscar-por-resposta-a-diretor-palestino\/\" \/>\n<meta property=\"og:site_name\" content=\"Transam\u00e9rica Mococa 93,3\" \/>\n<meta property=\"article:publisher\" content=\"https:\/\/www.facebook.com\/transamericamococa\" \/>\n<meta property=\"article:published_time\" content=\"2025-04-02T21:00:18+00:00\" \/>\n<meta property=\"og:image\" content=\"https:\/\/transamerica93.com.br\/home\/wp-content\/uploads\/2025\/04\/Sem-titulo-3.png\" \/>\n\t<meta property=\"og:image:width\" content=\"1169\" \/>\n\t<meta property=\"og:image:height\" content=\"609\" \/>\n\t<meta property=\"og:image:type\" content=\"image\/png\" \/>\n<meta name=\"author\" content=\"Reda\u00e7\u00e3o\" \/>\n<meta name=\"twitter:card\" content=\"summary_large_image\" \/>\n<meta name=\"twitter:creator\" content=\"@transamerica933\" \/>\n<meta name=\"twitter:site\" content=\"@transamerica933\" \/>\n<meta name=\"twitter:label1\" content=\"Escrito por\" \/>\n\t<meta name=\"twitter:data1\" content=\"Reda\u00e7\u00e3o\" \/>\n\t<meta name=\"twitter:label2\" content=\"Est. tempo de leitura\" \/>\n\t<meta name=\"twitter:data2\" content=\"2 minutos\" \/>\n<script type=\"application\/ld+json\" class=\"yoast-schema-graph\">{\"@context\":\"https:\\\/\\\/schema.org\",\"@graph\":[{\"@type\":\"Article\",\"@id\":\"https:\\\/\\\/transamerica93.com.br\\\/home\\\/astros-do-cinema-e-votantes-repudiam-academia-do-oscar-por-resposta-a-diretor-palestino\\\/#article\",\"isPartOf\":{\"@id\":\"https:\\\/\\\/transamerica93.com.br\\\/home\\\/astros-do-cinema-e-votantes-repudiam-academia-do-oscar-por-resposta-a-diretor-palestino\\\/\"},\"author\":{\"name\":\"Reda\u00e7\u00e3o\",\"@id\":\"https:\\\/\\\/transamerica93.com.br\\\/home\\\/#\\\/schema\\\/person\\\/7fed7c99c0d4562efa8561bc0f543172\"},\"headline\":\"Astros do cinema e votantes repudiam Academia do Oscar por resposta a diretor palestino\",\"datePublished\":\"2025-04-02T21:00:18+00:00\",\"mainEntityOfPage\":{\"@id\":\"https:\\\/\\\/transamerica93.com.br\\\/home\\\/astros-do-cinema-e-votantes-repudiam-academia-do-oscar-por-resposta-a-diretor-palestino\\\/\"},\"wordCount\":316,\"publisher\":{\"@id\":\"https:\\\/\\\/transamerica93.com.br\\\/home\\\/#organization\"},\"image\":{\"@id\":\"https:\\\/\\\/transamerica93.com.br\\\/home\\\/astros-do-cinema-e-votantes-repudiam-academia-do-oscar-por-resposta-a-diretor-palestino\\\/#primaryimage\"},\"thumbnailUrl\":\"https:\\\/\\\/transamerica93.com.br\\\/home\\\/wp-content\\\/uploads\\\/2025\\\/04\\\/Sem-titulo-3.png\",\"articleSection\":[\"Entretenimento\"],\"inLanguage\":\"pt-BR\"},{\"@type\":\"WebPage\",\"@id\":\"https:\\\/\\\/transamerica93.com.br\\\/home\\\/astros-do-cinema-e-votantes-repudiam-academia-do-oscar-por-resposta-a-diretor-palestino\\\/\",\"url\":\"https:\\\/\\\/transamerica93.com.br\\\/home\\\/astros-do-cinema-e-votantes-repudiam-academia-do-oscar-por-resposta-a-diretor-palestino\\\/\",\"name\":\"Astros do cinema e votantes repudiam Academia do Oscar por resposta a diretor palestino - Transam\u00e9rica Mococa 93,3\",\"isPartOf\":{\"@id\":\"https:\\\/\\\/transamerica93.com.br\\\/home\\\/#website\"},\"primaryImageOfPage\":{\"@id\":\"https:\\\/\\\/transamerica93.com.br\\\/home\\\/astros-do-cinema-e-votantes-repudiam-academia-do-oscar-por-resposta-a-diretor-palestino\\\/#primaryimage\"},\"image\":{\"@id\":\"https:\\\/\\\/transamerica93.com.br\\\/home\\\/astros-do-cinema-e-votantes-repudiam-academia-do-oscar-por-resposta-a-diretor-palestino\\\/#primaryimage\"},\"thumbnailUrl\":\"https:\\\/\\\/transamerica93.com.br\\\/home\\\/wp-content\\\/uploads\\\/2025\\\/04\\\/Sem-titulo-3.png\",\"datePublished\":\"2025-04-02T21:00:18+00:00\",\"breadcrumb\":{\"@id\":\"https:\\\/\\\/transamerica93.com.br\\\/home\\\/astros-do-cinema-e-votantes-repudiam-academia-do-oscar-por-resposta-a-diretor-palestino\\\/#breadcrumb\"},\"inLanguage\":\"pt-BR\",\"potentialAction\":[{\"@type\":\"ReadAction\",\"target\":[\"https:\\\/\\\/transamerica93.com.br\\\/home\\\/astros-do-cinema-e-votantes-repudiam-academia-do-oscar-por-resposta-a-diretor-palestino\\\/\"]}]},{\"@type\":\"ImageObject\",\"inLanguage\":\"pt-BR\",\"@id\":\"https:\\\/\\\/transamerica93.com.br\\\/home\\\/astros-do-cinema-e-votantes-repudiam-academia-do-oscar-por-resposta-a-diretor-palestino\\\/#primaryimage\",\"url\":\"https:\\\/\\\/transamerica93.com.br\\\/home\\\/wp-content\\\/uploads\\\/2025\\\/04\\\/Sem-titulo-3.png\",\"contentUrl\":\"https:\\\/\\\/transamerica93.com.br\\\/home\\\/wp-content\\\/uploads\\\/2025\\\/04\\\/Sem-titulo-3.png\",\"width\":1169,\"height\":609},{\"@type\":\"BreadcrumbList\",\"@id\":\"https:\\\/\\\/transamerica93.com.br\\\/home\\\/astros-do-cinema-e-votantes-repudiam-academia-do-oscar-por-resposta-a-diretor-palestino\\\/#breadcrumb\",\"itemListElement\":[{\"@type\":\"ListItem\",\"position\":1,\"name\":\"In\u00edcio\",\"item\":\"https:\\\/\\\/transamerica93.com.br\\\/home\\\/\"},{\"@type\":\"ListItem\",\"position\":2,\"name\":\"Astros do cinema e votantes repudiam Academia do Oscar por resposta a diretor palestino\"}]},{\"@type\":\"WebSite\",\"@id\":\"https:\\\/\\\/transamerica93.com.br\\\/home\\\/#website\",\"url\":\"https:\\\/\\\/transamerica93.com.br\\\/home\\\/\",\"name\":\"Transam\u00e9rica Mococa 93,3\",\"description\":\"\",\"publisher\":{\"@id\":\"https:\\\/\\\/transamerica93.com.br\\\/home\\\/#organization\"},\"potentialAction\":[{\"@type\":\"SearchAction\",\"target\":{\"@type\":\"EntryPoint\",\"urlTemplate\":\"https:\\\/\\\/transamerica93.com.br\\\/home\\\/?s={search_term_string}\"},\"query-input\":{\"@type\":\"PropertyValueSpecification\",\"valueRequired\":true,\"valueName\":\"search_term_string\"}}],\"inLanguage\":\"pt-BR\"},{\"@type\":\"Organization\",\"@id\":\"https:\\\/\\\/transamerica93.com.br\\\/home\\\/#organization\",\"name\":\"Transam\u00e9rica Mococa 93,3\",\"url\":\"https:\\\/\\\/transamerica93.com.br\\\/home\\\/\",\"logo\":{\"@type\":\"ImageObject\",\"inLanguage\":\"pt-BR\",\"@id\":\"https:\\\/\\\/transamerica93.com.br\\\/home\\\/#\\\/schema\\\/logo\\\/image\\\/\",\"url\":\"https:\\\/\\\/transamerica93.com.br\\\/home\\\/wp-content\\\/uploads\\\/2023\\\/10\\\/logo2.png\",\"contentUrl\":\"https:\\\/\\\/transamerica93.com.br\\\/home\\\/wp-content\\\/uploads\\\/2023\\\/10\\\/logo2.png\",\"width\":800,\"height\":500,\"caption\":\"Transam\u00e9rica Mococa 93,3\"},\"image\":{\"@id\":\"https:\\\/\\\/transamerica93.com.br\\\/home\\\/#\\\/schema\\\/logo\\\/image\\\/\"},\"sameAs\":[\"https:\\\/\\\/www.facebook.com\\\/transamericamococa\",\"https:\\\/\\\/x.com\\\/transamerica933\",\"https:\\\/\\\/www.instagram.com\\\/transamericamococa\"]},{\"@type\":\"Person\",\"@id\":\"https:\\\/\\\/transamerica93.com.br\\\/home\\\/#\\\/schema\\\/person\\\/7fed7c99c0d4562efa8561bc0f543172\",\"name\":\"Reda\u00e7\u00e3o\",\"image\":{\"@type\":\"ImageObject\",\"inLanguage\":\"pt-BR\",\"@id\":\"https:\\\/\\\/secure.gravatar.com\\\/avatar\\\/1072c6b775fb02ef8506ce967551d95926669a6b7d2c2147b42eea4d7c68395e?s=96&d=mm&r=g\",\"url\":\"https:\\\/\\\/secure.gravatar.com\\\/avatar\\\/1072c6b775fb02ef8506ce967551d95926669a6b7d2c2147b42eea4d7c68395e?s=96&d=mm&r=g\",\"contentUrl\":\"https:\\\/\\\/secure.gravatar.com\\\/avatar\\\/1072c6b775fb02ef8506ce967551d95926669a6b7d2c2147b42eea4d7c68395e?s=96&d=mm&r=g\",\"caption\":\"Reda\u00e7\u00e3o\"},\"sameAs\":[\"https:\\\/\\\/transamerica93.com.br\\\/home\"],\"url\":\"https:\\\/\\\/transamerica93.com.br\\\/home\\\/author\\\/william\\\/\"}]}<\/script>\n<!-- \/ Yoast SEO plugin. -->","yoast_head_json":{"title":"Astros do cinema e votantes repudiam Academia do Oscar por resposta a diretor palestino - Transam\u00e9rica Mococa 93,3","robots":{"index":"index","follow":"follow","max-snippet":"max-snippet:-1","max-image-preview":"max-image-preview:large","max-video-preview":"max-video-preview:-1"},"canonical":"https:\/\/transamerica93.com.br\/home\/astros-do-cinema-e-votantes-repudiam-academia-do-oscar-por-resposta-a-diretor-palestino\/","og_locale":"pt_BR","og_type":"article","og_title":"Astros do cinema e votantes repudiam Academia do Oscar por resposta a diretor palestino - Transam\u00e9rica Mococa 93,3","og_description":"Por Reda\u00e7\u00e3o C2 V\u00e1rios astros de Hollywood, como Olivia Colman, Joaquin Phoenix, Mark Ruffalo, Javier Bardem, Pen\u00e9lope Cruz, Emma Thompson, entre outros, assinaram uma declara\u00e7\u00e3o exigindo uma resposta mais contundente da Academia do Oscar referente ao caso do cineasta Hamdan Ballal. A informa\u00e7\u00e3o \u00e9 do portal Deadline. O diretor palestino e vencedor do pr\u00eamio pelo &hellip;","og_url":"https:\/\/transamerica93.com.br\/home\/astros-do-cinema-e-votantes-repudiam-academia-do-oscar-por-resposta-a-diretor-palestino\/","og_site_name":"Transam\u00e9rica Mococa 93,3","article_publisher":"https:\/\/www.facebook.com\/transamericamococa","article_published_time":"2025-04-02T21:00:18+00:00","og_image":[{"width":1169,"height":609,"url":"https:\/\/transamerica93.com.br\/home\/wp-content\/uploads\/2025\/04\/Sem-titulo-3.png","type":"image\/png"}],"author":"Reda\u00e7\u00e3o","twitter_card":"summary_large_image","twitter_creator":"@transamerica933","twitter_site":"@transamerica933","twitter_misc":{"Escrito por":"Reda\u00e7\u00e3o","Est. tempo de leitura":"2 minutos"},"schema":{"@context":"https:\/\/schema.org","@graph":[{"@type":"Article","@id":"https:\/\/transamerica93.com.br\/home\/astros-do-cinema-e-votantes-repudiam-academia-do-oscar-por-resposta-a-diretor-palestino\/#article","isPartOf":{"@id":"https:\/\/transamerica93.com.br\/home\/astros-do-cinema-e-votantes-repudiam-academia-do-oscar-por-resposta-a-diretor-palestino\/"},"author":{"name":"Reda\u00e7\u00e3o","@id":"https:\/\/transamerica93.com.br\/home\/#\/schema\/person\/7fed7c99c0d4562efa8561bc0f543172"},"headline":"Astros do cinema e votantes repudiam Academia do Oscar por resposta a diretor palestino","datePublished":"2025-04-02T21:00:18+00:00","mainEntityOfPage":{"@id":"https:\/\/transamerica93.com.br\/home\/astros-do-cinema-e-votantes-repudiam-academia-do-oscar-por-resposta-a-diretor-palestino\/"},"wordCount":316,"publisher":{"@id":"https:\/\/transamerica93.com.br\/home\/#organization"},"image":{"@id":"https:\/\/transamerica93.com.br\/home\/astros-do-cinema-e-votantes-repudiam-academia-do-oscar-por-resposta-a-diretor-palestino\/#primaryimage"},"thumbnailUrl":"https:\/\/transamerica93.com.br\/home\/wp-content\/uploads\/2025\/04\/Sem-titulo-3.png","articleSection":["Entretenimento"],"inLanguage":"pt-BR"},{"@type":"WebPage","@id":"https:\/\/transamerica93.com.br\/home\/astros-do-cinema-e-votantes-repudiam-academia-do-oscar-por-resposta-a-diretor-palestino\/","url":"https:\/\/transamerica93.com.br\/home\/astros-do-cinema-e-votantes-repudiam-academia-do-oscar-por-resposta-a-diretor-palestino\/","name":"Astros do cinema e votantes repudiam Academia do Oscar por resposta a diretor palestino - Transam\u00e9rica Mococa 93,3","isPartOf":{"@id":"https:\/\/transamerica93.com.br\/home\/#website"},"primaryImageOfPage":{"@id":"https:\/\/transamerica93.com.br\/home\/astros-do-cinema-e-votantes-repudiam-academia-do-oscar-por-resposta-a-diretor-palestino\/#primaryimage"},"image":{"@id":"https:\/\/transamerica93.com.br\/home\/astros-do-cinema-e-votantes-repudiam-academia-do-oscar-por-resposta-a-diretor-palestino\/#primaryimage"},"thumbnailUrl":"https:\/\/transamerica93.com.br\/home\/wp-content\/uploads\/2025\/04\/Sem-titulo-3.png","datePublished":"2025-04-02T21:00:18+00:00","breadcrumb":{"@id":"https:\/\/transamerica93.com.br\/home\/astros-do-cinema-e-votantes-repudiam-academia-do-oscar-por-resposta-a-diretor-palestino\/#breadcrumb"},"inLanguage":"pt-BR","potentialAction":[{"@type":"ReadAction","target":["https:\/\/transamerica93.com.br\/home\/astros-do-cinema-e-votantes-repudiam-academia-do-oscar-por-resposta-a-diretor-palestino\/"]}]},{"@type":"ImageObject","inLanguage":"pt-BR","@id":"https:\/\/transamerica93.com.br\/home\/astros-do-cinema-e-votantes-repudiam-academia-do-oscar-por-resposta-a-diretor-palestino\/#primaryimage","url":"https:\/\/transamerica93.com.br\/home\/wp-content\/uploads\/2025\/04\/Sem-titulo-3.png","contentUrl":"https:\/\/transamerica93.com.br\/home\/wp-content\/uploads\/2025\/04\/Sem-titulo-3.png","width":1169,"height":609},{"@type":"BreadcrumbList","@id":"https:\/\/transamerica93.com.br\/home\/astros-do-cinema-e-votantes-repudiam-academia-do-oscar-por-resposta-a-diretor-palestino\/#breadcrumb","itemListElement":[{"@type":"ListItem","position":1,"name":"In\u00edcio","item":"https:\/\/transamerica93.com.br\/home\/"},{"@type":"ListItem","position":2,"name":"Astros do cinema e votantes repudiam Academia do Oscar por resposta a diretor palestino"}]},{"@type":"WebSite","@id":"https:\/\/transamerica93.com.br\/home\/#website","url":"https:\/\/transamerica93.com.br\/home\/","name":"Transam\u00e9rica Mococa 93,3","description":"","publisher":{"@id":"https:\/\/transamerica93.com.br\/home\/#organization"},"potentialAction":[{"@type":"SearchAction","target":{"@type":"EntryPoint","urlTemplate":"https:\/\/transamerica93.com.br\/home\/?s={search_term_string}"},"query-input":{"@type":"PropertyValueSpecification","valueRequired":true,"valueName":"search_term_string"}}],"inLanguage":"pt-BR"},{"@type":"Organization","@id":"https:\/\/transamerica93.com.br\/home\/#organization","name":"Transam\u00e9rica Mococa 93,3","url":"https:\/\/transamerica93.com.br\/home\/","logo":{"@type":"ImageObject","inLanguage":"pt-BR","@id":"https:\/\/transamerica93.com.br\/home\/#\/schema\/logo\/image\/","url":"https:\/\/transamerica93.com.br\/home\/wp-content\/uploads\/2023\/10\/logo2.png","contentUrl":"https:\/\/transamerica93.com.br\/home\/wp-content\/uploads\/2023\/10\/logo2.png","width":800,"height":500,"caption":"Transam\u00e9rica Mococa 93,3"},"image":{"@id":"https:\/\/transamerica93.com.br\/home\/#\/schema\/logo\/image\/"},"sameAs":["https:\/\/www.facebook.com\/transamericamococa","https:\/\/x.com\/transamerica933","https:\/\/www.instagram.com\/transamericamococa"]},{"@type":"Person","@id":"https:\/\/transamerica93.com.br\/home\/#\/schema\/person\/7fed7c99c0d4562efa8561bc0f543172","name":"Reda\u00e7\u00e3o","image":{"@type":"ImageObject","inLanguage":"pt-BR","@id":"https:\/\/secure.gravatar.com\/avatar\/1072c6b775fb02ef8506ce967551d95926669a6b7d2c2147b42eea4d7c68395e?s=96&d=mm&r=g","url":"https:\/\/secure.gravatar.com\/avatar\/1072c6b775fb02ef8506ce967551d95926669a6b7d2c2147b42eea4d7c68395e?s=96&d=mm&r=g","contentUrl":"https:\/\/secure.gravatar.com\/avatar\/1072c6b775fb02ef8506ce967551d95926669a6b7d2c2147b42eea4d7c68395e?s=96&d=mm&r=g","caption":"Reda\u00e7\u00e3o"},"sameAs":["https:\/\/transamerica93.com.br\/home"],"url":"https:\/\/transamerica93.com.br\/home\/author\/william\/"}]}},"_links":{"self":[{"href":"https:\/\/transamerica93.com.br\/home\/wp-json\/wp\/v2\/posts\/5065","targetHints":{"allow":["GET"]}}],"collection":[{"href":"https:\/\/transamerica93.com.br\/home\/wp-json\/wp\/v2\/posts"}],"about":[{"href":"https:\/\/transamerica93.com.br\/home\/wp-json\/wp\/v2\/types\/post"}],"author":[{"embeddable":true,"href":"https:\/\/transamerica93.com.br\/home\/wp-json\/wp\/v2\/users\/1"}],"replies":[{"embeddable":true,"href":"https:\/\/transamerica93.com.br\/home\/wp-json\/wp\/v2\/comments?post=5065"}],"version-history":[{"count":1,"href":"https:\/\/transamerica93.com.br\/home\/wp-json\/wp\/v2\/posts\/5065\/revisions"}],"predecessor-version":[{"id":5067,"href":"https:\/\/transamerica93.com.br\/home\/wp-json\/wp\/v2\/posts\/5065\/revisions\/5067"}],"wp:featuredmedia":[{"embeddable":true,"href":"https:\/\/transamerica93.com.br\/home\/wp-json\/wp\/v2\/media\/5066"}],"wp:attachment":[{"href":"https:\/\/transamerica93.com.br\/home\/wp-json\/wp\/v2\/media?parent=5065"}],"wp:term":[{"taxonomy":"category","embeddable":true,"href":"https:\/\/transamerica93.com.br\/home\/wp-json\/wp\/v2\/categories?post=5065"},{"taxonomy":"post_tag","embeddable":true,"href":"https:\/\/transamerica93.com.br\/home\/wp-json\/wp\/v2\/tags?post=5065"}],"curies":[{"name":"wp","href":"https:\/\/api.w.org\/{rel}","templated":true}]}}