{"id":5081,"date":"2025-04-09T15:00:19","date_gmt":"2025-04-09T18:00:19","guid":{"rendered":"https:\/\/transamerica93.com.br\/home\/?p=5081"},"modified":"2025-04-02T17:01:13","modified_gmt":"2025-04-02T20:01:13","slug":"caetano-se-declara-para-paula-lavigne-voltei-para-perto-dela-porque-a-achei-irresistivel","status":"publish","type":"post","link":"https:\/\/transamerica93.com.br\/home\/caetano-se-declara-para-paula-lavigne-voltei-para-perto-dela-porque-a-achei-irresistivel\/","title":{"rendered":"Caetano se declara para Paula Lavigne: &#8216;Voltei para perto dela porque a achei irresist\u00edvel&#8217;"},"content":{"rendered":"<p>Por Reda\u00e7\u00e3o E+<\/p>\n<p>O cantor e compositor Caetano Veloso postou uma declara\u00e7\u00e3o de amor \u00e0 empres\u00e1ria Paula Lavigne, com quem \u00e9 casado. A empres\u00e1ria completa 56 anos nesta segunda-feira, 31.<\/p>\n<p>&#8220;Hoje \u00e9 o dia dela! Paulinha foi uma apari\u00e7\u00e3o surpreendente. Vendo como ela se move, acredito at\u00e9 em astrologia: ela \u00e9 ariana Cheguei mais perto dela do que podia imaginar, temos dois filhos inspirados, j\u00e1 estive longe dela mas me vi voltando para perto&#8221;, escreveu Caetano, em postagem acompanhada por um v\u00eddeo em que os dois aparecem juntos em momentos rom\u00e2nticos.<\/p>\n<p>Caetano tamb\u00e9m fez men\u00e7\u00e3o ao tempo em que os dois estiveram separados, no in\u00edcio dos anos 2000, depois de 18 anos de casados Ele retomaram o casamento em 2016.<\/p>\n<p>&#8220;Ela \u00e9 capaz de mexer nas coisas do mundo. Eu sou avoado. Voltei para perto dela porque a achei irresist\u00edvel. Hoje ela faz 56 anos. N\u00e3o h\u00e1 quem n\u00e3o sinta a for\u00e7a da personalidade de Paulinha Desejo alegria, satisfa\u00e7\u00e3o, amor e carinho na vida dela. Quero poder eu mesmo dar o que h\u00e1 de mais bonito. Parab\u00e9ns, Branquinha&#8221;, diz a mensagem do compositor.<\/p>\n<p><b>Uni\u00e3o e separa\u00e7\u00e3o<\/b><\/p>\n<p>Caetano e Paulinha se casaram em 1986. Os dois tiveram dois filhos juntos, Zeca e Tom, que tamb\u00e9m s\u00e3o m\u00fasicos. No programa 50 &amp; tanto, apresentado por Ang\u00e9lica, em 2023, a empres\u00e1ria falou sobre o relacionamento o per\u00edodo em que estiveram separados. Apesar do rompimento, eles mantiveram a parceria profissional.<\/p>\n<p>&#8220;A gente deixou de fazer sexo, mas continuamos a nossa parceria e uni\u00e3o. O casamento tem que ter um projeto. Ele n\u00e3o se sustenta por si s\u00f3. Saber se adequar, porque tem fases diferentes: como voc\u00ea vai superar aquela fase e ter uma nova fase, um novo projeto&#8221;\u2026<\/p>\n<p>Paulinha tamb\u00e9m deu sua vers\u00e3o sobre a retomada do casamento: &#8220;O que aconteceu com a gente foi que a separa\u00e7\u00e3o n\u00e3o deu certo&#8221;.<\/p>\n","protected":false},"excerpt":{"rendered":"<p>Por Reda\u00e7\u00e3o E+ O cantor e compositor Caetano Veloso postou uma declara\u00e7\u00e3o de amor \u00e0 empres\u00e1ria Paula Lavigne, com quem \u00e9 casado. A empres\u00e1ria completa 56 anos nesta segunda-feira, 31. &#8220;Hoje \u00e9 o dia dela! Paulinha foi uma apari\u00e7\u00e3o surpreendente. Vendo como ela se move, acredito at\u00e9 em astrologia: ela \u00e9 ariana Cheguei mais perto &hellip;<\/p>\n","protected":false},"author":1,"featured_media":5082,"comment_status":"closed","ping_status":"closed","sticky":false,"template":"","format":"standard","meta":{"footnotes":""},"categories":[25],"tags":[],"class_list":["post-5081","post","type-post","status-publish","format-standard","has-post-thumbnail","hentry","category-musica"],"yoast_head":"<!-- This site is optimized with the Yoast SEO plugin v27.4 - https:\/\/yoast.com\/product\/yoast-seo-wordpress\/ -->\n<title>Caetano se declara para Paula Lavigne: &#039;Voltei para perto dela porque a achei irresist\u00edvel&#039; - Transam\u00e9rica Mococa 93,3<\/title>\n<meta name=\"robots\" content=\"index, follow, max-snippet:-1, max-image-preview:large, max-video-preview:-1\" \/>\n<link rel=\"canonical\" href=\"https:\/\/transamerica93.com.br\/home\/caetano-se-declara-para-paula-lavigne-voltei-para-perto-dela-porque-a-achei-irresistivel\/\" \/>\n<meta property=\"og:locale\" content=\"pt_BR\" \/>\n<meta property=\"og:type\" content=\"article\" \/>\n<meta property=\"og:title\" content=\"Caetano se declara para Paula Lavigne: &#039;Voltei para perto dela porque a achei irresist\u00edvel&#039; - Transam\u00e9rica Mococa 93,3\" \/>\n<meta property=\"og:description\" content=\"Por Reda\u00e7\u00e3o E+ O cantor e compositor Caetano Veloso postou uma declara\u00e7\u00e3o de amor \u00e0 empres\u00e1ria Paula Lavigne, com quem \u00e9 casado. A empres\u00e1ria completa 56 anos nesta segunda-feira, 31. &#8220;Hoje \u00e9 o dia dela! Paulinha foi uma apari\u00e7\u00e3o surpreendente. Vendo como ela se move, acredito at\u00e9 em astrologia: ela \u00e9 ariana Cheguei mais perto &hellip;\" \/>\n<meta property=\"og:url\" content=\"https:\/\/transamerica93.com.br\/home\/caetano-se-declara-para-paula-lavigne-voltei-para-perto-dela-porque-a-achei-irresistivel\/\" \/>\n<meta property=\"og:site_name\" content=\"Transam\u00e9rica Mococa 93,3\" \/>\n<meta property=\"article:publisher\" content=\"https:\/\/www.facebook.com\/transamericamococa\" \/>\n<meta property=\"article:published_time\" content=\"2025-04-09T18:00:19+00:00\" \/>\n<meta property=\"og:image\" content=\"https:\/\/transamerica93.com.br\/home\/wp-content\/uploads\/2025\/04\/Sem-titulo-7.png\" \/>\n\t<meta property=\"og:image:width\" content=\"1200\" \/>\n\t<meta property=\"og:image:height\" content=\"630\" \/>\n\t<meta property=\"og:image:type\" content=\"image\/png\" \/>\n<meta name=\"author\" content=\"Reda\u00e7\u00e3o\" \/>\n<meta name=\"twitter:card\" content=\"summary_large_image\" \/>\n<meta name=\"twitter:creator\" content=\"@transamerica933\" \/>\n<meta name=\"twitter:site\" content=\"@transamerica933\" \/>\n<meta name=\"twitter:label1\" content=\"Escrito por\" \/>\n\t<meta name=\"twitter:data1\" content=\"Reda\u00e7\u00e3o\" \/>\n\t<meta name=\"twitter:label2\" content=\"Est. tempo de leitura\" \/>\n\t<meta name=\"twitter:data2\" content=\"2 minutos\" \/>\n<script type=\"application\/ld+json\" class=\"yoast-schema-graph\">{\"@context\":\"https:\\\/\\\/schema.org\",\"@graph\":[{\"@type\":\"Article\",\"@id\":\"https:\\\/\\\/transamerica93.com.br\\\/home\\\/caetano-se-declara-para-paula-lavigne-voltei-para-perto-dela-porque-a-achei-irresistivel\\\/#article\",\"isPartOf\":{\"@id\":\"https:\\\/\\\/transamerica93.com.br\\\/home\\\/caetano-se-declara-para-paula-lavigne-voltei-para-perto-dela-porque-a-achei-irresistivel\\\/\"},\"author\":{\"name\":\"Reda\u00e7\u00e3o\",\"@id\":\"https:\\\/\\\/transamerica93.com.br\\\/home\\\/#\\\/schema\\\/person\\\/7fed7c99c0d4562efa8561bc0f543172\"},\"headline\":\"Caetano se declara para Paula Lavigne: &#8216;Voltei para perto dela porque a achei irresist\u00edvel&#8217;\",\"datePublished\":\"2025-04-09T18:00:19+00:00\",\"mainEntityOfPage\":{\"@id\":\"https:\\\/\\\/transamerica93.com.br\\\/home\\\/caetano-se-declara-para-paula-lavigne-voltei-para-perto-dela-porque-a-achei-irresistivel\\\/\"},\"wordCount\":338,\"publisher\":{\"@id\":\"https:\\\/\\\/transamerica93.com.br\\\/home\\\/#organization\"},\"image\":{\"@id\":\"https:\\\/\\\/transamerica93.com.br\\\/home\\\/caetano-se-declara-para-paula-lavigne-voltei-para-perto-dela-porque-a-achei-irresistivel\\\/#primaryimage\"},\"thumbnailUrl\":\"https:\\\/\\\/transamerica93.com.br\\\/home\\\/wp-content\\\/uploads\\\/2025\\\/04\\\/Sem-titulo-7.png\",\"articleSection\":[\"M\u00fasica\"],\"inLanguage\":\"pt-BR\"},{\"@type\":\"WebPage\",\"@id\":\"https:\\\/\\\/transamerica93.com.br\\\/home\\\/caetano-se-declara-para-paula-lavigne-voltei-para-perto-dela-porque-a-achei-irresistivel\\\/\",\"url\":\"https:\\\/\\\/transamerica93.com.br\\\/home\\\/caetano-se-declara-para-paula-lavigne-voltei-para-perto-dela-porque-a-achei-irresistivel\\\/\",\"name\":\"Caetano se declara para Paula Lavigne: 'Voltei para perto dela porque a achei irresist\u00edvel' - Transam\u00e9rica Mococa 93,3\",\"isPartOf\":{\"@id\":\"https:\\\/\\\/transamerica93.com.br\\\/home\\\/#website\"},\"primaryImageOfPage\":{\"@id\":\"https:\\\/\\\/transamerica93.com.br\\\/home\\\/caetano-se-declara-para-paula-lavigne-voltei-para-perto-dela-porque-a-achei-irresistivel\\\/#primaryimage\"},\"image\":{\"@id\":\"https:\\\/\\\/transamerica93.com.br\\\/home\\\/caetano-se-declara-para-paula-lavigne-voltei-para-perto-dela-porque-a-achei-irresistivel\\\/#primaryimage\"},\"thumbnailUrl\":\"https:\\\/\\\/transamerica93.com.br\\\/home\\\/wp-content\\\/uploads\\\/2025\\\/04\\\/Sem-titulo-7.png\",\"datePublished\":\"2025-04-09T18:00:19+00:00\",\"breadcrumb\":{\"@id\":\"https:\\\/\\\/transamerica93.com.br\\\/home\\\/caetano-se-declara-para-paula-lavigne-voltei-para-perto-dela-porque-a-achei-irresistivel\\\/#breadcrumb\"},\"inLanguage\":\"pt-BR\",\"potentialAction\":[{\"@type\":\"ReadAction\",\"target\":[\"https:\\\/\\\/transamerica93.com.br\\\/home\\\/caetano-se-declara-para-paula-lavigne-voltei-para-perto-dela-porque-a-achei-irresistivel\\\/\"]}]},{\"@type\":\"ImageObject\",\"inLanguage\":\"pt-BR\",\"@id\":\"https:\\\/\\\/transamerica93.com.br\\\/home\\\/caetano-se-declara-para-paula-lavigne-voltei-para-perto-dela-porque-a-achei-irresistivel\\\/#primaryimage\",\"url\":\"https:\\\/\\\/transamerica93.com.br\\\/home\\\/wp-content\\\/uploads\\\/2025\\\/04\\\/Sem-titulo-7.png\",\"contentUrl\":\"https:\\\/\\\/transamerica93.com.br\\\/home\\\/wp-content\\\/uploads\\\/2025\\\/04\\\/Sem-titulo-7.png\",\"width\":1200,\"height\":630},{\"@type\":\"BreadcrumbList\",\"@id\":\"https:\\\/\\\/transamerica93.com.br\\\/home\\\/caetano-se-declara-para-paula-lavigne-voltei-para-perto-dela-porque-a-achei-irresistivel\\\/#breadcrumb\",\"itemListElement\":[{\"@type\":\"ListItem\",\"position\":1,\"name\":\"In\u00edcio\",\"item\":\"https:\\\/\\\/transamerica93.com.br\\\/home\\\/\"},{\"@type\":\"ListItem\",\"position\":2,\"name\":\"Caetano se declara para Paula Lavigne: &#8216;Voltei para perto dela porque a achei irresist\u00edvel&#8217;\"}]},{\"@type\":\"WebSite\",\"@id\":\"https:\\\/\\\/transamerica93.com.br\\\/home\\\/#website\",\"url\":\"https:\\\/\\\/transamerica93.com.br\\\/home\\\/\",\"name\":\"Transam\u00e9rica Mococa 93,3\",\"description\":\"\",\"publisher\":{\"@id\":\"https:\\\/\\\/transamerica93.com.br\\\/home\\\/#organization\"},\"potentialAction\":[{\"@type\":\"SearchAction\",\"target\":{\"@type\":\"EntryPoint\",\"urlTemplate\":\"https:\\\/\\\/transamerica93.com.br\\\/home\\\/?s={search_term_string}\"},\"query-input\":{\"@type\":\"PropertyValueSpecification\",\"valueRequired\":true,\"valueName\":\"search_term_string\"}}],\"inLanguage\":\"pt-BR\"},{\"@type\":\"Organization\",\"@id\":\"https:\\\/\\\/transamerica93.com.br\\\/home\\\/#organization\",\"name\":\"Transam\u00e9rica Mococa 93,3\",\"url\":\"https:\\\/\\\/transamerica93.com.br\\\/home\\\/\",\"logo\":{\"@type\":\"ImageObject\",\"inLanguage\":\"pt-BR\",\"@id\":\"https:\\\/\\\/transamerica93.com.br\\\/home\\\/#\\\/schema\\\/logo\\\/image\\\/\",\"url\":\"https:\\\/\\\/transamerica93.com.br\\\/home\\\/wp-content\\\/uploads\\\/2023\\\/10\\\/logo2.png\",\"contentUrl\":\"https:\\\/\\\/transamerica93.com.br\\\/home\\\/wp-content\\\/uploads\\\/2023\\\/10\\\/logo2.png\",\"width\":800,\"height\":500,\"caption\":\"Transam\u00e9rica Mococa 93,3\"},\"image\":{\"@id\":\"https:\\\/\\\/transamerica93.com.br\\\/home\\\/#\\\/schema\\\/logo\\\/image\\\/\"},\"sameAs\":[\"https:\\\/\\\/www.facebook.com\\\/transamericamococa\",\"https:\\\/\\\/x.com\\\/transamerica933\",\"https:\\\/\\\/www.instagram.com\\\/transamericamococa\"]},{\"@type\":\"Person\",\"@id\":\"https:\\\/\\\/transamerica93.com.br\\\/home\\\/#\\\/schema\\\/person\\\/7fed7c99c0d4562efa8561bc0f543172\",\"name\":\"Reda\u00e7\u00e3o\",\"image\":{\"@type\":\"ImageObject\",\"inLanguage\":\"pt-BR\",\"@id\":\"https:\\\/\\\/secure.gravatar.com\\\/avatar\\\/1072c6b775fb02ef8506ce967551d95926669a6b7d2c2147b42eea4d7c68395e?s=96&d=mm&r=g\",\"url\":\"https:\\\/\\\/secure.gravatar.com\\\/avatar\\\/1072c6b775fb02ef8506ce967551d95926669a6b7d2c2147b42eea4d7c68395e?s=96&d=mm&r=g\",\"contentUrl\":\"https:\\\/\\\/secure.gravatar.com\\\/avatar\\\/1072c6b775fb02ef8506ce967551d95926669a6b7d2c2147b42eea4d7c68395e?s=96&d=mm&r=g\",\"caption\":\"Reda\u00e7\u00e3o\"},\"sameAs\":[\"https:\\\/\\\/transamerica93.com.br\\\/home\"],\"url\":\"https:\\\/\\\/transamerica93.com.br\\\/home\\\/author\\\/william\\\/\"}]}<\/script>\n<!-- \/ Yoast SEO plugin. -->","yoast_head_json":{"title":"Caetano se declara para Paula Lavigne: 'Voltei para perto dela porque a achei irresist\u00edvel' - Transam\u00e9rica Mococa 93,3","robots":{"index":"index","follow":"follow","max-snippet":"max-snippet:-1","max-image-preview":"max-image-preview:large","max-video-preview":"max-video-preview:-1"},"canonical":"https:\/\/transamerica93.com.br\/home\/caetano-se-declara-para-paula-lavigne-voltei-para-perto-dela-porque-a-achei-irresistivel\/","og_locale":"pt_BR","og_type":"article","og_title":"Caetano se declara para Paula Lavigne: 'Voltei para perto dela porque a achei irresist\u00edvel' - Transam\u00e9rica Mococa 93,3","og_description":"Por Reda\u00e7\u00e3o E+ O cantor e compositor Caetano Veloso postou uma declara\u00e7\u00e3o de amor \u00e0 empres\u00e1ria Paula Lavigne, com quem \u00e9 casado. A empres\u00e1ria completa 56 anos nesta segunda-feira, 31. &#8220;Hoje \u00e9 o dia dela! Paulinha foi uma apari\u00e7\u00e3o surpreendente. Vendo como ela se move, acredito at\u00e9 em astrologia: ela \u00e9 ariana Cheguei mais perto &hellip;","og_url":"https:\/\/transamerica93.com.br\/home\/caetano-se-declara-para-paula-lavigne-voltei-para-perto-dela-porque-a-achei-irresistivel\/","og_site_name":"Transam\u00e9rica Mococa 93,3","article_publisher":"https:\/\/www.facebook.com\/transamericamococa","article_published_time":"2025-04-09T18:00:19+00:00","og_image":[{"width":1200,"height":630,"url":"https:\/\/transamerica93.com.br\/home\/wp-content\/uploads\/2025\/04\/Sem-titulo-7.png","type":"image\/png"}],"author":"Reda\u00e7\u00e3o","twitter_card":"summary_large_image","twitter_creator":"@transamerica933","twitter_site":"@transamerica933","twitter_misc":{"Escrito por":"Reda\u00e7\u00e3o","Est. tempo de leitura":"2 minutos"},"schema":{"@context":"https:\/\/schema.org","@graph":[{"@type":"Article","@id":"https:\/\/transamerica93.com.br\/home\/caetano-se-declara-para-paula-lavigne-voltei-para-perto-dela-porque-a-achei-irresistivel\/#article","isPartOf":{"@id":"https:\/\/transamerica93.com.br\/home\/caetano-se-declara-para-paula-lavigne-voltei-para-perto-dela-porque-a-achei-irresistivel\/"},"author":{"name":"Reda\u00e7\u00e3o","@id":"https:\/\/transamerica93.com.br\/home\/#\/schema\/person\/7fed7c99c0d4562efa8561bc0f543172"},"headline":"Caetano se declara para Paula Lavigne: &#8216;Voltei para perto dela porque a achei irresist\u00edvel&#8217;","datePublished":"2025-04-09T18:00:19+00:00","mainEntityOfPage":{"@id":"https:\/\/transamerica93.com.br\/home\/caetano-se-declara-para-paula-lavigne-voltei-para-perto-dela-porque-a-achei-irresistivel\/"},"wordCount":338,"publisher":{"@id":"https:\/\/transamerica93.com.br\/home\/#organization"},"image":{"@id":"https:\/\/transamerica93.com.br\/home\/caetano-se-declara-para-paula-lavigne-voltei-para-perto-dela-porque-a-achei-irresistivel\/#primaryimage"},"thumbnailUrl":"https:\/\/transamerica93.com.br\/home\/wp-content\/uploads\/2025\/04\/Sem-titulo-7.png","articleSection":["M\u00fasica"],"inLanguage":"pt-BR"},{"@type":"WebPage","@id":"https:\/\/transamerica93.com.br\/home\/caetano-se-declara-para-paula-lavigne-voltei-para-perto-dela-porque-a-achei-irresistivel\/","url":"https:\/\/transamerica93.com.br\/home\/caetano-se-declara-para-paula-lavigne-voltei-para-perto-dela-porque-a-achei-irresistivel\/","name":"Caetano se declara para Paula Lavigne: 'Voltei para perto dela porque a achei irresist\u00edvel' - Transam\u00e9rica Mococa 93,3","isPartOf":{"@id":"https:\/\/transamerica93.com.br\/home\/#website"},"primaryImageOfPage":{"@id":"https:\/\/transamerica93.com.br\/home\/caetano-se-declara-para-paula-lavigne-voltei-para-perto-dela-porque-a-achei-irresistivel\/#primaryimage"},"image":{"@id":"https:\/\/transamerica93.com.br\/home\/caetano-se-declara-para-paula-lavigne-voltei-para-perto-dela-porque-a-achei-irresistivel\/#primaryimage"},"thumbnailUrl":"https:\/\/transamerica93.com.br\/home\/wp-content\/uploads\/2025\/04\/Sem-titulo-7.png","datePublished":"2025-04-09T18:00:19+00:00","breadcrumb":{"@id":"https:\/\/transamerica93.com.br\/home\/caetano-se-declara-para-paula-lavigne-voltei-para-perto-dela-porque-a-achei-irresistivel\/#breadcrumb"},"inLanguage":"pt-BR","potentialAction":[{"@type":"ReadAction","target":["https:\/\/transamerica93.com.br\/home\/caetano-se-declara-para-paula-lavigne-voltei-para-perto-dela-porque-a-achei-irresistivel\/"]}]},{"@type":"ImageObject","inLanguage":"pt-BR","@id":"https:\/\/transamerica93.com.br\/home\/caetano-se-declara-para-paula-lavigne-voltei-para-perto-dela-porque-a-achei-irresistivel\/#primaryimage","url":"https:\/\/transamerica93.com.br\/home\/wp-content\/uploads\/2025\/04\/Sem-titulo-7.png","contentUrl":"https:\/\/transamerica93.com.br\/home\/wp-content\/uploads\/2025\/04\/Sem-titulo-7.png","width":1200,"height":630},{"@type":"BreadcrumbList","@id":"https:\/\/transamerica93.com.br\/home\/caetano-se-declara-para-paula-lavigne-voltei-para-perto-dela-porque-a-achei-irresistivel\/#breadcrumb","itemListElement":[{"@type":"ListItem","position":1,"name":"In\u00edcio","item":"https:\/\/transamerica93.com.br\/home\/"},{"@type":"ListItem","position":2,"name":"Caetano se declara para Paula Lavigne: &#8216;Voltei para perto dela porque a achei irresist\u00edvel&#8217;"}]},{"@type":"WebSite","@id":"https:\/\/transamerica93.com.br\/home\/#website","url":"https:\/\/transamerica93.com.br\/home\/","name":"Transam\u00e9rica Mococa 93,3","description":"","publisher":{"@id":"https:\/\/transamerica93.com.br\/home\/#organization"},"potentialAction":[{"@type":"SearchAction","target":{"@type":"EntryPoint","urlTemplate":"https:\/\/transamerica93.com.br\/home\/?s={search_term_string}"},"query-input":{"@type":"PropertyValueSpecification","valueRequired":true,"valueName":"search_term_string"}}],"inLanguage":"pt-BR"},{"@type":"Organization","@id":"https:\/\/transamerica93.com.br\/home\/#organization","name":"Transam\u00e9rica Mococa 93,3","url":"https:\/\/transamerica93.com.br\/home\/","logo":{"@type":"ImageObject","inLanguage":"pt-BR","@id":"https:\/\/transamerica93.com.br\/home\/#\/schema\/logo\/image\/","url":"https:\/\/transamerica93.com.br\/home\/wp-content\/uploads\/2023\/10\/logo2.png","contentUrl":"https:\/\/transamerica93.com.br\/home\/wp-content\/uploads\/2023\/10\/logo2.png","width":800,"height":500,"caption":"Transam\u00e9rica Mococa 93,3"},"image":{"@id":"https:\/\/transamerica93.com.br\/home\/#\/schema\/logo\/image\/"},"sameAs":["https:\/\/www.facebook.com\/transamericamococa","https:\/\/x.com\/transamerica933","https:\/\/www.instagram.com\/transamericamococa"]},{"@type":"Person","@id":"https:\/\/transamerica93.com.br\/home\/#\/schema\/person\/7fed7c99c0d4562efa8561bc0f543172","name":"Reda\u00e7\u00e3o","image":{"@type":"ImageObject","inLanguage":"pt-BR","@id":"https:\/\/secure.gravatar.com\/avatar\/1072c6b775fb02ef8506ce967551d95926669a6b7d2c2147b42eea4d7c68395e?s=96&d=mm&r=g","url":"https:\/\/secure.gravatar.com\/avatar\/1072c6b775fb02ef8506ce967551d95926669a6b7d2c2147b42eea4d7c68395e?s=96&d=mm&r=g","contentUrl":"https:\/\/secure.gravatar.com\/avatar\/1072c6b775fb02ef8506ce967551d95926669a6b7d2c2147b42eea4d7c68395e?s=96&d=mm&r=g","caption":"Reda\u00e7\u00e3o"},"sameAs":["https:\/\/transamerica93.com.br\/home"],"url":"https:\/\/transamerica93.com.br\/home\/author\/william\/"}]}},"_links":{"self":[{"href":"https:\/\/transamerica93.com.br\/home\/wp-json\/wp\/v2\/posts\/5081","targetHints":{"allow":["GET"]}}],"collection":[{"href":"https:\/\/transamerica93.com.br\/home\/wp-json\/wp\/v2\/posts"}],"about":[{"href":"https:\/\/transamerica93.com.br\/home\/wp-json\/wp\/v2\/types\/post"}],"author":[{"embeddable":true,"href":"https:\/\/transamerica93.com.br\/home\/wp-json\/wp\/v2\/users\/1"}],"replies":[{"embeddable":true,"href":"https:\/\/transamerica93.com.br\/home\/wp-json\/wp\/v2\/comments?post=5081"}],"version-history":[{"count":1,"href":"https:\/\/transamerica93.com.br\/home\/wp-json\/wp\/v2\/posts\/5081\/revisions"}],"predecessor-version":[{"id":5083,"href":"https:\/\/transamerica93.com.br\/home\/wp-json\/wp\/v2\/posts\/5081\/revisions\/5083"}],"wp:featuredmedia":[{"embeddable":true,"href":"https:\/\/transamerica93.com.br\/home\/wp-json\/wp\/v2\/media\/5082"}],"wp:attachment":[{"href":"https:\/\/transamerica93.com.br\/home\/wp-json\/wp\/v2\/media?parent=5081"}],"wp:term":[{"taxonomy":"category","embeddable":true,"href":"https:\/\/transamerica93.com.br\/home\/wp-json\/wp\/v2\/categories?post=5081"},{"taxonomy":"post_tag","embeddable":true,"href":"https:\/\/transamerica93.com.br\/home\/wp-json\/wp\/v2\/tags?post=5081"}],"curies":[{"name":"wp","href":"https:\/\/api.w.org\/{rel}","templated":true}]}}