{"id":5084,"date":"2025-04-10T15:00:35","date_gmt":"2025-04-10T18:00:35","guid":{"rendered":"https:\/\/transamerica93.com.br\/home\/?p=5084"},"modified":"2025-04-02T17:03:23","modified_gmt":"2025-04-02T20:03:23","slug":"ed-motta-critica-tratamento-desigual-apos-marina-lima-reclamar-no-lollapalooza-duas-medidas","status":"publish","type":"post","link":"https:\/\/transamerica93.com.br\/home\/ed-motta-critica-tratamento-desigual-apos-marina-lima-reclamar-no-lollapalooza-duas-medidas\/","title":{"rendered":"Ed Motta critica tratamento desigual ap\u00f3s Marina Lima reclamar no Lollapalooza: &#8216;Duas medidas&#8217;"},"content":{"rendered":"<p>Por Erem Carla<\/p>\n<p>O cantor Ed Motta usou as redes sociais para expressar sua insatisfa\u00e7\u00e3o com o que considera um tratamento desigual por parte da m\u00eddia e do p\u00fablico diante de reclama\u00e7\u00f5es feitas por artistas no palco. O desabafo veio ap\u00f3s Marina Lima protestar contra o volume de sua guitarra durante sua apresenta\u00e7\u00e3o no Lollapalooza 2025, no \u00faltimo s\u00e1bado, 29.<\/p>\n<p>No festival, Marina interrompeu a apresenta\u00e7\u00e3o para pedir ajustes no som e reclamou: &#8220;Bando de homem lerdo, aumenta essa p .. Isso aqui \u00e9 um festival.&#8221; A fala repercutiu amplamente, mas, segundo Ed Motta, a cantora recebeu apoio e elogios, enquanto ele j\u00e1 foi duramente criticado por atitudes semelhantes.<\/p>\n<p>O cantor refor\u00e7ou que a situa\u00e7\u00e3o \u00e9 normal, j\u00e1 que o artista fica respons\u00e1vel por receber as cr\u00edticas positivas e negativas de uma apresenta\u00e7\u00e3o, mas destacou que apenas ele \u00e9 alvo quando passa por uma situa\u00e7\u00e3o similar.<\/p>\n<p>&#8220;Mais um cap\u00edtulo das aventuras dois pesos, duas medidas. Mais uma cantora famosa, da m\u00fasica brasileira engui\u00e7ou no palco, fez um coment\u00e1rio agressivo. Isso \u00e9 uma coisa que acontece, gente. N\u00e3o que isso seja normal (&#8230;.) \u00c9 natural esse tipo de rea\u00e7\u00e3o. O que n\u00e3o \u00e9 natural e \u00e9 desonesto num n\u00edvel fora do comum, \u00e9 mais uma vez o que eu passo quando acontece alguma coisa relativa ao meu nome com a imprensa brasileira&#8221;, disse o cantor.<\/p>\n<p>Em novembro de 2024, no festival Rock The Mountain, Motta repreendeu um t\u00e9cnico de som no palco por problemas t\u00e9cnicos. Na ocasi\u00e3o, ele afirmou que o profissional estava &#8220;fora&#8221; da equipe e, mais tarde, reconheceu ter agido de forma impulsiva, atribuindo o epis\u00f3dio a uma falta de &#8220;intelig\u00eancia emocional&#8221;.<\/p>\n<p>Al\u00e9m de Marina Lima, Ed Motta mencionou tamb\u00e9m a rea\u00e7\u00e3o do p\u00fablico ao caso de Maria Beth\u00e2nia, que, durante um show na Farmasi Arena, no Rio de Janeiro, parou de cantar para reclamar do som e exigiu respeito da equipe t\u00e9cnica. A plateia aplaudiu a cantora.<\/p>\n<p>Em seu desabafo, Ed Motta disse se sentir perseguido e injusti\u00e7ado pela m\u00eddia brasileira. Ele afirmou que seu epis\u00f3dio no palco gerou cr\u00edticas desproporcionais e que, enquanto artistas consagrados s\u00e3o exaltados por protestos semelhantes, ele continua sendo cobrado pelo erro. O cantor tamb\u00e9m mencionou sua frustra\u00e7\u00e3o com o reconhecimento no Brasil, destacando que tem p\u00fablico internacional, mas deseja continuar vivendo no Pa\u00eds.<\/p>\n","protected":false},"excerpt":{"rendered":"<p>Por Erem Carla O cantor Ed Motta usou as redes sociais para expressar sua insatisfa\u00e7\u00e3o com o que considera um tratamento desigual por parte da m\u00eddia e do p\u00fablico diante de reclama\u00e7\u00f5es feitas por artistas no palco. O desabafo veio ap\u00f3s Marina Lima protestar contra o volume de sua guitarra durante sua apresenta\u00e7\u00e3o no Lollapalooza &hellip;<\/p>\n","protected":false},"author":1,"featured_media":5085,"comment_status":"closed","ping_status":"closed","sticky":false,"template":"","format":"standard","meta":{"footnotes":""},"categories":[25],"tags":[],"class_list":["post-5084","post","type-post","status-publish","format-standard","has-post-thumbnail","hentry","category-musica"],"yoast_head":"<!-- This site is optimized with the Yoast SEO plugin v27.4 - https:\/\/yoast.com\/product\/yoast-seo-wordpress\/ -->\n<title>Ed Motta critica tratamento desigual ap\u00f3s Marina Lima reclamar no Lollapalooza: &#039;Duas medidas&#039; - Transam\u00e9rica Mococa 93,3<\/title>\n<meta name=\"robots\" content=\"index, follow, max-snippet:-1, max-image-preview:large, max-video-preview:-1\" \/>\n<link rel=\"canonical\" href=\"https:\/\/transamerica93.com.br\/home\/ed-motta-critica-tratamento-desigual-apos-marina-lima-reclamar-no-lollapalooza-duas-medidas\/\" \/>\n<meta property=\"og:locale\" content=\"pt_BR\" \/>\n<meta property=\"og:type\" content=\"article\" \/>\n<meta property=\"og:title\" content=\"Ed Motta critica tratamento desigual ap\u00f3s Marina Lima reclamar no Lollapalooza: &#039;Duas medidas&#039; - Transam\u00e9rica Mococa 93,3\" \/>\n<meta property=\"og:description\" content=\"Por Erem Carla O cantor Ed Motta usou as redes sociais para expressar sua insatisfa\u00e7\u00e3o com o que considera um tratamento desigual por parte da m\u00eddia e do p\u00fablico diante de reclama\u00e7\u00f5es feitas por artistas no palco. O desabafo veio ap\u00f3s Marina Lima protestar contra o volume de sua guitarra durante sua apresenta\u00e7\u00e3o no Lollapalooza &hellip;\" \/>\n<meta property=\"og:url\" content=\"https:\/\/transamerica93.com.br\/home\/ed-motta-critica-tratamento-desigual-apos-marina-lima-reclamar-no-lollapalooza-duas-medidas\/\" \/>\n<meta property=\"og:site_name\" content=\"Transam\u00e9rica Mococa 93,3\" \/>\n<meta property=\"article:publisher\" content=\"https:\/\/www.facebook.com\/transamericamococa\" \/>\n<meta property=\"article:published_time\" content=\"2025-04-10T18:00:35+00:00\" \/>\n<meta property=\"og:image\" content=\"https:\/\/transamerica93.com.br\/home\/wp-content\/uploads\/2025\/04\/Sem-titulo-8-1024x576.png\" \/>\n\t<meta property=\"og:image:width\" content=\"1024\" \/>\n\t<meta property=\"og:image:height\" content=\"576\" \/>\n\t<meta property=\"og:image:type\" content=\"image\/png\" \/>\n<meta name=\"author\" content=\"Reda\u00e7\u00e3o\" \/>\n<meta name=\"twitter:card\" content=\"summary_large_image\" \/>\n<meta name=\"twitter:creator\" content=\"@transamerica933\" \/>\n<meta name=\"twitter:site\" content=\"@transamerica933\" \/>\n<meta name=\"twitter:label1\" content=\"Escrito por\" \/>\n\t<meta name=\"twitter:data1\" content=\"Reda\u00e7\u00e3o\" \/>\n\t<meta name=\"twitter:label2\" content=\"Est. tempo de leitura\" \/>\n\t<meta name=\"twitter:data2\" content=\"3 minutos\" \/>\n<script type=\"application\/ld+json\" class=\"yoast-schema-graph\">{\"@context\":\"https:\\\/\\\/schema.org\",\"@graph\":[{\"@type\":\"Article\",\"@id\":\"https:\\\/\\\/transamerica93.com.br\\\/home\\\/ed-motta-critica-tratamento-desigual-apos-marina-lima-reclamar-no-lollapalooza-duas-medidas\\\/#article\",\"isPartOf\":{\"@id\":\"https:\\\/\\\/transamerica93.com.br\\\/home\\\/ed-motta-critica-tratamento-desigual-apos-marina-lima-reclamar-no-lollapalooza-duas-medidas\\\/\"},\"author\":{\"name\":\"Reda\u00e7\u00e3o\",\"@id\":\"https:\\\/\\\/transamerica93.com.br\\\/home\\\/#\\\/schema\\\/person\\\/7fed7c99c0d4562efa8561bc0f543172\"},\"headline\":\"Ed Motta critica tratamento desigual ap\u00f3s Marina Lima reclamar no Lollapalooza: &#8216;Duas medidas&#8217;\",\"datePublished\":\"2025-04-10T18:00:35+00:00\",\"mainEntityOfPage\":{\"@id\":\"https:\\\/\\\/transamerica93.com.br\\\/home\\\/ed-motta-critica-tratamento-desigual-apos-marina-lima-reclamar-no-lollapalooza-duas-medidas\\\/\"},\"wordCount\":424,\"publisher\":{\"@id\":\"https:\\\/\\\/transamerica93.com.br\\\/home\\\/#organization\"},\"image\":{\"@id\":\"https:\\\/\\\/transamerica93.com.br\\\/home\\\/ed-motta-critica-tratamento-desigual-apos-marina-lima-reclamar-no-lollapalooza-duas-medidas\\\/#primaryimage\"},\"thumbnailUrl\":\"https:\\\/\\\/transamerica93.com.br\\\/home\\\/wp-content\\\/uploads\\\/2025\\\/04\\\/Sem-titulo-8.png\",\"articleSection\":[\"M\u00fasica\"],\"inLanguage\":\"pt-BR\"},{\"@type\":\"WebPage\",\"@id\":\"https:\\\/\\\/transamerica93.com.br\\\/home\\\/ed-motta-critica-tratamento-desigual-apos-marina-lima-reclamar-no-lollapalooza-duas-medidas\\\/\",\"url\":\"https:\\\/\\\/transamerica93.com.br\\\/home\\\/ed-motta-critica-tratamento-desigual-apos-marina-lima-reclamar-no-lollapalooza-duas-medidas\\\/\",\"name\":\"Ed Motta critica tratamento desigual ap\u00f3s Marina Lima reclamar no Lollapalooza: 'Duas medidas' - Transam\u00e9rica Mococa 93,3\",\"isPartOf\":{\"@id\":\"https:\\\/\\\/transamerica93.com.br\\\/home\\\/#website\"},\"primaryImageOfPage\":{\"@id\":\"https:\\\/\\\/transamerica93.com.br\\\/home\\\/ed-motta-critica-tratamento-desigual-apos-marina-lima-reclamar-no-lollapalooza-duas-medidas\\\/#primaryimage\"},\"image\":{\"@id\":\"https:\\\/\\\/transamerica93.com.br\\\/home\\\/ed-motta-critica-tratamento-desigual-apos-marina-lima-reclamar-no-lollapalooza-duas-medidas\\\/#primaryimage\"},\"thumbnailUrl\":\"https:\\\/\\\/transamerica93.com.br\\\/home\\\/wp-content\\\/uploads\\\/2025\\\/04\\\/Sem-titulo-8.png\",\"datePublished\":\"2025-04-10T18:00:35+00:00\",\"breadcrumb\":{\"@id\":\"https:\\\/\\\/transamerica93.com.br\\\/home\\\/ed-motta-critica-tratamento-desigual-apos-marina-lima-reclamar-no-lollapalooza-duas-medidas\\\/#breadcrumb\"},\"inLanguage\":\"pt-BR\",\"potentialAction\":[{\"@type\":\"ReadAction\",\"target\":[\"https:\\\/\\\/transamerica93.com.br\\\/home\\\/ed-motta-critica-tratamento-desigual-apos-marina-lima-reclamar-no-lollapalooza-duas-medidas\\\/\"]}]},{\"@type\":\"ImageObject\",\"inLanguage\":\"pt-BR\",\"@id\":\"https:\\\/\\\/transamerica93.com.br\\\/home\\\/ed-motta-critica-tratamento-desigual-apos-marina-lima-reclamar-no-lollapalooza-duas-medidas\\\/#primaryimage\",\"url\":\"https:\\\/\\\/transamerica93.com.br\\\/home\\\/wp-content\\\/uploads\\\/2025\\\/04\\\/Sem-titulo-8.png\",\"contentUrl\":\"https:\\\/\\\/transamerica93.com.br\\\/home\\\/wp-content\\\/uploads\\\/2025\\\/04\\\/Sem-titulo-8.png\",\"width\":5206,\"height\":2928},{\"@type\":\"BreadcrumbList\",\"@id\":\"https:\\\/\\\/transamerica93.com.br\\\/home\\\/ed-motta-critica-tratamento-desigual-apos-marina-lima-reclamar-no-lollapalooza-duas-medidas\\\/#breadcrumb\",\"itemListElement\":[{\"@type\":\"ListItem\",\"position\":1,\"name\":\"In\u00edcio\",\"item\":\"https:\\\/\\\/transamerica93.com.br\\\/home\\\/\"},{\"@type\":\"ListItem\",\"position\":2,\"name\":\"Ed Motta critica tratamento desigual ap\u00f3s Marina Lima reclamar no Lollapalooza: &#8216;Duas medidas&#8217;\"}]},{\"@type\":\"WebSite\",\"@id\":\"https:\\\/\\\/transamerica93.com.br\\\/home\\\/#website\",\"url\":\"https:\\\/\\\/transamerica93.com.br\\\/home\\\/\",\"name\":\"Transam\u00e9rica Mococa 93,3\",\"description\":\"\",\"publisher\":{\"@id\":\"https:\\\/\\\/transamerica93.com.br\\\/home\\\/#organization\"},\"potentialAction\":[{\"@type\":\"SearchAction\",\"target\":{\"@type\":\"EntryPoint\",\"urlTemplate\":\"https:\\\/\\\/transamerica93.com.br\\\/home\\\/?s={search_term_string}\"},\"query-input\":{\"@type\":\"PropertyValueSpecification\",\"valueRequired\":true,\"valueName\":\"search_term_string\"}}],\"inLanguage\":\"pt-BR\"},{\"@type\":\"Organization\",\"@id\":\"https:\\\/\\\/transamerica93.com.br\\\/home\\\/#organization\",\"name\":\"Transam\u00e9rica Mococa 93,3\",\"url\":\"https:\\\/\\\/transamerica93.com.br\\\/home\\\/\",\"logo\":{\"@type\":\"ImageObject\",\"inLanguage\":\"pt-BR\",\"@id\":\"https:\\\/\\\/transamerica93.com.br\\\/home\\\/#\\\/schema\\\/logo\\\/image\\\/\",\"url\":\"https:\\\/\\\/transamerica93.com.br\\\/home\\\/wp-content\\\/uploads\\\/2023\\\/10\\\/logo2.png\",\"contentUrl\":\"https:\\\/\\\/transamerica93.com.br\\\/home\\\/wp-content\\\/uploads\\\/2023\\\/10\\\/logo2.png\",\"width\":800,\"height\":500,\"caption\":\"Transam\u00e9rica Mococa 93,3\"},\"image\":{\"@id\":\"https:\\\/\\\/transamerica93.com.br\\\/home\\\/#\\\/schema\\\/logo\\\/image\\\/\"},\"sameAs\":[\"https:\\\/\\\/www.facebook.com\\\/transamericamococa\",\"https:\\\/\\\/x.com\\\/transamerica933\",\"https:\\\/\\\/www.instagram.com\\\/transamericamococa\"]},{\"@type\":\"Person\",\"@id\":\"https:\\\/\\\/transamerica93.com.br\\\/home\\\/#\\\/schema\\\/person\\\/7fed7c99c0d4562efa8561bc0f543172\",\"name\":\"Reda\u00e7\u00e3o\",\"image\":{\"@type\":\"ImageObject\",\"inLanguage\":\"pt-BR\",\"@id\":\"https:\\\/\\\/secure.gravatar.com\\\/avatar\\\/1072c6b775fb02ef8506ce967551d95926669a6b7d2c2147b42eea4d7c68395e?s=96&d=mm&r=g\",\"url\":\"https:\\\/\\\/secure.gravatar.com\\\/avatar\\\/1072c6b775fb02ef8506ce967551d95926669a6b7d2c2147b42eea4d7c68395e?s=96&d=mm&r=g\",\"contentUrl\":\"https:\\\/\\\/secure.gravatar.com\\\/avatar\\\/1072c6b775fb02ef8506ce967551d95926669a6b7d2c2147b42eea4d7c68395e?s=96&d=mm&r=g\",\"caption\":\"Reda\u00e7\u00e3o\"},\"sameAs\":[\"https:\\\/\\\/transamerica93.com.br\\\/home\"],\"url\":\"https:\\\/\\\/transamerica93.com.br\\\/home\\\/author\\\/william\\\/\"}]}<\/script>\n<!-- \/ Yoast SEO plugin. -->","yoast_head_json":{"title":"Ed Motta critica tratamento desigual ap\u00f3s Marina Lima reclamar no Lollapalooza: 'Duas medidas' - Transam\u00e9rica Mococa 93,3","robots":{"index":"index","follow":"follow","max-snippet":"max-snippet:-1","max-image-preview":"max-image-preview:large","max-video-preview":"max-video-preview:-1"},"canonical":"https:\/\/transamerica93.com.br\/home\/ed-motta-critica-tratamento-desigual-apos-marina-lima-reclamar-no-lollapalooza-duas-medidas\/","og_locale":"pt_BR","og_type":"article","og_title":"Ed Motta critica tratamento desigual ap\u00f3s Marina Lima reclamar no Lollapalooza: 'Duas medidas' - Transam\u00e9rica Mococa 93,3","og_description":"Por Erem Carla O cantor Ed Motta usou as redes sociais para expressar sua insatisfa\u00e7\u00e3o com o que considera um tratamento desigual por parte da m\u00eddia e do p\u00fablico diante de reclama\u00e7\u00f5es feitas por artistas no palco. O desabafo veio ap\u00f3s Marina Lima protestar contra o volume de sua guitarra durante sua apresenta\u00e7\u00e3o no Lollapalooza &hellip;","og_url":"https:\/\/transamerica93.com.br\/home\/ed-motta-critica-tratamento-desigual-apos-marina-lima-reclamar-no-lollapalooza-duas-medidas\/","og_site_name":"Transam\u00e9rica Mococa 93,3","article_publisher":"https:\/\/www.facebook.com\/transamericamococa","article_published_time":"2025-04-10T18:00:35+00:00","og_image":[{"width":1024,"height":576,"url":"https:\/\/transamerica93.com.br\/home\/wp-content\/uploads\/2025\/04\/Sem-titulo-8-1024x576.png","type":"image\/png"}],"author":"Reda\u00e7\u00e3o","twitter_card":"summary_large_image","twitter_creator":"@transamerica933","twitter_site":"@transamerica933","twitter_misc":{"Escrito por":"Reda\u00e7\u00e3o","Est. tempo de leitura":"3 minutos"},"schema":{"@context":"https:\/\/schema.org","@graph":[{"@type":"Article","@id":"https:\/\/transamerica93.com.br\/home\/ed-motta-critica-tratamento-desigual-apos-marina-lima-reclamar-no-lollapalooza-duas-medidas\/#article","isPartOf":{"@id":"https:\/\/transamerica93.com.br\/home\/ed-motta-critica-tratamento-desigual-apos-marina-lima-reclamar-no-lollapalooza-duas-medidas\/"},"author":{"name":"Reda\u00e7\u00e3o","@id":"https:\/\/transamerica93.com.br\/home\/#\/schema\/person\/7fed7c99c0d4562efa8561bc0f543172"},"headline":"Ed Motta critica tratamento desigual ap\u00f3s Marina Lima reclamar no Lollapalooza: &#8216;Duas medidas&#8217;","datePublished":"2025-04-10T18:00:35+00:00","mainEntityOfPage":{"@id":"https:\/\/transamerica93.com.br\/home\/ed-motta-critica-tratamento-desigual-apos-marina-lima-reclamar-no-lollapalooza-duas-medidas\/"},"wordCount":424,"publisher":{"@id":"https:\/\/transamerica93.com.br\/home\/#organization"},"image":{"@id":"https:\/\/transamerica93.com.br\/home\/ed-motta-critica-tratamento-desigual-apos-marina-lima-reclamar-no-lollapalooza-duas-medidas\/#primaryimage"},"thumbnailUrl":"https:\/\/transamerica93.com.br\/home\/wp-content\/uploads\/2025\/04\/Sem-titulo-8.png","articleSection":["M\u00fasica"],"inLanguage":"pt-BR"},{"@type":"WebPage","@id":"https:\/\/transamerica93.com.br\/home\/ed-motta-critica-tratamento-desigual-apos-marina-lima-reclamar-no-lollapalooza-duas-medidas\/","url":"https:\/\/transamerica93.com.br\/home\/ed-motta-critica-tratamento-desigual-apos-marina-lima-reclamar-no-lollapalooza-duas-medidas\/","name":"Ed Motta critica tratamento desigual ap\u00f3s Marina Lima reclamar no Lollapalooza: 'Duas medidas' - Transam\u00e9rica Mococa 93,3","isPartOf":{"@id":"https:\/\/transamerica93.com.br\/home\/#website"},"primaryImageOfPage":{"@id":"https:\/\/transamerica93.com.br\/home\/ed-motta-critica-tratamento-desigual-apos-marina-lima-reclamar-no-lollapalooza-duas-medidas\/#primaryimage"},"image":{"@id":"https:\/\/transamerica93.com.br\/home\/ed-motta-critica-tratamento-desigual-apos-marina-lima-reclamar-no-lollapalooza-duas-medidas\/#primaryimage"},"thumbnailUrl":"https:\/\/transamerica93.com.br\/home\/wp-content\/uploads\/2025\/04\/Sem-titulo-8.png","datePublished":"2025-04-10T18:00:35+00:00","breadcrumb":{"@id":"https:\/\/transamerica93.com.br\/home\/ed-motta-critica-tratamento-desigual-apos-marina-lima-reclamar-no-lollapalooza-duas-medidas\/#breadcrumb"},"inLanguage":"pt-BR","potentialAction":[{"@type":"ReadAction","target":["https:\/\/transamerica93.com.br\/home\/ed-motta-critica-tratamento-desigual-apos-marina-lima-reclamar-no-lollapalooza-duas-medidas\/"]}]},{"@type":"ImageObject","inLanguage":"pt-BR","@id":"https:\/\/transamerica93.com.br\/home\/ed-motta-critica-tratamento-desigual-apos-marina-lima-reclamar-no-lollapalooza-duas-medidas\/#primaryimage","url":"https:\/\/transamerica93.com.br\/home\/wp-content\/uploads\/2025\/04\/Sem-titulo-8.png","contentUrl":"https:\/\/transamerica93.com.br\/home\/wp-content\/uploads\/2025\/04\/Sem-titulo-8.png","width":5206,"height":2928},{"@type":"BreadcrumbList","@id":"https:\/\/transamerica93.com.br\/home\/ed-motta-critica-tratamento-desigual-apos-marina-lima-reclamar-no-lollapalooza-duas-medidas\/#breadcrumb","itemListElement":[{"@type":"ListItem","position":1,"name":"In\u00edcio","item":"https:\/\/transamerica93.com.br\/home\/"},{"@type":"ListItem","position":2,"name":"Ed Motta critica tratamento desigual ap\u00f3s Marina Lima reclamar no Lollapalooza: &#8216;Duas medidas&#8217;"}]},{"@type":"WebSite","@id":"https:\/\/transamerica93.com.br\/home\/#website","url":"https:\/\/transamerica93.com.br\/home\/","name":"Transam\u00e9rica Mococa 93,3","description":"","publisher":{"@id":"https:\/\/transamerica93.com.br\/home\/#organization"},"potentialAction":[{"@type":"SearchAction","target":{"@type":"EntryPoint","urlTemplate":"https:\/\/transamerica93.com.br\/home\/?s={search_term_string}"},"query-input":{"@type":"PropertyValueSpecification","valueRequired":true,"valueName":"search_term_string"}}],"inLanguage":"pt-BR"},{"@type":"Organization","@id":"https:\/\/transamerica93.com.br\/home\/#organization","name":"Transam\u00e9rica Mococa 93,3","url":"https:\/\/transamerica93.com.br\/home\/","logo":{"@type":"ImageObject","inLanguage":"pt-BR","@id":"https:\/\/transamerica93.com.br\/home\/#\/schema\/logo\/image\/","url":"https:\/\/transamerica93.com.br\/home\/wp-content\/uploads\/2023\/10\/logo2.png","contentUrl":"https:\/\/transamerica93.com.br\/home\/wp-content\/uploads\/2023\/10\/logo2.png","width":800,"height":500,"caption":"Transam\u00e9rica Mococa 93,3"},"image":{"@id":"https:\/\/transamerica93.com.br\/home\/#\/schema\/logo\/image\/"},"sameAs":["https:\/\/www.facebook.com\/transamericamococa","https:\/\/x.com\/transamerica933","https:\/\/www.instagram.com\/transamericamococa"]},{"@type":"Person","@id":"https:\/\/transamerica93.com.br\/home\/#\/schema\/person\/7fed7c99c0d4562efa8561bc0f543172","name":"Reda\u00e7\u00e3o","image":{"@type":"ImageObject","inLanguage":"pt-BR","@id":"https:\/\/secure.gravatar.com\/avatar\/1072c6b775fb02ef8506ce967551d95926669a6b7d2c2147b42eea4d7c68395e?s=96&d=mm&r=g","url":"https:\/\/secure.gravatar.com\/avatar\/1072c6b775fb02ef8506ce967551d95926669a6b7d2c2147b42eea4d7c68395e?s=96&d=mm&r=g","contentUrl":"https:\/\/secure.gravatar.com\/avatar\/1072c6b775fb02ef8506ce967551d95926669a6b7d2c2147b42eea4d7c68395e?s=96&d=mm&r=g","caption":"Reda\u00e7\u00e3o"},"sameAs":["https:\/\/transamerica93.com.br\/home"],"url":"https:\/\/transamerica93.com.br\/home\/author\/william\/"}]}},"_links":{"self":[{"href":"https:\/\/transamerica93.com.br\/home\/wp-json\/wp\/v2\/posts\/5084","targetHints":{"allow":["GET"]}}],"collection":[{"href":"https:\/\/transamerica93.com.br\/home\/wp-json\/wp\/v2\/posts"}],"about":[{"href":"https:\/\/transamerica93.com.br\/home\/wp-json\/wp\/v2\/types\/post"}],"author":[{"embeddable":true,"href":"https:\/\/transamerica93.com.br\/home\/wp-json\/wp\/v2\/users\/1"}],"replies":[{"embeddable":true,"href":"https:\/\/transamerica93.com.br\/home\/wp-json\/wp\/v2\/comments?post=5084"}],"version-history":[{"count":1,"href":"https:\/\/transamerica93.com.br\/home\/wp-json\/wp\/v2\/posts\/5084\/revisions"}],"predecessor-version":[{"id":5086,"href":"https:\/\/transamerica93.com.br\/home\/wp-json\/wp\/v2\/posts\/5084\/revisions\/5086"}],"wp:featuredmedia":[{"embeddable":true,"href":"https:\/\/transamerica93.com.br\/home\/wp-json\/wp\/v2\/media\/5085"}],"wp:attachment":[{"href":"https:\/\/transamerica93.com.br\/home\/wp-json\/wp\/v2\/media?parent=5084"}],"wp:term":[{"taxonomy":"category","embeddable":true,"href":"https:\/\/transamerica93.com.br\/home\/wp-json\/wp\/v2\/categories?post=5084"},{"taxonomy":"post_tag","embeddable":true,"href":"https:\/\/transamerica93.com.br\/home\/wp-json\/wp\/v2\/tags?post=5084"}],"curies":[{"name":"wp","href":"https:\/\/api.w.org\/{rel}","templated":true}]}}