{"id":5090,"date":"2025-04-07T18:00:46","date_gmt":"2025-04-07T21:00:46","guid":{"rendered":"https:\/\/transamerica93.com.br\/home\/?p=5090"},"modified":"2025-04-02T17:07:08","modified_gmt":"2025-04-02T20:07:08","slug":"fabiana-justus-se-emociona-ao-lembrar-conversa-com-as-filhas-apos-diagnostico-de-leucemia","status":"publish","type":"post","link":"https:\/\/transamerica93.com.br\/home\/fabiana-justus-se-emociona-ao-lembrar-conversa-com-as-filhas-apos-diagnostico-de-leucemia\/","title":{"rendered":"Fabiana Justus se emociona ao lembrar conversa com as filhas ap\u00f3s diagn\u00f3stico de leucemia"},"content":{"rendered":"<p>Por Reda\u00e7\u00e3o E+<\/p>\n<p>A influenciadora digital Fabiana Justus, de 38 anos, se emocionou ao relembrar um dos momentos mais dif\u00edceis desde que foi diagnosticada com Leucemia Miel\u00f3ide Aguda, no in\u00edcio de 2024 Em entrevista \u00e0 tamb\u00e9m influenciadora Mica Rocha, ela contou como foi a conversa com suas filhas g\u00eameas, Chiara e Sienna, que na \u00e9poca tinham apenas quatro anos.<\/p>\n<p>&#8220;Eu sabia que ia chorar aqui&#8221;, admitiu Fabiana, ao descrever o instante em que precisou explicar para as meninas que ficaria internada. Inicialmente, ela acreditava que ficaria 30 dias no hospital, mas acabou permanecendo por 40. A falta de compreens\u00e3o do tempo por parte das filhas tornou o momento ainda mais delicado.<\/p>\n<p>&#8220;Elas falaram para mim: \u2018n\u00e3o\u2019. Acho que foi a cena mais triste que voc\u00ea pode imaginar, porque as duas entraram em desespero, porque elas n\u00e3o entendiam por que que eu tinha que ficar no hospital. E eu falava: \u2018os m\u00e9dicos falaram que a mam\u00e3e tem que ficar e tal\u2019. A gente tentou explicar para elas de um jeito que elas fossem entender. A gente tentou deixar de uma forma l\u00fadica&#8221;, lembrou.<\/p>\n<p>Al\u00e9m do desafio de comunicar a doen\u00e7a \u00e0s filhas, Fabiana enfrentou outro momento doloroso: interromper a amamenta\u00e7\u00e3o do filho ca\u00e7ula, Luigi, que tinha apenas cinco meses na \u00e9poca. O tratamento agressivo exigia rapidez e n\u00e3o permitia tempo para adapta\u00e7\u00f5es.<\/p>\n<p>Em janeiro de 2025, um ano ap\u00f3s o diagn\u00f3stico, a influenciadora fez uma reflex\u00e3o sobre sua trajet\u00f3ria. Ela contou que, na noite anterior ao diagn\u00f3stico, garantiu \u00e0s filhas que voltaria para o caf\u00e9 da manh\u00e3, mas no dia seguinte j\u00e1 estava hospitalizada. &#8220;De repente, me vi presa em um hospital, impotente diante de algo que eu n\u00e3o podia controlar.&#8221;<\/p>\n<p>Desde ent\u00e3o, Fabiana passou por diversas etapas do tratamento, incluindo um transplante de medula \u00f3ssea em mar\u00e7o de 2024. Agora, um ano depois, ela compartilha sua hist\u00f3ria como uma forma de inspirar e conscientizar sobre a import\u00e2ncia da resili\u00eancia e da esperan\u00e7a diante dos desafios da vida.<\/p>\n","protected":false},"excerpt":{"rendered":"<p>Por Reda\u00e7\u00e3o E+ A influenciadora digital Fabiana Justus, de 38 anos, se emocionou ao relembrar um dos momentos mais dif\u00edceis desde que foi diagnosticada com Leucemia Miel\u00f3ide Aguda, no in\u00edcio de 2024 Em entrevista \u00e0 tamb\u00e9m influenciadora Mica Rocha, ela contou como foi a conversa com suas filhas g\u00eameas, Chiara e Sienna, que na \u00e9poca &hellip;<\/p>\n","protected":false},"author":1,"featured_media":5091,"comment_status":"closed","ping_status":"closed","sticky":false,"template":"","format":"standard","meta":{"footnotes":""},"categories":[24],"tags":[],"class_list":["post-5090","post","type-post","status-publish","format-standard","has-post-thumbnail","hentry","category-entretenimento"],"yoast_head":"<!-- This site is optimized with the Yoast SEO plugin v27.4 - https:\/\/yoast.com\/product\/yoast-seo-wordpress\/ -->\n<title>Fabiana Justus se emociona ao lembrar conversa com as filhas ap\u00f3s diagn\u00f3stico de leucemia - Transam\u00e9rica Mococa 93,3<\/title>\n<meta name=\"robots\" content=\"index, follow, max-snippet:-1, max-image-preview:large, max-video-preview:-1\" \/>\n<link rel=\"canonical\" href=\"https:\/\/transamerica93.com.br\/home\/fabiana-justus-se-emociona-ao-lembrar-conversa-com-as-filhas-apos-diagnostico-de-leucemia\/\" \/>\n<meta property=\"og:locale\" content=\"pt_BR\" \/>\n<meta property=\"og:type\" content=\"article\" \/>\n<meta property=\"og:title\" content=\"Fabiana Justus se emociona ao lembrar conversa com as filhas ap\u00f3s diagn\u00f3stico de leucemia - Transam\u00e9rica Mococa 93,3\" \/>\n<meta property=\"og:description\" content=\"Por Reda\u00e7\u00e3o E+ A influenciadora digital Fabiana Justus, de 38 anos, se emocionou ao relembrar um dos momentos mais dif\u00edceis desde que foi diagnosticada com Leucemia Miel\u00f3ide Aguda, no in\u00edcio de 2024 Em entrevista \u00e0 tamb\u00e9m influenciadora Mica Rocha, ela contou como foi a conversa com suas filhas g\u00eameas, Chiara e Sienna, que na \u00e9poca &hellip;\" \/>\n<meta property=\"og:url\" content=\"https:\/\/transamerica93.com.br\/home\/fabiana-justus-se-emociona-ao-lembrar-conversa-com-as-filhas-apos-diagnostico-de-leucemia\/\" \/>\n<meta property=\"og:site_name\" content=\"Transam\u00e9rica Mococa 93,3\" \/>\n<meta property=\"article:publisher\" content=\"https:\/\/www.facebook.com\/transamericamococa\" \/>\n<meta property=\"article:published_time\" content=\"2025-04-07T21:00:46+00:00\" \/>\n<meta property=\"og:image\" content=\"https:\/\/transamerica93.com.br\/home\/wp-content\/uploads\/2025\/04\/Sem-titulo-10.png\" \/>\n\t<meta property=\"og:image:width\" content=\"900\" \/>\n\t<meta property=\"og:image:height\" content=\"603\" \/>\n\t<meta property=\"og:image:type\" content=\"image\/png\" \/>\n<meta name=\"author\" content=\"Reda\u00e7\u00e3o\" \/>\n<meta name=\"twitter:card\" content=\"summary_large_image\" \/>\n<meta name=\"twitter:creator\" content=\"@transamerica933\" \/>\n<meta name=\"twitter:site\" content=\"@transamerica933\" \/>\n<meta name=\"twitter:label1\" content=\"Escrito por\" \/>\n\t<meta name=\"twitter:data1\" content=\"Reda\u00e7\u00e3o\" \/>\n\t<meta name=\"twitter:label2\" content=\"Est. tempo de leitura\" \/>\n\t<meta name=\"twitter:data2\" content=\"3 minutos\" \/>\n<script type=\"application\/ld+json\" class=\"yoast-schema-graph\">{\"@context\":\"https:\\\/\\\/schema.org\",\"@graph\":[{\"@type\":\"Article\",\"@id\":\"https:\\\/\\\/transamerica93.com.br\\\/home\\\/fabiana-justus-se-emociona-ao-lembrar-conversa-com-as-filhas-apos-diagnostico-de-leucemia\\\/#article\",\"isPartOf\":{\"@id\":\"https:\\\/\\\/transamerica93.com.br\\\/home\\\/fabiana-justus-se-emociona-ao-lembrar-conversa-com-as-filhas-apos-diagnostico-de-leucemia\\\/\"},\"author\":{\"name\":\"Reda\u00e7\u00e3o\",\"@id\":\"https:\\\/\\\/transamerica93.com.br\\\/home\\\/#\\\/schema\\\/person\\\/7fed7c99c0d4562efa8561bc0f543172\"},\"headline\":\"Fabiana Justus se emociona ao lembrar conversa com as filhas ap\u00f3s diagn\u00f3stico de leucemia\",\"datePublished\":\"2025-04-07T21:00:46+00:00\",\"mainEntityOfPage\":{\"@id\":\"https:\\\/\\\/transamerica93.com.br\\\/home\\\/fabiana-justus-se-emociona-ao-lembrar-conversa-com-as-filhas-apos-diagnostico-de-leucemia\\\/\"},\"wordCount\":366,\"publisher\":{\"@id\":\"https:\\\/\\\/transamerica93.com.br\\\/home\\\/#organization\"},\"image\":{\"@id\":\"https:\\\/\\\/transamerica93.com.br\\\/home\\\/fabiana-justus-se-emociona-ao-lembrar-conversa-com-as-filhas-apos-diagnostico-de-leucemia\\\/#primaryimage\"},\"thumbnailUrl\":\"https:\\\/\\\/transamerica93.com.br\\\/home\\\/wp-content\\\/uploads\\\/2025\\\/04\\\/Sem-titulo-10.png\",\"articleSection\":[\"Entretenimento\"],\"inLanguage\":\"pt-BR\"},{\"@type\":\"WebPage\",\"@id\":\"https:\\\/\\\/transamerica93.com.br\\\/home\\\/fabiana-justus-se-emociona-ao-lembrar-conversa-com-as-filhas-apos-diagnostico-de-leucemia\\\/\",\"url\":\"https:\\\/\\\/transamerica93.com.br\\\/home\\\/fabiana-justus-se-emociona-ao-lembrar-conversa-com-as-filhas-apos-diagnostico-de-leucemia\\\/\",\"name\":\"Fabiana Justus se emociona ao lembrar conversa com as filhas ap\u00f3s diagn\u00f3stico de leucemia - Transam\u00e9rica Mococa 93,3\",\"isPartOf\":{\"@id\":\"https:\\\/\\\/transamerica93.com.br\\\/home\\\/#website\"},\"primaryImageOfPage\":{\"@id\":\"https:\\\/\\\/transamerica93.com.br\\\/home\\\/fabiana-justus-se-emociona-ao-lembrar-conversa-com-as-filhas-apos-diagnostico-de-leucemia\\\/#primaryimage\"},\"image\":{\"@id\":\"https:\\\/\\\/transamerica93.com.br\\\/home\\\/fabiana-justus-se-emociona-ao-lembrar-conversa-com-as-filhas-apos-diagnostico-de-leucemia\\\/#primaryimage\"},\"thumbnailUrl\":\"https:\\\/\\\/transamerica93.com.br\\\/home\\\/wp-content\\\/uploads\\\/2025\\\/04\\\/Sem-titulo-10.png\",\"datePublished\":\"2025-04-07T21:00:46+00:00\",\"breadcrumb\":{\"@id\":\"https:\\\/\\\/transamerica93.com.br\\\/home\\\/fabiana-justus-se-emociona-ao-lembrar-conversa-com-as-filhas-apos-diagnostico-de-leucemia\\\/#breadcrumb\"},\"inLanguage\":\"pt-BR\",\"potentialAction\":[{\"@type\":\"ReadAction\",\"target\":[\"https:\\\/\\\/transamerica93.com.br\\\/home\\\/fabiana-justus-se-emociona-ao-lembrar-conversa-com-as-filhas-apos-diagnostico-de-leucemia\\\/\"]}]},{\"@type\":\"ImageObject\",\"inLanguage\":\"pt-BR\",\"@id\":\"https:\\\/\\\/transamerica93.com.br\\\/home\\\/fabiana-justus-se-emociona-ao-lembrar-conversa-com-as-filhas-apos-diagnostico-de-leucemia\\\/#primaryimage\",\"url\":\"https:\\\/\\\/transamerica93.com.br\\\/home\\\/wp-content\\\/uploads\\\/2025\\\/04\\\/Sem-titulo-10.png\",\"contentUrl\":\"https:\\\/\\\/transamerica93.com.br\\\/home\\\/wp-content\\\/uploads\\\/2025\\\/04\\\/Sem-titulo-10.png\",\"width\":900,\"height\":603},{\"@type\":\"BreadcrumbList\",\"@id\":\"https:\\\/\\\/transamerica93.com.br\\\/home\\\/fabiana-justus-se-emociona-ao-lembrar-conversa-com-as-filhas-apos-diagnostico-de-leucemia\\\/#breadcrumb\",\"itemListElement\":[{\"@type\":\"ListItem\",\"position\":1,\"name\":\"In\u00edcio\",\"item\":\"https:\\\/\\\/transamerica93.com.br\\\/home\\\/\"},{\"@type\":\"ListItem\",\"position\":2,\"name\":\"Fabiana Justus se emociona ao lembrar conversa com as filhas ap\u00f3s diagn\u00f3stico de leucemia\"}]},{\"@type\":\"WebSite\",\"@id\":\"https:\\\/\\\/transamerica93.com.br\\\/home\\\/#website\",\"url\":\"https:\\\/\\\/transamerica93.com.br\\\/home\\\/\",\"name\":\"Transam\u00e9rica Mococa 93,3\",\"description\":\"\",\"publisher\":{\"@id\":\"https:\\\/\\\/transamerica93.com.br\\\/home\\\/#organization\"},\"potentialAction\":[{\"@type\":\"SearchAction\",\"target\":{\"@type\":\"EntryPoint\",\"urlTemplate\":\"https:\\\/\\\/transamerica93.com.br\\\/home\\\/?s={search_term_string}\"},\"query-input\":{\"@type\":\"PropertyValueSpecification\",\"valueRequired\":true,\"valueName\":\"search_term_string\"}}],\"inLanguage\":\"pt-BR\"},{\"@type\":\"Organization\",\"@id\":\"https:\\\/\\\/transamerica93.com.br\\\/home\\\/#organization\",\"name\":\"Transam\u00e9rica Mococa 93,3\",\"url\":\"https:\\\/\\\/transamerica93.com.br\\\/home\\\/\",\"logo\":{\"@type\":\"ImageObject\",\"inLanguage\":\"pt-BR\",\"@id\":\"https:\\\/\\\/transamerica93.com.br\\\/home\\\/#\\\/schema\\\/logo\\\/image\\\/\",\"url\":\"https:\\\/\\\/transamerica93.com.br\\\/home\\\/wp-content\\\/uploads\\\/2023\\\/10\\\/logo2.png\",\"contentUrl\":\"https:\\\/\\\/transamerica93.com.br\\\/home\\\/wp-content\\\/uploads\\\/2023\\\/10\\\/logo2.png\",\"width\":800,\"height\":500,\"caption\":\"Transam\u00e9rica Mococa 93,3\"},\"image\":{\"@id\":\"https:\\\/\\\/transamerica93.com.br\\\/home\\\/#\\\/schema\\\/logo\\\/image\\\/\"},\"sameAs\":[\"https:\\\/\\\/www.facebook.com\\\/transamericamococa\",\"https:\\\/\\\/x.com\\\/transamerica933\",\"https:\\\/\\\/www.instagram.com\\\/transamericamococa\"]},{\"@type\":\"Person\",\"@id\":\"https:\\\/\\\/transamerica93.com.br\\\/home\\\/#\\\/schema\\\/person\\\/7fed7c99c0d4562efa8561bc0f543172\",\"name\":\"Reda\u00e7\u00e3o\",\"image\":{\"@type\":\"ImageObject\",\"inLanguage\":\"pt-BR\",\"@id\":\"https:\\\/\\\/secure.gravatar.com\\\/avatar\\\/1072c6b775fb02ef8506ce967551d95926669a6b7d2c2147b42eea4d7c68395e?s=96&d=mm&r=g\",\"url\":\"https:\\\/\\\/secure.gravatar.com\\\/avatar\\\/1072c6b775fb02ef8506ce967551d95926669a6b7d2c2147b42eea4d7c68395e?s=96&d=mm&r=g\",\"contentUrl\":\"https:\\\/\\\/secure.gravatar.com\\\/avatar\\\/1072c6b775fb02ef8506ce967551d95926669a6b7d2c2147b42eea4d7c68395e?s=96&d=mm&r=g\",\"caption\":\"Reda\u00e7\u00e3o\"},\"sameAs\":[\"https:\\\/\\\/transamerica93.com.br\\\/home\"],\"url\":\"https:\\\/\\\/transamerica93.com.br\\\/home\\\/author\\\/william\\\/\"}]}<\/script>\n<!-- \/ Yoast SEO plugin. -->","yoast_head_json":{"title":"Fabiana Justus se emociona ao lembrar conversa com as filhas ap\u00f3s diagn\u00f3stico de leucemia - Transam\u00e9rica Mococa 93,3","robots":{"index":"index","follow":"follow","max-snippet":"max-snippet:-1","max-image-preview":"max-image-preview:large","max-video-preview":"max-video-preview:-1"},"canonical":"https:\/\/transamerica93.com.br\/home\/fabiana-justus-se-emociona-ao-lembrar-conversa-com-as-filhas-apos-diagnostico-de-leucemia\/","og_locale":"pt_BR","og_type":"article","og_title":"Fabiana Justus se emociona ao lembrar conversa com as filhas ap\u00f3s diagn\u00f3stico de leucemia - Transam\u00e9rica Mococa 93,3","og_description":"Por Reda\u00e7\u00e3o E+ A influenciadora digital Fabiana Justus, de 38 anos, se emocionou ao relembrar um dos momentos mais dif\u00edceis desde que foi diagnosticada com Leucemia Miel\u00f3ide Aguda, no in\u00edcio de 2024 Em entrevista \u00e0 tamb\u00e9m influenciadora Mica Rocha, ela contou como foi a conversa com suas filhas g\u00eameas, Chiara e Sienna, que na \u00e9poca &hellip;","og_url":"https:\/\/transamerica93.com.br\/home\/fabiana-justus-se-emociona-ao-lembrar-conversa-com-as-filhas-apos-diagnostico-de-leucemia\/","og_site_name":"Transam\u00e9rica Mococa 93,3","article_publisher":"https:\/\/www.facebook.com\/transamericamococa","article_published_time":"2025-04-07T21:00:46+00:00","og_image":[{"width":900,"height":603,"url":"https:\/\/transamerica93.com.br\/home\/wp-content\/uploads\/2025\/04\/Sem-titulo-10.png","type":"image\/png"}],"author":"Reda\u00e7\u00e3o","twitter_card":"summary_large_image","twitter_creator":"@transamerica933","twitter_site":"@transamerica933","twitter_misc":{"Escrito por":"Reda\u00e7\u00e3o","Est. tempo de leitura":"3 minutos"},"schema":{"@context":"https:\/\/schema.org","@graph":[{"@type":"Article","@id":"https:\/\/transamerica93.com.br\/home\/fabiana-justus-se-emociona-ao-lembrar-conversa-com-as-filhas-apos-diagnostico-de-leucemia\/#article","isPartOf":{"@id":"https:\/\/transamerica93.com.br\/home\/fabiana-justus-se-emociona-ao-lembrar-conversa-com-as-filhas-apos-diagnostico-de-leucemia\/"},"author":{"name":"Reda\u00e7\u00e3o","@id":"https:\/\/transamerica93.com.br\/home\/#\/schema\/person\/7fed7c99c0d4562efa8561bc0f543172"},"headline":"Fabiana Justus se emociona ao lembrar conversa com as filhas ap\u00f3s diagn\u00f3stico de leucemia","datePublished":"2025-04-07T21:00:46+00:00","mainEntityOfPage":{"@id":"https:\/\/transamerica93.com.br\/home\/fabiana-justus-se-emociona-ao-lembrar-conversa-com-as-filhas-apos-diagnostico-de-leucemia\/"},"wordCount":366,"publisher":{"@id":"https:\/\/transamerica93.com.br\/home\/#organization"},"image":{"@id":"https:\/\/transamerica93.com.br\/home\/fabiana-justus-se-emociona-ao-lembrar-conversa-com-as-filhas-apos-diagnostico-de-leucemia\/#primaryimage"},"thumbnailUrl":"https:\/\/transamerica93.com.br\/home\/wp-content\/uploads\/2025\/04\/Sem-titulo-10.png","articleSection":["Entretenimento"],"inLanguage":"pt-BR"},{"@type":"WebPage","@id":"https:\/\/transamerica93.com.br\/home\/fabiana-justus-se-emociona-ao-lembrar-conversa-com-as-filhas-apos-diagnostico-de-leucemia\/","url":"https:\/\/transamerica93.com.br\/home\/fabiana-justus-se-emociona-ao-lembrar-conversa-com-as-filhas-apos-diagnostico-de-leucemia\/","name":"Fabiana Justus se emociona ao lembrar conversa com as filhas ap\u00f3s diagn\u00f3stico de leucemia - Transam\u00e9rica Mococa 93,3","isPartOf":{"@id":"https:\/\/transamerica93.com.br\/home\/#website"},"primaryImageOfPage":{"@id":"https:\/\/transamerica93.com.br\/home\/fabiana-justus-se-emociona-ao-lembrar-conversa-com-as-filhas-apos-diagnostico-de-leucemia\/#primaryimage"},"image":{"@id":"https:\/\/transamerica93.com.br\/home\/fabiana-justus-se-emociona-ao-lembrar-conversa-com-as-filhas-apos-diagnostico-de-leucemia\/#primaryimage"},"thumbnailUrl":"https:\/\/transamerica93.com.br\/home\/wp-content\/uploads\/2025\/04\/Sem-titulo-10.png","datePublished":"2025-04-07T21:00:46+00:00","breadcrumb":{"@id":"https:\/\/transamerica93.com.br\/home\/fabiana-justus-se-emociona-ao-lembrar-conversa-com-as-filhas-apos-diagnostico-de-leucemia\/#breadcrumb"},"inLanguage":"pt-BR","potentialAction":[{"@type":"ReadAction","target":["https:\/\/transamerica93.com.br\/home\/fabiana-justus-se-emociona-ao-lembrar-conversa-com-as-filhas-apos-diagnostico-de-leucemia\/"]}]},{"@type":"ImageObject","inLanguage":"pt-BR","@id":"https:\/\/transamerica93.com.br\/home\/fabiana-justus-se-emociona-ao-lembrar-conversa-com-as-filhas-apos-diagnostico-de-leucemia\/#primaryimage","url":"https:\/\/transamerica93.com.br\/home\/wp-content\/uploads\/2025\/04\/Sem-titulo-10.png","contentUrl":"https:\/\/transamerica93.com.br\/home\/wp-content\/uploads\/2025\/04\/Sem-titulo-10.png","width":900,"height":603},{"@type":"BreadcrumbList","@id":"https:\/\/transamerica93.com.br\/home\/fabiana-justus-se-emociona-ao-lembrar-conversa-com-as-filhas-apos-diagnostico-de-leucemia\/#breadcrumb","itemListElement":[{"@type":"ListItem","position":1,"name":"In\u00edcio","item":"https:\/\/transamerica93.com.br\/home\/"},{"@type":"ListItem","position":2,"name":"Fabiana Justus se emociona ao lembrar conversa com as filhas ap\u00f3s diagn\u00f3stico de leucemia"}]},{"@type":"WebSite","@id":"https:\/\/transamerica93.com.br\/home\/#website","url":"https:\/\/transamerica93.com.br\/home\/","name":"Transam\u00e9rica Mococa 93,3","description":"","publisher":{"@id":"https:\/\/transamerica93.com.br\/home\/#organization"},"potentialAction":[{"@type":"SearchAction","target":{"@type":"EntryPoint","urlTemplate":"https:\/\/transamerica93.com.br\/home\/?s={search_term_string}"},"query-input":{"@type":"PropertyValueSpecification","valueRequired":true,"valueName":"search_term_string"}}],"inLanguage":"pt-BR"},{"@type":"Organization","@id":"https:\/\/transamerica93.com.br\/home\/#organization","name":"Transam\u00e9rica Mococa 93,3","url":"https:\/\/transamerica93.com.br\/home\/","logo":{"@type":"ImageObject","inLanguage":"pt-BR","@id":"https:\/\/transamerica93.com.br\/home\/#\/schema\/logo\/image\/","url":"https:\/\/transamerica93.com.br\/home\/wp-content\/uploads\/2023\/10\/logo2.png","contentUrl":"https:\/\/transamerica93.com.br\/home\/wp-content\/uploads\/2023\/10\/logo2.png","width":800,"height":500,"caption":"Transam\u00e9rica Mococa 93,3"},"image":{"@id":"https:\/\/transamerica93.com.br\/home\/#\/schema\/logo\/image\/"},"sameAs":["https:\/\/www.facebook.com\/transamericamococa","https:\/\/x.com\/transamerica933","https:\/\/www.instagram.com\/transamericamococa"]},{"@type":"Person","@id":"https:\/\/transamerica93.com.br\/home\/#\/schema\/person\/7fed7c99c0d4562efa8561bc0f543172","name":"Reda\u00e7\u00e3o","image":{"@type":"ImageObject","inLanguage":"pt-BR","@id":"https:\/\/secure.gravatar.com\/avatar\/1072c6b775fb02ef8506ce967551d95926669a6b7d2c2147b42eea4d7c68395e?s=96&d=mm&r=g","url":"https:\/\/secure.gravatar.com\/avatar\/1072c6b775fb02ef8506ce967551d95926669a6b7d2c2147b42eea4d7c68395e?s=96&d=mm&r=g","contentUrl":"https:\/\/secure.gravatar.com\/avatar\/1072c6b775fb02ef8506ce967551d95926669a6b7d2c2147b42eea4d7c68395e?s=96&d=mm&r=g","caption":"Reda\u00e7\u00e3o"},"sameAs":["https:\/\/transamerica93.com.br\/home"],"url":"https:\/\/transamerica93.com.br\/home\/author\/william\/"}]}},"_links":{"self":[{"href":"https:\/\/transamerica93.com.br\/home\/wp-json\/wp\/v2\/posts\/5090","targetHints":{"allow":["GET"]}}],"collection":[{"href":"https:\/\/transamerica93.com.br\/home\/wp-json\/wp\/v2\/posts"}],"about":[{"href":"https:\/\/transamerica93.com.br\/home\/wp-json\/wp\/v2\/types\/post"}],"author":[{"embeddable":true,"href":"https:\/\/transamerica93.com.br\/home\/wp-json\/wp\/v2\/users\/1"}],"replies":[{"embeddable":true,"href":"https:\/\/transamerica93.com.br\/home\/wp-json\/wp\/v2\/comments?post=5090"}],"version-history":[{"count":1,"href":"https:\/\/transamerica93.com.br\/home\/wp-json\/wp\/v2\/posts\/5090\/revisions"}],"predecessor-version":[{"id":5092,"href":"https:\/\/transamerica93.com.br\/home\/wp-json\/wp\/v2\/posts\/5090\/revisions\/5092"}],"wp:featuredmedia":[{"embeddable":true,"href":"https:\/\/transamerica93.com.br\/home\/wp-json\/wp\/v2\/media\/5091"}],"wp:attachment":[{"href":"https:\/\/transamerica93.com.br\/home\/wp-json\/wp\/v2\/media?parent=5090"}],"wp:term":[{"taxonomy":"category","embeddable":true,"href":"https:\/\/transamerica93.com.br\/home\/wp-json\/wp\/v2\/categories?post=5090"},{"taxonomy":"post_tag","embeddable":true,"href":"https:\/\/transamerica93.com.br\/home\/wp-json\/wp\/v2\/tags?post=5090"}],"curies":[{"name":"wp","href":"https:\/\/api.w.org\/{rel}","templated":true}]}}