{"id":5093,"date":"2025-04-08T18:00:16","date_gmt":"2025-04-08T21:00:16","guid":{"rendered":"https:\/\/transamerica93.com.br\/home\/?p=5093"},"modified":"2025-04-02T17:08:41","modified_gmt":"2025-04-02T20:08:41","slug":"video-show-volta-a-globo-em-comemoracao-aos-60-anos-da-emissora","status":"publish","type":"post","link":"https:\/\/transamerica93.com.br\/home\/video-show-volta-a-globo-em-comemoracao-aos-60-anos-da-emissora\/","title":{"rendered":"&#8216;V\u00eddeo Show\u2019 volta \u00e0 Globo em comemora\u00e7\u00e3o aos 60 anos da emissora"},"content":{"rendered":"<h6 class=\"Assina\">Por Maria Fernanda Viana<\/h6>\n<p>O\u00a0<i>V\u00eddeo Show<\/i>\u00a0voltar\u00e1 \u00e0 Rede Globo para comemorar os 60 anos da emissora. A edi\u00e7\u00e3o especial do programa ser\u00e1 exibida no dia 24 de abril.<\/p>\n<p>A comemora\u00e7\u00e3o ir\u00e1 reunir os apresentadores Miguel Falabella, Cissa Guimar\u00e3es, Ang\u00e9lica, Andr\u00e9 Marques, Otaviano Costa, Monica Iozzi e Joaquim Lopes, que fizeram hist\u00f3ria no\u00a0<i>V\u00eddeo Show<\/i><\/p>\n<p>Al\u00e9m do reencontro, o programa tamb\u00e9m ir\u00e1 trazer de volta quadros ic\u00f4nicos como o\u00a0<i>Falha Nossa<\/i>\u00a0e\u00a0<i>T\u00fanel do Tempo<\/i>.<\/p>\n<p>O retorno do programa tamb\u00e9m contar\u00e1 com um tour pelos Est\u00fadios Globo, guiado por Paulo Vieira, e conversas com nomes do jornalismo da casa.<\/p>\n<p>O\u00a0<i>V\u00eddeo Show<\/i>\u00a0tem dire\u00e7\u00e3o art\u00edstica de Daniela Gleiser e dire\u00e7\u00e3o de Adriano Coelho e Andrezza Cruz.<\/p>\n<p><i>*Estagi\u00e1ria sob supervis\u00e3o de Charlise Morais<\/i><\/p>\n","protected":false},"excerpt":{"rendered":"<p>Por Maria Fernanda Viana O\u00a0V\u00eddeo Show\u00a0voltar\u00e1 \u00e0 Rede Globo para comemorar os 60 anos da emissora. A edi\u00e7\u00e3o especial do programa ser\u00e1 exibida no dia 24 de abril. A comemora\u00e7\u00e3o ir\u00e1 reunir os apresentadores Miguel Falabella, Cissa Guimar\u00e3es, Ang\u00e9lica, Andr\u00e9 Marques, Otaviano Costa, Monica Iozzi e Joaquim Lopes, que fizeram hist\u00f3ria no\u00a0V\u00eddeo Show Al\u00e9m do &hellip;<\/p>\n","protected":false},"author":1,"featured_media":5094,"comment_status":"closed","ping_status":"closed","sticky":false,"template":"","format":"standard","meta":{"footnotes":""},"categories":[24],"tags":[],"class_list":["post-5093","post","type-post","status-publish","format-standard","has-post-thumbnail","hentry","category-entretenimento"],"yoast_head":"<!-- This site is optimized with the Yoast SEO plugin v27.4 - https:\/\/yoast.com\/product\/yoast-seo-wordpress\/ -->\n<title>&#039;V\u00eddeo Show\u2019 volta \u00e0 Globo em comemora\u00e7\u00e3o aos 60 anos da emissora - Transam\u00e9rica Mococa 93,3<\/title>\n<meta name=\"robots\" content=\"index, follow, max-snippet:-1, max-image-preview:large, max-video-preview:-1\" \/>\n<link rel=\"canonical\" href=\"https:\/\/transamerica93.com.br\/home\/video-show-volta-a-globo-em-comemoracao-aos-60-anos-da-emissora\/\" \/>\n<meta property=\"og:locale\" content=\"pt_BR\" \/>\n<meta property=\"og:type\" content=\"article\" \/>\n<meta property=\"og:title\" content=\"&#039;V\u00eddeo Show\u2019 volta \u00e0 Globo em comemora\u00e7\u00e3o aos 60 anos da emissora - Transam\u00e9rica Mococa 93,3\" \/>\n<meta property=\"og:description\" content=\"Por Maria Fernanda Viana O\u00a0V\u00eddeo Show\u00a0voltar\u00e1 \u00e0 Rede Globo para comemorar os 60 anos da emissora. A edi\u00e7\u00e3o especial do programa ser\u00e1 exibida no dia 24 de abril. A comemora\u00e7\u00e3o ir\u00e1 reunir os apresentadores Miguel Falabella, Cissa Guimar\u00e3es, Ang\u00e9lica, Andr\u00e9 Marques, Otaviano Costa, Monica Iozzi e Joaquim Lopes, que fizeram hist\u00f3ria no\u00a0V\u00eddeo Show Al\u00e9m do &hellip;\" \/>\n<meta property=\"og:url\" content=\"https:\/\/transamerica93.com.br\/home\/video-show-volta-a-globo-em-comemoracao-aos-60-anos-da-emissora\/\" \/>\n<meta property=\"og:site_name\" content=\"Transam\u00e9rica Mococa 93,3\" \/>\n<meta property=\"article:publisher\" content=\"https:\/\/www.facebook.com\/transamericamococa\" \/>\n<meta property=\"article:published_time\" content=\"2025-04-08T21:00:16+00:00\" \/>\n<meta property=\"og:image\" content=\"https:\/\/transamerica93.com.br\/home\/wp-content\/uploads\/2025\/04\/Sem-titulo-11.png\" \/>\n\t<meta property=\"og:image:width\" content=\"984\" \/>\n\t<meta property=\"og:image:height\" content=\"656\" \/>\n\t<meta property=\"og:image:type\" content=\"image\/png\" \/>\n<meta name=\"author\" content=\"Reda\u00e7\u00e3o\" \/>\n<meta name=\"twitter:card\" content=\"summary_large_image\" \/>\n<meta name=\"twitter:creator\" content=\"@transamerica933\" \/>\n<meta name=\"twitter:site\" content=\"@transamerica933\" \/>\n<meta name=\"twitter:label1\" content=\"Escrito por\" \/>\n\t<meta name=\"twitter:data1\" content=\"Reda\u00e7\u00e3o\" \/>\n\t<meta name=\"twitter:label2\" content=\"Est. tempo de leitura\" \/>\n\t<meta name=\"twitter:data2\" content=\"1 minuto\" \/>\n<script type=\"application\/ld+json\" class=\"yoast-schema-graph\">{\"@context\":\"https:\\\/\\\/schema.org\",\"@graph\":[{\"@type\":\"Article\",\"@id\":\"https:\\\/\\\/transamerica93.com.br\\\/home\\\/video-show-volta-a-globo-em-comemoracao-aos-60-anos-da-emissora\\\/#article\",\"isPartOf\":{\"@id\":\"https:\\\/\\\/transamerica93.com.br\\\/home\\\/video-show-volta-a-globo-em-comemoracao-aos-60-anos-da-emissora\\\/\"},\"author\":{\"name\":\"Reda\u00e7\u00e3o\",\"@id\":\"https:\\\/\\\/transamerica93.com.br\\\/home\\\/#\\\/schema\\\/person\\\/7fed7c99c0d4562efa8561bc0f543172\"},\"headline\":\"&#8216;V\u00eddeo Show\u2019 volta \u00e0 Globo em comemora\u00e7\u00e3o aos 60 anos da emissora\",\"datePublished\":\"2025-04-08T21:00:16+00:00\",\"mainEntityOfPage\":{\"@id\":\"https:\\\/\\\/transamerica93.com.br\\\/home\\\/video-show-volta-a-globo-em-comemoracao-aos-60-anos-da-emissora\\\/\"},\"wordCount\":151,\"publisher\":{\"@id\":\"https:\\\/\\\/transamerica93.com.br\\\/home\\\/#organization\"},\"image\":{\"@id\":\"https:\\\/\\\/transamerica93.com.br\\\/home\\\/video-show-volta-a-globo-em-comemoracao-aos-60-anos-da-emissora\\\/#primaryimage\"},\"thumbnailUrl\":\"https:\\\/\\\/transamerica93.com.br\\\/home\\\/wp-content\\\/uploads\\\/2025\\\/04\\\/Sem-titulo-11.png\",\"articleSection\":[\"Entretenimento\"],\"inLanguage\":\"pt-BR\"},{\"@type\":\"WebPage\",\"@id\":\"https:\\\/\\\/transamerica93.com.br\\\/home\\\/video-show-volta-a-globo-em-comemoracao-aos-60-anos-da-emissora\\\/\",\"url\":\"https:\\\/\\\/transamerica93.com.br\\\/home\\\/video-show-volta-a-globo-em-comemoracao-aos-60-anos-da-emissora\\\/\",\"name\":\"'V\u00eddeo Show\u2019 volta \u00e0 Globo em comemora\u00e7\u00e3o aos 60 anos da emissora - Transam\u00e9rica Mococa 93,3\",\"isPartOf\":{\"@id\":\"https:\\\/\\\/transamerica93.com.br\\\/home\\\/#website\"},\"primaryImageOfPage\":{\"@id\":\"https:\\\/\\\/transamerica93.com.br\\\/home\\\/video-show-volta-a-globo-em-comemoracao-aos-60-anos-da-emissora\\\/#primaryimage\"},\"image\":{\"@id\":\"https:\\\/\\\/transamerica93.com.br\\\/home\\\/video-show-volta-a-globo-em-comemoracao-aos-60-anos-da-emissora\\\/#primaryimage\"},\"thumbnailUrl\":\"https:\\\/\\\/transamerica93.com.br\\\/home\\\/wp-content\\\/uploads\\\/2025\\\/04\\\/Sem-titulo-11.png\",\"datePublished\":\"2025-04-08T21:00:16+00:00\",\"breadcrumb\":{\"@id\":\"https:\\\/\\\/transamerica93.com.br\\\/home\\\/video-show-volta-a-globo-em-comemoracao-aos-60-anos-da-emissora\\\/#breadcrumb\"},\"inLanguage\":\"pt-BR\",\"potentialAction\":[{\"@type\":\"ReadAction\",\"target\":[\"https:\\\/\\\/transamerica93.com.br\\\/home\\\/video-show-volta-a-globo-em-comemoracao-aos-60-anos-da-emissora\\\/\"]}]},{\"@type\":\"ImageObject\",\"inLanguage\":\"pt-BR\",\"@id\":\"https:\\\/\\\/transamerica93.com.br\\\/home\\\/video-show-volta-a-globo-em-comemoracao-aos-60-anos-da-emissora\\\/#primaryimage\",\"url\":\"https:\\\/\\\/transamerica93.com.br\\\/home\\\/wp-content\\\/uploads\\\/2025\\\/04\\\/Sem-titulo-11.png\",\"contentUrl\":\"https:\\\/\\\/transamerica93.com.br\\\/home\\\/wp-content\\\/uploads\\\/2025\\\/04\\\/Sem-titulo-11.png\",\"width\":984,\"height\":656},{\"@type\":\"BreadcrumbList\",\"@id\":\"https:\\\/\\\/transamerica93.com.br\\\/home\\\/video-show-volta-a-globo-em-comemoracao-aos-60-anos-da-emissora\\\/#breadcrumb\",\"itemListElement\":[{\"@type\":\"ListItem\",\"position\":1,\"name\":\"In\u00edcio\",\"item\":\"https:\\\/\\\/transamerica93.com.br\\\/home\\\/\"},{\"@type\":\"ListItem\",\"position\":2,\"name\":\"&#8216;V\u00eddeo Show\u2019 volta \u00e0 Globo em comemora\u00e7\u00e3o aos 60 anos da emissora\"}]},{\"@type\":\"WebSite\",\"@id\":\"https:\\\/\\\/transamerica93.com.br\\\/home\\\/#website\",\"url\":\"https:\\\/\\\/transamerica93.com.br\\\/home\\\/\",\"name\":\"Transam\u00e9rica Mococa 93,3\",\"description\":\"\",\"publisher\":{\"@id\":\"https:\\\/\\\/transamerica93.com.br\\\/home\\\/#organization\"},\"potentialAction\":[{\"@type\":\"SearchAction\",\"target\":{\"@type\":\"EntryPoint\",\"urlTemplate\":\"https:\\\/\\\/transamerica93.com.br\\\/home\\\/?s={search_term_string}\"},\"query-input\":{\"@type\":\"PropertyValueSpecification\",\"valueRequired\":true,\"valueName\":\"search_term_string\"}}],\"inLanguage\":\"pt-BR\"},{\"@type\":\"Organization\",\"@id\":\"https:\\\/\\\/transamerica93.com.br\\\/home\\\/#organization\",\"name\":\"Transam\u00e9rica Mococa 93,3\",\"url\":\"https:\\\/\\\/transamerica93.com.br\\\/home\\\/\",\"logo\":{\"@type\":\"ImageObject\",\"inLanguage\":\"pt-BR\",\"@id\":\"https:\\\/\\\/transamerica93.com.br\\\/home\\\/#\\\/schema\\\/logo\\\/image\\\/\",\"url\":\"https:\\\/\\\/transamerica93.com.br\\\/home\\\/wp-content\\\/uploads\\\/2023\\\/10\\\/logo2.png\",\"contentUrl\":\"https:\\\/\\\/transamerica93.com.br\\\/home\\\/wp-content\\\/uploads\\\/2023\\\/10\\\/logo2.png\",\"width\":800,\"height\":500,\"caption\":\"Transam\u00e9rica Mococa 93,3\"},\"image\":{\"@id\":\"https:\\\/\\\/transamerica93.com.br\\\/home\\\/#\\\/schema\\\/logo\\\/image\\\/\"},\"sameAs\":[\"https:\\\/\\\/www.facebook.com\\\/transamericamococa\",\"https:\\\/\\\/x.com\\\/transamerica933\",\"https:\\\/\\\/www.instagram.com\\\/transamericamococa\"]},{\"@type\":\"Person\",\"@id\":\"https:\\\/\\\/transamerica93.com.br\\\/home\\\/#\\\/schema\\\/person\\\/7fed7c99c0d4562efa8561bc0f543172\",\"name\":\"Reda\u00e7\u00e3o\",\"image\":{\"@type\":\"ImageObject\",\"inLanguage\":\"pt-BR\",\"@id\":\"https:\\\/\\\/secure.gravatar.com\\\/avatar\\\/1072c6b775fb02ef8506ce967551d95926669a6b7d2c2147b42eea4d7c68395e?s=96&d=mm&r=g\",\"url\":\"https:\\\/\\\/secure.gravatar.com\\\/avatar\\\/1072c6b775fb02ef8506ce967551d95926669a6b7d2c2147b42eea4d7c68395e?s=96&d=mm&r=g\",\"contentUrl\":\"https:\\\/\\\/secure.gravatar.com\\\/avatar\\\/1072c6b775fb02ef8506ce967551d95926669a6b7d2c2147b42eea4d7c68395e?s=96&d=mm&r=g\",\"caption\":\"Reda\u00e7\u00e3o\"},\"sameAs\":[\"https:\\\/\\\/transamerica93.com.br\\\/home\"],\"url\":\"https:\\\/\\\/transamerica93.com.br\\\/home\\\/author\\\/william\\\/\"}]}<\/script>\n<!-- \/ Yoast SEO plugin. -->","yoast_head_json":{"title":"'V\u00eddeo Show\u2019 volta \u00e0 Globo em comemora\u00e7\u00e3o aos 60 anos da emissora - Transam\u00e9rica Mococa 93,3","robots":{"index":"index","follow":"follow","max-snippet":"max-snippet:-1","max-image-preview":"max-image-preview:large","max-video-preview":"max-video-preview:-1"},"canonical":"https:\/\/transamerica93.com.br\/home\/video-show-volta-a-globo-em-comemoracao-aos-60-anos-da-emissora\/","og_locale":"pt_BR","og_type":"article","og_title":"'V\u00eddeo Show\u2019 volta \u00e0 Globo em comemora\u00e7\u00e3o aos 60 anos da emissora - Transam\u00e9rica Mococa 93,3","og_description":"Por Maria Fernanda Viana O\u00a0V\u00eddeo Show\u00a0voltar\u00e1 \u00e0 Rede Globo para comemorar os 60 anos da emissora. A edi\u00e7\u00e3o especial do programa ser\u00e1 exibida no dia 24 de abril. A comemora\u00e7\u00e3o ir\u00e1 reunir os apresentadores Miguel Falabella, Cissa Guimar\u00e3es, Ang\u00e9lica, Andr\u00e9 Marques, Otaviano Costa, Monica Iozzi e Joaquim Lopes, que fizeram hist\u00f3ria no\u00a0V\u00eddeo Show Al\u00e9m do &hellip;","og_url":"https:\/\/transamerica93.com.br\/home\/video-show-volta-a-globo-em-comemoracao-aos-60-anos-da-emissora\/","og_site_name":"Transam\u00e9rica Mococa 93,3","article_publisher":"https:\/\/www.facebook.com\/transamericamococa","article_published_time":"2025-04-08T21:00:16+00:00","og_image":[{"width":984,"height":656,"url":"https:\/\/transamerica93.com.br\/home\/wp-content\/uploads\/2025\/04\/Sem-titulo-11.png","type":"image\/png"}],"author":"Reda\u00e7\u00e3o","twitter_card":"summary_large_image","twitter_creator":"@transamerica933","twitter_site":"@transamerica933","twitter_misc":{"Escrito por":"Reda\u00e7\u00e3o","Est. tempo de leitura":"1 minuto"},"schema":{"@context":"https:\/\/schema.org","@graph":[{"@type":"Article","@id":"https:\/\/transamerica93.com.br\/home\/video-show-volta-a-globo-em-comemoracao-aos-60-anos-da-emissora\/#article","isPartOf":{"@id":"https:\/\/transamerica93.com.br\/home\/video-show-volta-a-globo-em-comemoracao-aos-60-anos-da-emissora\/"},"author":{"name":"Reda\u00e7\u00e3o","@id":"https:\/\/transamerica93.com.br\/home\/#\/schema\/person\/7fed7c99c0d4562efa8561bc0f543172"},"headline":"&#8216;V\u00eddeo Show\u2019 volta \u00e0 Globo em comemora\u00e7\u00e3o aos 60 anos da emissora","datePublished":"2025-04-08T21:00:16+00:00","mainEntityOfPage":{"@id":"https:\/\/transamerica93.com.br\/home\/video-show-volta-a-globo-em-comemoracao-aos-60-anos-da-emissora\/"},"wordCount":151,"publisher":{"@id":"https:\/\/transamerica93.com.br\/home\/#organization"},"image":{"@id":"https:\/\/transamerica93.com.br\/home\/video-show-volta-a-globo-em-comemoracao-aos-60-anos-da-emissora\/#primaryimage"},"thumbnailUrl":"https:\/\/transamerica93.com.br\/home\/wp-content\/uploads\/2025\/04\/Sem-titulo-11.png","articleSection":["Entretenimento"],"inLanguage":"pt-BR"},{"@type":"WebPage","@id":"https:\/\/transamerica93.com.br\/home\/video-show-volta-a-globo-em-comemoracao-aos-60-anos-da-emissora\/","url":"https:\/\/transamerica93.com.br\/home\/video-show-volta-a-globo-em-comemoracao-aos-60-anos-da-emissora\/","name":"'V\u00eddeo Show\u2019 volta \u00e0 Globo em comemora\u00e7\u00e3o aos 60 anos da emissora - Transam\u00e9rica Mococa 93,3","isPartOf":{"@id":"https:\/\/transamerica93.com.br\/home\/#website"},"primaryImageOfPage":{"@id":"https:\/\/transamerica93.com.br\/home\/video-show-volta-a-globo-em-comemoracao-aos-60-anos-da-emissora\/#primaryimage"},"image":{"@id":"https:\/\/transamerica93.com.br\/home\/video-show-volta-a-globo-em-comemoracao-aos-60-anos-da-emissora\/#primaryimage"},"thumbnailUrl":"https:\/\/transamerica93.com.br\/home\/wp-content\/uploads\/2025\/04\/Sem-titulo-11.png","datePublished":"2025-04-08T21:00:16+00:00","breadcrumb":{"@id":"https:\/\/transamerica93.com.br\/home\/video-show-volta-a-globo-em-comemoracao-aos-60-anos-da-emissora\/#breadcrumb"},"inLanguage":"pt-BR","potentialAction":[{"@type":"ReadAction","target":["https:\/\/transamerica93.com.br\/home\/video-show-volta-a-globo-em-comemoracao-aos-60-anos-da-emissora\/"]}]},{"@type":"ImageObject","inLanguage":"pt-BR","@id":"https:\/\/transamerica93.com.br\/home\/video-show-volta-a-globo-em-comemoracao-aos-60-anos-da-emissora\/#primaryimage","url":"https:\/\/transamerica93.com.br\/home\/wp-content\/uploads\/2025\/04\/Sem-titulo-11.png","contentUrl":"https:\/\/transamerica93.com.br\/home\/wp-content\/uploads\/2025\/04\/Sem-titulo-11.png","width":984,"height":656},{"@type":"BreadcrumbList","@id":"https:\/\/transamerica93.com.br\/home\/video-show-volta-a-globo-em-comemoracao-aos-60-anos-da-emissora\/#breadcrumb","itemListElement":[{"@type":"ListItem","position":1,"name":"In\u00edcio","item":"https:\/\/transamerica93.com.br\/home\/"},{"@type":"ListItem","position":2,"name":"&#8216;V\u00eddeo Show\u2019 volta \u00e0 Globo em comemora\u00e7\u00e3o aos 60 anos da emissora"}]},{"@type":"WebSite","@id":"https:\/\/transamerica93.com.br\/home\/#website","url":"https:\/\/transamerica93.com.br\/home\/","name":"Transam\u00e9rica Mococa 93,3","description":"","publisher":{"@id":"https:\/\/transamerica93.com.br\/home\/#organization"},"potentialAction":[{"@type":"SearchAction","target":{"@type":"EntryPoint","urlTemplate":"https:\/\/transamerica93.com.br\/home\/?s={search_term_string}"},"query-input":{"@type":"PropertyValueSpecification","valueRequired":true,"valueName":"search_term_string"}}],"inLanguage":"pt-BR"},{"@type":"Organization","@id":"https:\/\/transamerica93.com.br\/home\/#organization","name":"Transam\u00e9rica Mococa 93,3","url":"https:\/\/transamerica93.com.br\/home\/","logo":{"@type":"ImageObject","inLanguage":"pt-BR","@id":"https:\/\/transamerica93.com.br\/home\/#\/schema\/logo\/image\/","url":"https:\/\/transamerica93.com.br\/home\/wp-content\/uploads\/2023\/10\/logo2.png","contentUrl":"https:\/\/transamerica93.com.br\/home\/wp-content\/uploads\/2023\/10\/logo2.png","width":800,"height":500,"caption":"Transam\u00e9rica Mococa 93,3"},"image":{"@id":"https:\/\/transamerica93.com.br\/home\/#\/schema\/logo\/image\/"},"sameAs":["https:\/\/www.facebook.com\/transamericamococa","https:\/\/x.com\/transamerica933","https:\/\/www.instagram.com\/transamericamococa"]},{"@type":"Person","@id":"https:\/\/transamerica93.com.br\/home\/#\/schema\/person\/7fed7c99c0d4562efa8561bc0f543172","name":"Reda\u00e7\u00e3o","image":{"@type":"ImageObject","inLanguage":"pt-BR","@id":"https:\/\/secure.gravatar.com\/avatar\/1072c6b775fb02ef8506ce967551d95926669a6b7d2c2147b42eea4d7c68395e?s=96&d=mm&r=g","url":"https:\/\/secure.gravatar.com\/avatar\/1072c6b775fb02ef8506ce967551d95926669a6b7d2c2147b42eea4d7c68395e?s=96&d=mm&r=g","contentUrl":"https:\/\/secure.gravatar.com\/avatar\/1072c6b775fb02ef8506ce967551d95926669a6b7d2c2147b42eea4d7c68395e?s=96&d=mm&r=g","caption":"Reda\u00e7\u00e3o"},"sameAs":["https:\/\/transamerica93.com.br\/home"],"url":"https:\/\/transamerica93.com.br\/home\/author\/william\/"}]}},"_links":{"self":[{"href":"https:\/\/transamerica93.com.br\/home\/wp-json\/wp\/v2\/posts\/5093","targetHints":{"allow":["GET"]}}],"collection":[{"href":"https:\/\/transamerica93.com.br\/home\/wp-json\/wp\/v2\/posts"}],"about":[{"href":"https:\/\/transamerica93.com.br\/home\/wp-json\/wp\/v2\/types\/post"}],"author":[{"embeddable":true,"href":"https:\/\/transamerica93.com.br\/home\/wp-json\/wp\/v2\/users\/1"}],"replies":[{"embeddable":true,"href":"https:\/\/transamerica93.com.br\/home\/wp-json\/wp\/v2\/comments?post=5093"}],"version-history":[{"count":1,"href":"https:\/\/transamerica93.com.br\/home\/wp-json\/wp\/v2\/posts\/5093\/revisions"}],"predecessor-version":[{"id":5095,"href":"https:\/\/transamerica93.com.br\/home\/wp-json\/wp\/v2\/posts\/5093\/revisions\/5095"}],"wp:featuredmedia":[{"embeddable":true,"href":"https:\/\/transamerica93.com.br\/home\/wp-json\/wp\/v2\/media\/5094"}],"wp:attachment":[{"href":"https:\/\/transamerica93.com.br\/home\/wp-json\/wp\/v2\/media?parent=5093"}],"wp:term":[{"taxonomy":"category","embeddable":true,"href":"https:\/\/transamerica93.com.br\/home\/wp-json\/wp\/v2\/categories?post=5093"},{"taxonomy":"post_tag","embeddable":true,"href":"https:\/\/transamerica93.com.br\/home\/wp-json\/wp\/v2\/tags?post=5093"}],"curies":[{"name":"wp","href":"https:\/\/api.w.org\/{rel}","templated":true}]}}