{"id":5105,"date":"2025-04-07T12:00:04","date_gmt":"2025-04-07T15:00:04","guid":{"rendered":"https:\/\/transamerica93.com.br\/home\/?p=5105"},"modified":"2025-04-02T17:15:12","modified_gmt":"2025-04-02T20:15:12","slug":"mp-da-espanha-vai-recorrer-da-decisao-que-absolveu-daniel-alves-em-caso-de-agressao-sexual","status":"publish","type":"post","link":"https:\/\/transamerica93.com.br\/home\/mp-da-espanha-vai-recorrer-da-decisao-que-absolveu-daniel-alves-em-caso-de-agressao-sexual\/","title":{"rendered":"MP da Espanha vai recorrer da decis\u00e3o que absolveu Daniel Alves em caso de agress\u00e3o sexual"},"content":{"rendered":"<div id=\"Corpo\">Por Rodrigo Sampaio<\/p>\n<p>O Minist\u00e9rio P\u00fablico da Espanha anunciou nesta quarta-feira que recorrer\u00e1 ao Supremo Tribunal do Pa\u00eds contra a decis\u00e3o que absolveu Daniel Alves da acusa\u00e7\u00e3o de agress\u00e3o sexual contra uma jovem de 23 anos em uma casa noturna de Barcelona. Na \u00faltima sexta, o recurso apresentado pela defesa do jogador foi aceito por unanimidade pelo Tribunal de Justi\u00e7a da Catalunha, que viu &#8220;insufici\u00eancia de provas&#8221; e classificou o testemunho da denunciante como &#8220;n\u00e3o confi\u00e1vel&#8221;. Ele havia sido condenado a quatro anos e seis meses de pris\u00e3o, e nega as acusa\u00e7\u00f5es.<\/p>\n<p>Daniel Alves foi preso preventivamente em janeiro de 2023, e condenado pelo Tribunal Provincial de Barcelona em 22 de fevereiro de 2024. O brasileiro estava em liberdade condicional h\u00e1 cerca de um ano, ap\u00f3s pagar uma multa de 1 milh\u00e3o de euros (R$ 5,4 milh\u00f5es \u00e0 \u00e9poca). Ele ainda teria de cumprir mais dois anos de sua senten\u00e7a.<\/p>\n<p>A decis\u00e3o favor\u00e1vel ao lateral anula dois outros recursos, que corriam em paralelo no Tribunal de Justi\u00e7a da Catalunha. Ambos apelavam pelo aumento da pena: a Promotoria da Superior defendia uma condena\u00e7\u00e3o de nove anos, enquanto outra a\u00e7\u00e3o, movida pelos representantes da denunciante, pediu para elevar a senten\u00e7a a 12 anos.<\/p>\n<p>O j\u00fari que absolveu Daniel Alves foi composto por tr\u00eas mulheres e um homem. Na an\u00e1lise do juiz Manuel \u00c1lvarez, junto a seus magistrados, a condena\u00e7\u00e3o do atleta continha uma s\u00e9rie de &#8220;lacunas, imprecis\u00f5es, inconsist\u00eancias e contradi\u00e7\u00f5es sobre os fatos&#8221;.<\/p>\n<p>&#8220;O que foi explicado pela denunciante difere sensivelmente do que aconteceu de acordo com o exame do epis\u00f3dio registrado. A diverg\u00eancia entre o que a queixosa relatou e o que realmente aconteceu compromete seriamente a fiabilidade da sua hist\u00f3ria&#8221;, afirmou Tribunal da Catalunha na decis\u00e3o<\/p>\n<p>Cabe ressaltar que a absolvi\u00e7\u00e3o de Daniel Alves n\u00e3o significa que os relatos da denunciante sejam falsos, mas sim na insufici\u00eancia de provas que contemplem a acusa\u00e7\u00e3o de estupro. Ester Garc\u00eda, representante da jovem que acusa o brasileiro, lamentou a decis\u00e3o e declarou que estuda entrar com uma apela\u00e7\u00e3o contra a senten\u00e7a, mas tenta evitar o prolongamento do &#8220;inferno&#8221; que sua cliente teria passado.<\/p>\n<p>A decis\u00e3o gerou pol\u00eamica na Espanha. Na segunda-feira, cerca de 200 pessoas se reuniram em frente ao Palau de la Generalitat, sede do governo catal\u00e3o, para demonstrar rep\u00fadio \u00e0 anula\u00e7\u00e3o da senten\u00e7a e exigir a revoga\u00e7\u00e3o da decis\u00e3o judicial. A mobiliza\u00e7\u00e3o foi organizada por grupos feministas e ativistas dos direitos das mulheres, que consideram a anula\u00e7\u00e3o da condena\u00e7\u00e3o um retrocesso na luta contra a viol\u00eancia de g\u00eanero.<\/p>\n<p>A absolvi\u00e7\u00e3o do brasileiro foi criticada por ministros do presidente Pedro S\u00e1nchez. A vice Mar\u00eda Jes\u00fas Montero declarou ser &#8220;uma vergonha que o depoimento de uma v\u00edtima ainda esteja sendo questionado e que a presun\u00e7\u00e3o de inoc\u00eancia tenha preced\u00eancia sobre o depoimento de mulheres jovens e corajosas&#8221;. Ap\u00f3s cr\u00edticas da oposi\u00e7\u00e3o, ela se desculpou pela declara\u00e7\u00e3o nesta ter\u00e7a, mas classificou a decis\u00e3o como &#8220;retrocesso&#8221;.<\/p>\n<p>Daniel Alves n\u00e3o atua profissionalmente desde 2023, quando teve seu contrato rescindido junto ao Pumas, do M\u00e9xico, ap\u00f3s a exposi\u00e7\u00e3o da den\u00fancia de agress\u00e3o sexual. O clube ainda busca, junto \u00e0 Corte Arbitral do Esporte (CAS), uma indeniza\u00e7\u00e3o financeira, prevista em contrato, pela quebra do v\u00ednculo. Em contrapartida, os advogados do brasileiro devem mover ao menos tr\u00eas processos contra o time mexicano.<\/p><\/div>\n","protected":false},"excerpt":{"rendered":"<p>Por Rodrigo Sampaio O Minist\u00e9rio P\u00fablico da Espanha anunciou nesta quarta-feira que recorrer\u00e1 ao Supremo Tribunal do Pa\u00eds contra a decis\u00e3o que absolveu Daniel Alves da acusa\u00e7\u00e3o de agress\u00e3o sexual contra uma jovem de 23 anos em uma casa noturna de Barcelona. Na \u00faltima sexta, o recurso apresentado pela defesa do jogador foi aceito por &hellip;<\/p>\n","protected":false},"author":1,"featured_media":5106,"comment_status":"closed","ping_status":"closed","sticky":false,"template":"","format":"standard","meta":{"footnotes":""},"categories":[31],"tags":[],"class_list":["post-5105","post","type-post","status-publish","format-standard","has-post-thumbnail","hentry","category-esportes"],"yoast_head":"<!-- This site is optimized with the Yoast SEO plugin v27.4 - https:\/\/yoast.com\/product\/yoast-seo-wordpress\/ -->\n<title>MP da Espanha vai recorrer da decis\u00e3o que absolveu Daniel Alves em caso de agress\u00e3o sexual - Transam\u00e9rica Mococa 93,3<\/title>\n<meta name=\"robots\" content=\"index, follow, max-snippet:-1, max-image-preview:large, max-video-preview:-1\" \/>\n<link rel=\"canonical\" href=\"https:\/\/transamerica93.com.br\/home\/mp-da-espanha-vai-recorrer-da-decisao-que-absolveu-daniel-alves-em-caso-de-agressao-sexual\/\" \/>\n<meta property=\"og:locale\" content=\"pt_BR\" \/>\n<meta property=\"og:type\" content=\"article\" \/>\n<meta property=\"og:title\" content=\"MP da Espanha vai recorrer da decis\u00e3o que absolveu Daniel Alves em caso de agress\u00e3o sexual - Transam\u00e9rica Mococa 93,3\" \/>\n<meta property=\"og:description\" content=\"Por Rodrigo Sampaio O Minist\u00e9rio P\u00fablico da Espanha anunciou nesta quarta-feira que recorrer\u00e1 ao Supremo Tribunal do Pa\u00eds contra a decis\u00e3o que absolveu Daniel Alves da acusa\u00e7\u00e3o de agress\u00e3o sexual contra uma jovem de 23 anos em uma casa noturna de Barcelona. Na \u00faltima sexta, o recurso apresentado pela defesa do jogador foi aceito por &hellip;\" \/>\n<meta property=\"og:url\" content=\"https:\/\/transamerica93.com.br\/home\/mp-da-espanha-vai-recorrer-da-decisao-que-absolveu-daniel-alves-em-caso-de-agressao-sexual\/\" \/>\n<meta property=\"og:site_name\" content=\"Transam\u00e9rica Mococa 93,3\" \/>\n<meta property=\"article:publisher\" content=\"https:\/\/www.facebook.com\/transamericamococa\" \/>\n<meta property=\"article:published_time\" content=\"2025-04-07T15:00:04+00:00\" \/>\n<meta property=\"og:image\" content=\"https:\/\/transamerica93.com.br\/home\/wp-content\/uploads\/2025\/04\/Sem-titulo-13-1024x763.png\" \/>\n\t<meta property=\"og:image:width\" content=\"1024\" \/>\n\t<meta property=\"og:image:height\" content=\"763\" \/>\n\t<meta property=\"og:image:type\" content=\"image\/png\" \/>\n<meta name=\"author\" content=\"Reda\u00e7\u00e3o\" \/>\n<meta name=\"twitter:card\" content=\"summary_large_image\" \/>\n<meta name=\"twitter:creator\" content=\"@transamerica933\" \/>\n<meta name=\"twitter:site\" content=\"@transamerica933\" \/>\n<meta name=\"twitter:label1\" content=\"Escrito por\" \/>\n\t<meta name=\"twitter:data1\" content=\"Reda\u00e7\u00e3o\" \/>\n\t<meta name=\"twitter:label2\" content=\"Est. tempo de leitura\" \/>\n\t<meta name=\"twitter:data2\" content=\"3 minutos\" \/>\n<script type=\"application\/ld+json\" class=\"yoast-schema-graph\">{\"@context\":\"https:\\\/\\\/schema.org\",\"@graph\":[{\"@type\":\"Article\",\"@id\":\"https:\\\/\\\/transamerica93.com.br\\\/home\\\/mp-da-espanha-vai-recorrer-da-decisao-que-absolveu-daniel-alves-em-caso-de-agressao-sexual\\\/#article\",\"isPartOf\":{\"@id\":\"https:\\\/\\\/transamerica93.com.br\\\/home\\\/mp-da-espanha-vai-recorrer-da-decisao-que-absolveu-daniel-alves-em-caso-de-agressao-sexual\\\/\"},\"author\":{\"name\":\"Reda\u00e7\u00e3o\",\"@id\":\"https:\\\/\\\/transamerica93.com.br\\\/home\\\/#\\\/schema\\\/person\\\/7fed7c99c0d4562efa8561bc0f543172\"},\"headline\":\"MP da Espanha vai recorrer da decis\u00e3o que absolveu Daniel Alves em caso de agress\u00e3o sexual\",\"datePublished\":\"2025-04-07T15:00:04+00:00\",\"mainEntityOfPage\":{\"@id\":\"https:\\\/\\\/transamerica93.com.br\\\/home\\\/mp-da-espanha-vai-recorrer-da-decisao-que-absolveu-daniel-alves-em-caso-de-agressao-sexual\\\/\"},\"wordCount\":627,\"publisher\":{\"@id\":\"https:\\\/\\\/transamerica93.com.br\\\/home\\\/#organization\"},\"image\":{\"@id\":\"https:\\\/\\\/transamerica93.com.br\\\/home\\\/mp-da-espanha-vai-recorrer-da-decisao-que-absolveu-daniel-alves-em-caso-de-agressao-sexual\\\/#primaryimage\"},\"thumbnailUrl\":\"https:\\\/\\\/transamerica93.com.br\\\/home\\\/wp-content\\\/uploads\\\/2025\\\/04\\\/Sem-titulo-13.png\",\"articleSection\":[\"Esportes\"],\"inLanguage\":\"pt-BR\"},{\"@type\":\"WebPage\",\"@id\":\"https:\\\/\\\/transamerica93.com.br\\\/home\\\/mp-da-espanha-vai-recorrer-da-decisao-que-absolveu-daniel-alves-em-caso-de-agressao-sexual\\\/\",\"url\":\"https:\\\/\\\/transamerica93.com.br\\\/home\\\/mp-da-espanha-vai-recorrer-da-decisao-que-absolveu-daniel-alves-em-caso-de-agressao-sexual\\\/\",\"name\":\"MP da Espanha vai recorrer da decis\u00e3o que absolveu Daniel Alves em caso de agress\u00e3o sexual - Transam\u00e9rica Mococa 93,3\",\"isPartOf\":{\"@id\":\"https:\\\/\\\/transamerica93.com.br\\\/home\\\/#website\"},\"primaryImageOfPage\":{\"@id\":\"https:\\\/\\\/transamerica93.com.br\\\/home\\\/mp-da-espanha-vai-recorrer-da-decisao-que-absolveu-daniel-alves-em-caso-de-agressao-sexual\\\/#primaryimage\"},\"image\":{\"@id\":\"https:\\\/\\\/transamerica93.com.br\\\/home\\\/mp-da-espanha-vai-recorrer-da-decisao-que-absolveu-daniel-alves-em-caso-de-agressao-sexual\\\/#primaryimage\"},\"thumbnailUrl\":\"https:\\\/\\\/transamerica93.com.br\\\/home\\\/wp-content\\\/uploads\\\/2025\\\/04\\\/Sem-titulo-13.png\",\"datePublished\":\"2025-04-07T15:00:04+00:00\",\"breadcrumb\":{\"@id\":\"https:\\\/\\\/transamerica93.com.br\\\/home\\\/mp-da-espanha-vai-recorrer-da-decisao-que-absolveu-daniel-alves-em-caso-de-agressao-sexual\\\/#breadcrumb\"},\"inLanguage\":\"pt-BR\",\"potentialAction\":[{\"@type\":\"ReadAction\",\"target\":[\"https:\\\/\\\/transamerica93.com.br\\\/home\\\/mp-da-espanha-vai-recorrer-da-decisao-que-absolveu-daniel-alves-em-caso-de-agressao-sexual\\\/\"]}]},{\"@type\":\"ImageObject\",\"inLanguage\":\"pt-BR\",\"@id\":\"https:\\\/\\\/transamerica93.com.br\\\/home\\\/mp-da-espanha-vai-recorrer-da-decisao-que-absolveu-daniel-alves-em-caso-de-agressao-sexual\\\/#primaryimage\",\"url\":\"https:\\\/\\\/transamerica93.com.br\\\/home\\\/wp-content\\\/uploads\\\/2025\\\/04\\\/Sem-titulo-13.png\",\"contentUrl\":\"https:\\\/\\\/transamerica93.com.br\\\/home\\\/wp-content\\\/uploads\\\/2025\\\/04\\\/Sem-titulo-13.png\",\"width\":1826,\"height\":1360},{\"@type\":\"BreadcrumbList\",\"@id\":\"https:\\\/\\\/transamerica93.com.br\\\/home\\\/mp-da-espanha-vai-recorrer-da-decisao-que-absolveu-daniel-alves-em-caso-de-agressao-sexual\\\/#breadcrumb\",\"itemListElement\":[{\"@type\":\"ListItem\",\"position\":1,\"name\":\"In\u00edcio\",\"item\":\"https:\\\/\\\/transamerica93.com.br\\\/home\\\/\"},{\"@type\":\"ListItem\",\"position\":2,\"name\":\"MP da Espanha vai recorrer da decis\u00e3o que absolveu Daniel Alves em caso de agress\u00e3o sexual\"}]},{\"@type\":\"WebSite\",\"@id\":\"https:\\\/\\\/transamerica93.com.br\\\/home\\\/#website\",\"url\":\"https:\\\/\\\/transamerica93.com.br\\\/home\\\/\",\"name\":\"Transam\u00e9rica Mococa 93,3\",\"description\":\"\",\"publisher\":{\"@id\":\"https:\\\/\\\/transamerica93.com.br\\\/home\\\/#organization\"},\"potentialAction\":[{\"@type\":\"SearchAction\",\"target\":{\"@type\":\"EntryPoint\",\"urlTemplate\":\"https:\\\/\\\/transamerica93.com.br\\\/home\\\/?s={search_term_string}\"},\"query-input\":{\"@type\":\"PropertyValueSpecification\",\"valueRequired\":true,\"valueName\":\"search_term_string\"}}],\"inLanguage\":\"pt-BR\"},{\"@type\":\"Organization\",\"@id\":\"https:\\\/\\\/transamerica93.com.br\\\/home\\\/#organization\",\"name\":\"Transam\u00e9rica Mococa 93,3\",\"url\":\"https:\\\/\\\/transamerica93.com.br\\\/home\\\/\",\"logo\":{\"@type\":\"ImageObject\",\"inLanguage\":\"pt-BR\",\"@id\":\"https:\\\/\\\/transamerica93.com.br\\\/home\\\/#\\\/schema\\\/logo\\\/image\\\/\",\"url\":\"https:\\\/\\\/transamerica93.com.br\\\/home\\\/wp-content\\\/uploads\\\/2023\\\/10\\\/logo2.png\",\"contentUrl\":\"https:\\\/\\\/transamerica93.com.br\\\/home\\\/wp-content\\\/uploads\\\/2023\\\/10\\\/logo2.png\",\"width\":800,\"height\":500,\"caption\":\"Transam\u00e9rica Mococa 93,3\"},\"image\":{\"@id\":\"https:\\\/\\\/transamerica93.com.br\\\/home\\\/#\\\/schema\\\/logo\\\/image\\\/\"},\"sameAs\":[\"https:\\\/\\\/www.facebook.com\\\/transamericamococa\",\"https:\\\/\\\/x.com\\\/transamerica933\",\"https:\\\/\\\/www.instagram.com\\\/transamericamococa\"]},{\"@type\":\"Person\",\"@id\":\"https:\\\/\\\/transamerica93.com.br\\\/home\\\/#\\\/schema\\\/person\\\/7fed7c99c0d4562efa8561bc0f543172\",\"name\":\"Reda\u00e7\u00e3o\",\"image\":{\"@type\":\"ImageObject\",\"inLanguage\":\"pt-BR\",\"@id\":\"https:\\\/\\\/secure.gravatar.com\\\/avatar\\\/1072c6b775fb02ef8506ce967551d95926669a6b7d2c2147b42eea4d7c68395e?s=96&d=mm&r=g\",\"url\":\"https:\\\/\\\/secure.gravatar.com\\\/avatar\\\/1072c6b775fb02ef8506ce967551d95926669a6b7d2c2147b42eea4d7c68395e?s=96&d=mm&r=g\",\"contentUrl\":\"https:\\\/\\\/secure.gravatar.com\\\/avatar\\\/1072c6b775fb02ef8506ce967551d95926669a6b7d2c2147b42eea4d7c68395e?s=96&d=mm&r=g\",\"caption\":\"Reda\u00e7\u00e3o\"},\"sameAs\":[\"https:\\\/\\\/transamerica93.com.br\\\/home\"],\"url\":\"https:\\\/\\\/transamerica93.com.br\\\/home\\\/author\\\/william\\\/\"}]}<\/script>\n<!-- \/ Yoast SEO plugin. -->","yoast_head_json":{"title":"MP da Espanha vai recorrer da decis\u00e3o que absolveu Daniel Alves em caso de agress\u00e3o sexual - Transam\u00e9rica Mococa 93,3","robots":{"index":"index","follow":"follow","max-snippet":"max-snippet:-1","max-image-preview":"max-image-preview:large","max-video-preview":"max-video-preview:-1"},"canonical":"https:\/\/transamerica93.com.br\/home\/mp-da-espanha-vai-recorrer-da-decisao-que-absolveu-daniel-alves-em-caso-de-agressao-sexual\/","og_locale":"pt_BR","og_type":"article","og_title":"MP da Espanha vai recorrer da decis\u00e3o que absolveu Daniel Alves em caso de agress\u00e3o sexual - Transam\u00e9rica Mococa 93,3","og_description":"Por Rodrigo Sampaio O Minist\u00e9rio P\u00fablico da Espanha anunciou nesta quarta-feira que recorrer\u00e1 ao Supremo Tribunal do Pa\u00eds contra a decis\u00e3o que absolveu Daniel Alves da acusa\u00e7\u00e3o de agress\u00e3o sexual contra uma jovem de 23 anos em uma casa noturna de Barcelona. Na \u00faltima sexta, o recurso apresentado pela defesa do jogador foi aceito por &hellip;","og_url":"https:\/\/transamerica93.com.br\/home\/mp-da-espanha-vai-recorrer-da-decisao-que-absolveu-daniel-alves-em-caso-de-agressao-sexual\/","og_site_name":"Transam\u00e9rica Mococa 93,3","article_publisher":"https:\/\/www.facebook.com\/transamericamococa","article_published_time":"2025-04-07T15:00:04+00:00","og_image":[{"width":1024,"height":763,"url":"https:\/\/transamerica93.com.br\/home\/wp-content\/uploads\/2025\/04\/Sem-titulo-13-1024x763.png","type":"image\/png"}],"author":"Reda\u00e7\u00e3o","twitter_card":"summary_large_image","twitter_creator":"@transamerica933","twitter_site":"@transamerica933","twitter_misc":{"Escrito por":"Reda\u00e7\u00e3o","Est. tempo de leitura":"3 minutos"},"schema":{"@context":"https:\/\/schema.org","@graph":[{"@type":"Article","@id":"https:\/\/transamerica93.com.br\/home\/mp-da-espanha-vai-recorrer-da-decisao-que-absolveu-daniel-alves-em-caso-de-agressao-sexual\/#article","isPartOf":{"@id":"https:\/\/transamerica93.com.br\/home\/mp-da-espanha-vai-recorrer-da-decisao-que-absolveu-daniel-alves-em-caso-de-agressao-sexual\/"},"author":{"name":"Reda\u00e7\u00e3o","@id":"https:\/\/transamerica93.com.br\/home\/#\/schema\/person\/7fed7c99c0d4562efa8561bc0f543172"},"headline":"MP da Espanha vai recorrer da decis\u00e3o que absolveu Daniel Alves em caso de agress\u00e3o sexual","datePublished":"2025-04-07T15:00:04+00:00","mainEntityOfPage":{"@id":"https:\/\/transamerica93.com.br\/home\/mp-da-espanha-vai-recorrer-da-decisao-que-absolveu-daniel-alves-em-caso-de-agressao-sexual\/"},"wordCount":627,"publisher":{"@id":"https:\/\/transamerica93.com.br\/home\/#organization"},"image":{"@id":"https:\/\/transamerica93.com.br\/home\/mp-da-espanha-vai-recorrer-da-decisao-que-absolveu-daniel-alves-em-caso-de-agressao-sexual\/#primaryimage"},"thumbnailUrl":"https:\/\/transamerica93.com.br\/home\/wp-content\/uploads\/2025\/04\/Sem-titulo-13.png","articleSection":["Esportes"],"inLanguage":"pt-BR"},{"@type":"WebPage","@id":"https:\/\/transamerica93.com.br\/home\/mp-da-espanha-vai-recorrer-da-decisao-que-absolveu-daniel-alves-em-caso-de-agressao-sexual\/","url":"https:\/\/transamerica93.com.br\/home\/mp-da-espanha-vai-recorrer-da-decisao-que-absolveu-daniel-alves-em-caso-de-agressao-sexual\/","name":"MP da Espanha vai recorrer da decis\u00e3o que absolveu Daniel Alves em caso de agress\u00e3o sexual - Transam\u00e9rica Mococa 93,3","isPartOf":{"@id":"https:\/\/transamerica93.com.br\/home\/#website"},"primaryImageOfPage":{"@id":"https:\/\/transamerica93.com.br\/home\/mp-da-espanha-vai-recorrer-da-decisao-que-absolveu-daniel-alves-em-caso-de-agressao-sexual\/#primaryimage"},"image":{"@id":"https:\/\/transamerica93.com.br\/home\/mp-da-espanha-vai-recorrer-da-decisao-que-absolveu-daniel-alves-em-caso-de-agressao-sexual\/#primaryimage"},"thumbnailUrl":"https:\/\/transamerica93.com.br\/home\/wp-content\/uploads\/2025\/04\/Sem-titulo-13.png","datePublished":"2025-04-07T15:00:04+00:00","breadcrumb":{"@id":"https:\/\/transamerica93.com.br\/home\/mp-da-espanha-vai-recorrer-da-decisao-que-absolveu-daniel-alves-em-caso-de-agressao-sexual\/#breadcrumb"},"inLanguage":"pt-BR","potentialAction":[{"@type":"ReadAction","target":["https:\/\/transamerica93.com.br\/home\/mp-da-espanha-vai-recorrer-da-decisao-que-absolveu-daniel-alves-em-caso-de-agressao-sexual\/"]}]},{"@type":"ImageObject","inLanguage":"pt-BR","@id":"https:\/\/transamerica93.com.br\/home\/mp-da-espanha-vai-recorrer-da-decisao-que-absolveu-daniel-alves-em-caso-de-agressao-sexual\/#primaryimage","url":"https:\/\/transamerica93.com.br\/home\/wp-content\/uploads\/2025\/04\/Sem-titulo-13.png","contentUrl":"https:\/\/transamerica93.com.br\/home\/wp-content\/uploads\/2025\/04\/Sem-titulo-13.png","width":1826,"height":1360},{"@type":"BreadcrumbList","@id":"https:\/\/transamerica93.com.br\/home\/mp-da-espanha-vai-recorrer-da-decisao-que-absolveu-daniel-alves-em-caso-de-agressao-sexual\/#breadcrumb","itemListElement":[{"@type":"ListItem","position":1,"name":"In\u00edcio","item":"https:\/\/transamerica93.com.br\/home\/"},{"@type":"ListItem","position":2,"name":"MP da Espanha vai recorrer da decis\u00e3o que absolveu Daniel Alves em caso de agress\u00e3o sexual"}]},{"@type":"WebSite","@id":"https:\/\/transamerica93.com.br\/home\/#website","url":"https:\/\/transamerica93.com.br\/home\/","name":"Transam\u00e9rica Mococa 93,3","description":"","publisher":{"@id":"https:\/\/transamerica93.com.br\/home\/#organization"},"potentialAction":[{"@type":"SearchAction","target":{"@type":"EntryPoint","urlTemplate":"https:\/\/transamerica93.com.br\/home\/?s={search_term_string}"},"query-input":{"@type":"PropertyValueSpecification","valueRequired":true,"valueName":"search_term_string"}}],"inLanguage":"pt-BR"},{"@type":"Organization","@id":"https:\/\/transamerica93.com.br\/home\/#organization","name":"Transam\u00e9rica Mococa 93,3","url":"https:\/\/transamerica93.com.br\/home\/","logo":{"@type":"ImageObject","inLanguage":"pt-BR","@id":"https:\/\/transamerica93.com.br\/home\/#\/schema\/logo\/image\/","url":"https:\/\/transamerica93.com.br\/home\/wp-content\/uploads\/2023\/10\/logo2.png","contentUrl":"https:\/\/transamerica93.com.br\/home\/wp-content\/uploads\/2023\/10\/logo2.png","width":800,"height":500,"caption":"Transam\u00e9rica Mococa 93,3"},"image":{"@id":"https:\/\/transamerica93.com.br\/home\/#\/schema\/logo\/image\/"},"sameAs":["https:\/\/www.facebook.com\/transamericamococa","https:\/\/x.com\/transamerica933","https:\/\/www.instagram.com\/transamericamococa"]},{"@type":"Person","@id":"https:\/\/transamerica93.com.br\/home\/#\/schema\/person\/7fed7c99c0d4562efa8561bc0f543172","name":"Reda\u00e7\u00e3o","image":{"@type":"ImageObject","inLanguage":"pt-BR","@id":"https:\/\/secure.gravatar.com\/avatar\/1072c6b775fb02ef8506ce967551d95926669a6b7d2c2147b42eea4d7c68395e?s=96&d=mm&r=g","url":"https:\/\/secure.gravatar.com\/avatar\/1072c6b775fb02ef8506ce967551d95926669a6b7d2c2147b42eea4d7c68395e?s=96&d=mm&r=g","contentUrl":"https:\/\/secure.gravatar.com\/avatar\/1072c6b775fb02ef8506ce967551d95926669a6b7d2c2147b42eea4d7c68395e?s=96&d=mm&r=g","caption":"Reda\u00e7\u00e3o"},"sameAs":["https:\/\/transamerica93.com.br\/home"],"url":"https:\/\/transamerica93.com.br\/home\/author\/william\/"}]}},"_links":{"self":[{"href":"https:\/\/transamerica93.com.br\/home\/wp-json\/wp\/v2\/posts\/5105","targetHints":{"allow":["GET"]}}],"collection":[{"href":"https:\/\/transamerica93.com.br\/home\/wp-json\/wp\/v2\/posts"}],"about":[{"href":"https:\/\/transamerica93.com.br\/home\/wp-json\/wp\/v2\/types\/post"}],"author":[{"embeddable":true,"href":"https:\/\/transamerica93.com.br\/home\/wp-json\/wp\/v2\/users\/1"}],"replies":[{"embeddable":true,"href":"https:\/\/transamerica93.com.br\/home\/wp-json\/wp\/v2\/comments?post=5105"}],"version-history":[{"count":1,"href":"https:\/\/transamerica93.com.br\/home\/wp-json\/wp\/v2\/posts\/5105\/revisions"}],"predecessor-version":[{"id":5107,"href":"https:\/\/transamerica93.com.br\/home\/wp-json\/wp\/v2\/posts\/5105\/revisions\/5107"}],"wp:featuredmedia":[{"embeddable":true,"href":"https:\/\/transamerica93.com.br\/home\/wp-json\/wp\/v2\/media\/5106"}],"wp:attachment":[{"href":"https:\/\/transamerica93.com.br\/home\/wp-json\/wp\/v2\/media?parent=5105"}],"wp:term":[{"taxonomy":"category","embeddable":true,"href":"https:\/\/transamerica93.com.br\/home\/wp-json\/wp\/v2\/categories?post=5105"},{"taxonomy":"post_tag","embeddable":true,"href":"https:\/\/transamerica93.com.br\/home\/wp-json\/wp\/v2\/tags?post=5105"}],"curies":[{"name":"wp","href":"https:\/\/api.w.org\/{rel}","templated":true}]}}