{"id":5130,"date":"2025-04-10T09:00:45","date_gmt":"2025-04-10T12:00:45","guid":{"rendered":"https:\/\/transamerica93.com.br\/home\/?p=5130"},"modified":"2025-04-02T17:34:34","modified_gmt":"2025-04-02T20:34:34","slug":"brasil-recupera-25-fosseis-de-insetos-que-seriam-vendidos-no-exterior","status":"publish","type":"post","link":"https:\/\/transamerica93.com.br\/home\/brasil-recupera-25-fosseis-de-insetos-que-seriam-vendidos-no-exterior\/","title":{"rendered":"Brasil recupera 25 f\u00f3sseis de insetos que seriam vendidos no exterior"},"content":{"rendered":"<div class=\"conteudo-noticia\">\n<p>O Brasil recuperou\u00a0<strong>25 f\u00f3sseis de insetos origin\u00e1rios da Chapada do Araripe<\/strong>, s\u00edtio paleontol\u00f3gico no Cear\u00e1,\u00a0<strong>levados clandestinamente para o Reino Unido<\/strong>.\u00a0<img decoding=\"async\" data-src=\"https:\/\/agenciabrasil.ebc.com.br\/ebc.png?id=1637153&amp;o=node\" src=\"data:image\/svg+xml;base64,PHN2ZyB3aWR0aD0iMSIgaGVpZ2h0PSIxIiB4bWxucz0iaHR0cDovL3d3dy53My5vcmcvMjAwMC9zdmciPjwvc3ZnPg==\" class=\"lazyload\" \/><img decoding=\"async\" data-src=\"https:\/\/agenciabrasil.ebc.com.br\/ebc.gif?id=1637153&amp;o=node\" src=\"data:image\/svg+xml;base64,PHN2ZyB3aWR0aD0iMSIgaGVpZ2h0PSIxIiB4bWxucz0iaHR0cDovL3d3dy53My5vcmcvMjAwMC9zdmciPjwvc3ZnPg==\" class=\"lazyload\" \/><\/p>\n<p>O material era anunciado para venda em um\u00a0<em>site<\/em>\u00a0especializado na comercializa\u00e7\u00e3o de\u00a0<strong>rochas e f\u00f3sseis<\/strong>. Os f\u00f3sseis chegaram no Brasil na semana passada, na\u00a0<strong>Procuradoria-Geral da Rep\u00fablica (PGR),<\/strong>\u00a0em Bras\u00edlia.<\/p>\n<p>Eles ser\u00e3o transferidos para o\u00a0<strong>Museu de Paleontologia Pl\u00e1cido Cidade Nuvens<\/strong>, que fica\u00a0<strong>em Santana do Cariri (CE)<\/strong>. A repatria\u00e7\u00e3o do material foi obtida\u00a0<strong>ap\u00f3s a\u00e7\u00e3o do Minist\u00e9rio P\u00fablico Federal (MPF)<\/strong>\u00a0ter recebido uma\u00a0<strong>den\u00fancia feita por uma pesquisadora em fevereiro de 2023.<\/strong><\/p>\n<blockquote><p>\u201cCom base em laudos paleontol\u00f3gicos que certificaram a origem brasileira dos f\u00f3sseis, a Secretaria de Coopera\u00e7\u00e3o Internacional (SCI) do MPF pediu aux\u00edlio jur\u00eddico das autoridades brit\u00e2nicas para localizar o respons\u00e1vel pela venda, obter informa\u00e7\u00f5es sobre a origem do material e providenciar o retorno do patrim\u00f4nio ao Brasil\u201d, informou o MPF.<\/p><\/blockquote>\n<p>Com o retorno das pe\u00e7as ao Brasil, agora o MPF vai dar prosseguimento \u00e0s apura\u00e7\u00f5es, na\u00a0<strong>tentativa de identificar os respons\u00e1veis pela extra\u00e7\u00e3o ilegal do patrim\u00f4nio p\u00fablico.<\/strong><\/p>\n<p>O MPF informou ainda que outros dois casos est\u00e3o em tramita\u00e7\u00e3o. Ambos aguardam decis\u00e3o da Justi\u00e7a da Fran\u00e7a e envolvem um\u00a0<strong>esqueleto quase completo de pterossauro<\/strong>\u00a0da esp\u00e9cie\u00a0<strong>Anhanguera com quase 4 metros de envergadura<\/strong>\u00a0e outros\u00a0<strong>45 f\u00f3sseis<\/strong>, que incluem\u00a0<strong>tartarugas marinhas, aracn\u00eddeos, peixes, r\u00e9pteis, insetos e plantas, alguns com 2 milh\u00f5es de anos.<\/strong><\/p>\n<div class=\"dnd-widget-wrapper context-cheio_8colunas type-image\">\n<div class=\"dnd-atom-rendered\"><img decoding=\"async\" title=\"MPF\/Divulga\u00e7\u00e3o\" data-src=\"https:\/\/imagens.ebc.com.br\/SrVZ9Axi-y3VKa0mmtAyKF1qJfg=\/754x0\/smart\/https:\/\/agenciabrasil.ebc.com.br\/sites\/default\/files\/thumbnails\/image\/2025\/04\/02\/fosseis_01.jpg?itok=wzIe9jLR\" alt=\"Bras\u00edlia (DF) 02\/04\/2025 -  Brasil recupera f\u00f3sseis de insetos que seriam vendidos ilegalmente\u00a0no\u00a0exterior.\nFoto: MPF\/Divulga\u00e7\u00e3o\" src=\"data:image\/svg+xml;base64,PHN2ZyB3aWR0aD0iMSIgaGVpZ2h0PSIxIiB4bWxucz0iaHR0cDovL3d3dy53My5vcmcvMjAwMC9zdmciPjwvc3ZnPg==\" class=\"lazyload\" \/><\/div>\n<div class=\"dnd-caption-wrapper\">\n<h6 class=\"meta\">Brasil recupera f\u00f3sseis que seriam vendidos no\u00a0exterior &#8211;\u00a0\u00a0<strong>MPF\/Divulga\u00e7\u00e3o<\/strong><\/h6>\n<\/div>\n<\/div>\n<p>\u201cEsse material est\u00e1 avaliado em quase 600 mil euros (cerca de R$ 4 milh\u00f5es, pelo c\u00e2mbio atual) \u2013 dada a raridade, o interesse cient\u00edfico e a qualidade de preserva\u00e7\u00e3o\u201d, disse a institui\u00e7\u00e3o.<\/p>\n<p>A legisla\u00e7\u00e3o brasileira pro\u00edbe a explora\u00e7\u00e3o e venda de f\u00f3sseis brasileiros, vedando tamb\u00e9m a extra\u00e7\u00e3o, comercializa\u00e7\u00e3o, transporte e exporta\u00e7\u00e3o desse tipo de material sem a pr\u00e9via e expressa autoriza\u00e7\u00e3o do governo brasileiro.<\/p>\n<blockquote><p>Nos casos em que a pe\u00e7a \u00e9 enviada para o exterior, a repatria\u00e7\u00e3o \u00e9 solicitada ap\u00f3s a realiza\u00e7\u00e3o de procedimentos para identificar a origem brasileira de determinado material. \u201cA partir da\u00ed, se inicia um processo de coopera\u00e7\u00e3o internacional para que as autoridades do pa\u00eds, onde a pe\u00e7a se encontra, possam coletar provas e ouvir as pessoas envolvidas, a fim de fazer a apreens\u00e3o e providenciar o retorno desse bem\u201d, informou o MPF.<\/p><\/blockquote>\n<h2>Chapada do Araripe<\/h2>\n<p>A regi\u00e3o da<strong>\u00a0Chapada do Araripe (CE)<\/strong>\u00a0abriga\u00a0<strong>f\u00f3sseis do per\u00edodo Cret\u00e1ceo &#8211;<\/strong>\u00a0<strong>de 145 milh\u00f5es a 66 milh\u00f5es de anos atr\u00e1s<\/strong>. Contudo, por d\u00e9cadas, muitos desses f\u00f3sseis foram retirados ilegalmente e enviados para cole\u00e7\u00f5es privadas e museus estrangeiros, muitas vezes sem o devido registro cient\u00edfico.<\/p>\n<p>Segundo o\u00a0<strong>MPF<\/strong>,\u00a0<strong>desde 2022 j\u00e1 foram repatriados mais de mil f\u00f3sseis de animais e plantas,<\/strong>\u00a0extra\u00eddos da regi\u00e3o e levados de\u00a0<strong>forma irregular para Europa.<\/strong><\/p>\n<div class=\"noticias-relacionadas rel-position rowflex\">\n<div class=\"titulo-noticia-relacionada\"><\/div>\n<\/div>\n<\/div>\n<div class=\"footer-noticia\">\n<div class=\"editor rowflex\">Edi\u00e7\u00e3o: Val\u00e9ria Aguiar<\/div>\n<\/div>\n","protected":false},"excerpt":{"rendered":"<p>O Brasil recuperou\u00a025 f\u00f3sseis de insetos origin\u00e1rios da Chapada do Araripe, s\u00edtio paleontol\u00f3gico no Cear\u00e1,\u00a0levados clandestinamente para o Reino Unido.\u00a0 O material era anunciado para venda em um\u00a0site\u00a0especializado na comercializa\u00e7\u00e3o de\u00a0rochas e f\u00f3sseis. Os f\u00f3sseis chegaram no Brasil na semana passada, na\u00a0Procuradoria-Geral da Rep\u00fablica (PGR),\u00a0em Bras\u00edlia. Eles ser\u00e3o transferidos para o\u00a0Museu de Paleontologia Pl\u00e1cido Cidade &hellip;<\/p>\n","protected":false},"author":1,"featured_media":5123,"comment_status":"closed","ping_status":"closed","sticky":false,"template":"","format":"standard","meta":{"footnotes":""},"categories":[30],"tags":[],"class_list":["post-5130","post","type-post","status-publish","format-standard","has-post-thumbnail","hentry","category-geral"],"yoast_head":"<!-- This site is optimized with the Yoast SEO plugin v27.4 - https:\/\/yoast.com\/product\/yoast-seo-wordpress\/ -->\n<title>Brasil recupera 25 f\u00f3sseis de insetos que seriam vendidos no exterior - Transam\u00e9rica Mococa 93,3<\/title>\n<meta name=\"robots\" content=\"index, follow, max-snippet:-1, max-image-preview:large, max-video-preview:-1\" \/>\n<link rel=\"canonical\" href=\"https:\/\/transamerica93.com.br\/home\/brasil-recupera-25-fosseis-de-insetos-que-seriam-vendidos-no-exterior\/\" \/>\n<meta property=\"og:locale\" content=\"pt_BR\" \/>\n<meta property=\"og:type\" content=\"article\" \/>\n<meta property=\"og:title\" content=\"Brasil recupera 25 f\u00f3sseis de insetos que seriam vendidos no exterior - Transam\u00e9rica Mococa 93,3\" \/>\n<meta property=\"og:description\" content=\"O Brasil recuperou\u00a025 f\u00f3sseis de insetos origin\u00e1rios da Chapada do Araripe, s\u00edtio paleontol\u00f3gico no Cear\u00e1,\u00a0levados clandestinamente para o Reino Unido.\u00a0 O material era anunciado para venda em um\u00a0site\u00a0especializado na comercializa\u00e7\u00e3o de\u00a0rochas e f\u00f3sseis. Os f\u00f3sseis chegaram no Brasil na semana passada, na\u00a0Procuradoria-Geral da Rep\u00fablica (PGR),\u00a0em Bras\u00edlia. Eles ser\u00e3o transferidos para o\u00a0Museu de Paleontologia Pl\u00e1cido Cidade &hellip;\" \/>\n<meta property=\"og:url\" content=\"https:\/\/transamerica93.com.br\/home\/brasil-recupera-25-fosseis-de-insetos-que-seriam-vendidos-no-exterior\/\" \/>\n<meta property=\"og:site_name\" content=\"Transam\u00e9rica Mococa 93,3\" \/>\n<meta property=\"article:publisher\" content=\"https:\/\/www.facebook.com\/transamericamococa\" \/>\n<meta property=\"article:published_time\" content=\"2025-04-10T12:00:45+00:00\" \/>\n<meta property=\"og:image\" content=\"https:\/\/transamerica93.com.br\/home\/wp-content\/uploads\/2025\/04\/d.jpg\" \/>\n\t<meta property=\"og:image:width\" content=\"1170\" \/>\n\t<meta property=\"og:image:height\" content=\"700\" \/>\n\t<meta property=\"og:image:type\" content=\"image\/jpeg\" \/>\n<meta name=\"author\" content=\"Reda\u00e7\u00e3o\" \/>\n<meta name=\"twitter:card\" content=\"summary_large_image\" \/>\n<meta name=\"twitter:creator\" content=\"@transamerica933\" \/>\n<meta name=\"twitter:site\" content=\"@transamerica933\" \/>\n<meta name=\"twitter:label1\" content=\"Escrito por\" \/>\n\t<meta name=\"twitter:data1\" content=\"Reda\u00e7\u00e3o\" \/>\n\t<meta name=\"twitter:label2\" content=\"Est. tempo de leitura\" \/>\n\t<meta name=\"twitter:data2\" content=\"3 minutos\" \/>\n<script type=\"application\/ld+json\" class=\"yoast-schema-graph\">{\"@context\":\"https:\\\/\\\/schema.org\",\"@graph\":[{\"@type\":\"Article\",\"@id\":\"https:\\\/\\\/transamerica93.com.br\\\/home\\\/brasil-recupera-25-fosseis-de-insetos-que-seriam-vendidos-no-exterior\\\/#article\",\"isPartOf\":{\"@id\":\"https:\\\/\\\/transamerica93.com.br\\\/home\\\/brasil-recupera-25-fosseis-de-insetos-que-seriam-vendidos-no-exterior\\\/\"},\"author\":{\"name\":\"Reda\u00e7\u00e3o\",\"@id\":\"https:\\\/\\\/transamerica93.com.br\\\/home\\\/#\\\/schema\\\/person\\\/7fed7c99c0d4562efa8561bc0f543172\"},\"headline\":\"Brasil recupera 25 f\u00f3sseis de insetos que seriam vendidos no exterior\",\"datePublished\":\"2025-04-10T12:00:45+00:00\",\"mainEntityOfPage\":{\"@id\":\"https:\\\/\\\/transamerica93.com.br\\\/home\\\/brasil-recupera-25-fosseis-de-insetos-que-seriam-vendidos-no-exterior\\\/\"},\"wordCount\":534,\"publisher\":{\"@id\":\"https:\\\/\\\/transamerica93.com.br\\\/home\\\/#organization\"},\"image\":{\"@id\":\"https:\\\/\\\/transamerica93.com.br\\\/home\\\/brasil-recupera-25-fosseis-de-insetos-que-seriam-vendidos-no-exterior\\\/#primaryimage\"},\"thumbnailUrl\":\"https:\\\/\\\/transamerica93.com.br\\\/home\\\/wp-content\\\/uploads\\\/2025\\\/04\\\/d.jpg\",\"articleSection\":[\"Geral\"],\"inLanguage\":\"pt-BR\"},{\"@type\":\"WebPage\",\"@id\":\"https:\\\/\\\/transamerica93.com.br\\\/home\\\/brasil-recupera-25-fosseis-de-insetos-que-seriam-vendidos-no-exterior\\\/\",\"url\":\"https:\\\/\\\/transamerica93.com.br\\\/home\\\/brasil-recupera-25-fosseis-de-insetos-que-seriam-vendidos-no-exterior\\\/\",\"name\":\"Brasil recupera 25 f\u00f3sseis de insetos que seriam vendidos no exterior - Transam\u00e9rica Mococa 93,3\",\"isPartOf\":{\"@id\":\"https:\\\/\\\/transamerica93.com.br\\\/home\\\/#website\"},\"primaryImageOfPage\":{\"@id\":\"https:\\\/\\\/transamerica93.com.br\\\/home\\\/brasil-recupera-25-fosseis-de-insetos-que-seriam-vendidos-no-exterior\\\/#primaryimage\"},\"image\":{\"@id\":\"https:\\\/\\\/transamerica93.com.br\\\/home\\\/brasil-recupera-25-fosseis-de-insetos-que-seriam-vendidos-no-exterior\\\/#primaryimage\"},\"thumbnailUrl\":\"https:\\\/\\\/transamerica93.com.br\\\/home\\\/wp-content\\\/uploads\\\/2025\\\/04\\\/d.jpg\",\"datePublished\":\"2025-04-10T12:00:45+00:00\",\"breadcrumb\":{\"@id\":\"https:\\\/\\\/transamerica93.com.br\\\/home\\\/brasil-recupera-25-fosseis-de-insetos-que-seriam-vendidos-no-exterior\\\/#breadcrumb\"},\"inLanguage\":\"pt-BR\",\"potentialAction\":[{\"@type\":\"ReadAction\",\"target\":[\"https:\\\/\\\/transamerica93.com.br\\\/home\\\/brasil-recupera-25-fosseis-de-insetos-que-seriam-vendidos-no-exterior\\\/\"]}]},{\"@type\":\"ImageObject\",\"inLanguage\":\"pt-BR\",\"@id\":\"https:\\\/\\\/transamerica93.com.br\\\/home\\\/brasil-recupera-25-fosseis-de-insetos-que-seriam-vendidos-no-exterior\\\/#primaryimage\",\"url\":\"https:\\\/\\\/transamerica93.com.br\\\/home\\\/wp-content\\\/uploads\\\/2025\\\/04\\\/d.jpg\",\"contentUrl\":\"https:\\\/\\\/transamerica93.com.br\\\/home\\\/wp-content\\\/uploads\\\/2025\\\/04\\\/d.jpg\",\"width\":1170,\"height\":700,\"caption\":\"\u00a9 MPF\\\/Divulga\u00e7\u00e3o\"},{\"@type\":\"BreadcrumbList\",\"@id\":\"https:\\\/\\\/transamerica93.com.br\\\/home\\\/brasil-recupera-25-fosseis-de-insetos-que-seriam-vendidos-no-exterior\\\/#breadcrumb\",\"itemListElement\":[{\"@type\":\"ListItem\",\"position\":1,\"name\":\"In\u00edcio\",\"item\":\"https:\\\/\\\/transamerica93.com.br\\\/home\\\/\"},{\"@type\":\"ListItem\",\"position\":2,\"name\":\"Brasil recupera 25 f\u00f3sseis de insetos que seriam vendidos no exterior\"}]},{\"@type\":\"WebSite\",\"@id\":\"https:\\\/\\\/transamerica93.com.br\\\/home\\\/#website\",\"url\":\"https:\\\/\\\/transamerica93.com.br\\\/home\\\/\",\"name\":\"Transam\u00e9rica Mococa 93,3\",\"description\":\"\",\"publisher\":{\"@id\":\"https:\\\/\\\/transamerica93.com.br\\\/home\\\/#organization\"},\"potentialAction\":[{\"@type\":\"SearchAction\",\"target\":{\"@type\":\"EntryPoint\",\"urlTemplate\":\"https:\\\/\\\/transamerica93.com.br\\\/home\\\/?s={search_term_string}\"},\"query-input\":{\"@type\":\"PropertyValueSpecification\",\"valueRequired\":true,\"valueName\":\"search_term_string\"}}],\"inLanguage\":\"pt-BR\"},{\"@type\":\"Organization\",\"@id\":\"https:\\\/\\\/transamerica93.com.br\\\/home\\\/#organization\",\"name\":\"Transam\u00e9rica Mococa 93,3\",\"url\":\"https:\\\/\\\/transamerica93.com.br\\\/home\\\/\",\"logo\":{\"@type\":\"ImageObject\",\"inLanguage\":\"pt-BR\",\"@id\":\"https:\\\/\\\/transamerica93.com.br\\\/home\\\/#\\\/schema\\\/logo\\\/image\\\/\",\"url\":\"https:\\\/\\\/transamerica93.com.br\\\/home\\\/wp-content\\\/uploads\\\/2023\\\/10\\\/logo2.png\",\"contentUrl\":\"https:\\\/\\\/transamerica93.com.br\\\/home\\\/wp-content\\\/uploads\\\/2023\\\/10\\\/logo2.png\",\"width\":800,\"height\":500,\"caption\":\"Transam\u00e9rica Mococa 93,3\"},\"image\":{\"@id\":\"https:\\\/\\\/transamerica93.com.br\\\/home\\\/#\\\/schema\\\/logo\\\/image\\\/\"},\"sameAs\":[\"https:\\\/\\\/www.facebook.com\\\/transamericamococa\",\"https:\\\/\\\/x.com\\\/transamerica933\",\"https:\\\/\\\/www.instagram.com\\\/transamericamococa\"]},{\"@type\":\"Person\",\"@id\":\"https:\\\/\\\/transamerica93.com.br\\\/home\\\/#\\\/schema\\\/person\\\/7fed7c99c0d4562efa8561bc0f543172\",\"name\":\"Reda\u00e7\u00e3o\",\"image\":{\"@type\":\"ImageObject\",\"inLanguage\":\"pt-BR\",\"@id\":\"https:\\\/\\\/secure.gravatar.com\\\/avatar\\\/1072c6b775fb02ef8506ce967551d95926669a6b7d2c2147b42eea4d7c68395e?s=96&d=mm&r=g\",\"url\":\"https:\\\/\\\/secure.gravatar.com\\\/avatar\\\/1072c6b775fb02ef8506ce967551d95926669a6b7d2c2147b42eea4d7c68395e?s=96&d=mm&r=g\",\"contentUrl\":\"https:\\\/\\\/secure.gravatar.com\\\/avatar\\\/1072c6b775fb02ef8506ce967551d95926669a6b7d2c2147b42eea4d7c68395e?s=96&d=mm&r=g\",\"caption\":\"Reda\u00e7\u00e3o\"},\"sameAs\":[\"https:\\\/\\\/transamerica93.com.br\\\/home\"],\"url\":\"https:\\\/\\\/transamerica93.com.br\\\/home\\\/author\\\/william\\\/\"}]}<\/script>\n<!-- \/ Yoast SEO plugin. -->","yoast_head_json":{"title":"Brasil recupera 25 f\u00f3sseis de insetos que seriam vendidos no exterior - Transam\u00e9rica Mococa 93,3","robots":{"index":"index","follow":"follow","max-snippet":"max-snippet:-1","max-image-preview":"max-image-preview:large","max-video-preview":"max-video-preview:-1"},"canonical":"https:\/\/transamerica93.com.br\/home\/brasil-recupera-25-fosseis-de-insetos-que-seriam-vendidos-no-exterior\/","og_locale":"pt_BR","og_type":"article","og_title":"Brasil recupera 25 f\u00f3sseis de insetos que seriam vendidos no exterior - Transam\u00e9rica Mococa 93,3","og_description":"O Brasil recuperou\u00a025 f\u00f3sseis de insetos origin\u00e1rios da Chapada do Araripe, s\u00edtio paleontol\u00f3gico no Cear\u00e1,\u00a0levados clandestinamente para o Reino Unido.\u00a0 O material era anunciado para venda em um\u00a0site\u00a0especializado na comercializa\u00e7\u00e3o de\u00a0rochas e f\u00f3sseis. Os f\u00f3sseis chegaram no Brasil na semana passada, na\u00a0Procuradoria-Geral da Rep\u00fablica (PGR),\u00a0em Bras\u00edlia. Eles ser\u00e3o transferidos para o\u00a0Museu de Paleontologia Pl\u00e1cido Cidade &hellip;","og_url":"https:\/\/transamerica93.com.br\/home\/brasil-recupera-25-fosseis-de-insetos-que-seriam-vendidos-no-exterior\/","og_site_name":"Transam\u00e9rica Mococa 93,3","article_publisher":"https:\/\/www.facebook.com\/transamericamococa","article_published_time":"2025-04-10T12:00:45+00:00","og_image":[{"width":1170,"height":700,"url":"https:\/\/transamerica93.com.br\/home\/wp-content\/uploads\/2025\/04\/d.jpg","type":"image\/jpeg"}],"author":"Reda\u00e7\u00e3o","twitter_card":"summary_large_image","twitter_creator":"@transamerica933","twitter_site":"@transamerica933","twitter_misc":{"Escrito por":"Reda\u00e7\u00e3o","Est. tempo de leitura":"3 minutos"},"schema":{"@context":"https:\/\/schema.org","@graph":[{"@type":"Article","@id":"https:\/\/transamerica93.com.br\/home\/brasil-recupera-25-fosseis-de-insetos-que-seriam-vendidos-no-exterior\/#article","isPartOf":{"@id":"https:\/\/transamerica93.com.br\/home\/brasil-recupera-25-fosseis-de-insetos-que-seriam-vendidos-no-exterior\/"},"author":{"name":"Reda\u00e7\u00e3o","@id":"https:\/\/transamerica93.com.br\/home\/#\/schema\/person\/7fed7c99c0d4562efa8561bc0f543172"},"headline":"Brasil recupera 25 f\u00f3sseis de insetos que seriam vendidos no exterior","datePublished":"2025-04-10T12:00:45+00:00","mainEntityOfPage":{"@id":"https:\/\/transamerica93.com.br\/home\/brasil-recupera-25-fosseis-de-insetos-que-seriam-vendidos-no-exterior\/"},"wordCount":534,"publisher":{"@id":"https:\/\/transamerica93.com.br\/home\/#organization"},"image":{"@id":"https:\/\/transamerica93.com.br\/home\/brasil-recupera-25-fosseis-de-insetos-que-seriam-vendidos-no-exterior\/#primaryimage"},"thumbnailUrl":"https:\/\/transamerica93.com.br\/home\/wp-content\/uploads\/2025\/04\/d.jpg","articleSection":["Geral"],"inLanguage":"pt-BR"},{"@type":"WebPage","@id":"https:\/\/transamerica93.com.br\/home\/brasil-recupera-25-fosseis-de-insetos-que-seriam-vendidos-no-exterior\/","url":"https:\/\/transamerica93.com.br\/home\/brasil-recupera-25-fosseis-de-insetos-que-seriam-vendidos-no-exterior\/","name":"Brasil recupera 25 f\u00f3sseis de insetos que seriam vendidos no exterior - Transam\u00e9rica Mococa 93,3","isPartOf":{"@id":"https:\/\/transamerica93.com.br\/home\/#website"},"primaryImageOfPage":{"@id":"https:\/\/transamerica93.com.br\/home\/brasil-recupera-25-fosseis-de-insetos-que-seriam-vendidos-no-exterior\/#primaryimage"},"image":{"@id":"https:\/\/transamerica93.com.br\/home\/brasil-recupera-25-fosseis-de-insetos-que-seriam-vendidos-no-exterior\/#primaryimage"},"thumbnailUrl":"https:\/\/transamerica93.com.br\/home\/wp-content\/uploads\/2025\/04\/d.jpg","datePublished":"2025-04-10T12:00:45+00:00","breadcrumb":{"@id":"https:\/\/transamerica93.com.br\/home\/brasil-recupera-25-fosseis-de-insetos-que-seriam-vendidos-no-exterior\/#breadcrumb"},"inLanguage":"pt-BR","potentialAction":[{"@type":"ReadAction","target":["https:\/\/transamerica93.com.br\/home\/brasil-recupera-25-fosseis-de-insetos-que-seriam-vendidos-no-exterior\/"]}]},{"@type":"ImageObject","inLanguage":"pt-BR","@id":"https:\/\/transamerica93.com.br\/home\/brasil-recupera-25-fosseis-de-insetos-que-seriam-vendidos-no-exterior\/#primaryimage","url":"https:\/\/transamerica93.com.br\/home\/wp-content\/uploads\/2025\/04\/d.jpg","contentUrl":"https:\/\/transamerica93.com.br\/home\/wp-content\/uploads\/2025\/04\/d.jpg","width":1170,"height":700,"caption":"\u00a9 MPF\/Divulga\u00e7\u00e3o"},{"@type":"BreadcrumbList","@id":"https:\/\/transamerica93.com.br\/home\/brasil-recupera-25-fosseis-de-insetos-que-seriam-vendidos-no-exterior\/#breadcrumb","itemListElement":[{"@type":"ListItem","position":1,"name":"In\u00edcio","item":"https:\/\/transamerica93.com.br\/home\/"},{"@type":"ListItem","position":2,"name":"Brasil recupera 25 f\u00f3sseis de insetos que seriam vendidos no exterior"}]},{"@type":"WebSite","@id":"https:\/\/transamerica93.com.br\/home\/#website","url":"https:\/\/transamerica93.com.br\/home\/","name":"Transam\u00e9rica Mococa 93,3","description":"","publisher":{"@id":"https:\/\/transamerica93.com.br\/home\/#organization"},"potentialAction":[{"@type":"SearchAction","target":{"@type":"EntryPoint","urlTemplate":"https:\/\/transamerica93.com.br\/home\/?s={search_term_string}"},"query-input":{"@type":"PropertyValueSpecification","valueRequired":true,"valueName":"search_term_string"}}],"inLanguage":"pt-BR"},{"@type":"Organization","@id":"https:\/\/transamerica93.com.br\/home\/#organization","name":"Transam\u00e9rica Mococa 93,3","url":"https:\/\/transamerica93.com.br\/home\/","logo":{"@type":"ImageObject","inLanguage":"pt-BR","@id":"https:\/\/transamerica93.com.br\/home\/#\/schema\/logo\/image\/","url":"https:\/\/transamerica93.com.br\/home\/wp-content\/uploads\/2023\/10\/logo2.png","contentUrl":"https:\/\/transamerica93.com.br\/home\/wp-content\/uploads\/2023\/10\/logo2.png","width":800,"height":500,"caption":"Transam\u00e9rica Mococa 93,3"},"image":{"@id":"https:\/\/transamerica93.com.br\/home\/#\/schema\/logo\/image\/"},"sameAs":["https:\/\/www.facebook.com\/transamericamococa","https:\/\/x.com\/transamerica933","https:\/\/www.instagram.com\/transamericamococa"]},{"@type":"Person","@id":"https:\/\/transamerica93.com.br\/home\/#\/schema\/person\/7fed7c99c0d4562efa8561bc0f543172","name":"Reda\u00e7\u00e3o","image":{"@type":"ImageObject","inLanguage":"pt-BR","@id":"https:\/\/secure.gravatar.com\/avatar\/1072c6b775fb02ef8506ce967551d95926669a6b7d2c2147b42eea4d7c68395e?s=96&d=mm&r=g","url":"https:\/\/secure.gravatar.com\/avatar\/1072c6b775fb02ef8506ce967551d95926669a6b7d2c2147b42eea4d7c68395e?s=96&d=mm&r=g","contentUrl":"https:\/\/secure.gravatar.com\/avatar\/1072c6b775fb02ef8506ce967551d95926669a6b7d2c2147b42eea4d7c68395e?s=96&d=mm&r=g","caption":"Reda\u00e7\u00e3o"},"sameAs":["https:\/\/transamerica93.com.br\/home"],"url":"https:\/\/transamerica93.com.br\/home\/author\/william\/"}]}},"_links":{"self":[{"href":"https:\/\/transamerica93.com.br\/home\/wp-json\/wp\/v2\/posts\/5130","targetHints":{"allow":["GET"]}}],"collection":[{"href":"https:\/\/transamerica93.com.br\/home\/wp-json\/wp\/v2\/posts"}],"about":[{"href":"https:\/\/transamerica93.com.br\/home\/wp-json\/wp\/v2\/types\/post"}],"author":[{"embeddable":true,"href":"https:\/\/transamerica93.com.br\/home\/wp-json\/wp\/v2\/users\/1"}],"replies":[{"embeddable":true,"href":"https:\/\/transamerica93.com.br\/home\/wp-json\/wp\/v2\/comments?post=5130"}],"version-history":[{"count":1,"href":"https:\/\/transamerica93.com.br\/home\/wp-json\/wp\/v2\/posts\/5130\/revisions"}],"predecessor-version":[{"id":5131,"href":"https:\/\/transamerica93.com.br\/home\/wp-json\/wp\/v2\/posts\/5130\/revisions\/5131"}],"wp:featuredmedia":[{"embeddable":true,"href":"https:\/\/transamerica93.com.br\/home\/wp-json\/wp\/v2\/media\/5123"}],"wp:attachment":[{"href":"https:\/\/transamerica93.com.br\/home\/wp-json\/wp\/v2\/media?parent=5130"}],"wp:term":[{"taxonomy":"category","embeddable":true,"href":"https:\/\/transamerica93.com.br\/home\/wp-json\/wp\/v2\/categories?post=5130"},{"taxonomy":"post_tag","embeddable":true,"href":"https:\/\/transamerica93.com.br\/home\/wp-json\/wp\/v2\/tags?post=5130"}],"curies":[{"name":"wp","href":"https:\/\/api.w.org\/{rel}","templated":true}]}}