{"id":5135,"date":"2025-04-14T09:00:40","date_gmt":"2025-04-14T12:00:40","guid":{"rendered":"https:\/\/transamerica93.com.br\/home\/?p=5135"},"modified":"2025-04-18T09:30:08","modified_gmt":"2025-04-18T12:30:08","slug":"idade-para-aposentadoria-de-mulheres-policiais-pode-ser-mudada","status":"publish","type":"post","link":"https:\/\/transamerica93.com.br\/home\/idade-para-aposentadoria-de-mulheres-policiais-pode-ser-mudada\/","title":{"rendered":"Idade para aposentadoria de mulheres policiais pode ser mudada"},"content":{"rendered":"<div class=\"conteudo-noticia\">\n<p>O Supremo Tribunal Federal (STF) registrou tr\u00eas votos <strong>para confirmar a suspens\u00e3o da regra que igualou em 55 anos a idade m\u00ednima para aposentadoria de homens e mulheres policiais civis e federais<\/strong>.<img decoding=\"async\" data-src=\"https:\/\/agenciabrasil.ebc.com.br\/ebc.png?id=1638766&amp;o=node\" src=\"data:image\/svg+xml;base64,PHN2ZyB3aWR0aD0iMSIgaGVpZ2h0PSIxIiB4bWxucz0iaHR0cDovL3d3dy53My5vcmcvMjAwMC9zdmciPjwvc3ZnPg==\" class=\"lazyload\" \/><img decoding=\"async\" data-src=\"https:\/\/agenciabrasil.ebc.com.br\/ebc.gif?id=1638766&amp;o=node\" src=\"data:image\/svg+xml;base64,PHN2ZyB3aWR0aD0iMSIgaGVpZ2h0PSIxIiB4bWxucz0iaHR0cDovL3d3dy53My5vcmcvMjAwMC9zdmciPjwvc3ZnPg==\" class=\"lazyload\" \/><\/p>\n<p>A Corte est\u00e1 decidindo se referenda a decis\u00e3o individual do ministro Fl\u00e1vio Dino, relator do caso, para suspender a regra, prevista na\u00a0<a href=\"https:\/\/www.planalto.gov.br\/ccivil_03\/constituicao\/emendas\/emc\/emc103.htm\" target=\"_blank\" rel=\"noopener\">Emenda Constitucional 103\/2019<\/a>, aprovada durante o governo de Jair Bolsonaro.<\/p>\n<p>Em outubro do ano passado, Dino fixou que a idade para aposentadoria de mulheres policiais civis e federais deve seguir o crit\u00e9rio de 3 anos de redu\u00e7\u00e3o em rela\u00e7\u00e3o ao per\u00edodo dos homens, ou seja, 52 anos. A medida deve ser adotada at\u00e9 que o Congresso crie nova regra.<\/p>\n<p><strong>A an\u00e1lise da quest\u00e3o \u00e9 motivada por uma a\u00e7\u00e3o protocolada pela Associa\u00e7\u00e3o dos Delegados de Pol\u00edcia do Brasil (Adepol do Brasil).<\/strong><\/p>\n<p>Segundo a entidade, o Congresso desconsiderou a diferencia\u00e7\u00e3o constitucional de g\u00eanero entre homens e mulheres para concess\u00e3o de aposentadoria especial.<\/p>\n<p><strong>At\u00e9 o momento, o STF registra placar de tr\u00eas votos para manter a decis\u00e3o.<\/strong>\u00a0Al\u00e9m de Fl\u00e1vio Dino, votaram os ministros Gilmar Mendes e Alexandre de Moraes. Faltam os votos de oito ministros.<\/p>\n<p><strong>O caso \u00e9 julgado no plen\u00e1rio virtual da Corte<\/strong>, modalidade na qual os ministros inserem os votos no sistema eletr\u00f4nico e n\u00e3o h\u00e1 delibera\u00e7\u00e3o presencial. A vota\u00e7\u00e3o vai at\u00e9 quinta-feira (24).<\/p>\n<div class=\"noticias-relacionadas rel-position rowflex\">\n<div class=\"titulo-noticia-relacionada\">STF publica ac\u00f3rd\u00e3o que tornou Bolsonaro r\u00e9u; saiba pr\u00f3ximos passos<\/div>\n<div><\/div>\n<\/div>\n<\/div>\n<div class=\"footer-noticia\">\n<div class=\"editor rowflex\">Edi\u00e7\u00e3o: Fernando Fraga<\/div>\n<\/div>\n","protected":false},"excerpt":{"rendered":"<p>O Supremo Tribunal Federal (STF) registrou tr\u00eas votos para confirmar a suspens\u00e3o da regra que igualou em 55 anos a idade m\u00ednima para aposentadoria de homens e mulheres policiais civis e federais. A Corte est\u00e1 decidindo se referenda a decis\u00e3o individual do ministro Fl\u00e1vio Dino, relator do caso, para suspender a regra, prevista na\u00a0Emenda Constitucional &hellip;<\/p>\n","protected":false},"author":1,"featured_media":5136,"comment_status":"closed","ping_status":"closed","sticky":false,"template":"","format":"standard","meta":{"footnotes":""},"categories":[30],"tags":[],"class_list":["post-5135","post","type-post","status-publish","format-standard","has-post-thumbnail","hentry","category-geral"],"yoast_head":"<!-- This site is optimized with the Yoast SEO plugin v27.4 - https:\/\/yoast.com\/product\/yoast-seo-wordpress\/ -->\n<title>Idade para aposentadoria de mulheres policiais pode ser mudada - Transam\u00e9rica Mococa 93,3<\/title>\n<meta name=\"robots\" content=\"index, follow, max-snippet:-1, max-image-preview:large, max-video-preview:-1\" \/>\n<link rel=\"canonical\" href=\"https:\/\/transamerica93.com.br\/home\/idade-para-aposentadoria-de-mulheres-policiais-pode-ser-mudada\/\" \/>\n<meta property=\"og:locale\" content=\"pt_BR\" \/>\n<meta property=\"og:type\" content=\"article\" \/>\n<meta property=\"og:title\" content=\"Idade para aposentadoria de mulheres policiais pode ser mudada - Transam\u00e9rica Mococa 93,3\" \/>\n<meta property=\"og:description\" content=\"O Supremo Tribunal Federal (STF) registrou tr\u00eas votos para confirmar a suspens\u00e3o da regra que igualou em 55 anos a idade m\u00ednima para aposentadoria de homens e mulheres policiais civis e federais. A Corte est\u00e1 decidindo se referenda a decis\u00e3o individual do ministro Fl\u00e1vio Dino, relator do caso, para suspender a regra, prevista na\u00a0Emenda Constitucional &hellip;\" \/>\n<meta property=\"og:url\" content=\"https:\/\/transamerica93.com.br\/home\/idade-para-aposentadoria-de-mulheres-policiais-pode-ser-mudada\/\" \/>\n<meta property=\"og:site_name\" content=\"Transam\u00e9rica Mococa 93,3\" \/>\n<meta property=\"article:publisher\" content=\"https:\/\/www.facebook.com\/transamericamococa\" \/>\n<meta property=\"article:published_time\" content=\"2025-04-14T12:00:40+00:00\" \/>\n<meta property=\"article:modified_time\" content=\"2025-04-18T12:30:08+00:00\" \/>\n<meta property=\"og:image\" content=\"https:\/\/transamerica93.com.br\/home\/wp-content\/uploads\/2025\/04\/1.jpg\" \/>\n\t<meta property=\"og:image:width\" content=\"1168\" \/>\n\t<meta property=\"og:image:height\" content=\"699\" \/>\n\t<meta property=\"og:image:type\" content=\"image\/jpeg\" \/>\n<meta name=\"author\" content=\"Reda\u00e7\u00e3o\" \/>\n<meta name=\"twitter:card\" content=\"summary_large_image\" \/>\n<meta name=\"twitter:creator\" content=\"@transamerica933\" \/>\n<meta name=\"twitter:site\" content=\"@transamerica933\" \/>\n<meta name=\"twitter:label1\" content=\"Escrito por\" \/>\n\t<meta name=\"twitter:data1\" content=\"Reda\u00e7\u00e3o\" \/>\n\t<meta name=\"twitter:label2\" content=\"Est. tempo de leitura\" \/>\n\t<meta name=\"twitter:data2\" content=\"2 minutos\" \/>\n<script type=\"application\/ld+json\" class=\"yoast-schema-graph\">{\"@context\":\"https:\\\/\\\/schema.org\",\"@graph\":[{\"@type\":\"Article\",\"@id\":\"https:\\\/\\\/transamerica93.com.br\\\/home\\\/idade-para-aposentadoria-de-mulheres-policiais-pode-ser-mudada\\\/#article\",\"isPartOf\":{\"@id\":\"https:\\\/\\\/transamerica93.com.br\\\/home\\\/idade-para-aposentadoria-de-mulheres-policiais-pode-ser-mudada\\\/\"},\"author\":{\"name\":\"Reda\u00e7\u00e3o\",\"@id\":\"https:\\\/\\\/transamerica93.com.br\\\/home\\\/#\\\/schema\\\/person\\\/7fed7c99c0d4562efa8561bc0f543172\"},\"headline\":\"Idade para aposentadoria de mulheres policiais pode ser mudada\",\"datePublished\":\"2025-04-14T12:00:40+00:00\",\"dateModified\":\"2025-04-18T12:30:08+00:00\",\"mainEntityOfPage\":{\"@id\":\"https:\\\/\\\/transamerica93.com.br\\\/home\\\/idade-para-aposentadoria-de-mulheres-policiais-pode-ser-mudada\\\/\"},\"wordCount\":264,\"publisher\":{\"@id\":\"https:\\\/\\\/transamerica93.com.br\\\/home\\\/#organization\"},\"image\":{\"@id\":\"https:\\\/\\\/transamerica93.com.br\\\/home\\\/idade-para-aposentadoria-de-mulheres-policiais-pode-ser-mudada\\\/#primaryimage\"},\"thumbnailUrl\":\"https:\\\/\\\/transamerica93.com.br\\\/home\\\/wp-content\\\/uploads\\\/2025\\\/04\\\/1.jpg\",\"articleSection\":[\"Geral\"],\"inLanguage\":\"pt-BR\"},{\"@type\":\"WebPage\",\"@id\":\"https:\\\/\\\/transamerica93.com.br\\\/home\\\/idade-para-aposentadoria-de-mulheres-policiais-pode-ser-mudada\\\/\",\"url\":\"https:\\\/\\\/transamerica93.com.br\\\/home\\\/idade-para-aposentadoria-de-mulheres-policiais-pode-ser-mudada\\\/\",\"name\":\"Idade para aposentadoria de mulheres policiais pode ser mudada - Transam\u00e9rica Mococa 93,3\",\"isPartOf\":{\"@id\":\"https:\\\/\\\/transamerica93.com.br\\\/home\\\/#website\"},\"primaryImageOfPage\":{\"@id\":\"https:\\\/\\\/transamerica93.com.br\\\/home\\\/idade-para-aposentadoria-de-mulheres-policiais-pode-ser-mudada\\\/#primaryimage\"},\"image\":{\"@id\":\"https:\\\/\\\/transamerica93.com.br\\\/home\\\/idade-para-aposentadoria-de-mulheres-policiais-pode-ser-mudada\\\/#primaryimage\"},\"thumbnailUrl\":\"https:\\\/\\\/transamerica93.com.br\\\/home\\\/wp-content\\\/uploads\\\/2025\\\/04\\\/1.jpg\",\"datePublished\":\"2025-04-14T12:00:40+00:00\",\"dateModified\":\"2025-04-18T12:30:08+00:00\",\"breadcrumb\":{\"@id\":\"https:\\\/\\\/transamerica93.com.br\\\/home\\\/idade-para-aposentadoria-de-mulheres-policiais-pode-ser-mudada\\\/#breadcrumb\"},\"inLanguage\":\"pt-BR\",\"potentialAction\":[{\"@type\":\"ReadAction\",\"target\":[\"https:\\\/\\\/transamerica93.com.br\\\/home\\\/idade-para-aposentadoria-de-mulheres-policiais-pode-ser-mudada\\\/\"]}]},{\"@type\":\"ImageObject\",\"inLanguage\":\"pt-BR\",\"@id\":\"https:\\\/\\\/transamerica93.com.br\\\/home\\\/idade-para-aposentadoria-de-mulheres-policiais-pode-ser-mudada\\\/#primaryimage\",\"url\":\"https:\\\/\\\/transamerica93.com.br\\\/home\\\/wp-content\\\/uploads\\\/2025\\\/04\\\/1.jpg\",\"contentUrl\":\"https:\\\/\\\/transamerica93.com.br\\\/home\\\/wp-content\\\/uploads\\\/2025\\\/04\\\/1.jpg\",\"width\":1168,\"height\":699,\"caption\":\"\u00a9 Pol\u00edcia Federal\\\/RJ\"},{\"@type\":\"BreadcrumbList\",\"@id\":\"https:\\\/\\\/transamerica93.com.br\\\/home\\\/idade-para-aposentadoria-de-mulheres-policiais-pode-ser-mudada\\\/#breadcrumb\",\"itemListElement\":[{\"@type\":\"ListItem\",\"position\":1,\"name\":\"In\u00edcio\",\"item\":\"https:\\\/\\\/transamerica93.com.br\\\/home\\\/\"},{\"@type\":\"ListItem\",\"position\":2,\"name\":\"Idade para aposentadoria de mulheres policiais pode ser mudada\"}]},{\"@type\":\"WebSite\",\"@id\":\"https:\\\/\\\/transamerica93.com.br\\\/home\\\/#website\",\"url\":\"https:\\\/\\\/transamerica93.com.br\\\/home\\\/\",\"name\":\"Transam\u00e9rica Mococa 93,3\",\"description\":\"\",\"publisher\":{\"@id\":\"https:\\\/\\\/transamerica93.com.br\\\/home\\\/#organization\"},\"potentialAction\":[{\"@type\":\"SearchAction\",\"target\":{\"@type\":\"EntryPoint\",\"urlTemplate\":\"https:\\\/\\\/transamerica93.com.br\\\/home\\\/?s={search_term_string}\"},\"query-input\":{\"@type\":\"PropertyValueSpecification\",\"valueRequired\":true,\"valueName\":\"search_term_string\"}}],\"inLanguage\":\"pt-BR\"},{\"@type\":\"Organization\",\"@id\":\"https:\\\/\\\/transamerica93.com.br\\\/home\\\/#organization\",\"name\":\"Transam\u00e9rica Mococa 93,3\",\"url\":\"https:\\\/\\\/transamerica93.com.br\\\/home\\\/\",\"logo\":{\"@type\":\"ImageObject\",\"inLanguage\":\"pt-BR\",\"@id\":\"https:\\\/\\\/transamerica93.com.br\\\/home\\\/#\\\/schema\\\/logo\\\/image\\\/\",\"url\":\"https:\\\/\\\/transamerica93.com.br\\\/home\\\/wp-content\\\/uploads\\\/2023\\\/10\\\/logo2.png\",\"contentUrl\":\"https:\\\/\\\/transamerica93.com.br\\\/home\\\/wp-content\\\/uploads\\\/2023\\\/10\\\/logo2.png\",\"width\":800,\"height\":500,\"caption\":\"Transam\u00e9rica Mococa 93,3\"},\"image\":{\"@id\":\"https:\\\/\\\/transamerica93.com.br\\\/home\\\/#\\\/schema\\\/logo\\\/image\\\/\"},\"sameAs\":[\"https:\\\/\\\/www.facebook.com\\\/transamericamococa\",\"https:\\\/\\\/x.com\\\/transamerica933\",\"https:\\\/\\\/www.instagram.com\\\/transamericamococa\"]},{\"@type\":\"Person\",\"@id\":\"https:\\\/\\\/transamerica93.com.br\\\/home\\\/#\\\/schema\\\/person\\\/7fed7c99c0d4562efa8561bc0f543172\",\"name\":\"Reda\u00e7\u00e3o\",\"image\":{\"@type\":\"ImageObject\",\"inLanguage\":\"pt-BR\",\"@id\":\"https:\\\/\\\/secure.gravatar.com\\\/avatar\\\/1072c6b775fb02ef8506ce967551d95926669a6b7d2c2147b42eea4d7c68395e?s=96&d=mm&r=g\",\"url\":\"https:\\\/\\\/secure.gravatar.com\\\/avatar\\\/1072c6b775fb02ef8506ce967551d95926669a6b7d2c2147b42eea4d7c68395e?s=96&d=mm&r=g\",\"contentUrl\":\"https:\\\/\\\/secure.gravatar.com\\\/avatar\\\/1072c6b775fb02ef8506ce967551d95926669a6b7d2c2147b42eea4d7c68395e?s=96&d=mm&r=g\",\"caption\":\"Reda\u00e7\u00e3o\"},\"sameAs\":[\"https:\\\/\\\/transamerica93.com.br\\\/home\"],\"url\":\"https:\\\/\\\/transamerica93.com.br\\\/home\\\/author\\\/william\\\/\"}]}<\/script>\n<!-- \/ Yoast SEO plugin. -->","yoast_head_json":{"title":"Idade para aposentadoria de mulheres policiais pode ser mudada - Transam\u00e9rica Mococa 93,3","robots":{"index":"index","follow":"follow","max-snippet":"max-snippet:-1","max-image-preview":"max-image-preview:large","max-video-preview":"max-video-preview:-1"},"canonical":"https:\/\/transamerica93.com.br\/home\/idade-para-aposentadoria-de-mulheres-policiais-pode-ser-mudada\/","og_locale":"pt_BR","og_type":"article","og_title":"Idade para aposentadoria de mulheres policiais pode ser mudada - Transam\u00e9rica Mococa 93,3","og_description":"O Supremo Tribunal Federal (STF) registrou tr\u00eas votos para confirmar a suspens\u00e3o da regra que igualou em 55 anos a idade m\u00ednima para aposentadoria de homens e mulheres policiais civis e federais. A Corte est\u00e1 decidindo se referenda a decis\u00e3o individual do ministro Fl\u00e1vio Dino, relator do caso, para suspender a regra, prevista na\u00a0Emenda Constitucional &hellip;","og_url":"https:\/\/transamerica93.com.br\/home\/idade-para-aposentadoria-de-mulheres-policiais-pode-ser-mudada\/","og_site_name":"Transam\u00e9rica Mococa 93,3","article_publisher":"https:\/\/www.facebook.com\/transamericamococa","article_published_time":"2025-04-14T12:00:40+00:00","article_modified_time":"2025-04-18T12:30:08+00:00","og_image":[{"width":1168,"height":699,"url":"https:\/\/transamerica93.com.br\/home\/wp-content\/uploads\/2025\/04\/1.jpg","type":"image\/jpeg"}],"author":"Reda\u00e7\u00e3o","twitter_card":"summary_large_image","twitter_creator":"@transamerica933","twitter_site":"@transamerica933","twitter_misc":{"Escrito por":"Reda\u00e7\u00e3o","Est. tempo de leitura":"2 minutos"},"schema":{"@context":"https:\/\/schema.org","@graph":[{"@type":"Article","@id":"https:\/\/transamerica93.com.br\/home\/idade-para-aposentadoria-de-mulheres-policiais-pode-ser-mudada\/#article","isPartOf":{"@id":"https:\/\/transamerica93.com.br\/home\/idade-para-aposentadoria-de-mulheres-policiais-pode-ser-mudada\/"},"author":{"name":"Reda\u00e7\u00e3o","@id":"https:\/\/transamerica93.com.br\/home\/#\/schema\/person\/7fed7c99c0d4562efa8561bc0f543172"},"headline":"Idade para aposentadoria de mulheres policiais pode ser mudada","datePublished":"2025-04-14T12:00:40+00:00","dateModified":"2025-04-18T12:30:08+00:00","mainEntityOfPage":{"@id":"https:\/\/transamerica93.com.br\/home\/idade-para-aposentadoria-de-mulheres-policiais-pode-ser-mudada\/"},"wordCount":264,"publisher":{"@id":"https:\/\/transamerica93.com.br\/home\/#organization"},"image":{"@id":"https:\/\/transamerica93.com.br\/home\/idade-para-aposentadoria-de-mulheres-policiais-pode-ser-mudada\/#primaryimage"},"thumbnailUrl":"https:\/\/transamerica93.com.br\/home\/wp-content\/uploads\/2025\/04\/1.jpg","articleSection":["Geral"],"inLanguage":"pt-BR"},{"@type":"WebPage","@id":"https:\/\/transamerica93.com.br\/home\/idade-para-aposentadoria-de-mulheres-policiais-pode-ser-mudada\/","url":"https:\/\/transamerica93.com.br\/home\/idade-para-aposentadoria-de-mulheres-policiais-pode-ser-mudada\/","name":"Idade para aposentadoria de mulheres policiais pode ser mudada - Transam\u00e9rica Mococa 93,3","isPartOf":{"@id":"https:\/\/transamerica93.com.br\/home\/#website"},"primaryImageOfPage":{"@id":"https:\/\/transamerica93.com.br\/home\/idade-para-aposentadoria-de-mulheres-policiais-pode-ser-mudada\/#primaryimage"},"image":{"@id":"https:\/\/transamerica93.com.br\/home\/idade-para-aposentadoria-de-mulheres-policiais-pode-ser-mudada\/#primaryimage"},"thumbnailUrl":"https:\/\/transamerica93.com.br\/home\/wp-content\/uploads\/2025\/04\/1.jpg","datePublished":"2025-04-14T12:00:40+00:00","dateModified":"2025-04-18T12:30:08+00:00","breadcrumb":{"@id":"https:\/\/transamerica93.com.br\/home\/idade-para-aposentadoria-de-mulheres-policiais-pode-ser-mudada\/#breadcrumb"},"inLanguage":"pt-BR","potentialAction":[{"@type":"ReadAction","target":["https:\/\/transamerica93.com.br\/home\/idade-para-aposentadoria-de-mulheres-policiais-pode-ser-mudada\/"]}]},{"@type":"ImageObject","inLanguage":"pt-BR","@id":"https:\/\/transamerica93.com.br\/home\/idade-para-aposentadoria-de-mulheres-policiais-pode-ser-mudada\/#primaryimage","url":"https:\/\/transamerica93.com.br\/home\/wp-content\/uploads\/2025\/04\/1.jpg","contentUrl":"https:\/\/transamerica93.com.br\/home\/wp-content\/uploads\/2025\/04\/1.jpg","width":1168,"height":699,"caption":"\u00a9 Pol\u00edcia Federal\/RJ"},{"@type":"BreadcrumbList","@id":"https:\/\/transamerica93.com.br\/home\/idade-para-aposentadoria-de-mulheres-policiais-pode-ser-mudada\/#breadcrumb","itemListElement":[{"@type":"ListItem","position":1,"name":"In\u00edcio","item":"https:\/\/transamerica93.com.br\/home\/"},{"@type":"ListItem","position":2,"name":"Idade para aposentadoria de mulheres policiais pode ser mudada"}]},{"@type":"WebSite","@id":"https:\/\/transamerica93.com.br\/home\/#website","url":"https:\/\/transamerica93.com.br\/home\/","name":"Transam\u00e9rica Mococa 93,3","description":"","publisher":{"@id":"https:\/\/transamerica93.com.br\/home\/#organization"},"potentialAction":[{"@type":"SearchAction","target":{"@type":"EntryPoint","urlTemplate":"https:\/\/transamerica93.com.br\/home\/?s={search_term_string}"},"query-input":{"@type":"PropertyValueSpecification","valueRequired":true,"valueName":"search_term_string"}}],"inLanguage":"pt-BR"},{"@type":"Organization","@id":"https:\/\/transamerica93.com.br\/home\/#organization","name":"Transam\u00e9rica Mococa 93,3","url":"https:\/\/transamerica93.com.br\/home\/","logo":{"@type":"ImageObject","inLanguage":"pt-BR","@id":"https:\/\/transamerica93.com.br\/home\/#\/schema\/logo\/image\/","url":"https:\/\/transamerica93.com.br\/home\/wp-content\/uploads\/2023\/10\/logo2.png","contentUrl":"https:\/\/transamerica93.com.br\/home\/wp-content\/uploads\/2023\/10\/logo2.png","width":800,"height":500,"caption":"Transam\u00e9rica Mococa 93,3"},"image":{"@id":"https:\/\/transamerica93.com.br\/home\/#\/schema\/logo\/image\/"},"sameAs":["https:\/\/www.facebook.com\/transamericamococa","https:\/\/x.com\/transamerica933","https:\/\/www.instagram.com\/transamericamococa"]},{"@type":"Person","@id":"https:\/\/transamerica93.com.br\/home\/#\/schema\/person\/7fed7c99c0d4562efa8561bc0f543172","name":"Reda\u00e7\u00e3o","image":{"@type":"ImageObject","inLanguage":"pt-BR","@id":"https:\/\/secure.gravatar.com\/avatar\/1072c6b775fb02ef8506ce967551d95926669a6b7d2c2147b42eea4d7c68395e?s=96&d=mm&r=g","url":"https:\/\/secure.gravatar.com\/avatar\/1072c6b775fb02ef8506ce967551d95926669a6b7d2c2147b42eea4d7c68395e?s=96&d=mm&r=g","contentUrl":"https:\/\/secure.gravatar.com\/avatar\/1072c6b775fb02ef8506ce967551d95926669a6b7d2c2147b42eea4d7c68395e?s=96&d=mm&r=g","caption":"Reda\u00e7\u00e3o"},"sameAs":["https:\/\/transamerica93.com.br\/home"],"url":"https:\/\/transamerica93.com.br\/home\/author\/william\/"}]}},"_links":{"self":[{"href":"https:\/\/transamerica93.com.br\/home\/wp-json\/wp\/v2\/posts\/5135","targetHints":{"allow":["GET"]}}],"collection":[{"href":"https:\/\/transamerica93.com.br\/home\/wp-json\/wp\/v2\/posts"}],"about":[{"href":"https:\/\/transamerica93.com.br\/home\/wp-json\/wp\/v2\/types\/post"}],"author":[{"embeddable":true,"href":"https:\/\/transamerica93.com.br\/home\/wp-json\/wp\/v2\/users\/1"}],"replies":[{"embeddable":true,"href":"https:\/\/transamerica93.com.br\/home\/wp-json\/wp\/v2\/comments?post=5135"}],"version-history":[{"count":1,"href":"https:\/\/transamerica93.com.br\/home\/wp-json\/wp\/v2\/posts\/5135\/revisions"}],"predecessor-version":[{"id":5141,"href":"https:\/\/transamerica93.com.br\/home\/wp-json\/wp\/v2\/posts\/5135\/revisions\/5141"}],"wp:featuredmedia":[{"embeddable":true,"href":"https:\/\/transamerica93.com.br\/home\/wp-json\/wp\/v2\/media\/5136"}],"wp:attachment":[{"href":"https:\/\/transamerica93.com.br\/home\/wp-json\/wp\/v2\/media?parent=5135"}],"wp:term":[{"taxonomy":"category","embeddable":true,"href":"https:\/\/transamerica93.com.br\/home\/wp-json\/wp\/v2\/categories?post=5135"},{"taxonomy":"post_tag","embeddable":true,"href":"https:\/\/transamerica93.com.br\/home\/wp-json\/wp\/v2\/tags?post=5135"}],"curies":[{"name":"wp","href":"https:\/\/api.w.org\/{rel}","templated":true}]}}