{"id":5144,"date":"2025-04-15T09:00:15","date_gmt":"2025-04-15T12:00:15","guid":{"rendered":"https:\/\/transamerica93.com.br\/home\/?p=5144"},"modified":"2025-04-18T09:31:29","modified_gmt":"2025-04-18T12:31:29","slug":"prazo-para-pedir-isencao-da-inscricao-no-enem-comeca-nesta-segunda","status":"publish","type":"post","link":"https:\/\/transamerica93.com.br\/home\/prazo-para-pedir-isencao-da-inscricao-no-enem-comeca-nesta-segunda\/","title":{"rendered":"Prazo para pedir isen\u00e7\u00e3o da inscri\u00e7\u00e3o no Enem come\u00e7a nesta segunda"},"content":{"rendered":"<div class=\"conteudo-noticia\">\n<p><strong>O per\u00edodo para solicitar a isen\u00e7\u00e3o da taxa de inscri\u00e7\u00e3o no Exame Nacional do Ensino M\u00e9dio (Enem) de 2025 ser\u00e1 entre 14 e 25 de abril.<\/strong><img decoding=\"async\" data-src=\"https:\/\/agenciabrasil.ebc.com.br\/ebc.png?id=1638684&amp;o=node\" src=\"data:image\/svg+xml;base64,PHN2ZyB3aWR0aD0iMSIgaGVpZ2h0PSIxIiB4bWxucz0iaHR0cDovL3d3dy53My5vcmcvMjAwMC9zdmciPjwvc3ZnPg==\" class=\"lazyload\" \/><img decoding=\"async\" data-src=\"https:\/\/agenciabrasil.ebc.com.br\/ebc.gif?id=1638684&amp;o=node\" src=\"data:image\/svg+xml;base64,PHN2ZyB3aWR0aD0iMSIgaGVpZ2h0PSIxIiB4bWxucz0iaHR0cDovL3d3dy53My5vcmcvMjAwMC9zdmciPjwvc3ZnPg==\" class=\"lazyload\" \/><\/p>\n<p>A isen\u00e7\u00e3o da taxa de inscri\u00e7\u00e3o deve ser solicitada exclusivamente pela\u00a0<a href=\"https:\/\/enem.inep.gov.br\/participante\/#!\/\" target=\"_blank\" rel=\"noopener\">P\u00e1gina do Participante<\/a>, com o\u00a0<em>login<\/em>\u00a0\u00fanico do portal de servi\u00e7os do governo federal, o\u00a0<a href=\"https:\/\/www.gov.br\/pt-br\" target=\"_blank\" rel=\"noopener\">Gov.br<\/a>.<\/p>\n<p>Para solicitar a isen\u00e7\u00e3o de pagamento da taxa de inscri\u00e7\u00e3o para o Enem 2025, o participante deve informar o n\u00famero de seu Cadastro de Pessoa F\u00edsica (CPF) e a data de nascimento. Os dados pessoais devem ser iguais aos cadastrados na Receita Federal.<\/p>\n<h2>Quem pode pedir a isen\u00e7\u00e3o<\/h2>\n<p><strong>O Instituto Nacional de Estudos e Pesquisas Educacionais An\u00edsio Teixeira (Inep) prev\u00ea a gratuidade para:<\/strong><\/p>\n<ul>\n<li><strong>Matriculados no 3\u00ba ano do ensino m\u00e9dio em escola p\u00fablica (em 2025), em qualquer modalidade de ensino (regular ou educa\u00e7\u00e3o de jovens e adultos &#8211; EJA);<\/strong><\/li>\n<li><strong>Estudantes que cursaram todo o ensino m\u00e9dio em escola p\u00fablica ou como bolsista integral em escola privada;<\/strong><\/li>\n<li><strong>Estudantes com renda mensal igual ou inferior a um sal\u00e1rio m\u00ednimo e meio (R$ 2.277, em 2025);<\/strong><\/li>\n<li><strong>Pessoas em situa\u00e7\u00e3o de vulnerabilidade socioecon\u00f4mica com registro ativo no Cadastro \u00danico para Programas Sociais (Cad\u00danico) do governo federal.<\/strong><\/li>\n<li><strong>Participantes do programa P\u00e9-de-Meia, do Minist\u00e9rio da Educa\u00e7\u00e3o (MEC).<\/strong><\/li>\n<\/ul>\n<p>Baseado nesta lista, os candidatos dever\u00e3o comprovar o cumprimento dos requisitos para conseguir a isen\u00e7\u00e3o da taxa de inscri\u00e7\u00e3o no Enem.<\/p>\n<p>Os documentos aceitos para a solicita\u00e7\u00e3o da gratuidade est\u00e3o descritos no Anexo II do\u00a0<a href=\"https:\/\/www.in.gov.br\/en\/web\/dou\/-\/edital-n-18-de-24-de-marco-de-2025-620921318\" target=\"_blank\" rel=\"noopener\">edital<\/a>. Entre eles, a declara\u00e7\u00e3o escolar que comprove estar cursando a \u00faltima s\u00e9rie do ensino m\u00e9dio em 2025, na rede p\u00fablica; e comprovante da renda declarada.<\/p>\n<h2>Justificativa de aus\u00eancia<\/h2>\n<p><strong>O candidato que teve a gratuidade da taxa de inscri\u00e7\u00e3o do Enem do ano passado, mas n\u00e3o compareceu a um ou dois dias de provas, na edi\u00e7\u00e3o de 2024, e ainda quer participar da edi\u00e7\u00e3o de 2025 gratuitamente ter\u00e1 que justificar a aus\u00eancia.<\/strong><\/p>\n<p>De acordo com o\u00a0<a href=\"https:\/\/www.in.gov.br\/en\/web\/dou\/-\/edital-n-18-de-24-de-marco-de-2025-620921318\" target=\"_blank\" rel=\"noopener\">edital<\/a>, o prazo para fazer a justificativa ser\u00e1 o mesmo do pedido de isen\u00e7\u00e3o da taxa de inscri\u00e7\u00e3o: de 14 at\u00e9 as 23h59 de 25 de abril.<\/p>\n<p>A justificativa de aus\u00eancia no Enem 2024 \u00e9 realizada no mesmo sistema de solicita\u00e7\u00e3o de isen\u00e7\u00e3o da taxa de inscri\u00e7\u00e3o, a\u00a0<a href=\"https:\/\/enem.inep.gov.br\/participante\/#!\/\" target=\"_blank\" rel=\"noopener\">P\u00e1gina do Participante<\/a>.<\/p>\n<p>O Inep avisa que n\u00e3o ser\u00e3o aceitos documentos autodeclarat\u00f3rios ou emitidos por pais ou respons\u00e1veis do candidato.<\/p>\n<h2>Cronograma<\/h2>\n<p><strong>Em 12 de maio, o Inep ir\u00e1 divulgar os resultados das solicita\u00e7\u00f5es de isen\u00e7\u00e3o da taxa e, tamb\u00e9m, se foram aceitas as justificativas de aus\u00eancia em 2024 para nova gratuidade.<\/strong><\/p>\n<p>O per\u00edodo de recursos ser\u00e1 entre 12 a 16 de maio. O\u00a0resultado dos recursos sair\u00e1 em 22 de maio.<\/p>\n<p><strong>Somente ap\u00f3s este cronograma, o MEC\u00a0abrir\u00e1 o per\u00edodo oficial de inscri\u00e7\u00f5es na edi\u00e7\u00e3o deste ano do Enem.\u00a0<\/strong>Ainda ser\u00e1 publicado um edital espec\u00edfico com as datas e regras.<\/p>\n<h2>Enem<\/h2>\n<p>Institu\u00eddo em 1998, o Exame Nacional do Ensino M\u00e9dio avalia anualmente o desempenho escolar dos estudantes ao t\u00e9rmino do ensino m\u00e9dio. Os participantes que ainda n\u00e3o conclu\u00edram o ensino m\u00e9dio podem participar como treineiros, e os resultados obtidos no exame servem somente para autoavalia\u00e7\u00e3o de conhecimentos.<\/p>\n<p><strong>As notas do Enem podem ser usadas em processos seletivos coordenados pelo Minist\u00e9rio da Educa\u00e7\u00e3o<\/strong>, como Sistema de Sele\u00e7\u00e3o Unificada (Sisu), o Programa Universidade para Todos (ProUni) e o Fundo de Financiamento ao Estudante do Ensino Superior (Fies) do governo federal.<\/p>\n<p>O desempenho no Enem tamb\u00e9m \u00e9 considerado para ingresso em institui\u00e7\u00f5es de educa\u00e7\u00e3o superior de Portugal que t\u00eam acordo com o Inep. Os acordos garantem acesso facilitado \u00e0s notas dos estudantes brasileiros interessados em cursar a educa\u00e7\u00e3o superior naquele pa\u00eds.<\/p>\n<p>O exame tamb\u00e9m \u00e9 aplicado a\u00a0<a href=\"https:\/\/agenciabrasil.ebc.com.br\/educacao\/noticia\/2024-12\/mais-de-97-mil-pessoas-privadas-de-liberdade-farao-provas-do-enem-ppl\" target=\"_blank\" rel=\"noopener\">pessoas privadas de liberdade ou sob medidas socioeducativas<\/a>, em datas diferentes do Enem regular.<\/p>\n<div class=\"noticias-relacionadas rel-position rowflex\">\n<div class=\"titulo-noticia-relacionada\">Enem 2024 registrou 12 reda\u00e7\u00f5es com nota mil; uma da rede p\u00fablica<\/div>\n<\/div>\n<\/div>\n<div class=\"footer-noticia\">\n<div class=\"editor rowflex\">Edi\u00e7\u00e3o: Juliana Andrade<\/div>\n<\/div>\n","protected":false},"excerpt":{"rendered":"<p>O per\u00edodo para solicitar a isen\u00e7\u00e3o da taxa de inscri\u00e7\u00e3o no Exame Nacional do Ensino M\u00e9dio (Enem) de 2025 ser\u00e1 entre 14 e 25 de abril. A isen\u00e7\u00e3o da taxa de inscri\u00e7\u00e3o deve ser solicitada exclusivamente pela\u00a0P\u00e1gina do Participante, com o\u00a0login\u00a0\u00fanico do portal de servi\u00e7os do governo federal, o\u00a0Gov.br. Para solicitar a isen\u00e7\u00e3o de pagamento &hellip;<\/p>\n","protected":false},"author":1,"featured_media":5137,"comment_status":"closed","ping_status":"closed","sticky":false,"template":"","format":"standard","meta":{"footnotes":""},"categories":[30],"tags":[],"class_list":["post-5144","post","type-post","status-publish","format-standard","has-post-thumbnail","hentry","category-geral"],"yoast_head":"<!-- This site is optimized with the Yoast SEO plugin v27.4 - https:\/\/yoast.com\/product\/yoast-seo-wordpress\/ -->\n<title>Prazo para pedir isen\u00e7\u00e3o da inscri\u00e7\u00e3o no Enem come\u00e7a nesta segunda - Transam\u00e9rica Mococa 93,3<\/title>\n<meta name=\"robots\" content=\"index, follow, max-snippet:-1, max-image-preview:large, max-video-preview:-1\" \/>\n<link rel=\"canonical\" href=\"https:\/\/transamerica93.com.br\/home\/prazo-para-pedir-isencao-da-inscricao-no-enem-comeca-nesta-segunda\/\" \/>\n<meta property=\"og:locale\" content=\"pt_BR\" \/>\n<meta property=\"og:type\" content=\"article\" \/>\n<meta property=\"og:title\" content=\"Prazo para pedir isen\u00e7\u00e3o da inscri\u00e7\u00e3o no Enem come\u00e7a nesta segunda - Transam\u00e9rica Mococa 93,3\" \/>\n<meta property=\"og:description\" content=\"O per\u00edodo para solicitar a isen\u00e7\u00e3o da taxa de inscri\u00e7\u00e3o no Exame Nacional do Ensino M\u00e9dio (Enem) de 2025 ser\u00e1 entre 14 e 25 de abril. A isen\u00e7\u00e3o da taxa de inscri\u00e7\u00e3o deve ser solicitada exclusivamente pela\u00a0P\u00e1gina do Participante, com o\u00a0login\u00a0\u00fanico do portal de servi\u00e7os do governo federal, o\u00a0Gov.br. Para solicitar a isen\u00e7\u00e3o de pagamento &hellip;\" \/>\n<meta property=\"og:url\" content=\"https:\/\/transamerica93.com.br\/home\/prazo-para-pedir-isencao-da-inscricao-no-enem-comeca-nesta-segunda\/\" \/>\n<meta property=\"og:site_name\" content=\"Transam\u00e9rica Mococa 93,3\" \/>\n<meta property=\"article:publisher\" content=\"https:\/\/www.facebook.com\/transamericamococa\" \/>\n<meta property=\"article:published_time\" content=\"2025-04-15T12:00:15+00:00\" \/>\n<meta property=\"article:modified_time\" content=\"2025-04-18T12:31:29+00:00\" \/>\n<meta property=\"og:image\" content=\"https:\/\/transamerica93.com.br\/home\/wp-content\/uploads\/2025\/04\/2.jpg\" \/>\n\t<meta property=\"og:image:width\" content=\"1170\" \/>\n\t<meta property=\"og:image:height\" content=\"700\" \/>\n\t<meta property=\"og:image:type\" content=\"image\/jpeg\" \/>\n<meta name=\"author\" content=\"Reda\u00e7\u00e3o\" \/>\n<meta name=\"twitter:card\" content=\"summary_large_image\" \/>\n<meta name=\"twitter:creator\" content=\"@transamerica933\" \/>\n<meta name=\"twitter:site\" content=\"@transamerica933\" \/>\n<meta name=\"twitter:label1\" content=\"Escrito por\" \/>\n\t<meta name=\"twitter:data1\" content=\"Reda\u00e7\u00e3o\" \/>\n\t<meta name=\"twitter:label2\" content=\"Est. tempo de leitura\" \/>\n\t<meta name=\"twitter:data2\" content=\"5 minutos\" \/>\n<script type=\"application\/ld+json\" class=\"yoast-schema-graph\">{\"@context\":\"https:\\\/\\\/schema.org\",\"@graph\":[{\"@type\":\"Article\",\"@id\":\"https:\\\/\\\/transamerica93.com.br\\\/home\\\/prazo-para-pedir-isencao-da-inscricao-no-enem-comeca-nesta-segunda\\\/#article\",\"isPartOf\":{\"@id\":\"https:\\\/\\\/transamerica93.com.br\\\/home\\\/prazo-para-pedir-isencao-da-inscricao-no-enem-comeca-nesta-segunda\\\/\"},\"author\":{\"name\":\"Reda\u00e7\u00e3o\",\"@id\":\"https:\\\/\\\/transamerica93.com.br\\\/home\\\/#\\\/schema\\\/person\\\/7fed7c99c0d4562efa8561bc0f543172\"},\"headline\":\"Prazo para pedir isen\u00e7\u00e3o da inscri\u00e7\u00e3o no Enem come\u00e7a nesta segunda\",\"datePublished\":\"2025-04-15T12:00:15+00:00\",\"dateModified\":\"2025-04-18T12:31:29+00:00\",\"mainEntityOfPage\":{\"@id\":\"https:\\\/\\\/transamerica93.com.br\\\/home\\\/prazo-para-pedir-isencao-da-inscricao-no-enem-comeca-nesta-segunda\\\/\"},\"wordCount\":700,\"publisher\":{\"@id\":\"https:\\\/\\\/transamerica93.com.br\\\/home\\\/#organization\"},\"image\":{\"@id\":\"https:\\\/\\\/transamerica93.com.br\\\/home\\\/prazo-para-pedir-isencao-da-inscricao-no-enem-comeca-nesta-segunda\\\/#primaryimage\"},\"thumbnailUrl\":\"https:\\\/\\\/transamerica93.com.br\\\/home\\\/wp-content\\\/uploads\\\/2025\\\/04\\\/2.jpg\",\"articleSection\":[\"Geral\"],\"inLanguage\":\"pt-BR\"},{\"@type\":\"WebPage\",\"@id\":\"https:\\\/\\\/transamerica93.com.br\\\/home\\\/prazo-para-pedir-isencao-da-inscricao-no-enem-comeca-nesta-segunda\\\/\",\"url\":\"https:\\\/\\\/transamerica93.com.br\\\/home\\\/prazo-para-pedir-isencao-da-inscricao-no-enem-comeca-nesta-segunda\\\/\",\"name\":\"Prazo para pedir isen\u00e7\u00e3o da inscri\u00e7\u00e3o no Enem come\u00e7a nesta segunda - Transam\u00e9rica Mococa 93,3\",\"isPartOf\":{\"@id\":\"https:\\\/\\\/transamerica93.com.br\\\/home\\\/#website\"},\"primaryImageOfPage\":{\"@id\":\"https:\\\/\\\/transamerica93.com.br\\\/home\\\/prazo-para-pedir-isencao-da-inscricao-no-enem-comeca-nesta-segunda\\\/#primaryimage\"},\"image\":{\"@id\":\"https:\\\/\\\/transamerica93.com.br\\\/home\\\/prazo-para-pedir-isencao-da-inscricao-no-enem-comeca-nesta-segunda\\\/#primaryimage\"},\"thumbnailUrl\":\"https:\\\/\\\/transamerica93.com.br\\\/home\\\/wp-content\\\/uploads\\\/2025\\\/04\\\/2.jpg\",\"datePublished\":\"2025-04-15T12:00:15+00:00\",\"dateModified\":\"2025-04-18T12:31:29+00:00\",\"breadcrumb\":{\"@id\":\"https:\\\/\\\/transamerica93.com.br\\\/home\\\/prazo-para-pedir-isencao-da-inscricao-no-enem-comeca-nesta-segunda\\\/#breadcrumb\"},\"inLanguage\":\"pt-BR\",\"potentialAction\":[{\"@type\":\"ReadAction\",\"target\":[\"https:\\\/\\\/transamerica93.com.br\\\/home\\\/prazo-para-pedir-isencao-da-inscricao-no-enem-comeca-nesta-segunda\\\/\"]}]},{\"@type\":\"ImageObject\",\"inLanguage\":\"pt-BR\",\"@id\":\"https:\\\/\\\/transamerica93.com.br\\\/home\\\/prazo-para-pedir-isencao-da-inscricao-no-enem-comeca-nesta-segunda\\\/#primaryimage\",\"url\":\"https:\\\/\\\/transamerica93.com.br\\\/home\\\/wp-content\\\/uploads\\\/2025\\\/04\\\/2.jpg\",\"contentUrl\":\"https:\\\/\\\/transamerica93.com.br\\\/home\\\/wp-content\\\/uploads\\\/2025\\\/04\\\/2.jpg\",\"width\":1170,\"height\":700,\"caption\":\"\u00a9 Paulo Pinto\\\/Ag\u00eancia Brasil\"},{\"@type\":\"BreadcrumbList\",\"@id\":\"https:\\\/\\\/transamerica93.com.br\\\/home\\\/prazo-para-pedir-isencao-da-inscricao-no-enem-comeca-nesta-segunda\\\/#breadcrumb\",\"itemListElement\":[{\"@type\":\"ListItem\",\"position\":1,\"name\":\"In\u00edcio\",\"item\":\"https:\\\/\\\/transamerica93.com.br\\\/home\\\/\"},{\"@type\":\"ListItem\",\"position\":2,\"name\":\"Prazo para pedir isen\u00e7\u00e3o da inscri\u00e7\u00e3o no Enem come\u00e7a nesta segunda\"}]},{\"@type\":\"WebSite\",\"@id\":\"https:\\\/\\\/transamerica93.com.br\\\/home\\\/#website\",\"url\":\"https:\\\/\\\/transamerica93.com.br\\\/home\\\/\",\"name\":\"Transam\u00e9rica Mococa 93,3\",\"description\":\"\",\"publisher\":{\"@id\":\"https:\\\/\\\/transamerica93.com.br\\\/home\\\/#organization\"},\"potentialAction\":[{\"@type\":\"SearchAction\",\"target\":{\"@type\":\"EntryPoint\",\"urlTemplate\":\"https:\\\/\\\/transamerica93.com.br\\\/home\\\/?s={search_term_string}\"},\"query-input\":{\"@type\":\"PropertyValueSpecification\",\"valueRequired\":true,\"valueName\":\"search_term_string\"}}],\"inLanguage\":\"pt-BR\"},{\"@type\":\"Organization\",\"@id\":\"https:\\\/\\\/transamerica93.com.br\\\/home\\\/#organization\",\"name\":\"Transam\u00e9rica Mococa 93,3\",\"url\":\"https:\\\/\\\/transamerica93.com.br\\\/home\\\/\",\"logo\":{\"@type\":\"ImageObject\",\"inLanguage\":\"pt-BR\",\"@id\":\"https:\\\/\\\/transamerica93.com.br\\\/home\\\/#\\\/schema\\\/logo\\\/image\\\/\",\"url\":\"https:\\\/\\\/transamerica93.com.br\\\/home\\\/wp-content\\\/uploads\\\/2023\\\/10\\\/logo2.png\",\"contentUrl\":\"https:\\\/\\\/transamerica93.com.br\\\/home\\\/wp-content\\\/uploads\\\/2023\\\/10\\\/logo2.png\",\"width\":800,\"height\":500,\"caption\":\"Transam\u00e9rica Mococa 93,3\"},\"image\":{\"@id\":\"https:\\\/\\\/transamerica93.com.br\\\/home\\\/#\\\/schema\\\/logo\\\/image\\\/\"},\"sameAs\":[\"https:\\\/\\\/www.facebook.com\\\/transamericamococa\",\"https:\\\/\\\/x.com\\\/transamerica933\",\"https:\\\/\\\/www.instagram.com\\\/transamericamococa\"]},{\"@type\":\"Person\",\"@id\":\"https:\\\/\\\/transamerica93.com.br\\\/home\\\/#\\\/schema\\\/person\\\/7fed7c99c0d4562efa8561bc0f543172\",\"name\":\"Reda\u00e7\u00e3o\",\"image\":{\"@type\":\"ImageObject\",\"inLanguage\":\"pt-BR\",\"@id\":\"https:\\\/\\\/secure.gravatar.com\\\/avatar\\\/1072c6b775fb02ef8506ce967551d95926669a6b7d2c2147b42eea4d7c68395e?s=96&d=mm&r=g\",\"url\":\"https:\\\/\\\/secure.gravatar.com\\\/avatar\\\/1072c6b775fb02ef8506ce967551d95926669a6b7d2c2147b42eea4d7c68395e?s=96&d=mm&r=g\",\"contentUrl\":\"https:\\\/\\\/secure.gravatar.com\\\/avatar\\\/1072c6b775fb02ef8506ce967551d95926669a6b7d2c2147b42eea4d7c68395e?s=96&d=mm&r=g\",\"caption\":\"Reda\u00e7\u00e3o\"},\"sameAs\":[\"https:\\\/\\\/transamerica93.com.br\\\/home\"],\"url\":\"https:\\\/\\\/transamerica93.com.br\\\/home\\\/author\\\/william\\\/\"}]}<\/script>\n<!-- \/ Yoast SEO plugin. -->","yoast_head_json":{"title":"Prazo para pedir isen\u00e7\u00e3o da inscri\u00e7\u00e3o no Enem come\u00e7a nesta segunda - Transam\u00e9rica Mococa 93,3","robots":{"index":"index","follow":"follow","max-snippet":"max-snippet:-1","max-image-preview":"max-image-preview:large","max-video-preview":"max-video-preview:-1"},"canonical":"https:\/\/transamerica93.com.br\/home\/prazo-para-pedir-isencao-da-inscricao-no-enem-comeca-nesta-segunda\/","og_locale":"pt_BR","og_type":"article","og_title":"Prazo para pedir isen\u00e7\u00e3o da inscri\u00e7\u00e3o no Enem come\u00e7a nesta segunda - Transam\u00e9rica Mococa 93,3","og_description":"O per\u00edodo para solicitar a isen\u00e7\u00e3o da taxa de inscri\u00e7\u00e3o no Exame Nacional do Ensino M\u00e9dio (Enem) de 2025 ser\u00e1 entre 14 e 25 de abril. A isen\u00e7\u00e3o da taxa de inscri\u00e7\u00e3o deve ser solicitada exclusivamente pela\u00a0P\u00e1gina do Participante, com o\u00a0login\u00a0\u00fanico do portal de servi\u00e7os do governo federal, o\u00a0Gov.br. Para solicitar a isen\u00e7\u00e3o de pagamento &hellip;","og_url":"https:\/\/transamerica93.com.br\/home\/prazo-para-pedir-isencao-da-inscricao-no-enem-comeca-nesta-segunda\/","og_site_name":"Transam\u00e9rica Mococa 93,3","article_publisher":"https:\/\/www.facebook.com\/transamericamococa","article_published_time":"2025-04-15T12:00:15+00:00","article_modified_time":"2025-04-18T12:31:29+00:00","og_image":[{"width":1170,"height":700,"url":"https:\/\/transamerica93.com.br\/home\/wp-content\/uploads\/2025\/04\/2.jpg","type":"image\/jpeg"}],"author":"Reda\u00e7\u00e3o","twitter_card":"summary_large_image","twitter_creator":"@transamerica933","twitter_site":"@transamerica933","twitter_misc":{"Escrito por":"Reda\u00e7\u00e3o","Est. tempo de leitura":"5 minutos"},"schema":{"@context":"https:\/\/schema.org","@graph":[{"@type":"Article","@id":"https:\/\/transamerica93.com.br\/home\/prazo-para-pedir-isencao-da-inscricao-no-enem-comeca-nesta-segunda\/#article","isPartOf":{"@id":"https:\/\/transamerica93.com.br\/home\/prazo-para-pedir-isencao-da-inscricao-no-enem-comeca-nesta-segunda\/"},"author":{"name":"Reda\u00e7\u00e3o","@id":"https:\/\/transamerica93.com.br\/home\/#\/schema\/person\/7fed7c99c0d4562efa8561bc0f543172"},"headline":"Prazo para pedir isen\u00e7\u00e3o da inscri\u00e7\u00e3o no Enem come\u00e7a nesta segunda","datePublished":"2025-04-15T12:00:15+00:00","dateModified":"2025-04-18T12:31:29+00:00","mainEntityOfPage":{"@id":"https:\/\/transamerica93.com.br\/home\/prazo-para-pedir-isencao-da-inscricao-no-enem-comeca-nesta-segunda\/"},"wordCount":700,"publisher":{"@id":"https:\/\/transamerica93.com.br\/home\/#organization"},"image":{"@id":"https:\/\/transamerica93.com.br\/home\/prazo-para-pedir-isencao-da-inscricao-no-enem-comeca-nesta-segunda\/#primaryimage"},"thumbnailUrl":"https:\/\/transamerica93.com.br\/home\/wp-content\/uploads\/2025\/04\/2.jpg","articleSection":["Geral"],"inLanguage":"pt-BR"},{"@type":"WebPage","@id":"https:\/\/transamerica93.com.br\/home\/prazo-para-pedir-isencao-da-inscricao-no-enem-comeca-nesta-segunda\/","url":"https:\/\/transamerica93.com.br\/home\/prazo-para-pedir-isencao-da-inscricao-no-enem-comeca-nesta-segunda\/","name":"Prazo para pedir isen\u00e7\u00e3o da inscri\u00e7\u00e3o no Enem come\u00e7a nesta segunda - Transam\u00e9rica Mococa 93,3","isPartOf":{"@id":"https:\/\/transamerica93.com.br\/home\/#website"},"primaryImageOfPage":{"@id":"https:\/\/transamerica93.com.br\/home\/prazo-para-pedir-isencao-da-inscricao-no-enem-comeca-nesta-segunda\/#primaryimage"},"image":{"@id":"https:\/\/transamerica93.com.br\/home\/prazo-para-pedir-isencao-da-inscricao-no-enem-comeca-nesta-segunda\/#primaryimage"},"thumbnailUrl":"https:\/\/transamerica93.com.br\/home\/wp-content\/uploads\/2025\/04\/2.jpg","datePublished":"2025-04-15T12:00:15+00:00","dateModified":"2025-04-18T12:31:29+00:00","breadcrumb":{"@id":"https:\/\/transamerica93.com.br\/home\/prazo-para-pedir-isencao-da-inscricao-no-enem-comeca-nesta-segunda\/#breadcrumb"},"inLanguage":"pt-BR","potentialAction":[{"@type":"ReadAction","target":["https:\/\/transamerica93.com.br\/home\/prazo-para-pedir-isencao-da-inscricao-no-enem-comeca-nesta-segunda\/"]}]},{"@type":"ImageObject","inLanguage":"pt-BR","@id":"https:\/\/transamerica93.com.br\/home\/prazo-para-pedir-isencao-da-inscricao-no-enem-comeca-nesta-segunda\/#primaryimage","url":"https:\/\/transamerica93.com.br\/home\/wp-content\/uploads\/2025\/04\/2.jpg","contentUrl":"https:\/\/transamerica93.com.br\/home\/wp-content\/uploads\/2025\/04\/2.jpg","width":1170,"height":700,"caption":"\u00a9 Paulo Pinto\/Ag\u00eancia Brasil"},{"@type":"BreadcrumbList","@id":"https:\/\/transamerica93.com.br\/home\/prazo-para-pedir-isencao-da-inscricao-no-enem-comeca-nesta-segunda\/#breadcrumb","itemListElement":[{"@type":"ListItem","position":1,"name":"In\u00edcio","item":"https:\/\/transamerica93.com.br\/home\/"},{"@type":"ListItem","position":2,"name":"Prazo para pedir isen\u00e7\u00e3o da inscri\u00e7\u00e3o no Enem come\u00e7a nesta segunda"}]},{"@type":"WebSite","@id":"https:\/\/transamerica93.com.br\/home\/#website","url":"https:\/\/transamerica93.com.br\/home\/","name":"Transam\u00e9rica Mococa 93,3","description":"","publisher":{"@id":"https:\/\/transamerica93.com.br\/home\/#organization"},"potentialAction":[{"@type":"SearchAction","target":{"@type":"EntryPoint","urlTemplate":"https:\/\/transamerica93.com.br\/home\/?s={search_term_string}"},"query-input":{"@type":"PropertyValueSpecification","valueRequired":true,"valueName":"search_term_string"}}],"inLanguage":"pt-BR"},{"@type":"Organization","@id":"https:\/\/transamerica93.com.br\/home\/#organization","name":"Transam\u00e9rica Mococa 93,3","url":"https:\/\/transamerica93.com.br\/home\/","logo":{"@type":"ImageObject","inLanguage":"pt-BR","@id":"https:\/\/transamerica93.com.br\/home\/#\/schema\/logo\/image\/","url":"https:\/\/transamerica93.com.br\/home\/wp-content\/uploads\/2023\/10\/logo2.png","contentUrl":"https:\/\/transamerica93.com.br\/home\/wp-content\/uploads\/2023\/10\/logo2.png","width":800,"height":500,"caption":"Transam\u00e9rica Mococa 93,3"},"image":{"@id":"https:\/\/transamerica93.com.br\/home\/#\/schema\/logo\/image\/"},"sameAs":["https:\/\/www.facebook.com\/transamericamococa","https:\/\/x.com\/transamerica933","https:\/\/www.instagram.com\/transamericamococa"]},{"@type":"Person","@id":"https:\/\/transamerica93.com.br\/home\/#\/schema\/person\/7fed7c99c0d4562efa8561bc0f543172","name":"Reda\u00e7\u00e3o","image":{"@type":"ImageObject","inLanguage":"pt-BR","@id":"https:\/\/secure.gravatar.com\/avatar\/1072c6b775fb02ef8506ce967551d95926669a6b7d2c2147b42eea4d7c68395e?s=96&d=mm&r=g","url":"https:\/\/secure.gravatar.com\/avatar\/1072c6b775fb02ef8506ce967551d95926669a6b7d2c2147b42eea4d7c68395e?s=96&d=mm&r=g","contentUrl":"https:\/\/secure.gravatar.com\/avatar\/1072c6b775fb02ef8506ce967551d95926669a6b7d2c2147b42eea4d7c68395e?s=96&d=mm&r=g","caption":"Reda\u00e7\u00e3o"},"sameAs":["https:\/\/transamerica93.com.br\/home"],"url":"https:\/\/transamerica93.com.br\/home\/author\/william\/"}]}},"_links":{"self":[{"href":"https:\/\/transamerica93.com.br\/home\/wp-json\/wp\/v2\/posts\/5144","targetHints":{"allow":["GET"]}}],"collection":[{"href":"https:\/\/transamerica93.com.br\/home\/wp-json\/wp\/v2\/posts"}],"about":[{"href":"https:\/\/transamerica93.com.br\/home\/wp-json\/wp\/v2\/types\/post"}],"author":[{"embeddable":true,"href":"https:\/\/transamerica93.com.br\/home\/wp-json\/wp\/v2\/users\/1"}],"replies":[{"embeddable":true,"href":"https:\/\/transamerica93.com.br\/home\/wp-json\/wp\/v2\/comments?post=5144"}],"version-history":[{"count":1,"href":"https:\/\/transamerica93.com.br\/home\/wp-json\/wp\/v2\/posts\/5144\/revisions"}],"predecessor-version":[{"id":5145,"href":"https:\/\/transamerica93.com.br\/home\/wp-json\/wp\/v2\/posts\/5144\/revisions\/5145"}],"wp:featuredmedia":[{"embeddable":true,"href":"https:\/\/transamerica93.com.br\/home\/wp-json\/wp\/v2\/media\/5137"}],"wp:attachment":[{"href":"https:\/\/transamerica93.com.br\/home\/wp-json\/wp\/v2\/media?parent=5144"}],"wp:term":[{"taxonomy":"category","embeddable":true,"href":"https:\/\/transamerica93.com.br\/home\/wp-json\/wp\/v2\/categories?post=5144"},{"taxonomy":"post_tag","embeddable":true,"href":"https:\/\/transamerica93.com.br\/home\/wp-json\/wp\/v2\/tags?post=5144"}],"curies":[{"name":"wp","href":"https:\/\/api.w.org\/{rel}","templated":true}]}}