{"id":5152,"date":"2025-04-14T12:00:43","date_gmt":"2025-04-14T15:00:43","guid":{"rendered":"https:\/\/transamerica93.com.br\/home\/?p=5152"},"modified":"2025-04-18T09:40:32","modified_gmt":"2025-04-18T12:40:32","slug":"santos-demite-tecnico-pedro-caixinha-apos-inicio-dificil-no-brasileiro","status":"publish","type":"post","link":"https:\/\/transamerica93.com.br\/home\/santos-demite-tecnico-pedro-caixinha-apos-inicio-dificil-no-brasileiro\/","title":{"rendered":"Santos demite t\u00e9cnico Pedro Caixinha ap\u00f3s in\u00edcio dif\u00edcil no Brasileiro"},"content":{"rendered":"<p>N\u00e3o chegou a quatro meses a passagem do t\u00e9cnico portugu\u00eas Pedro Caixinha \u00e0 frente do comando t\u00e9cnico do time masculino do Santos. Ele foi demitido pela diretoria do clube nesta segunda-feira (14), um dia ap\u00f3s a derrota do Peixe para o Fluminense (1 a 0), no Maracan\u00e3, pela terceira rodada do Campeonato Brasileiro.<img decoding=\"async\" data-src=\"https:\/\/agenciabrasil.ebc.com.br\/ebc.png?id=1638832&amp;o=node\" src=\"data:image\/svg+xml;base64,PHN2ZyB3aWR0aD0iMSIgaGVpZ2h0PSIxIiB4bWxucz0iaHR0cDovL3d3dy53My5vcmcvMjAwMC9zdmciPjwvc3ZnPg==\" class=\"lazyload\" \/><img decoding=\"async\" data-src=\"https:\/\/agenciabrasil.ebc.com.br\/ebc.gif?id=1638832&amp;o=node\" src=\"data:image\/svg+xml;base64,PHN2ZyB3aWR0aD0iMSIgaGVpZ2h0PSIxIiB4bWxucz0iaHR0cDovL3d3dy53My5vcmcvMjAwMC9zdmciPjwvc3ZnPg==\" class=\"lazyload\" \/><\/p>\n<p>A equipe santista segue sem vit\u00f3rias no Brasileir\u00e3o. Estreou com derrota para o Vasco (2 a 1) e, na rodada seguinte, empatou em casa com o Bahia (2 a 2). \u00a0Com apenas um ponto marcado, o time est\u00e1 na zona de rebaixamento, em 18\u00ba lugar.<\/p>\n<p>De acordo com\u00a0<a href=\"https:\/\/www.santosfc.com.br\/pedro-caixinha-deixa-o-comando-tecnico-do-santos-fc\/\"><strong>nota oficial do Santos<\/strong><\/a>, o auxiliar t\u00e9cnico C\u00e9sar Sampaio assumira o time interinamente. Ele dever\u00e1 estar \u00e0 beira do gramado da Vila Belmiro, na pr\u00f3xima quarta (16), quando o Santos encara Atl\u00e9tico-MG (16\u00ba na tabela), \u00e0s 21h30 (hor\u00e1rio de Bras\u00edlia), pelo Brasileir\u00e3o.<\/p>\n<p>Desde que assinou contrato com o Peixe em 23 de dezembro, Caixinha disputou 17 partidas, somando seis vit\u00f3rias, quatro empates e sete derrotas. No in\u00edcio da atual temporada, o Santos parou na semifinal, ap\u00f3s rev\u00e9s para o Corinthians (2 a 1), em partida \u00fanica.<\/p>\n<p>Al\u00e9m do treinador portugu\u00eas, tamb\u00e9m deixam o Santos os auxiliares t\u00e9cnicos Pedro Malta e Jos\u00e9 Pratas; o preparador f\u00edsico Guilherme Gomes; e o preparador de goleiros Jos\u00e9 Belman.<\/p>\n","protected":false},"excerpt":{"rendered":"<p>N\u00e3o chegou a quatro meses a passagem do t\u00e9cnico portugu\u00eas Pedro Caixinha \u00e0 frente do comando t\u00e9cnico do time masculino do Santos. Ele foi demitido pela diretoria do clube nesta segunda-feira (14), um dia ap\u00f3s a derrota do Peixe para o Fluminense (1 a 0), no Maracan\u00e3, pela terceira rodada do Campeonato Brasileiro. A equipe &hellip;<\/p>\n","protected":false},"author":1,"featured_media":5153,"comment_status":"closed","ping_status":"closed","sticky":false,"template":"","format":"standard","meta":{"footnotes":""},"categories":[31],"tags":[],"class_list":["post-5152","post","type-post","status-publish","format-standard","has-post-thumbnail","hentry","category-esportes"],"yoast_head":"<!-- This site is optimized with the Yoast SEO plugin v27.4 - https:\/\/yoast.com\/product\/yoast-seo-wordpress\/ -->\n<title>Santos demite t\u00e9cnico Pedro Caixinha ap\u00f3s in\u00edcio dif\u00edcil no Brasileiro - Transam\u00e9rica Mococa 93,3<\/title>\n<meta name=\"robots\" content=\"index, follow, max-snippet:-1, max-image-preview:large, max-video-preview:-1\" \/>\n<link rel=\"canonical\" href=\"https:\/\/transamerica93.com.br\/home\/santos-demite-tecnico-pedro-caixinha-apos-inicio-dificil-no-brasileiro\/\" \/>\n<meta property=\"og:locale\" content=\"pt_BR\" \/>\n<meta property=\"og:type\" content=\"article\" \/>\n<meta property=\"og:title\" content=\"Santos demite t\u00e9cnico Pedro Caixinha ap\u00f3s in\u00edcio dif\u00edcil no Brasileiro - Transam\u00e9rica Mococa 93,3\" \/>\n<meta property=\"og:description\" content=\"N\u00e3o chegou a quatro meses a passagem do t\u00e9cnico portugu\u00eas Pedro Caixinha \u00e0 frente do comando t\u00e9cnico do time masculino do Santos. Ele foi demitido pela diretoria do clube nesta segunda-feira (14), um dia ap\u00f3s a derrota do Peixe para o Fluminense (1 a 0), no Maracan\u00e3, pela terceira rodada do Campeonato Brasileiro. A equipe &hellip;\" \/>\n<meta property=\"og:url\" content=\"https:\/\/transamerica93.com.br\/home\/santos-demite-tecnico-pedro-caixinha-apos-inicio-dificil-no-brasileiro\/\" \/>\n<meta property=\"og:site_name\" content=\"Transam\u00e9rica Mococa 93,3\" \/>\n<meta property=\"article:publisher\" content=\"https:\/\/www.facebook.com\/transamericamococa\" \/>\n<meta property=\"article:published_time\" content=\"2025-04-14T15:00:43+00:00\" \/>\n<meta property=\"article:modified_time\" content=\"2025-04-18T12:40:32+00:00\" \/>\n<meta property=\"og:image\" content=\"https:\/\/transamerica93.com.br\/home\/wp-content\/uploads\/2025\/04\/1-1.jpg\" \/>\n\t<meta property=\"og:image:width\" content=\"1170\" \/>\n\t<meta property=\"og:image:height\" content=\"700\" \/>\n\t<meta property=\"og:image:type\" content=\"image\/jpeg\" \/>\n<meta name=\"author\" content=\"Reda\u00e7\u00e3o\" \/>\n<meta name=\"twitter:card\" content=\"summary_large_image\" \/>\n<meta name=\"twitter:creator\" content=\"@transamerica933\" \/>\n<meta name=\"twitter:site\" content=\"@transamerica933\" \/>\n<meta name=\"twitter:label1\" content=\"Escrito por\" \/>\n\t<meta name=\"twitter:data1\" content=\"Reda\u00e7\u00e3o\" \/>\n\t<meta name=\"twitter:label2\" content=\"Est. tempo de leitura\" \/>\n\t<meta name=\"twitter:data2\" content=\"2 minutos\" \/>\n<script type=\"application\/ld+json\" class=\"yoast-schema-graph\">{\"@context\":\"https:\\\/\\\/schema.org\",\"@graph\":[{\"@type\":\"Article\",\"@id\":\"https:\\\/\\\/transamerica93.com.br\\\/home\\\/santos-demite-tecnico-pedro-caixinha-apos-inicio-dificil-no-brasileiro\\\/#article\",\"isPartOf\":{\"@id\":\"https:\\\/\\\/transamerica93.com.br\\\/home\\\/santos-demite-tecnico-pedro-caixinha-apos-inicio-dificil-no-brasileiro\\\/\"},\"author\":{\"name\":\"Reda\u00e7\u00e3o\",\"@id\":\"https:\\\/\\\/transamerica93.com.br\\\/home\\\/#\\\/schema\\\/person\\\/7fed7c99c0d4562efa8561bc0f543172\"},\"headline\":\"Santos demite t\u00e9cnico Pedro Caixinha ap\u00f3s in\u00edcio dif\u00edcil no Brasileiro\",\"datePublished\":\"2025-04-14T15:00:43+00:00\",\"dateModified\":\"2025-04-18T12:40:32+00:00\",\"mainEntityOfPage\":{\"@id\":\"https:\\\/\\\/transamerica93.com.br\\\/home\\\/santos-demite-tecnico-pedro-caixinha-apos-inicio-dificil-no-brasileiro\\\/\"},\"wordCount\":236,\"publisher\":{\"@id\":\"https:\\\/\\\/transamerica93.com.br\\\/home\\\/#organization\"},\"image\":{\"@id\":\"https:\\\/\\\/transamerica93.com.br\\\/home\\\/santos-demite-tecnico-pedro-caixinha-apos-inicio-dificil-no-brasileiro\\\/#primaryimage\"},\"thumbnailUrl\":\"https:\\\/\\\/transamerica93.com.br\\\/home\\\/wp-content\\\/uploads\\\/2025\\\/04\\\/1-1.jpg\",\"articleSection\":[\"Esportes\"],\"inLanguage\":\"pt-BR\"},{\"@type\":\"WebPage\",\"@id\":\"https:\\\/\\\/transamerica93.com.br\\\/home\\\/santos-demite-tecnico-pedro-caixinha-apos-inicio-dificil-no-brasileiro\\\/\",\"url\":\"https:\\\/\\\/transamerica93.com.br\\\/home\\\/santos-demite-tecnico-pedro-caixinha-apos-inicio-dificil-no-brasileiro\\\/\",\"name\":\"Santos demite t\u00e9cnico Pedro Caixinha ap\u00f3s in\u00edcio dif\u00edcil no Brasileiro - Transam\u00e9rica Mococa 93,3\",\"isPartOf\":{\"@id\":\"https:\\\/\\\/transamerica93.com.br\\\/home\\\/#website\"},\"primaryImageOfPage\":{\"@id\":\"https:\\\/\\\/transamerica93.com.br\\\/home\\\/santos-demite-tecnico-pedro-caixinha-apos-inicio-dificil-no-brasileiro\\\/#primaryimage\"},\"image\":{\"@id\":\"https:\\\/\\\/transamerica93.com.br\\\/home\\\/santos-demite-tecnico-pedro-caixinha-apos-inicio-dificil-no-brasileiro\\\/#primaryimage\"},\"thumbnailUrl\":\"https:\\\/\\\/transamerica93.com.br\\\/home\\\/wp-content\\\/uploads\\\/2025\\\/04\\\/1-1.jpg\",\"datePublished\":\"2025-04-14T15:00:43+00:00\",\"dateModified\":\"2025-04-18T12:40:32+00:00\",\"breadcrumb\":{\"@id\":\"https:\\\/\\\/transamerica93.com.br\\\/home\\\/santos-demite-tecnico-pedro-caixinha-apos-inicio-dificil-no-brasileiro\\\/#breadcrumb\"},\"inLanguage\":\"pt-BR\",\"potentialAction\":[{\"@type\":\"ReadAction\",\"target\":[\"https:\\\/\\\/transamerica93.com.br\\\/home\\\/santos-demite-tecnico-pedro-caixinha-apos-inicio-dificil-no-brasileiro\\\/\"]}]},{\"@type\":\"ImageObject\",\"inLanguage\":\"pt-BR\",\"@id\":\"https:\\\/\\\/transamerica93.com.br\\\/home\\\/santos-demite-tecnico-pedro-caixinha-apos-inicio-dificil-no-brasileiro\\\/#primaryimage\",\"url\":\"https:\\\/\\\/transamerica93.com.br\\\/home\\\/wp-content\\\/uploads\\\/2025\\\/04\\\/1-1.jpg\",\"contentUrl\":\"https:\\\/\\\/transamerica93.com.br\\\/home\\\/wp-content\\\/uploads\\\/2025\\\/04\\\/1-1.jpg\",\"width\":1170,\"height\":700,\"caption\":\"\u00a9 Raul Baretta\\\/ Santos FC\\\/Direitos Reservados\"},{\"@type\":\"BreadcrumbList\",\"@id\":\"https:\\\/\\\/transamerica93.com.br\\\/home\\\/santos-demite-tecnico-pedro-caixinha-apos-inicio-dificil-no-brasileiro\\\/#breadcrumb\",\"itemListElement\":[{\"@type\":\"ListItem\",\"position\":1,\"name\":\"In\u00edcio\",\"item\":\"https:\\\/\\\/transamerica93.com.br\\\/home\\\/\"},{\"@type\":\"ListItem\",\"position\":2,\"name\":\"Santos demite t\u00e9cnico Pedro Caixinha ap\u00f3s in\u00edcio dif\u00edcil no Brasileiro\"}]},{\"@type\":\"WebSite\",\"@id\":\"https:\\\/\\\/transamerica93.com.br\\\/home\\\/#website\",\"url\":\"https:\\\/\\\/transamerica93.com.br\\\/home\\\/\",\"name\":\"Transam\u00e9rica Mococa 93,3\",\"description\":\"\",\"publisher\":{\"@id\":\"https:\\\/\\\/transamerica93.com.br\\\/home\\\/#organization\"},\"potentialAction\":[{\"@type\":\"SearchAction\",\"target\":{\"@type\":\"EntryPoint\",\"urlTemplate\":\"https:\\\/\\\/transamerica93.com.br\\\/home\\\/?s={search_term_string}\"},\"query-input\":{\"@type\":\"PropertyValueSpecification\",\"valueRequired\":true,\"valueName\":\"search_term_string\"}}],\"inLanguage\":\"pt-BR\"},{\"@type\":\"Organization\",\"@id\":\"https:\\\/\\\/transamerica93.com.br\\\/home\\\/#organization\",\"name\":\"Transam\u00e9rica Mococa 93,3\",\"url\":\"https:\\\/\\\/transamerica93.com.br\\\/home\\\/\",\"logo\":{\"@type\":\"ImageObject\",\"inLanguage\":\"pt-BR\",\"@id\":\"https:\\\/\\\/transamerica93.com.br\\\/home\\\/#\\\/schema\\\/logo\\\/image\\\/\",\"url\":\"https:\\\/\\\/transamerica93.com.br\\\/home\\\/wp-content\\\/uploads\\\/2023\\\/10\\\/logo2.png\",\"contentUrl\":\"https:\\\/\\\/transamerica93.com.br\\\/home\\\/wp-content\\\/uploads\\\/2023\\\/10\\\/logo2.png\",\"width\":800,\"height\":500,\"caption\":\"Transam\u00e9rica Mococa 93,3\"},\"image\":{\"@id\":\"https:\\\/\\\/transamerica93.com.br\\\/home\\\/#\\\/schema\\\/logo\\\/image\\\/\"},\"sameAs\":[\"https:\\\/\\\/www.facebook.com\\\/transamericamococa\",\"https:\\\/\\\/x.com\\\/transamerica933\",\"https:\\\/\\\/www.instagram.com\\\/transamericamococa\"]},{\"@type\":\"Person\",\"@id\":\"https:\\\/\\\/transamerica93.com.br\\\/home\\\/#\\\/schema\\\/person\\\/7fed7c99c0d4562efa8561bc0f543172\",\"name\":\"Reda\u00e7\u00e3o\",\"image\":{\"@type\":\"ImageObject\",\"inLanguage\":\"pt-BR\",\"@id\":\"https:\\\/\\\/secure.gravatar.com\\\/avatar\\\/1072c6b775fb02ef8506ce967551d95926669a6b7d2c2147b42eea4d7c68395e?s=96&d=mm&r=g\",\"url\":\"https:\\\/\\\/secure.gravatar.com\\\/avatar\\\/1072c6b775fb02ef8506ce967551d95926669a6b7d2c2147b42eea4d7c68395e?s=96&d=mm&r=g\",\"contentUrl\":\"https:\\\/\\\/secure.gravatar.com\\\/avatar\\\/1072c6b775fb02ef8506ce967551d95926669a6b7d2c2147b42eea4d7c68395e?s=96&d=mm&r=g\",\"caption\":\"Reda\u00e7\u00e3o\"},\"sameAs\":[\"https:\\\/\\\/transamerica93.com.br\\\/home\"],\"url\":\"https:\\\/\\\/transamerica93.com.br\\\/home\\\/author\\\/william\\\/\"}]}<\/script>\n<!-- \/ Yoast SEO plugin. -->","yoast_head_json":{"title":"Santos demite t\u00e9cnico Pedro Caixinha ap\u00f3s in\u00edcio dif\u00edcil no Brasileiro - Transam\u00e9rica Mococa 93,3","robots":{"index":"index","follow":"follow","max-snippet":"max-snippet:-1","max-image-preview":"max-image-preview:large","max-video-preview":"max-video-preview:-1"},"canonical":"https:\/\/transamerica93.com.br\/home\/santos-demite-tecnico-pedro-caixinha-apos-inicio-dificil-no-brasileiro\/","og_locale":"pt_BR","og_type":"article","og_title":"Santos demite t\u00e9cnico Pedro Caixinha ap\u00f3s in\u00edcio dif\u00edcil no Brasileiro - Transam\u00e9rica Mococa 93,3","og_description":"N\u00e3o chegou a quatro meses a passagem do t\u00e9cnico portugu\u00eas Pedro Caixinha \u00e0 frente do comando t\u00e9cnico do time masculino do Santos. Ele foi demitido pela diretoria do clube nesta segunda-feira (14), um dia ap\u00f3s a derrota do Peixe para o Fluminense (1 a 0), no Maracan\u00e3, pela terceira rodada do Campeonato Brasileiro. A equipe &hellip;","og_url":"https:\/\/transamerica93.com.br\/home\/santos-demite-tecnico-pedro-caixinha-apos-inicio-dificil-no-brasileiro\/","og_site_name":"Transam\u00e9rica Mococa 93,3","article_publisher":"https:\/\/www.facebook.com\/transamericamococa","article_published_time":"2025-04-14T15:00:43+00:00","article_modified_time":"2025-04-18T12:40:32+00:00","og_image":[{"width":1170,"height":700,"url":"https:\/\/transamerica93.com.br\/home\/wp-content\/uploads\/2025\/04\/1-1.jpg","type":"image\/jpeg"}],"author":"Reda\u00e7\u00e3o","twitter_card":"summary_large_image","twitter_creator":"@transamerica933","twitter_site":"@transamerica933","twitter_misc":{"Escrito por":"Reda\u00e7\u00e3o","Est. tempo de leitura":"2 minutos"},"schema":{"@context":"https:\/\/schema.org","@graph":[{"@type":"Article","@id":"https:\/\/transamerica93.com.br\/home\/santos-demite-tecnico-pedro-caixinha-apos-inicio-dificil-no-brasileiro\/#article","isPartOf":{"@id":"https:\/\/transamerica93.com.br\/home\/santos-demite-tecnico-pedro-caixinha-apos-inicio-dificil-no-brasileiro\/"},"author":{"name":"Reda\u00e7\u00e3o","@id":"https:\/\/transamerica93.com.br\/home\/#\/schema\/person\/7fed7c99c0d4562efa8561bc0f543172"},"headline":"Santos demite t\u00e9cnico Pedro Caixinha ap\u00f3s in\u00edcio dif\u00edcil no Brasileiro","datePublished":"2025-04-14T15:00:43+00:00","dateModified":"2025-04-18T12:40:32+00:00","mainEntityOfPage":{"@id":"https:\/\/transamerica93.com.br\/home\/santos-demite-tecnico-pedro-caixinha-apos-inicio-dificil-no-brasileiro\/"},"wordCount":236,"publisher":{"@id":"https:\/\/transamerica93.com.br\/home\/#organization"},"image":{"@id":"https:\/\/transamerica93.com.br\/home\/santos-demite-tecnico-pedro-caixinha-apos-inicio-dificil-no-brasileiro\/#primaryimage"},"thumbnailUrl":"https:\/\/transamerica93.com.br\/home\/wp-content\/uploads\/2025\/04\/1-1.jpg","articleSection":["Esportes"],"inLanguage":"pt-BR"},{"@type":"WebPage","@id":"https:\/\/transamerica93.com.br\/home\/santos-demite-tecnico-pedro-caixinha-apos-inicio-dificil-no-brasileiro\/","url":"https:\/\/transamerica93.com.br\/home\/santos-demite-tecnico-pedro-caixinha-apos-inicio-dificil-no-brasileiro\/","name":"Santos demite t\u00e9cnico Pedro Caixinha ap\u00f3s in\u00edcio dif\u00edcil no Brasileiro - Transam\u00e9rica Mococa 93,3","isPartOf":{"@id":"https:\/\/transamerica93.com.br\/home\/#website"},"primaryImageOfPage":{"@id":"https:\/\/transamerica93.com.br\/home\/santos-demite-tecnico-pedro-caixinha-apos-inicio-dificil-no-brasileiro\/#primaryimage"},"image":{"@id":"https:\/\/transamerica93.com.br\/home\/santos-demite-tecnico-pedro-caixinha-apos-inicio-dificil-no-brasileiro\/#primaryimage"},"thumbnailUrl":"https:\/\/transamerica93.com.br\/home\/wp-content\/uploads\/2025\/04\/1-1.jpg","datePublished":"2025-04-14T15:00:43+00:00","dateModified":"2025-04-18T12:40:32+00:00","breadcrumb":{"@id":"https:\/\/transamerica93.com.br\/home\/santos-demite-tecnico-pedro-caixinha-apos-inicio-dificil-no-brasileiro\/#breadcrumb"},"inLanguage":"pt-BR","potentialAction":[{"@type":"ReadAction","target":["https:\/\/transamerica93.com.br\/home\/santos-demite-tecnico-pedro-caixinha-apos-inicio-dificil-no-brasileiro\/"]}]},{"@type":"ImageObject","inLanguage":"pt-BR","@id":"https:\/\/transamerica93.com.br\/home\/santos-demite-tecnico-pedro-caixinha-apos-inicio-dificil-no-brasileiro\/#primaryimage","url":"https:\/\/transamerica93.com.br\/home\/wp-content\/uploads\/2025\/04\/1-1.jpg","contentUrl":"https:\/\/transamerica93.com.br\/home\/wp-content\/uploads\/2025\/04\/1-1.jpg","width":1170,"height":700,"caption":"\u00a9 Raul Baretta\/ Santos FC\/Direitos Reservados"},{"@type":"BreadcrumbList","@id":"https:\/\/transamerica93.com.br\/home\/santos-demite-tecnico-pedro-caixinha-apos-inicio-dificil-no-brasileiro\/#breadcrumb","itemListElement":[{"@type":"ListItem","position":1,"name":"In\u00edcio","item":"https:\/\/transamerica93.com.br\/home\/"},{"@type":"ListItem","position":2,"name":"Santos demite t\u00e9cnico Pedro Caixinha ap\u00f3s in\u00edcio dif\u00edcil no Brasileiro"}]},{"@type":"WebSite","@id":"https:\/\/transamerica93.com.br\/home\/#website","url":"https:\/\/transamerica93.com.br\/home\/","name":"Transam\u00e9rica Mococa 93,3","description":"","publisher":{"@id":"https:\/\/transamerica93.com.br\/home\/#organization"},"potentialAction":[{"@type":"SearchAction","target":{"@type":"EntryPoint","urlTemplate":"https:\/\/transamerica93.com.br\/home\/?s={search_term_string}"},"query-input":{"@type":"PropertyValueSpecification","valueRequired":true,"valueName":"search_term_string"}}],"inLanguage":"pt-BR"},{"@type":"Organization","@id":"https:\/\/transamerica93.com.br\/home\/#organization","name":"Transam\u00e9rica Mococa 93,3","url":"https:\/\/transamerica93.com.br\/home\/","logo":{"@type":"ImageObject","inLanguage":"pt-BR","@id":"https:\/\/transamerica93.com.br\/home\/#\/schema\/logo\/image\/","url":"https:\/\/transamerica93.com.br\/home\/wp-content\/uploads\/2023\/10\/logo2.png","contentUrl":"https:\/\/transamerica93.com.br\/home\/wp-content\/uploads\/2023\/10\/logo2.png","width":800,"height":500,"caption":"Transam\u00e9rica Mococa 93,3"},"image":{"@id":"https:\/\/transamerica93.com.br\/home\/#\/schema\/logo\/image\/"},"sameAs":["https:\/\/www.facebook.com\/transamericamococa","https:\/\/x.com\/transamerica933","https:\/\/www.instagram.com\/transamericamococa"]},{"@type":"Person","@id":"https:\/\/transamerica93.com.br\/home\/#\/schema\/person\/7fed7c99c0d4562efa8561bc0f543172","name":"Reda\u00e7\u00e3o","image":{"@type":"ImageObject","inLanguage":"pt-BR","@id":"https:\/\/secure.gravatar.com\/avatar\/1072c6b775fb02ef8506ce967551d95926669a6b7d2c2147b42eea4d7c68395e?s=96&d=mm&r=g","url":"https:\/\/secure.gravatar.com\/avatar\/1072c6b775fb02ef8506ce967551d95926669a6b7d2c2147b42eea4d7c68395e?s=96&d=mm&r=g","contentUrl":"https:\/\/secure.gravatar.com\/avatar\/1072c6b775fb02ef8506ce967551d95926669a6b7d2c2147b42eea4d7c68395e?s=96&d=mm&r=g","caption":"Reda\u00e7\u00e3o"},"sameAs":["https:\/\/transamerica93.com.br\/home"],"url":"https:\/\/transamerica93.com.br\/home\/author\/william\/"}]}},"_links":{"self":[{"href":"https:\/\/transamerica93.com.br\/home\/wp-json\/wp\/v2\/posts\/5152","targetHints":{"allow":["GET"]}}],"collection":[{"href":"https:\/\/transamerica93.com.br\/home\/wp-json\/wp\/v2\/posts"}],"about":[{"href":"https:\/\/transamerica93.com.br\/home\/wp-json\/wp\/v2\/types\/post"}],"author":[{"embeddable":true,"href":"https:\/\/transamerica93.com.br\/home\/wp-json\/wp\/v2\/users\/1"}],"replies":[{"embeddable":true,"href":"https:\/\/transamerica93.com.br\/home\/wp-json\/wp\/v2\/comments?post=5152"}],"version-history":[{"count":2,"href":"https:\/\/transamerica93.com.br\/home\/wp-json\/wp\/v2\/posts\/5152\/revisions"}],"predecessor-version":[{"id":5159,"href":"https:\/\/transamerica93.com.br\/home\/wp-json\/wp\/v2\/posts\/5152\/revisions\/5159"}],"wp:featuredmedia":[{"embeddable":true,"href":"https:\/\/transamerica93.com.br\/home\/wp-json\/wp\/v2\/media\/5153"}],"wp:attachment":[{"href":"https:\/\/transamerica93.com.br\/home\/wp-json\/wp\/v2\/media?parent=5152"}],"wp:term":[{"taxonomy":"category","embeddable":true,"href":"https:\/\/transamerica93.com.br\/home\/wp-json\/wp\/v2\/categories?post=5152"},{"taxonomy":"post_tag","embeddable":true,"href":"https:\/\/transamerica93.com.br\/home\/wp-json\/wp\/v2\/tags?post=5152"}],"curies":[{"name":"wp","href":"https:\/\/api.w.org\/{rel}","templated":true}]}}