{"id":5160,"date":"2025-04-15T12:00:42","date_gmt":"2025-04-15T15:00:42","guid":{"rendered":"https:\/\/transamerica93.com.br\/home\/?p=5160"},"modified":"2025-04-18T09:41:37","modified_gmt":"2025-04-18T12:41:37","slug":"fifa-define-arbitros-e-inclui-cameras-corporais-no-mundial-de-clubes","status":"publish","type":"post","link":"https:\/\/transamerica93.com.br\/home\/fifa-define-arbitros-e-inclui-cameras-corporais-no-mundial-de-clubes\/","title":{"rendered":"Fifa define \u00e1rbitros e inclui c\u00e2meras corporais no Mundial de Clubes"},"content":{"rendered":"<div class=\"conteudo-noticia\">\n<p>A edi\u00e7\u00e3o inaugural do Super Mundial de Clubes da Fifa contar\u00e1 com um total de 35 \u00e1rbitros, entre eles estar\u00e3o o catarinense Ramon Abatti Abel e o goiano Wilton Pereira Sampaio. Al\u00e9m dos nomes divulgados nesta segunda-feira (14), a Fifa anunciou novidades como o uso de c\u00e2meras corporais pelos \u00e1rbitros e aplica\u00e7\u00e3o de regras mais r\u00edgidas aos goleiros. O Super Mundial,\u00a0o primeiro com 32 times \u2013 incluindo Botafogo, Flamengo, Fluminense e Palmeiras &#8211; . ocorrer\u00e1 de 14 de junho a 13 de julho, nos Estados Unidos.<img decoding=\"async\" data-src=\"https:\/\/agenciabrasil.ebc.com.br\/ebc.png?id=1638866&amp;o=node\" src=\"data:image\/svg+xml;base64,PHN2ZyB3aWR0aD0iMSIgaGVpZ2h0PSIxIiB4bWxucz0iaHR0cDovL3d3dy53My5vcmcvMjAwMC9zdmciPjwvc3ZnPg==\" class=\"lazyload\" \/><img decoding=\"async\" data-src=\"https:\/\/agenciabrasil.ebc.com.br\/ebc.gif?id=1638866&amp;o=node\" src=\"data:image\/svg+xml;base64,PHN2ZyB3aWR0aD0iMSIgaGVpZ2h0PSIxIiB4bWxucz0iaHR0cDovL3d3dy53My5vcmcvMjAwMC9zdmciPjwvc3ZnPg==\" class=\"lazyload\" \/><\/p>\n<blockquote><p>&#8220;Achamos que \u00e9 uma boa chance de oferecer aos espectadores uma nova experi\u00eancia, em termos de imagens feitas de uma perspectiva, de um \u00e2ngulo de vis\u00e3o nunca oferecido antes&#8221;, esclareceu Pierluigi Collina, presidente do Comit\u00ea de \u00c1rbitros da Fifa. \u201cTamb\u00e9m tem um prop\u00f3sito em termos de treinamento de \u00e1rbitros porque, \u00e9 claro, ver o que o \u00e1rbitro v\u00ea \u00e9 importante na revis\u00e3o p\u00f3s-jogo.&#8221;<\/p><\/blockquote>\n<div class=\"twitter-tweet twitter-tweet-rendered\"><iframe id=\"twitter-widget-0\" title=\"X Post\" data-src=\"https:\/\/platform.twitter.com\/embed\/Tweet.html?creatorScreenName=agenciabrasil&amp;dnt=false&amp;embedId=twitter-widget-0&amp;features=eyJ0ZndfdGltZWxpbmVfbGlzdCI6eyJidWNrZXQiOltdLCJ2ZXJzaW9uIjpudWxsfSwidGZ3X2ZvbGxvd2VyX2NvdW50X3N1bnNldCI6eyJidWNrZXQiOnRydWUsInZlcnNpb24iOm51bGx9LCJ0ZndfdHdlZXRfZWRpdF9iYWNrZW5kIjp7ImJ1Y2tldCI6Im9uIiwidmVyc2lvbiI6bnVsbH0sInRmd19yZWZzcmNfc2Vzc2lvbiI6eyJidWNrZXQiOiJvbiIsInZlcnNpb24iOm51bGx9LCJ0ZndfZm9zbnJfc29mdF9pbnRlcnZlbnRpb25zX2VuYWJsZWQiOnsiYnVja2V0Ijoib24iLCJ2ZXJzaW9uIjpudWxsfSwidGZ3X21peGVkX21lZGlhXzE1ODk3Ijp7ImJ1Y2tldCI6InRyZWF0bWVudCIsInZlcnNpb24iOm51bGx9LCJ0ZndfZXhwZXJpbWVudHNfY29va2llX2V4cGlyYXRpb24iOnsiYnVja2V0IjoxMjA5NjAwLCJ2ZXJzaW9uIjpudWxsfSwidGZ3X3Nob3dfYmlyZHdhdGNoX3Bpdm90c19lbmFibGVkIjp7ImJ1Y2tldCI6Im9uIiwidmVyc2lvbiI6bnVsbH0sInRmd19kdXBsaWNhdGVfc2NyaWJlc190b19zZXR0aW5ncyI6eyJidWNrZXQiOiJvbiIsInZlcnNpb24iOm51bGx9LCJ0ZndfdXNlX3Byb2ZpbGVfaW1hZ2Vfc2hhcGVfZW5hYmxlZCI6eyJidWNrZXQiOiJvbiIsInZlcnNpb24iOm51bGx9LCJ0ZndfdmlkZW9faGxzX2R5bmFtaWNfbWFuaWZlc3RzXzE1MDgyIjp7ImJ1Y2tldCI6InRydWVfYml0cmF0ZSIsInZlcnNpb24iOm51bGx9LCJ0ZndfbGVnYWN5X3RpbWVsaW5lX3N1bnNldCI6eyJidWNrZXQiOnRydWUsInZlcnNpb24iOm51bGx9LCJ0ZndfdHdlZXRfZWRpdF9mcm9udGVuZCI6eyJidWNrZXQiOiJvbiIsInZlcnNpb24iOm51bGx9fQ%3D%3D&amp;frame=false&amp;hideCard=false&amp;hideThread=false&amp;id=1911817162303434834&amp;lang=pt&amp;origin=https%3A%2F%2Fagenciabrasil.ebc.com.br%2Fesportes%2Fnoticia%2F2025-04%2Ffifa-define-arbitros-e-inclui-cameras-corporais-no-mundial-de-clubes&amp;sessionId=52db6bf3679446abba857270c72915c8f214d84a&amp;siteScreenName=agenciabrasil&amp;theme=light&amp;widgetsVersion=2615f7e52b7e0%3A1702314776716&amp;width=550px\" frameborder=\"0\" scrolling=\"no\" allowfullscreen=\"allowfullscreen\" data-tweet-id=\"1911817162303434834\" data-mce-fragment=\"1\" src=\"data:image\/svg+xml;base64,PHN2ZyB3aWR0aD0iMSIgaGVpZ2h0PSIxIiB4bWxucz0iaHR0cDovL3d3dy53My5vcmcvMjAwMC9zdmciPjwvc3ZnPg==\" class=\"lazyload\" data-load-mode=\"1\"><\/iframe><\/div>\n<p>O Super Mundial ser\u00e1 a primeira competi\u00e7\u00e3o profissional da Fifa na carreira do catarinense Ramon Abatti Abel, de 35 anos. Em 2023, ele entrou em campo em quatro partidas do Mundial Sub 20, na Argentina. J\u00e1 o goiano Wilton Pereira Sampaio, de 43 anos, j\u00e1 apitou quatro jogos da Copa do Mundo do Catar (2022), entre eles, o duelo Fran\u00e7a x Inglaterra, nas quartas de final, vencido pelos Les Blues\u00a0 por 2 a 1. Antes, Wilton Pereira j\u00e1 trabalhara em \u00a0uma partida do Mundial de Clubes, nos Emirados \u00c1rabes Unidos, em 2018.<\/p>\n<div class=\"dnd-widget-wrapper context-cheio_8colunas type-image\">\n<div class=\"dnd-atom-rendered\"><img decoding=\"async\" title=\"Cesar Greco\/Ag Palmeiras\/Direitos reservados\" data-src=\"https:\/\/imagens.ebc.com.br\/i5ePZoXdC-lQhnGhfgH2f4da0Ec=\/754x0\/smart\/https:\/\/agenciabrasil.ebc.com.br\/sites\/default\/files\/thumbnails\/image\/wilton_pereira_arbitro_copa_do_catar.jpg?itok=0ibUR3Kl\" alt=\"Wilton Pereira - \u00e1rbitro - juiz - Copa do Mundo - Catar 2022\" src=\"data:image\/svg+xml;base64,PHN2ZyB3aWR0aD0iMSIgaGVpZ2h0PSIxIiB4bWxucz0iaHR0cDovL3d3dy53My5vcmcvMjAwMC9zdmciPjwvc3ZnPg==\" class=\"lazyload\" \/><\/div>\n<div class=\"dnd-caption-wrapper\">\n<div class=\"meta\">O \u00e1rbitro goiano Wilton Pereira Sampaio, de 43 anos, j\u00e1 apitou quatro jogos da Copa do Mundo do Catar (2022), entre eles, a vit\u00f3ria da\u00a0Fran\u00e7a sobre a\u00a0\u00a0Inglaterra (2 a 1) \u00a0nas quartas de final. &#8211;\u00a0<strong>Cesar Greco\/Ag.Palmeiras\/Direitos Reservados<\/strong><\/div>\n<div><\/div>\n<\/div>\n<\/div>\n<p>A arbitragem do Mundial ter\u00e1 ainda 58 \u00e1rbitros assistentes, sendo quatro deles brasileiros: Rafael Alves, Bruno Boschilia, Danilo Manis e Bruno Pires. J\u00e1 na rela\u00e7\u00e3o de \u00e1rbitros de v\u00eddeo, est\u00e3o 24 profissionais, nenhum do Brasil.<\/p>\n<blockquote><p>&#8220;Dentre os selecionados est\u00e3o aqueles que t\u00eam o privil\u00e9gio de fazer parte disso pela primeira vez, por isso tenho certeza de que todos os \u00e1rbitros ficar\u00e3o entusiasmados&#8221;, afirmou Pierluigi Collina.<\/p><\/blockquote>\n<p>Quanto \u00e0s novas normas estabelecidas aos goleiros, est\u00e1 a proibi\u00e7\u00e3o de segurarem a bola por mais de oito segundos na reposi\u00e7\u00e3o. Caso desrespeitem a regra haver\u00e1 puni\u00e7\u00e3o: o time advers\u00e1rio ganhar\u00e1 o direito de cobrar um escanteio.<\/p>\n<p><em>* Com informa\u00e7\u00f5es da Reuters.<\/em><\/p>\n<div class=\"noticias-relacionadas rel-position rowflex\">\n<div class=\"titulo-noticia-relacionada\">Brasileir\u00e3o Feminino: Real Bras\u00edlia supera Bragantino por 2 a 1<\/div>\n<div><\/div>\n<\/div>\n<\/div>\n<div class=\"footer-noticia\">\n<div class=\"editor rowflex\">Edi\u00e7\u00e3o: Cl\u00e1udia Soares Rodrigues<\/div>\n<\/div>\n","protected":false},"excerpt":{"rendered":"<p>A edi\u00e7\u00e3o inaugural do Super Mundial de Clubes da Fifa contar\u00e1 com um total de 35 \u00e1rbitros, entre eles estar\u00e3o o catarinense Ramon Abatti Abel e o goiano Wilton Pereira Sampaio. Al\u00e9m dos nomes divulgados nesta segunda-feira (14), a Fifa anunciou novidades como o uso de c\u00e2meras corporais pelos \u00e1rbitros e aplica\u00e7\u00e3o de regras mais &hellip;<\/p>\n","protected":false},"author":1,"featured_media":5154,"comment_status":"closed","ping_status":"closed","sticky":false,"template":"","format":"standard","meta":{"footnotes":""},"categories":[31],"tags":[],"class_list":["post-5160","post","type-post","status-publish","format-standard","has-post-thumbnail","hentry","category-esportes"],"yoast_head":"<!-- This site is optimized with the Yoast SEO plugin v27.4 - https:\/\/yoast.com\/product\/yoast-seo-wordpress\/ -->\n<title>Fifa define \u00e1rbitros e inclui c\u00e2meras corporais no Mundial de Clubes - Transam\u00e9rica Mococa 93,3<\/title>\n<meta name=\"robots\" content=\"index, follow, max-snippet:-1, max-image-preview:large, max-video-preview:-1\" \/>\n<link rel=\"canonical\" href=\"https:\/\/transamerica93.com.br\/home\/fifa-define-arbitros-e-inclui-cameras-corporais-no-mundial-de-clubes\/\" \/>\n<meta property=\"og:locale\" content=\"pt_BR\" \/>\n<meta property=\"og:type\" content=\"article\" \/>\n<meta property=\"og:title\" content=\"Fifa define \u00e1rbitros e inclui c\u00e2meras corporais no Mundial de Clubes - Transam\u00e9rica Mococa 93,3\" \/>\n<meta property=\"og:description\" content=\"A edi\u00e7\u00e3o inaugural do Super Mundial de Clubes da Fifa contar\u00e1 com um total de 35 \u00e1rbitros, entre eles estar\u00e3o o catarinense Ramon Abatti Abel e o goiano Wilton Pereira Sampaio. Al\u00e9m dos nomes divulgados nesta segunda-feira (14), a Fifa anunciou novidades como o uso de c\u00e2meras corporais pelos \u00e1rbitros e aplica\u00e7\u00e3o de regras mais &hellip;\" \/>\n<meta property=\"og:url\" content=\"https:\/\/transamerica93.com.br\/home\/fifa-define-arbitros-e-inclui-cameras-corporais-no-mundial-de-clubes\/\" \/>\n<meta property=\"og:site_name\" content=\"Transam\u00e9rica Mococa 93,3\" \/>\n<meta property=\"article:publisher\" content=\"https:\/\/www.facebook.com\/transamericamococa\" \/>\n<meta property=\"article:published_time\" content=\"2025-04-15T15:00:42+00:00\" \/>\n<meta property=\"article:modified_time\" content=\"2025-04-18T12:41:37+00:00\" \/>\n<meta property=\"og:image\" content=\"https:\/\/transamerica93.com.br\/home\/wp-content\/uploads\/2025\/04\/2-1.jpg\" \/>\n\t<meta property=\"og:image:width\" content=\"1170\" \/>\n\t<meta property=\"og:image:height\" content=\"700\" \/>\n\t<meta property=\"og:image:type\" content=\"image\/jpeg\" \/>\n<meta name=\"author\" content=\"Reda\u00e7\u00e3o\" \/>\n<meta name=\"twitter:card\" content=\"summary_large_image\" \/>\n<meta name=\"twitter:creator\" content=\"@transamerica933\" \/>\n<meta name=\"twitter:site\" content=\"@transamerica933\" \/>\n<meta name=\"twitter:label1\" content=\"Escrito por\" \/>\n\t<meta name=\"twitter:data1\" content=\"Reda\u00e7\u00e3o\" \/>\n\t<meta name=\"twitter:label2\" content=\"Est. tempo de leitura\" \/>\n\t<meta name=\"twitter:data2\" content=\"3 minutos\" \/>\n<script type=\"application\/ld+json\" class=\"yoast-schema-graph\">{\"@context\":\"https:\\\/\\\/schema.org\",\"@graph\":[{\"@type\":\"Article\",\"@id\":\"https:\\\/\\\/transamerica93.com.br\\\/home\\\/fifa-define-arbitros-e-inclui-cameras-corporais-no-mundial-de-clubes\\\/#article\",\"isPartOf\":{\"@id\":\"https:\\\/\\\/transamerica93.com.br\\\/home\\\/fifa-define-arbitros-e-inclui-cameras-corporais-no-mundial-de-clubes\\\/\"},\"author\":{\"name\":\"Reda\u00e7\u00e3o\",\"@id\":\"https:\\\/\\\/transamerica93.com.br\\\/home\\\/#\\\/schema\\\/person\\\/7fed7c99c0d4562efa8561bc0f543172\"},\"headline\":\"Fifa define \u00e1rbitros e inclui c\u00e2meras corporais no Mundial de Clubes\",\"datePublished\":\"2025-04-15T15:00:42+00:00\",\"dateModified\":\"2025-04-18T12:41:37+00:00\",\"mainEntityOfPage\":{\"@id\":\"https:\\\/\\\/transamerica93.com.br\\\/home\\\/fifa-define-arbitros-e-inclui-cameras-corporais-no-mundial-de-clubes\\\/\"},\"wordCount\":423,\"publisher\":{\"@id\":\"https:\\\/\\\/transamerica93.com.br\\\/home\\\/#organization\"},\"image\":{\"@id\":\"https:\\\/\\\/transamerica93.com.br\\\/home\\\/fifa-define-arbitros-e-inclui-cameras-corporais-no-mundial-de-clubes\\\/#primaryimage\"},\"thumbnailUrl\":\"https:\\\/\\\/transamerica93.com.br\\\/home\\\/wp-content\\\/uploads\\\/2025\\\/04\\\/2-1.jpg\",\"articleSection\":[\"Esportes\"],\"inLanguage\":\"pt-BR\"},{\"@type\":\"WebPage\",\"@id\":\"https:\\\/\\\/transamerica93.com.br\\\/home\\\/fifa-define-arbitros-e-inclui-cameras-corporais-no-mundial-de-clubes\\\/\",\"url\":\"https:\\\/\\\/transamerica93.com.br\\\/home\\\/fifa-define-arbitros-e-inclui-cameras-corporais-no-mundial-de-clubes\\\/\",\"name\":\"Fifa define \u00e1rbitros e inclui c\u00e2meras corporais no Mundial de Clubes - Transam\u00e9rica Mococa 93,3\",\"isPartOf\":{\"@id\":\"https:\\\/\\\/transamerica93.com.br\\\/home\\\/#website\"},\"primaryImageOfPage\":{\"@id\":\"https:\\\/\\\/transamerica93.com.br\\\/home\\\/fifa-define-arbitros-e-inclui-cameras-corporais-no-mundial-de-clubes\\\/#primaryimage\"},\"image\":{\"@id\":\"https:\\\/\\\/transamerica93.com.br\\\/home\\\/fifa-define-arbitros-e-inclui-cameras-corporais-no-mundial-de-clubes\\\/#primaryimage\"},\"thumbnailUrl\":\"https:\\\/\\\/transamerica93.com.br\\\/home\\\/wp-content\\\/uploads\\\/2025\\\/04\\\/2-1.jpg\",\"datePublished\":\"2025-04-15T15:00:42+00:00\",\"dateModified\":\"2025-04-18T12:41:37+00:00\",\"breadcrumb\":{\"@id\":\"https:\\\/\\\/transamerica93.com.br\\\/home\\\/fifa-define-arbitros-e-inclui-cameras-corporais-no-mundial-de-clubes\\\/#breadcrumb\"},\"inLanguage\":\"pt-BR\",\"potentialAction\":[{\"@type\":\"ReadAction\",\"target\":[\"https:\\\/\\\/transamerica93.com.br\\\/home\\\/fifa-define-arbitros-e-inclui-cameras-corporais-no-mundial-de-clubes\\\/\"]}]},{\"@type\":\"ImageObject\",\"inLanguage\":\"pt-BR\",\"@id\":\"https:\\\/\\\/transamerica93.com.br\\\/home\\\/fifa-define-arbitros-e-inclui-cameras-corporais-no-mundial-de-clubes\\\/#primaryimage\",\"url\":\"https:\\\/\\\/transamerica93.com.br\\\/home\\\/wp-content\\\/uploads\\\/2025\\\/04\\\/2-1.jpg\",\"contentUrl\":\"https:\\\/\\\/transamerica93.com.br\\\/home\\\/wp-content\\\/uploads\\\/2025\\\/04\\\/2-1.jpg\",\"width\":1170,\"height\":700,\"caption\":\"\u00a9 Cesar Greco\\\/Ag Palmeiras\\\/Direitos reservados\"},{\"@type\":\"BreadcrumbList\",\"@id\":\"https:\\\/\\\/transamerica93.com.br\\\/home\\\/fifa-define-arbitros-e-inclui-cameras-corporais-no-mundial-de-clubes\\\/#breadcrumb\",\"itemListElement\":[{\"@type\":\"ListItem\",\"position\":1,\"name\":\"In\u00edcio\",\"item\":\"https:\\\/\\\/transamerica93.com.br\\\/home\\\/\"},{\"@type\":\"ListItem\",\"position\":2,\"name\":\"Fifa define \u00e1rbitros e inclui c\u00e2meras corporais no Mundial de Clubes\"}]},{\"@type\":\"WebSite\",\"@id\":\"https:\\\/\\\/transamerica93.com.br\\\/home\\\/#website\",\"url\":\"https:\\\/\\\/transamerica93.com.br\\\/home\\\/\",\"name\":\"Transam\u00e9rica Mococa 93,3\",\"description\":\"\",\"publisher\":{\"@id\":\"https:\\\/\\\/transamerica93.com.br\\\/home\\\/#organization\"},\"potentialAction\":[{\"@type\":\"SearchAction\",\"target\":{\"@type\":\"EntryPoint\",\"urlTemplate\":\"https:\\\/\\\/transamerica93.com.br\\\/home\\\/?s={search_term_string}\"},\"query-input\":{\"@type\":\"PropertyValueSpecification\",\"valueRequired\":true,\"valueName\":\"search_term_string\"}}],\"inLanguage\":\"pt-BR\"},{\"@type\":\"Organization\",\"@id\":\"https:\\\/\\\/transamerica93.com.br\\\/home\\\/#organization\",\"name\":\"Transam\u00e9rica Mococa 93,3\",\"url\":\"https:\\\/\\\/transamerica93.com.br\\\/home\\\/\",\"logo\":{\"@type\":\"ImageObject\",\"inLanguage\":\"pt-BR\",\"@id\":\"https:\\\/\\\/transamerica93.com.br\\\/home\\\/#\\\/schema\\\/logo\\\/image\\\/\",\"url\":\"https:\\\/\\\/transamerica93.com.br\\\/home\\\/wp-content\\\/uploads\\\/2023\\\/10\\\/logo2.png\",\"contentUrl\":\"https:\\\/\\\/transamerica93.com.br\\\/home\\\/wp-content\\\/uploads\\\/2023\\\/10\\\/logo2.png\",\"width\":800,\"height\":500,\"caption\":\"Transam\u00e9rica Mococa 93,3\"},\"image\":{\"@id\":\"https:\\\/\\\/transamerica93.com.br\\\/home\\\/#\\\/schema\\\/logo\\\/image\\\/\"},\"sameAs\":[\"https:\\\/\\\/www.facebook.com\\\/transamericamococa\",\"https:\\\/\\\/x.com\\\/transamerica933\",\"https:\\\/\\\/www.instagram.com\\\/transamericamococa\"]},{\"@type\":\"Person\",\"@id\":\"https:\\\/\\\/transamerica93.com.br\\\/home\\\/#\\\/schema\\\/person\\\/7fed7c99c0d4562efa8561bc0f543172\",\"name\":\"Reda\u00e7\u00e3o\",\"image\":{\"@type\":\"ImageObject\",\"inLanguage\":\"pt-BR\",\"@id\":\"https:\\\/\\\/secure.gravatar.com\\\/avatar\\\/1072c6b775fb02ef8506ce967551d95926669a6b7d2c2147b42eea4d7c68395e?s=96&d=mm&r=g\",\"url\":\"https:\\\/\\\/secure.gravatar.com\\\/avatar\\\/1072c6b775fb02ef8506ce967551d95926669a6b7d2c2147b42eea4d7c68395e?s=96&d=mm&r=g\",\"contentUrl\":\"https:\\\/\\\/secure.gravatar.com\\\/avatar\\\/1072c6b775fb02ef8506ce967551d95926669a6b7d2c2147b42eea4d7c68395e?s=96&d=mm&r=g\",\"caption\":\"Reda\u00e7\u00e3o\"},\"sameAs\":[\"https:\\\/\\\/transamerica93.com.br\\\/home\"],\"url\":\"https:\\\/\\\/transamerica93.com.br\\\/home\\\/author\\\/william\\\/\"}]}<\/script>\n<!-- \/ Yoast SEO plugin. -->","yoast_head_json":{"title":"Fifa define \u00e1rbitros e inclui c\u00e2meras corporais no Mundial de Clubes - Transam\u00e9rica Mococa 93,3","robots":{"index":"index","follow":"follow","max-snippet":"max-snippet:-1","max-image-preview":"max-image-preview:large","max-video-preview":"max-video-preview:-1"},"canonical":"https:\/\/transamerica93.com.br\/home\/fifa-define-arbitros-e-inclui-cameras-corporais-no-mundial-de-clubes\/","og_locale":"pt_BR","og_type":"article","og_title":"Fifa define \u00e1rbitros e inclui c\u00e2meras corporais no Mundial de Clubes - Transam\u00e9rica Mococa 93,3","og_description":"A edi\u00e7\u00e3o inaugural do Super Mundial de Clubes da Fifa contar\u00e1 com um total de 35 \u00e1rbitros, entre eles estar\u00e3o o catarinense Ramon Abatti Abel e o goiano Wilton Pereira Sampaio. Al\u00e9m dos nomes divulgados nesta segunda-feira (14), a Fifa anunciou novidades como o uso de c\u00e2meras corporais pelos \u00e1rbitros e aplica\u00e7\u00e3o de regras mais &hellip;","og_url":"https:\/\/transamerica93.com.br\/home\/fifa-define-arbitros-e-inclui-cameras-corporais-no-mundial-de-clubes\/","og_site_name":"Transam\u00e9rica Mococa 93,3","article_publisher":"https:\/\/www.facebook.com\/transamericamococa","article_published_time":"2025-04-15T15:00:42+00:00","article_modified_time":"2025-04-18T12:41:37+00:00","og_image":[{"width":1170,"height":700,"url":"https:\/\/transamerica93.com.br\/home\/wp-content\/uploads\/2025\/04\/2-1.jpg","type":"image\/jpeg"}],"author":"Reda\u00e7\u00e3o","twitter_card":"summary_large_image","twitter_creator":"@transamerica933","twitter_site":"@transamerica933","twitter_misc":{"Escrito por":"Reda\u00e7\u00e3o","Est. tempo de leitura":"3 minutos"},"schema":{"@context":"https:\/\/schema.org","@graph":[{"@type":"Article","@id":"https:\/\/transamerica93.com.br\/home\/fifa-define-arbitros-e-inclui-cameras-corporais-no-mundial-de-clubes\/#article","isPartOf":{"@id":"https:\/\/transamerica93.com.br\/home\/fifa-define-arbitros-e-inclui-cameras-corporais-no-mundial-de-clubes\/"},"author":{"name":"Reda\u00e7\u00e3o","@id":"https:\/\/transamerica93.com.br\/home\/#\/schema\/person\/7fed7c99c0d4562efa8561bc0f543172"},"headline":"Fifa define \u00e1rbitros e inclui c\u00e2meras corporais no Mundial de Clubes","datePublished":"2025-04-15T15:00:42+00:00","dateModified":"2025-04-18T12:41:37+00:00","mainEntityOfPage":{"@id":"https:\/\/transamerica93.com.br\/home\/fifa-define-arbitros-e-inclui-cameras-corporais-no-mundial-de-clubes\/"},"wordCount":423,"publisher":{"@id":"https:\/\/transamerica93.com.br\/home\/#organization"},"image":{"@id":"https:\/\/transamerica93.com.br\/home\/fifa-define-arbitros-e-inclui-cameras-corporais-no-mundial-de-clubes\/#primaryimage"},"thumbnailUrl":"https:\/\/transamerica93.com.br\/home\/wp-content\/uploads\/2025\/04\/2-1.jpg","articleSection":["Esportes"],"inLanguage":"pt-BR"},{"@type":"WebPage","@id":"https:\/\/transamerica93.com.br\/home\/fifa-define-arbitros-e-inclui-cameras-corporais-no-mundial-de-clubes\/","url":"https:\/\/transamerica93.com.br\/home\/fifa-define-arbitros-e-inclui-cameras-corporais-no-mundial-de-clubes\/","name":"Fifa define \u00e1rbitros e inclui c\u00e2meras corporais no Mundial de Clubes - Transam\u00e9rica Mococa 93,3","isPartOf":{"@id":"https:\/\/transamerica93.com.br\/home\/#website"},"primaryImageOfPage":{"@id":"https:\/\/transamerica93.com.br\/home\/fifa-define-arbitros-e-inclui-cameras-corporais-no-mundial-de-clubes\/#primaryimage"},"image":{"@id":"https:\/\/transamerica93.com.br\/home\/fifa-define-arbitros-e-inclui-cameras-corporais-no-mundial-de-clubes\/#primaryimage"},"thumbnailUrl":"https:\/\/transamerica93.com.br\/home\/wp-content\/uploads\/2025\/04\/2-1.jpg","datePublished":"2025-04-15T15:00:42+00:00","dateModified":"2025-04-18T12:41:37+00:00","breadcrumb":{"@id":"https:\/\/transamerica93.com.br\/home\/fifa-define-arbitros-e-inclui-cameras-corporais-no-mundial-de-clubes\/#breadcrumb"},"inLanguage":"pt-BR","potentialAction":[{"@type":"ReadAction","target":["https:\/\/transamerica93.com.br\/home\/fifa-define-arbitros-e-inclui-cameras-corporais-no-mundial-de-clubes\/"]}]},{"@type":"ImageObject","inLanguage":"pt-BR","@id":"https:\/\/transamerica93.com.br\/home\/fifa-define-arbitros-e-inclui-cameras-corporais-no-mundial-de-clubes\/#primaryimage","url":"https:\/\/transamerica93.com.br\/home\/wp-content\/uploads\/2025\/04\/2-1.jpg","contentUrl":"https:\/\/transamerica93.com.br\/home\/wp-content\/uploads\/2025\/04\/2-1.jpg","width":1170,"height":700,"caption":"\u00a9 Cesar Greco\/Ag Palmeiras\/Direitos reservados"},{"@type":"BreadcrumbList","@id":"https:\/\/transamerica93.com.br\/home\/fifa-define-arbitros-e-inclui-cameras-corporais-no-mundial-de-clubes\/#breadcrumb","itemListElement":[{"@type":"ListItem","position":1,"name":"In\u00edcio","item":"https:\/\/transamerica93.com.br\/home\/"},{"@type":"ListItem","position":2,"name":"Fifa define \u00e1rbitros e inclui c\u00e2meras corporais no Mundial de Clubes"}]},{"@type":"WebSite","@id":"https:\/\/transamerica93.com.br\/home\/#website","url":"https:\/\/transamerica93.com.br\/home\/","name":"Transam\u00e9rica Mococa 93,3","description":"","publisher":{"@id":"https:\/\/transamerica93.com.br\/home\/#organization"},"potentialAction":[{"@type":"SearchAction","target":{"@type":"EntryPoint","urlTemplate":"https:\/\/transamerica93.com.br\/home\/?s={search_term_string}"},"query-input":{"@type":"PropertyValueSpecification","valueRequired":true,"valueName":"search_term_string"}}],"inLanguage":"pt-BR"},{"@type":"Organization","@id":"https:\/\/transamerica93.com.br\/home\/#organization","name":"Transam\u00e9rica Mococa 93,3","url":"https:\/\/transamerica93.com.br\/home\/","logo":{"@type":"ImageObject","inLanguage":"pt-BR","@id":"https:\/\/transamerica93.com.br\/home\/#\/schema\/logo\/image\/","url":"https:\/\/transamerica93.com.br\/home\/wp-content\/uploads\/2023\/10\/logo2.png","contentUrl":"https:\/\/transamerica93.com.br\/home\/wp-content\/uploads\/2023\/10\/logo2.png","width":800,"height":500,"caption":"Transam\u00e9rica Mococa 93,3"},"image":{"@id":"https:\/\/transamerica93.com.br\/home\/#\/schema\/logo\/image\/"},"sameAs":["https:\/\/www.facebook.com\/transamericamococa","https:\/\/x.com\/transamerica933","https:\/\/www.instagram.com\/transamericamococa"]},{"@type":"Person","@id":"https:\/\/transamerica93.com.br\/home\/#\/schema\/person\/7fed7c99c0d4562efa8561bc0f543172","name":"Reda\u00e7\u00e3o","image":{"@type":"ImageObject","inLanguage":"pt-BR","@id":"https:\/\/secure.gravatar.com\/avatar\/1072c6b775fb02ef8506ce967551d95926669a6b7d2c2147b42eea4d7c68395e?s=96&d=mm&r=g","url":"https:\/\/secure.gravatar.com\/avatar\/1072c6b775fb02ef8506ce967551d95926669a6b7d2c2147b42eea4d7c68395e?s=96&d=mm&r=g","contentUrl":"https:\/\/secure.gravatar.com\/avatar\/1072c6b775fb02ef8506ce967551d95926669a6b7d2c2147b42eea4d7c68395e?s=96&d=mm&r=g","caption":"Reda\u00e7\u00e3o"},"sameAs":["https:\/\/transamerica93.com.br\/home"],"url":"https:\/\/transamerica93.com.br\/home\/author\/william\/"}]}},"_links":{"self":[{"href":"https:\/\/transamerica93.com.br\/home\/wp-json\/wp\/v2\/posts\/5160","targetHints":{"allow":["GET"]}}],"collection":[{"href":"https:\/\/transamerica93.com.br\/home\/wp-json\/wp\/v2\/posts"}],"about":[{"href":"https:\/\/transamerica93.com.br\/home\/wp-json\/wp\/v2\/types\/post"}],"author":[{"embeddable":true,"href":"https:\/\/transamerica93.com.br\/home\/wp-json\/wp\/v2\/users\/1"}],"replies":[{"embeddable":true,"href":"https:\/\/transamerica93.com.br\/home\/wp-json\/wp\/v2\/comments?post=5160"}],"version-history":[{"count":1,"href":"https:\/\/transamerica93.com.br\/home\/wp-json\/wp\/v2\/posts\/5160\/revisions"}],"predecessor-version":[{"id":5161,"href":"https:\/\/transamerica93.com.br\/home\/wp-json\/wp\/v2\/posts\/5160\/revisions\/5161"}],"wp:featuredmedia":[{"embeddable":true,"href":"https:\/\/transamerica93.com.br\/home\/wp-json\/wp\/v2\/media\/5154"}],"wp:attachment":[{"href":"https:\/\/transamerica93.com.br\/home\/wp-json\/wp\/v2\/media?parent=5160"}],"wp:term":[{"taxonomy":"category","embeddable":true,"href":"https:\/\/transamerica93.com.br\/home\/wp-json\/wp\/v2\/categories?post=5160"},{"taxonomy":"post_tag","embeddable":true,"href":"https:\/\/transamerica93.com.br\/home\/wp-json\/wp\/v2\/tags?post=5160"}],"curies":[{"name":"wp","href":"https:\/\/api.w.org\/{rel}","templated":true}]}}