{"id":5164,"date":"2025-04-17T12:00:53","date_gmt":"2025-04-17T15:00:53","guid":{"rendered":"https:\/\/transamerica93.com.br\/home\/?p=5164"},"modified":"2025-04-18T09:43:48","modified_gmt":"2025-04-18T12:43:48","slug":"primeira-selecao-feminina-de-futebol-do-brasil-e-tema-de-documentario","status":"publish","type":"post","link":"https:\/\/transamerica93.com.br\/home\/primeira-selecao-feminina-de-futebol-do-brasil-e-tema-de-documentario\/","title":{"rendered":"Primeira sele\u00e7\u00e3o feminina de futebol do Brasil \u00e9 tema de document\u00e1rio"},"content":{"rendered":"<div class=\"conteudo-noticia\">\n<p>Est\u00e1 em cartaz nesta semana nos cinemas o\u00a0filme \u201cAs Primeiras\u201d, que traz um tema pouco conhecido pelo p\u00fablico brasileiro. O document\u00e1rio, dirigido por Adriana Ya\u00f1ez, conta\u00a0hist\u00f3rias das mulheres que formaram a base da primeira Sele\u00e7\u00e3o Feminina de Futebol do Brasil, nos anos 1980. O filme inclui\u00a0depoimentos de seis ex-jogadoras.<img decoding=\"async\" data-src=\"https:\/\/agenciabrasil.ebc.com.br\/ebc.png?id=1639066&amp;o=node\" src=\"data:image\/svg+xml;base64,PHN2ZyB3aWR0aD0iMSIgaGVpZ2h0PSIxIiB4bWxucz0iaHR0cDovL3d3dy53My5vcmcvMjAwMC9zdmciPjwvc3ZnPg==\" class=\"lazyload\" \/><img decoding=\"async\" data-src=\"https:\/\/agenciabrasil.ebc.com.br\/ebc.gif?id=1639066&amp;o=node\" src=\"data:image\/svg+xml;base64,PHN2ZyB3aWR0aD0iMSIgaGVpZ2h0PSIxIiB4bWxucz0iaHR0cDovL3d3dy53My5vcmcvMjAwMC9zdmciPjwvc3ZnPg==\" class=\"lazyload\" \/><\/p>\n<p><strong>Quando Elane dos Santos, Leda Maria, Maria Lucia da Silva, Marilza Martins, Marisa Pires, Roseli de Belo e Rosilane Camargo come\u00e7aram a jogar, o esporte era proibido para mulheres. O futebol feminino foi regulamentado no Brasil apenas em 1983, ap\u00f3s mais de 40 anos de proibi\u00e7\u00e3o. Em 1941, um decreto do Estado Novo impediu que mulheres praticassem esportes.<\/strong><\/p>\n<p>Aira Bonfim, respons\u00e1vel pela pesquisa do filme, aponta uma semelhan\u00e7a comum entre as gera\u00e7\u00f5es das jogadoras que vieram antes das que jogaram depois da proibi\u00e7\u00e3o:<\/p>\n<blockquote><p>\u201cEsse grupo de pioneiras que a gente escolheu, elas habitam os mesmos bairros suburbanos cariocas em que essas equipes apareceram na d\u00e9cada de 40. Ent\u00e3o, \u00e9 quase que uma retomada, elas reaparecem nesses mesmos terrenos. O\u00a0filme faz essa rela\u00e7\u00e3o desse ambiente, dessa periferia carioca\u201d.<\/p><\/blockquote>\n<p><strong>Agora, o document\u00e1rio\u00a0traz os depoimentos dessas mulheres pioneiras que vivem nos sub\u00farbios do Rio de Janeiro, est\u00e3o perto dos 60 anos e guardam um passado comum: s\u00e3o a base da primeira Sele\u00e7\u00e3o Feminina de Futebol do Brasil.<\/strong><\/p>\n<div class=\"dnd-widget-wrapper context-cheio_8colunas type-image\">\n<div class=\"dnd-atom-rendered\"><img decoding=\"async\" title=\"Imagens cedidas pela Ol\u00e9 Produ\u00e7\u00f5es\" data-src=\"https:\/\/imagens.ebc.com.br\/o1xR7Fh-YLSoI-afIyXYC6oe8O4=\/754x0\/smart\/https:\/\/agenciabrasil.ebc.com.br\/sites\/default\/files\/thumbnails\/image\/2025\/04\/14\/as_primeiras_-_credito_ole_producoes_3.jpg?itok=rOug_xcy\" alt=\"fotografia da primeira sele\u00e7\u00e3o brasileira feminina de futebol\nImagens cedidas pela Ol\u00e9 Produ\u00e7\u00f5es \" src=\"data:image\/svg+xml;base64,PHN2ZyB3aWR0aD0iMSIgaGVpZ2h0PSIxIiB4bWxucz0iaHR0cDovL3d3dy53My5vcmcvMjAwMC9zdmciPjwvc3ZnPg==\" class=\"lazyload\" \/><\/div>\n<div class=\"dnd-caption-wrapper\">\n<div class=\"meta\">Primeira sele\u00e7\u00e3o brasileira feminina de futebol \u00e9 mostrada em document\u00e1rio &#8211; Imagem\u00a0cedida\u00a0pela Ol\u00e9 Produ\u00e7\u00f5es<\/div>\n<div><\/div>\n<\/div>\n<\/div>\n<p>Leda Maria Abreu, de 59 anos,\u00a0 moradora de Itabora\u00ed, na regi\u00e3o metropolitana do Rio, esteve em campo profissionalmente por 26 anos. Ela conta que tinha 17 anos quando foi cabe\u00e7a de \u00e1rea na primeira sele\u00e7\u00e3o feminina.<\/p>\n<blockquote><p>\u201cTrazer uma visibilidade pra gente, porque tivemos\u00a0o\u00a0apagamento de uma gera\u00e7\u00e3o inteira, e mostrar o quanto lutamos, o quanto a gente sofreu para estar dentro dos campos, contra tudo e contra todos.\u00a0Conseguimos, por meio\u00a0do filme, trazer essa amizade que nos unia, atravessando as barreiras todas desse per\u00edodo em que jogamos futebol\u201d.<\/p><\/blockquote>\n<p>Nessa \u00e9poca, o retorno financeiro foi baixo, e elas tiveram de buscar novos caminhos e novos sentidos para a rotina, depois que a vida dentro do campo foi interrompida.<\/p>\n<p><strong>Para a diretora do filme, Adriana Ia\u00f1ez, o document\u00e1rio faz um resgate hist\u00f3rico sobre a amizade feminina, a mem\u00f3ria do futebol das brasileiras e a capacidade dessas mulheres de reconstruir suas vidas, apesar das injusti\u00e7as que sofreram.<\/strong><\/p>\n<blockquote><p>\u201cQuase quatro d\u00e9cadas depois, elas continuam nas mesmas comunidades, vivendo de trabalhos informais, mas, mesmo assim, t\u00eam uma for\u00e7a, uma esperan\u00e7a e, ao mesmo tempo, orgulho e alegria pela\u00a0hist\u00f3ria que tiveram, de ter tido a oportunidade de jogar futebol e se conhecer. \u00c9 muito bonito ver a for\u00e7a da amizade feminina e a resili\u00eancia dessas mulheres\u201d.<\/p><\/blockquote>\n<p>De tempos em tempos, as ex-atletas se reencontram para jogar uma boa partida e botar o papo em dia.<\/p>\n<p><strong>O filme est\u00e1 em cartaz em salas de cinemas de\u00a0S\u00e3o Paulo e do Rio de Janeiro. A partir do dia 17 de abril, \u201cAs Primeiras\u201d ficar\u00e1 dispon\u00edvel no servi\u00e7o de\u00a0<em>streaming<\/em>.<\/strong><\/p>\n<div class=\"noticias-relacionadas rel-position rowflex\">\n<div class=\"titulo-noticia-relacionada\">Reino Unido deve sediar Copa do Mundo de futebol feminino em 2035<\/div>\n<div><\/div>\n<\/div>\n<\/div>\n<div class=\"footer-noticia\">\n<div class=\"editor rowflex\">Edi\u00e7\u00e3o: Bianca Paiva e Rafael Guimar\u00e3es<\/div>\n<\/div>\n","protected":false},"excerpt":{"rendered":"<p>Est\u00e1 em cartaz nesta semana nos cinemas o\u00a0filme \u201cAs Primeiras\u201d, que traz um tema pouco conhecido pelo p\u00fablico brasileiro. O document\u00e1rio, dirigido por Adriana Ya\u00f1ez, conta\u00a0hist\u00f3rias das mulheres que formaram a base da primeira Sele\u00e7\u00e3o Feminina de Futebol do Brasil, nos anos 1980. O filme inclui\u00a0depoimentos de seis ex-jogadoras. Quando Elane dos Santos, Leda Maria, &hellip;<\/p>\n","protected":false},"author":1,"featured_media":5156,"comment_status":"closed","ping_status":"closed","sticky":false,"template":"","format":"standard","meta":{"footnotes":""},"categories":[31],"tags":[],"class_list":["post-5164","post","type-post","status-publish","format-standard","has-post-thumbnail","hentry","category-esportes"],"yoast_head":"<!-- This site is optimized with the Yoast SEO plugin v27.4 - https:\/\/yoast.com\/product\/yoast-seo-wordpress\/ -->\n<title>Primeira sele\u00e7\u00e3o feminina de futebol do Brasil \u00e9 tema de document\u00e1rio - Transam\u00e9rica Mococa 93,3<\/title>\n<meta name=\"robots\" content=\"index, follow, max-snippet:-1, max-image-preview:large, max-video-preview:-1\" \/>\n<link rel=\"canonical\" href=\"https:\/\/transamerica93.com.br\/home\/primeira-selecao-feminina-de-futebol-do-brasil-e-tema-de-documentario\/\" \/>\n<meta property=\"og:locale\" content=\"pt_BR\" \/>\n<meta property=\"og:type\" content=\"article\" \/>\n<meta property=\"og:title\" content=\"Primeira sele\u00e7\u00e3o feminina de futebol do Brasil \u00e9 tema de document\u00e1rio - Transam\u00e9rica Mococa 93,3\" \/>\n<meta property=\"og:description\" content=\"Est\u00e1 em cartaz nesta semana nos cinemas o\u00a0filme \u201cAs Primeiras\u201d, que traz um tema pouco conhecido pelo p\u00fablico brasileiro. O document\u00e1rio, dirigido por Adriana Ya\u00f1ez, conta\u00a0hist\u00f3rias das mulheres que formaram a base da primeira Sele\u00e7\u00e3o Feminina de Futebol do Brasil, nos anos 1980. O filme inclui\u00a0depoimentos de seis ex-jogadoras. Quando Elane dos Santos, Leda Maria, &hellip;\" \/>\n<meta property=\"og:url\" content=\"https:\/\/transamerica93.com.br\/home\/primeira-selecao-feminina-de-futebol-do-brasil-e-tema-de-documentario\/\" \/>\n<meta property=\"og:site_name\" content=\"Transam\u00e9rica Mococa 93,3\" \/>\n<meta property=\"article:publisher\" content=\"https:\/\/www.facebook.com\/transamericamococa\" \/>\n<meta property=\"article:published_time\" content=\"2025-04-17T15:00:53+00:00\" \/>\n<meta property=\"article:modified_time\" content=\"2025-04-18T12:43:48+00:00\" \/>\n<meta property=\"og:image\" content=\"https:\/\/transamerica93.com.br\/home\/wp-content\/uploads\/2025\/04\/4-1.jpg\" \/>\n\t<meta property=\"og:image:width\" content=\"1170\" \/>\n\t<meta property=\"og:image:height\" content=\"700\" \/>\n\t<meta property=\"og:image:type\" content=\"image\/jpeg\" \/>\n<meta name=\"author\" content=\"Reda\u00e7\u00e3o\" \/>\n<meta name=\"twitter:card\" content=\"summary_large_image\" \/>\n<meta name=\"twitter:creator\" content=\"@transamerica933\" \/>\n<meta name=\"twitter:site\" content=\"@transamerica933\" \/>\n<meta name=\"twitter:label1\" content=\"Escrito por\" \/>\n\t<meta name=\"twitter:data1\" content=\"Reda\u00e7\u00e3o\" \/>\n\t<meta name=\"twitter:label2\" content=\"Est. tempo de leitura\" \/>\n\t<meta name=\"twitter:data2\" content=\"3 minutos\" \/>\n<script type=\"application\/ld+json\" class=\"yoast-schema-graph\">{\"@context\":\"https:\\\/\\\/schema.org\",\"@graph\":[{\"@type\":\"Article\",\"@id\":\"https:\\\/\\\/transamerica93.com.br\\\/home\\\/primeira-selecao-feminina-de-futebol-do-brasil-e-tema-de-documentario\\\/#article\",\"isPartOf\":{\"@id\":\"https:\\\/\\\/transamerica93.com.br\\\/home\\\/primeira-selecao-feminina-de-futebol-do-brasil-e-tema-de-documentario\\\/\"},\"author\":{\"name\":\"Reda\u00e7\u00e3o\",\"@id\":\"https:\\\/\\\/transamerica93.com.br\\\/home\\\/#\\\/schema\\\/person\\\/7fed7c99c0d4562efa8561bc0f543172\"},\"headline\":\"Primeira sele\u00e7\u00e3o feminina de futebol do Brasil \u00e9 tema de document\u00e1rio\",\"datePublished\":\"2025-04-17T15:00:53+00:00\",\"dateModified\":\"2025-04-18T12:43:48+00:00\",\"mainEntityOfPage\":{\"@id\":\"https:\\\/\\\/transamerica93.com.br\\\/home\\\/primeira-selecao-feminina-de-futebol-do-brasil-e-tema-de-documentario\\\/\"},\"wordCount\":559,\"publisher\":{\"@id\":\"https:\\\/\\\/transamerica93.com.br\\\/home\\\/#organization\"},\"image\":{\"@id\":\"https:\\\/\\\/transamerica93.com.br\\\/home\\\/primeira-selecao-feminina-de-futebol-do-brasil-e-tema-de-documentario\\\/#primaryimage\"},\"thumbnailUrl\":\"https:\\\/\\\/transamerica93.com.br\\\/home\\\/wp-content\\\/uploads\\\/2025\\\/04\\\/4-1.jpg\",\"articleSection\":[\"Esportes\"],\"inLanguage\":\"pt-BR\"},{\"@type\":\"WebPage\",\"@id\":\"https:\\\/\\\/transamerica93.com.br\\\/home\\\/primeira-selecao-feminina-de-futebol-do-brasil-e-tema-de-documentario\\\/\",\"url\":\"https:\\\/\\\/transamerica93.com.br\\\/home\\\/primeira-selecao-feminina-de-futebol-do-brasil-e-tema-de-documentario\\\/\",\"name\":\"Primeira sele\u00e7\u00e3o feminina de futebol do Brasil \u00e9 tema de document\u00e1rio - Transam\u00e9rica Mococa 93,3\",\"isPartOf\":{\"@id\":\"https:\\\/\\\/transamerica93.com.br\\\/home\\\/#website\"},\"primaryImageOfPage\":{\"@id\":\"https:\\\/\\\/transamerica93.com.br\\\/home\\\/primeira-selecao-feminina-de-futebol-do-brasil-e-tema-de-documentario\\\/#primaryimage\"},\"image\":{\"@id\":\"https:\\\/\\\/transamerica93.com.br\\\/home\\\/primeira-selecao-feminina-de-futebol-do-brasil-e-tema-de-documentario\\\/#primaryimage\"},\"thumbnailUrl\":\"https:\\\/\\\/transamerica93.com.br\\\/home\\\/wp-content\\\/uploads\\\/2025\\\/04\\\/4-1.jpg\",\"datePublished\":\"2025-04-17T15:00:53+00:00\",\"dateModified\":\"2025-04-18T12:43:48+00:00\",\"breadcrumb\":{\"@id\":\"https:\\\/\\\/transamerica93.com.br\\\/home\\\/primeira-selecao-feminina-de-futebol-do-brasil-e-tema-de-documentario\\\/#breadcrumb\"},\"inLanguage\":\"pt-BR\",\"potentialAction\":[{\"@type\":\"ReadAction\",\"target\":[\"https:\\\/\\\/transamerica93.com.br\\\/home\\\/primeira-selecao-feminina-de-futebol-do-brasil-e-tema-de-documentario\\\/\"]}]},{\"@type\":\"ImageObject\",\"inLanguage\":\"pt-BR\",\"@id\":\"https:\\\/\\\/transamerica93.com.br\\\/home\\\/primeira-selecao-feminina-de-futebol-do-brasil-e-tema-de-documentario\\\/#primaryimage\",\"url\":\"https:\\\/\\\/transamerica93.com.br\\\/home\\\/wp-content\\\/uploads\\\/2025\\\/04\\\/4-1.jpg\",\"contentUrl\":\"https:\\\/\\\/transamerica93.com.br\\\/home\\\/wp-content\\\/uploads\\\/2025\\\/04\\\/4-1.jpg\",\"width\":1170,\"height\":700,\"caption\":\"\u00a9 Imagens cedidas pela Ol\u00e9 Produ\u00e7\u00f5es\"},{\"@type\":\"BreadcrumbList\",\"@id\":\"https:\\\/\\\/transamerica93.com.br\\\/home\\\/primeira-selecao-feminina-de-futebol-do-brasil-e-tema-de-documentario\\\/#breadcrumb\",\"itemListElement\":[{\"@type\":\"ListItem\",\"position\":1,\"name\":\"In\u00edcio\",\"item\":\"https:\\\/\\\/transamerica93.com.br\\\/home\\\/\"},{\"@type\":\"ListItem\",\"position\":2,\"name\":\"Primeira sele\u00e7\u00e3o feminina de futebol do Brasil \u00e9 tema de document\u00e1rio\"}]},{\"@type\":\"WebSite\",\"@id\":\"https:\\\/\\\/transamerica93.com.br\\\/home\\\/#website\",\"url\":\"https:\\\/\\\/transamerica93.com.br\\\/home\\\/\",\"name\":\"Transam\u00e9rica Mococa 93,3\",\"description\":\"\",\"publisher\":{\"@id\":\"https:\\\/\\\/transamerica93.com.br\\\/home\\\/#organization\"},\"potentialAction\":[{\"@type\":\"SearchAction\",\"target\":{\"@type\":\"EntryPoint\",\"urlTemplate\":\"https:\\\/\\\/transamerica93.com.br\\\/home\\\/?s={search_term_string}\"},\"query-input\":{\"@type\":\"PropertyValueSpecification\",\"valueRequired\":true,\"valueName\":\"search_term_string\"}}],\"inLanguage\":\"pt-BR\"},{\"@type\":\"Organization\",\"@id\":\"https:\\\/\\\/transamerica93.com.br\\\/home\\\/#organization\",\"name\":\"Transam\u00e9rica Mococa 93,3\",\"url\":\"https:\\\/\\\/transamerica93.com.br\\\/home\\\/\",\"logo\":{\"@type\":\"ImageObject\",\"inLanguage\":\"pt-BR\",\"@id\":\"https:\\\/\\\/transamerica93.com.br\\\/home\\\/#\\\/schema\\\/logo\\\/image\\\/\",\"url\":\"https:\\\/\\\/transamerica93.com.br\\\/home\\\/wp-content\\\/uploads\\\/2023\\\/10\\\/logo2.png\",\"contentUrl\":\"https:\\\/\\\/transamerica93.com.br\\\/home\\\/wp-content\\\/uploads\\\/2023\\\/10\\\/logo2.png\",\"width\":800,\"height\":500,\"caption\":\"Transam\u00e9rica Mococa 93,3\"},\"image\":{\"@id\":\"https:\\\/\\\/transamerica93.com.br\\\/home\\\/#\\\/schema\\\/logo\\\/image\\\/\"},\"sameAs\":[\"https:\\\/\\\/www.facebook.com\\\/transamericamococa\",\"https:\\\/\\\/x.com\\\/transamerica933\",\"https:\\\/\\\/www.instagram.com\\\/transamericamococa\"]},{\"@type\":\"Person\",\"@id\":\"https:\\\/\\\/transamerica93.com.br\\\/home\\\/#\\\/schema\\\/person\\\/7fed7c99c0d4562efa8561bc0f543172\",\"name\":\"Reda\u00e7\u00e3o\",\"image\":{\"@type\":\"ImageObject\",\"inLanguage\":\"pt-BR\",\"@id\":\"https:\\\/\\\/secure.gravatar.com\\\/avatar\\\/1072c6b775fb02ef8506ce967551d95926669a6b7d2c2147b42eea4d7c68395e?s=96&d=mm&r=g\",\"url\":\"https:\\\/\\\/secure.gravatar.com\\\/avatar\\\/1072c6b775fb02ef8506ce967551d95926669a6b7d2c2147b42eea4d7c68395e?s=96&d=mm&r=g\",\"contentUrl\":\"https:\\\/\\\/secure.gravatar.com\\\/avatar\\\/1072c6b775fb02ef8506ce967551d95926669a6b7d2c2147b42eea4d7c68395e?s=96&d=mm&r=g\",\"caption\":\"Reda\u00e7\u00e3o\"},\"sameAs\":[\"https:\\\/\\\/transamerica93.com.br\\\/home\"],\"url\":\"https:\\\/\\\/transamerica93.com.br\\\/home\\\/author\\\/william\\\/\"}]}<\/script>\n<!-- \/ Yoast SEO plugin. -->","yoast_head_json":{"title":"Primeira sele\u00e7\u00e3o feminina de futebol do Brasil \u00e9 tema de document\u00e1rio - Transam\u00e9rica Mococa 93,3","robots":{"index":"index","follow":"follow","max-snippet":"max-snippet:-1","max-image-preview":"max-image-preview:large","max-video-preview":"max-video-preview:-1"},"canonical":"https:\/\/transamerica93.com.br\/home\/primeira-selecao-feminina-de-futebol-do-brasil-e-tema-de-documentario\/","og_locale":"pt_BR","og_type":"article","og_title":"Primeira sele\u00e7\u00e3o feminina de futebol do Brasil \u00e9 tema de document\u00e1rio - Transam\u00e9rica Mococa 93,3","og_description":"Est\u00e1 em cartaz nesta semana nos cinemas o\u00a0filme \u201cAs Primeiras\u201d, que traz um tema pouco conhecido pelo p\u00fablico brasileiro. O document\u00e1rio, dirigido por Adriana Ya\u00f1ez, conta\u00a0hist\u00f3rias das mulheres que formaram a base da primeira Sele\u00e7\u00e3o Feminina de Futebol do Brasil, nos anos 1980. O filme inclui\u00a0depoimentos de seis ex-jogadoras. Quando Elane dos Santos, Leda Maria, &hellip;","og_url":"https:\/\/transamerica93.com.br\/home\/primeira-selecao-feminina-de-futebol-do-brasil-e-tema-de-documentario\/","og_site_name":"Transam\u00e9rica Mococa 93,3","article_publisher":"https:\/\/www.facebook.com\/transamericamococa","article_published_time":"2025-04-17T15:00:53+00:00","article_modified_time":"2025-04-18T12:43:48+00:00","og_image":[{"width":1170,"height":700,"url":"https:\/\/transamerica93.com.br\/home\/wp-content\/uploads\/2025\/04\/4-1.jpg","type":"image\/jpeg"}],"author":"Reda\u00e7\u00e3o","twitter_card":"summary_large_image","twitter_creator":"@transamerica933","twitter_site":"@transamerica933","twitter_misc":{"Escrito por":"Reda\u00e7\u00e3o","Est. tempo de leitura":"3 minutos"},"schema":{"@context":"https:\/\/schema.org","@graph":[{"@type":"Article","@id":"https:\/\/transamerica93.com.br\/home\/primeira-selecao-feminina-de-futebol-do-brasil-e-tema-de-documentario\/#article","isPartOf":{"@id":"https:\/\/transamerica93.com.br\/home\/primeira-selecao-feminina-de-futebol-do-brasil-e-tema-de-documentario\/"},"author":{"name":"Reda\u00e7\u00e3o","@id":"https:\/\/transamerica93.com.br\/home\/#\/schema\/person\/7fed7c99c0d4562efa8561bc0f543172"},"headline":"Primeira sele\u00e7\u00e3o feminina de futebol do Brasil \u00e9 tema de document\u00e1rio","datePublished":"2025-04-17T15:00:53+00:00","dateModified":"2025-04-18T12:43:48+00:00","mainEntityOfPage":{"@id":"https:\/\/transamerica93.com.br\/home\/primeira-selecao-feminina-de-futebol-do-brasil-e-tema-de-documentario\/"},"wordCount":559,"publisher":{"@id":"https:\/\/transamerica93.com.br\/home\/#organization"},"image":{"@id":"https:\/\/transamerica93.com.br\/home\/primeira-selecao-feminina-de-futebol-do-brasil-e-tema-de-documentario\/#primaryimage"},"thumbnailUrl":"https:\/\/transamerica93.com.br\/home\/wp-content\/uploads\/2025\/04\/4-1.jpg","articleSection":["Esportes"],"inLanguage":"pt-BR"},{"@type":"WebPage","@id":"https:\/\/transamerica93.com.br\/home\/primeira-selecao-feminina-de-futebol-do-brasil-e-tema-de-documentario\/","url":"https:\/\/transamerica93.com.br\/home\/primeira-selecao-feminina-de-futebol-do-brasil-e-tema-de-documentario\/","name":"Primeira sele\u00e7\u00e3o feminina de futebol do Brasil \u00e9 tema de document\u00e1rio - Transam\u00e9rica Mococa 93,3","isPartOf":{"@id":"https:\/\/transamerica93.com.br\/home\/#website"},"primaryImageOfPage":{"@id":"https:\/\/transamerica93.com.br\/home\/primeira-selecao-feminina-de-futebol-do-brasil-e-tema-de-documentario\/#primaryimage"},"image":{"@id":"https:\/\/transamerica93.com.br\/home\/primeira-selecao-feminina-de-futebol-do-brasil-e-tema-de-documentario\/#primaryimage"},"thumbnailUrl":"https:\/\/transamerica93.com.br\/home\/wp-content\/uploads\/2025\/04\/4-1.jpg","datePublished":"2025-04-17T15:00:53+00:00","dateModified":"2025-04-18T12:43:48+00:00","breadcrumb":{"@id":"https:\/\/transamerica93.com.br\/home\/primeira-selecao-feminina-de-futebol-do-brasil-e-tema-de-documentario\/#breadcrumb"},"inLanguage":"pt-BR","potentialAction":[{"@type":"ReadAction","target":["https:\/\/transamerica93.com.br\/home\/primeira-selecao-feminina-de-futebol-do-brasil-e-tema-de-documentario\/"]}]},{"@type":"ImageObject","inLanguage":"pt-BR","@id":"https:\/\/transamerica93.com.br\/home\/primeira-selecao-feminina-de-futebol-do-brasil-e-tema-de-documentario\/#primaryimage","url":"https:\/\/transamerica93.com.br\/home\/wp-content\/uploads\/2025\/04\/4-1.jpg","contentUrl":"https:\/\/transamerica93.com.br\/home\/wp-content\/uploads\/2025\/04\/4-1.jpg","width":1170,"height":700,"caption":"\u00a9 Imagens cedidas pela Ol\u00e9 Produ\u00e7\u00f5es"},{"@type":"BreadcrumbList","@id":"https:\/\/transamerica93.com.br\/home\/primeira-selecao-feminina-de-futebol-do-brasil-e-tema-de-documentario\/#breadcrumb","itemListElement":[{"@type":"ListItem","position":1,"name":"In\u00edcio","item":"https:\/\/transamerica93.com.br\/home\/"},{"@type":"ListItem","position":2,"name":"Primeira sele\u00e7\u00e3o feminina de futebol do Brasil \u00e9 tema de document\u00e1rio"}]},{"@type":"WebSite","@id":"https:\/\/transamerica93.com.br\/home\/#website","url":"https:\/\/transamerica93.com.br\/home\/","name":"Transam\u00e9rica Mococa 93,3","description":"","publisher":{"@id":"https:\/\/transamerica93.com.br\/home\/#organization"},"potentialAction":[{"@type":"SearchAction","target":{"@type":"EntryPoint","urlTemplate":"https:\/\/transamerica93.com.br\/home\/?s={search_term_string}"},"query-input":{"@type":"PropertyValueSpecification","valueRequired":true,"valueName":"search_term_string"}}],"inLanguage":"pt-BR"},{"@type":"Organization","@id":"https:\/\/transamerica93.com.br\/home\/#organization","name":"Transam\u00e9rica Mococa 93,3","url":"https:\/\/transamerica93.com.br\/home\/","logo":{"@type":"ImageObject","inLanguage":"pt-BR","@id":"https:\/\/transamerica93.com.br\/home\/#\/schema\/logo\/image\/","url":"https:\/\/transamerica93.com.br\/home\/wp-content\/uploads\/2023\/10\/logo2.png","contentUrl":"https:\/\/transamerica93.com.br\/home\/wp-content\/uploads\/2023\/10\/logo2.png","width":800,"height":500,"caption":"Transam\u00e9rica Mococa 93,3"},"image":{"@id":"https:\/\/transamerica93.com.br\/home\/#\/schema\/logo\/image\/"},"sameAs":["https:\/\/www.facebook.com\/transamericamococa","https:\/\/x.com\/transamerica933","https:\/\/www.instagram.com\/transamericamococa"]},{"@type":"Person","@id":"https:\/\/transamerica93.com.br\/home\/#\/schema\/person\/7fed7c99c0d4562efa8561bc0f543172","name":"Reda\u00e7\u00e3o","image":{"@type":"ImageObject","inLanguage":"pt-BR","@id":"https:\/\/secure.gravatar.com\/avatar\/1072c6b775fb02ef8506ce967551d95926669a6b7d2c2147b42eea4d7c68395e?s=96&d=mm&r=g","url":"https:\/\/secure.gravatar.com\/avatar\/1072c6b775fb02ef8506ce967551d95926669a6b7d2c2147b42eea4d7c68395e?s=96&d=mm&r=g","contentUrl":"https:\/\/secure.gravatar.com\/avatar\/1072c6b775fb02ef8506ce967551d95926669a6b7d2c2147b42eea4d7c68395e?s=96&d=mm&r=g","caption":"Reda\u00e7\u00e3o"},"sameAs":["https:\/\/transamerica93.com.br\/home"],"url":"https:\/\/transamerica93.com.br\/home\/author\/william\/"}]}},"_links":{"self":[{"href":"https:\/\/transamerica93.com.br\/home\/wp-json\/wp\/v2\/posts\/5164","targetHints":{"allow":["GET"]}}],"collection":[{"href":"https:\/\/transamerica93.com.br\/home\/wp-json\/wp\/v2\/posts"}],"about":[{"href":"https:\/\/transamerica93.com.br\/home\/wp-json\/wp\/v2\/types\/post"}],"author":[{"embeddable":true,"href":"https:\/\/transamerica93.com.br\/home\/wp-json\/wp\/v2\/users\/1"}],"replies":[{"embeddable":true,"href":"https:\/\/transamerica93.com.br\/home\/wp-json\/wp\/v2\/comments?post=5164"}],"version-history":[{"count":1,"href":"https:\/\/transamerica93.com.br\/home\/wp-json\/wp\/v2\/posts\/5164\/revisions"}],"predecessor-version":[{"id":5165,"href":"https:\/\/transamerica93.com.br\/home\/wp-json\/wp\/v2\/posts\/5164\/revisions\/5165"}],"wp:featuredmedia":[{"embeddable":true,"href":"https:\/\/transamerica93.com.br\/home\/wp-json\/wp\/v2\/media\/5156"}],"wp:attachment":[{"href":"https:\/\/transamerica93.com.br\/home\/wp-json\/wp\/v2\/media?parent=5164"}],"wp:term":[{"taxonomy":"category","embeddable":true,"href":"https:\/\/transamerica93.com.br\/home\/wp-json\/wp\/v2\/categories?post=5164"},{"taxonomy":"post_tag","embeddable":true,"href":"https:\/\/transamerica93.com.br\/home\/wp-json\/wp\/v2\/tags?post=5164"}],"curies":[{"name":"wp","href":"https:\/\/api.w.org\/{rel}","templated":true}]}}