{"id":5168,"date":"2025-04-14T15:00:53","date_gmt":"2025-04-14T18:00:53","guid":{"rendered":"https:\/\/transamerica93.com.br\/home\/?p=5168"},"modified":"2025-04-18T09:48:49","modified_gmt":"2025-04-18T12:48:49","slug":"ivete-sangalo-e-iza-cantam-musica-de-preta-gil-em-show-veja-video","status":"publish","type":"post","link":"https:\/\/transamerica93.com.br\/home\/ivete-sangalo-e-iza-cantam-musica-de-preta-gil-em-show-veja-video\/","title":{"rendered":"Ivete Sangalo e Iza cantam m\u00fasica de Preta Gil em show; veja v\u00eddeo"},"content":{"rendered":"<h6 class=\"Assina\">Por Gabriela Caputo<\/h6>\n<p>Ivete Sangalo e Iza subiram juntas ao palco do Tim Music Festival no domingo, 13, no Parque Ibirapuera em S\u00e3o Paulo. Durante o show, a dupla homenageou Preta Gil cantando um dos maiores sucessos da artista,\u00a0<i>Sinais de Fogo<\/i>, parceria com Ana Carolina.<\/p>\n<p>Ivete tamb\u00e9m falou sobre o estado de sa\u00fade de Preta, amiga de longa data, que est\u00e1 internada em tratamento contra o c\u00e2ncer. &#8220;Ela \u00e9 uma das pessoas mais potentes que eu conhe\u00e7o. E a nossa pot\u00eancia a gente mostra no momento mais delicado das nossas vidas. Mas sabe o que \u00e9 melhor? Ela est\u00e1 vencendo. Cada dia que passa ela vence mais&#8221;, disse Ivete.<\/p>\n<p>A cantora baiana continuou: &#8220;Ela est\u00e1 \u00f3tima! Est\u00e1 no hospital finalizando um neg\u00f3cio dos antibi\u00f3ticos, que tem ficar no hospital. Mas ela est\u00e1 insana. Ela est\u00e1 a ponto de enlouquecer os m\u00e9dicos. E eu gosto assim, contrariando a tudo e a todos. Preta Gil, a gente te ama meu amor. Ela confia e para quem confia o resultado \u00e9 sempre o sucesso, gra\u00e7as a Deus&#8221;.<\/p>\n<p>Em tratamento contra o c\u00e2ncer colorretal, Preta Gil est\u00e1 internada no hospital S\u00edrio Liban\u00eas, em S\u00e3o Paulo, desde o dia 6, quando foi transferida do Rio de Janeiro em uma UTI \u00e1rea. Ela havia sido internada em 1\u00ba de abril para realizar alguns exames e preferiu continuar a interna\u00e7\u00e3o no hospital que acompanha seu caso na capital paulista.<\/p>\n<p>A cantora realizaria um tratamento para o c\u00e2ncer nos Estados Unidos, agora adiado. Preta est\u00e1 em tratamento desde o in\u00edcio de 2023, e, em mar\u00e7o, falou sobre o esgotamento de tratamentos que possam ajudar na remiss\u00e3o da doen\u00e7a dentro do Brasil. Ela explicou, durante uma passagem pelo\u00a0<i>Doming\u00e3o com Huck<\/i>, que iria aos Estados Unidos com o objetivo de tentar novos m\u00e9todos de tratamento.<\/p>\n","protected":false},"excerpt":{"rendered":"<p>Por Gabriela Caputo Ivete Sangalo e Iza subiram juntas ao palco do Tim Music Festival no domingo, 13, no Parque Ibirapuera em S\u00e3o Paulo. Durante o show, a dupla homenageou Preta Gil cantando um dos maiores sucessos da artista,\u00a0Sinais de Fogo, parceria com Ana Carolina. Ivete tamb\u00e9m falou sobre o estado de sa\u00fade de Preta, &hellip;<\/p>\n","protected":false},"author":1,"featured_media":5169,"comment_status":"closed","ping_status":"closed","sticky":false,"template":"","format":"standard","meta":{"footnotes":""},"categories":[25],"tags":[],"class_list":["post-5168","post","type-post","status-publish","format-standard","has-post-thumbnail","hentry","category-musica"],"yoast_head":"<!-- This site is optimized with the Yoast SEO plugin v27.4 - https:\/\/yoast.com\/product\/yoast-seo-wordpress\/ -->\n<title>Ivete Sangalo e Iza cantam m\u00fasica de Preta Gil em show; veja v\u00eddeo - Transam\u00e9rica Mococa 93,3<\/title>\n<meta name=\"robots\" content=\"index, follow, max-snippet:-1, max-image-preview:large, max-video-preview:-1\" \/>\n<link rel=\"canonical\" href=\"https:\/\/transamerica93.com.br\/home\/ivete-sangalo-e-iza-cantam-musica-de-preta-gil-em-show-veja-video\/\" \/>\n<meta property=\"og:locale\" content=\"pt_BR\" \/>\n<meta property=\"og:type\" content=\"article\" \/>\n<meta property=\"og:title\" content=\"Ivete Sangalo e Iza cantam m\u00fasica de Preta Gil em show; veja v\u00eddeo - Transam\u00e9rica Mococa 93,3\" \/>\n<meta property=\"og:description\" content=\"Por Gabriela Caputo Ivete Sangalo e Iza subiram juntas ao palco do Tim Music Festival no domingo, 13, no Parque Ibirapuera em S\u00e3o Paulo. Durante o show, a dupla homenageou Preta Gil cantando um dos maiores sucessos da artista,\u00a0Sinais de Fogo, parceria com Ana Carolina. Ivete tamb\u00e9m falou sobre o estado de sa\u00fade de Preta, &hellip;\" \/>\n<meta property=\"og:url\" content=\"https:\/\/transamerica93.com.br\/home\/ivete-sangalo-e-iza-cantam-musica-de-preta-gil-em-show-veja-video\/\" \/>\n<meta property=\"og:site_name\" content=\"Transam\u00e9rica Mococa 93,3\" \/>\n<meta property=\"article:publisher\" content=\"https:\/\/www.facebook.com\/transamericamococa\" \/>\n<meta property=\"article:published_time\" content=\"2025-04-14T18:00:53+00:00\" \/>\n<meta property=\"article:modified_time\" content=\"2025-04-18T12:48:49+00:00\" \/>\n<meta property=\"og:image\" content=\"https:\/\/transamerica93.com.br\/home\/wp-content\/uploads\/2025\/04\/1-2.jpg\" \/>\n\t<meta property=\"og:image:width\" content=\"939\" \/>\n\t<meta property=\"og:image:height\" content=\"624\" \/>\n\t<meta property=\"og:image:type\" content=\"image\/jpeg\" \/>\n<meta name=\"author\" content=\"Reda\u00e7\u00e3o\" \/>\n<meta name=\"twitter:card\" content=\"summary_large_image\" \/>\n<meta name=\"twitter:creator\" content=\"@transamerica933\" \/>\n<meta name=\"twitter:site\" content=\"@transamerica933\" \/>\n<meta name=\"twitter:label1\" content=\"Escrito por\" \/>\n\t<meta name=\"twitter:data1\" content=\"Reda\u00e7\u00e3o\" \/>\n\t<meta name=\"twitter:label2\" content=\"Est. tempo de leitura\" \/>\n\t<meta name=\"twitter:data2\" content=\"2 minutos\" \/>\n<script type=\"application\/ld+json\" class=\"yoast-schema-graph\">{\"@context\":\"https:\\\/\\\/schema.org\",\"@graph\":[{\"@type\":\"Article\",\"@id\":\"https:\\\/\\\/transamerica93.com.br\\\/home\\\/ivete-sangalo-e-iza-cantam-musica-de-preta-gil-em-show-veja-video\\\/#article\",\"isPartOf\":{\"@id\":\"https:\\\/\\\/transamerica93.com.br\\\/home\\\/ivete-sangalo-e-iza-cantam-musica-de-preta-gil-em-show-veja-video\\\/\"},\"author\":{\"name\":\"Reda\u00e7\u00e3o\",\"@id\":\"https:\\\/\\\/transamerica93.com.br\\\/home\\\/#\\\/schema\\\/person\\\/7fed7c99c0d4562efa8561bc0f543172\"},\"headline\":\"Ivete Sangalo e Iza cantam m\u00fasica de Preta Gil em show; veja v\u00eddeo\",\"datePublished\":\"2025-04-14T18:00:53+00:00\",\"dateModified\":\"2025-04-18T12:48:49+00:00\",\"mainEntityOfPage\":{\"@id\":\"https:\\\/\\\/transamerica93.com.br\\\/home\\\/ivete-sangalo-e-iza-cantam-musica-de-preta-gil-em-show-veja-video\\\/\"},\"wordCount\":327,\"publisher\":{\"@id\":\"https:\\\/\\\/transamerica93.com.br\\\/home\\\/#organization\"},\"image\":{\"@id\":\"https:\\\/\\\/transamerica93.com.br\\\/home\\\/ivete-sangalo-e-iza-cantam-musica-de-preta-gil-em-show-veja-video\\\/#primaryimage\"},\"thumbnailUrl\":\"https:\\\/\\\/transamerica93.com.br\\\/home\\\/wp-content\\\/uploads\\\/2025\\\/04\\\/1-2.jpg\",\"articleSection\":[\"M\u00fasica\"],\"inLanguage\":\"pt-BR\"},{\"@type\":\"WebPage\",\"@id\":\"https:\\\/\\\/transamerica93.com.br\\\/home\\\/ivete-sangalo-e-iza-cantam-musica-de-preta-gil-em-show-veja-video\\\/\",\"url\":\"https:\\\/\\\/transamerica93.com.br\\\/home\\\/ivete-sangalo-e-iza-cantam-musica-de-preta-gil-em-show-veja-video\\\/\",\"name\":\"Ivete Sangalo e Iza cantam m\u00fasica de Preta Gil em show; veja v\u00eddeo - Transam\u00e9rica Mococa 93,3\",\"isPartOf\":{\"@id\":\"https:\\\/\\\/transamerica93.com.br\\\/home\\\/#website\"},\"primaryImageOfPage\":{\"@id\":\"https:\\\/\\\/transamerica93.com.br\\\/home\\\/ivete-sangalo-e-iza-cantam-musica-de-preta-gil-em-show-veja-video\\\/#primaryimage\"},\"image\":{\"@id\":\"https:\\\/\\\/transamerica93.com.br\\\/home\\\/ivete-sangalo-e-iza-cantam-musica-de-preta-gil-em-show-veja-video\\\/#primaryimage\"},\"thumbnailUrl\":\"https:\\\/\\\/transamerica93.com.br\\\/home\\\/wp-content\\\/uploads\\\/2025\\\/04\\\/1-2.jpg\",\"datePublished\":\"2025-04-14T18:00:53+00:00\",\"dateModified\":\"2025-04-18T12:48:49+00:00\",\"breadcrumb\":{\"@id\":\"https:\\\/\\\/transamerica93.com.br\\\/home\\\/ivete-sangalo-e-iza-cantam-musica-de-preta-gil-em-show-veja-video\\\/#breadcrumb\"},\"inLanguage\":\"pt-BR\",\"potentialAction\":[{\"@type\":\"ReadAction\",\"target\":[\"https:\\\/\\\/transamerica93.com.br\\\/home\\\/ivete-sangalo-e-iza-cantam-musica-de-preta-gil-em-show-veja-video\\\/\"]}]},{\"@type\":\"ImageObject\",\"inLanguage\":\"pt-BR\",\"@id\":\"https:\\\/\\\/transamerica93.com.br\\\/home\\\/ivete-sangalo-e-iza-cantam-musica-de-preta-gil-em-show-veja-video\\\/#primaryimage\",\"url\":\"https:\\\/\\\/transamerica93.com.br\\\/home\\\/wp-content\\\/uploads\\\/2025\\\/04\\\/1-2.jpg\",\"contentUrl\":\"https:\\\/\\\/transamerica93.com.br\\\/home\\\/wp-content\\\/uploads\\\/2025\\\/04\\\/1-2.jpg\",\"width\":939,\"height\":624,\"caption\":\"Ivete e Iza cantam juntas em festival em S\u00e3o Paulo \u2022 Leo Franvo e Van Campos \\\/ AgNews\"},{\"@type\":\"BreadcrumbList\",\"@id\":\"https:\\\/\\\/transamerica93.com.br\\\/home\\\/ivete-sangalo-e-iza-cantam-musica-de-preta-gil-em-show-veja-video\\\/#breadcrumb\",\"itemListElement\":[{\"@type\":\"ListItem\",\"position\":1,\"name\":\"In\u00edcio\",\"item\":\"https:\\\/\\\/transamerica93.com.br\\\/home\\\/\"},{\"@type\":\"ListItem\",\"position\":2,\"name\":\"Ivete Sangalo e Iza cantam m\u00fasica de Preta Gil em show; veja v\u00eddeo\"}]},{\"@type\":\"WebSite\",\"@id\":\"https:\\\/\\\/transamerica93.com.br\\\/home\\\/#website\",\"url\":\"https:\\\/\\\/transamerica93.com.br\\\/home\\\/\",\"name\":\"Transam\u00e9rica Mococa 93,3\",\"description\":\"\",\"publisher\":{\"@id\":\"https:\\\/\\\/transamerica93.com.br\\\/home\\\/#organization\"},\"potentialAction\":[{\"@type\":\"SearchAction\",\"target\":{\"@type\":\"EntryPoint\",\"urlTemplate\":\"https:\\\/\\\/transamerica93.com.br\\\/home\\\/?s={search_term_string}\"},\"query-input\":{\"@type\":\"PropertyValueSpecification\",\"valueRequired\":true,\"valueName\":\"search_term_string\"}}],\"inLanguage\":\"pt-BR\"},{\"@type\":\"Organization\",\"@id\":\"https:\\\/\\\/transamerica93.com.br\\\/home\\\/#organization\",\"name\":\"Transam\u00e9rica Mococa 93,3\",\"url\":\"https:\\\/\\\/transamerica93.com.br\\\/home\\\/\",\"logo\":{\"@type\":\"ImageObject\",\"inLanguage\":\"pt-BR\",\"@id\":\"https:\\\/\\\/transamerica93.com.br\\\/home\\\/#\\\/schema\\\/logo\\\/image\\\/\",\"url\":\"https:\\\/\\\/transamerica93.com.br\\\/home\\\/wp-content\\\/uploads\\\/2023\\\/10\\\/logo2.png\",\"contentUrl\":\"https:\\\/\\\/transamerica93.com.br\\\/home\\\/wp-content\\\/uploads\\\/2023\\\/10\\\/logo2.png\",\"width\":800,\"height\":500,\"caption\":\"Transam\u00e9rica Mococa 93,3\"},\"image\":{\"@id\":\"https:\\\/\\\/transamerica93.com.br\\\/home\\\/#\\\/schema\\\/logo\\\/image\\\/\"},\"sameAs\":[\"https:\\\/\\\/www.facebook.com\\\/transamericamococa\",\"https:\\\/\\\/x.com\\\/transamerica933\",\"https:\\\/\\\/www.instagram.com\\\/transamericamococa\"]},{\"@type\":\"Person\",\"@id\":\"https:\\\/\\\/transamerica93.com.br\\\/home\\\/#\\\/schema\\\/person\\\/7fed7c99c0d4562efa8561bc0f543172\",\"name\":\"Reda\u00e7\u00e3o\",\"image\":{\"@type\":\"ImageObject\",\"inLanguage\":\"pt-BR\",\"@id\":\"https:\\\/\\\/secure.gravatar.com\\\/avatar\\\/1072c6b775fb02ef8506ce967551d95926669a6b7d2c2147b42eea4d7c68395e?s=96&d=mm&r=g\",\"url\":\"https:\\\/\\\/secure.gravatar.com\\\/avatar\\\/1072c6b775fb02ef8506ce967551d95926669a6b7d2c2147b42eea4d7c68395e?s=96&d=mm&r=g\",\"contentUrl\":\"https:\\\/\\\/secure.gravatar.com\\\/avatar\\\/1072c6b775fb02ef8506ce967551d95926669a6b7d2c2147b42eea4d7c68395e?s=96&d=mm&r=g\",\"caption\":\"Reda\u00e7\u00e3o\"},\"sameAs\":[\"https:\\\/\\\/transamerica93.com.br\\\/home\"],\"url\":\"https:\\\/\\\/transamerica93.com.br\\\/home\\\/author\\\/william\\\/\"}]}<\/script>\n<!-- \/ Yoast SEO plugin. -->","yoast_head_json":{"title":"Ivete Sangalo e Iza cantam m\u00fasica de Preta Gil em show; veja v\u00eddeo - Transam\u00e9rica Mococa 93,3","robots":{"index":"index","follow":"follow","max-snippet":"max-snippet:-1","max-image-preview":"max-image-preview:large","max-video-preview":"max-video-preview:-1"},"canonical":"https:\/\/transamerica93.com.br\/home\/ivete-sangalo-e-iza-cantam-musica-de-preta-gil-em-show-veja-video\/","og_locale":"pt_BR","og_type":"article","og_title":"Ivete Sangalo e Iza cantam m\u00fasica de Preta Gil em show; veja v\u00eddeo - Transam\u00e9rica Mococa 93,3","og_description":"Por Gabriela Caputo Ivete Sangalo e Iza subiram juntas ao palco do Tim Music Festival no domingo, 13, no Parque Ibirapuera em S\u00e3o Paulo. Durante o show, a dupla homenageou Preta Gil cantando um dos maiores sucessos da artista,\u00a0Sinais de Fogo, parceria com Ana Carolina. Ivete tamb\u00e9m falou sobre o estado de sa\u00fade de Preta, &hellip;","og_url":"https:\/\/transamerica93.com.br\/home\/ivete-sangalo-e-iza-cantam-musica-de-preta-gil-em-show-veja-video\/","og_site_name":"Transam\u00e9rica Mococa 93,3","article_publisher":"https:\/\/www.facebook.com\/transamericamococa","article_published_time":"2025-04-14T18:00:53+00:00","article_modified_time":"2025-04-18T12:48:49+00:00","og_image":[{"width":939,"height":624,"url":"https:\/\/transamerica93.com.br\/home\/wp-content\/uploads\/2025\/04\/1-2.jpg","type":"image\/jpeg"}],"author":"Reda\u00e7\u00e3o","twitter_card":"summary_large_image","twitter_creator":"@transamerica933","twitter_site":"@transamerica933","twitter_misc":{"Escrito por":"Reda\u00e7\u00e3o","Est. tempo de leitura":"2 minutos"},"schema":{"@context":"https:\/\/schema.org","@graph":[{"@type":"Article","@id":"https:\/\/transamerica93.com.br\/home\/ivete-sangalo-e-iza-cantam-musica-de-preta-gil-em-show-veja-video\/#article","isPartOf":{"@id":"https:\/\/transamerica93.com.br\/home\/ivete-sangalo-e-iza-cantam-musica-de-preta-gil-em-show-veja-video\/"},"author":{"name":"Reda\u00e7\u00e3o","@id":"https:\/\/transamerica93.com.br\/home\/#\/schema\/person\/7fed7c99c0d4562efa8561bc0f543172"},"headline":"Ivete Sangalo e Iza cantam m\u00fasica de Preta Gil em show; veja v\u00eddeo","datePublished":"2025-04-14T18:00:53+00:00","dateModified":"2025-04-18T12:48:49+00:00","mainEntityOfPage":{"@id":"https:\/\/transamerica93.com.br\/home\/ivete-sangalo-e-iza-cantam-musica-de-preta-gil-em-show-veja-video\/"},"wordCount":327,"publisher":{"@id":"https:\/\/transamerica93.com.br\/home\/#organization"},"image":{"@id":"https:\/\/transamerica93.com.br\/home\/ivete-sangalo-e-iza-cantam-musica-de-preta-gil-em-show-veja-video\/#primaryimage"},"thumbnailUrl":"https:\/\/transamerica93.com.br\/home\/wp-content\/uploads\/2025\/04\/1-2.jpg","articleSection":["M\u00fasica"],"inLanguage":"pt-BR"},{"@type":"WebPage","@id":"https:\/\/transamerica93.com.br\/home\/ivete-sangalo-e-iza-cantam-musica-de-preta-gil-em-show-veja-video\/","url":"https:\/\/transamerica93.com.br\/home\/ivete-sangalo-e-iza-cantam-musica-de-preta-gil-em-show-veja-video\/","name":"Ivete Sangalo e Iza cantam m\u00fasica de Preta Gil em show; veja v\u00eddeo - Transam\u00e9rica Mococa 93,3","isPartOf":{"@id":"https:\/\/transamerica93.com.br\/home\/#website"},"primaryImageOfPage":{"@id":"https:\/\/transamerica93.com.br\/home\/ivete-sangalo-e-iza-cantam-musica-de-preta-gil-em-show-veja-video\/#primaryimage"},"image":{"@id":"https:\/\/transamerica93.com.br\/home\/ivete-sangalo-e-iza-cantam-musica-de-preta-gil-em-show-veja-video\/#primaryimage"},"thumbnailUrl":"https:\/\/transamerica93.com.br\/home\/wp-content\/uploads\/2025\/04\/1-2.jpg","datePublished":"2025-04-14T18:00:53+00:00","dateModified":"2025-04-18T12:48:49+00:00","breadcrumb":{"@id":"https:\/\/transamerica93.com.br\/home\/ivete-sangalo-e-iza-cantam-musica-de-preta-gil-em-show-veja-video\/#breadcrumb"},"inLanguage":"pt-BR","potentialAction":[{"@type":"ReadAction","target":["https:\/\/transamerica93.com.br\/home\/ivete-sangalo-e-iza-cantam-musica-de-preta-gil-em-show-veja-video\/"]}]},{"@type":"ImageObject","inLanguage":"pt-BR","@id":"https:\/\/transamerica93.com.br\/home\/ivete-sangalo-e-iza-cantam-musica-de-preta-gil-em-show-veja-video\/#primaryimage","url":"https:\/\/transamerica93.com.br\/home\/wp-content\/uploads\/2025\/04\/1-2.jpg","contentUrl":"https:\/\/transamerica93.com.br\/home\/wp-content\/uploads\/2025\/04\/1-2.jpg","width":939,"height":624,"caption":"Ivete e Iza cantam juntas em festival em S\u00e3o Paulo \u2022 Leo Franvo e Van Campos \/ AgNews"},{"@type":"BreadcrumbList","@id":"https:\/\/transamerica93.com.br\/home\/ivete-sangalo-e-iza-cantam-musica-de-preta-gil-em-show-veja-video\/#breadcrumb","itemListElement":[{"@type":"ListItem","position":1,"name":"In\u00edcio","item":"https:\/\/transamerica93.com.br\/home\/"},{"@type":"ListItem","position":2,"name":"Ivete Sangalo e Iza cantam m\u00fasica de Preta Gil em show; veja v\u00eddeo"}]},{"@type":"WebSite","@id":"https:\/\/transamerica93.com.br\/home\/#website","url":"https:\/\/transamerica93.com.br\/home\/","name":"Transam\u00e9rica Mococa 93,3","description":"","publisher":{"@id":"https:\/\/transamerica93.com.br\/home\/#organization"},"potentialAction":[{"@type":"SearchAction","target":{"@type":"EntryPoint","urlTemplate":"https:\/\/transamerica93.com.br\/home\/?s={search_term_string}"},"query-input":{"@type":"PropertyValueSpecification","valueRequired":true,"valueName":"search_term_string"}}],"inLanguage":"pt-BR"},{"@type":"Organization","@id":"https:\/\/transamerica93.com.br\/home\/#organization","name":"Transam\u00e9rica Mococa 93,3","url":"https:\/\/transamerica93.com.br\/home\/","logo":{"@type":"ImageObject","inLanguage":"pt-BR","@id":"https:\/\/transamerica93.com.br\/home\/#\/schema\/logo\/image\/","url":"https:\/\/transamerica93.com.br\/home\/wp-content\/uploads\/2023\/10\/logo2.png","contentUrl":"https:\/\/transamerica93.com.br\/home\/wp-content\/uploads\/2023\/10\/logo2.png","width":800,"height":500,"caption":"Transam\u00e9rica Mococa 93,3"},"image":{"@id":"https:\/\/transamerica93.com.br\/home\/#\/schema\/logo\/image\/"},"sameAs":["https:\/\/www.facebook.com\/transamericamococa","https:\/\/x.com\/transamerica933","https:\/\/www.instagram.com\/transamericamococa"]},{"@type":"Person","@id":"https:\/\/transamerica93.com.br\/home\/#\/schema\/person\/7fed7c99c0d4562efa8561bc0f543172","name":"Reda\u00e7\u00e3o","image":{"@type":"ImageObject","inLanguage":"pt-BR","@id":"https:\/\/secure.gravatar.com\/avatar\/1072c6b775fb02ef8506ce967551d95926669a6b7d2c2147b42eea4d7c68395e?s=96&d=mm&r=g","url":"https:\/\/secure.gravatar.com\/avatar\/1072c6b775fb02ef8506ce967551d95926669a6b7d2c2147b42eea4d7c68395e?s=96&d=mm&r=g","contentUrl":"https:\/\/secure.gravatar.com\/avatar\/1072c6b775fb02ef8506ce967551d95926669a6b7d2c2147b42eea4d7c68395e?s=96&d=mm&r=g","caption":"Reda\u00e7\u00e3o"},"sameAs":["https:\/\/transamerica93.com.br\/home"],"url":"https:\/\/transamerica93.com.br\/home\/author\/william\/"}]}},"_links":{"self":[{"href":"https:\/\/transamerica93.com.br\/home\/wp-json\/wp\/v2\/posts\/5168","targetHints":{"allow":["GET"]}}],"collection":[{"href":"https:\/\/transamerica93.com.br\/home\/wp-json\/wp\/v2\/posts"}],"about":[{"href":"https:\/\/transamerica93.com.br\/home\/wp-json\/wp\/v2\/types\/post"}],"author":[{"embeddable":true,"href":"https:\/\/transamerica93.com.br\/home\/wp-json\/wp\/v2\/users\/1"}],"replies":[{"embeddable":true,"href":"https:\/\/transamerica93.com.br\/home\/wp-json\/wp\/v2\/comments?post=5168"}],"version-history":[{"count":1,"href":"https:\/\/transamerica93.com.br\/home\/wp-json\/wp\/v2\/posts\/5168\/revisions"}],"predecessor-version":[{"id":5170,"href":"https:\/\/transamerica93.com.br\/home\/wp-json\/wp\/v2\/posts\/5168\/revisions\/5170"}],"wp:featuredmedia":[{"embeddable":true,"href":"https:\/\/transamerica93.com.br\/home\/wp-json\/wp\/v2\/media\/5169"}],"wp:attachment":[{"href":"https:\/\/transamerica93.com.br\/home\/wp-json\/wp\/v2\/media?parent=5168"}],"wp:term":[{"taxonomy":"category","embeddable":true,"href":"https:\/\/transamerica93.com.br\/home\/wp-json\/wp\/v2\/categories?post=5168"},{"taxonomy":"post_tag","embeddable":true,"href":"https:\/\/transamerica93.com.br\/home\/wp-json\/wp\/v2\/tags?post=5168"}],"curies":[{"name":"wp","href":"https:\/\/api.w.org\/{rel}","templated":true}]}}