{"id":5177,"date":"2025-04-15T15:00:33","date_gmt":"2025-04-15T18:00:33","guid":{"rendered":"https:\/\/transamerica93.com.br\/home\/?p=5177"},"modified":"2025-04-18T09:54:49","modified_gmt":"2025-04-18T12:54:49","slug":"cantor-netinho-celebra-ganho-de-peso-durante-tratamento-contra-cancer","status":"publish","type":"post","link":"https:\/\/transamerica93.com.br\/home\/cantor-netinho-celebra-ganho-de-peso-durante-tratamento-contra-cancer\/","title":{"rendered":"Cantor Netinho celebra ganho de peso durante tratamento contra c\u00e2ncer"},"content":{"rendered":"<div id=\"Corpo\">\n<h6 class=\"Assina\">Por Ingrid Rodrigues<\/h6>\n<p>Netinho usou as redes sociais nesta ter\u00e7a-feira, 15, para dividir um momento de al\u00edvio com os f\u00e3s. Internado no Hospital Alian\u00e7a Star, em Salvador, o cantor contou que vai receber alta nesta quarta-feira, 16, ap\u00f3s concluir a segunda fase da quimioterapia. Diagnosticado com um linfoma raro, tipo de c\u00e2ncer que atinge o sistema linf\u00e1tico, o artista segue confiante no tratamento.<\/p>\n<p>&#8220;Estou finalizando a segunda fase. Amanh\u00e3 sairei de alta pela segunda vez e, em breve, volto para continuar as outras etapas da quimioterapia&#8221;, escreveu. Ao todo, ser\u00e3o seis ciclos. Ele tamb\u00e9m comemorou um pequeno progresso que faz toda a diferen\u00e7a na recupera\u00e7\u00e3o: &#8220;Ganhei 1 kg de ontem pra hoje&#8221;.<\/p>\n<p>Mesmo com os efeitos do tratamento, como a queda de cabelo e da barba, Netinho demonstrou otimismo. &#8220;S\u00f3 quando acaba que volta a crescer tudo de novo&#8221;, comentou.<\/p>\n<p>Ao fim das seis fases da quimioterapia, o cantor passar\u00e1 por um transplante de medula \u00f3ssea autog\u00eanico, ou seja, feito com suas pr\u00f3prias c\u00e9lulas-tronco. &#8220;Sem doador, um transplante de mim para mim mesmo&#8221;, explicou, em um v\u00eddeo publicado na \u00faltima semana.<\/p>\n<p>Desde o fim de mar\u00e7o, Netinho tem compartilhado com frequ\u00eancia os bastidores do tratamento. O diagn\u00f3stico veio ap\u00f3s ele sentir dores nas costas e nas pernas, o que o levou a ser internado em 26 de fevereiro. Por conta disso, precisou cancelar a agenda de shows durante o carnaval deste ano.<\/p>\n<p>As postagens t\u00eam recebido uma enxurrada de apoio e mensagens de carinho. Aos 58 anos, Netinho segue cercado pelo afeto dos f\u00e3s, e mostra, com transpar\u00eancia e bom humor, que est\u00e1 enfrentando a fase dif\u00edcil com coragem e esperan\u00e7a.<\/p><\/div>\n","protected":false},"excerpt":{"rendered":"<p>Por Ingrid Rodrigues Netinho usou as redes sociais nesta ter\u00e7a-feira, 15, para dividir um momento de al\u00edvio com os f\u00e3s. Internado no Hospital Alian\u00e7a Star, em Salvador, o cantor contou que vai receber alta nesta quarta-feira, 16, ap\u00f3s concluir a segunda fase da quimioterapia. Diagnosticado com um linfoma raro, tipo de c\u00e2ncer que atinge o &hellip;<\/p>\n","protected":false},"author":1,"featured_media":5178,"comment_status":"closed","ping_status":"closed","sticky":false,"template":"","format":"standard","meta":{"footnotes":""},"categories":[25],"tags":[],"class_list":["post-5177","post","type-post","status-publish","format-standard","has-post-thumbnail","hentry","category-musica"],"yoast_head":"<!-- This site is optimized with the Yoast SEO plugin v27.4 - https:\/\/yoast.com\/product\/yoast-seo-wordpress\/ -->\n<title>Cantor Netinho celebra ganho de peso durante tratamento contra c\u00e2ncer - Transam\u00e9rica Mococa 93,3<\/title>\n<meta name=\"robots\" content=\"index, follow, max-snippet:-1, max-image-preview:large, max-video-preview:-1\" \/>\n<link rel=\"canonical\" href=\"https:\/\/transamerica93.com.br\/home\/cantor-netinho-celebra-ganho-de-peso-durante-tratamento-contra-cancer\/\" \/>\n<meta property=\"og:locale\" content=\"pt_BR\" \/>\n<meta property=\"og:type\" content=\"article\" \/>\n<meta property=\"og:title\" content=\"Cantor Netinho celebra ganho de peso durante tratamento contra c\u00e2ncer - Transam\u00e9rica Mococa 93,3\" \/>\n<meta property=\"og:description\" content=\"Por Ingrid Rodrigues Netinho usou as redes sociais nesta ter\u00e7a-feira, 15, para dividir um momento de al\u00edvio com os f\u00e3s. Internado no Hospital Alian\u00e7a Star, em Salvador, o cantor contou que vai receber alta nesta quarta-feira, 16, ap\u00f3s concluir a segunda fase da quimioterapia. Diagnosticado com um linfoma raro, tipo de c\u00e2ncer que atinge o &hellip;\" \/>\n<meta property=\"og:url\" content=\"https:\/\/transamerica93.com.br\/home\/cantor-netinho-celebra-ganho-de-peso-durante-tratamento-contra-cancer\/\" \/>\n<meta property=\"og:site_name\" content=\"Transam\u00e9rica Mococa 93,3\" \/>\n<meta property=\"article:publisher\" content=\"https:\/\/www.facebook.com\/transamericamococa\" \/>\n<meta property=\"article:published_time\" content=\"2025-04-15T18:00:33+00:00\" \/>\n<meta property=\"article:modified_time\" content=\"2025-04-18T12:54:49+00:00\" \/>\n<meta property=\"og:image\" content=\"https:\/\/transamerica93.com.br\/home\/wp-content\/uploads\/2025\/04\/1-5.jpg\" \/>\n\t<meta property=\"og:image:width\" content=\"892\" \/>\n\t<meta property=\"og:image:height\" content=\"574\" \/>\n\t<meta property=\"og:image:type\" content=\"image\/jpeg\" \/>\n<meta name=\"author\" content=\"Reda\u00e7\u00e3o\" \/>\n<meta name=\"twitter:card\" content=\"summary_large_image\" \/>\n<meta name=\"twitter:creator\" content=\"@transamerica933\" \/>\n<meta name=\"twitter:site\" content=\"@transamerica933\" \/>\n<meta name=\"twitter:label1\" content=\"Escrito por\" \/>\n\t<meta name=\"twitter:data1\" content=\"Reda\u00e7\u00e3o\" \/>\n\t<meta name=\"twitter:label2\" content=\"Est. tempo de leitura\" \/>\n\t<meta name=\"twitter:data2\" content=\"2 minutos\" \/>\n<script type=\"application\/ld+json\" class=\"yoast-schema-graph\">{\"@context\":\"https:\\\/\\\/schema.org\",\"@graph\":[{\"@type\":\"Article\",\"@id\":\"https:\\\/\\\/transamerica93.com.br\\\/home\\\/cantor-netinho-celebra-ganho-de-peso-durante-tratamento-contra-cancer\\\/#article\",\"isPartOf\":{\"@id\":\"https:\\\/\\\/transamerica93.com.br\\\/home\\\/cantor-netinho-celebra-ganho-de-peso-durante-tratamento-contra-cancer\\\/\"},\"author\":{\"name\":\"Reda\u00e7\u00e3o\",\"@id\":\"https:\\\/\\\/transamerica93.com.br\\\/home\\\/#\\\/schema\\\/person\\\/7fed7c99c0d4562efa8561bc0f543172\"},\"headline\":\"Cantor Netinho celebra ganho de peso durante tratamento contra c\u00e2ncer\",\"datePublished\":\"2025-04-15T18:00:33+00:00\",\"dateModified\":\"2025-04-18T12:54:49+00:00\",\"mainEntityOfPage\":{\"@id\":\"https:\\\/\\\/transamerica93.com.br\\\/home\\\/cantor-netinho-celebra-ganho-de-peso-durante-tratamento-contra-cancer\\\/\"},\"wordCount\":301,\"publisher\":{\"@id\":\"https:\\\/\\\/transamerica93.com.br\\\/home\\\/#organization\"},\"image\":{\"@id\":\"https:\\\/\\\/transamerica93.com.br\\\/home\\\/cantor-netinho-celebra-ganho-de-peso-durante-tratamento-contra-cancer\\\/#primaryimage\"},\"thumbnailUrl\":\"https:\\\/\\\/transamerica93.com.br\\\/home\\\/wp-content\\\/uploads\\\/2025\\\/04\\\/1-5.jpg\",\"articleSection\":[\"M\u00fasica\"],\"inLanguage\":\"pt-BR\"},{\"@type\":\"WebPage\",\"@id\":\"https:\\\/\\\/transamerica93.com.br\\\/home\\\/cantor-netinho-celebra-ganho-de-peso-durante-tratamento-contra-cancer\\\/\",\"url\":\"https:\\\/\\\/transamerica93.com.br\\\/home\\\/cantor-netinho-celebra-ganho-de-peso-durante-tratamento-contra-cancer\\\/\",\"name\":\"Cantor Netinho celebra ganho de peso durante tratamento contra c\u00e2ncer - Transam\u00e9rica Mococa 93,3\",\"isPartOf\":{\"@id\":\"https:\\\/\\\/transamerica93.com.br\\\/home\\\/#website\"},\"primaryImageOfPage\":{\"@id\":\"https:\\\/\\\/transamerica93.com.br\\\/home\\\/cantor-netinho-celebra-ganho-de-peso-durante-tratamento-contra-cancer\\\/#primaryimage\"},\"image\":{\"@id\":\"https:\\\/\\\/transamerica93.com.br\\\/home\\\/cantor-netinho-celebra-ganho-de-peso-durante-tratamento-contra-cancer\\\/#primaryimage\"},\"thumbnailUrl\":\"https:\\\/\\\/transamerica93.com.br\\\/home\\\/wp-content\\\/uploads\\\/2025\\\/04\\\/1-5.jpg\",\"datePublished\":\"2025-04-15T18:00:33+00:00\",\"dateModified\":\"2025-04-18T12:54:49+00:00\",\"breadcrumb\":{\"@id\":\"https:\\\/\\\/transamerica93.com.br\\\/home\\\/cantor-netinho-celebra-ganho-de-peso-durante-tratamento-contra-cancer\\\/#breadcrumb\"},\"inLanguage\":\"pt-BR\",\"potentialAction\":[{\"@type\":\"ReadAction\",\"target\":[\"https:\\\/\\\/transamerica93.com.br\\\/home\\\/cantor-netinho-celebra-ganho-de-peso-durante-tratamento-contra-cancer\\\/\"]}]},{\"@type\":\"ImageObject\",\"inLanguage\":\"pt-BR\",\"@id\":\"https:\\\/\\\/transamerica93.com.br\\\/home\\\/cantor-netinho-celebra-ganho-de-peso-durante-tratamento-contra-cancer\\\/#primaryimage\",\"url\":\"https:\\\/\\\/transamerica93.com.br\\\/home\\\/wp-content\\\/uploads\\\/2025\\\/04\\\/1-5.jpg\",\"contentUrl\":\"https:\\\/\\\/transamerica93.com.br\\\/home\\\/wp-content\\\/uploads\\\/2025\\\/04\\\/1-5.jpg\",\"width\":892,\"height\":574},{\"@type\":\"BreadcrumbList\",\"@id\":\"https:\\\/\\\/transamerica93.com.br\\\/home\\\/cantor-netinho-celebra-ganho-de-peso-durante-tratamento-contra-cancer\\\/#breadcrumb\",\"itemListElement\":[{\"@type\":\"ListItem\",\"position\":1,\"name\":\"In\u00edcio\",\"item\":\"https:\\\/\\\/transamerica93.com.br\\\/home\\\/\"},{\"@type\":\"ListItem\",\"position\":2,\"name\":\"Cantor Netinho celebra ganho de peso durante tratamento contra c\u00e2ncer\"}]},{\"@type\":\"WebSite\",\"@id\":\"https:\\\/\\\/transamerica93.com.br\\\/home\\\/#website\",\"url\":\"https:\\\/\\\/transamerica93.com.br\\\/home\\\/\",\"name\":\"Transam\u00e9rica Mococa 93,3\",\"description\":\"\",\"publisher\":{\"@id\":\"https:\\\/\\\/transamerica93.com.br\\\/home\\\/#organization\"},\"potentialAction\":[{\"@type\":\"SearchAction\",\"target\":{\"@type\":\"EntryPoint\",\"urlTemplate\":\"https:\\\/\\\/transamerica93.com.br\\\/home\\\/?s={search_term_string}\"},\"query-input\":{\"@type\":\"PropertyValueSpecification\",\"valueRequired\":true,\"valueName\":\"search_term_string\"}}],\"inLanguage\":\"pt-BR\"},{\"@type\":\"Organization\",\"@id\":\"https:\\\/\\\/transamerica93.com.br\\\/home\\\/#organization\",\"name\":\"Transam\u00e9rica Mococa 93,3\",\"url\":\"https:\\\/\\\/transamerica93.com.br\\\/home\\\/\",\"logo\":{\"@type\":\"ImageObject\",\"inLanguage\":\"pt-BR\",\"@id\":\"https:\\\/\\\/transamerica93.com.br\\\/home\\\/#\\\/schema\\\/logo\\\/image\\\/\",\"url\":\"https:\\\/\\\/transamerica93.com.br\\\/home\\\/wp-content\\\/uploads\\\/2023\\\/10\\\/logo2.png\",\"contentUrl\":\"https:\\\/\\\/transamerica93.com.br\\\/home\\\/wp-content\\\/uploads\\\/2023\\\/10\\\/logo2.png\",\"width\":800,\"height\":500,\"caption\":\"Transam\u00e9rica Mococa 93,3\"},\"image\":{\"@id\":\"https:\\\/\\\/transamerica93.com.br\\\/home\\\/#\\\/schema\\\/logo\\\/image\\\/\"},\"sameAs\":[\"https:\\\/\\\/www.facebook.com\\\/transamericamococa\",\"https:\\\/\\\/x.com\\\/transamerica933\",\"https:\\\/\\\/www.instagram.com\\\/transamericamococa\"]},{\"@type\":\"Person\",\"@id\":\"https:\\\/\\\/transamerica93.com.br\\\/home\\\/#\\\/schema\\\/person\\\/7fed7c99c0d4562efa8561bc0f543172\",\"name\":\"Reda\u00e7\u00e3o\",\"image\":{\"@type\":\"ImageObject\",\"inLanguage\":\"pt-BR\",\"@id\":\"https:\\\/\\\/secure.gravatar.com\\\/avatar\\\/1072c6b775fb02ef8506ce967551d95926669a6b7d2c2147b42eea4d7c68395e?s=96&d=mm&r=g\",\"url\":\"https:\\\/\\\/secure.gravatar.com\\\/avatar\\\/1072c6b775fb02ef8506ce967551d95926669a6b7d2c2147b42eea4d7c68395e?s=96&d=mm&r=g\",\"contentUrl\":\"https:\\\/\\\/secure.gravatar.com\\\/avatar\\\/1072c6b775fb02ef8506ce967551d95926669a6b7d2c2147b42eea4d7c68395e?s=96&d=mm&r=g\",\"caption\":\"Reda\u00e7\u00e3o\"},\"sameAs\":[\"https:\\\/\\\/transamerica93.com.br\\\/home\"],\"url\":\"https:\\\/\\\/transamerica93.com.br\\\/home\\\/author\\\/william\\\/\"}]}<\/script>\n<!-- \/ Yoast SEO plugin. -->","yoast_head_json":{"title":"Cantor Netinho celebra ganho de peso durante tratamento contra c\u00e2ncer - Transam\u00e9rica Mococa 93,3","robots":{"index":"index","follow":"follow","max-snippet":"max-snippet:-1","max-image-preview":"max-image-preview:large","max-video-preview":"max-video-preview:-1"},"canonical":"https:\/\/transamerica93.com.br\/home\/cantor-netinho-celebra-ganho-de-peso-durante-tratamento-contra-cancer\/","og_locale":"pt_BR","og_type":"article","og_title":"Cantor Netinho celebra ganho de peso durante tratamento contra c\u00e2ncer - Transam\u00e9rica Mococa 93,3","og_description":"Por Ingrid Rodrigues Netinho usou as redes sociais nesta ter\u00e7a-feira, 15, para dividir um momento de al\u00edvio com os f\u00e3s. Internado no Hospital Alian\u00e7a Star, em Salvador, o cantor contou que vai receber alta nesta quarta-feira, 16, ap\u00f3s concluir a segunda fase da quimioterapia. Diagnosticado com um linfoma raro, tipo de c\u00e2ncer que atinge o &hellip;","og_url":"https:\/\/transamerica93.com.br\/home\/cantor-netinho-celebra-ganho-de-peso-durante-tratamento-contra-cancer\/","og_site_name":"Transam\u00e9rica Mococa 93,3","article_publisher":"https:\/\/www.facebook.com\/transamericamococa","article_published_time":"2025-04-15T18:00:33+00:00","article_modified_time":"2025-04-18T12:54:49+00:00","og_image":[{"width":892,"height":574,"url":"https:\/\/transamerica93.com.br\/home\/wp-content\/uploads\/2025\/04\/1-5.jpg","type":"image\/jpeg"}],"author":"Reda\u00e7\u00e3o","twitter_card":"summary_large_image","twitter_creator":"@transamerica933","twitter_site":"@transamerica933","twitter_misc":{"Escrito por":"Reda\u00e7\u00e3o","Est. tempo de leitura":"2 minutos"},"schema":{"@context":"https:\/\/schema.org","@graph":[{"@type":"Article","@id":"https:\/\/transamerica93.com.br\/home\/cantor-netinho-celebra-ganho-de-peso-durante-tratamento-contra-cancer\/#article","isPartOf":{"@id":"https:\/\/transamerica93.com.br\/home\/cantor-netinho-celebra-ganho-de-peso-durante-tratamento-contra-cancer\/"},"author":{"name":"Reda\u00e7\u00e3o","@id":"https:\/\/transamerica93.com.br\/home\/#\/schema\/person\/7fed7c99c0d4562efa8561bc0f543172"},"headline":"Cantor Netinho celebra ganho de peso durante tratamento contra c\u00e2ncer","datePublished":"2025-04-15T18:00:33+00:00","dateModified":"2025-04-18T12:54:49+00:00","mainEntityOfPage":{"@id":"https:\/\/transamerica93.com.br\/home\/cantor-netinho-celebra-ganho-de-peso-durante-tratamento-contra-cancer\/"},"wordCount":301,"publisher":{"@id":"https:\/\/transamerica93.com.br\/home\/#organization"},"image":{"@id":"https:\/\/transamerica93.com.br\/home\/cantor-netinho-celebra-ganho-de-peso-durante-tratamento-contra-cancer\/#primaryimage"},"thumbnailUrl":"https:\/\/transamerica93.com.br\/home\/wp-content\/uploads\/2025\/04\/1-5.jpg","articleSection":["M\u00fasica"],"inLanguage":"pt-BR"},{"@type":"WebPage","@id":"https:\/\/transamerica93.com.br\/home\/cantor-netinho-celebra-ganho-de-peso-durante-tratamento-contra-cancer\/","url":"https:\/\/transamerica93.com.br\/home\/cantor-netinho-celebra-ganho-de-peso-durante-tratamento-contra-cancer\/","name":"Cantor Netinho celebra ganho de peso durante tratamento contra c\u00e2ncer - Transam\u00e9rica Mococa 93,3","isPartOf":{"@id":"https:\/\/transamerica93.com.br\/home\/#website"},"primaryImageOfPage":{"@id":"https:\/\/transamerica93.com.br\/home\/cantor-netinho-celebra-ganho-de-peso-durante-tratamento-contra-cancer\/#primaryimage"},"image":{"@id":"https:\/\/transamerica93.com.br\/home\/cantor-netinho-celebra-ganho-de-peso-durante-tratamento-contra-cancer\/#primaryimage"},"thumbnailUrl":"https:\/\/transamerica93.com.br\/home\/wp-content\/uploads\/2025\/04\/1-5.jpg","datePublished":"2025-04-15T18:00:33+00:00","dateModified":"2025-04-18T12:54:49+00:00","breadcrumb":{"@id":"https:\/\/transamerica93.com.br\/home\/cantor-netinho-celebra-ganho-de-peso-durante-tratamento-contra-cancer\/#breadcrumb"},"inLanguage":"pt-BR","potentialAction":[{"@type":"ReadAction","target":["https:\/\/transamerica93.com.br\/home\/cantor-netinho-celebra-ganho-de-peso-durante-tratamento-contra-cancer\/"]}]},{"@type":"ImageObject","inLanguage":"pt-BR","@id":"https:\/\/transamerica93.com.br\/home\/cantor-netinho-celebra-ganho-de-peso-durante-tratamento-contra-cancer\/#primaryimage","url":"https:\/\/transamerica93.com.br\/home\/wp-content\/uploads\/2025\/04\/1-5.jpg","contentUrl":"https:\/\/transamerica93.com.br\/home\/wp-content\/uploads\/2025\/04\/1-5.jpg","width":892,"height":574},{"@type":"BreadcrumbList","@id":"https:\/\/transamerica93.com.br\/home\/cantor-netinho-celebra-ganho-de-peso-durante-tratamento-contra-cancer\/#breadcrumb","itemListElement":[{"@type":"ListItem","position":1,"name":"In\u00edcio","item":"https:\/\/transamerica93.com.br\/home\/"},{"@type":"ListItem","position":2,"name":"Cantor Netinho celebra ganho de peso durante tratamento contra c\u00e2ncer"}]},{"@type":"WebSite","@id":"https:\/\/transamerica93.com.br\/home\/#website","url":"https:\/\/transamerica93.com.br\/home\/","name":"Transam\u00e9rica Mococa 93,3","description":"","publisher":{"@id":"https:\/\/transamerica93.com.br\/home\/#organization"},"potentialAction":[{"@type":"SearchAction","target":{"@type":"EntryPoint","urlTemplate":"https:\/\/transamerica93.com.br\/home\/?s={search_term_string}"},"query-input":{"@type":"PropertyValueSpecification","valueRequired":true,"valueName":"search_term_string"}}],"inLanguage":"pt-BR"},{"@type":"Organization","@id":"https:\/\/transamerica93.com.br\/home\/#organization","name":"Transam\u00e9rica Mococa 93,3","url":"https:\/\/transamerica93.com.br\/home\/","logo":{"@type":"ImageObject","inLanguage":"pt-BR","@id":"https:\/\/transamerica93.com.br\/home\/#\/schema\/logo\/image\/","url":"https:\/\/transamerica93.com.br\/home\/wp-content\/uploads\/2023\/10\/logo2.png","contentUrl":"https:\/\/transamerica93.com.br\/home\/wp-content\/uploads\/2023\/10\/logo2.png","width":800,"height":500,"caption":"Transam\u00e9rica Mococa 93,3"},"image":{"@id":"https:\/\/transamerica93.com.br\/home\/#\/schema\/logo\/image\/"},"sameAs":["https:\/\/www.facebook.com\/transamericamococa","https:\/\/x.com\/transamerica933","https:\/\/www.instagram.com\/transamericamococa"]},{"@type":"Person","@id":"https:\/\/transamerica93.com.br\/home\/#\/schema\/person\/7fed7c99c0d4562efa8561bc0f543172","name":"Reda\u00e7\u00e3o","image":{"@type":"ImageObject","inLanguage":"pt-BR","@id":"https:\/\/secure.gravatar.com\/avatar\/1072c6b775fb02ef8506ce967551d95926669a6b7d2c2147b42eea4d7c68395e?s=96&d=mm&r=g","url":"https:\/\/secure.gravatar.com\/avatar\/1072c6b775fb02ef8506ce967551d95926669a6b7d2c2147b42eea4d7c68395e?s=96&d=mm&r=g","contentUrl":"https:\/\/secure.gravatar.com\/avatar\/1072c6b775fb02ef8506ce967551d95926669a6b7d2c2147b42eea4d7c68395e?s=96&d=mm&r=g","caption":"Reda\u00e7\u00e3o"},"sameAs":["https:\/\/transamerica93.com.br\/home"],"url":"https:\/\/transamerica93.com.br\/home\/author\/william\/"}]}},"_links":{"self":[{"href":"https:\/\/transamerica93.com.br\/home\/wp-json\/wp\/v2\/posts\/5177","targetHints":{"allow":["GET"]}}],"collection":[{"href":"https:\/\/transamerica93.com.br\/home\/wp-json\/wp\/v2\/posts"}],"about":[{"href":"https:\/\/transamerica93.com.br\/home\/wp-json\/wp\/v2\/types\/post"}],"author":[{"embeddable":true,"href":"https:\/\/transamerica93.com.br\/home\/wp-json\/wp\/v2\/users\/1"}],"replies":[{"embeddable":true,"href":"https:\/\/transamerica93.com.br\/home\/wp-json\/wp\/v2\/comments?post=5177"}],"version-history":[{"count":1,"href":"https:\/\/transamerica93.com.br\/home\/wp-json\/wp\/v2\/posts\/5177\/revisions"}],"predecessor-version":[{"id":5179,"href":"https:\/\/transamerica93.com.br\/home\/wp-json\/wp\/v2\/posts\/5177\/revisions\/5179"}],"wp:featuredmedia":[{"embeddable":true,"href":"https:\/\/transamerica93.com.br\/home\/wp-json\/wp\/v2\/media\/5178"}],"wp:attachment":[{"href":"https:\/\/transamerica93.com.br\/home\/wp-json\/wp\/v2\/media?parent=5177"}],"wp:term":[{"taxonomy":"category","embeddable":true,"href":"https:\/\/transamerica93.com.br\/home\/wp-json\/wp\/v2\/categories?post=5177"},{"taxonomy":"post_tag","embeddable":true,"href":"https:\/\/transamerica93.com.br\/home\/wp-json\/wp\/v2\/tags?post=5177"}],"curies":[{"name":"wp","href":"https:\/\/api.w.org\/{rel}","templated":true}]}}