{"id":5198,"date":"2025-04-21T15:00:20","date_gmt":"2025-04-21T18:00:20","guid":{"rendered":"https:\/\/transamerica93.com.br\/home\/?p=5198"},"modified":"2025-04-18T10:08:04","modified_gmt":"2025-04-18T13:08:04","slug":"lil-nas-x-e-internado-com-paralisia-facial-vou-ficar-engracado-por-um-tempo","status":"publish","type":"post","link":"https:\/\/transamerica93.com.br\/home\/lil-nas-x-e-internado-com-paralisia-facial-vou-ficar-engracado-por-um-tempo\/","title":{"rendered":"Lil Nas X \u00e9 internado com paralisia facial: &#8216;Vou ficar engra\u00e7ado por um tempo&#8217;"},"content":{"rendered":"<div id=\"Corpo\">\n<h6 class=\"Assina\">Por Ingrid Rodrigues<\/h6>\n<p>Lil Nas X usou as redes sociais para contar que est\u00e1 internado ap\u00f3s sofrer uma paralisia facial parcial no lado direito do rosto. O rapper, que completou 26 anos no \u00faltimo dia 9, compartilhou v\u00eddeos direto do hospital e, apesar do susto, manteve o bom humor.<\/p>\n<p>&#8220;Ent\u00e3o, perdi o controle do lado direito da minha cara&#8221;, escreveu na legenda de um v\u00eddeo em que aparece tentando mover os m\u00fasculos da face. Nos stories, voltou a comentar o assunto com leveza: &#8220;Estou t\u00e3o ferrado&#8221;, escreveu, junto de um emoji de carinha triste.<\/p>\n<p>O artista tranquilizou os f\u00e3s e garantiu estar est\u00e1vel: &#8220;Galera, estou bem! Parem de ficar tristes por mim! Em vez disso, sacuda a sua bunda para mim!&#8221;.<\/p>\n<p>Ele ainda brincou sobre a apar\u00eancia tempor\u00e1ria, dizendo que vai &#8220;ficar engra\u00e7ado por um tempo, mas \u00e9 isso&#8221;. A publica\u00e7\u00e3o rendeu mensagens de carinho e desejos de melhora nos coment\u00e1rios.<\/p>\n<p>Lil Nas X n\u00e3o falou sobre a causa da paralisia, nem deu previs\u00e3o de alta. A equipe do artista tamb\u00e9m n\u00e3o se pronunciou oficialmente.<\/p><\/div>\n","protected":false},"excerpt":{"rendered":"<p>Por Ingrid Rodrigues Lil Nas X usou as redes sociais para contar que est\u00e1 internado ap\u00f3s sofrer uma paralisia facial parcial no lado direito do rosto. O rapper, que completou 26 anos no \u00faltimo dia 9, compartilhou v\u00eddeos direto do hospital e, apesar do susto, manteve o bom humor. &#8220;Ent\u00e3o, perdi o controle do lado &hellip;<\/p>\n","protected":false},"author":1,"featured_media":5199,"comment_status":"closed","ping_status":"closed","sticky":false,"template":"","format":"standard","meta":{"footnotes":""},"categories":[25],"tags":[],"class_list":["post-5198","post","type-post","status-publish","format-standard","has-post-thumbnail","hentry","category-musica"],"yoast_head":"<!-- This site is optimized with the Yoast SEO plugin v27.4 - https:\/\/yoast.com\/product\/yoast-seo-wordpress\/ -->\n<title>Lil Nas X \u00e9 internado com paralisia facial: &#039;Vou ficar engra\u00e7ado por um tempo&#039; - Transam\u00e9rica Mococa 93,3<\/title>\n<meta name=\"robots\" content=\"index, follow, max-snippet:-1, max-image-preview:large, max-video-preview:-1\" \/>\n<link rel=\"canonical\" href=\"https:\/\/transamerica93.com.br\/home\/lil-nas-x-e-internado-com-paralisia-facial-vou-ficar-engracado-por-um-tempo\/\" \/>\n<meta property=\"og:locale\" content=\"pt_BR\" \/>\n<meta property=\"og:type\" content=\"article\" \/>\n<meta property=\"og:title\" content=\"Lil Nas X \u00e9 internado com paralisia facial: &#039;Vou ficar engra\u00e7ado por um tempo&#039; - Transam\u00e9rica Mococa 93,3\" \/>\n<meta property=\"og:description\" content=\"Por Ingrid Rodrigues Lil Nas X usou as redes sociais para contar que est\u00e1 internado ap\u00f3s sofrer uma paralisia facial parcial no lado direito do rosto. O rapper, que completou 26 anos no \u00faltimo dia 9, compartilhou v\u00eddeos direto do hospital e, apesar do susto, manteve o bom humor. &#8220;Ent\u00e3o, perdi o controle do lado &hellip;\" \/>\n<meta property=\"og:url\" content=\"https:\/\/transamerica93.com.br\/home\/lil-nas-x-e-internado-com-paralisia-facial-vou-ficar-engracado-por-um-tempo\/\" \/>\n<meta property=\"og:site_name\" content=\"Transam\u00e9rica Mococa 93,3\" \/>\n<meta property=\"article:publisher\" content=\"https:\/\/www.facebook.com\/transamericamococa\" \/>\n<meta property=\"article:published_time\" content=\"2025-04-21T18:00:20+00:00\" \/>\n<meta property=\"og:image\" content=\"https:\/\/transamerica93.com.br\/home\/wp-content\/uploads\/2025\/04\/1-12.jpg\" \/>\n\t<meta property=\"og:image:width\" content=\"1276\" \/>\n\t<meta property=\"og:image:height\" content=\"768\" \/>\n\t<meta property=\"og:image:type\" content=\"image\/jpeg\" \/>\n<meta name=\"author\" content=\"Reda\u00e7\u00e3o\" \/>\n<meta name=\"twitter:card\" content=\"summary_large_image\" \/>\n<meta name=\"twitter:creator\" content=\"@transamerica933\" \/>\n<meta name=\"twitter:site\" content=\"@transamerica933\" \/>\n<meta name=\"twitter:label1\" content=\"Escrito por\" \/>\n\t<meta name=\"twitter:data1\" content=\"Reda\u00e7\u00e3o\" \/>\n\t<meta name=\"twitter:label2\" content=\"Est. tempo de leitura\" \/>\n\t<meta name=\"twitter:data2\" content=\"2 minutos\" \/>\n<script type=\"application\/ld+json\" class=\"yoast-schema-graph\">{\"@context\":\"https:\\\/\\\/schema.org\",\"@graph\":[{\"@type\":\"Article\",\"@id\":\"https:\\\/\\\/transamerica93.com.br\\\/home\\\/lil-nas-x-e-internado-com-paralisia-facial-vou-ficar-engracado-por-um-tempo\\\/#article\",\"isPartOf\":{\"@id\":\"https:\\\/\\\/transamerica93.com.br\\\/home\\\/lil-nas-x-e-internado-com-paralisia-facial-vou-ficar-engracado-por-um-tempo\\\/\"},\"author\":{\"name\":\"Reda\u00e7\u00e3o\",\"@id\":\"https:\\\/\\\/transamerica93.com.br\\\/home\\\/#\\\/schema\\\/person\\\/7fed7c99c0d4562efa8561bc0f543172\"},\"headline\":\"Lil Nas X \u00e9 internado com paralisia facial: &#8216;Vou ficar engra\u00e7ado por um tempo&#8217;\",\"datePublished\":\"2025-04-21T18:00:20+00:00\",\"mainEntityOfPage\":{\"@id\":\"https:\\\/\\\/transamerica93.com.br\\\/home\\\/lil-nas-x-e-internado-com-paralisia-facial-vou-ficar-engracado-por-um-tempo\\\/\"},\"wordCount\":203,\"publisher\":{\"@id\":\"https:\\\/\\\/transamerica93.com.br\\\/home\\\/#organization\"},\"image\":{\"@id\":\"https:\\\/\\\/transamerica93.com.br\\\/home\\\/lil-nas-x-e-internado-com-paralisia-facial-vou-ficar-engracado-por-um-tempo\\\/#primaryimage\"},\"thumbnailUrl\":\"https:\\\/\\\/transamerica93.com.br\\\/home\\\/wp-content\\\/uploads\\\/2025\\\/04\\\/1-12.jpg\",\"articleSection\":[\"M\u00fasica\"],\"inLanguage\":\"pt-BR\"},{\"@type\":\"WebPage\",\"@id\":\"https:\\\/\\\/transamerica93.com.br\\\/home\\\/lil-nas-x-e-internado-com-paralisia-facial-vou-ficar-engracado-por-um-tempo\\\/\",\"url\":\"https:\\\/\\\/transamerica93.com.br\\\/home\\\/lil-nas-x-e-internado-com-paralisia-facial-vou-ficar-engracado-por-um-tempo\\\/\",\"name\":\"Lil Nas X \u00e9 internado com paralisia facial: 'Vou ficar engra\u00e7ado por um tempo' - Transam\u00e9rica Mococa 93,3\",\"isPartOf\":{\"@id\":\"https:\\\/\\\/transamerica93.com.br\\\/home\\\/#website\"},\"primaryImageOfPage\":{\"@id\":\"https:\\\/\\\/transamerica93.com.br\\\/home\\\/lil-nas-x-e-internado-com-paralisia-facial-vou-ficar-engracado-por-um-tempo\\\/#primaryimage\"},\"image\":{\"@id\":\"https:\\\/\\\/transamerica93.com.br\\\/home\\\/lil-nas-x-e-internado-com-paralisia-facial-vou-ficar-engracado-por-um-tempo\\\/#primaryimage\"},\"thumbnailUrl\":\"https:\\\/\\\/transamerica93.com.br\\\/home\\\/wp-content\\\/uploads\\\/2025\\\/04\\\/1-12.jpg\",\"datePublished\":\"2025-04-21T18:00:20+00:00\",\"breadcrumb\":{\"@id\":\"https:\\\/\\\/transamerica93.com.br\\\/home\\\/lil-nas-x-e-internado-com-paralisia-facial-vou-ficar-engracado-por-um-tempo\\\/#breadcrumb\"},\"inLanguage\":\"pt-BR\",\"potentialAction\":[{\"@type\":\"ReadAction\",\"target\":[\"https:\\\/\\\/transamerica93.com.br\\\/home\\\/lil-nas-x-e-internado-com-paralisia-facial-vou-ficar-engracado-por-um-tempo\\\/\"]}]},{\"@type\":\"ImageObject\",\"inLanguage\":\"pt-BR\",\"@id\":\"https:\\\/\\\/transamerica93.com.br\\\/home\\\/lil-nas-x-e-internado-com-paralisia-facial-vou-ficar-engracado-por-um-tempo\\\/#primaryimage\",\"url\":\"https:\\\/\\\/transamerica93.com.br\\\/home\\\/wp-content\\\/uploads\\\/2025\\\/04\\\/1-12.jpg\",\"contentUrl\":\"https:\\\/\\\/transamerica93.com.br\\\/home\\\/wp-content\\\/uploads\\\/2025\\\/04\\\/1-12.jpg\",\"width\":1276,\"height\":768,\"caption\":\"Foto: EFE\\\/EPA\\\/CAROLINE BREHMAN\"},{\"@type\":\"BreadcrumbList\",\"@id\":\"https:\\\/\\\/transamerica93.com.br\\\/home\\\/lil-nas-x-e-internado-com-paralisia-facial-vou-ficar-engracado-por-um-tempo\\\/#breadcrumb\",\"itemListElement\":[{\"@type\":\"ListItem\",\"position\":1,\"name\":\"In\u00edcio\",\"item\":\"https:\\\/\\\/transamerica93.com.br\\\/home\\\/\"},{\"@type\":\"ListItem\",\"position\":2,\"name\":\"Lil Nas X \u00e9 internado com paralisia facial: &#8216;Vou ficar engra\u00e7ado por um tempo&#8217;\"}]},{\"@type\":\"WebSite\",\"@id\":\"https:\\\/\\\/transamerica93.com.br\\\/home\\\/#website\",\"url\":\"https:\\\/\\\/transamerica93.com.br\\\/home\\\/\",\"name\":\"Transam\u00e9rica Mococa 93,3\",\"description\":\"\",\"publisher\":{\"@id\":\"https:\\\/\\\/transamerica93.com.br\\\/home\\\/#organization\"},\"potentialAction\":[{\"@type\":\"SearchAction\",\"target\":{\"@type\":\"EntryPoint\",\"urlTemplate\":\"https:\\\/\\\/transamerica93.com.br\\\/home\\\/?s={search_term_string}\"},\"query-input\":{\"@type\":\"PropertyValueSpecification\",\"valueRequired\":true,\"valueName\":\"search_term_string\"}}],\"inLanguage\":\"pt-BR\"},{\"@type\":\"Organization\",\"@id\":\"https:\\\/\\\/transamerica93.com.br\\\/home\\\/#organization\",\"name\":\"Transam\u00e9rica Mococa 93,3\",\"url\":\"https:\\\/\\\/transamerica93.com.br\\\/home\\\/\",\"logo\":{\"@type\":\"ImageObject\",\"inLanguage\":\"pt-BR\",\"@id\":\"https:\\\/\\\/transamerica93.com.br\\\/home\\\/#\\\/schema\\\/logo\\\/image\\\/\",\"url\":\"https:\\\/\\\/transamerica93.com.br\\\/home\\\/wp-content\\\/uploads\\\/2023\\\/10\\\/logo2.png\",\"contentUrl\":\"https:\\\/\\\/transamerica93.com.br\\\/home\\\/wp-content\\\/uploads\\\/2023\\\/10\\\/logo2.png\",\"width\":800,\"height\":500,\"caption\":\"Transam\u00e9rica Mococa 93,3\"},\"image\":{\"@id\":\"https:\\\/\\\/transamerica93.com.br\\\/home\\\/#\\\/schema\\\/logo\\\/image\\\/\"},\"sameAs\":[\"https:\\\/\\\/www.facebook.com\\\/transamericamococa\",\"https:\\\/\\\/x.com\\\/transamerica933\",\"https:\\\/\\\/www.instagram.com\\\/transamericamococa\"]},{\"@type\":\"Person\",\"@id\":\"https:\\\/\\\/transamerica93.com.br\\\/home\\\/#\\\/schema\\\/person\\\/7fed7c99c0d4562efa8561bc0f543172\",\"name\":\"Reda\u00e7\u00e3o\",\"image\":{\"@type\":\"ImageObject\",\"inLanguage\":\"pt-BR\",\"@id\":\"https:\\\/\\\/secure.gravatar.com\\\/avatar\\\/1072c6b775fb02ef8506ce967551d95926669a6b7d2c2147b42eea4d7c68395e?s=96&d=mm&r=g\",\"url\":\"https:\\\/\\\/secure.gravatar.com\\\/avatar\\\/1072c6b775fb02ef8506ce967551d95926669a6b7d2c2147b42eea4d7c68395e?s=96&d=mm&r=g\",\"contentUrl\":\"https:\\\/\\\/secure.gravatar.com\\\/avatar\\\/1072c6b775fb02ef8506ce967551d95926669a6b7d2c2147b42eea4d7c68395e?s=96&d=mm&r=g\",\"caption\":\"Reda\u00e7\u00e3o\"},\"sameAs\":[\"https:\\\/\\\/transamerica93.com.br\\\/home\"],\"url\":\"https:\\\/\\\/transamerica93.com.br\\\/home\\\/author\\\/william\\\/\"}]}<\/script>\n<!-- \/ Yoast SEO plugin. -->","yoast_head_json":{"title":"Lil Nas X \u00e9 internado com paralisia facial: 'Vou ficar engra\u00e7ado por um tempo' - Transam\u00e9rica Mococa 93,3","robots":{"index":"index","follow":"follow","max-snippet":"max-snippet:-1","max-image-preview":"max-image-preview:large","max-video-preview":"max-video-preview:-1"},"canonical":"https:\/\/transamerica93.com.br\/home\/lil-nas-x-e-internado-com-paralisia-facial-vou-ficar-engracado-por-um-tempo\/","og_locale":"pt_BR","og_type":"article","og_title":"Lil Nas X \u00e9 internado com paralisia facial: 'Vou ficar engra\u00e7ado por um tempo' - Transam\u00e9rica Mococa 93,3","og_description":"Por Ingrid Rodrigues Lil Nas X usou as redes sociais para contar que est\u00e1 internado ap\u00f3s sofrer uma paralisia facial parcial no lado direito do rosto. O rapper, que completou 26 anos no \u00faltimo dia 9, compartilhou v\u00eddeos direto do hospital e, apesar do susto, manteve o bom humor. &#8220;Ent\u00e3o, perdi o controle do lado &hellip;","og_url":"https:\/\/transamerica93.com.br\/home\/lil-nas-x-e-internado-com-paralisia-facial-vou-ficar-engracado-por-um-tempo\/","og_site_name":"Transam\u00e9rica Mococa 93,3","article_publisher":"https:\/\/www.facebook.com\/transamericamococa","article_published_time":"2025-04-21T18:00:20+00:00","og_image":[{"width":1276,"height":768,"url":"https:\/\/transamerica93.com.br\/home\/wp-content\/uploads\/2025\/04\/1-12.jpg","type":"image\/jpeg"}],"author":"Reda\u00e7\u00e3o","twitter_card":"summary_large_image","twitter_creator":"@transamerica933","twitter_site":"@transamerica933","twitter_misc":{"Escrito por":"Reda\u00e7\u00e3o","Est. tempo de leitura":"2 minutos"},"schema":{"@context":"https:\/\/schema.org","@graph":[{"@type":"Article","@id":"https:\/\/transamerica93.com.br\/home\/lil-nas-x-e-internado-com-paralisia-facial-vou-ficar-engracado-por-um-tempo\/#article","isPartOf":{"@id":"https:\/\/transamerica93.com.br\/home\/lil-nas-x-e-internado-com-paralisia-facial-vou-ficar-engracado-por-um-tempo\/"},"author":{"name":"Reda\u00e7\u00e3o","@id":"https:\/\/transamerica93.com.br\/home\/#\/schema\/person\/7fed7c99c0d4562efa8561bc0f543172"},"headline":"Lil Nas X \u00e9 internado com paralisia facial: &#8216;Vou ficar engra\u00e7ado por um tempo&#8217;","datePublished":"2025-04-21T18:00:20+00:00","mainEntityOfPage":{"@id":"https:\/\/transamerica93.com.br\/home\/lil-nas-x-e-internado-com-paralisia-facial-vou-ficar-engracado-por-um-tempo\/"},"wordCount":203,"publisher":{"@id":"https:\/\/transamerica93.com.br\/home\/#organization"},"image":{"@id":"https:\/\/transamerica93.com.br\/home\/lil-nas-x-e-internado-com-paralisia-facial-vou-ficar-engracado-por-um-tempo\/#primaryimage"},"thumbnailUrl":"https:\/\/transamerica93.com.br\/home\/wp-content\/uploads\/2025\/04\/1-12.jpg","articleSection":["M\u00fasica"],"inLanguage":"pt-BR"},{"@type":"WebPage","@id":"https:\/\/transamerica93.com.br\/home\/lil-nas-x-e-internado-com-paralisia-facial-vou-ficar-engracado-por-um-tempo\/","url":"https:\/\/transamerica93.com.br\/home\/lil-nas-x-e-internado-com-paralisia-facial-vou-ficar-engracado-por-um-tempo\/","name":"Lil Nas X \u00e9 internado com paralisia facial: 'Vou ficar engra\u00e7ado por um tempo' - Transam\u00e9rica Mococa 93,3","isPartOf":{"@id":"https:\/\/transamerica93.com.br\/home\/#website"},"primaryImageOfPage":{"@id":"https:\/\/transamerica93.com.br\/home\/lil-nas-x-e-internado-com-paralisia-facial-vou-ficar-engracado-por-um-tempo\/#primaryimage"},"image":{"@id":"https:\/\/transamerica93.com.br\/home\/lil-nas-x-e-internado-com-paralisia-facial-vou-ficar-engracado-por-um-tempo\/#primaryimage"},"thumbnailUrl":"https:\/\/transamerica93.com.br\/home\/wp-content\/uploads\/2025\/04\/1-12.jpg","datePublished":"2025-04-21T18:00:20+00:00","breadcrumb":{"@id":"https:\/\/transamerica93.com.br\/home\/lil-nas-x-e-internado-com-paralisia-facial-vou-ficar-engracado-por-um-tempo\/#breadcrumb"},"inLanguage":"pt-BR","potentialAction":[{"@type":"ReadAction","target":["https:\/\/transamerica93.com.br\/home\/lil-nas-x-e-internado-com-paralisia-facial-vou-ficar-engracado-por-um-tempo\/"]}]},{"@type":"ImageObject","inLanguage":"pt-BR","@id":"https:\/\/transamerica93.com.br\/home\/lil-nas-x-e-internado-com-paralisia-facial-vou-ficar-engracado-por-um-tempo\/#primaryimage","url":"https:\/\/transamerica93.com.br\/home\/wp-content\/uploads\/2025\/04\/1-12.jpg","contentUrl":"https:\/\/transamerica93.com.br\/home\/wp-content\/uploads\/2025\/04\/1-12.jpg","width":1276,"height":768,"caption":"Foto: EFE\/EPA\/CAROLINE BREHMAN"},{"@type":"BreadcrumbList","@id":"https:\/\/transamerica93.com.br\/home\/lil-nas-x-e-internado-com-paralisia-facial-vou-ficar-engracado-por-um-tempo\/#breadcrumb","itemListElement":[{"@type":"ListItem","position":1,"name":"In\u00edcio","item":"https:\/\/transamerica93.com.br\/home\/"},{"@type":"ListItem","position":2,"name":"Lil Nas X \u00e9 internado com paralisia facial: &#8216;Vou ficar engra\u00e7ado por um tempo&#8217;"}]},{"@type":"WebSite","@id":"https:\/\/transamerica93.com.br\/home\/#website","url":"https:\/\/transamerica93.com.br\/home\/","name":"Transam\u00e9rica Mococa 93,3","description":"","publisher":{"@id":"https:\/\/transamerica93.com.br\/home\/#organization"},"potentialAction":[{"@type":"SearchAction","target":{"@type":"EntryPoint","urlTemplate":"https:\/\/transamerica93.com.br\/home\/?s={search_term_string}"},"query-input":{"@type":"PropertyValueSpecification","valueRequired":true,"valueName":"search_term_string"}}],"inLanguage":"pt-BR"},{"@type":"Organization","@id":"https:\/\/transamerica93.com.br\/home\/#organization","name":"Transam\u00e9rica Mococa 93,3","url":"https:\/\/transamerica93.com.br\/home\/","logo":{"@type":"ImageObject","inLanguage":"pt-BR","@id":"https:\/\/transamerica93.com.br\/home\/#\/schema\/logo\/image\/","url":"https:\/\/transamerica93.com.br\/home\/wp-content\/uploads\/2023\/10\/logo2.png","contentUrl":"https:\/\/transamerica93.com.br\/home\/wp-content\/uploads\/2023\/10\/logo2.png","width":800,"height":500,"caption":"Transam\u00e9rica Mococa 93,3"},"image":{"@id":"https:\/\/transamerica93.com.br\/home\/#\/schema\/logo\/image\/"},"sameAs":["https:\/\/www.facebook.com\/transamericamococa","https:\/\/x.com\/transamerica933","https:\/\/www.instagram.com\/transamericamococa"]},{"@type":"Person","@id":"https:\/\/transamerica93.com.br\/home\/#\/schema\/person\/7fed7c99c0d4562efa8561bc0f543172","name":"Reda\u00e7\u00e3o","image":{"@type":"ImageObject","inLanguage":"pt-BR","@id":"https:\/\/secure.gravatar.com\/avatar\/1072c6b775fb02ef8506ce967551d95926669a6b7d2c2147b42eea4d7c68395e?s=96&d=mm&r=g","url":"https:\/\/secure.gravatar.com\/avatar\/1072c6b775fb02ef8506ce967551d95926669a6b7d2c2147b42eea4d7c68395e?s=96&d=mm&r=g","contentUrl":"https:\/\/secure.gravatar.com\/avatar\/1072c6b775fb02ef8506ce967551d95926669a6b7d2c2147b42eea4d7c68395e?s=96&d=mm&r=g","caption":"Reda\u00e7\u00e3o"},"sameAs":["https:\/\/transamerica93.com.br\/home"],"url":"https:\/\/transamerica93.com.br\/home\/author\/william\/"}]}},"_links":{"self":[{"href":"https:\/\/transamerica93.com.br\/home\/wp-json\/wp\/v2\/posts\/5198","targetHints":{"allow":["GET"]}}],"collection":[{"href":"https:\/\/transamerica93.com.br\/home\/wp-json\/wp\/v2\/posts"}],"about":[{"href":"https:\/\/transamerica93.com.br\/home\/wp-json\/wp\/v2\/types\/post"}],"author":[{"embeddable":true,"href":"https:\/\/transamerica93.com.br\/home\/wp-json\/wp\/v2\/users\/1"}],"replies":[{"embeddable":true,"href":"https:\/\/transamerica93.com.br\/home\/wp-json\/wp\/v2\/comments?post=5198"}],"version-history":[{"count":1,"href":"https:\/\/transamerica93.com.br\/home\/wp-json\/wp\/v2\/posts\/5198\/revisions"}],"predecessor-version":[{"id":5200,"href":"https:\/\/transamerica93.com.br\/home\/wp-json\/wp\/v2\/posts\/5198\/revisions\/5200"}],"wp:featuredmedia":[{"embeddable":true,"href":"https:\/\/transamerica93.com.br\/home\/wp-json\/wp\/v2\/media\/5199"}],"wp:attachment":[{"href":"https:\/\/transamerica93.com.br\/home\/wp-json\/wp\/v2\/media?parent=5198"}],"wp:term":[{"taxonomy":"category","embeddable":true,"href":"https:\/\/transamerica93.com.br\/home\/wp-json\/wp\/v2\/categories?post=5198"},{"taxonomy":"post_tag","embeddable":true,"href":"https:\/\/transamerica93.com.br\/home\/wp-json\/wp\/v2\/tags?post=5198"}],"curies":[{"name":"wp","href":"https:\/\/api.w.org\/{rel}","templated":true}]}}