{"id":5216,"date":"2025-04-22T18:00:16","date_gmt":"2025-04-22T21:00:16","guid":{"rendered":"https:\/\/transamerica93.com.br\/home\/?p=5216"},"modified":"2025-04-18T10:26:46","modified_gmt":"2025-04-18T13:26:46","slug":"atriz-de-cobra-kai-anuncia-aposentadoria-da-atuacao-aos-46-anos","status":"publish","type":"post","link":"https:\/\/transamerica93.com.br\/home\/atriz-de-cobra-kai-anuncia-aposentadoria-da-atuacao-aos-46-anos\/","title":{"rendered":"Atriz de &#8216;Cobra Kai&#8217; anuncia aposentadoria da atua\u00e7\u00e3o aos 46 anos"},"content":{"rendered":"<h6 class=\"Assina\">Por Nico Gar\u00f3falo<\/h6>\n<p>Conhecida por\u00a0<i>Cobra Kai<\/i>,\u00a0<i>The Big Bang Theor<\/i>y e\u00a0<i>Mom<\/i>, Courtney Henggeler anunciou que est\u00e1 oficialmente aposentada da atua\u00e7\u00e3o. A ex-atriz de 46 anos publicou um texto em sua p\u00e1gina no Substack afirmando que ligou para seus agentes e disse que n\u00e3o quer mais ser &#8220;uma engrenagem da m\u00e1quina&#8221; hollywoodiana.<\/p>\n<p>&#8220;Tudo o que eu conheci na minha vida profissional foi a atua\u00e7\u00e3o. Mas n\u00e3o a arte ou o of\u00edcio da atua\u00e7\u00e3o. Tudo o que conheci foi a labuta&#8221;, escreveu Henggeler. &#8220;A labuta, o esfor\u00e7o, ocasionalmente enfeitado com um trabalho como atriz. Talvez uma ou duas falas em House &#8211; \u2018desculpe\u2019 (\u00e9 isso. Essa foi minha fala Genial).&#8221;<\/p>\n<p>Henggeler disse que atores vivem de &#8220;migalhas&#8221;. &#8220;Enchemos nossos copos com as possibilidades; nossas canecas com ilus\u00f5es. Nossos pratos est\u00e3o vazios, mas um ganso dourado paira sobre nossas cabe\u00e7as. \u2018Pode ser hoje. Hoje talvez seja o dia que eu alcance o ganso dourado\u2019.&#8221;<\/p>\n<p>Ela diz ainda saber que \u00e9 uma das profissionais com sorte na ind\u00fastria, tendo estrelado uma s\u00e9rie de imenso sucesso e um filme dirigido por George Clooney (<i>Remando para o Ouro<\/i>, de 2023). &#8220;Isso \u00e9 a defini\u00e7\u00e3o do ganso de ouro.&#8221;<\/p>\n<p>&#8220;Por anos, silenciei a voz na minha cabe\u00e7a que me implorava para parar. A voz, o tormento constante. N\u00e3o por causa do ato de atuar. Mas por causa dos obst\u00e1culos que eu tinha que superar para alcan\u00e7ar a atua\u00e7\u00e3o. O que antes era necess\u00e1rio, algo do qual eu participava voluntariamente, at\u00e9 celebrava, se tornou sufocante&#8221;, desabafou no texto.<\/p>\n<p>Henggeler afirmou que a vida desafiante de atriz a fez perder sua perspectiva &#8220;da pr\u00f3pria m\u00e1quina&#8221;. &#8220;E se nunca precis\u00e1ssemos passar pelos obst\u00e1culos? E se n\u00f3s formos os obst\u00e1culos?&#8221;, concluiu.<\/p>\n<p>O primeiro papel de Henggeler em Hollywood veio em 2003, com o terror de baixo or\u00e7amento\u00a0<i>The Bog Creatures<\/i>. Depois disso, ela acumulou participa\u00e7\u00f5es espor\u00e1dicas em diversas s\u00e9ries de TV, como\u00a0<i>House<\/i>,\u00a0<i>Criminal Minds<\/i>\u00a0e\u00a0<i>Melissa &amp; Joey<\/i>, mas s\u00f3 ganhou destaque de verdade como Amanda LaRusso em\u00a0<i>Cobra Kai<\/i>, transmitida entre 2018 e 2025.<\/p>\n","protected":false},"excerpt":{"rendered":"<p>Por Nico Gar\u00f3falo Conhecida por\u00a0Cobra Kai,\u00a0The Big Bang Theory e\u00a0Mom, Courtney Henggeler anunciou que est\u00e1 oficialmente aposentada da atua\u00e7\u00e3o. A ex-atriz de 46 anos publicou um texto em sua p\u00e1gina no Substack afirmando que ligou para seus agentes e disse que n\u00e3o quer mais ser &#8220;uma engrenagem da m\u00e1quina&#8221; hollywoodiana. &#8220;Tudo o que eu conheci &hellip;<\/p>\n","protected":false},"author":1,"featured_media":5217,"comment_status":"closed","ping_status":"closed","sticky":false,"template":"","format":"standard","meta":{"footnotes":""},"categories":[24],"tags":[],"class_list":["post-5216","post","type-post","status-publish","format-standard","has-post-thumbnail","hentry","category-entretenimento"],"yoast_head":"<!-- This site is optimized with the Yoast SEO plugin v27.4 - https:\/\/yoast.com\/product\/yoast-seo-wordpress\/ -->\n<title>Atriz de &#039;Cobra Kai&#039; anuncia aposentadoria da atua\u00e7\u00e3o aos 46 anos - Transam\u00e9rica Mococa 93,3<\/title>\n<meta name=\"robots\" content=\"index, follow, max-snippet:-1, max-image-preview:large, max-video-preview:-1\" \/>\n<link rel=\"canonical\" href=\"https:\/\/transamerica93.com.br\/home\/atriz-de-cobra-kai-anuncia-aposentadoria-da-atuacao-aos-46-anos\/\" \/>\n<meta property=\"og:locale\" content=\"pt_BR\" \/>\n<meta property=\"og:type\" content=\"article\" \/>\n<meta property=\"og:title\" content=\"Atriz de &#039;Cobra Kai&#039; anuncia aposentadoria da atua\u00e7\u00e3o aos 46 anos - Transam\u00e9rica Mococa 93,3\" \/>\n<meta property=\"og:description\" content=\"Por Nico Gar\u00f3falo Conhecida por\u00a0Cobra Kai,\u00a0The Big Bang Theory e\u00a0Mom, Courtney Henggeler anunciou que est\u00e1 oficialmente aposentada da atua\u00e7\u00e3o. A ex-atriz de 46 anos publicou um texto em sua p\u00e1gina no Substack afirmando que ligou para seus agentes e disse que n\u00e3o quer mais ser &#8220;uma engrenagem da m\u00e1quina&#8221; hollywoodiana. &#8220;Tudo o que eu conheci &hellip;\" \/>\n<meta property=\"og:url\" content=\"https:\/\/transamerica93.com.br\/home\/atriz-de-cobra-kai-anuncia-aposentadoria-da-atuacao-aos-46-anos\/\" \/>\n<meta property=\"og:site_name\" content=\"Transam\u00e9rica Mococa 93,3\" \/>\n<meta property=\"article:publisher\" content=\"https:\/\/www.facebook.com\/transamericamococa\" \/>\n<meta property=\"article:published_time\" content=\"2025-04-22T21:00:16+00:00\" \/>\n<meta property=\"og:image\" content=\"https:\/\/transamerica93.com.br\/home\/wp-content\/uploads\/2025\/04\/1-18.jpg\" \/>\n\t<meta property=\"og:image:width\" content=\"1021\" \/>\n\t<meta property=\"og:image:height\" content=\"587\" \/>\n\t<meta property=\"og:image:type\" content=\"image\/jpeg\" \/>\n<meta name=\"author\" content=\"Reda\u00e7\u00e3o\" \/>\n<meta name=\"twitter:card\" content=\"summary_large_image\" \/>\n<meta name=\"twitter:creator\" content=\"@transamerica933\" \/>\n<meta name=\"twitter:site\" content=\"@transamerica933\" \/>\n<meta name=\"twitter:label1\" content=\"Escrito por\" \/>\n\t<meta name=\"twitter:data1\" content=\"Reda\u00e7\u00e3o\" \/>\n\t<meta name=\"twitter:label2\" content=\"Est. tempo de leitura\" \/>\n\t<meta name=\"twitter:data2\" content=\"3 minutos\" \/>\n<script type=\"application\/ld+json\" class=\"yoast-schema-graph\">{\"@context\":\"https:\\\/\\\/schema.org\",\"@graph\":[{\"@type\":\"Article\",\"@id\":\"https:\\\/\\\/transamerica93.com.br\\\/home\\\/atriz-de-cobra-kai-anuncia-aposentadoria-da-atuacao-aos-46-anos\\\/#article\",\"isPartOf\":{\"@id\":\"https:\\\/\\\/transamerica93.com.br\\\/home\\\/atriz-de-cobra-kai-anuncia-aposentadoria-da-atuacao-aos-46-anos\\\/\"},\"author\":{\"name\":\"Reda\u00e7\u00e3o\",\"@id\":\"https:\\\/\\\/transamerica93.com.br\\\/home\\\/#\\\/schema\\\/person\\\/7fed7c99c0d4562efa8561bc0f543172\"},\"headline\":\"Atriz de &#8216;Cobra Kai&#8217; anuncia aposentadoria da atua\u00e7\u00e3o aos 46 anos\",\"datePublished\":\"2025-04-22T21:00:16+00:00\",\"mainEntityOfPage\":{\"@id\":\"https:\\\/\\\/transamerica93.com.br\\\/home\\\/atriz-de-cobra-kai-anuncia-aposentadoria-da-atuacao-aos-46-anos\\\/\"},\"wordCount\":372,\"publisher\":{\"@id\":\"https:\\\/\\\/transamerica93.com.br\\\/home\\\/#organization\"},\"image\":{\"@id\":\"https:\\\/\\\/transamerica93.com.br\\\/home\\\/atriz-de-cobra-kai-anuncia-aposentadoria-da-atuacao-aos-46-anos\\\/#primaryimage\"},\"thumbnailUrl\":\"https:\\\/\\\/transamerica93.com.br\\\/home\\\/wp-content\\\/uploads\\\/2025\\\/04\\\/1-18.jpg\",\"articleSection\":[\"Entretenimento\"],\"inLanguage\":\"pt-BR\"},{\"@type\":\"WebPage\",\"@id\":\"https:\\\/\\\/transamerica93.com.br\\\/home\\\/atriz-de-cobra-kai-anuncia-aposentadoria-da-atuacao-aos-46-anos\\\/\",\"url\":\"https:\\\/\\\/transamerica93.com.br\\\/home\\\/atriz-de-cobra-kai-anuncia-aposentadoria-da-atuacao-aos-46-anos\\\/\",\"name\":\"Atriz de 'Cobra Kai' anuncia aposentadoria da atua\u00e7\u00e3o aos 46 anos - Transam\u00e9rica Mococa 93,3\",\"isPartOf\":{\"@id\":\"https:\\\/\\\/transamerica93.com.br\\\/home\\\/#website\"},\"primaryImageOfPage\":{\"@id\":\"https:\\\/\\\/transamerica93.com.br\\\/home\\\/atriz-de-cobra-kai-anuncia-aposentadoria-da-atuacao-aos-46-anos\\\/#primaryimage\"},\"image\":{\"@id\":\"https:\\\/\\\/transamerica93.com.br\\\/home\\\/atriz-de-cobra-kai-anuncia-aposentadoria-da-atuacao-aos-46-anos\\\/#primaryimage\"},\"thumbnailUrl\":\"https:\\\/\\\/transamerica93.com.br\\\/home\\\/wp-content\\\/uploads\\\/2025\\\/04\\\/1-18.jpg\",\"datePublished\":\"2025-04-22T21:00:16+00:00\",\"breadcrumb\":{\"@id\":\"https:\\\/\\\/transamerica93.com.br\\\/home\\\/atriz-de-cobra-kai-anuncia-aposentadoria-da-atuacao-aos-46-anos\\\/#breadcrumb\"},\"inLanguage\":\"pt-BR\",\"potentialAction\":[{\"@type\":\"ReadAction\",\"target\":[\"https:\\\/\\\/transamerica93.com.br\\\/home\\\/atriz-de-cobra-kai-anuncia-aposentadoria-da-atuacao-aos-46-anos\\\/\"]}]},{\"@type\":\"ImageObject\",\"inLanguage\":\"pt-BR\",\"@id\":\"https:\\\/\\\/transamerica93.com.br\\\/home\\\/atriz-de-cobra-kai-anuncia-aposentadoria-da-atuacao-aos-46-anos\\\/#primaryimage\",\"url\":\"https:\\\/\\\/transamerica93.com.br\\\/home\\\/wp-content\\\/uploads\\\/2025\\\/04\\\/1-18.jpg\",\"contentUrl\":\"https:\\\/\\\/transamerica93.com.br\\\/home\\\/wp-content\\\/uploads\\\/2025\\\/04\\\/1-18.jpg\",\"width\":1021,\"height\":587},{\"@type\":\"BreadcrumbList\",\"@id\":\"https:\\\/\\\/transamerica93.com.br\\\/home\\\/atriz-de-cobra-kai-anuncia-aposentadoria-da-atuacao-aos-46-anos\\\/#breadcrumb\",\"itemListElement\":[{\"@type\":\"ListItem\",\"position\":1,\"name\":\"In\u00edcio\",\"item\":\"https:\\\/\\\/transamerica93.com.br\\\/home\\\/\"},{\"@type\":\"ListItem\",\"position\":2,\"name\":\"Atriz de &#8216;Cobra Kai&#8217; anuncia aposentadoria da atua\u00e7\u00e3o aos 46 anos\"}]},{\"@type\":\"WebSite\",\"@id\":\"https:\\\/\\\/transamerica93.com.br\\\/home\\\/#website\",\"url\":\"https:\\\/\\\/transamerica93.com.br\\\/home\\\/\",\"name\":\"Transam\u00e9rica Mococa 93,3\",\"description\":\"\",\"publisher\":{\"@id\":\"https:\\\/\\\/transamerica93.com.br\\\/home\\\/#organization\"},\"potentialAction\":[{\"@type\":\"SearchAction\",\"target\":{\"@type\":\"EntryPoint\",\"urlTemplate\":\"https:\\\/\\\/transamerica93.com.br\\\/home\\\/?s={search_term_string}\"},\"query-input\":{\"@type\":\"PropertyValueSpecification\",\"valueRequired\":true,\"valueName\":\"search_term_string\"}}],\"inLanguage\":\"pt-BR\"},{\"@type\":\"Organization\",\"@id\":\"https:\\\/\\\/transamerica93.com.br\\\/home\\\/#organization\",\"name\":\"Transam\u00e9rica Mococa 93,3\",\"url\":\"https:\\\/\\\/transamerica93.com.br\\\/home\\\/\",\"logo\":{\"@type\":\"ImageObject\",\"inLanguage\":\"pt-BR\",\"@id\":\"https:\\\/\\\/transamerica93.com.br\\\/home\\\/#\\\/schema\\\/logo\\\/image\\\/\",\"url\":\"https:\\\/\\\/transamerica93.com.br\\\/home\\\/wp-content\\\/uploads\\\/2023\\\/10\\\/logo2.png\",\"contentUrl\":\"https:\\\/\\\/transamerica93.com.br\\\/home\\\/wp-content\\\/uploads\\\/2023\\\/10\\\/logo2.png\",\"width\":800,\"height\":500,\"caption\":\"Transam\u00e9rica Mococa 93,3\"},\"image\":{\"@id\":\"https:\\\/\\\/transamerica93.com.br\\\/home\\\/#\\\/schema\\\/logo\\\/image\\\/\"},\"sameAs\":[\"https:\\\/\\\/www.facebook.com\\\/transamericamococa\",\"https:\\\/\\\/x.com\\\/transamerica933\",\"https:\\\/\\\/www.instagram.com\\\/transamericamococa\"]},{\"@type\":\"Person\",\"@id\":\"https:\\\/\\\/transamerica93.com.br\\\/home\\\/#\\\/schema\\\/person\\\/7fed7c99c0d4562efa8561bc0f543172\",\"name\":\"Reda\u00e7\u00e3o\",\"image\":{\"@type\":\"ImageObject\",\"inLanguage\":\"pt-BR\",\"@id\":\"https:\\\/\\\/secure.gravatar.com\\\/avatar\\\/1072c6b775fb02ef8506ce967551d95926669a6b7d2c2147b42eea4d7c68395e?s=96&d=mm&r=g\",\"url\":\"https:\\\/\\\/secure.gravatar.com\\\/avatar\\\/1072c6b775fb02ef8506ce967551d95926669a6b7d2c2147b42eea4d7c68395e?s=96&d=mm&r=g\",\"contentUrl\":\"https:\\\/\\\/secure.gravatar.com\\\/avatar\\\/1072c6b775fb02ef8506ce967551d95926669a6b7d2c2147b42eea4d7c68395e?s=96&d=mm&r=g\",\"caption\":\"Reda\u00e7\u00e3o\"},\"sameAs\":[\"https:\\\/\\\/transamerica93.com.br\\\/home\"],\"url\":\"https:\\\/\\\/transamerica93.com.br\\\/home\\\/author\\\/william\\\/\"}]}<\/script>\n<!-- \/ Yoast SEO plugin. -->","yoast_head_json":{"title":"Atriz de 'Cobra Kai' anuncia aposentadoria da atua\u00e7\u00e3o aos 46 anos - Transam\u00e9rica Mococa 93,3","robots":{"index":"index","follow":"follow","max-snippet":"max-snippet:-1","max-image-preview":"max-image-preview:large","max-video-preview":"max-video-preview:-1"},"canonical":"https:\/\/transamerica93.com.br\/home\/atriz-de-cobra-kai-anuncia-aposentadoria-da-atuacao-aos-46-anos\/","og_locale":"pt_BR","og_type":"article","og_title":"Atriz de 'Cobra Kai' anuncia aposentadoria da atua\u00e7\u00e3o aos 46 anos - Transam\u00e9rica Mococa 93,3","og_description":"Por Nico Gar\u00f3falo Conhecida por\u00a0Cobra Kai,\u00a0The Big Bang Theory e\u00a0Mom, Courtney Henggeler anunciou que est\u00e1 oficialmente aposentada da atua\u00e7\u00e3o. A ex-atriz de 46 anos publicou um texto em sua p\u00e1gina no Substack afirmando que ligou para seus agentes e disse que n\u00e3o quer mais ser &#8220;uma engrenagem da m\u00e1quina&#8221; hollywoodiana. &#8220;Tudo o que eu conheci &hellip;","og_url":"https:\/\/transamerica93.com.br\/home\/atriz-de-cobra-kai-anuncia-aposentadoria-da-atuacao-aos-46-anos\/","og_site_name":"Transam\u00e9rica Mococa 93,3","article_publisher":"https:\/\/www.facebook.com\/transamericamococa","article_published_time":"2025-04-22T21:00:16+00:00","og_image":[{"width":1021,"height":587,"url":"https:\/\/transamerica93.com.br\/home\/wp-content\/uploads\/2025\/04\/1-18.jpg","type":"image\/jpeg"}],"author":"Reda\u00e7\u00e3o","twitter_card":"summary_large_image","twitter_creator":"@transamerica933","twitter_site":"@transamerica933","twitter_misc":{"Escrito por":"Reda\u00e7\u00e3o","Est. tempo de leitura":"3 minutos"},"schema":{"@context":"https:\/\/schema.org","@graph":[{"@type":"Article","@id":"https:\/\/transamerica93.com.br\/home\/atriz-de-cobra-kai-anuncia-aposentadoria-da-atuacao-aos-46-anos\/#article","isPartOf":{"@id":"https:\/\/transamerica93.com.br\/home\/atriz-de-cobra-kai-anuncia-aposentadoria-da-atuacao-aos-46-anos\/"},"author":{"name":"Reda\u00e7\u00e3o","@id":"https:\/\/transamerica93.com.br\/home\/#\/schema\/person\/7fed7c99c0d4562efa8561bc0f543172"},"headline":"Atriz de &#8216;Cobra Kai&#8217; anuncia aposentadoria da atua\u00e7\u00e3o aos 46 anos","datePublished":"2025-04-22T21:00:16+00:00","mainEntityOfPage":{"@id":"https:\/\/transamerica93.com.br\/home\/atriz-de-cobra-kai-anuncia-aposentadoria-da-atuacao-aos-46-anos\/"},"wordCount":372,"publisher":{"@id":"https:\/\/transamerica93.com.br\/home\/#organization"},"image":{"@id":"https:\/\/transamerica93.com.br\/home\/atriz-de-cobra-kai-anuncia-aposentadoria-da-atuacao-aos-46-anos\/#primaryimage"},"thumbnailUrl":"https:\/\/transamerica93.com.br\/home\/wp-content\/uploads\/2025\/04\/1-18.jpg","articleSection":["Entretenimento"],"inLanguage":"pt-BR"},{"@type":"WebPage","@id":"https:\/\/transamerica93.com.br\/home\/atriz-de-cobra-kai-anuncia-aposentadoria-da-atuacao-aos-46-anos\/","url":"https:\/\/transamerica93.com.br\/home\/atriz-de-cobra-kai-anuncia-aposentadoria-da-atuacao-aos-46-anos\/","name":"Atriz de 'Cobra Kai' anuncia aposentadoria da atua\u00e7\u00e3o aos 46 anos - Transam\u00e9rica Mococa 93,3","isPartOf":{"@id":"https:\/\/transamerica93.com.br\/home\/#website"},"primaryImageOfPage":{"@id":"https:\/\/transamerica93.com.br\/home\/atriz-de-cobra-kai-anuncia-aposentadoria-da-atuacao-aos-46-anos\/#primaryimage"},"image":{"@id":"https:\/\/transamerica93.com.br\/home\/atriz-de-cobra-kai-anuncia-aposentadoria-da-atuacao-aos-46-anos\/#primaryimage"},"thumbnailUrl":"https:\/\/transamerica93.com.br\/home\/wp-content\/uploads\/2025\/04\/1-18.jpg","datePublished":"2025-04-22T21:00:16+00:00","breadcrumb":{"@id":"https:\/\/transamerica93.com.br\/home\/atriz-de-cobra-kai-anuncia-aposentadoria-da-atuacao-aos-46-anos\/#breadcrumb"},"inLanguage":"pt-BR","potentialAction":[{"@type":"ReadAction","target":["https:\/\/transamerica93.com.br\/home\/atriz-de-cobra-kai-anuncia-aposentadoria-da-atuacao-aos-46-anos\/"]}]},{"@type":"ImageObject","inLanguage":"pt-BR","@id":"https:\/\/transamerica93.com.br\/home\/atriz-de-cobra-kai-anuncia-aposentadoria-da-atuacao-aos-46-anos\/#primaryimage","url":"https:\/\/transamerica93.com.br\/home\/wp-content\/uploads\/2025\/04\/1-18.jpg","contentUrl":"https:\/\/transamerica93.com.br\/home\/wp-content\/uploads\/2025\/04\/1-18.jpg","width":1021,"height":587},{"@type":"BreadcrumbList","@id":"https:\/\/transamerica93.com.br\/home\/atriz-de-cobra-kai-anuncia-aposentadoria-da-atuacao-aos-46-anos\/#breadcrumb","itemListElement":[{"@type":"ListItem","position":1,"name":"In\u00edcio","item":"https:\/\/transamerica93.com.br\/home\/"},{"@type":"ListItem","position":2,"name":"Atriz de &#8216;Cobra Kai&#8217; anuncia aposentadoria da atua\u00e7\u00e3o aos 46 anos"}]},{"@type":"WebSite","@id":"https:\/\/transamerica93.com.br\/home\/#website","url":"https:\/\/transamerica93.com.br\/home\/","name":"Transam\u00e9rica Mococa 93,3","description":"","publisher":{"@id":"https:\/\/transamerica93.com.br\/home\/#organization"},"potentialAction":[{"@type":"SearchAction","target":{"@type":"EntryPoint","urlTemplate":"https:\/\/transamerica93.com.br\/home\/?s={search_term_string}"},"query-input":{"@type":"PropertyValueSpecification","valueRequired":true,"valueName":"search_term_string"}}],"inLanguage":"pt-BR"},{"@type":"Organization","@id":"https:\/\/transamerica93.com.br\/home\/#organization","name":"Transam\u00e9rica Mococa 93,3","url":"https:\/\/transamerica93.com.br\/home\/","logo":{"@type":"ImageObject","inLanguage":"pt-BR","@id":"https:\/\/transamerica93.com.br\/home\/#\/schema\/logo\/image\/","url":"https:\/\/transamerica93.com.br\/home\/wp-content\/uploads\/2023\/10\/logo2.png","contentUrl":"https:\/\/transamerica93.com.br\/home\/wp-content\/uploads\/2023\/10\/logo2.png","width":800,"height":500,"caption":"Transam\u00e9rica Mococa 93,3"},"image":{"@id":"https:\/\/transamerica93.com.br\/home\/#\/schema\/logo\/image\/"},"sameAs":["https:\/\/www.facebook.com\/transamericamococa","https:\/\/x.com\/transamerica933","https:\/\/www.instagram.com\/transamericamococa"]},{"@type":"Person","@id":"https:\/\/transamerica93.com.br\/home\/#\/schema\/person\/7fed7c99c0d4562efa8561bc0f543172","name":"Reda\u00e7\u00e3o","image":{"@type":"ImageObject","inLanguage":"pt-BR","@id":"https:\/\/secure.gravatar.com\/avatar\/1072c6b775fb02ef8506ce967551d95926669a6b7d2c2147b42eea4d7c68395e?s=96&d=mm&r=g","url":"https:\/\/secure.gravatar.com\/avatar\/1072c6b775fb02ef8506ce967551d95926669a6b7d2c2147b42eea4d7c68395e?s=96&d=mm&r=g","contentUrl":"https:\/\/secure.gravatar.com\/avatar\/1072c6b775fb02ef8506ce967551d95926669a6b7d2c2147b42eea4d7c68395e?s=96&d=mm&r=g","caption":"Reda\u00e7\u00e3o"},"sameAs":["https:\/\/transamerica93.com.br\/home"],"url":"https:\/\/transamerica93.com.br\/home\/author\/william\/"}]}},"_links":{"self":[{"href":"https:\/\/transamerica93.com.br\/home\/wp-json\/wp\/v2\/posts\/5216","targetHints":{"allow":["GET"]}}],"collection":[{"href":"https:\/\/transamerica93.com.br\/home\/wp-json\/wp\/v2\/posts"}],"about":[{"href":"https:\/\/transamerica93.com.br\/home\/wp-json\/wp\/v2\/types\/post"}],"author":[{"embeddable":true,"href":"https:\/\/transamerica93.com.br\/home\/wp-json\/wp\/v2\/users\/1"}],"replies":[{"embeddable":true,"href":"https:\/\/transamerica93.com.br\/home\/wp-json\/wp\/v2\/comments?post=5216"}],"version-history":[{"count":1,"href":"https:\/\/transamerica93.com.br\/home\/wp-json\/wp\/v2\/posts\/5216\/revisions"}],"predecessor-version":[{"id":5218,"href":"https:\/\/transamerica93.com.br\/home\/wp-json\/wp\/v2\/posts\/5216\/revisions\/5218"}],"wp:featuredmedia":[{"embeddable":true,"href":"https:\/\/transamerica93.com.br\/home\/wp-json\/wp\/v2\/media\/5217"}],"wp:attachment":[{"href":"https:\/\/transamerica93.com.br\/home\/wp-json\/wp\/v2\/media?parent=5216"}],"wp:term":[{"taxonomy":"category","embeddable":true,"href":"https:\/\/transamerica93.com.br\/home\/wp-json\/wp\/v2\/categories?post=5216"},{"taxonomy":"post_tag","embeddable":true,"href":"https:\/\/transamerica93.com.br\/home\/wp-json\/wp\/v2\/tags?post=5216"}],"curies":[{"name":"wp","href":"https:\/\/api.w.org\/{rel}","templated":true}]}}