{"id":5222,"date":"2025-04-24T18:00:48","date_gmt":"2025-04-24T21:00:48","guid":{"rendered":"https:\/\/transamerica93.com.br\/home\/?p=5222"},"modified":"2025-04-18T10:30:00","modified_gmt":"2025-04-18T13:30:00","slug":"nao-me-senti-arrasada-por-perder-o-oscar-afirma-demi-moore","status":"publish","type":"post","link":"https:\/\/transamerica93.com.br\/home\/nao-me-senti-arrasada-por-perder-o-oscar-afirma-demi-moore\/","title":{"rendered":"&#8216;N\u00e3o me senti arrasada&#8217; por perder o Oscar, afirma Demi Moore"},"content":{"rendered":"<div id=\"Corpo\">\n<h6 class=\"Assina\">Por Maria Fernanda Viana<\/h6>\n<p>Demi Moore falou sobre a derrota no Oscar pela primeira vez A atriz concorreu ao pr\u00eamio de Melhor Atriz por sua performance em\u00a0<i>A Subst\u00e2ncia<\/i>, mas perdeu a estatueta para Mikey Madison (<i>Anora<\/i>).<\/p>\n<p>&#8220;Eu inclinei e disse para o meu empres\u00e1rio: \u2018Eu acho que v\u00e3o dar para a Mikey\u2019. Eu n\u00e3o sei o motivo de eu saber, mas eu sabia. Eu estava muito centrada e calma. N\u00e3o me senti arrasada. N\u00e3o senti nenhuma dessas coisas. Eu s\u00f3 confiei e fui confiante no que quer que acontecesse&#8221;, disse \u00e0\u00a0<i>Variety<\/i>.<\/p>\n<p>A atriz ganhou seu primeiro Globo de Ouro na edi\u00e7\u00e3o de 2025. Ela foi premiada como Melhor Atriz em Filme de Com\u00e9dia ou Musical por sua atua\u00e7\u00e3o em\u00a0<i>A Subst\u00e2ncia<\/i>.<\/p>\n<p>O filme acompanha Elisabeth Sparkle (Demi Moore), uma atriz de 50 anos que \u00e9 demitida no seu anivers\u00e1rio por ser \u2018velha\u2019 demais para o programa de gin\u00e1stica que apresenta na TV. Ela entra em uma crise, bate o carro, e, ao parar no hospital, conhece a Subst\u00e2ncia, uma droga que promete torn\u00e1-la &#8220;a melhor vers\u00e3o de si mesma&#8221;, mais jovem e mais bonita.<\/p>\n<p>*Estagi\u00e1ria sob supervis\u00e3o de Charlise Morais<\/p><\/div>\n","protected":false},"excerpt":{"rendered":"<p>Por Maria Fernanda Viana Demi Moore falou sobre a derrota no Oscar pela primeira vez A atriz concorreu ao pr\u00eamio de Melhor Atriz por sua performance em\u00a0A Subst\u00e2ncia, mas perdeu a estatueta para Mikey Madison (Anora). &#8220;Eu inclinei e disse para o meu empres\u00e1rio: \u2018Eu acho que v\u00e3o dar para a Mikey\u2019. Eu n\u00e3o sei &hellip;<\/p>\n","protected":false},"author":1,"featured_media":5223,"comment_status":"closed","ping_status":"closed","sticky":false,"template":"","format":"standard","meta":{"footnotes":""},"categories":[24],"tags":[],"class_list":["post-5222","post","type-post","status-publish","format-standard","has-post-thumbnail","hentry","category-entretenimento"],"yoast_head":"<!-- This site is optimized with the Yoast SEO plugin v27.4 - https:\/\/yoast.com\/product\/yoast-seo-wordpress\/ -->\n<title>&#039;N\u00e3o me senti arrasada&#039; por perder o Oscar, afirma Demi Moore - Transam\u00e9rica Mococa 93,3<\/title>\n<meta name=\"robots\" content=\"index, follow, max-snippet:-1, max-image-preview:large, max-video-preview:-1\" \/>\n<link rel=\"canonical\" href=\"https:\/\/transamerica93.com.br\/home\/nao-me-senti-arrasada-por-perder-o-oscar-afirma-demi-moore\/\" \/>\n<meta property=\"og:locale\" content=\"pt_BR\" \/>\n<meta property=\"og:type\" content=\"article\" \/>\n<meta property=\"og:title\" content=\"&#039;N\u00e3o me senti arrasada&#039; por perder o Oscar, afirma Demi Moore - Transam\u00e9rica Mococa 93,3\" \/>\n<meta property=\"og:description\" content=\"Por Maria Fernanda Viana Demi Moore falou sobre a derrota no Oscar pela primeira vez A atriz concorreu ao pr\u00eamio de Melhor Atriz por sua performance em\u00a0A Subst\u00e2ncia, mas perdeu a estatueta para Mikey Madison (Anora). &#8220;Eu inclinei e disse para o meu empres\u00e1rio: \u2018Eu acho que v\u00e3o dar para a Mikey\u2019. Eu n\u00e3o sei &hellip;\" \/>\n<meta property=\"og:url\" content=\"https:\/\/transamerica93.com.br\/home\/nao-me-senti-arrasada-por-perder-o-oscar-afirma-demi-moore\/\" \/>\n<meta property=\"og:site_name\" content=\"Transam\u00e9rica Mococa 93,3\" \/>\n<meta property=\"article:publisher\" content=\"https:\/\/www.facebook.com\/transamericamococa\" \/>\n<meta property=\"article:published_time\" content=\"2025-04-24T21:00:48+00:00\" \/>\n<meta property=\"og:image\" content=\"https:\/\/transamerica93.com.br\/home\/wp-content\/uploads\/2025\/04\/1-20.jpg\" \/>\n\t<meta property=\"og:image:width\" content=\"840\" \/>\n\t<meta property=\"og:image:height\" content=\"520\" \/>\n\t<meta property=\"og:image:type\" content=\"image\/jpeg\" \/>\n<meta name=\"author\" content=\"Reda\u00e7\u00e3o\" \/>\n<meta name=\"twitter:card\" content=\"summary_large_image\" \/>\n<meta name=\"twitter:creator\" content=\"@transamerica933\" \/>\n<meta name=\"twitter:site\" content=\"@transamerica933\" \/>\n<meta name=\"twitter:label1\" content=\"Escrito por\" \/>\n\t<meta name=\"twitter:data1\" content=\"Reda\u00e7\u00e3o\" \/>\n\t<meta name=\"twitter:label2\" content=\"Est. tempo de leitura\" \/>\n\t<meta name=\"twitter:data2\" content=\"2 minutos\" \/>\n<script type=\"application\/ld+json\" class=\"yoast-schema-graph\">{\"@context\":\"https:\\\/\\\/schema.org\",\"@graph\":[{\"@type\":\"Article\",\"@id\":\"https:\\\/\\\/transamerica93.com.br\\\/home\\\/nao-me-senti-arrasada-por-perder-o-oscar-afirma-demi-moore\\\/#article\",\"isPartOf\":{\"@id\":\"https:\\\/\\\/transamerica93.com.br\\\/home\\\/nao-me-senti-arrasada-por-perder-o-oscar-afirma-demi-moore\\\/\"},\"author\":{\"name\":\"Reda\u00e7\u00e3o\",\"@id\":\"https:\\\/\\\/transamerica93.com.br\\\/home\\\/#\\\/schema\\\/person\\\/7fed7c99c0d4562efa8561bc0f543172\"},\"headline\":\"&#8216;N\u00e3o me senti arrasada&#8217; por perder o Oscar, afirma Demi Moore\",\"datePublished\":\"2025-04-24T21:00:48+00:00\",\"mainEntityOfPage\":{\"@id\":\"https:\\\/\\\/transamerica93.com.br\\\/home\\\/nao-me-senti-arrasada-por-perder-o-oscar-afirma-demi-moore\\\/\"},\"wordCount\":218,\"publisher\":{\"@id\":\"https:\\\/\\\/transamerica93.com.br\\\/home\\\/#organization\"},\"image\":{\"@id\":\"https:\\\/\\\/transamerica93.com.br\\\/home\\\/nao-me-senti-arrasada-por-perder-o-oscar-afirma-demi-moore\\\/#primaryimage\"},\"thumbnailUrl\":\"https:\\\/\\\/transamerica93.com.br\\\/home\\\/wp-content\\\/uploads\\\/2025\\\/04\\\/1-20.jpg\",\"articleSection\":[\"Entretenimento\"],\"inLanguage\":\"pt-BR\"},{\"@type\":\"WebPage\",\"@id\":\"https:\\\/\\\/transamerica93.com.br\\\/home\\\/nao-me-senti-arrasada-por-perder-o-oscar-afirma-demi-moore\\\/\",\"url\":\"https:\\\/\\\/transamerica93.com.br\\\/home\\\/nao-me-senti-arrasada-por-perder-o-oscar-afirma-demi-moore\\\/\",\"name\":\"'N\u00e3o me senti arrasada' por perder o Oscar, afirma Demi Moore - Transam\u00e9rica Mococa 93,3\",\"isPartOf\":{\"@id\":\"https:\\\/\\\/transamerica93.com.br\\\/home\\\/#website\"},\"primaryImageOfPage\":{\"@id\":\"https:\\\/\\\/transamerica93.com.br\\\/home\\\/nao-me-senti-arrasada-por-perder-o-oscar-afirma-demi-moore\\\/#primaryimage\"},\"image\":{\"@id\":\"https:\\\/\\\/transamerica93.com.br\\\/home\\\/nao-me-senti-arrasada-por-perder-o-oscar-afirma-demi-moore\\\/#primaryimage\"},\"thumbnailUrl\":\"https:\\\/\\\/transamerica93.com.br\\\/home\\\/wp-content\\\/uploads\\\/2025\\\/04\\\/1-20.jpg\",\"datePublished\":\"2025-04-24T21:00:48+00:00\",\"breadcrumb\":{\"@id\":\"https:\\\/\\\/transamerica93.com.br\\\/home\\\/nao-me-senti-arrasada-por-perder-o-oscar-afirma-demi-moore\\\/#breadcrumb\"},\"inLanguage\":\"pt-BR\",\"potentialAction\":[{\"@type\":\"ReadAction\",\"target\":[\"https:\\\/\\\/transamerica93.com.br\\\/home\\\/nao-me-senti-arrasada-por-perder-o-oscar-afirma-demi-moore\\\/\"]}]},{\"@type\":\"ImageObject\",\"inLanguage\":\"pt-BR\",\"@id\":\"https:\\\/\\\/transamerica93.com.br\\\/home\\\/nao-me-senti-arrasada-por-perder-o-oscar-afirma-demi-moore\\\/#primaryimage\",\"url\":\"https:\\\/\\\/transamerica93.com.br\\\/home\\\/wp-content\\\/uploads\\\/2025\\\/04\\\/1-20.jpg\",\"contentUrl\":\"https:\\\/\\\/transamerica93.com.br\\\/home\\\/wp-content\\\/uploads\\\/2025\\\/04\\\/1-20.jpg\",\"width\":840,\"height\":520},{\"@type\":\"BreadcrumbList\",\"@id\":\"https:\\\/\\\/transamerica93.com.br\\\/home\\\/nao-me-senti-arrasada-por-perder-o-oscar-afirma-demi-moore\\\/#breadcrumb\",\"itemListElement\":[{\"@type\":\"ListItem\",\"position\":1,\"name\":\"In\u00edcio\",\"item\":\"https:\\\/\\\/transamerica93.com.br\\\/home\\\/\"},{\"@type\":\"ListItem\",\"position\":2,\"name\":\"&#8216;N\u00e3o me senti arrasada&#8217; por perder o Oscar, afirma Demi Moore\"}]},{\"@type\":\"WebSite\",\"@id\":\"https:\\\/\\\/transamerica93.com.br\\\/home\\\/#website\",\"url\":\"https:\\\/\\\/transamerica93.com.br\\\/home\\\/\",\"name\":\"Transam\u00e9rica Mococa 93,3\",\"description\":\"\",\"publisher\":{\"@id\":\"https:\\\/\\\/transamerica93.com.br\\\/home\\\/#organization\"},\"potentialAction\":[{\"@type\":\"SearchAction\",\"target\":{\"@type\":\"EntryPoint\",\"urlTemplate\":\"https:\\\/\\\/transamerica93.com.br\\\/home\\\/?s={search_term_string}\"},\"query-input\":{\"@type\":\"PropertyValueSpecification\",\"valueRequired\":true,\"valueName\":\"search_term_string\"}}],\"inLanguage\":\"pt-BR\"},{\"@type\":\"Organization\",\"@id\":\"https:\\\/\\\/transamerica93.com.br\\\/home\\\/#organization\",\"name\":\"Transam\u00e9rica Mococa 93,3\",\"url\":\"https:\\\/\\\/transamerica93.com.br\\\/home\\\/\",\"logo\":{\"@type\":\"ImageObject\",\"inLanguage\":\"pt-BR\",\"@id\":\"https:\\\/\\\/transamerica93.com.br\\\/home\\\/#\\\/schema\\\/logo\\\/image\\\/\",\"url\":\"https:\\\/\\\/transamerica93.com.br\\\/home\\\/wp-content\\\/uploads\\\/2023\\\/10\\\/logo2.png\",\"contentUrl\":\"https:\\\/\\\/transamerica93.com.br\\\/home\\\/wp-content\\\/uploads\\\/2023\\\/10\\\/logo2.png\",\"width\":800,\"height\":500,\"caption\":\"Transam\u00e9rica Mococa 93,3\"},\"image\":{\"@id\":\"https:\\\/\\\/transamerica93.com.br\\\/home\\\/#\\\/schema\\\/logo\\\/image\\\/\"},\"sameAs\":[\"https:\\\/\\\/www.facebook.com\\\/transamericamococa\",\"https:\\\/\\\/x.com\\\/transamerica933\",\"https:\\\/\\\/www.instagram.com\\\/transamericamococa\"]},{\"@type\":\"Person\",\"@id\":\"https:\\\/\\\/transamerica93.com.br\\\/home\\\/#\\\/schema\\\/person\\\/7fed7c99c0d4562efa8561bc0f543172\",\"name\":\"Reda\u00e7\u00e3o\",\"image\":{\"@type\":\"ImageObject\",\"inLanguage\":\"pt-BR\",\"@id\":\"https:\\\/\\\/secure.gravatar.com\\\/avatar\\\/1072c6b775fb02ef8506ce967551d95926669a6b7d2c2147b42eea4d7c68395e?s=96&d=mm&r=g\",\"url\":\"https:\\\/\\\/secure.gravatar.com\\\/avatar\\\/1072c6b775fb02ef8506ce967551d95926669a6b7d2c2147b42eea4d7c68395e?s=96&d=mm&r=g\",\"contentUrl\":\"https:\\\/\\\/secure.gravatar.com\\\/avatar\\\/1072c6b775fb02ef8506ce967551d95926669a6b7d2c2147b42eea4d7c68395e?s=96&d=mm&r=g\",\"caption\":\"Reda\u00e7\u00e3o\"},\"sameAs\":[\"https:\\\/\\\/transamerica93.com.br\\\/home\"],\"url\":\"https:\\\/\\\/transamerica93.com.br\\\/home\\\/author\\\/william\\\/\"}]}<\/script>\n<!-- \/ Yoast SEO plugin. -->","yoast_head_json":{"title":"'N\u00e3o me senti arrasada' por perder o Oscar, afirma Demi Moore - Transam\u00e9rica Mococa 93,3","robots":{"index":"index","follow":"follow","max-snippet":"max-snippet:-1","max-image-preview":"max-image-preview:large","max-video-preview":"max-video-preview:-1"},"canonical":"https:\/\/transamerica93.com.br\/home\/nao-me-senti-arrasada-por-perder-o-oscar-afirma-demi-moore\/","og_locale":"pt_BR","og_type":"article","og_title":"'N\u00e3o me senti arrasada' por perder o Oscar, afirma Demi Moore - Transam\u00e9rica Mococa 93,3","og_description":"Por Maria Fernanda Viana Demi Moore falou sobre a derrota no Oscar pela primeira vez A atriz concorreu ao pr\u00eamio de Melhor Atriz por sua performance em\u00a0A Subst\u00e2ncia, mas perdeu a estatueta para Mikey Madison (Anora). &#8220;Eu inclinei e disse para o meu empres\u00e1rio: \u2018Eu acho que v\u00e3o dar para a Mikey\u2019. Eu n\u00e3o sei &hellip;","og_url":"https:\/\/transamerica93.com.br\/home\/nao-me-senti-arrasada-por-perder-o-oscar-afirma-demi-moore\/","og_site_name":"Transam\u00e9rica Mococa 93,3","article_publisher":"https:\/\/www.facebook.com\/transamericamococa","article_published_time":"2025-04-24T21:00:48+00:00","og_image":[{"width":840,"height":520,"url":"https:\/\/transamerica93.com.br\/home\/wp-content\/uploads\/2025\/04\/1-20.jpg","type":"image\/jpeg"}],"author":"Reda\u00e7\u00e3o","twitter_card":"summary_large_image","twitter_creator":"@transamerica933","twitter_site":"@transamerica933","twitter_misc":{"Escrito por":"Reda\u00e7\u00e3o","Est. tempo de leitura":"2 minutos"},"schema":{"@context":"https:\/\/schema.org","@graph":[{"@type":"Article","@id":"https:\/\/transamerica93.com.br\/home\/nao-me-senti-arrasada-por-perder-o-oscar-afirma-demi-moore\/#article","isPartOf":{"@id":"https:\/\/transamerica93.com.br\/home\/nao-me-senti-arrasada-por-perder-o-oscar-afirma-demi-moore\/"},"author":{"name":"Reda\u00e7\u00e3o","@id":"https:\/\/transamerica93.com.br\/home\/#\/schema\/person\/7fed7c99c0d4562efa8561bc0f543172"},"headline":"&#8216;N\u00e3o me senti arrasada&#8217; por perder o Oscar, afirma Demi Moore","datePublished":"2025-04-24T21:00:48+00:00","mainEntityOfPage":{"@id":"https:\/\/transamerica93.com.br\/home\/nao-me-senti-arrasada-por-perder-o-oscar-afirma-demi-moore\/"},"wordCount":218,"publisher":{"@id":"https:\/\/transamerica93.com.br\/home\/#organization"},"image":{"@id":"https:\/\/transamerica93.com.br\/home\/nao-me-senti-arrasada-por-perder-o-oscar-afirma-demi-moore\/#primaryimage"},"thumbnailUrl":"https:\/\/transamerica93.com.br\/home\/wp-content\/uploads\/2025\/04\/1-20.jpg","articleSection":["Entretenimento"],"inLanguage":"pt-BR"},{"@type":"WebPage","@id":"https:\/\/transamerica93.com.br\/home\/nao-me-senti-arrasada-por-perder-o-oscar-afirma-demi-moore\/","url":"https:\/\/transamerica93.com.br\/home\/nao-me-senti-arrasada-por-perder-o-oscar-afirma-demi-moore\/","name":"'N\u00e3o me senti arrasada' por perder o Oscar, afirma Demi Moore - Transam\u00e9rica Mococa 93,3","isPartOf":{"@id":"https:\/\/transamerica93.com.br\/home\/#website"},"primaryImageOfPage":{"@id":"https:\/\/transamerica93.com.br\/home\/nao-me-senti-arrasada-por-perder-o-oscar-afirma-demi-moore\/#primaryimage"},"image":{"@id":"https:\/\/transamerica93.com.br\/home\/nao-me-senti-arrasada-por-perder-o-oscar-afirma-demi-moore\/#primaryimage"},"thumbnailUrl":"https:\/\/transamerica93.com.br\/home\/wp-content\/uploads\/2025\/04\/1-20.jpg","datePublished":"2025-04-24T21:00:48+00:00","breadcrumb":{"@id":"https:\/\/transamerica93.com.br\/home\/nao-me-senti-arrasada-por-perder-o-oscar-afirma-demi-moore\/#breadcrumb"},"inLanguage":"pt-BR","potentialAction":[{"@type":"ReadAction","target":["https:\/\/transamerica93.com.br\/home\/nao-me-senti-arrasada-por-perder-o-oscar-afirma-demi-moore\/"]}]},{"@type":"ImageObject","inLanguage":"pt-BR","@id":"https:\/\/transamerica93.com.br\/home\/nao-me-senti-arrasada-por-perder-o-oscar-afirma-demi-moore\/#primaryimage","url":"https:\/\/transamerica93.com.br\/home\/wp-content\/uploads\/2025\/04\/1-20.jpg","contentUrl":"https:\/\/transamerica93.com.br\/home\/wp-content\/uploads\/2025\/04\/1-20.jpg","width":840,"height":520},{"@type":"BreadcrumbList","@id":"https:\/\/transamerica93.com.br\/home\/nao-me-senti-arrasada-por-perder-o-oscar-afirma-demi-moore\/#breadcrumb","itemListElement":[{"@type":"ListItem","position":1,"name":"In\u00edcio","item":"https:\/\/transamerica93.com.br\/home\/"},{"@type":"ListItem","position":2,"name":"&#8216;N\u00e3o me senti arrasada&#8217; por perder o Oscar, afirma Demi Moore"}]},{"@type":"WebSite","@id":"https:\/\/transamerica93.com.br\/home\/#website","url":"https:\/\/transamerica93.com.br\/home\/","name":"Transam\u00e9rica Mococa 93,3","description":"","publisher":{"@id":"https:\/\/transamerica93.com.br\/home\/#organization"},"potentialAction":[{"@type":"SearchAction","target":{"@type":"EntryPoint","urlTemplate":"https:\/\/transamerica93.com.br\/home\/?s={search_term_string}"},"query-input":{"@type":"PropertyValueSpecification","valueRequired":true,"valueName":"search_term_string"}}],"inLanguage":"pt-BR"},{"@type":"Organization","@id":"https:\/\/transamerica93.com.br\/home\/#organization","name":"Transam\u00e9rica Mococa 93,3","url":"https:\/\/transamerica93.com.br\/home\/","logo":{"@type":"ImageObject","inLanguage":"pt-BR","@id":"https:\/\/transamerica93.com.br\/home\/#\/schema\/logo\/image\/","url":"https:\/\/transamerica93.com.br\/home\/wp-content\/uploads\/2023\/10\/logo2.png","contentUrl":"https:\/\/transamerica93.com.br\/home\/wp-content\/uploads\/2023\/10\/logo2.png","width":800,"height":500,"caption":"Transam\u00e9rica Mococa 93,3"},"image":{"@id":"https:\/\/transamerica93.com.br\/home\/#\/schema\/logo\/image\/"},"sameAs":["https:\/\/www.facebook.com\/transamericamococa","https:\/\/x.com\/transamerica933","https:\/\/www.instagram.com\/transamericamococa"]},{"@type":"Person","@id":"https:\/\/transamerica93.com.br\/home\/#\/schema\/person\/7fed7c99c0d4562efa8561bc0f543172","name":"Reda\u00e7\u00e3o","image":{"@type":"ImageObject","inLanguage":"pt-BR","@id":"https:\/\/secure.gravatar.com\/avatar\/1072c6b775fb02ef8506ce967551d95926669a6b7d2c2147b42eea4d7c68395e?s=96&d=mm&r=g","url":"https:\/\/secure.gravatar.com\/avatar\/1072c6b775fb02ef8506ce967551d95926669a6b7d2c2147b42eea4d7c68395e?s=96&d=mm&r=g","contentUrl":"https:\/\/secure.gravatar.com\/avatar\/1072c6b775fb02ef8506ce967551d95926669a6b7d2c2147b42eea4d7c68395e?s=96&d=mm&r=g","caption":"Reda\u00e7\u00e3o"},"sameAs":["https:\/\/transamerica93.com.br\/home"],"url":"https:\/\/transamerica93.com.br\/home\/author\/william\/"}]}},"_links":{"self":[{"href":"https:\/\/transamerica93.com.br\/home\/wp-json\/wp\/v2\/posts\/5222","targetHints":{"allow":["GET"]}}],"collection":[{"href":"https:\/\/transamerica93.com.br\/home\/wp-json\/wp\/v2\/posts"}],"about":[{"href":"https:\/\/transamerica93.com.br\/home\/wp-json\/wp\/v2\/types\/post"}],"author":[{"embeddable":true,"href":"https:\/\/transamerica93.com.br\/home\/wp-json\/wp\/v2\/users\/1"}],"replies":[{"embeddable":true,"href":"https:\/\/transamerica93.com.br\/home\/wp-json\/wp\/v2\/comments?post=5222"}],"version-history":[{"count":1,"href":"https:\/\/transamerica93.com.br\/home\/wp-json\/wp\/v2\/posts\/5222\/revisions"}],"predecessor-version":[{"id":5224,"href":"https:\/\/transamerica93.com.br\/home\/wp-json\/wp\/v2\/posts\/5222\/revisions\/5224"}],"wp:featuredmedia":[{"embeddable":true,"href":"https:\/\/transamerica93.com.br\/home\/wp-json\/wp\/v2\/media\/5223"}],"wp:attachment":[{"href":"https:\/\/transamerica93.com.br\/home\/wp-json\/wp\/v2\/media?parent=5222"}],"wp:term":[{"taxonomy":"category","embeddable":true,"href":"https:\/\/transamerica93.com.br\/home\/wp-json\/wp\/v2\/categories?post=5222"},{"taxonomy":"post_tag","embeddable":true,"href":"https:\/\/transamerica93.com.br\/home\/wp-json\/wp\/v2\/tags?post=5222"}],"curies":[{"name":"wp","href":"https:\/\/api.w.org\/{rel}","templated":true}]}}