{"id":5228,"date":"2025-04-21T12:00:05","date_gmt":"2025-04-21T15:00:05","guid":{"rendered":"https:\/\/transamerica93.com.br\/home\/?p=5228"},"modified":"2025-04-18T10:36:19","modified_gmt":"2025-04-18T13:36:19","slug":"garro-intensifica-fortalecimento-no-joelho-mas-evita-prever-retorno-ao-corinthians","status":"publish","type":"post","link":"https:\/\/transamerica93.com.br\/home\/garro-intensifica-fortalecimento-no-joelho-mas-evita-prever-retorno-ao-corinthians\/","title":{"rendered":"Garro intensifica fortalecimento no joelho, mas evita prever retorno ao Corinthians"},"content":{"rendered":"<p>Ausente dos gramados desde a conquista do t\u00edtulo do Campeonato Paulista pelo Corinthians, em 27 de mar\u00e7o, o meia Rodrigo Garro afirmou que ainda n\u00e3o tem previs\u00e3o de voltar a jogar, mas que tem feito trabalhos di\u00e1rios de fortalecimento para antecipar o retorno \u00e0 equipe alvinegra. O jogador argentino sofre com uma tendinopatia patelar do joelho direito desde o ano passado e, recentemente, viajou \u00e0 Espanha para se tratar com um especialista indicado pelo colega Memphis Depay.<\/p>\n<p>&#8220;N\u00e3o tenho a data ainda, mas trabalho de manh\u00e3 e \u00e0 tarde, fa\u00e7o de tudo para voltar. Viajei para me encontrar um especialista em tend\u00e3o (do joelho). Estou melhor, mas (a recupera\u00e7\u00e3o de) joelho \u00e9 lenta&#8221;, explicou Garro, na ter\u00e7a-feira, em entrevista ao podcast PodPah. Sei que, no Brasil, voc\u00ea fica fora uma semana e perde tr\u00eas jogos. N\u00e3o gosto de ficar sem jogar, mas preciso melhorar a for\u00e7a da perna. Estou fazendo fortalecimento para voltar o quanto antes.&#8221;<\/p>\n<p>O Corinthians tem sentido a falta de um de seus principais destaques. Neste per\u00edodo sem contar com Garro, o time do t\u00e9cnico Ram\u00f3n D\u00edaz venceu apenas uma vez, o Vasco, em cinco partidas pelo Campeonato Brasileiro e pela Copa sul-americana. A equipe alvinegra ainda empatou com Bahia e Am\u00e9rica de Cali e perdeu para Palmeiras e Hurac\u00e1n.<\/p>\n<p>Garro tamb\u00e9m relembrou a final do Campeonato Paulista, quando jogou no sacrif\u00edcio por causa das dores intensas no joelho, mas disse n\u00e3o se arrepender. &#8220;Como ia ficar fora de uma final contra o Palmeiras? Imagina depois de dez dias eu dizer que n\u00e3o joguei porque tinha dores no joelho&#8221;, comentou. &#8220;Fiz uma loucura, mas deu certo. Sabia que n\u00e3o estava nas melhores condi\u00e7\u00f5es, mas era uma final. Fiz coisas (inje\u00e7\u00f5es) para n\u00e3o sentir. Agora estou me sentindo muito melhor, meu joelho avan\u00e7ou muito e estou com muita vontade de jogar&#8221;, disse.<\/p>\n<p>O camisa 8 corintiano tamb\u00e9m criticou o gramado sint\u00e9tico, como o do Allianz Parque, palco do primeiro jogo da decis\u00e3o. &#8220;Para mim, atrapalha. No sint\u00e9tico \u00e9 um jogo mais din\u00e2mico, a bola corre bem, mas para o corpo e para o jogador \u00e9 ruim porque o campo \u00e9 muito duro. A gente sofre muito, n\u00e3o sei como tem atleta que consegue jogar o tempo todo (no sint\u00e9tico)&#8221;, analisou.<\/p>\n<p>Rodrigo Garro ainda voltou a demonstrar chatea\u00e7\u00e3o com o epis\u00f3dio das mudan\u00e7as de camisas, quando precisou ceder o n\u00famero 10 para Memphis Depay, mas disse ter compreendido a situa\u00e7\u00e3o e que se conformou em vestir a 8 de S\u00f3crates.<\/p>\n<p>&#8220;Sempre tentei entender, fiquei p&#8230;, triste, mas se era importante para o clube era importante para mim. N\u00e3o gostei da situa\u00e7\u00e3o, mas sempre procuro a energia positiva&#8221;, relembrou. &#8220;Tinha a op\u00e7\u00e3o de escolher, pesquisei a hist\u00f3ria do S\u00f3crates dentro e fora do clube e decidi pegar a 8. O n\u00famero para o jogador importa muito, mas s\u00e3o coisas que acontecem. Minha rela\u00e7\u00e3o com o Memphis \u00e9 muito boa e ele \u00e9 muito importante para n\u00f3s.&#8221;<\/p>\n","protected":false},"excerpt":{"rendered":"<p>Ausente dos gramados desde a conquista do t\u00edtulo do Campeonato Paulista pelo Corinthians, em 27 de mar\u00e7o, o meia Rodrigo Garro afirmou que ainda n\u00e3o tem previs\u00e3o de voltar a jogar, mas que tem feito trabalhos di\u00e1rios de fortalecimento para antecipar o retorno \u00e0 equipe alvinegra. O jogador argentino sofre com uma tendinopatia patelar do &hellip;<\/p>\n","protected":false},"author":1,"featured_media":5229,"comment_status":"closed","ping_status":"closed","sticky":false,"template":"","format":"standard","meta":{"footnotes":""},"categories":[31],"tags":[],"class_list":["post-5228","post","type-post","status-publish","format-standard","has-post-thumbnail","hentry","category-esportes"],"yoast_head":"<!-- This site is optimized with the Yoast SEO plugin v27.4 - https:\/\/yoast.com\/product\/yoast-seo-wordpress\/ -->\n<title>Garro intensifica fortalecimento no joelho, mas evita prever retorno ao Corinthians - Transam\u00e9rica Mococa 93,3<\/title>\n<meta name=\"robots\" content=\"index, follow, max-snippet:-1, max-image-preview:large, max-video-preview:-1\" \/>\n<link rel=\"canonical\" href=\"https:\/\/transamerica93.com.br\/home\/garro-intensifica-fortalecimento-no-joelho-mas-evita-prever-retorno-ao-corinthians\/\" \/>\n<meta property=\"og:locale\" content=\"pt_BR\" \/>\n<meta property=\"og:type\" content=\"article\" \/>\n<meta property=\"og:title\" content=\"Garro intensifica fortalecimento no joelho, mas evita prever retorno ao Corinthians - Transam\u00e9rica Mococa 93,3\" \/>\n<meta property=\"og:description\" content=\"Ausente dos gramados desde a conquista do t\u00edtulo do Campeonato Paulista pelo Corinthians, em 27 de mar\u00e7o, o meia Rodrigo Garro afirmou que ainda n\u00e3o tem previs\u00e3o de voltar a jogar, mas que tem feito trabalhos di\u00e1rios de fortalecimento para antecipar o retorno \u00e0 equipe alvinegra. O jogador argentino sofre com uma tendinopatia patelar do &hellip;\" \/>\n<meta property=\"og:url\" content=\"https:\/\/transamerica93.com.br\/home\/garro-intensifica-fortalecimento-no-joelho-mas-evita-prever-retorno-ao-corinthians\/\" \/>\n<meta property=\"og:site_name\" content=\"Transam\u00e9rica Mococa 93,3\" \/>\n<meta property=\"article:publisher\" content=\"https:\/\/www.facebook.com\/transamericamococa\" \/>\n<meta property=\"article:published_time\" content=\"2025-04-21T15:00:05+00:00\" \/>\n<meta property=\"og:image\" content=\"https:\/\/transamerica93.com.br\/home\/wp-content\/uploads\/2025\/04\/1-22.jpg\" \/>\n\t<meta property=\"og:image:width\" content=\"1502\" \/>\n\t<meta property=\"og:image:height\" content=\"674\" \/>\n\t<meta property=\"og:image:type\" content=\"image\/jpeg\" \/>\n<meta name=\"author\" content=\"Reda\u00e7\u00e3o\" \/>\n<meta name=\"twitter:card\" content=\"summary_large_image\" \/>\n<meta name=\"twitter:creator\" content=\"@transamerica933\" \/>\n<meta name=\"twitter:site\" content=\"@transamerica933\" \/>\n<meta name=\"twitter:label1\" content=\"Escrito por\" \/>\n\t<meta name=\"twitter:data1\" content=\"Reda\u00e7\u00e3o\" \/>\n\t<meta name=\"twitter:label2\" content=\"Est. tempo de leitura\" \/>\n\t<meta name=\"twitter:data2\" content=\"3 minutos\" \/>\n<script type=\"application\/ld+json\" class=\"yoast-schema-graph\">{\"@context\":\"https:\\\/\\\/schema.org\",\"@graph\":[{\"@type\":\"Article\",\"@id\":\"https:\\\/\\\/transamerica93.com.br\\\/home\\\/garro-intensifica-fortalecimento-no-joelho-mas-evita-prever-retorno-ao-corinthians\\\/#article\",\"isPartOf\":{\"@id\":\"https:\\\/\\\/transamerica93.com.br\\\/home\\\/garro-intensifica-fortalecimento-no-joelho-mas-evita-prever-retorno-ao-corinthians\\\/\"},\"author\":{\"name\":\"Reda\u00e7\u00e3o\",\"@id\":\"https:\\\/\\\/transamerica93.com.br\\\/home\\\/#\\\/schema\\\/person\\\/7fed7c99c0d4562efa8561bc0f543172\"},\"headline\":\"Garro intensifica fortalecimento no joelho, mas evita prever retorno ao Corinthians\",\"datePublished\":\"2025-04-21T15:00:05+00:00\",\"mainEntityOfPage\":{\"@id\":\"https:\\\/\\\/transamerica93.com.br\\\/home\\\/garro-intensifica-fortalecimento-no-joelho-mas-evita-prever-retorno-ao-corinthians\\\/\"},\"wordCount\":533,\"publisher\":{\"@id\":\"https:\\\/\\\/transamerica93.com.br\\\/home\\\/#organization\"},\"image\":{\"@id\":\"https:\\\/\\\/transamerica93.com.br\\\/home\\\/garro-intensifica-fortalecimento-no-joelho-mas-evita-prever-retorno-ao-corinthians\\\/#primaryimage\"},\"thumbnailUrl\":\"https:\\\/\\\/transamerica93.com.br\\\/home\\\/wp-content\\\/uploads\\\/2025\\\/04\\\/1-22.jpg\",\"articleSection\":[\"Esportes\"],\"inLanguage\":\"pt-BR\"},{\"@type\":\"WebPage\",\"@id\":\"https:\\\/\\\/transamerica93.com.br\\\/home\\\/garro-intensifica-fortalecimento-no-joelho-mas-evita-prever-retorno-ao-corinthians\\\/\",\"url\":\"https:\\\/\\\/transamerica93.com.br\\\/home\\\/garro-intensifica-fortalecimento-no-joelho-mas-evita-prever-retorno-ao-corinthians\\\/\",\"name\":\"Garro intensifica fortalecimento no joelho, mas evita prever retorno ao Corinthians - Transam\u00e9rica Mococa 93,3\",\"isPartOf\":{\"@id\":\"https:\\\/\\\/transamerica93.com.br\\\/home\\\/#website\"},\"primaryImageOfPage\":{\"@id\":\"https:\\\/\\\/transamerica93.com.br\\\/home\\\/garro-intensifica-fortalecimento-no-joelho-mas-evita-prever-retorno-ao-corinthians\\\/#primaryimage\"},\"image\":{\"@id\":\"https:\\\/\\\/transamerica93.com.br\\\/home\\\/garro-intensifica-fortalecimento-no-joelho-mas-evita-prever-retorno-ao-corinthians\\\/#primaryimage\"},\"thumbnailUrl\":\"https:\\\/\\\/transamerica93.com.br\\\/home\\\/wp-content\\\/uploads\\\/2025\\\/04\\\/1-22.jpg\",\"datePublished\":\"2025-04-21T15:00:05+00:00\",\"breadcrumb\":{\"@id\":\"https:\\\/\\\/transamerica93.com.br\\\/home\\\/garro-intensifica-fortalecimento-no-joelho-mas-evita-prever-retorno-ao-corinthians\\\/#breadcrumb\"},\"inLanguage\":\"pt-BR\",\"potentialAction\":[{\"@type\":\"ReadAction\",\"target\":[\"https:\\\/\\\/transamerica93.com.br\\\/home\\\/garro-intensifica-fortalecimento-no-joelho-mas-evita-prever-retorno-ao-corinthians\\\/\"]}]},{\"@type\":\"ImageObject\",\"inLanguage\":\"pt-BR\",\"@id\":\"https:\\\/\\\/transamerica93.com.br\\\/home\\\/garro-intensifica-fortalecimento-no-joelho-mas-evita-prever-retorno-ao-corinthians\\\/#primaryimage\",\"url\":\"https:\\\/\\\/transamerica93.com.br\\\/home\\\/wp-content\\\/uploads\\\/2025\\\/04\\\/1-22.jpg\",\"contentUrl\":\"https:\\\/\\\/transamerica93.com.br\\\/home\\\/wp-content\\\/uploads\\\/2025\\\/04\\\/1-22.jpg\",\"width\":1502,\"height\":674,\"caption\":\"Foto: Rodrigo Coca\\\/ SCCP\"},{\"@type\":\"BreadcrumbList\",\"@id\":\"https:\\\/\\\/transamerica93.com.br\\\/home\\\/garro-intensifica-fortalecimento-no-joelho-mas-evita-prever-retorno-ao-corinthians\\\/#breadcrumb\",\"itemListElement\":[{\"@type\":\"ListItem\",\"position\":1,\"name\":\"In\u00edcio\",\"item\":\"https:\\\/\\\/transamerica93.com.br\\\/home\\\/\"},{\"@type\":\"ListItem\",\"position\":2,\"name\":\"Garro intensifica fortalecimento no joelho, mas evita prever retorno ao Corinthians\"}]},{\"@type\":\"WebSite\",\"@id\":\"https:\\\/\\\/transamerica93.com.br\\\/home\\\/#website\",\"url\":\"https:\\\/\\\/transamerica93.com.br\\\/home\\\/\",\"name\":\"Transam\u00e9rica Mococa 93,3\",\"description\":\"\",\"publisher\":{\"@id\":\"https:\\\/\\\/transamerica93.com.br\\\/home\\\/#organization\"},\"potentialAction\":[{\"@type\":\"SearchAction\",\"target\":{\"@type\":\"EntryPoint\",\"urlTemplate\":\"https:\\\/\\\/transamerica93.com.br\\\/home\\\/?s={search_term_string}\"},\"query-input\":{\"@type\":\"PropertyValueSpecification\",\"valueRequired\":true,\"valueName\":\"search_term_string\"}}],\"inLanguage\":\"pt-BR\"},{\"@type\":\"Organization\",\"@id\":\"https:\\\/\\\/transamerica93.com.br\\\/home\\\/#organization\",\"name\":\"Transam\u00e9rica Mococa 93,3\",\"url\":\"https:\\\/\\\/transamerica93.com.br\\\/home\\\/\",\"logo\":{\"@type\":\"ImageObject\",\"inLanguage\":\"pt-BR\",\"@id\":\"https:\\\/\\\/transamerica93.com.br\\\/home\\\/#\\\/schema\\\/logo\\\/image\\\/\",\"url\":\"https:\\\/\\\/transamerica93.com.br\\\/home\\\/wp-content\\\/uploads\\\/2023\\\/10\\\/logo2.png\",\"contentUrl\":\"https:\\\/\\\/transamerica93.com.br\\\/home\\\/wp-content\\\/uploads\\\/2023\\\/10\\\/logo2.png\",\"width\":800,\"height\":500,\"caption\":\"Transam\u00e9rica Mococa 93,3\"},\"image\":{\"@id\":\"https:\\\/\\\/transamerica93.com.br\\\/home\\\/#\\\/schema\\\/logo\\\/image\\\/\"},\"sameAs\":[\"https:\\\/\\\/www.facebook.com\\\/transamericamococa\",\"https:\\\/\\\/x.com\\\/transamerica933\",\"https:\\\/\\\/www.instagram.com\\\/transamericamococa\"]},{\"@type\":\"Person\",\"@id\":\"https:\\\/\\\/transamerica93.com.br\\\/home\\\/#\\\/schema\\\/person\\\/7fed7c99c0d4562efa8561bc0f543172\",\"name\":\"Reda\u00e7\u00e3o\",\"image\":{\"@type\":\"ImageObject\",\"inLanguage\":\"pt-BR\",\"@id\":\"https:\\\/\\\/secure.gravatar.com\\\/avatar\\\/1072c6b775fb02ef8506ce967551d95926669a6b7d2c2147b42eea4d7c68395e?s=96&d=mm&r=g\",\"url\":\"https:\\\/\\\/secure.gravatar.com\\\/avatar\\\/1072c6b775fb02ef8506ce967551d95926669a6b7d2c2147b42eea4d7c68395e?s=96&d=mm&r=g\",\"contentUrl\":\"https:\\\/\\\/secure.gravatar.com\\\/avatar\\\/1072c6b775fb02ef8506ce967551d95926669a6b7d2c2147b42eea4d7c68395e?s=96&d=mm&r=g\",\"caption\":\"Reda\u00e7\u00e3o\"},\"sameAs\":[\"https:\\\/\\\/transamerica93.com.br\\\/home\"],\"url\":\"https:\\\/\\\/transamerica93.com.br\\\/home\\\/author\\\/william\\\/\"}]}<\/script>\n<!-- \/ Yoast SEO plugin. -->","yoast_head_json":{"title":"Garro intensifica fortalecimento no joelho, mas evita prever retorno ao Corinthians - Transam\u00e9rica Mococa 93,3","robots":{"index":"index","follow":"follow","max-snippet":"max-snippet:-1","max-image-preview":"max-image-preview:large","max-video-preview":"max-video-preview:-1"},"canonical":"https:\/\/transamerica93.com.br\/home\/garro-intensifica-fortalecimento-no-joelho-mas-evita-prever-retorno-ao-corinthians\/","og_locale":"pt_BR","og_type":"article","og_title":"Garro intensifica fortalecimento no joelho, mas evita prever retorno ao Corinthians - Transam\u00e9rica Mococa 93,3","og_description":"Ausente dos gramados desde a conquista do t\u00edtulo do Campeonato Paulista pelo Corinthians, em 27 de mar\u00e7o, o meia Rodrigo Garro afirmou que ainda n\u00e3o tem previs\u00e3o de voltar a jogar, mas que tem feito trabalhos di\u00e1rios de fortalecimento para antecipar o retorno \u00e0 equipe alvinegra. O jogador argentino sofre com uma tendinopatia patelar do &hellip;","og_url":"https:\/\/transamerica93.com.br\/home\/garro-intensifica-fortalecimento-no-joelho-mas-evita-prever-retorno-ao-corinthians\/","og_site_name":"Transam\u00e9rica Mococa 93,3","article_publisher":"https:\/\/www.facebook.com\/transamericamococa","article_published_time":"2025-04-21T15:00:05+00:00","og_image":[{"width":1502,"height":674,"url":"https:\/\/transamerica93.com.br\/home\/wp-content\/uploads\/2025\/04\/1-22.jpg","type":"image\/jpeg"}],"author":"Reda\u00e7\u00e3o","twitter_card":"summary_large_image","twitter_creator":"@transamerica933","twitter_site":"@transamerica933","twitter_misc":{"Escrito por":"Reda\u00e7\u00e3o","Est. tempo de leitura":"3 minutos"},"schema":{"@context":"https:\/\/schema.org","@graph":[{"@type":"Article","@id":"https:\/\/transamerica93.com.br\/home\/garro-intensifica-fortalecimento-no-joelho-mas-evita-prever-retorno-ao-corinthians\/#article","isPartOf":{"@id":"https:\/\/transamerica93.com.br\/home\/garro-intensifica-fortalecimento-no-joelho-mas-evita-prever-retorno-ao-corinthians\/"},"author":{"name":"Reda\u00e7\u00e3o","@id":"https:\/\/transamerica93.com.br\/home\/#\/schema\/person\/7fed7c99c0d4562efa8561bc0f543172"},"headline":"Garro intensifica fortalecimento no joelho, mas evita prever retorno ao Corinthians","datePublished":"2025-04-21T15:00:05+00:00","mainEntityOfPage":{"@id":"https:\/\/transamerica93.com.br\/home\/garro-intensifica-fortalecimento-no-joelho-mas-evita-prever-retorno-ao-corinthians\/"},"wordCount":533,"publisher":{"@id":"https:\/\/transamerica93.com.br\/home\/#organization"},"image":{"@id":"https:\/\/transamerica93.com.br\/home\/garro-intensifica-fortalecimento-no-joelho-mas-evita-prever-retorno-ao-corinthians\/#primaryimage"},"thumbnailUrl":"https:\/\/transamerica93.com.br\/home\/wp-content\/uploads\/2025\/04\/1-22.jpg","articleSection":["Esportes"],"inLanguage":"pt-BR"},{"@type":"WebPage","@id":"https:\/\/transamerica93.com.br\/home\/garro-intensifica-fortalecimento-no-joelho-mas-evita-prever-retorno-ao-corinthians\/","url":"https:\/\/transamerica93.com.br\/home\/garro-intensifica-fortalecimento-no-joelho-mas-evita-prever-retorno-ao-corinthians\/","name":"Garro intensifica fortalecimento no joelho, mas evita prever retorno ao Corinthians - Transam\u00e9rica Mococa 93,3","isPartOf":{"@id":"https:\/\/transamerica93.com.br\/home\/#website"},"primaryImageOfPage":{"@id":"https:\/\/transamerica93.com.br\/home\/garro-intensifica-fortalecimento-no-joelho-mas-evita-prever-retorno-ao-corinthians\/#primaryimage"},"image":{"@id":"https:\/\/transamerica93.com.br\/home\/garro-intensifica-fortalecimento-no-joelho-mas-evita-prever-retorno-ao-corinthians\/#primaryimage"},"thumbnailUrl":"https:\/\/transamerica93.com.br\/home\/wp-content\/uploads\/2025\/04\/1-22.jpg","datePublished":"2025-04-21T15:00:05+00:00","breadcrumb":{"@id":"https:\/\/transamerica93.com.br\/home\/garro-intensifica-fortalecimento-no-joelho-mas-evita-prever-retorno-ao-corinthians\/#breadcrumb"},"inLanguage":"pt-BR","potentialAction":[{"@type":"ReadAction","target":["https:\/\/transamerica93.com.br\/home\/garro-intensifica-fortalecimento-no-joelho-mas-evita-prever-retorno-ao-corinthians\/"]}]},{"@type":"ImageObject","inLanguage":"pt-BR","@id":"https:\/\/transamerica93.com.br\/home\/garro-intensifica-fortalecimento-no-joelho-mas-evita-prever-retorno-ao-corinthians\/#primaryimage","url":"https:\/\/transamerica93.com.br\/home\/wp-content\/uploads\/2025\/04\/1-22.jpg","contentUrl":"https:\/\/transamerica93.com.br\/home\/wp-content\/uploads\/2025\/04\/1-22.jpg","width":1502,"height":674,"caption":"Foto: Rodrigo Coca\/ SCCP"},{"@type":"BreadcrumbList","@id":"https:\/\/transamerica93.com.br\/home\/garro-intensifica-fortalecimento-no-joelho-mas-evita-prever-retorno-ao-corinthians\/#breadcrumb","itemListElement":[{"@type":"ListItem","position":1,"name":"In\u00edcio","item":"https:\/\/transamerica93.com.br\/home\/"},{"@type":"ListItem","position":2,"name":"Garro intensifica fortalecimento no joelho, mas evita prever retorno ao Corinthians"}]},{"@type":"WebSite","@id":"https:\/\/transamerica93.com.br\/home\/#website","url":"https:\/\/transamerica93.com.br\/home\/","name":"Transam\u00e9rica Mococa 93,3","description":"","publisher":{"@id":"https:\/\/transamerica93.com.br\/home\/#organization"},"potentialAction":[{"@type":"SearchAction","target":{"@type":"EntryPoint","urlTemplate":"https:\/\/transamerica93.com.br\/home\/?s={search_term_string}"},"query-input":{"@type":"PropertyValueSpecification","valueRequired":true,"valueName":"search_term_string"}}],"inLanguage":"pt-BR"},{"@type":"Organization","@id":"https:\/\/transamerica93.com.br\/home\/#organization","name":"Transam\u00e9rica Mococa 93,3","url":"https:\/\/transamerica93.com.br\/home\/","logo":{"@type":"ImageObject","inLanguage":"pt-BR","@id":"https:\/\/transamerica93.com.br\/home\/#\/schema\/logo\/image\/","url":"https:\/\/transamerica93.com.br\/home\/wp-content\/uploads\/2023\/10\/logo2.png","contentUrl":"https:\/\/transamerica93.com.br\/home\/wp-content\/uploads\/2023\/10\/logo2.png","width":800,"height":500,"caption":"Transam\u00e9rica Mococa 93,3"},"image":{"@id":"https:\/\/transamerica93.com.br\/home\/#\/schema\/logo\/image\/"},"sameAs":["https:\/\/www.facebook.com\/transamericamococa","https:\/\/x.com\/transamerica933","https:\/\/www.instagram.com\/transamericamococa"]},{"@type":"Person","@id":"https:\/\/transamerica93.com.br\/home\/#\/schema\/person\/7fed7c99c0d4562efa8561bc0f543172","name":"Reda\u00e7\u00e3o","image":{"@type":"ImageObject","inLanguage":"pt-BR","@id":"https:\/\/secure.gravatar.com\/avatar\/1072c6b775fb02ef8506ce967551d95926669a6b7d2c2147b42eea4d7c68395e?s=96&d=mm&r=g","url":"https:\/\/secure.gravatar.com\/avatar\/1072c6b775fb02ef8506ce967551d95926669a6b7d2c2147b42eea4d7c68395e?s=96&d=mm&r=g","contentUrl":"https:\/\/secure.gravatar.com\/avatar\/1072c6b775fb02ef8506ce967551d95926669a6b7d2c2147b42eea4d7c68395e?s=96&d=mm&r=g","caption":"Reda\u00e7\u00e3o"},"sameAs":["https:\/\/transamerica93.com.br\/home"],"url":"https:\/\/transamerica93.com.br\/home\/author\/william\/"}]}},"_links":{"self":[{"href":"https:\/\/transamerica93.com.br\/home\/wp-json\/wp\/v2\/posts\/5228","targetHints":{"allow":["GET"]}}],"collection":[{"href":"https:\/\/transamerica93.com.br\/home\/wp-json\/wp\/v2\/posts"}],"about":[{"href":"https:\/\/transamerica93.com.br\/home\/wp-json\/wp\/v2\/types\/post"}],"author":[{"embeddable":true,"href":"https:\/\/transamerica93.com.br\/home\/wp-json\/wp\/v2\/users\/1"}],"replies":[{"embeddable":true,"href":"https:\/\/transamerica93.com.br\/home\/wp-json\/wp\/v2\/comments?post=5228"}],"version-history":[{"count":1,"href":"https:\/\/transamerica93.com.br\/home\/wp-json\/wp\/v2\/posts\/5228\/revisions"}],"predecessor-version":[{"id":5230,"href":"https:\/\/transamerica93.com.br\/home\/wp-json\/wp\/v2\/posts\/5228\/revisions\/5230"}],"wp:featuredmedia":[{"embeddable":true,"href":"https:\/\/transamerica93.com.br\/home\/wp-json\/wp\/v2\/media\/5229"}],"wp:attachment":[{"href":"https:\/\/transamerica93.com.br\/home\/wp-json\/wp\/v2\/media?parent=5228"}],"wp:term":[{"taxonomy":"category","embeddable":true,"href":"https:\/\/transamerica93.com.br\/home\/wp-json\/wp\/v2\/categories?post=5228"},{"taxonomy":"post_tag","embeddable":true,"href":"https:\/\/transamerica93.com.br\/home\/wp-json\/wp\/v2\/tags?post=5228"}],"curies":[{"name":"wp","href":"https:\/\/api.w.org\/{rel}","templated":true}]}}