{"id":5231,"date":"2025-04-22T12:00:56","date_gmt":"2025-04-22T15:00:56","guid":{"rendered":"https:\/\/transamerica93.com.br\/home\/?p=5231"},"modified":"2025-04-18T10:38:41","modified_gmt":"2025-04-18T13:38:41","slug":"cbf-aponta-data-para-inicio-da-profissionalizacao-da-arbitragem-no-brasil","status":"publish","type":"post","link":"https:\/\/transamerica93.com.br\/home\/cbf-aponta-data-para-inicio-da-profissionalizacao-da-arbitragem-no-brasil\/","title":{"rendered":"CBF aponta data para in\u00edcio da profissionaliza\u00e7\u00e3o da arbitragem no Brasil"},"content":{"rendered":"<div id=\"Corpo\">O coordenador-geral da Comiss\u00e3o de Arbitragem da CBF, Rodrigo Cintra, apontou uma data para o in\u00edcio da profissionaliza\u00e7\u00e3o dos \u00e1rbitros do futebol brasileiro. Ele afirmou que os treinamentos em vigor fazem parte de um plano que culminar\u00e1 em novo perfil para ju\u00edzes e assistentes a partir de 2027.<\/p>\n<p>Cintra divulgou a informa\u00e7\u00e3o ao comentar sobre os treinos que iniciaram na segunda-feira, no Rio de Janeiro. &#8220;\u00c9 um evento in\u00e9dito para a arbitragem brasileira, para o futebol brasileiro. \u00c9 o primeiro de um ciclo de eventos que vai culminar em 31 de dezembro de 2026 com a profissionaliza\u00e7\u00e3o da arbitragem&#8221;, revelou, em declara\u00e7\u00f5es publicadas no site da CBF.<\/p>\n<p>A profissionaliza\u00e7\u00e3o \u00e9 uma demanda antiga da arbitragem brasileira e de comentaristas e especialistas. Pelas regras atuais, ju\u00edzes e assistentes precisam ter uma fonte de renda independente do que ganham por apitar as partidas no futebol brasileiro. Na pr\u00e1tica, s\u00e3o amadores, acostumados a atuar num meio cercado de profissionais, seja em campo ou no banco de reservas.<\/p>\n<p>Esta busca por tornar os \u00e1rbitros profissionais cresceu nos \u00faltimos meses devido aos erros cruciais cometidos em diversas partidas do Brasileir\u00e3o e da Copa do Brasil. A atual edi\u00e7\u00e3o do primeiro come\u00e7ou no fim de mar\u00e7o cercado de cr\u00edticas aos \u00e1rbitros por falhas flagrantes.<\/p>\n<p>As cr\u00edticas aumentaram nos \u00faltimos dias ap\u00f3s reportagem publicada pela revista\u00a0<i>Piau\u00ed<\/i>, que denunciou gastos milion\u00e1rios da CBF com parlamentares, figuras da classe art\u00edstica e membros do Poder Judici\u00e1rio, al\u00e9m de aumento nos sal\u00e1rios de presidentes das federa\u00e7\u00f5es estaduais.<\/p>\n<p>Apesar dos altos valores gastos pela CBF, a Piau\u00ed revelou a suspens\u00e3o de todas as viagens a\u00e9reas e hospedagens pagas pela CBF a \u00e1rbitros da S\u00e9rie A do Campeonato Brasileiro, que deveriam realizar quinzenalmente um treinamento e avalia\u00e7\u00e3o f\u00edsica em um clube privado do Rio. A entidade alegou restri\u00e7\u00f5es or\u00e7ament\u00e1rias e a avalia\u00e7\u00e3o passou a ocorrer apenas por videoconfer\u00eancia.<\/p>\n<p>Poucos dias ap\u00f3s a publica\u00e7\u00e3o da revista, a CBF anunciou o per\u00edodo de treinamentos aos \u00e1rbitros no Rio. No dia do an\u00fancio, duas equipes de arbitragens foram afastadas ap\u00f3s erros no Brasileir\u00e3o. No total, 72 \u00e1rbitros de campo, assistentes e \u00e1rbitros de v\u00eddeo da S\u00e9rie A do Campeonato Brasileiro deram in\u00edcio ao treino, na segunda-feira.<\/p>\n<p>&#8220;A CBF hoje nos d\u00e1 todas as condi\u00e7\u00f5es. O presidente Ednaldo Rodrigues, quando chegamos e apresentamos para ele as ideias e os projetos, sempre foi muito emp\u00e1tico com tudo isso. Ele \u00e9 um grande entusiasta de que a gente tem condi\u00e7\u00f5es de melhorar ainda mais&#8221;, afirmou Rodrigo Cintra.<\/p>\n<p>TREINOS<\/p>\n<p>As atividades em campo s\u00e3o realizadas no Clube da Aeron\u00e1utica (CAER). H\u00e1 tamb\u00e9m trabalho te\u00f3rico, totalizando atividades realizadas em tr\u00eas turnos. &#8220;No evento desta semana, estamos quebrando alguns paradigmas e entrando em campo fazendo a especificidade do treinamento, como se fosse uma reprodu\u00e7\u00e3o exata do que \u00e9 uma partida oficial. Os \u00e1rbitros est\u00e3o atuando com os \u00e1rbitros assistentes de campo e os de v\u00eddeo&#8221;, explicou o coordenador-geral da Comiss\u00e3o de Arbitragem da CBF.<\/p>\n<p>Cintra tamb\u00e9m prometeu foco no VAR, alvo de muitas cr\u00edticas neste in\u00edcio do Brasileir\u00e3o. &#8220;Estamos trabalhando a nova cultura do VAR, fazendo com que o \u00e1rbitro entenda que o assistente de v\u00eddeo \u00e9 um assistente como o de linha, que \u00e9 chamado de bandeirinha. O assistente de v\u00eddeo est\u00e1 ali para assistir o \u00e1rbitro e ajud\u00e1-lo a tomar a melhor decis\u00e3o em campo. Quando temos essa simplicidade, inclusive na instru\u00e7\u00e3o, passamos a ter uma arbitragem muito mais efetiva&#8221;, afirmou.<\/p>\n<p>Para tanto, o treinamento conta com oito c\u00e2meras ao redor do campo e cabines do VAR para simular as partidas. &#8220;Este evento \u00e9 fundamental para mitigar erros e aumentar o \u00edndice de acerto. Aqui o \u00e1rbitro repete, tem um instrutor do lado de fora, uma cabine de instru\u00e7\u00e3o imediata e uma devolutiva. Com o passar dos dias, os \u00e1rbitros deste grupo sair\u00e3o num outro n\u00edvel.&#8221;<\/p><\/div>\n","protected":false},"excerpt":{"rendered":"<p>O coordenador-geral da Comiss\u00e3o de Arbitragem da CBF, Rodrigo Cintra, apontou uma data para o in\u00edcio da profissionaliza\u00e7\u00e3o dos \u00e1rbitros do futebol brasileiro. Ele afirmou que os treinamentos em vigor fazem parte de um plano que culminar\u00e1 em novo perfil para ju\u00edzes e assistentes a partir de 2027. Cintra divulgou a informa\u00e7\u00e3o ao comentar sobre &hellip;<\/p>\n","protected":false},"author":1,"featured_media":5232,"comment_status":"closed","ping_status":"closed","sticky":false,"template":"","format":"standard","meta":{"footnotes":""},"categories":[31],"tags":[],"class_list":["post-5231","post","type-post","status-publish","format-standard","has-post-thumbnail","hentry","category-esportes"],"yoast_head":"<!-- This site is optimized with the Yoast SEO plugin v27.4 - https:\/\/yoast.com\/product\/yoast-seo-wordpress\/ -->\n<title>CBF aponta data para in\u00edcio da profissionaliza\u00e7\u00e3o da arbitragem no Brasil - Transam\u00e9rica Mococa 93,3<\/title>\n<meta name=\"robots\" content=\"index, follow, max-snippet:-1, max-image-preview:large, max-video-preview:-1\" \/>\n<link rel=\"canonical\" href=\"https:\/\/transamerica93.com.br\/home\/cbf-aponta-data-para-inicio-da-profissionalizacao-da-arbitragem-no-brasil\/\" \/>\n<meta property=\"og:locale\" content=\"pt_BR\" \/>\n<meta property=\"og:type\" content=\"article\" \/>\n<meta property=\"og:title\" content=\"CBF aponta data para in\u00edcio da profissionaliza\u00e7\u00e3o da arbitragem no Brasil - Transam\u00e9rica Mococa 93,3\" \/>\n<meta property=\"og:description\" content=\"O coordenador-geral da Comiss\u00e3o de Arbitragem da CBF, Rodrigo Cintra, apontou uma data para o in\u00edcio da profissionaliza\u00e7\u00e3o dos \u00e1rbitros do futebol brasileiro. Ele afirmou que os treinamentos em vigor fazem parte de um plano que culminar\u00e1 em novo perfil para ju\u00edzes e assistentes a partir de 2027. Cintra divulgou a informa\u00e7\u00e3o ao comentar sobre &hellip;\" \/>\n<meta property=\"og:url\" content=\"https:\/\/transamerica93.com.br\/home\/cbf-aponta-data-para-inicio-da-profissionalizacao-da-arbitragem-no-brasil\/\" \/>\n<meta property=\"og:site_name\" content=\"Transam\u00e9rica Mococa 93,3\" \/>\n<meta property=\"article:publisher\" content=\"https:\/\/www.facebook.com\/transamericamococa\" \/>\n<meta property=\"article:published_time\" content=\"2025-04-22T15:00:56+00:00\" \/>\n<meta property=\"og:image\" content=\"https:\/\/transamerica93.com.br\/home\/wp-content\/uploads\/2025\/04\/1-23.jpg\" \/>\n\t<meta property=\"og:image:width\" content=\"960\" \/>\n\t<meta property=\"og:image:height\" content=\"640\" \/>\n\t<meta property=\"og:image:type\" content=\"image\/jpeg\" \/>\n<meta name=\"author\" content=\"Reda\u00e7\u00e3o\" \/>\n<meta name=\"twitter:card\" content=\"summary_large_image\" \/>\n<meta name=\"twitter:creator\" content=\"@transamerica933\" \/>\n<meta name=\"twitter:site\" content=\"@transamerica933\" \/>\n<meta name=\"twitter:label1\" content=\"Escrito por\" \/>\n\t<meta name=\"twitter:data1\" content=\"Reda\u00e7\u00e3o\" \/>\n\t<meta name=\"twitter:label2\" content=\"Est. tempo de leitura\" \/>\n\t<meta name=\"twitter:data2\" content=\"4 minutos\" \/>\n<script type=\"application\/ld+json\" class=\"yoast-schema-graph\">{\"@context\":\"https:\\\/\\\/schema.org\",\"@graph\":[{\"@type\":\"Article\",\"@id\":\"https:\\\/\\\/transamerica93.com.br\\\/home\\\/cbf-aponta-data-para-inicio-da-profissionalizacao-da-arbitragem-no-brasil\\\/#article\",\"isPartOf\":{\"@id\":\"https:\\\/\\\/transamerica93.com.br\\\/home\\\/cbf-aponta-data-para-inicio-da-profissionalizacao-da-arbitragem-no-brasil\\\/\"},\"author\":{\"name\":\"Reda\u00e7\u00e3o\",\"@id\":\"https:\\\/\\\/transamerica93.com.br\\\/home\\\/#\\\/schema\\\/person\\\/7fed7c99c0d4562efa8561bc0f543172\"},\"headline\":\"CBF aponta data para in\u00edcio da profissionaliza\u00e7\u00e3o da arbitragem no Brasil\",\"datePublished\":\"2025-04-22T15:00:56+00:00\",\"mainEntityOfPage\":{\"@id\":\"https:\\\/\\\/transamerica93.com.br\\\/home\\\/cbf-aponta-data-para-inicio-da-profissionalizacao-da-arbitragem-no-brasil\\\/\"},\"wordCount\":697,\"publisher\":{\"@id\":\"https:\\\/\\\/transamerica93.com.br\\\/home\\\/#organization\"},\"image\":{\"@id\":\"https:\\\/\\\/transamerica93.com.br\\\/home\\\/cbf-aponta-data-para-inicio-da-profissionalizacao-da-arbitragem-no-brasil\\\/#primaryimage\"},\"thumbnailUrl\":\"https:\\\/\\\/transamerica93.com.br\\\/home\\\/wp-content\\\/uploads\\\/2025\\\/04\\\/1-23.jpg\",\"articleSection\":[\"Esportes\"],\"inLanguage\":\"pt-BR\"},{\"@type\":\"WebPage\",\"@id\":\"https:\\\/\\\/transamerica93.com.br\\\/home\\\/cbf-aponta-data-para-inicio-da-profissionalizacao-da-arbitragem-no-brasil\\\/\",\"url\":\"https:\\\/\\\/transamerica93.com.br\\\/home\\\/cbf-aponta-data-para-inicio-da-profissionalizacao-da-arbitragem-no-brasil\\\/\",\"name\":\"CBF aponta data para in\u00edcio da profissionaliza\u00e7\u00e3o da arbitragem no Brasil - Transam\u00e9rica Mococa 93,3\",\"isPartOf\":{\"@id\":\"https:\\\/\\\/transamerica93.com.br\\\/home\\\/#website\"},\"primaryImageOfPage\":{\"@id\":\"https:\\\/\\\/transamerica93.com.br\\\/home\\\/cbf-aponta-data-para-inicio-da-profissionalizacao-da-arbitragem-no-brasil\\\/#primaryimage\"},\"image\":{\"@id\":\"https:\\\/\\\/transamerica93.com.br\\\/home\\\/cbf-aponta-data-para-inicio-da-profissionalizacao-da-arbitragem-no-brasil\\\/#primaryimage\"},\"thumbnailUrl\":\"https:\\\/\\\/transamerica93.com.br\\\/home\\\/wp-content\\\/uploads\\\/2025\\\/04\\\/1-23.jpg\",\"datePublished\":\"2025-04-22T15:00:56+00:00\",\"breadcrumb\":{\"@id\":\"https:\\\/\\\/transamerica93.com.br\\\/home\\\/cbf-aponta-data-para-inicio-da-profissionalizacao-da-arbitragem-no-brasil\\\/#breadcrumb\"},\"inLanguage\":\"pt-BR\",\"potentialAction\":[{\"@type\":\"ReadAction\",\"target\":[\"https:\\\/\\\/transamerica93.com.br\\\/home\\\/cbf-aponta-data-para-inicio-da-profissionalizacao-da-arbitragem-no-brasil\\\/\"]}]},{\"@type\":\"ImageObject\",\"inLanguage\":\"pt-BR\",\"@id\":\"https:\\\/\\\/transamerica93.com.br\\\/home\\\/cbf-aponta-data-para-inicio-da-profissionalizacao-da-arbitragem-no-brasil\\\/#primaryimage\",\"url\":\"https:\\\/\\\/transamerica93.com.br\\\/home\\\/wp-content\\\/uploads\\\/2025\\\/04\\\/1-23.jpg\",\"contentUrl\":\"https:\\\/\\\/transamerica93.com.br\\\/home\\\/wp-content\\\/uploads\\\/2025\\\/04\\\/1-23.jpg\",\"width\":960,\"height\":640,\"caption\":\"Foto: Rafael Ribeiro\\\/CBF\"},{\"@type\":\"BreadcrumbList\",\"@id\":\"https:\\\/\\\/transamerica93.com.br\\\/home\\\/cbf-aponta-data-para-inicio-da-profissionalizacao-da-arbitragem-no-brasil\\\/#breadcrumb\",\"itemListElement\":[{\"@type\":\"ListItem\",\"position\":1,\"name\":\"In\u00edcio\",\"item\":\"https:\\\/\\\/transamerica93.com.br\\\/home\\\/\"},{\"@type\":\"ListItem\",\"position\":2,\"name\":\"CBF aponta data para in\u00edcio da profissionaliza\u00e7\u00e3o da arbitragem no Brasil\"}]},{\"@type\":\"WebSite\",\"@id\":\"https:\\\/\\\/transamerica93.com.br\\\/home\\\/#website\",\"url\":\"https:\\\/\\\/transamerica93.com.br\\\/home\\\/\",\"name\":\"Transam\u00e9rica Mococa 93,3\",\"description\":\"\",\"publisher\":{\"@id\":\"https:\\\/\\\/transamerica93.com.br\\\/home\\\/#organization\"},\"potentialAction\":[{\"@type\":\"SearchAction\",\"target\":{\"@type\":\"EntryPoint\",\"urlTemplate\":\"https:\\\/\\\/transamerica93.com.br\\\/home\\\/?s={search_term_string}\"},\"query-input\":{\"@type\":\"PropertyValueSpecification\",\"valueRequired\":true,\"valueName\":\"search_term_string\"}}],\"inLanguage\":\"pt-BR\"},{\"@type\":\"Organization\",\"@id\":\"https:\\\/\\\/transamerica93.com.br\\\/home\\\/#organization\",\"name\":\"Transam\u00e9rica Mococa 93,3\",\"url\":\"https:\\\/\\\/transamerica93.com.br\\\/home\\\/\",\"logo\":{\"@type\":\"ImageObject\",\"inLanguage\":\"pt-BR\",\"@id\":\"https:\\\/\\\/transamerica93.com.br\\\/home\\\/#\\\/schema\\\/logo\\\/image\\\/\",\"url\":\"https:\\\/\\\/transamerica93.com.br\\\/home\\\/wp-content\\\/uploads\\\/2023\\\/10\\\/logo2.png\",\"contentUrl\":\"https:\\\/\\\/transamerica93.com.br\\\/home\\\/wp-content\\\/uploads\\\/2023\\\/10\\\/logo2.png\",\"width\":800,\"height\":500,\"caption\":\"Transam\u00e9rica Mococa 93,3\"},\"image\":{\"@id\":\"https:\\\/\\\/transamerica93.com.br\\\/home\\\/#\\\/schema\\\/logo\\\/image\\\/\"},\"sameAs\":[\"https:\\\/\\\/www.facebook.com\\\/transamericamococa\",\"https:\\\/\\\/x.com\\\/transamerica933\",\"https:\\\/\\\/www.instagram.com\\\/transamericamococa\"]},{\"@type\":\"Person\",\"@id\":\"https:\\\/\\\/transamerica93.com.br\\\/home\\\/#\\\/schema\\\/person\\\/7fed7c99c0d4562efa8561bc0f543172\",\"name\":\"Reda\u00e7\u00e3o\",\"image\":{\"@type\":\"ImageObject\",\"inLanguage\":\"pt-BR\",\"@id\":\"https:\\\/\\\/secure.gravatar.com\\\/avatar\\\/1072c6b775fb02ef8506ce967551d95926669a6b7d2c2147b42eea4d7c68395e?s=96&d=mm&r=g\",\"url\":\"https:\\\/\\\/secure.gravatar.com\\\/avatar\\\/1072c6b775fb02ef8506ce967551d95926669a6b7d2c2147b42eea4d7c68395e?s=96&d=mm&r=g\",\"contentUrl\":\"https:\\\/\\\/secure.gravatar.com\\\/avatar\\\/1072c6b775fb02ef8506ce967551d95926669a6b7d2c2147b42eea4d7c68395e?s=96&d=mm&r=g\",\"caption\":\"Reda\u00e7\u00e3o\"},\"sameAs\":[\"https:\\\/\\\/transamerica93.com.br\\\/home\"],\"url\":\"https:\\\/\\\/transamerica93.com.br\\\/home\\\/author\\\/william\\\/\"}]}<\/script>\n<!-- \/ Yoast SEO plugin. -->","yoast_head_json":{"title":"CBF aponta data para in\u00edcio da profissionaliza\u00e7\u00e3o da arbitragem no Brasil - Transam\u00e9rica Mococa 93,3","robots":{"index":"index","follow":"follow","max-snippet":"max-snippet:-1","max-image-preview":"max-image-preview:large","max-video-preview":"max-video-preview:-1"},"canonical":"https:\/\/transamerica93.com.br\/home\/cbf-aponta-data-para-inicio-da-profissionalizacao-da-arbitragem-no-brasil\/","og_locale":"pt_BR","og_type":"article","og_title":"CBF aponta data para in\u00edcio da profissionaliza\u00e7\u00e3o da arbitragem no Brasil - Transam\u00e9rica Mococa 93,3","og_description":"O coordenador-geral da Comiss\u00e3o de Arbitragem da CBF, Rodrigo Cintra, apontou uma data para o in\u00edcio da profissionaliza\u00e7\u00e3o dos \u00e1rbitros do futebol brasileiro. Ele afirmou que os treinamentos em vigor fazem parte de um plano que culminar\u00e1 em novo perfil para ju\u00edzes e assistentes a partir de 2027. Cintra divulgou a informa\u00e7\u00e3o ao comentar sobre &hellip;","og_url":"https:\/\/transamerica93.com.br\/home\/cbf-aponta-data-para-inicio-da-profissionalizacao-da-arbitragem-no-brasil\/","og_site_name":"Transam\u00e9rica Mococa 93,3","article_publisher":"https:\/\/www.facebook.com\/transamericamococa","article_published_time":"2025-04-22T15:00:56+00:00","og_image":[{"width":960,"height":640,"url":"https:\/\/transamerica93.com.br\/home\/wp-content\/uploads\/2025\/04\/1-23.jpg","type":"image\/jpeg"}],"author":"Reda\u00e7\u00e3o","twitter_card":"summary_large_image","twitter_creator":"@transamerica933","twitter_site":"@transamerica933","twitter_misc":{"Escrito por":"Reda\u00e7\u00e3o","Est. tempo de leitura":"4 minutos"},"schema":{"@context":"https:\/\/schema.org","@graph":[{"@type":"Article","@id":"https:\/\/transamerica93.com.br\/home\/cbf-aponta-data-para-inicio-da-profissionalizacao-da-arbitragem-no-brasil\/#article","isPartOf":{"@id":"https:\/\/transamerica93.com.br\/home\/cbf-aponta-data-para-inicio-da-profissionalizacao-da-arbitragem-no-brasil\/"},"author":{"name":"Reda\u00e7\u00e3o","@id":"https:\/\/transamerica93.com.br\/home\/#\/schema\/person\/7fed7c99c0d4562efa8561bc0f543172"},"headline":"CBF aponta data para in\u00edcio da profissionaliza\u00e7\u00e3o da arbitragem no Brasil","datePublished":"2025-04-22T15:00:56+00:00","mainEntityOfPage":{"@id":"https:\/\/transamerica93.com.br\/home\/cbf-aponta-data-para-inicio-da-profissionalizacao-da-arbitragem-no-brasil\/"},"wordCount":697,"publisher":{"@id":"https:\/\/transamerica93.com.br\/home\/#organization"},"image":{"@id":"https:\/\/transamerica93.com.br\/home\/cbf-aponta-data-para-inicio-da-profissionalizacao-da-arbitragem-no-brasil\/#primaryimage"},"thumbnailUrl":"https:\/\/transamerica93.com.br\/home\/wp-content\/uploads\/2025\/04\/1-23.jpg","articleSection":["Esportes"],"inLanguage":"pt-BR"},{"@type":"WebPage","@id":"https:\/\/transamerica93.com.br\/home\/cbf-aponta-data-para-inicio-da-profissionalizacao-da-arbitragem-no-brasil\/","url":"https:\/\/transamerica93.com.br\/home\/cbf-aponta-data-para-inicio-da-profissionalizacao-da-arbitragem-no-brasil\/","name":"CBF aponta data para in\u00edcio da profissionaliza\u00e7\u00e3o da arbitragem no Brasil - Transam\u00e9rica Mococa 93,3","isPartOf":{"@id":"https:\/\/transamerica93.com.br\/home\/#website"},"primaryImageOfPage":{"@id":"https:\/\/transamerica93.com.br\/home\/cbf-aponta-data-para-inicio-da-profissionalizacao-da-arbitragem-no-brasil\/#primaryimage"},"image":{"@id":"https:\/\/transamerica93.com.br\/home\/cbf-aponta-data-para-inicio-da-profissionalizacao-da-arbitragem-no-brasil\/#primaryimage"},"thumbnailUrl":"https:\/\/transamerica93.com.br\/home\/wp-content\/uploads\/2025\/04\/1-23.jpg","datePublished":"2025-04-22T15:00:56+00:00","breadcrumb":{"@id":"https:\/\/transamerica93.com.br\/home\/cbf-aponta-data-para-inicio-da-profissionalizacao-da-arbitragem-no-brasil\/#breadcrumb"},"inLanguage":"pt-BR","potentialAction":[{"@type":"ReadAction","target":["https:\/\/transamerica93.com.br\/home\/cbf-aponta-data-para-inicio-da-profissionalizacao-da-arbitragem-no-brasil\/"]}]},{"@type":"ImageObject","inLanguage":"pt-BR","@id":"https:\/\/transamerica93.com.br\/home\/cbf-aponta-data-para-inicio-da-profissionalizacao-da-arbitragem-no-brasil\/#primaryimage","url":"https:\/\/transamerica93.com.br\/home\/wp-content\/uploads\/2025\/04\/1-23.jpg","contentUrl":"https:\/\/transamerica93.com.br\/home\/wp-content\/uploads\/2025\/04\/1-23.jpg","width":960,"height":640,"caption":"Foto: Rafael Ribeiro\/CBF"},{"@type":"BreadcrumbList","@id":"https:\/\/transamerica93.com.br\/home\/cbf-aponta-data-para-inicio-da-profissionalizacao-da-arbitragem-no-brasil\/#breadcrumb","itemListElement":[{"@type":"ListItem","position":1,"name":"In\u00edcio","item":"https:\/\/transamerica93.com.br\/home\/"},{"@type":"ListItem","position":2,"name":"CBF aponta data para in\u00edcio da profissionaliza\u00e7\u00e3o da arbitragem no Brasil"}]},{"@type":"WebSite","@id":"https:\/\/transamerica93.com.br\/home\/#website","url":"https:\/\/transamerica93.com.br\/home\/","name":"Transam\u00e9rica Mococa 93,3","description":"","publisher":{"@id":"https:\/\/transamerica93.com.br\/home\/#organization"},"potentialAction":[{"@type":"SearchAction","target":{"@type":"EntryPoint","urlTemplate":"https:\/\/transamerica93.com.br\/home\/?s={search_term_string}"},"query-input":{"@type":"PropertyValueSpecification","valueRequired":true,"valueName":"search_term_string"}}],"inLanguage":"pt-BR"},{"@type":"Organization","@id":"https:\/\/transamerica93.com.br\/home\/#organization","name":"Transam\u00e9rica Mococa 93,3","url":"https:\/\/transamerica93.com.br\/home\/","logo":{"@type":"ImageObject","inLanguage":"pt-BR","@id":"https:\/\/transamerica93.com.br\/home\/#\/schema\/logo\/image\/","url":"https:\/\/transamerica93.com.br\/home\/wp-content\/uploads\/2023\/10\/logo2.png","contentUrl":"https:\/\/transamerica93.com.br\/home\/wp-content\/uploads\/2023\/10\/logo2.png","width":800,"height":500,"caption":"Transam\u00e9rica Mococa 93,3"},"image":{"@id":"https:\/\/transamerica93.com.br\/home\/#\/schema\/logo\/image\/"},"sameAs":["https:\/\/www.facebook.com\/transamericamococa","https:\/\/x.com\/transamerica933","https:\/\/www.instagram.com\/transamericamococa"]},{"@type":"Person","@id":"https:\/\/transamerica93.com.br\/home\/#\/schema\/person\/7fed7c99c0d4562efa8561bc0f543172","name":"Reda\u00e7\u00e3o","image":{"@type":"ImageObject","inLanguage":"pt-BR","@id":"https:\/\/secure.gravatar.com\/avatar\/1072c6b775fb02ef8506ce967551d95926669a6b7d2c2147b42eea4d7c68395e?s=96&d=mm&r=g","url":"https:\/\/secure.gravatar.com\/avatar\/1072c6b775fb02ef8506ce967551d95926669a6b7d2c2147b42eea4d7c68395e?s=96&d=mm&r=g","contentUrl":"https:\/\/secure.gravatar.com\/avatar\/1072c6b775fb02ef8506ce967551d95926669a6b7d2c2147b42eea4d7c68395e?s=96&d=mm&r=g","caption":"Reda\u00e7\u00e3o"},"sameAs":["https:\/\/transamerica93.com.br\/home"],"url":"https:\/\/transamerica93.com.br\/home\/author\/william\/"}]}},"_links":{"self":[{"href":"https:\/\/transamerica93.com.br\/home\/wp-json\/wp\/v2\/posts\/5231","targetHints":{"allow":["GET"]}}],"collection":[{"href":"https:\/\/transamerica93.com.br\/home\/wp-json\/wp\/v2\/posts"}],"about":[{"href":"https:\/\/transamerica93.com.br\/home\/wp-json\/wp\/v2\/types\/post"}],"author":[{"embeddable":true,"href":"https:\/\/transamerica93.com.br\/home\/wp-json\/wp\/v2\/users\/1"}],"replies":[{"embeddable":true,"href":"https:\/\/transamerica93.com.br\/home\/wp-json\/wp\/v2\/comments?post=5231"}],"version-history":[{"count":1,"href":"https:\/\/transamerica93.com.br\/home\/wp-json\/wp\/v2\/posts\/5231\/revisions"}],"predecessor-version":[{"id":5233,"href":"https:\/\/transamerica93.com.br\/home\/wp-json\/wp\/v2\/posts\/5231\/revisions\/5233"}],"wp:featuredmedia":[{"embeddable":true,"href":"https:\/\/transamerica93.com.br\/home\/wp-json\/wp\/v2\/media\/5232"}],"wp:attachment":[{"href":"https:\/\/transamerica93.com.br\/home\/wp-json\/wp\/v2\/media?parent=5231"}],"wp:term":[{"taxonomy":"category","embeddable":true,"href":"https:\/\/transamerica93.com.br\/home\/wp-json\/wp\/v2\/categories?post=5231"},{"taxonomy":"post_tag","embeddable":true,"href":"https:\/\/transamerica93.com.br\/home\/wp-json\/wp\/v2\/tags?post=5231"}],"curies":[{"name":"wp","href":"https:\/\/api.w.org\/{rel}","templated":true}]}}