{"id":5240,"date":"2025-04-25T12:00:18","date_gmt":"2025-04-25T15:00:18","guid":{"rendered":"https:\/\/transamerica93.com.br\/home\/?p=5240"},"modified":"2025-04-18T10:44:39","modified_gmt":"2025-04-18T13:44:39","slug":"corinthians-cas-marca-data-de-audiencia-sobre-condenacao-de-r-55-mi-por-garro-e-felix-torres","status":"publish","type":"post","link":"https:\/\/transamerica93.com.br\/home\/corinthians-cas-marca-data-de-audiencia-sobre-condenacao-de-r-55-mi-por-garro-e-felix-torres\/","title":{"rendered":"Corinthians: CAS marca data de audi\u00eancia sobre condena\u00e7\u00e3o de R$ 55 mi por Garro e F\u00e9lix Torres"},"content":{"rendered":"<div id=\"Corpo\">Por Bruno Accorsi e Rodrigo Sampaio<\/p>\n<p>A Corte Arbitral do Esporte (CAS) marcou a data da audi\u00eancia de apela\u00e7\u00e3o do Corinthians ap\u00f3s o clube ser condenando pela Fifa em processo que soma mais de US$ 9,4 milh\u00f5es (cerca de R$ 55 milh\u00f5es). As a\u00e7\u00f5es s\u00e3o referentes \u00e0s contrata\u00e7\u00f5es do meio-campista Rodrigo Garro e do zagueiro F\u00e9lix Torres junto ao Talleres, da Argentina, e ao Santos Laguna, do M\u00e9xico, respectivamente, e os valores ainda est\u00e3o sujeitos a juros.<\/p>\n<p>O caso envolvendo Rodrigo Garro ser\u00e1 julgado em 30 de abril, enquanto o de F\u00e9lix Torres ser\u00e1 em 7 de maio. A CAS \u00e9 a \u00faltima inst\u00e2ncia em assuntos esportivos e a an\u00e1lise pode se estender por at\u00e9 um ano. O Corinthians n\u00e3o pode ser punido com &#8220;transfer ban&#8221; (impedimento de fazer contrata\u00e7\u00f5es) at\u00e9 uma resolu\u00e7\u00e3o dos dois casos.<\/p>\n<p>A C\u00e2mara do Estatuto do Jogador da Fifa concluiu que o Corinthians tem de pagar ao Talleres US$ 3,6 milh\u00f5es (R$ 21,1 milh\u00f5es) acrescidos de juros, al\u00e9m de uma indeniza\u00e7\u00e3o de US$ 722,4 mil (R$ 4,2 milh\u00f5es) por &#8220;penalidade contratual&#8221;.<\/p>\n<p>A quantia de R$ 21,1 milh\u00f5es \u00e9 formado por duas cobran\u00e7as do clube argentino, que entende ter direito a receber US$ 612 mil (R$ 3,5 milh\u00f5es) referentes a custos operacionais e impostos da transfer\u00eancia de Garro ao Corinthians. O clube brasileiro afirma que n\u00e3o se comprometeu com essas despesas no contrato.<\/p>\n<p>J\u00e1 os US$ 3 milh\u00f5es (R$ 17,6 milh\u00f5es) s\u00e3o referentes \u00e0 antecipa\u00e7\u00e3o de parcelas estabelecida em contrato em caso de atraso no pagamento. Quando contratou o meia argentino, por US$ 7 milh\u00f5es, o Corinthians pagou US$ 4 milh\u00f5es \u00e0 vista, mas ficou devendo o restante.<\/p>\n<p>Os juros determinados pela decis\u00e3o da Fifa s\u00e3o de 18% anuais, a partir de 17 de janeiro de 2024 at\u00e9 a data do pagamento, sobre os US$ 3 milh\u00f5es e de 18% anuais, a contar de 17 janeiro de 2024 at\u00e9 a data do pagamento, sobre os US$ 612 mil.<\/p>\n<p>Em nota, o Corinthians refor\u00e7ou o que j\u00e1 havia comentado em outros epis\u00f3dios sobre o caso, defendendo que o acordo entre as partes n\u00e3o previa os valores cobrados pelo Talleres como custos operacionais.<\/p>\n<p>&#8220;Como o valor acordado era bruto, o Corinthians efetuou o pagamento da primeira parcela com a dedu\u00e7\u00e3o dos impostos incidentes sobre a remessa banc\u00e1ria internacional. No entanto, o clube argentino n\u00e3o concordou com essa forma de pagamento e recorreu \u00e0 Fifa&#8221;, diz o comunicado, em que o clube tamb\u00e9m afirma estar &#8220;conduzindo a quest\u00e3o dentro dos tr\u00e2mites legais, respeitando todas as inst\u00e2ncias e confiante em uma solu\u00e7\u00e3o justa para ambas as partes.&#8221;<\/p>\n<p>Por sua vez, a divida cobrada pelo Santos Laguna pela negocia\u00e7\u00e3o de F\u00e9lix Torres \u00e9 de US$ 6 milh\u00f5es (R$ 35,2 milh\u00f5es). O clube mexicano alega que recebeu apenas a primeira parcela da compra, no valor de US$ 2 milh\u00f5es, de um total de US$ 6,5 milh\u00f5es a serem pagos pelos corintianos.<\/p>\n<p>A segunda parcela venceu em maio de 2024, e a diretoria do clube mexicano acionou a Fifa para cobrar todas as parcelas restantes. Al\u00e9m do montante de presta\u00e7\u00f5es, que totalizam US$ 4,5 milh\u00f5es (R$ 26,4 milh\u00f5es), a decis\u00e3o prev\u00ea pagamento de US$ 675 mil (R$ 3,9 milh\u00f5es) de multa pelo atraso e mais 18% de juros anuais, de maio de 2024 at\u00e9 a data do pagamento efetivo, que acrescentariam US$ 810 mil (R$ 4,7 milh\u00f5es) ao total. H\u00e1 tamb\u00e9m US$ 30 mil (R$ 176 mil) de multa \u00e0 Fifa.<\/p>\n<p>O clube alvinegro tamb\u00e9m se manifestou sobre o caso de Torres, em nota na qual confirmou o atraso no pagamento da segunda presta\u00e7\u00e3o ao time mexicano. &#8220;Diante do atraso no pagamento da segunda parcela, o Santos Laguna recorreu \u00e0 FIFA, alegando que, conforme previsto no contrato, o n\u00e3o cumprimento de uma parcela resultaria no vencimento antecipado das demais. A FIFA ent\u00e3o determinou o pagamento do saldo restante, al\u00e9m de multa contratual. O Corinthians, por sua vez, apresentou recurso ao Tribunal Arbitral do Esporte (CAS), buscando a suspens\u00e3o da cobran\u00e7a. O caso segue em an\u00e1lise e ainda est\u00e1 sob discuss\u00e3o&#8221;, afirmou.<\/p><\/div>\n","protected":false},"excerpt":{"rendered":"<p>Por Bruno Accorsi e Rodrigo Sampaio A Corte Arbitral do Esporte (CAS) marcou a data da audi\u00eancia de apela\u00e7\u00e3o do Corinthians ap\u00f3s o clube ser condenando pela Fifa em processo que soma mais de US$ 9,4 milh\u00f5es (cerca de R$ 55 milh\u00f5es). As a\u00e7\u00f5es s\u00e3o referentes \u00e0s contrata\u00e7\u00f5es do meio-campista Rodrigo Garro e do zagueiro &hellip;<\/p>\n","protected":false},"author":1,"featured_media":5241,"comment_status":"closed","ping_status":"closed","sticky":false,"template":"","format":"standard","meta":{"footnotes":""},"categories":[31],"tags":[],"class_list":["post-5240","post","type-post","status-publish","format-standard","has-post-thumbnail","hentry","category-esportes"],"yoast_head":"<!-- This site is optimized with the Yoast SEO plugin v27.4 - https:\/\/yoast.com\/product\/yoast-seo-wordpress\/ -->\n<title>Corinthians: CAS marca data de audi\u00eancia sobre condena\u00e7\u00e3o de R$ 55 mi por Garro e F\u00e9lix Torres - Transam\u00e9rica Mococa 93,3<\/title>\n<meta name=\"robots\" content=\"index, follow, max-snippet:-1, max-image-preview:large, max-video-preview:-1\" \/>\n<link rel=\"canonical\" href=\"https:\/\/transamerica93.com.br\/home\/corinthians-cas-marca-data-de-audiencia-sobre-condenacao-de-r-55-mi-por-garro-e-felix-torres\/\" \/>\n<meta property=\"og:locale\" content=\"pt_BR\" \/>\n<meta property=\"og:type\" content=\"article\" \/>\n<meta property=\"og:title\" content=\"Corinthians: CAS marca data de audi\u00eancia sobre condena\u00e7\u00e3o de R$ 55 mi por Garro e F\u00e9lix Torres - Transam\u00e9rica Mococa 93,3\" \/>\n<meta property=\"og:description\" content=\"Por Bruno Accorsi e Rodrigo Sampaio A Corte Arbitral do Esporte (CAS) marcou a data da audi\u00eancia de apela\u00e7\u00e3o do Corinthians ap\u00f3s o clube ser condenando pela Fifa em processo que soma mais de US$ 9,4 milh\u00f5es (cerca de R$ 55 milh\u00f5es). As a\u00e7\u00f5es s\u00e3o referentes \u00e0s contrata\u00e7\u00f5es do meio-campista Rodrigo Garro e do zagueiro &hellip;\" \/>\n<meta property=\"og:url\" content=\"https:\/\/transamerica93.com.br\/home\/corinthians-cas-marca-data-de-audiencia-sobre-condenacao-de-r-55-mi-por-garro-e-felix-torres\/\" \/>\n<meta property=\"og:site_name\" content=\"Transam\u00e9rica Mococa 93,3\" \/>\n<meta property=\"article:publisher\" content=\"https:\/\/www.facebook.com\/transamericamococa\" \/>\n<meta property=\"article:published_time\" content=\"2025-04-25T15:00:18+00:00\" \/>\n<meta property=\"og:image\" content=\"https:\/\/transamerica93.com.br\/home\/wp-content\/uploads\/2025\/04\/1-26.jpg\" \/>\n\t<meta property=\"og:image:width\" content=\"971\" \/>\n\t<meta property=\"og:image:height\" content=\"566\" \/>\n\t<meta property=\"og:image:type\" content=\"image\/jpeg\" \/>\n<meta name=\"author\" content=\"Reda\u00e7\u00e3o\" \/>\n<meta name=\"twitter:card\" content=\"summary_large_image\" \/>\n<meta name=\"twitter:creator\" content=\"@transamerica933\" \/>\n<meta name=\"twitter:site\" content=\"@transamerica933\" \/>\n<meta name=\"twitter:label1\" content=\"Escrito por\" \/>\n\t<meta name=\"twitter:data1\" content=\"Reda\u00e7\u00e3o\" \/>\n\t<meta name=\"twitter:label2\" content=\"Est. tempo de leitura\" \/>\n\t<meta name=\"twitter:data2\" content=\"4 minutos\" \/>\n<script type=\"application\/ld+json\" class=\"yoast-schema-graph\">{\"@context\":\"https:\\\/\\\/schema.org\",\"@graph\":[{\"@type\":\"Article\",\"@id\":\"https:\\\/\\\/transamerica93.com.br\\\/home\\\/corinthians-cas-marca-data-de-audiencia-sobre-condenacao-de-r-55-mi-por-garro-e-felix-torres\\\/#article\",\"isPartOf\":{\"@id\":\"https:\\\/\\\/transamerica93.com.br\\\/home\\\/corinthians-cas-marca-data-de-audiencia-sobre-condenacao-de-r-55-mi-por-garro-e-felix-torres\\\/\"},\"author\":{\"name\":\"Reda\u00e7\u00e3o\",\"@id\":\"https:\\\/\\\/transamerica93.com.br\\\/home\\\/#\\\/schema\\\/person\\\/7fed7c99c0d4562efa8561bc0f543172\"},\"headline\":\"Corinthians: CAS marca data de audi\u00eancia sobre condena\u00e7\u00e3o de R$ 55 mi por Garro e F\u00e9lix Torres\",\"datePublished\":\"2025-04-25T15:00:18+00:00\",\"mainEntityOfPage\":{\"@id\":\"https:\\\/\\\/transamerica93.com.br\\\/home\\\/corinthians-cas-marca-data-de-audiencia-sobre-condenacao-de-r-55-mi-por-garro-e-felix-torres\\\/\"},\"wordCount\":712,\"publisher\":{\"@id\":\"https:\\\/\\\/transamerica93.com.br\\\/home\\\/#organization\"},\"image\":{\"@id\":\"https:\\\/\\\/transamerica93.com.br\\\/home\\\/corinthians-cas-marca-data-de-audiencia-sobre-condenacao-de-r-55-mi-por-garro-e-felix-torres\\\/#primaryimage\"},\"thumbnailUrl\":\"https:\\\/\\\/transamerica93.com.br\\\/home\\\/wp-content\\\/uploads\\\/2025\\\/04\\\/1-26.jpg\",\"articleSection\":[\"Esportes\"],\"inLanguage\":\"pt-BR\"},{\"@type\":\"WebPage\",\"@id\":\"https:\\\/\\\/transamerica93.com.br\\\/home\\\/corinthians-cas-marca-data-de-audiencia-sobre-condenacao-de-r-55-mi-por-garro-e-felix-torres\\\/\",\"url\":\"https:\\\/\\\/transamerica93.com.br\\\/home\\\/corinthians-cas-marca-data-de-audiencia-sobre-condenacao-de-r-55-mi-por-garro-e-felix-torres\\\/\",\"name\":\"Corinthians: CAS marca data de audi\u00eancia sobre condena\u00e7\u00e3o de R$ 55 mi por Garro e F\u00e9lix Torres - Transam\u00e9rica Mococa 93,3\",\"isPartOf\":{\"@id\":\"https:\\\/\\\/transamerica93.com.br\\\/home\\\/#website\"},\"primaryImageOfPage\":{\"@id\":\"https:\\\/\\\/transamerica93.com.br\\\/home\\\/corinthians-cas-marca-data-de-audiencia-sobre-condenacao-de-r-55-mi-por-garro-e-felix-torres\\\/#primaryimage\"},\"image\":{\"@id\":\"https:\\\/\\\/transamerica93.com.br\\\/home\\\/corinthians-cas-marca-data-de-audiencia-sobre-condenacao-de-r-55-mi-por-garro-e-felix-torres\\\/#primaryimage\"},\"thumbnailUrl\":\"https:\\\/\\\/transamerica93.com.br\\\/home\\\/wp-content\\\/uploads\\\/2025\\\/04\\\/1-26.jpg\",\"datePublished\":\"2025-04-25T15:00:18+00:00\",\"breadcrumb\":{\"@id\":\"https:\\\/\\\/transamerica93.com.br\\\/home\\\/corinthians-cas-marca-data-de-audiencia-sobre-condenacao-de-r-55-mi-por-garro-e-felix-torres\\\/#breadcrumb\"},\"inLanguage\":\"pt-BR\",\"potentialAction\":[{\"@type\":\"ReadAction\",\"target\":[\"https:\\\/\\\/transamerica93.com.br\\\/home\\\/corinthians-cas-marca-data-de-audiencia-sobre-condenacao-de-r-55-mi-por-garro-e-felix-torres\\\/\"]}]},{\"@type\":\"ImageObject\",\"inLanguage\":\"pt-BR\",\"@id\":\"https:\\\/\\\/transamerica93.com.br\\\/home\\\/corinthians-cas-marca-data-de-audiencia-sobre-condenacao-de-r-55-mi-por-garro-e-felix-torres\\\/#primaryimage\",\"url\":\"https:\\\/\\\/transamerica93.com.br\\\/home\\\/wp-content\\\/uploads\\\/2025\\\/04\\\/1-26.jpg\",\"contentUrl\":\"https:\\\/\\\/transamerica93.com.br\\\/home\\\/wp-content\\\/uploads\\\/2025\\\/04\\\/1-26.jpg\",\"width\":971,\"height\":566,\"caption\":\"Reprodu\u00e7\u00e3o Instagram\"},{\"@type\":\"BreadcrumbList\",\"@id\":\"https:\\\/\\\/transamerica93.com.br\\\/home\\\/corinthians-cas-marca-data-de-audiencia-sobre-condenacao-de-r-55-mi-por-garro-e-felix-torres\\\/#breadcrumb\",\"itemListElement\":[{\"@type\":\"ListItem\",\"position\":1,\"name\":\"In\u00edcio\",\"item\":\"https:\\\/\\\/transamerica93.com.br\\\/home\\\/\"},{\"@type\":\"ListItem\",\"position\":2,\"name\":\"Corinthians: CAS marca data de audi\u00eancia sobre condena\u00e7\u00e3o de R$ 55 mi por Garro e F\u00e9lix Torres\"}]},{\"@type\":\"WebSite\",\"@id\":\"https:\\\/\\\/transamerica93.com.br\\\/home\\\/#website\",\"url\":\"https:\\\/\\\/transamerica93.com.br\\\/home\\\/\",\"name\":\"Transam\u00e9rica Mococa 93,3\",\"description\":\"\",\"publisher\":{\"@id\":\"https:\\\/\\\/transamerica93.com.br\\\/home\\\/#organization\"},\"potentialAction\":[{\"@type\":\"SearchAction\",\"target\":{\"@type\":\"EntryPoint\",\"urlTemplate\":\"https:\\\/\\\/transamerica93.com.br\\\/home\\\/?s={search_term_string}\"},\"query-input\":{\"@type\":\"PropertyValueSpecification\",\"valueRequired\":true,\"valueName\":\"search_term_string\"}}],\"inLanguage\":\"pt-BR\"},{\"@type\":\"Organization\",\"@id\":\"https:\\\/\\\/transamerica93.com.br\\\/home\\\/#organization\",\"name\":\"Transam\u00e9rica Mococa 93,3\",\"url\":\"https:\\\/\\\/transamerica93.com.br\\\/home\\\/\",\"logo\":{\"@type\":\"ImageObject\",\"inLanguage\":\"pt-BR\",\"@id\":\"https:\\\/\\\/transamerica93.com.br\\\/home\\\/#\\\/schema\\\/logo\\\/image\\\/\",\"url\":\"https:\\\/\\\/transamerica93.com.br\\\/home\\\/wp-content\\\/uploads\\\/2023\\\/10\\\/logo2.png\",\"contentUrl\":\"https:\\\/\\\/transamerica93.com.br\\\/home\\\/wp-content\\\/uploads\\\/2023\\\/10\\\/logo2.png\",\"width\":800,\"height\":500,\"caption\":\"Transam\u00e9rica Mococa 93,3\"},\"image\":{\"@id\":\"https:\\\/\\\/transamerica93.com.br\\\/home\\\/#\\\/schema\\\/logo\\\/image\\\/\"},\"sameAs\":[\"https:\\\/\\\/www.facebook.com\\\/transamericamococa\",\"https:\\\/\\\/x.com\\\/transamerica933\",\"https:\\\/\\\/www.instagram.com\\\/transamericamococa\"]},{\"@type\":\"Person\",\"@id\":\"https:\\\/\\\/transamerica93.com.br\\\/home\\\/#\\\/schema\\\/person\\\/7fed7c99c0d4562efa8561bc0f543172\",\"name\":\"Reda\u00e7\u00e3o\",\"image\":{\"@type\":\"ImageObject\",\"inLanguage\":\"pt-BR\",\"@id\":\"https:\\\/\\\/secure.gravatar.com\\\/avatar\\\/1072c6b775fb02ef8506ce967551d95926669a6b7d2c2147b42eea4d7c68395e?s=96&d=mm&r=g\",\"url\":\"https:\\\/\\\/secure.gravatar.com\\\/avatar\\\/1072c6b775fb02ef8506ce967551d95926669a6b7d2c2147b42eea4d7c68395e?s=96&d=mm&r=g\",\"contentUrl\":\"https:\\\/\\\/secure.gravatar.com\\\/avatar\\\/1072c6b775fb02ef8506ce967551d95926669a6b7d2c2147b42eea4d7c68395e?s=96&d=mm&r=g\",\"caption\":\"Reda\u00e7\u00e3o\"},\"sameAs\":[\"https:\\\/\\\/transamerica93.com.br\\\/home\"],\"url\":\"https:\\\/\\\/transamerica93.com.br\\\/home\\\/author\\\/william\\\/\"}]}<\/script>\n<!-- \/ Yoast SEO plugin. -->","yoast_head_json":{"title":"Corinthians: CAS marca data de audi\u00eancia sobre condena\u00e7\u00e3o de R$ 55 mi por Garro e F\u00e9lix Torres - Transam\u00e9rica Mococa 93,3","robots":{"index":"index","follow":"follow","max-snippet":"max-snippet:-1","max-image-preview":"max-image-preview:large","max-video-preview":"max-video-preview:-1"},"canonical":"https:\/\/transamerica93.com.br\/home\/corinthians-cas-marca-data-de-audiencia-sobre-condenacao-de-r-55-mi-por-garro-e-felix-torres\/","og_locale":"pt_BR","og_type":"article","og_title":"Corinthians: CAS marca data de audi\u00eancia sobre condena\u00e7\u00e3o de R$ 55 mi por Garro e F\u00e9lix Torres - Transam\u00e9rica Mococa 93,3","og_description":"Por Bruno Accorsi e Rodrigo Sampaio A Corte Arbitral do Esporte (CAS) marcou a data da audi\u00eancia de apela\u00e7\u00e3o do Corinthians ap\u00f3s o clube ser condenando pela Fifa em processo que soma mais de US$ 9,4 milh\u00f5es (cerca de R$ 55 milh\u00f5es). As a\u00e7\u00f5es s\u00e3o referentes \u00e0s contrata\u00e7\u00f5es do meio-campista Rodrigo Garro e do zagueiro &hellip;","og_url":"https:\/\/transamerica93.com.br\/home\/corinthians-cas-marca-data-de-audiencia-sobre-condenacao-de-r-55-mi-por-garro-e-felix-torres\/","og_site_name":"Transam\u00e9rica Mococa 93,3","article_publisher":"https:\/\/www.facebook.com\/transamericamococa","article_published_time":"2025-04-25T15:00:18+00:00","og_image":[{"width":971,"height":566,"url":"https:\/\/transamerica93.com.br\/home\/wp-content\/uploads\/2025\/04\/1-26.jpg","type":"image\/jpeg"}],"author":"Reda\u00e7\u00e3o","twitter_card":"summary_large_image","twitter_creator":"@transamerica933","twitter_site":"@transamerica933","twitter_misc":{"Escrito por":"Reda\u00e7\u00e3o","Est. tempo de leitura":"4 minutos"},"schema":{"@context":"https:\/\/schema.org","@graph":[{"@type":"Article","@id":"https:\/\/transamerica93.com.br\/home\/corinthians-cas-marca-data-de-audiencia-sobre-condenacao-de-r-55-mi-por-garro-e-felix-torres\/#article","isPartOf":{"@id":"https:\/\/transamerica93.com.br\/home\/corinthians-cas-marca-data-de-audiencia-sobre-condenacao-de-r-55-mi-por-garro-e-felix-torres\/"},"author":{"name":"Reda\u00e7\u00e3o","@id":"https:\/\/transamerica93.com.br\/home\/#\/schema\/person\/7fed7c99c0d4562efa8561bc0f543172"},"headline":"Corinthians: CAS marca data de audi\u00eancia sobre condena\u00e7\u00e3o de R$ 55 mi por Garro e F\u00e9lix Torres","datePublished":"2025-04-25T15:00:18+00:00","mainEntityOfPage":{"@id":"https:\/\/transamerica93.com.br\/home\/corinthians-cas-marca-data-de-audiencia-sobre-condenacao-de-r-55-mi-por-garro-e-felix-torres\/"},"wordCount":712,"publisher":{"@id":"https:\/\/transamerica93.com.br\/home\/#organization"},"image":{"@id":"https:\/\/transamerica93.com.br\/home\/corinthians-cas-marca-data-de-audiencia-sobre-condenacao-de-r-55-mi-por-garro-e-felix-torres\/#primaryimage"},"thumbnailUrl":"https:\/\/transamerica93.com.br\/home\/wp-content\/uploads\/2025\/04\/1-26.jpg","articleSection":["Esportes"],"inLanguage":"pt-BR"},{"@type":"WebPage","@id":"https:\/\/transamerica93.com.br\/home\/corinthians-cas-marca-data-de-audiencia-sobre-condenacao-de-r-55-mi-por-garro-e-felix-torres\/","url":"https:\/\/transamerica93.com.br\/home\/corinthians-cas-marca-data-de-audiencia-sobre-condenacao-de-r-55-mi-por-garro-e-felix-torres\/","name":"Corinthians: CAS marca data de audi\u00eancia sobre condena\u00e7\u00e3o de R$ 55 mi por Garro e F\u00e9lix Torres - Transam\u00e9rica Mococa 93,3","isPartOf":{"@id":"https:\/\/transamerica93.com.br\/home\/#website"},"primaryImageOfPage":{"@id":"https:\/\/transamerica93.com.br\/home\/corinthians-cas-marca-data-de-audiencia-sobre-condenacao-de-r-55-mi-por-garro-e-felix-torres\/#primaryimage"},"image":{"@id":"https:\/\/transamerica93.com.br\/home\/corinthians-cas-marca-data-de-audiencia-sobre-condenacao-de-r-55-mi-por-garro-e-felix-torres\/#primaryimage"},"thumbnailUrl":"https:\/\/transamerica93.com.br\/home\/wp-content\/uploads\/2025\/04\/1-26.jpg","datePublished":"2025-04-25T15:00:18+00:00","breadcrumb":{"@id":"https:\/\/transamerica93.com.br\/home\/corinthians-cas-marca-data-de-audiencia-sobre-condenacao-de-r-55-mi-por-garro-e-felix-torres\/#breadcrumb"},"inLanguage":"pt-BR","potentialAction":[{"@type":"ReadAction","target":["https:\/\/transamerica93.com.br\/home\/corinthians-cas-marca-data-de-audiencia-sobre-condenacao-de-r-55-mi-por-garro-e-felix-torres\/"]}]},{"@type":"ImageObject","inLanguage":"pt-BR","@id":"https:\/\/transamerica93.com.br\/home\/corinthians-cas-marca-data-de-audiencia-sobre-condenacao-de-r-55-mi-por-garro-e-felix-torres\/#primaryimage","url":"https:\/\/transamerica93.com.br\/home\/wp-content\/uploads\/2025\/04\/1-26.jpg","contentUrl":"https:\/\/transamerica93.com.br\/home\/wp-content\/uploads\/2025\/04\/1-26.jpg","width":971,"height":566,"caption":"Reprodu\u00e7\u00e3o Instagram"},{"@type":"BreadcrumbList","@id":"https:\/\/transamerica93.com.br\/home\/corinthians-cas-marca-data-de-audiencia-sobre-condenacao-de-r-55-mi-por-garro-e-felix-torres\/#breadcrumb","itemListElement":[{"@type":"ListItem","position":1,"name":"In\u00edcio","item":"https:\/\/transamerica93.com.br\/home\/"},{"@type":"ListItem","position":2,"name":"Corinthians: CAS marca data de audi\u00eancia sobre condena\u00e7\u00e3o de R$ 55 mi por Garro e F\u00e9lix Torres"}]},{"@type":"WebSite","@id":"https:\/\/transamerica93.com.br\/home\/#website","url":"https:\/\/transamerica93.com.br\/home\/","name":"Transam\u00e9rica Mococa 93,3","description":"","publisher":{"@id":"https:\/\/transamerica93.com.br\/home\/#organization"},"potentialAction":[{"@type":"SearchAction","target":{"@type":"EntryPoint","urlTemplate":"https:\/\/transamerica93.com.br\/home\/?s={search_term_string}"},"query-input":{"@type":"PropertyValueSpecification","valueRequired":true,"valueName":"search_term_string"}}],"inLanguage":"pt-BR"},{"@type":"Organization","@id":"https:\/\/transamerica93.com.br\/home\/#organization","name":"Transam\u00e9rica Mococa 93,3","url":"https:\/\/transamerica93.com.br\/home\/","logo":{"@type":"ImageObject","inLanguage":"pt-BR","@id":"https:\/\/transamerica93.com.br\/home\/#\/schema\/logo\/image\/","url":"https:\/\/transamerica93.com.br\/home\/wp-content\/uploads\/2023\/10\/logo2.png","contentUrl":"https:\/\/transamerica93.com.br\/home\/wp-content\/uploads\/2023\/10\/logo2.png","width":800,"height":500,"caption":"Transam\u00e9rica Mococa 93,3"},"image":{"@id":"https:\/\/transamerica93.com.br\/home\/#\/schema\/logo\/image\/"},"sameAs":["https:\/\/www.facebook.com\/transamericamococa","https:\/\/x.com\/transamerica933","https:\/\/www.instagram.com\/transamericamococa"]},{"@type":"Person","@id":"https:\/\/transamerica93.com.br\/home\/#\/schema\/person\/7fed7c99c0d4562efa8561bc0f543172","name":"Reda\u00e7\u00e3o","image":{"@type":"ImageObject","inLanguage":"pt-BR","@id":"https:\/\/secure.gravatar.com\/avatar\/1072c6b775fb02ef8506ce967551d95926669a6b7d2c2147b42eea4d7c68395e?s=96&d=mm&r=g","url":"https:\/\/secure.gravatar.com\/avatar\/1072c6b775fb02ef8506ce967551d95926669a6b7d2c2147b42eea4d7c68395e?s=96&d=mm&r=g","contentUrl":"https:\/\/secure.gravatar.com\/avatar\/1072c6b775fb02ef8506ce967551d95926669a6b7d2c2147b42eea4d7c68395e?s=96&d=mm&r=g","caption":"Reda\u00e7\u00e3o"},"sameAs":["https:\/\/transamerica93.com.br\/home"],"url":"https:\/\/transamerica93.com.br\/home\/author\/william\/"}]}},"_links":{"self":[{"href":"https:\/\/transamerica93.com.br\/home\/wp-json\/wp\/v2\/posts\/5240","targetHints":{"allow":["GET"]}}],"collection":[{"href":"https:\/\/transamerica93.com.br\/home\/wp-json\/wp\/v2\/posts"}],"about":[{"href":"https:\/\/transamerica93.com.br\/home\/wp-json\/wp\/v2\/types\/post"}],"author":[{"embeddable":true,"href":"https:\/\/transamerica93.com.br\/home\/wp-json\/wp\/v2\/users\/1"}],"replies":[{"embeddable":true,"href":"https:\/\/transamerica93.com.br\/home\/wp-json\/wp\/v2\/comments?post=5240"}],"version-history":[{"count":1,"href":"https:\/\/transamerica93.com.br\/home\/wp-json\/wp\/v2\/posts\/5240\/revisions"}],"predecessor-version":[{"id":5242,"href":"https:\/\/transamerica93.com.br\/home\/wp-json\/wp\/v2\/posts\/5240\/revisions\/5242"}],"wp:featuredmedia":[{"embeddable":true,"href":"https:\/\/transamerica93.com.br\/home\/wp-json\/wp\/v2\/media\/5241"}],"wp:attachment":[{"href":"https:\/\/transamerica93.com.br\/home\/wp-json\/wp\/v2\/media?parent=5240"}],"wp:term":[{"taxonomy":"category","embeddable":true,"href":"https:\/\/transamerica93.com.br\/home\/wp-json\/wp\/v2\/categories?post=5240"},{"taxonomy":"post_tag","embeddable":true,"href":"https:\/\/transamerica93.com.br\/home\/wp-json\/wp\/v2\/tags?post=5240"}],"curies":[{"name":"wp","href":"https:\/\/api.w.org\/{rel}","templated":true}]}}