{"id":5250,"date":"2025-04-22T09:00:54","date_gmt":"2025-04-22T12:00:54","guid":{"rendered":"https:\/\/transamerica93.com.br\/home\/?p=5250"},"modified":"2025-04-18T10:52:10","modified_gmt":"2025-04-18T13:52:10","slug":"entenda-a-ampliacao-do-programa-minha-casa-minha-vida","status":"publish","type":"post","link":"https:\/\/transamerica93.com.br\/home\/entenda-a-ampliacao-do-programa-minha-casa-minha-vida\/","title":{"rendered":"Entenda a amplia\u00e7\u00e3o do Programa Minha Casa, Minha Vida"},"content":{"rendered":"<div class=\"conteudo-noticia\">\n<p><strong>Originalmente voltado \u00e0s fam\u00edlias mais pobres, o Minha Casa, Minha Vida (MCMV) consolidou mais um passo para beneficiar a classe m\u00e9dia. A partir do in\u00edcio de maio, os bancos come\u00e7ar\u00e3o a oferecer a Faixa 4, nova categoria que abranger\u00e1 fam\u00edlias com renda mensal de R$ 8 mil a R$ 12 mil.<\/strong><img decoding=\"async\" data-src=\"https:\/\/agenciabrasil.ebc.com.br\/ebc.png?id=1639385&amp;o=node\" src=\"data:image\/svg+xml;base64,PHN2ZyB3aWR0aD0iMSIgaGVpZ2h0PSIxIiB4bWxucz0iaHR0cDovL3d3dy53My5vcmcvMjAwMC9zdmciPjwvc3ZnPg==\" class=\"lazyload\" \/><img decoding=\"async\" data-src=\"https:\/\/agenciabrasil.ebc.com.br\/ebc.gif?id=1639385&amp;o=node\" src=\"data:image\/svg+xml;base64,PHN2ZyB3aWR0aD0iMSIgaGVpZ2h0PSIxIiB4bWxucz0iaHR0cDovL3d3dy53My5vcmcvMjAwMC9zdmciPjwvc3ZnPg==\" class=\"lazyload\" \/><\/p>\n<p>Na \u00faltima ter\u00e7a-feira (15), o Conselho Curador do Fundo de Garantia do Tempo de Servi\u00e7o (FGTS)\u00a0<a href=\"https:\/\/agenciabrasil.ebc.com.br\/economia\/noticia\/2025-04\/conselho-do-fgts-aprova-faixa-4-do-minha-casa-minha-vida\" target=\"_blank\" rel=\"noopener\">aprovou a cria\u00e7\u00e3o da Faixa 4<\/a>\u00a0do programa habitacional. A nova categoria financiar\u00e1 im\u00f3veis novos e usados de at\u00e9 R$ 500 mil, com juros de 10,5% ao ano e 420 parcelas mensais. Atualmente, as taxas de mercado para este tipo de im\u00f3veis est\u00e3o entre 11,5% e 12% ao ano.<\/p>\n<p>Segundo os inist\u00e9rios das Cidades e do Trabalho e Emprego, a nova categoria deve beneficiar at\u00e9 120 mil fam\u00edlias apenas este ano,\u00a0<a href=\"https:\/\/agenciabrasil.ebc.com.br\/economia\/noticia\/2025-04\/governo-quer-contratar-3-milhoes-de-unidades-habitacionais-ate-2026\" target=\"_blank\" rel=\"noopener\">ampliando para 3 milh\u00f5es as unidades habitacionais financiadas at\u00e9 2026<\/a>, ao somar todas as faixas. Entenda as principais mudan\u00e7as no programa habitacional:<\/p>\n<p><strong>Como ficaram as faixas do Minha Casa, Minha Vida?<\/strong><\/p>\n<ul>\n<li>Faixa 1: renda familiar de at\u00e9 R$ 2.850,00, com subs\u00eddio de at\u00e9 95% do valor do im\u00f3vel;<\/li>\n<li>Faixa 2: renda familiar de R$ 2.850,01 a R$ 4,7 mil, com subs\u00eddio de at\u00e9 R$ 55 mil e juros reduzidos;<\/li>\n<li>Faixa 3: renda familiar de R$ 4.700,01 a R$ 8,6 mil, sem subs\u00eddios, mas com condi\u00e7\u00f5es de financiamento facilitadas;<\/li>\n<li>Faixa 4: renda familiar de R$ 8 mil a R$ 12 mil, com juros de 10,5% ao ano, 420 parcelas e limite de financiamento de at\u00e9 R$ 500 mil, de im\u00f3veis novos e usados.<\/li>\n<\/ul>\n<p><strong>Como eram os limites de renda anteriores?<\/strong><\/p>\n<ul>\n<li>Faixa 1: renda familiar de at\u00e9 R$ 2.640;<\/li>\n<li>Faixa 2: renda familiar de R$ 2.640,01 a R$ 4,4 mil;<\/li>\n<li>\u00a0Faixa 3: renda familiar de R$ 4.400,01 a R$ 8 mil.<\/li>\n<\/ul>\n<p><strong>Qual o volume de recursos para a nova Faixa 4?<\/strong><\/p>\n<p>R$ 30 bilh\u00f5es distribu\u00eddos da seguinte forma:<\/p>\n<ul>\n<li>R$ 15 bilh\u00f5es dos lucros anuais do FGTS, obtidos com o rendimento do fundo em aplica\u00e7\u00f5es financeiras e do retorno de financiamentos;<\/li>\n<li>R$ 15 bilh\u00f5es da caderneta de poupan\u00e7a, via Sistema Brasileiro de Poupan\u00e7a e Empr\u00e9stimo (SBPE), e das Letras de Cr\u00e9dito Imobili\u00e1rio (LCI), t\u00edtulo emitido por institui\u00e7\u00f5es financeiras para captar recursos para o cr\u00e9dito habitacional privado.<\/li>\n<\/ul>\n<p><strong>Quem n\u00e3o tem cotas no FGTS poder\u00e1 financiar pela Faixa 4?<\/strong><\/p>\n<p>Sim. Como os recursos vir\u00e3o dos lucros anuais, n\u00e3o dos dep\u00f3sitos no FGTS, trabalhadores sem cotas no fundo poder\u00e3o financiar im\u00f3veis na Faixa 4.<\/p>\n<p><strong>Quais s\u00e3o as restri\u00e7\u00f5es para a Faixa 4<\/strong><\/p>\n<p>Por se tratar de recursos do FGTS, os financiamentos ter\u00e3o de obedecer \u00e0s seguintes regras:<\/p>\n<ul>\n<li>Financiar apenas a compra do primeiro im\u00f3vel;<\/li>\n<li>Financiar at\u00e9 80% do valor do im\u00f3vel, com o mutu\u00e1rio pagando a diferen\u00e7a.<\/li>\n<\/ul>\n<p><strong>Im\u00f3veis usados podem ser financiados pela Faixa 4<\/strong><\/p>\n<p>Sim. Desde que seja o primeiro im\u00f3vel do mutu\u00e1rio.<\/p>\n<p><strong>H\u00e1 mudan\u00e7as para as Faixas 1 e 2 do MCMV?<\/strong><\/p>\n<p>As fam\u00edlias das Faixas 1 e 2 (renda mensal de at\u00e9 R$ 4,7 mil) poder\u00e3o financiar im\u00f3veis com o teto de financiamento da Faixa 3, de R$ 350 mil.<\/p>\n<p>O financiamento, no entanto, ter\u00e1 os mesmos juros e prazos que na Faixa 3:<\/p>\n<ul>\n<li>juros de 7,66% a 8,16% ao ano;<\/li>\n<li>sem os subs\u00eddios das Faixas 1 e 2.<\/li>\n<\/ul>\n<div class=\"noticias-relacionadas rel-position rowflex\">\n<div class=\"title abs-position\">Edi\u00e7\u00e3o: Maria Claudia<\/div>\n<\/div>\n<\/div>\n","protected":false},"excerpt":{"rendered":"<p>Originalmente voltado \u00e0s fam\u00edlias mais pobres, o Minha Casa, Minha Vida (MCMV) consolidou mais um passo para beneficiar a classe m\u00e9dia. A partir do in\u00edcio de maio, os bancos come\u00e7ar\u00e3o a oferecer a Faixa 4, nova categoria que abranger\u00e1 fam\u00edlias com renda mensal de R$ 8 mil a R$ 12 mil. Na \u00faltima ter\u00e7a-feira (15), &hellip;<\/p>\n","protected":false},"author":1,"featured_media":5245,"comment_status":"closed","ping_status":"closed","sticky":false,"template":"","format":"standard","meta":{"footnotes":""},"categories":[30],"tags":[],"class_list":["post-5250","post","type-post","status-publish","format-standard","has-post-thumbnail","hentry","category-geral"],"yoast_head":"<!-- This site is optimized with the Yoast SEO plugin v27.4 - https:\/\/yoast.com\/product\/yoast-seo-wordpress\/ -->\n<title>Entenda a amplia\u00e7\u00e3o do Programa Minha Casa, Minha Vida - Transam\u00e9rica Mococa 93,3<\/title>\n<meta name=\"robots\" content=\"index, follow, max-snippet:-1, max-image-preview:large, max-video-preview:-1\" \/>\n<link rel=\"canonical\" href=\"https:\/\/transamerica93.com.br\/home\/entenda-a-ampliacao-do-programa-minha-casa-minha-vida\/\" \/>\n<meta property=\"og:locale\" content=\"pt_BR\" \/>\n<meta property=\"og:type\" content=\"article\" \/>\n<meta property=\"og:title\" content=\"Entenda a amplia\u00e7\u00e3o do Programa Minha Casa, Minha Vida - Transam\u00e9rica Mococa 93,3\" \/>\n<meta property=\"og:description\" content=\"Originalmente voltado \u00e0s fam\u00edlias mais pobres, o Minha Casa, Minha Vida (MCMV) consolidou mais um passo para beneficiar a classe m\u00e9dia. A partir do in\u00edcio de maio, os bancos come\u00e7ar\u00e3o a oferecer a Faixa 4, nova categoria que abranger\u00e1 fam\u00edlias com renda mensal de R$ 8 mil a R$ 12 mil. Na \u00faltima ter\u00e7a-feira (15), &hellip;\" \/>\n<meta property=\"og:url\" content=\"https:\/\/transamerica93.com.br\/home\/entenda-a-ampliacao-do-programa-minha-casa-minha-vida\/\" \/>\n<meta property=\"og:site_name\" content=\"Transam\u00e9rica Mococa 93,3\" \/>\n<meta property=\"article:publisher\" content=\"https:\/\/www.facebook.com\/transamericamococa\" \/>\n<meta property=\"article:published_time\" content=\"2025-04-22T12:00:54+00:00\" \/>\n<meta property=\"og:image\" content=\"https:\/\/transamerica93.com.br\/home\/wp-content\/uploads\/2025\/04\/2-2.jpg\" \/>\n\t<meta property=\"og:image:width\" content=\"1170\" \/>\n\t<meta property=\"og:image:height\" content=\"700\" \/>\n\t<meta property=\"og:image:type\" content=\"image\/jpeg\" \/>\n<meta name=\"author\" content=\"Reda\u00e7\u00e3o\" \/>\n<meta name=\"twitter:card\" content=\"summary_large_image\" \/>\n<meta name=\"twitter:creator\" content=\"@transamerica933\" \/>\n<meta name=\"twitter:site\" content=\"@transamerica933\" \/>\n<meta name=\"twitter:label1\" content=\"Escrito por\" \/>\n\t<meta name=\"twitter:data1\" content=\"Reda\u00e7\u00e3o\" \/>\n\t<meta name=\"twitter:label2\" content=\"Est. tempo de leitura\" \/>\n\t<meta name=\"twitter:data2\" content=\"4 minutos\" \/>\n<script type=\"application\/ld+json\" class=\"yoast-schema-graph\">{\"@context\":\"https:\\\/\\\/schema.org\",\"@graph\":[{\"@type\":\"Article\",\"@id\":\"https:\\\/\\\/transamerica93.com.br\\\/home\\\/entenda-a-ampliacao-do-programa-minha-casa-minha-vida\\\/#article\",\"isPartOf\":{\"@id\":\"https:\\\/\\\/transamerica93.com.br\\\/home\\\/entenda-a-ampliacao-do-programa-minha-casa-minha-vida\\\/\"},\"author\":{\"name\":\"Reda\u00e7\u00e3o\",\"@id\":\"https:\\\/\\\/transamerica93.com.br\\\/home\\\/#\\\/schema\\\/person\\\/7fed7c99c0d4562efa8561bc0f543172\"},\"headline\":\"Entenda a amplia\u00e7\u00e3o do Programa Minha Casa, Minha Vida\",\"datePublished\":\"2025-04-22T12:00:54+00:00\",\"mainEntityOfPage\":{\"@id\":\"https:\\\/\\\/transamerica93.com.br\\\/home\\\/entenda-a-ampliacao-do-programa-minha-casa-minha-vida\\\/\"},\"wordCount\":546,\"publisher\":{\"@id\":\"https:\\\/\\\/transamerica93.com.br\\\/home\\\/#organization\"},\"image\":{\"@id\":\"https:\\\/\\\/transamerica93.com.br\\\/home\\\/entenda-a-ampliacao-do-programa-minha-casa-minha-vida\\\/#primaryimage\"},\"thumbnailUrl\":\"https:\\\/\\\/transamerica93.com.br\\\/home\\\/wp-content\\\/uploads\\\/2025\\\/04\\\/2-2.jpg\",\"articleSection\":[\"Geral\"],\"inLanguage\":\"pt-BR\"},{\"@type\":\"WebPage\",\"@id\":\"https:\\\/\\\/transamerica93.com.br\\\/home\\\/entenda-a-ampliacao-do-programa-minha-casa-minha-vida\\\/\",\"url\":\"https:\\\/\\\/transamerica93.com.br\\\/home\\\/entenda-a-ampliacao-do-programa-minha-casa-minha-vida\\\/\",\"name\":\"Entenda a amplia\u00e7\u00e3o do Programa Minha Casa, Minha Vida - Transam\u00e9rica Mococa 93,3\",\"isPartOf\":{\"@id\":\"https:\\\/\\\/transamerica93.com.br\\\/home\\\/#website\"},\"primaryImageOfPage\":{\"@id\":\"https:\\\/\\\/transamerica93.com.br\\\/home\\\/entenda-a-ampliacao-do-programa-minha-casa-minha-vida\\\/#primaryimage\"},\"image\":{\"@id\":\"https:\\\/\\\/transamerica93.com.br\\\/home\\\/entenda-a-ampliacao-do-programa-minha-casa-minha-vida\\\/#primaryimage\"},\"thumbnailUrl\":\"https:\\\/\\\/transamerica93.com.br\\\/home\\\/wp-content\\\/uploads\\\/2025\\\/04\\\/2-2.jpg\",\"datePublished\":\"2025-04-22T12:00:54+00:00\",\"breadcrumb\":{\"@id\":\"https:\\\/\\\/transamerica93.com.br\\\/home\\\/entenda-a-ampliacao-do-programa-minha-casa-minha-vida\\\/#breadcrumb\"},\"inLanguage\":\"pt-BR\",\"potentialAction\":[{\"@type\":\"ReadAction\",\"target\":[\"https:\\\/\\\/transamerica93.com.br\\\/home\\\/entenda-a-ampliacao-do-programa-minha-casa-minha-vida\\\/\"]}]},{\"@type\":\"ImageObject\",\"inLanguage\":\"pt-BR\",\"@id\":\"https:\\\/\\\/transamerica93.com.br\\\/home\\\/entenda-a-ampliacao-do-programa-minha-casa-minha-vida\\\/#primaryimage\",\"url\":\"https:\\\/\\\/transamerica93.com.br\\\/home\\\/wp-content\\\/uploads\\\/2025\\\/04\\\/2-2.jpg\",\"contentUrl\":\"https:\\\/\\\/transamerica93.com.br\\\/home\\\/wp-content\\\/uploads\\\/2025\\\/04\\\/2-2.jpg\",\"width\":1170,\"height\":700,\"caption\":\"\u00a9 Ricardo Stuckert\"},{\"@type\":\"BreadcrumbList\",\"@id\":\"https:\\\/\\\/transamerica93.com.br\\\/home\\\/entenda-a-ampliacao-do-programa-minha-casa-minha-vida\\\/#breadcrumb\",\"itemListElement\":[{\"@type\":\"ListItem\",\"position\":1,\"name\":\"In\u00edcio\",\"item\":\"https:\\\/\\\/transamerica93.com.br\\\/home\\\/\"},{\"@type\":\"ListItem\",\"position\":2,\"name\":\"Entenda a amplia\u00e7\u00e3o do Programa Minha Casa, Minha Vida\"}]},{\"@type\":\"WebSite\",\"@id\":\"https:\\\/\\\/transamerica93.com.br\\\/home\\\/#website\",\"url\":\"https:\\\/\\\/transamerica93.com.br\\\/home\\\/\",\"name\":\"Transam\u00e9rica Mococa 93,3\",\"description\":\"\",\"publisher\":{\"@id\":\"https:\\\/\\\/transamerica93.com.br\\\/home\\\/#organization\"},\"potentialAction\":[{\"@type\":\"SearchAction\",\"target\":{\"@type\":\"EntryPoint\",\"urlTemplate\":\"https:\\\/\\\/transamerica93.com.br\\\/home\\\/?s={search_term_string}\"},\"query-input\":{\"@type\":\"PropertyValueSpecification\",\"valueRequired\":true,\"valueName\":\"search_term_string\"}}],\"inLanguage\":\"pt-BR\"},{\"@type\":\"Organization\",\"@id\":\"https:\\\/\\\/transamerica93.com.br\\\/home\\\/#organization\",\"name\":\"Transam\u00e9rica Mococa 93,3\",\"url\":\"https:\\\/\\\/transamerica93.com.br\\\/home\\\/\",\"logo\":{\"@type\":\"ImageObject\",\"inLanguage\":\"pt-BR\",\"@id\":\"https:\\\/\\\/transamerica93.com.br\\\/home\\\/#\\\/schema\\\/logo\\\/image\\\/\",\"url\":\"https:\\\/\\\/transamerica93.com.br\\\/home\\\/wp-content\\\/uploads\\\/2023\\\/10\\\/logo2.png\",\"contentUrl\":\"https:\\\/\\\/transamerica93.com.br\\\/home\\\/wp-content\\\/uploads\\\/2023\\\/10\\\/logo2.png\",\"width\":800,\"height\":500,\"caption\":\"Transam\u00e9rica Mococa 93,3\"},\"image\":{\"@id\":\"https:\\\/\\\/transamerica93.com.br\\\/home\\\/#\\\/schema\\\/logo\\\/image\\\/\"},\"sameAs\":[\"https:\\\/\\\/www.facebook.com\\\/transamericamococa\",\"https:\\\/\\\/x.com\\\/transamerica933\",\"https:\\\/\\\/www.instagram.com\\\/transamericamococa\"]},{\"@type\":\"Person\",\"@id\":\"https:\\\/\\\/transamerica93.com.br\\\/home\\\/#\\\/schema\\\/person\\\/7fed7c99c0d4562efa8561bc0f543172\",\"name\":\"Reda\u00e7\u00e3o\",\"image\":{\"@type\":\"ImageObject\",\"inLanguage\":\"pt-BR\",\"@id\":\"https:\\\/\\\/secure.gravatar.com\\\/avatar\\\/1072c6b775fb02ef8506ce967551d95926669a6b7d2c2147b42eea4d7c68395e?s=96&d=mm&r=g\",\"url\":\"https:\\\/\\\/secure.gravatar.com\\\/avatar\\\/1072c6b775fb02ef8506ce967551d95926669a6b7d2c2147b42eea4d7c68395e?s=96&d=mm&r=g\",\"contentUrl\":\"https:\\\/\\\/secure.gravatar.com\\\/avatar\\\/1072c6b775fb02ef8506ce967551d95926669a6b7d2c2147b42eea4d7c68395e?s=96&d=mm&r=g\",\"caption\":\"Reda\u00e7\u00e3o\"},\"sameAs\":[\"https:\\\/\\\/transamerica93.com.br\\\/home\"],\"url\":\"https:\\\/\\\/transamerica93.com.br\\\/home\\\/author\\\/william\\\/\"}]}<\/script>\n<!-- \/ Yoast SEO plugin. -->","yoast_head_json":{"title":"Entenda a amplia\u00e7\u00e3o do Programa Minha Casa, Minha Vida - Transam\u00e9rica Mococa 93,3","robots":{"index":"index","follow":"follow","max-snippet":"max-snippet:-1","max-image-preview":"max-image-preview:large","max-video-preview":"max-video-preview:-1"},"canonical":"https:\/\/transamerica93.com.br\/home\/entenda-a-ampliacao-do-programa-minha-casa-minha-vida\/","og_locale":"pt_BR","og_type":"article","og_title":"Entenda a amplia\u00e7\u00e3o do Programa Minha Casa, Minha Vida - Transam\u00e9rica Mococa 93,3","og_description":"Originalmente voltado \u00e0s fam\u00edlias mais pobres, o Minha Casa, Minha Vida (MCMV) consolidou mais um passo para beneficiar a classe m\u00e9dia. A partir do in\u00edcio de maio, os bancos come\u00e7ar\u00e3o a oferecer a Faixa 4, nova categoria que abranger\u00e1 fam\u00edlias com renda mensal de R$ 8 mil a R$ 12 mil. Na \u00faltima ter\u00e7a-feira (15), &hellip;","og_url":"https:\/\/transamerica93.com.br\/home\/entenda-a-ampliacao-do-programa-minha-casa-minha-vida\/","og_site_name":"Transam\u00e9rica Mococa 93,3","article_publisher":"https:\/\/www.facebook.com\/transamericamococa","article_published_time":"2025-04-22T12:00:54+00:00","og_image":[{"width":1170,"height":700,"url":"https:\/\/transamerica93.com.br\/home\/wp-content\/uploads\/2025\/04\/2-2.jpg","type":"image\/jpeg"}],"author":"Reda\u00e7\u00e3o","twitter_card":"summary_large_image","twitter_creator":"@transamerica933","twitter_site":"@transamerica933","twitter_misc":{"Escrito por":"Reda\u00e7\u00e3o","Est. tempo de leitura":"4 minutos"},"schema":{"@context":"https:\/\/schema.org","@graph":[{"@type":"Article","@id":"https:\/\/transamerica93.com.br\/home\/entenda-a-ampliacao-do-programa-minha-casa-minha-vida\/#article","isPartOf":{"@id":"https:\/\/transamerica93.com.br\/home\/entenda-a-ampliacao-do-programa-minha-casa-minha-vida\/"},"author":{"name":"Reda\u00e7\u00e3o","@id":"https:\/\/transamerica93.com.br\/home\/#\/schema\/person\/7fed7c99c0d4562efa8561bc0f543172"},"headline":"Entenda a amplia\u00e7\u00e3o do Programa Minha Casa, Minha Vida","datePublished":"2025-04-22T12:00:54+00:00","mainEntityOfPage":{"@id":"https:\/\/transamerica93.com.br\/home\/entenda-a-ampliacao-do-programa-minha-casa-minha-vida\/"},"wordCount":546,"publisher":{"@id":"https:\/\/transamerica93.com.br\/home\/#organization"},"image":{"@id":"https:\/\/transamerica93.com.br\/home\/entenda-a-ampliacao-do-programa-minha-casa-minha-vida\/#primaryimage"},"thumbnailUrl":"https:\/\/transamerica93.com.br\/home\/wp-content\/uploads\/2025\/04\/2-2.jpg","articleSection":["Geral"],"inLanguage":"pt-BR"},{"@type":"WebPage","@id":"https:\/\/transamerica93.com.br\/home\/entenda-a-ampliacao-do-programa-minha-casa-minha-vida\/","url":"https:\/\/transamerica93.com.br\/home\/entenda-a-ampliacao-do-programa-minha-casa-minha-vida\/","name":"Entenda a amplia\u00e7\u00e3o do Programa Minha Casa, Minha Vida - Transam\u00e9rica Mococa 93,3","isPartOf":{"@id":"https:\/\/transamerica93.com.br\/home\/#website"},"primaryImageOfPage":{"@id":"https:\/\/transamerica93.com.br\/home\/entenda-a-ampliacao-do-programa-minha-casa-minha-vida\/#primaryimage"},"image":{"@id":"https:\/\/transamerica93.com.br\/home\/entenda-a-ampliacao-do-programa-minha-casa-minha-vida\/#primaryimage"},"thumbnailUrl":"https:\/\/transamerica93.com.br\/home\/wp-content\/uploads\/2025\/04\/2-2.jpg","datePublished":"2025-04-22T12:00:54+00:00","breadcrumb":{"@id":"https:\/\/transamerica93.com.br\/home\/entenda-a-ampliacao-do-programa-minha-casa-minha-vida\/#breadcrumb"},"inLanguage":"pt-BR","potentialAction":[{"@type":"ReadAction","target":["https:\/\/transamerica93.com.br\/home\/entenda-a-ampliacao-do-programa-minha-casa-minha-vida\/"]}]},{"@type":"ImageObject","inLanguage":"pt-BR","@id":"https:\/\/transamerica93.com.br\/home\/entenda-a-ampliacao-do-programa-minha-casa-minha-vida\/#primaryimage","url":"https:\/\/transamerica93.com.br\/home\/wp-content\/uploads\/2025\/04\/2-2.jpg","contentUrl":"https:\/\/transamerica93.com.br\/home\/wp-content\/uploads\/2025\/04\/2-2.jpg","width":1170,"height":700,"caption":"\u00a9 Ricardo Stuckert"},{"@type":"BreadcrumbList","@id":"https:\/\/transamerica93.com.br\/home\/entenda-a-ampliacao-do-programa-minha-casa-minha-vida\/#breadcrumb","itemListElement":[{"@type":"ListItem","position":1,"name":"In\u00edcio","item":"https:\/\/transamerica93.com.br\/home\/"},{"@type":"ListItem","position":2,"name":"Entenda a amplia\u00e7\u00e3o do Programa Minha Casa, Minha Vida"}]},{"@type":"WebSite","@id":"https:\/\/transamerica93.com.br\/home\/#website","url":"https:\/\/transamerica93.com.br\/home\/","name":"Transam\u00e9rica Mococa 93,3","description":"","publisher":{"@id":"https:\/\/transamerica93.com.br\/home\/#organization"},"potentialAction":[{"@type":"SearchAction","target":{"@type":"EntryPoint","urlTemplate":"https:\/\/transamerica93.com.br\/home\/?s={search_term_string}"},"query-input":{"@type":"PropertyValueSpecification","valueRequired":true,"valueName":"search_term_string"}}],"inLanguage":"pt-BR"},{"@type":"Organization","@id":"https:\/\/transamerica93.com.br\/home\/#organization","name":"Transam\u00e9rica Mococa 93,3","url":"https:\/\/transamerica93.com.br\/home\/","logo":{"@type":"ImageObject","inLanguage":"pt-BR","@id":"https:\/\/transamerica93.com.br\/home\/#\/schema\/logo\/image\/","url":"https:\/\/transamerica93.com.br\/home\/wp-content\/uploads\/2023\/10\/logo2.png","contentUrl":"https:\/\/transamerica93.com.br\/home\/wp-content\/uploads\/2023\/10\/logo2.png","width":800,"height":500,"caption":"Transam\u00e9rica Mococa 93,3"},"image":{"@id":"https:\/\/transamerica93.com.br\/home\/#\/schema\/logo\/image\/"},"sameAs":["https:\/\/www.facebook.com\/transamericamococa","https:\/\/x.com\/transamerica933","https:\/\/www.instagram.com\/transamericamococa"]},{"@type":"Person","@id":"https:\/\/transamerica93.com.br\/home\/#\/schema\/person\/7fed7c99c0d4562efa8561bc0f543172","name":"Reda\u00e7\u00e3o","image":{"@type":"ImageObject","inLanguage":"pt-BR","@id":"https:\/\/secure.gravatar.com\/avatar\/1072c6b775fb02ef8506ce967551d95926669a6b7d2c2147b42eea4d7c68395e?s=96&d=mm&r=g","url":"https:\/\/secure.gravatar.com\/avatar\/1072c6b775fb02ef8506ce967551d95926669a6b7d2c2147b42eea4d7c68395e?s=96&d=mm&r=g","contentUrl":"https:\/\/secure.gravatar.com\/avatar\/1072c6b775fb02ef8506ce967551d95926669a6b7d2c2147b42eea4d7c68395e?s=96&d=mm&r=g","caption":"Reda\u00e7\u00e3o"},"sameAs":["https:\/\/transamerica93.com.br\/home"],"url":"https:\/\/transamerica93.com.br\/home\/author\/william\/"}]}},"_links":{"self":[{"href":"https:\/\/transamerica93.com.br\/home\/wp-json\/wp\/v2\/posts\/5250","targetHints":{"allow":["GET"]}}],"collection":[{"href":"https:\/\/transamerica93.com.br\/home\/wp-json\/wp\/v2\/posts"}],"about":[{"href":"https:\/\/transamerica93.com.br\/home\/wp-json\/wp\/v2\/types\/post"}],"author":[{"embeddable":true,"href":"https:\/\/transamerica93.com.br\/home\/wp-json\/wp\/v2\/users\/1"}],"replies":[{"embeddable":true,"href":"https:\/\/transamerica93.com.br\/home\/wp-json\/wp\/v2\/comments?post=5250"}],"version-history":[{"count":1,"href":"https:\/\/transamerica93.com.br\/home\/wp-json\/wp\/v2\/posts\/5250\/revisions"}],"predecessor-version":[{"id":5251,"href":"https:\/\/transamerica93.com.br\/home\/wp-json\/wp\/v2\/posts\/5250\/revisions\/5251"}],"wp:featuredmedia":[{"embeddable":true,"href":"https:\/\/transamerica93.com.br\/home\/wp-json\/wp\/v2\/media\/5245"}],"wp:attachment":[{"href":"https:\/\/transamerica93.com.br\/home\/wp-json\/wp\/v2\/media?parent=5250"}],"wp:term":[{"taxonomy":"category","embeddable":true,"href":"https:\/\/transamerica93.com.br\/home\/wp-json\/wp\/v2\/categories?post=5250"},{"taxonomy":"post_tag","embeddable":true,"href":"https:\/\/transamerica93.com.br\/home\/wp-json\/wp\/v2\/tags?post=5250"}],"curies":[{"name":"wp","href":"https:\/\/api.w.org\/{rel}","templated":true}]}}