{"id":5254,"date":"2025-04-24T09:00:41","date_gmt":"2025-04-24T12:00:41","guid":{"rendered":"https:\/\/transamerica93.com.br\/home\/?p=5254"},"modified":"2025-04-18T10:54:26","modified_gmt":"2025-04-18T13:54:26","slug":"inflacao-desacelera-para-todas-as-faixas-de-renda-em-marco","status":"publish","type":"post","link":"https:\/\/transamerica93.com.br\/home\/inflacao-desacelera-para-todas-as-faixas-de-renda-em-marco\/","title":{"rendered":"Infla\u00e7\u00e3o desacelera para todas as faixas de renda em mar\u00e7o"},"content":{"rendered":"<div class=\"conteudo-noticia\">\n<p>A infla\u00e7\u00e3o desacelerou em mar\u00e7o para todas as faixas de renda, na compara\u00e7\u00e3o com fevereiro. Os dados s\u00e3o do Instituto de Pesquisa Econ\u00f4mica Aplicada (Ipea).\u00a0<strong>Para a classe de renda muito baixa, o recuo foi de 1,59% para 0,56%. Para a classe de renda alta, de 0,9% para 0,6%.<\/strong><img decoding=\"async\" data-src=\"https:\/\/agenciabrasil.ebc.com.br\/ebc.png?id=1639333&amp;o=node\" src=\"data:image\/svg+xml;base64,PHN2ZyB3aWR0aD0iMSIgaGVpZ2h0PSIxIiB4bWxucz0iaHR0cDovL3d3dy53My5vcmcvMjAwMC9zdmciPjwvc3ZnPg==\" class=\"lazyload\" \/><img decoding=\"async\" data-src=\"https:\/\/agenciabrasil.ebc.com.br\/ebc.gif?id=1639333&amp;o=node\" src=\"data:image\/svg+xml;base64,PHN2ZyB3aWR0aD0iMSIgaGVpZ2h0PSIxIiB4bWxucz0iaHR0cDovL3d3dy53My5vcmcvMjAwMC9zdmciPjwvc3ZnPg==\" class=\"lazyload\" \/><\/p>\n<p>O Ipea explica que a desacelera\u00e7\u00e3o da infla\u00e7\u00e3o para as classes de renda menor pode ser explicada pelo reajuste baixo das tarifas de energia el\u00e9trica (0,12%)\u00a0e as quedas nos pre\u00e7os das passagens de \u00f4nibus urbano (-1,1%) e do metr\u00f4 (-1,7%).<\/p>\n<p>Em rela\u00e7\u00e3o \u00e0s fam\u00edlias de renda alta, a melhora das taxas do grupo educa\u00e7\u00e3o, de 0,90% em fevereiro para 0,60% em mar\u00e7o, foi mais determinante. O dado traduz principalmente o fim do impacto dos reajustes das mensalidades escolares em fevereiro.<\/p>\n<p>Por outro lado, grupos de menor renda tiveram de lidar com taxas mais altas nos pre\u00e7os dos alimentos no domic\u00edlio. As altas mais expressivas de infla\u00e7\u00e3o vieram dos ovos (13,1%), do caf\u00e9 (8,1%), do leite (3,3%) e do tomate (22,6%). Alguns al\u00edvios aconteceram em itens como arroz (-1,8%), feij\u00e3o-preto (-3,9%), carnes (-1,6%) e \u00f3leo de soja (-2,0%).<\/p>\n<p>A classe de renda alta foi mais impactada em segmentos de transporte e de despesas pessoais. \u00c9 o caso dos reajustes de 6,9% das passagens a\u00e9reas e de 1,2% dos servi\u00e7os ligados \u00e0 recrea\u00e7\u00e3o e lazer.<\/p>\n<h2>Outros n\u00fameros<\/h2>\n<p><strong>Na compara\u00e7\u00e3o entre mar\u00e7o de 2025 e mar\u00e7o de 2024, a infla\u00e7\u00e3o acelerou para todas as faixas de renda, com um impacto mais significativo nas classes de rendas mais altas.<\/strong><\/p>\n<p><strong>Quando se considera o acumulado de 12 meses, a faixa de renda muito baixa teve a menor infla\u00e7\u00e3o (5,24%)<\/strong>. O segmento de renda alta apresentou a taxa mais elevada (5,61%).<\/p>\n<p>Nos \u00faltimos 12\u00a0meses, as principais press\u00f5es inflacion\u00e1rias vieram dos grupos alimentos e bebidas, transportes e sa\u00fade e cuidados pessoais. Os aumentos mais significativos foram em carnes (21,2%), aves e ovos (12,1%), \u00f3leo de soja (24,4%), leite (11,9%) e caf\u00e9 (77,8%).<\/p>\n<p>Em sa\u00fade e cuidados pessoais, os maiores impactos vieram dos produtos farmac\u00eauticos (4,8%), itens de higiene (4,8%), servi\u00e7os de sa\u00fade (7,8%) e planos de sa\u00fade (7,3%).<\/p>\n<p>No grupo transportes, os destaques foram tarifas de \u00f4nibus urbano (5,1%) e interestadual (6,4%), transporte por integra\u00e7\u00e3o (10%) e por aplicativo (18,3%), al\u00e9m dos reajustes da gasolina (10,9%) e do etanol (20,1%).<\/p>\n<div class=\"noticias-relacionadas rel-position rowflex\">\n<div class=\"titulo-noticia-relacionada\"><\/div>\n<\/div>\n<\/div>\n<div class=\"footer-noticia\">\n<div class=\"editor rowflex\">Edi\u00e7\u00e3o: Juliana Andrade<\/div>\n<\/div>\n","protected":false},"excerpt":{"rendered":"<p>A infla\u00e7\u00e3o desacelerou em mar\u00e7o para todas as faixas de renda, na compara\u00e7\u00e3o com fevereiro. Os dados s\u00e3o do Instituto de Pesquisa Econ\u00f4mica Aplicada (Ipea).\u00a0Para a classe de renda muito baixa, o recuo foi de 1,59% para 0,56%. Para a classe de renda alta, de 0,9% para 0,6%. O Ipea explica que a desacelera\u00e7\u00e3o da &hellip;<\/p>\n","protected":false},"author":1,"featured_media":5247,"comment_status":"closed","ping_status":"closed","sticky":false,"template":"","format":"standard","meta":{"footnotes":""},"categories":[30],"tags":[],"class_list":["post-5254","post","type-post","status-publish","format-standard","has-post-thumbnail","hentry","category-geral"],"yoast_head":"<!-- This site is optimized with the Yoast SEO plugin v27.4 - https:\/\/yoast.com\/product\/yoast-seo-wordpress\/ -->\n<title>Infla\u00e7\u00e3o desacelera para todas as faixas de renda em mar\u00e7o - Transam\u00e9rica Mococa 93,3<\/title>\n<meta name=\"robots\" content=\"index, follow, max-snippet:-1, max-image-preview:large, max-video-preview:-1\" \/>\n<link rel=\"canonical\" href=\"https:\/\/transamerica93.com.br\/home\/inflacao-desacelera-para-todas-as-faixas-de-renda-em-marco\/\" \/>\n<meta property=\"og:locale\" content=\"pt_BR\" \/>\n<meta property=\"og:type\" content=\"article\" \/>\n<meta property=\"og:title\" content=\"Infla\u00e7\u00e3o desacelera para todas as faixas de renda em mar\u00e7o - Transam\u00e9rica Mococa 93,3\" \/>\n<meta property=\"og:description\" content=\"A infla\u00e7\u00e3o desacelerou em mar\u00e7o para todas as faixas de renda, na compara\u00e7\u00e3o com fevereiro. Os dados s\u00e3o do Instituto de Pesquisa Econ\u00f4mica Aplicada (Ipea).\u00a0Para a classe de renda muito baixa, o recuo foi de 1,59% para 0,56%. Para a classe de renda alta, de 0,9% para 0,6%. O Ipea explica que a desacelera\u00e7\u00e3o da &hellip;\" \/>\n<meta property=\"og:url\" content=\"https:\/\/transamerica93.com.br\/home\/inflacao-desacelera-para-todas-as-faixas-de-renda-em-marco\/\" \/>\n<meta property=\"og:site_name\" content=\"Transam\u00e9rica Mococa 93,3\" \/>\n<meta property=\"article:publisher\" content=\"https:\/\/www.facebook.com\/transamericamococa\" \/>\n<meta property=\"article:published_time\" content=\"2025-04-24T12:00:41+00:00\" \/>\n<meta property=\"og:image\" content=\"https:\/\/transamerica93.com.br\/home\/wp-content\/uploads\/2025\/04\/4-2.jpg\" \/>\n\t<meta property=\"og:image:width\" content=\"1170\" \/>\n\t<meta property=\"og:image:height\" content=\"700\" \/>\n\t<meta property=\"og:image:type\" content=\"image\/jpeg\" \/>\n<meta name=\"author\" content=\"Reda\u00e7\u00e3o\" \/>\n<meta name=\"twitter:card\" content=\"summary_large_image\" \/>\n<meta name=\"twitter:creator\" content=\"@transamerica933\" \/>\n<meta name=\"twitter:site\" content=\"@transamerica933\" \/>\n<meta name=\"twitter:label1\" content=\"Escrito por\" \/>\n\t<meta name=\"twitter:data1\" content=\"Reda\u00e7\u00e3o\" \/>\n\t<meta name=\"twitter:label2\" content=\"Est. tempo de leitura\" \/>\n\t<meta name=\"twitter:data2\" content=\"3 minutos\" \/>\n<script type=\"application\/ld+json\" class=\"yoast-schema-graph\">{\"@context\":\"https:\\\/\\\/schema.org\",\"@graph\":[{\"@type\":\"Article\",\"@id\":\"https:\\\/\\\/transamerica93.com.br\\\/home\\\/inflacao-desacelera-para-todas-as-faixas-de-renda-em-marco\\\/#article\",\"isPartOf\":{\"@id\":\"https:\\\/\\\/transamerica93.com.br\\\/home\\\/inflacao-desacelera-para-todas-as-faixas-de-renda-em-marco\\\/\"},\"author\":{\"name\":\"Reda\u00e7\u00e3o\",\"@id\":\"https:\\\/\\\/transamerica93.com.br\\\/home\\\/#\\\/schema\\\/person\\\/7fed7c99c0d4562efa8561bc0f543172\"},\"headline\":\"Infla\u00e7\u00e3o desacelera para todas as faixas de renda em mar\u00e7o\",\"datePublished\":\"2025-04-24T12:00:41+00:00\",\"mainEntityOfPage\":{\"@id\":\"https:\\\/\\\/transamerica93.com.br\\\/home\\\/inflacao-desacelera-para-todas-as-faixas-de-renda-em-marco\\\/\"},\"wordCount\":401,\"publisher\":{\"@id\":\"https:\\\/\\\/transamerica93.com.br\\\/home\\\/#organization\"},\"image\":{\"@id\":\"https:\\\/\\\/transamerica93.com.br\\\/home\\\/inflacao-desacelera-para-todas-as-faixas-de-renda-em-marco\\\/#primaryimage\"},\"thumbnailUrl\":\"https:\\\/\\\/transamerica93.com.br\\\/home\\\/wp-content\\\/uploads\\\/2025\\\/04\\\/4-2.jpg\",\"articleSection\":[\"Geral\"],\"inLanguage\":\"pt-BR\"},{\"@type\":\"WebPage\",\"@id\":\"https:\\\/\\\/transamerica93.com.br\\\/home\\\/inflacao-desacelera-para-todas-as-faixas-de-renda-em-marco\\\/\",\"url\":\"https:\\\/\\\/transamerica93.com.br\\\/home\\\/inflacao-desacelera-para-todas-as-faixas-de-renda-em-marco\\\/\",\"name\":\"Infla\u00e7\u00e3o desacelera para todas as faixas de renda em mar\u00e7o - Transam\u00e9rica Mococa 93,3\",\"isPartOf\":{\"@id\":\"https:\\\/\\\/transamerica93.com.br\\\/home\\\/#website\"},\"primaryImageOfPage\":{\"@id\":\"https:\\\/\\\/transamerica93.com.br\\\/home\\\/inflacao-desacelera-para-todas-as-faixas-de-renda-em-marco\\\/#primaryimage\"},\"image\":{\"@id\":\"https:\\\/\\\/transamerica93.com.br\\\/home\\\/inflacao-desacelera-para-todas-as-faixas-de-renda-em-marco\\\/#primaryimage\"},\"thumbnailUrl\":\"https:\\\/\\\/transamerica93.com.br\\\/home\\\/wp-content\\\/uploads\\\/2025\\\/04\\\/4-2.jpg\",\"datePublished\":\"2025-04-24T12:00:41+00:00\",\"breadcrumb\":{\"@id\":\"https:\\\/\\\/transamerica93.com.br\\\/home\\\/inflacao-desacelera-para-todas-as-faixas-de-renda-em-marco\\\/#breadcrumb\"},\"inLanguage\":\"pt-BR\",\"potentialAction\":[{\"@type\":\"ReadAction\",\"target\":[\"https:\\\/\\\/transamerica93.com.br\\\/home\\\/inflacao-desacelera-para-todas-as-faixas-de-renda-em-marco\\\/\"]}]},{\"@type\":\"ImageObject\",\"inLanguage\":\"pt-BR\",\"@id\":\"https:\\\/\\\/transamerica93.com.br\\\/home\\\/inflacao-desacelera-para-todas-as-faixas-de-renda-em-marco\\\/#primaryimage\",\"url\":\"https:\\\/\\\/transamerica93.com.br\\\/home\\\/wp-content\\\/uploads\\\/2025\\\/04\\\/4-2.jpg\",\"contentUrl\":\"https:\\\/\\\/transamerica93.com.br\\\/home\\\/wp-content\\\/uploads\\\/2025\\\/04\\\/4-2.jpg\",\"width\":1170,\"height\":700,\"caption\":\"\u00a9 Marcello Casal JrAg\u00eancia Brasil\"},{\"@type\":\"BreadcrumbList\",\"@id\":\"https:\\\/\\\/transamerica93.com.br\\\/home\\\/inflacao-desacelera-para-todas-as-faixas-de-renda-em-marco\\\/#breadcrumb\",\"itemListElement\":[{\"@type\":\"ListItem\",\"position\":1,\"name\":\"In\u00edcio\",\"item\":\"https:\\\/\\\/transamerica93.com.br\\\/home\\\/\"},{\"@type\":\"ListItem\",\"position\":2,\"name\":\"Infla\u00e7\u00e3o desacelera para todas as faixas de renda em mar\u00e7o\"}]},{\"@type\":\"WebSite\",\"@id\":\"https:\\\/\\\/transamerica93.com.br\\\/home\\\/#website\",\"url\":\"https:\\\/\\\/transamerica93.com.br\\\/home\\\/\",\"name\":\"Transam\u00e9rica Mococa 93,3\",\"description\":\"\",\"publisher\":{\"@id\":\"https:\\\/\\\/transamerica93.com.br\\\/home\\\/#organization\"},\"potentialAction\":[{\"@type\":\"SearchAction\",\"target\":{\"@type\":\"EntryPoint\",\"urlTemplate\":\"https:\\\/\\\/transamerica93.com.br\\\/home\\\/?s={search_term_string}\"},\"query-input\":{\"@type\":\"PropertyValueSpecification\",\"valueRequired\":true,\"valueName\":\"search_term_string\"}}],\"inLanguage\":\"pt-BR\"},{\"@type\":\"Organization\",\"@id\":\"https:\\\/\\\/transamerica93.com.br\\\/home\\\/#organization\",\"name\":\"Transam\u00e9rica Mococa 93,3\",\"url\":\"https:\\\/\\\/transamerica93.com.br\\\/home\\\/\",\"logo\":{\"@type\":\"ImageObject\",\"inLanguage\":\"pt-BR\",\"@id\":\"https:\\\/\\\/transamerica93.com.br\\\/home\\\/#\\\/schema\\\/logo\\\/image\\\/\",\"url\":\"https:\\\/\\\/transamerica93.com.br\\\/home\\\/wp-content\\\/uploads\\\/2023\\\/10\\\/logo2.png\",\"contentUrl\":\"https:\\\/\\\/transamerica93.com.br\\\/home\\\/wp-content\\\/uploads\\\/2023\\\/10\\\/logo2.png\",\"width\":800,\"height\":500,\"caption\":\"Transam\u00e9rica Mococa 93,3\"},\"image\":{\"@id\":\"https:\\\/\\\/transamerica93.com.br\\\/home\\\/#\\\/schema\\\/logo\\\/image\\\/\"},\"sameAs\":[\"https:\\\/\\\/www.facebook.com\\\/transamericamococa\",\"https:\\\/\\\/x.com\\\/transamerica933\",\"https:\\\/\\\/www.instagram.com\\\/transamericamococa\"]},{\"@type\":\"Person\",\"@id\":\"https:\\\/\\\/transamerica93.com.br\\\/home\\\/#\\\/schema\\\/person\\\/7fed7c99c0d4562efa8561bc0f543172\",\"name\":\"Reda\u00e7\u00e3o\",\"image\":{\"@type\":\"ImageObject\",\"inLanguage\":\"pt-BR\",\"@id\":\"https:\\\/\\\/secure.gravatar.com\\\/avatar\\\/1072c6b775fb02ef8506ce967551d95926669a6b7d2c2147b42eea4d7c68395e?s=96&d=mm&r=g\",\"url\":\"https:\\\/\\\/secure.gravatar.com\\\/avatar\\\/1072c6b775fb02ef8506ce967551d95926669a6b7d2c2147b42eea4d7c68395e?s=96&d=mm&r=g\",\"contentUrl\":\"https:\\\/\\\/secure.gravatar.com\\\/avatar\\\/1072c6b775fb02ef8506ce967551d95926669a6b7d2c2147b42eea4d7c68395e?s=96&d=mm&r=g\",\"caption\":\"Reda\u00e7\u00e3o\"},\"sameAs\":[\"https:\\\/\\\/transamerica93.com.br\\\/home\"],\"url\":\"https:\\\/\\\/transamerica93.com.br\\\/home\\\/author\\\/william\\\/\"}]}<\/script>\n<!-- \/ Yoast SEO plugin. -->","yoast_head_json":{"title":"Infla\u00e7\u00e3o desacelera para todas as faixas de renda em mar\u00e7o - Transam\u00e9rica Mococa 93,3","robots":{"index":"index","follow":"follow","max-snippet":"max-snippet:-1","max-image-preview":"max-image-preview:large","max-video-preview":"max-video-preview:-1"},"canonical":"https:\/\/transamerica93.com.br\/home\/inflacao-desacelera-para-todas-as-faixas-de-renda-em-marco\/","og_locale":"pt_BR","og_type":"article","og_title":"Infla\u00e7\u00e3o desacelera para todas as faixas de renda em mar\u00e7o - Transam\u00e9rica Mococa 93,3","og_description":"A infla\u00e7\u00e3o desacelerou em mar\u00e7o para todas as faixas de renda, na compara\u00e7\u00e3o com fevereiro. Os dados s\u00e3o do Instituto de Pesquisa Econ\u00f4mica Aplicada (Ipea).\u00a0Para a classe de renda muito baixa, o recuo foi de 1,59% para 0,56%. Para a classe de renda alta, de 0,9% para 0,6%. O Ipea explica que a desacelera\u00e7\u00e3o da &hellip;","og_url":"https:\/\/transamerica93.com.br\/home\/inflacao-desacelera-para-todas-as-faixas-de-renda-em-marco\/","og_site_name":"Transam\u00e9rica Mococa 93,3","article_publisher":"https:\/\/www.facebook.com\/transamericamococa","article_published_time":"2025-04-24T12:00:41+00:00","og_image":[{"width":1170,"height":700,"url":"https:\/\/transamerica93.com.br\/home\/wp-content\/uploads\/2025\/04\/4-2.jpg","type":"image\/jpeg"}],"author":"Reda\u00e7\u00e3o","twitter_card":"summary_large_image","twitter_creator":"@transamerica933","twitter_site":"@transamerica933","twitter_misc":{"Escrito por":"Reda\u00e7\u00e3o","Est. tempo de leitura":"3 minutos"},"schema":{"@context":"https:\/\/schema.org","@graph":[{"@type":"Article","@id":"https:\/\/transamerica93.com.br\/home\/inflacao-desacelera-para-todas-as-faixas-de-renda-em-marco\/#article","isPartOf":{"@id":"https:\/\/transamerica93.com.br\/home\/inflacao-desacelera-para-todas-as-faixas-de-renda-em-marco\/"},"author":{"name":"Reda\u00e7\u00e3o","@id":"https:\/\/transamerica93.com.br\/home\/#\/schema\/person\/7fed7c99c0d4562efa8561bc0f543172"},"headline":"Infla\u00e7\u00e3o desacelera para todas as faixas de renda em mar\u00e7o","datePublished":"2025-04-24T12:00:41+00:00","mainEntityOfPage":{"@id":"https:\/\/transamerica93.com.br\/home\/inflacao-desacelera-para-todas-as-faixas-de-renda-em-marco\/"},"wordCount":401,"publisher":{"@id":"https:\/\/transamerica93.com.br\/home\/#organization"},"image":{"@id":"https:\/\/transamerica93.com.br\/home\/inflacao-desacelera-para-todas-as-faixas-de-renda-em-marco\/#primaryimage"},"thumbnailUrl":"https:\/\/transamerica93.com.br\/home\/wp-content\/uploads\/2025\/04\/4-2.jpg","articleSection":["Geral"],"inLanguage":"pt-BR"},{"@type":"WebPage","@id":"https:\/\/transamerica93.com.br\/home\/inflacao-desacelera-para-todas-as-faixas-de-renda-em-marco\/","url":"https:\/\/transamerica93.com.br\/home\/inflacao-desacelera-para-todas-as-faixas-de-renda-em-marco\/","name":"Infla\u00e7\u00e3o desacelera para todas as faixas de renda em mar\u00e7o - Transam\u00e9rica Mococa 93,3","isPartOf":{"@id":"https:\/\/transamerica93.com.br\/home\/#website"},"primaryImageOfPage":{"@id":"https:\/\/transamerica93.com.br\/home\/inflacao-desacelera-para-todas-as-faixas-de-renda-em-marco\/#primaryimage"},"image":{"@id":"https:\/\/transamerica93.com.br\/home\/inflacao-desacelera-para-todas-as-faixas-de-renda-em-marco\/#primaryimage"},"thumbnailUrl":"https:\/\/transamerica93.com.br\/home\/wp-content\/uploads\/2025\/04\/4-2.jpg","datePublished":"2025-04-24T12:00:41+00:00","breadcrumb":{"@id":"https:\/\/transamerica93.com.br\/home\/inflacao-desacelera-para-todas-as-faixas-de-renda-em-marco\/#breadcrumb"},"inLanguage":"pt-BR","potentialAction":[{"@type":"ReadAction","target":["https:\/\/transamerica93.com.br\/home\/inflacao-desacelera-para-todas-as-faixas-de-renda-em-marco\/"]}]},{"@type":"ImageObject","inLanguage":"pt-BR","@id":"https:\/\/transamerica93.com.br\/home\/inflacao-desacelera-para-todas-as-faixas-de-renda-em-marco\/#primaryimage","url":"https:\/\/transamerica93.com.br\/home\/wp-content\/uploads\/2025\/04\/4-2.jpg","contentUrl":"https:\/\/transamerica93.com.br\/home\/wp-content\/uploads\/2025\/04\/4-2.jpg","width":1170,"height":700,"caption":"\u00a9 Marcello Casal JrAg\u00eancia Brasil"},{"@type":"BreadcrumbList","@id":"https:\/\/transamerica93.com.br\/home\/inflacao-desacelera-para-todas-as-faixas-de-renda-em-marco\/#breadcrumb","itemListElement":[{"@type":"ListItem","position":1,"name":"In\u00edcio","item":"https:\/\/transamerica93.com.br\/home\/"},{"@type":"ListItem","position":2,"name":"Infla\u00e7\u00e3o desacelera para todas as faixas de renda em mar\u00e7o"}]},{"@type":"WebSite","@id":"https:\/\/transamerica93.com.br\/home\/#website","url":"https:\/\/transamerica93.com.br\/home\/","name":"Transam\u00e9rica Mococa 93,3","description":"","publisher":{"@id":"https:\/\/transamerica93.com.br\/home\/#organization"},"potentialAction":[{"@type":"SearchAction","target":{"@type":"EntryPoint","urlTemplate":"https:\/\/transamerica93.com.br\/home\/?s={search_term_string}"},"query-input":{"@type":"PropertyValueSpecification","valueRequired":true,"valueName":"search_term_string"}}],"inLanguage":"pt-BR"},{"@type":"Organization","@id":"https:\/\/transamerica93.com.br\/home\/#organization","name":"Transam\u00e9rica Mococa 93,3","url":"https:\/\/transamerica93.com.br\/home\/","logo":{"@type":"ImageObject","inLanguage":"pt-BR","@id":"https:\/\/transamerica93.com.br\/home\/#\/schema\/logo\/image\/","url":"https:\/\/transamerica93.com.br\/home\/wp-content\/uploads\/2023\/10\/logo2.png","contentUrl":"https:\/\/transamerica93.com.br\/home\/wp-content\/uploads\/2023\/10\/logo2.png","width":800,"height":500,"caption":"Transam\u00e9rica Mococa 93,3"},"image":{"@id":"https:\/\/transamerica93.com.br\/home\/#\/schema\/logo\/image\/"},"sameAs":["https:\/\/www.facebook.com\/transamericamococa","https:\/\/x.com\/transamerica933","https:\/\/www.instagram.com\/transamericamococa"]},{"@type":"Person","@id":"https:\/\/transamerica93.com.br\/home\/#\/schema\/person\/7fed7c99c0d4562efa8561bc0f543172","name":"Reda\u00e7\u00e3o","image":{"@type":"ImageObject","inLanguage":"pt-BR","@id":"https:\/\/secure.gravatar.com\/avatar\/1072c6b775fb02ef8506ce967551d95926669a6b7d2c2147b42eea4d7c68395e?s=96&d=mm&r=g","url":"https:\/\/secure.gravatar.com\/avatar\/1072c6b775fb02ef8506ce967551d95926669a6b7d2c2147b42eea4d7c68395e?s=96&d=mm&r=g","contentUrl":"https:\/\/secure.gravatar.com\/avatar\/1072c6b775fb02ef8506ce967551d95926669a6b7d2c2147b42eea4d7c68395e?s=96&d=mm&r=g","caption":"Reda\u00e7\u00e3o"},"sameAs":["https:\/\/transamerica93.com.br\/home"],"url":"https:\/\/transamerica93.com.br\/home\/author\/william\/"}]}},"_links":{"self":[{"href":"https:\/\/transamerica93.com.br\/home\/wp-json\/wp\/v2\/posts\/5254","targetHints":{"allow":["GET"]}}],"collection":[{"href":"https:\/\/transamerica93.com.br\/home\/wp-json\/wp\/v2\/posts"}],"about":[{"href":"https:\/\/transamerica93.com.br\/home\/wp-json\/wp\/v2\/types\/post"}],"author":[{"embeddable":true,"href":"https:\/\/transamerica93.com.br\/home\/wp-json\/wp\/v2\/users\/1"}],"replies":[{"embeddable":true,"href":"https:\/\/transamerica93.com.br\/home\/wp-json\/wp\/v2\/comments?post=5254"}],"version-history":[{"count":1,"href":"https:\/\/transamerica93.com.br\/home\/wp-json\/wp\/v2\/posts\/5254\/revisions"}],"predecessor-version":[{"id":5255,"href":"https:\/\/transamerica93.com.br\/home\/wp-json\/wp\/v2\/posts\/5254\/revisions\/5255"}],"wp:featuredmedia":[{"embeddable":true,"href":"https:\/\/transamerica93.com.br\/home\/wp-json\/wp\/v2\/media\/5247"}],"wp:attachment":[{"href":"https:\/\/transamerica93.com.br\/home\/wp-json\/wp\/v2\/media?parent=5254"}],"wp:term":[{"taxonomy":"category","embeddable":true,"href":"https:\/\/transamerica93.com.br\/home\/wp-json\/wp\/v2\/categories?post=5254"},{"taxonomy":"post_tag","embeddable":true,"href":"https:\/\/transamerica93.com.br\/home\/wp-json\/wp\/v2\/tags?post=5254"}],"curies":[{"name":"wp","href":"https:\/\/api.w.org\/{rel}","templated":true}]}}