{"id":5262,"date":"2025-05-02T15:00:50","date_gmt":"2025-05-02T18:00:50","guid":{"rendered":"https:\/\/transamerica93.com.br\/home\/?p=5262"},"modified":"2025-05-01T23:05:52","modified_gmt":"2025-05-02T02:05:52","slug":"cantora-nanna-caymmi-morre-aos-84-anos-no-rio-de-janeiro","status":"publish","type":"post","link":"https:\/\/transamerica93.com.br\/home\/cantora-nanna-caymmi-morre-aos-84-anos-no-rio-de-janeiro\/","title":{"rendered":"Cantora Nanna Caymmi morre aos 84 anos no Rio de Janeiro"},"content":{"rendered":"<div class=\"conteudo-noticia\">\n<p>A cantora Nana Caymmi, 84 anos, morreu nesta quinta-feira (1\u00ba) no Rio de Janeiro. A morte foi confirmada\u00a0por seu irm\u00e3o Danilo Caymmi.\u00a0Nana estava internada na cl\u00ednica S\u00e3o Jos\u00e9, em Botafogo, zona sul da capital carioca, onde deu entrada em agosto do ano passado para tratar de uma arritmia card\u00edaca.<img decoding=\"async\" data-src=\"https:\/\/agenciabrasil.ebc.com.br\/ebc.png?id=1641290&amp;o=node\" src=\"data:image\/svg+xml;base64,PHN2ZyB3aWR0aD0iMSIgaGVpZ2h0PSIxIiB4bWxucz0iaHR0cDovL3d3dy53My5vcmcvMjAwMC9zdmciPjwvc3ZnPg==\" class=\"lazyload\" \/><img decoding=\"async\" data-src=\"https:\/\/agenciabrasil.ebc.com.br\/ebc.gif?id=1641290&amp;o=node\" src=\"data:image\/svg+xml;base64,PHN2ZyB3aWR0aD0iMSIgaGVpZ2h0PSIxIiB4bWxucz0iaHR0cDovL3d3dy53My5vcmcvMjAwMC9zdmciPjwvc3ZnPg==\" class=\"lazyload\" \/><\/p>\n<blockquote><p>&#8220;\u00c9 com muito pesar que eu comunico o falecimento da minha irm\u00e3, Nana Caymmi. Estamos, l\u00f3gico, muito chocados e tristes na fam\u00edlia, mas ela tamb\u00e9m passou nove meses de sofrimento em hospital, UTI. Um processo muito doloroso, v\u00e1rias comorbidades&#8221;, disse Danilo em v\u00eddeo postado nas redes sociais.<\/p><\/blockquote>\n<p>Danilo tamb\u00e9m pediu para que o comunicado sobre o falecimento de Nana fosse difundido aos f\u00e3s da cantora no pa\u00eds inteiro.<\/p>\n<blockquote><p>&#8220;O Brasil perde uma grande cantora, uma das maiores int\u00e9rpretes que o Brasil j\u00e1 viu, de sentimento, de tudo, enfim&#8221;.<\/p><\/blockquote>\n<p>Com uma\u00a0voz diferenciada e estilo inconfund\u00edvel, Dinahir Tostes Caymmi, ou simplesmente Nana Caymmi, refletia o\u00a0talento de toda uma fam\u00edlia musical: filha do compositor, cantor e violonista Dorival Caymmi e da cantora Stella Maris.\u00a0Ela\u00a0iniciou a carreira art\u00edstica em 1960.<\/p>\n<p>Ao total, gravou 27 discos, sendo dois deles ao vivo.<\/p>\n<p>Logo cedo, conquistou um lugar de destaque no mundo da m\u00fasica, dentro e fora do Brasil. Entre seus sucessos, est\u00e3o &#8220;S\u00f3 Louco&#8221;, &#8220;N\u00e3o se Esque\u00e7a de Mim&#8221;, &#8220;Cais&#8221;, &#8220;Resposta ao Tempo&#8221; e &#8220;Ponta de Areia&#8221;.<\/p>\n<p>Em 2016, a cantora passou por uma cirurgia de remo\u00e7\u00e3o de um tumor na parte externa do est\u00f4mago, afastando-se dos palcos. Em 2019,\u00a0gravou um disco com a obra de Tito Madi, e, no ano seguinte, outro com can\u00e7\u00f5es de Tom Jobim e Vinicius de Moraes.<\/p>\n<p>Em 2024, voltou a gravar, ao lado do cantor e violonista Renato Braz, uma faixa do disco Can\u00e1rio do Reino, em homenagem a Tim Maia.<\/p>\n<p>Em agosto do mesmo ano, foi internada em um hospital para tratar de uma arritmia card\u00edaca onde permaneceu pelos \u00faltimos meses.<\/p>\n<p>&nbsp;<\/p>\n<p><em>*Com informa\u00e7\u00f5es da Radioag\u00eancia Nacional\u00a0<\/em><\/p>\n<\/div>\n<div class=\"footer-noticia\">\n<div class=\"editor rowflex\">Edi\u00e7\u00e3o: L\u00edlian Beraldo<\/div>\n<\/div>\n","protected":false},"excerpt":{"rendered":"<p>A cantora Nana Caymmi, 84 anos, morreu nesta quinta-feira (1\u00ba) no Rio de Janeiro. A morte foi confirmada\u00a0por seu irm\u00e3o Danilo Caymmi.\u00a0Nana estava internada na cl\u00ednica S\u00e3o Jos\u00e9, em Botafogo, zona sul da capital carioca, onde deu entrada em agosto do ano passado para tratar de uma arritmia card\u00edaca. &#8220;\u00c9 com muito pesar que eu &hellip;<\/p>\n","protected":false},"author":1,"featured_media":5263,"comment_status":"closed","ping_status":"closed","sticky":false,"template":"","format":"standard","meta":{"footnotes":""},"categories":[25],"tags":[],"class_list":["post-5262","post","type-post","status-publish","format-standard","has-post-thumbnail","hentry","category-musica"],"yoast_head":"<!-- This site is optimized with the Yoast SEO plugin v27.4 - https:\/\/yoast.com\/product\/yoast-seo-wordpress\/ -->\n<title>Cantora Nanna Caymmi morre aos 84 anos no Rio de Janeiro - Transam\u00e9rica Mococa 93,3<\/title>\n<meta name=\"robots\" content=\"index, follow, max-snippet:-1, max-image-preview:large, max-video-preview:-1\" \/>\n<link rel=\"canonical\" href=\"https:\/\/transamerica93.com.br\/home\/cantora-nanna-caymmi-morre-aos-84-anos-no-rio-de-janeiro\/\" \/>\n<meta property=\"og:locale\" content=\"pt_BR\" \/>\n<meta property=\"og:type\" content=\"article\" \/>\n<meta property=\"og:title\" content=\"Cantora Nanna Caymmi morre aos 84 anos no Rio de Janeiro - Transam\u00e9rica Mococa 93,3\" \/>\n<meta property=\"og:description\" content=\"A cantora Nana Caymmi, 84 anos, morreu nesta quinta-feira (1\u00ba) no Rio de Janeiro. A morte foi confirmada\u00a0por seu irm\u00e3o Danilo Caymmi.\u00a0Nana estava internada na cl\u00ednica S\u00e3o Jos\u00e9, em Botafogo, zona sul da capital carioca, onde deu entrada em agosto do ano passado para tratar de uma arritmia card\u00edaca. &#8220;\u00c9 com muito pesar que eu &hellip;\" \/>\n<meta property=\"og:url\" content=\"https:\/\/transamerica93.com.br\/home\/cantora-nanna-caymmi-morre-aos-84-anos-no-rio-de-janeiro\/\" \/>\n<meta property=\"og:site_name\" content=\"Transam\u00e9rica Mococa 93,3\" \/>\n<meta property=\"article:publisher\" content=\"https:\/\/www.facebook.com\/transamericamococa\" \/>\n<meta property=\"article:published_time\" content=\"2025-05-02T18:00:50+00:00\" \/>\n<meta property=\"og:image\" content=\"https:\/\/transamerica93.com.br\/home\/wp-content\/uploads\/2025\/05\/1.jpg\" \/>\n\t<meta property=\"og:image:width\" content=\"1167\" \/>\n\t<meta property=\"og:image:height\" content=\"699\" \/>\n\t<meta property=\"og:image:type\" content=\"image\/jpeg\" \/>\n<meta name=\"author\" content=\"Reda\u00e7\u00e3o\" \/>\n<meta name=\"twitter:card\" content=\"summary_large_image\" \/>\n<meta name=\"twitter:creator\" content=\"@transamerica933\" \/>\n<meta name=\"twitter:site\" content=\"@transamerica933\" \/>\n<meta name=\"twitter:label1\" content=\"Escrito por\" \/>\n\t<meta name=\"twitter:data1\" content=\"Reda\u00e7\u00e3o\" \/>\n\t<meta name=\"twitter:label2\" content=\"Est. tempo de leitura\" \/>\n\t<meta name=\"twitter:data2\" content=\"3 minutos\" \/>\n<script type=\"application\/ld+json\" class=\"yoast-schema-graph\">{\"@context\":\"https:\\\/\\\/schema.org\",\"@graph\":[{\"@type\":\"Article\",\"@id\":\"https:\\\/\\\/transamerica93.com.br\\\/home\\\/cantora-nanna-caymmi-morre-aos-84-anos-no-rio-de-janeiro\\\/#article\",\"isPartOf\":{\"@id\":\"https:\\\/\\\/transamerica93.com.br\\\/home\\\/cantora-nanna-caymmi-morre-aos-84-anos-no-rio-de-janeiro\\\/\"},\"author\":{\"name\":\"Reda\u00e7\u00e3o\",\"@id\":\"https:\\\/\\\/transamerica93.com.br\\\/home\\\/#\\\/schema\\\/person\\\/7fed7c99c0d4562efa8561bc0f543172\"},\"headline\":\"Cantora Nanna Caymmi morre aos 84 anos no Rio de Janeiro\",\"datePublished\":\"2025-05-02T18:00:50+00:00\",\"mainEntityOfPage\":{\"@id\":\"https:\\\/\\\/transamerica93.com.br\\\/home\\\/cantora-nanna-caymmi-morre-aos-84-anos-no-rio-de-janeiro\\\/\"},\"wordCount\":358,\"publisher\":{\"@id\":\"https:\\\/\\\/transamerica93.com.br\\\/home\\\/#organization\"},\"image\":{\"@id\":\"https:\\\/\\\/transamerica93.com.br\\\/home\\\/cantora-nanna-caymmi-morre-aos-84-anos-no-rio-de-janeiro\\\/#primaryimage\"},\"thumbnailUrl\":\"https:\\\/\\\/transamerica93.com.br\\\/home\\\/wp-content\\\/uploads\\\/2025\\\/05\\\/1.jpg\",\"articleSection\":[\"M\u00fasica\"],\"inLanguage\":\"pt-BR\"},{\"@type\":\"WebPage\",\"@id\":\"https:\\\/\\\/transamerica93.com.br\\\/home\\\/cantora-nanna-caymmi-morre-aos-84-anos-no-rio-de-janeiro\\\/\",\"url\":\"https:\\\/\\\/transamerica93.com.br\\\/home\\\/cantora-nanna-caymmi-morre-aos-84-anos-no-rio-de-janeiro\\\/\",\"name\":\"Cantora Nanna Caymmi morre aos 84 anos no Rio de Janeiro - Transam\u00e9rica Mococa 93,3\",\"isPartOf\":{\"@id\":\"https:\\\/\\\/transamerica93.com.br\\\/home\\\/#website\"},\"primaryImageOfPage\":{\"@id\":\"https:\\\/\\\/transamerica93.com.br\\\/home\\\/cantora-nanna-caymmi-morre-aos-84-anos-no-rio-de-janeiro\\\/#primaryimage\"},\"image\":{\"@id\":\"https:\\\/\\\/transamerica93.com.br\\\/home\\\/cantora-nanna-caymmi-morre-aos-84-anos-no-rio-de-janeiro\\\/#primaryimage\"},\"thumbnailUrl\":\"https:\\\/\\\/transamerica93.com.br\\\/home\\\/wp-content\\\/uploads\\\/2025\\\/05\\\/1.jpg\",\"datePublished\":\"2025-05-02T18:00:50+00:00\",\"breadcrumb\":{\"@id\":\"https:\\\/\\\/transamerica93.com.br\\\/home\\\/cantora-nanna-caymmi-morre-aos-84-anos-no-rio-de-janeiro\\\/#breadcrumb\"},\"inLanguage\":\"pt-BR\",\"potentialAction\":[{\"@type\":\"ReadAction\",\"target\":[\"https:\\\/\\\/transamerica93.com.br\\\/home\\\/cantora-nanna-caymmi-morre-aos-84-anos-no-rio-de-janeiro\\\/\"]}]},{\"@type\":\"ImageObject\",\"inLanguage\":\"pt-BR\",\"@id\":\"https:\\\/\\\/transamerica93.com.br\\\/home\\\/cantora-nanna-caymmi-morre-aos-84-anos-no-rio-de-janeiro\\\/#primaryimage\",\"url\":\"https:\\\/\\\/transamerica93.com.br\\\/home\\\/wp-content\\\/uploads\\\/2025\\\/05\\\/1.jpg\",\"contentUrl\":\"https:\\\/\\\/transamerica93.com.br\\\/home\\\/wp-content\\\/uploads\\\/2025\\\/05\\\/1.jpg\",\"width\":1167,\"height\":699},{\"@type\":\"BreadcrumbList\",\"@id\":\"https:\\\/\\\/transamerica93.com.br\\\/home\\\/cantora-nanna-caymmi-morre-aos-84-anos-no-rio-de-janeiro\\\/#breadcrumb\",\"itemListElement\":[{\"@type\":\"ListItem\",\"position\":1,\"name\":\"In\u00edcio\",\"item\":\"https:\\\/\\\/transamerica93.com.br\\\/home\\\/\"},{\"@type\":\"ListItem\",\"position\":2,\"name\":\"Cantora Nanna Caymmi morre aos 84 anos no Rio de Janeiro\"}]},{\"@type\":\"WebSite\",\"@id\":\"https:\\\/\\\/transamerica93.com.br\\\/home\\\/#website\",\"url\":\"https:\\\/\\\/transamerica93.com.br\\\/home\\\/\",\"name\":\"Transam\u00e9rica Mococa 93,3\",\"description\":\"\",\"publisher\":{\"@id\":\"https:\\\/\\\/transamerica93.com.br\\\/home\\\/#organization\"},\"potentialAction\":[{\"@type\":\"SearchAction\",\"target\":{\"@type\":\"EntryPoint\",\"urlTemplate\":\"https:\\\/\\\/transamerica93.com.br\\\/home\\\/?s={search_term_string}\"},\"query-input\":{\"@type\":\"PropertyValueSpecification\",\"valueRequired\":true,\"valueName\":\"search_term_string\"}}],\"inLanguage\":\"pt-BR\"},{\"@type\":\"Organization\",\"@id\":\"https:\\\/\\\/transamerica93.com.br\\\/home\\\/#organization\",\"name\":\"Transam\u00e9rica Mococa 93,3\",\"url\":\"https:\\\/\\\/transamerica93.com.br\\\/home\\\/\",\"logo\":{\"@type\":\"ImageObject\",\"inLanguage\":\"pt-BR\",\"@id\":\"https:\\\/\\\/transamerica93.com.br\\\/home\\\/#\\\/schema\\\/logo\\\/image\\\/\",\"url\":\"https:\\\/\\\/transamerica93.com.br\\\/home\\\/wp-content\\\/uploads\\\/2023\\\/10\\\/logo2.png\",\"contentUrl\":\"https:\\\/\\\/transamerica93.com.br\\\/home\\\/wp-content\\\/uploads\\\/2023\\\/10\\\/logo2.png\",\"width\":800,\"height\":500,\"caption\":\"Transam\u00e9rica Mococa 93,3\"},\"image\":{\"@id\":\"https:\\\/\\\/transamerica93.com.br\\\/home\\\/#\\\/schema\\\/logo\\\/image\\\/\"},\"sameAs\":[\"https:\\\/\\\/www.facebook.com\\\/transamericamococa\",\"https:\\\/\\\/x.com\\\/transamerica933\",\"https:\\\/\\\/www.instagram.com\\\/transamericamococa\"]},{\"@type\":\"Person\",\"@id\":\"https:\\\/\\\/transamerica93.com.br\\\/home\\\/#\\\/schema\\\/person\\\/7fed7c99c0d4562efa8561bc0f543172\",\"name\":\"Reda\u00e7\u00e3o\",\"image\":{\"@type\":\"ImageObject\",\"inLanguage\":\"pt-BR\",\"@id\":\"https:\\\/\\\/secure.gravatar.com\\\/avatar\\\/1072c6b775fb02ef8506ce967551d95926669a6b7d2c2147b42eea4d7c68395e?s=96&d=mm&r=g\",\"url\":\"https:\\\/\\\/secure.gravatar.com\\\/avatar\\\/1072c6b775fb02ef8506ce967551d95926669a6b7d2c2147b42eea4d7c68395e?s=96&d=mm&r=g\",\"contentUrl\":\"https:\\\/\\\/secure.gravatar.com\\\/avatar\\\/1072c6b775fb02ef8506ce967551d95926669a6b7d2c2147b42eea4d7c68395e?s=96&d=mm&r=g\",\"caption\":\"Reda\u00e7\u00e3o\"},\"sameAs\":[\"https:\\\/\\\/transamerica93.com.br\\\/home\"],\"url\":\"https:\\\/\\\/transamerica93.com.br\\\/home\\\/author\\\/william\\\/\"}]}<\/script>\n<!-- \/ Yoast SEO plugin. -->","yoast_head_json":{"title":"Cantora Nanna Caymmi morre aos 84 anos no Rio de Janeiro - Transam\u00e9rica Mococa 93,3","robots":{"index":"index","follow":"follow","max-snippet":"max-snippet:-1","max-image-preview":"max-image-preview:large","max-video-preview":"max-video-preview:-1"},"canonical":"https:\/\/transamerica93.com.br\/home\/cantora-nanna-caymmi-morre-aos-84-anos-no-rio-de-janeiro\/","og_locale":"pt_BR","og_type":"article","og_title":"Cantora Nanna Caymmi morre aos 84 anos no Rio de Janeiro - Transam\u00e9rica Mococa 93,3","og_description":"A cantora Nana Caymmi, 84 anos, morreu nesta quinta-feira (1\u00ba) no Rio de Janeiro. A morte foi confirmada\u00a0por seu irm\u00e3o Danilo Caymmi.\u00a0Nana estava internada na cl\u00ednica S\u00e3o Jos\u00e9, em Botafogo, zona sul da capital carioca, onde deu entrada em agosto do ano passado para tratar de uma arritmia card\u00edaca. &#8220;\u00c9 com muito pesar que eu &hellip;","og_url":"https:\/\/transamerica93.com.br\/home\/cantora-nanna-caymmi-morre-aos-84-anos-no-rio-de-janeiro\/","og_site_name":"Transam\u00e9rica Mococa 93,3","article_publisher":"https:\/\/www.facebook.com\/transamericamococa","article_published_time":"2025-05-02T18:00:50+00:00","og_image":[{"width":1167,"height":699,"url":"https:\/\/transamerica93.com.br\/home\/wp-content\/uploads\/2025\/05\/1.jpg","type":"image\/jpeg"}],"author":"Reda\u00e7\u00e3o","twitter_card":"summary_large_image","twitter_creator":"@transamerica933","twitter_site":"@transamerica933","twitter_misc":{"Escrito por":"Reda\u00e7\u00e3o","Est. tempo de leitura":"3 minutos"},"schema":{"@context":"https:\/\/schema.org","@graph":[{"@type":"Article","@id":"https:\/\/transamerica93.com.br\/home\/cantora-nanna-caymmi-morre-aos-84-anos-no-rio-de-janeiro\/#article","isPartOf":{"@id":"https:\/\/transamerica93.com.br\/home\/cantora-nanna-caymmi-morre-aos-84-anos-no-rio-de-janeiro\/"},"author":{"name":"Reda\u00e7\u00e3o","@id":"https:\/\/transamerica93.com.br\/home\/#\/schema\/person\/7fed7c99c0d4562efa8561bc0f543172"},"headline":"Cantora Nanna Caymmi morre aos 84 anos no Rio de Janeiro","datePublished":"2025-05-02T18:00:50+00:00","mainEntityOfPage":{"@id":"https:\/\/transamerica93.com.br\/home\/cantora-nanna-caymmi-morre-aos-84-anos-no-rio-de-janeiro\/"},"wordCount":358,"publisher":{"@id":"https:\/\/transamerica93.com.br\/home\/#organization"},"image":{"@id":"https:\/\/transamerica93.com.br\/home\/cantora-nanna-caymmi-morre-aos-84-anos-no-rio-de-janeiro\/#primaryimage"},"thumbnailUrl":"https:\/\/transamerica93.com.br\/home\/wp-content\/uploads\/2025\/05\/1.jpg","articleSection":["M\u00fasica"],"inLanguage":"pt-BR"},{"@type":"WebPage","@id":"https:\/\/transamerica93.com.br\/home\/cantora-nanna-caymmi-morre-aos-84-anos-no-rio-de-janeiro\/","url":"https:\/\/transamerica93.com.br\/home\/cantora-nanna-caymmi-morre-aos-84-anos-no-rio-de-janeiro\/","name":"Cantora Nanna Caymmi morre aos 84 anos no Rio de Janeiro - Transam\u00e9rica Mococa 93,3","isPartOf":{"@id":"https:\/\/transamerica93.com.br\/home\/#website"},"primaryImageOfPage":{"@id":"https:\/\/transamerica93.com.br\/home\/cantora-nanna-caymmi-morre-aos-84-anos-no-rio-de-janeiro\/#primaryimage"},"image":{"@id":"https:\/\/transamerica93.com.br\/home\/cantora-nanna-caymmi-morre-aos-84-anos-no-rio-de-janeiro\/#primaryimage"},"thumbnailUrl":"https:\/\/transamerica93.com.br\/home\/wp-content\/uploads\/2025\/05\/1.jpg","datePublished":"2025-05-02T18:00:50+00:00","breadcrumb":{"@id":"https:\/\/transamerica93.com.br\/home\/cantora-nanna-caymmi-morre-aos-84-anos-no-rio-de-janeiro\/#breadcrumb"},"inLanguage":"pt-BR","potentialAction":[{"@type":"ReadAction","target":["https:\/\/transamerica93.com.br\/home\/cantora-nanna-caymmi-morre-aos-84-anos-no-rio-de-janeiro\/"]}]},{"@type":"ImageObject","inLanguage":"pt-BR","@id":"https:\/\/transamerica93.com.br\/home\/cantora-nanna-caymmi-morre-aos-84-anos-no-rio-de-janeiro\/#primaryimage","url":"https:\/\/transamerica93.com.br\/home\/wp-content\/uploads\/2025\/05\/1.jpg","contentUrl":"https:\/\/transamerica93.com.br\/home\/wp-content\/uploads\/2025\/05\/1.jpg","width":1167,"height":699},{"@type":"BreadcrumbList","@id":"https:\/\/transamerica93.com.br\/home\/cantora-nanna-caymmi-morre-aos-84-anos-no-rio-de-janeiro\/#breadcrumb","itemListElement":[{"@type":"ListItem","position":1,"name":"In\u00edcio","item":"https:\/\/transamerica93.com.br\/home\/"},{"@type":"ListItem","position":2,"name":"Cantora Nanna Caymmi morre aos 84 anos no Rio de Janeiro"}]},{"@type":"WebSite","@id":"https:\/\/transamerica93.com.br\/home\/#website","url":"https:\/\/transamerica93.com.br\/home\/","name":"Transam\u00e9rica Mococa 93,3","description":"","publisher":{"@id":"https:\/\/transamerica93.com.br\/home\/#organization"},"potentialAction":[{"@type":"SearchAction","target":{"@type":"EntryPoint","urlTemplate":"https:\/\/transamerica93.com.br\/home\/?s={search_term_string}"},"query-input":{"@type":"PropertyValueSpecification","valueRequired":true,"valueName":"search_term_string"}}],"inLanguage":"pt-BR"},{"@type":"Organization","@id":"https:\/\/transamerica93.com.br\/home\/#organization","name":"Transam\u00e9rica Mococa 93,3","url":"https:\/\/transamerica93.com.br\/home\/","logo":{"@type":"ImageObject","inLanguage":"pt-BR","@id":"https:\/\/transamerica93.com.br\/home\/#\/schema\/logo\/image\/","url":"https:\/\/transamerica93.com.br\/home\/wp-content\/uploads\/2023\/10\/logo2.png","contentUrl":"https:\/\/transamerica93.com.br\/home\/wp-content\/uploads\/2023\/10\/logo2.png","width":800,"height":500,"caption":"Transam\u00e9rica Mococa 93,3"},"image":{"@id":"https:\/\/transamerica93.com.br\/home\/#\/schema\/logo\/image\/"},"sameAs":["https:\/\/www.facebook.com\/transamericamococa","https:\/\/x.com\/transamerica933","https:\/\/www.instagram.com\/transamericamococa"]},{"@type":"Person","@id":"https:\/\/transamerica93.com.br\/home\/#\/schema\/person\/7fed7c99c0d4562efa8561bc0f543172","name":"Reda\u00e7\u00e3o","image":{"@type":"ImageObject","inLanguage":"pt-BR","@id":"https:\/\/secure.gravatar.com\/avatar\/1072c6b775fb02ef8506ce967551d95926669a6b7d2c2147b42eea4d7c68395e?s=96&d=mm&r=g","url":"https:\/\/secure.gravatar.com\/avatar\/1072c6b775fb02ef8506ce967551d95926669a6b7d2c2147b42eea4d7c68395e?s=96&d=mm&r=g","contentUrl":"https:\/\/secure.gravatar.com\/avatar\/1072c6b775fb02ef8506ce967551d95926669a6b7d2c2147b42eea4d7c68395e?s=96&d=mm&r=g","caption":"Reda\u00e7\u00e3o"},"sameAs":["https:\/\/transamerica93.com.br\/home"],"url":"https:\/\/transamerica93.com.br\/home\/author\/william\/"}]}},"_links":{"self":[{"href":"https:\/\/transamerica93.com.br\/home\/wp-json\/wp\/v2\/posts\/5262","targetHints":{"allow":["GET"]}}],"collection":[{"href":"https:\/\/transamerica93.com.br\/home\/wp-json\/wp\/v2\/posts"}],"about":[{"href":"https:\/\/transamerica93.com.br\/home\/wp-json\/wp\/v2\/types\/post"}],"author":[{"embeddable":true,"href":"https:\/\/transamerica93.com.br\/home\/wp-json\/wp\/v2\/users\/1"}],"replies":[{"embeddable":true,"href":"https:\/\/transamerica93.com.br\/home\/wp-json\/wp\/v2\/comments?post=5262"}],"version-history":[{"count":1,"href":"https:\/\/transamerica93.com.br\/home\/wp-json\/wp\/v2\/posts\/5262\/revisions"}],"predecessor-version":[{"id":5264,"href":"https:\/\/transamerica93.com.br\/home\/wp-json\/wp\/v2\/posts\/5262\/revisions\/5264"}],"wp:featuredmedia":[{"embeddable":true,"href":"https:\/\/transamerica93.com.br\/home\/wp-json\/wp\/v2\/media\/5263"}],"wp:attachment":[{"href":"https:\/\/transamerica93.com.br\/home\/wp-json\/wp\/v2\/media?parent=5262"}],"wp:term":[{"taxonomy":"category","embeddable":true,"href":"https:\/\/transamerica93.com.br\/home\/wp-json\/wp\/v2\/categories?post=5262"},{"taxonomy":"post_tag","embeddable":true,"href":"https:\/\/transamerica93.com.br\/home\/wp-json\/wp\/v2\/tags?post=5262"}],"curies":[{"name":"wp","href":"https:\/\/api.w.org\/{rel}","templated":true}]}}