{"id":5268,"date":"2025-04-28T15:00:17","date_gmt":"2025-04-28T18:00:17","guid":{"rendered":"https:\/\/transamerica93.com.br\/home\/?p=5268"},"modified":"2025-05-01T23:11:27","modified_gmt":"2025-05-02T02:11:27","slug":"lexa-fala-sobre-luto-dois-meses-apos-perder-a-filha-sofia-carregando-saudade","status":"publish","type":"post","link":"https:\/\/transamerica93.com.br\/home\/lexa-fala-sobre-luto-dois-meses-apos-perder-a-filha-sofia-carregando-saudade\/","title":{"rendered":"Lexa fala sobre luto dois meses ap\u00f3s perder a filha Sofia: &#8216;Carregando saudade&#8217;"},"content":{"rendered":"<div id=\"Corpo\">\n<h6 class=\"Assina\">Por Reda\u00e7\u00e3o E+<\/h6>\n<p>Lexa compartilhou nas redes sociais uma nova mensagem sobre o processo de luto pela perda da filha Sofia, fruto da rela\u00e7\u00e3o com Ricardo Vianna.<\/p>\n<p>Dois meses ap\u00f3s a morte da beb\u00ea, a cantora postou um texto nos Stories do Instagram que descreve o sentimento atual: &#8220;Ningu\u00e9m te conta, mas sobreviver ao luto n\u00e3o \u00e9 sobre ser forte o tempo todo&#8230; \u00e9 sobre achar pequenas brechas pra ser feliz, mesmo carregando a saudade&#8221;.<\/p>\n<p>Sofia nasceu prematura no dia 2 de fevereiro e morreu tr\u00eas dias depois. A beb\u00ea n\u00e3o resistiu \u00e0s complica\u00e7\u00f5es provocadas pela pr\u00e9-ecl\u00e2mpsia precoce e pela s\u00edndrome de HELLP, diagnosticadas em Lexa ainda durante a gravidez. A cantora ficou internada por 17 dias no Hospital e Maternidade Santa Joana, em S\u00e3o Paulo.<\/p>\n<p>No an\u00fancio feito em fevereiro, Lexa relatou ter vivido &#8220;os dias mais dif\u00edceis da minha vida&#8221; e explicou que a gravidade do quadro surpreendeu os m\u00e9dicos, apesar do acompanhamento pr\u00e9-natal.<\/p>\n<p>Desde a perda, Lexa compartilha com o p\u00fablico momentos de seu processo de recupera\u00e7\u00e3o emocional. Em mar\u00e7o, ela desabafou sobre o desafio de atravessar o puerp\u00e9rio sem a filha e agradeceu o apoio dos f\u00e3s, familiares e amigos.<\/p>\n<p>No relato mais recente, a cantora refor\u00e7ou que, mesmo convivendo com a saudade, busca momentos de felicidade em sua rotina. &#8220;Minha filha sempre estar\u00e1 comigo&#8221;, declarou.<\/p><\/div>\n","protected":false},"excerpt":{"rendered":"<p>Por Reda\u00e7\u00e3o E+ Lexa compartilhou nas redes sociais uma nova mensagem sobre o processo de luto pela perda da filha Sofia, fruto da rela\u00e7\u00e3o com Ricardo Vianna. Dois meses ap\u00f3s a morte da beb\u00ea, a cantora postou um texto nos Stories do Instagram que descreve o sentimento atual: &#8220;Ningu\u00e9m te conta, mas sobreviver ao luto &hellip;<\/p>\n","protected":false},"author":1,"featured_media":5269,"comment_status":"closed","ping_status":"closed","sticky":false,"template":"","format":"standard","meta":{"footnotes":""},"categories":[25],"tags":[],"class_list":["post-5268","post","type-post","status-publish","format-standard","has-post-thumbnail","hentry","category-musica"],"yoast_head":"<!-- This site is optimized with the Yoast SEO plugin v27.4 - https:\/\/yoast.com\/product\/yoast-seo-wordpress\/ -->\n<title>Lexa fala sobre luto dois meses ap\u00f3s perder a filha Sofia: &#039;Carregando saudade&#039; - Transam\u00e9rica Mococa 93,3<\/title>\n<meta name=\"robots\" content=\"index, follow, max-snippet:-1, max-image-preview:large, max-video-preview:-1\" \/>\n<link rel=\"canonical\" href=\"https:\/\/transamerica93.com.br\/home\/lexa-fala-sobre-luto-dois-meses-apos-perder-a-filha-sofia-carregando-saudade\/\" \/>\n<meta property=\"og:locale\" content=\"pt_BR\" \/>\n<meta property=\"og:type\" content=\"article\" \/>\n<meta property=\"og:title\" content=\"Lexa fala sobre luto dois meses ap\u00f3s perder a filha Sofia: &#039;Carregando saudade&#039; - Transam\u00e9rica Mococa 93,3\" \/>\n<meta property=\"og:description\" content=\"Por Reda\u00e7\u00e3o E+ Lexa compartilhou nas redes sociais uma nova mensagem sobre o processo de luto pela perda da filha Sofia, fruto da rela\u00e7\u00e3o com Ricardo Vianna. Dois meses ap\u00f3s a morte da beb\u00ea, a cantora postou um texto nos Stories do Instagram que descreve o sentimento atual: &#8220;Ningu\u00e9m te conta, mas sobreviver ao luto &hellip;\" \/>\n<meta property=\"og:url\" content=\"https:\/\/transamerica93.com.br\/home\/lexa-fala-sobre-luto-dois-meses-apos-perder-a-filha-sofia-carregando-saudade\/\" \/>\n<meta property=\"og:site_name\" content=\"Transam\u00e9rica Mococa 93,3\" \/>\n<meta property=\"article:publisher\" content=\"https:\/\/www.facebook.com\/transamericamococa\" \/>\n<meta property=\"article:published_time\" content=\"2025-04-28T18:00:17+00:00\" \/>\n<meta property=\"article:modified_time\" content=\"2025-05-02T02:11:27+00:00\" \/>\n<meta property=\"og:image\" content=\"https:\/\/transamerica93.com.br\/home\/wp-content\/uploads\/2025\/05\/1-2.jpg\" \/>\n\t<meta property=\"og:image:width\" content=\"1200\" \/>\n\t<meta property=\"og:image:height\" content=\"720\" \/>\n\t<meta property=\"og:image:type\" content=\"image\/jpeg\" \/>\n<meta name=\"author\" content=\"Reda\u00e7\u00e3o\" \/>\n<meta name=\"twitter:card\" content=\"summary_large_image\" \/>\n<meta name=\"twitter:creator\" content=\"@transamerica933\" \/>\n<meta name=\"twitter:site\" content=\"@transamerica933\" \/>\n<meta name=\"twitter:label1\" content=\"Escrito por\" \/>\n\t<meta name=\"twitter:data1\" content=\"Reda\u00e7\u00e3o\" \/>\n\t<meta name=\"twitter:label2\" content=\"Est. tempo de leitura\" \/>\n\t<meta name=\"twitter:data2\" content=\"2 minutos\" \/>\n<script type=\"application\/ld+json\" class=\"yoast-schema-graph\">{\"@context\":\"https:\\\/\\\/schema.org\",\"@graph\":[{\"@type\":\"Article\",\"@id\":\"https:\\\/\\\/transamerica93.com.br\\\/home\\\/lexa-fala-sobre-luto-dois-meses-apos-perder-a-filha-sofia-carregando-saudade\\\/#article\",\"isPartOf\":{\"@id\":\"https:\\\/\\\/transamerica93.com.br\\\/home\\\/lexa-fala-sobre-luto-dois-meses-apos-perder-a-filha-sofia-carregando-saudade\\\/\"},\"author\":{\"name\":\"Reda\u00e7\u00e3o\",\"@id\":\"https:\\\/\\\/transamerica93.com.br\\\/home\\\/#\\\/schema\\\/person\\\/7fed7c99c0d4562efa8561bc0f543172\"},\"headline\":\"Lexa fala sobre luto dois meses ap\u00f3s perder a filha Sofia: &#8216;Carregando saudade&#8217;\",\"datePublished\":\"2025-04-28T18:00:17+00:00\",\"dateModified\":\"2025-05-02T02:11:27+00:00\",\"mainEntityOfPage\":{\"@id\":\"https:\\\/\\\/transamerica93.com.br\\\/home\\\/lexa-fala-sobre-luto-dois-meses-apos-perder-a-filha-sofia-carregando-saudade\\\/\"},\"wordCount\":252,\"publisher\":{\"@id\":\"https:\\\/\\\/transamerica93.com.br\\\/home\\\/#organization\"},\"image\":{\"@id\":\"https:\\\/\\\/transamerica93.com.br\\\/home\\\/lexa-fala-sobre-luto-dois-meses-apos-perder-a-filha-sofia-carregando-saudade\\\/#primaryimage\"},\"thumbnailUrl\":\"https:\\\/\\\/transamerica93.com.br\\\/home\\\/wp-content\\\/uploads\\\/2025\\\/05\\\/1-2.jpg\",\"articleSection\":[\"M\u00fasica\"],\"inLanguage\":\"pt-BR\"},{\"@type\":\"WebPage\",\"@id\":\"https:\\\/\\\/transamerica93.com.br\\\/home\\\/lexa-fala-sobre-luto-dois-meses-apos-perder-a-filha-sofia-carregando-saudade\\\/\",\"url\":\"https:\\\/\\\/transamerica93.com.br\\\/home\\\/lexa-fala-sobre-luto-dois-meses-apos-perder-a-filha-sofia-carregando-saudade\\\/\",\"name\":\"Lexa fala sobre luto dois meses ap\u00f3s perder a filha Sofia: 'Carregando saudade' - Transam\u00e9rica Mococa 93,3\",\"isPartOf\":{\"@id\":\"https:\\\/\\\/transamerica93.com.br\\\/home\\\/#website\"},\"primaryImageOfPage\":{\"@id\":\"https:\\\/\\\/transamerica93.com.br\\\/home\\\/lexa-fala-sobre-luto-dois-meses-apos-perder-a-filha-sofia-carregando-saudade\\\/#primaryimage\"},\"image\":{\"@id\":\"https:\\\/\\\/transamerica93.com.br\\\/home\\\/lexa-fala-sobre-luto-dois-meses-apos-perder-a-filha-sofia-carregando-saudade\\\/#primaryimage\"},\"thumbnailUrl\":\"https:\\\/\\\/transamerica93.com.br\\\/home\\\/wp-content\\\/uploads\\\/2025\\\/05\\\/1-2.jpg\",\"datePublished\":\"2025-04-28T18:00:17+00:00\",\"dateModified\":\"2025-05-02T02:11:27+00:00\",\"breadcrumb\":{\"@id\":\"https:\\\/\\\/transamerica93.com.br\\\/home\\\/lexa-fala-sobre-luto-dois-meses-apos-perder-a-filha-sofia-carregando-saudade\\\/#breadcrumb\"},\"inLanguage\":\"pt-BR\",\"potentialAction\":[{\"@type\":\"ReadAction\",\"target\":[\"https:\\\/\\\/transamerica93.com.br\\\/home\\\/lexa-fala-sobre-luto-dois-meses-apos-perder-a-filha-sofia-carregando-saudade\\\/\"]}]},{\"@type\":\"ImageObject\",\"inLanguage\":\"pt-BR\",\"@id\":\"https:\\\/\\\/transamerica93.com.br\\\/home\\\/lexa-fala-sobre-luto-dois-meses-apos-perder-a-filha-sofia-carregando-saudade\\\/#primaryimage\",\"url\":\"https:\\\/\\\/transamerica93.com.br\\\/home\\\/wp-content\\\/uploads\\\/2025\\\/05\\\/1-2.jpg\",\"contentUrl\":\"https:\\\/\\\/transamerica93.com.br\\\/home\\\/wp-content\\\/uploads\\\/2025\\\/05\\\/1-2.jpg\",\"width\":1200,\"height\":720},{\"@type\":\"BreadcrumbList\",\"@id\":\"https:\\\/\\\/transamerica93.com.br\\\/home\\\/lexa-fala-sobre-luto-dois-meses-apos-perder-a-filha-sofia-carregando-saudade\\\/#breadcrumb\",\"itemListElement\":[{\"@type\":\"ListItem\",\"position\":1,\"name\":\"In\u00edcio\",\"item\":\"https:\\\/\\\/transamerica93.com.br\\\/home\\\/\"},{\"@type\":\"ListItem\",\"position\":2,\"name\":\"Lexa fala sobre luto dois meses ap\u00f3s perder a filha Sofia: &#8216;Carregando saudade&#8217;\"}]},{\"@type\":\"WebSite\",\"@id\":\"https:\\\/\\\/transamerica93.com.br\\\/home\\\/#website\",\"url\":\"https:\\\/\\\/transamerica93.com.br\\\/home\\\/\",\"name\":\"Transam\u00e9rica Mococa 93,3\",\"description\":\"\",\"publisher\":{\"@id\":\"https:\\\/\\\/transamerica93.com.br\\\/home\\\/#organization\"},\"potentialAction\":[{\"@type\":\"SearchAction\",\"target\":{\"@type\":\"EntryPoint\",\"urlTemplate\":\"https:\\\/\\\/transamerica93.com.br\\\/home\\\/?s={search_term_string}\"},\"query-input\":{\"@type\":\"PropertyValueSpecification\",\"valueRequired\":true,\"valueName\":\"search_term_string\"}}],\"inLanguage\":\"pt-BR\"},{\"@type\":\"Organization\",\"@id\":\"https:\\\/\\\/transamerica93.com.br\\\/home\\\/#organization\",\"name\":\"Transam\u00e9rica Mococa 93,3\",\"url\":\"https:\\\/\\\/transamerica93.com.br\\\/home\\\/\",\"logo\":{\"@type\":\"ImageObject\",\"inLanguage\":\"pt-BR\",\"@id\":\"https:\\\/\\\/transamerica93.com.br\\\/home\\\/#\\\/schema\\\/logo\\\/image\\\/\",\"url\":\"https:\\\/\\\/transamerica93.com.br\\\/home\\\/wp-content\\\/uploads\\\/2023\\\/10\\\/logo2.png\",\"contentUrl\":\"https:\\\/\\\/transamerica93.com.br\\\/home\\\/wp-content\\\/uploads\\\/2023\\\/10\\\/logo2.png\",\"width\":800,\"height\":500,\"caption\":\"Transam\u00e9rica Mococa 93,3\"},\"image\":{\"@id\":\"https:\\\/\\\/transamerica93.com.br\\\/home\\\/#\\\/schema\\\/logo\\\/image\\\/\"},\"sameAs\":[\"https:\\\/\\\/www.facebook.com\\\/transamericamococa\",\"https:\\\/\\\/x.com\\\/transamerica933\",\"https:\\\/\\\/www.instagram.com\\\/transamericamococa\"]},{\"@type\":\"Person\",\"@id\":\"https:\\\/\\\/transamerica93.com.br\\\/home\\\/#\\\/schema\\\/person\\\/7fed7c99c0d4562efa8561bc0f543172\",\"name\":\"Reda\u00e7\u00e3o\",\"image\":{\"@type\":\"ImageObject\",\"inLanguage\":\"pt-BR\",\"@id\":\"https:\\\/\\\/secure.gravatar.com\\\/avatar\\\/1072c6b775fb02ef8506ce967551d95926669a6b7d2c2147b42eea4d7c68395e?s=96&d=mm&r=g\",\"url\":\"https:\\\/\\\/secure.gravatar.com\\\/avatar\\\/1072c6b775fb02ef8506ce967551d95926669a6b7d2c2147b42eea4d7c68395e?s=96&d=mm&r=g\",\"contentUrl\":\"https:\\\/\\\/secure.gravatar.com\\\/avatar\\\/1072c6b775fb02ef8506ce967551d95926669a6b7d2c2147b42eea4d7c68395e?s=96&d=mm&r=g\",\"caption\":\"Reda\u00e7\u00e3o\"},\"sameAs\":[\"https:\\\/\\\/transamerica93.com.br\\\/home\"],\"url\":\"https:\\\/\\\/transamerica93.com.br\\\/home\\\/author\\\/william\\\/\"}]}<\/script>\n<!-- \/ Yoast SEO plugin. -->","yoast_head_json":{"title":"Lexa fala sobre luto dois meses ap\u00f3s perder a filha Sofia: 'Carregando saudade' - Transam\u00e9rica Mococa 93,3","robots":{"index":"index","follow":"follow","max-snippet":"max-snippet:-1","max-image-preview":"max-image-preview:large","max-video-preview":"max-video-preview:-1"},"canonical":"https:\/\/transamerica93.com.br\/home\/lexa-fala-sobre-luto-dois-meses-apos-perder-a-filha-sofia-carregando-saudade\/","og_locale":"pt_BR","og_type":"article","og_title":"Lexa fala sobre luto dois meses ap\u00f3s perder a filha Sofia: 'Carregando saudade' - Transam\u00e9rica Mococa 93,3","og_description":"Por Reda\u00e7\u00e3o E+ Lexa compartilhou nas redes sociais uma nova mensagem sobre o processo de luto pela perda da filha Sofia, fruto da rela\u00e7\u00e3o com Ricardo Vianna. Dois meses ap\u00f3s a morte da beb\u00ea, a cantora postou um texto nos Stories do Instagram que descreve o sentimento atual: &#8220;Ningu\u00e9m te conta, mas sobreviver ao luto &hellip;","og_url":"https:\/\/transamerica93.com.br\/home\/lexa-fala-sobre-luto-dois-meses-apos-perder-a-filha-sofia-carregando-saudade\/","og_site_name":"Transam\u00e9rica Mococa 93,3","article_publisher":"https:\/\/www.facebook.com\/transamericamococa","article_published_time":"2025-04-28T18:00:17+00:00","article_modified_time":"2025-05-02T02:11:27+00:00","og_image":[{"width":1200,"height":720,"url":"https:\/\/transamerica93.com.br\/home\/wp-content\/uploads\/2025\/05\/1-2.jpg","type":"image\/jpeg"}],"author":"Reda\u00e7\u00e3o","twitter_card":"summary_large_image","twitter_creator":"@transamerica933","twitter_site":"@transamerica933","twitter_misc":{"Escrito por":"Reda\u00e7\u00e3o","Est. tempo de leitura":"2 minutos"},"schema":{"@context":"https:\/\/schema.org","@graph":[{"@type":"Article","@id":"https:\/\/transamerica93.com.br\/home\/lexa-fala-sobre-luto-dois-meses-apos-perder-a-filha-sofia-carregando-saudade\/#article","isPartOf":{"@id":"https:\/\/transamerica93.com.br\/home\/lexa-fala-sobre-luto-dois-meses-apos-perder-a-filha-sofia-carregando-saudade\/"},"author":{"name":"Reda\u00e7\u00e3o","@id":"https:\/\/transamerica93.com.br\/home\/#\/schema\/person\/7fed7c99c0d4562efa8561bc0f543172"},"headline":"Lexa fala sobre luto dois meses ap\u00f3s perder a filha Sofia: &#8216;Carregando saudade&#8217;","datePublished":"2025-04-28T18:00:17+00:00","dateModified":"2025-05-02T02:11:27+00:00","mainEntityOfPage":{"@id":"https:\/\/transamerica93.com.br\/home\/lexa-fala-sobre-luto-dois-meses-apos-perder-a-filha-sofia-carregando-saudade\/"},"wordCount":252,"publisher":{"@id":"https:\/\/transamerica93.com.br\/home\/#organization"},"image":{"@id":"https:\/\/transamerica93.com.br\/home\/lexa-fala-sobre-luto-dois-meses-apos-perder-a-filha-sofia-carregando-saudade\/#primaryimage"},"thumbnailUrl":"https:\/\/transamerica93.com.br\/home\/wp-content\/uploads\/2025\/05\/1-2.jpg","articleSection":["M\u00fasica"],"inLanguage":"pt-BR"},{"@type":"WebPage","@id":"https:\/\/transamerica93.com.br\/home\/lexa-fala-sobre-luto-dois-meses-apos-perder-a-filha-sofia-carregando-saudade\/","url":"https:\/\/transamerica93.com.br\/home\/lexa-fala-sobre-luto-dois-meses-apos-perder-a-filha-sofia-carregando-saudade\/","name":"Lexa fala sobre luto dois meses ap\u00f3s perder a filha Sofia: 'Carregando saudade' - Transam\u00e9rica Mococa 93,3","isPartOf":{"@id":"https:\/\/transamerica93.com.br\/home\/#website"},"primaryImageOfPage":{"@id":"https:\/\/transamerica93.com.br\/home\/lexa-fala-sobre-luto-dois-meses-apos-perder-a-filha-sofia-carregando-saudade\/#primaryimage"},"image":{"@id":"https:\/\/transamerica93.com.br\/home\/lexa-fala-sobre-luto-dois-meses-apos-perder-a-filha-sofia-carregando-saudade\/#primaryimage"},"thumbnailUrl":"https:\/\/transamerica93.com.br\/home\/wp-content\/uploads\/2025\/05\/1-2.jpg","datePublished":"2025-04-28T18:00:17+00:00","dateModified":"2025-05-02T02:11:27+00:00","breadcrumb":{"@id":"https:\/\/transamerica93.com.br\/home\/lexa-fala-sobre-luto-dois-meses-apos-perder-a-filha-sofia-carregando-saudade\/#breadcrumb"},"inLanguage":"pt-BR","potentialAction":[{"@type":"ReadAction","target":["https:\/\/transamerica93.com.br\/home\/lexa-fala-sobre-luto-dois-meses-apos-perder-a-filha-sofia-carregando-saudade\/"]}]},{"@type":"ImageObject","inLanguage":"pt-BR","@id":"https:\/\/transamerica93.com.br\/home\/lexa-fala-sobre-luto-dois-meses-apos-perder-a-filha-sofia-carregando-saudade\/#primaryimage","url":"https:\/\/transamerica93.com.br\/home\/wp-content\/uploads\/2025\/05\/1-2.jpg","contentUrl":"https:\/\/transamerica93.com.br\/home\/wp-content\/uploads\/2025\/05\/1-2.jpg","width":1200,"height":720},{"@type":"BreadcrumbList","@id":"https:\/\/transamerica93.com.br\/home\/lexa-fala-sobre-luto-dois-meses-apos-perder-a-filha-sofia-carregando-saudade\/#breadcrumb","itemListElement":[{"@type":"ListItem","position":1,"name":"In\u00edcio","item":"https:\/\/transamerica93.com.br\/home\/"},{"@type":"ListItem","position":2,"name":"Lexa fala sobre luto dois meses ap\u00f3s perder a filha Sofia: &#8216;Carregando saudade&#8217;"}]},{"@type":"WebSite","@id":"https:\/\/transamerica93.com.br\/home\/#website","url":"https:\/\/transamerica93.com.br\/home\/","name":"Transam\u00e9rica Mococa 93,3","description":"","publisher":{"@id":"https:\/\/transamerica93.com.br\/home\/#organization"},"potentialAction":[{"@type":"SearchAction","target":{"@type":"EntryPoint","urlTemplate":"https:\/\/transamerica93.com.br\/home\/?s={search_term_string}"},"query-input":{"@type":"PropertyValueSpecification","valueRequired":true,"valueName":"search_term_string"}}],"inLanguage":"pt-BR"},{"@type":"Organization","@id":"https:\/\/transamerica93.com.br\/home\/#organization","name":"Transam\u00e9rica Mococa 93,3","url":"https:\/\/transamerica93.com.br\/home\/","logo":{"@type":"ImageObject","inLanguage":"pt-BR","@id":"https:\/\/transamerica93.com.br\/home\/#\/schema\/logo\/image\/","url":"https:\/\/transamerica93.com.br\/home\/wp-content\/uploads\/2023\/10\/logo2.png","contentUrl":"https:\/\/transamerica93.com.br\/home\/wp-content\/uploads\/2023\/10\/logo2.png","width":800,"height":500,"caption":"Transam\u00e9rica Mococa 93,3"},"image":{"@id":"https:\/\/transamerica93.com.br\/home\/#\/schema\/logo\/image\/"},"sameAs":["https:\/\/www.facebook.com\/transamericamococa","https:\/\/x.com\/transamerica933","https:\/\/www.instagram.com\/transamericamococa"]},{"@type":"Person","@id":"https:\/\/transamerica93.com.br\/home\/#\/schema\/person\/7fed7c99c0d4562efa8561bc0f543172","name":"Reda\u00e7\u00e3o","image":{"@type":"ImageObject","inLanguage":"pt-BR","@id":"https:\/\/secure.gravatar.com\/avatar\/1072c6b775fb02ef8506ce967551d95926669a6b7d2c2147b42eea4d7c68395e?s=96&d=mm&r=g","url":"https:\/\/secure.gravatar.com\/avatar\/1072c6b775fb02ef8506ce967551d95926669a6b7d2c2147b42eea4d7c68395e?s=96&d=mm&r=g","contentUrl":"https:\/\/secure.gravatar.com\/avatar\/1072c6b775fb02ef8506ce967551d95926669a6b7d2c2147b42eea4d7c68395e?s=96&d=mm&r=g","caption":"Reda\u00e7\u00e3o"},"sameAs":["https:\/\/transamerica93.com.br\/home"],"url":"https:\/\/transamerica93.com.br\/home\/author\/william\/"}]}},"_links":{"self":[{"href":"https:\/\/transamerica93.com.br\/home\/wp-json\/wp\/v2\/posts\/5268","targetHints":{"allow":["GET"]}}],"collection":[{"href":"https:\/\/transamerica93.com.br\/home\/wp-json\/wp\/v2\/posts"}],"about":[{"href":"https:\/\/transamerica93.com.br\/home\/wp-json\/wp\/v2\/types\/post"}],"author":[{"embeddable":true,"href":"https:\/\/transamerica93.com.br\/home\/wp-json\/wp\/v2\/users\/1"}],"replies":[{"embeddable":true,"href":"https:\/\/transamerica93.com.br\/home\/wp-json\/wp\/v2\/comments?post=5268"}],"version-history":[{"count":1,"href":"https:\/\/transamerica93.com.br\/home\/wp-json\/wp\/v2\/posts\/5268\/revisions"}],"predecessor-version":[{"id":5270,"href":"https:\/\/transamerica93.com.br\/home\/wp-json\/wp\/v2\/posts\/5268\/revisions\/5270"}],"wp:featuredmedia":[{"embeddable":true,"href":"https:\/\/transamerica93.com.br\/home\/wp-json\/wp\/v2\/media\/5269"}],"wp:attachment":[{"href":"https:\/\/transamerica93.com.br\/home\/wp-json\/wp\/v2\/media?parent=5268"}],"wp:term":[{"taxonomy":"category","embeddable":true,"href":"https:\/\/transamerica93.com.br\/home\/wp-json\/wp\/v2\/categories?post=5268"},{"taxonomy":"post_tag","embeddable":true,"href":"https:\/\/transamerica93.com.br\/home\/wp-json\/wp\/v2\/tags?post=5268"}],"curies":[{"name":"wp","href":"https:\/\/api.w.org\/{rel}","templated":true}]}}