{"id":5280,"date":"2025-04-29T12:00:49","date_gmt":"2025-04-29T15:00:49","guid":{"rendered":"https:\/\/transamerica93.com.br\/home\/?p=5280"},"modified":"2025-05-01T23:19:55","modified_gmt":"2025-05-02T02:19:55","slug":"pela-segunda-vez-final-unica-da-copa-libertadores-sera-em-lima","status":"publish","type":"post","link":"https:\/\/transamerica93.com.br\/home\/pela-segunda-vez-final-unica-da-copa-libertadores-sera-em-lima\/","title":{"rendered":"Pela segunda vez, final \u00fanica da Copa Libertadores ser\u00e1 em Lima"},"content":{"rendered":"<p>Lima ser\u00e1 a cidade-sede da final \u00fanica da Copa Libertadores de 2025, anunciou a Conmebol nesta segunda-feira (28). A decis\u00e3o do t\u00edtulo ser\u00e1 em 29 de novembro, mas o est\u00e1dio segue indefinido. A capital peruana foi eleita pela entidade entre outras duas concorrentes: Bras\u00edlia (DF) por ter o Est\u00e1dio Man\u00e9 Garricha, e Montevid\u00e9u que competia com o Est\u00e1dio Centen\u00e1rio.<img decoding=\"async\" data-src=\"https:\/\/agenciabrasil.ebc.com.br\/ebc.png?id=1640667&amp;o=node\" src=\"data:image\/svg+xml;base64,PHN2ZyB3aWR0aD0iMSIgaGVpZ2h0PSIxIiB4bWxucz0iaHR0cDovL3d3dy53My5vcmcvMjAwMC9zdmciPjwvc3ZnPg==\" class=\"lazyload\" \/><img decoding=\"async\" data-src=\"https:\/\/agenciabrasil.ebc.com.br\/ebc.gif?id=1640667&amp;o=node\" src=\"data:image\/svg+xml;base64,PHN2ZyB3aWR0aD0iMSIgaGVpZ2h0PSIxIiB4bWxucz0iaHR0cDovL3d3dy53My5vcmcvMjAwMC9zdmciPjwvc3ZnPg==\" class=\"lazyload\" \/><\/p>\n<p>Esta \u00e9 a segunda vez que a capital peruana receber\u00e1 a final da Libertadores. A primeira foi em 2019, quando o Flamengo conquistou o bicampeonato ao derrotar o River Plate (Argentina) por 2 a 1 no Est\u00e1dio Monumental \u201cU\u201d, do Club Universitario de Deportes, com capacidade para 80 mil torcedores. Na ocasi\u00e3o, Lima foi escolhida de \u00faltima hora: originalmente, a decis\u00e3o ocorreria em Santiago (Chile), mas devido a manifesta\u00e7\u00f5es sociais na \u00e9poca, a capital chilena desistiu do evento por quest\u00f5es de seguran\u00e7a p\u00fablica.<\/p>\n<p><iframe id=\"instagram-embed-0\" class=\"instagram-media instagram-media-rendered lazyload\" data-src=\"https:\/\/www.instagram.com\/reel\/DJAEvS6PQYx\/embed\/captioned\/?cr=1&amp;v=14&amp;wp=485&amp;rd=https%3A%2F%2Fagenciabrasil.ebc.com.br&amp;rp=%2Fesportes%2Fnoticia%2F2025-04%2Fpela-segunda-vez-final-unica-da-copa-libertadores-sera-em-lima#%7B%22ci%22%3A0%2C%22os%22%3A2199.7999999970198%2C%22ls%22%3A1719.2999999970198%2C%22le%22%3A1993.199999999255%7D\" height=\"1016\" frameborder=\"0\" scrolling=\"no\" allowfullscreen=\"allowfullscreen\" data-instgrm-payload-id=\"instagram-media-payload-0\" data-mce-fragment=\"1\" src=\"data:image\/svg+xml;base64,PHN2ZyB3aWR0aD0iMSIgaGVpZ2h0PSIxIiB4bWxucz0iaHR0cDovL3d3dy53My5vcmcvMjAwMC9zdmciPjwvc3ZnPg==\" data-load-mode=\"1\"><\/iframe><\/p>\n<p>Outra op\u00e7\u00e3o de est\u00e1dio em Lima \u00e9 o Nacional, com capacidade para cerca de 50 mil pessoas. O est\u00e1dio recebeu a maioria da partidas da sele\u00e7\u00e3o peruana nas Eliminat\u00f3rias da Copa do Mundo de 2026.<\/p>\n<p>No ano passado, a Conmebol definiu o est\u00e1dio do jogo final da Libertadores ap\u00f3s a realiza\u00e7\u00e3o das semifinais. Neste ano, as semis terminar\u00e3o em\u00a029 de outubro.<\/p>\n<p>A competi\u00e7\u00e3o teve in\u00edcio em 1\u00ba de abril, com a fase de grupos reunindo\u00a0com 32 times, divididos em oito grupos. Al\u00e9m de\u00a0Botafogo, atual campe\u00e3o da Libertadores, o torneio conta com outros seis clubes\u00a0brasileiros:\u00a0Palmeiras,\u00a0Flamengo,\u00a0Fortaleza,\u00a0Internacional,\u00a0S\u00e3o Paulo\u00a0e\u00a0Bahia.<\/p>\n","protected":false},"excerpt":{"rendered":"<p>Lima ser\u00e1 a cidade-sede da final \u00fanica da Copa Libertadores de 2025, anunciou a Conmebol nesta segunda-feira (28). A decis\u00e3o do t\u00edtulo ser\u00e1 em 29 de novembro, mas o est\u00e1dio segue indefinido. A capital peruana foi eleita pela entidade entre outras duas concorrentes: Bras\u00edlia (DF) por ter o Est\u00e1dio Man\u00e9 Garricha, e Montevid\u00e9u que competia &hellip;<\/p>\n","protected":false},"author":1,"featured_media":5281,"comment_status":"closed","ping_status":"closed","sticky":false,"template":"","format":"standard","meta":{"footnotes":""},"categories":[31],"tags":[],"class_list":["post-5280","post","type-post","status-publish","format-standard","has-post-thumbnail","hentry","category-esportes"],"yoast_head":"<!-- This site is optimized with the Yoast SEO plugin v27.4 - https:\/\/yoast.com\/product\/yoast-seo-wordpress\/ -->\n<title>Pela segunda vez, final \u00fanica da Copa Libertadores ser\u00e1 em Lima - Transam\u00e9rica Mococa 93,3<\/title>\n<meta name=\"robots\" content=\"index, follow, max-snippet:-1, max-image-preview:large, max-video-preview:-1\" \/>\n<link rel=\"canonical\" href=\"https:\/\/transamerica93.com.br\/home\/pela-segunda-vez-final-unica-da-copa-libertadores-sera-em-lima\/\" \/>\n<meta property=\"og:locale\" content=\"pt_BR\" \/>\n<meta property=\"og:type\" content=\"article\" \/>\n<meta property=\"og:title\" content=\"Pela segunda vez, final \u00fanica da Copa Libertadores ser\u00e1 em Lima - Transam\u00e9rica Mococa 93,3\" \/>\n<meta property=\"og:description\" content=\"Lima ser\u00e1 a cidade-sede da final \u00fanica da Copa Libertadores de 2025, anunciou a Conmebol nesta segunda-feira (28). A decis\u00e3o do t\u00edtulo ser\u00e1 em 29 de novembro, mas o est\u00e1dio segue indefinido. A capital peruana foi eleita pela entidade entre outras duas concorrentes: Bras\u00edlia (DF) por ter o Est\u00e1dio Man\u00e9 Garricha, e Montevid\u00e9u que competia &hellip;\" \/>\n<meta property=\"og:url\" content=\"https:\/\/transamerica93.com.br\/home\/pela-segunda-vez-final-unica-da-copa-libertadores-sera-em-lima\/\" \/>\n<meta property=\"og:site_name\" content=\"Transam\u00e9rica Mococa 93,3\" \/>\n<meta property=\"article:publisher\" content=\"https:\/\/www.facebook.com\/transamericamococa\" \/>\n<meta property=\"article:published_time\" content=\"2025-04-29T15:00:49+00:00\" \/>\n<meta property=\"article:modified_time\" content=\"2025-05-02T02:19:55+00:00\" \/>\n<meta property=\"og:image\" content=\"https:\/\/transamerica93.com.br\/home\/wp-content\/uploads\/2025\/05\/1-6.jpg\" \/>\n\t<meta property=\"og:image:width\" content=\"1170\" \/>\n\t<meta property=\"og:image:height\" content=\"700\" \/>\n\t<meta property=\"og:image:type\" content=\"image\/jpeg\" \/>\n<meta name=\"author\" content=\"Reda\u00e7\u00e3o\" \/>\n<meta name=\"twitter:card\" content=\"summary_large_image\" \/>\n<meta name=\"twitter:creator\" content=\"@transamerica933\" \/>\n<meta name=\"twitter:site\" content=\"@transamerica933\" \/>\n<meta name=\"twitter:label1\" content=\"Escrito por\" \/>\n\t<meta name=\"twitter:data1\" content=\"Reda\u00e7\u00e3o\" \/>\n\t<meta name=\"twitter:label2\" content=\"Est. tempo de leitura\" \/>\n\t<meta name=\"twitter:data2\" content=\"2 minutos\" \/>\n<script type=\"application\/ld+json\" class=\"yoast-schema-graph\">{\"@context\":\"https:\\\/\\\/schema.org\",\"@graph\":[{\"@type\":\"Article\",\"@id\":\"https:\\\/\\\/transamerica93.com.br\\\/home\\\/pela-segunda-vez-final-unica-da-copa-libertadores-sera-em-lima\\\/#article\",\"isPartOf\":{\"@id\":\"https:\\\/\\\/transamerica93.com.br\\\/home\\\/pela-segunda-vez-final-unica-da-copa-libertadores-sera-em-lima\\\/\"},\"author\":{\"name\":\"Reda\u00e7\u00e3o\",\"@id\":\"https:\\\/\\\/transamerica93.com.br\\\/home\\\/#\\\/schema\\\/person\\\/7fed7c99c0d4562efa8561bc0f543172\"},\"headline\":\"Pela segunda vez, final \u00fanica da Copa Libertadores ser\u00e1 em Lima\",\"datePublished\":\"2025-04-29T15:00:49+00:00\",\"dateModified\":\"2025-05-02T02:19:55+00:00\",\"mainEntityOfPage\":{\"@id\":\"https:\\\/\\\/transamerica93.com.br\\\/home\\\/pela-segunda-vez-final-unica-da-copa-libertadores-sera-em-lima\\\/\"},\"wordCount\":274,\"publisher\":{\"@id\":\"https:\\\/\\\/transamerica93.com.br\\\/home\\\/#organization\"},\"image\":{\"@id\":\"https:\\\/\\\/transamerica93.com.br\\\/home\\\/pela-segunda-vez-final-unica-da-copa-libertadores-sera-em-lima\\\/#primaryimage\"},\"thumbnailUrl\":\"https:\\\/\\\/transamerica93.com.br\\\/home\\\/wp-content\\\/uploads\\\/2025\\\/05\\\/1-6.jpg\",\"articleSection\":[\"Esportes\"],\"inLanguage\":\"pt-BR\"},{\"@type\":\"WebPage\",\"@id\":\"https:\\\/\\\/transamerica93.com.br\\\/home\\\/pela-segunda-vez-final-unica-da-copa-libertadores-sera-em-lima\\\/\",\"url\":\"https:\\\/\\\/transamerica93.com.br\\\/home\\\/pela-segunda-vez-final-unica-da-copa-libertadores-sera-em-lima\\\/\",\"name\":\"Pela segunda vez, final \u00fanica da Copa Libertadores ser\u00e1 em Lima - Transam\u00e9rica Mococa 93,3\",\"isPartOf\":{\"@id\":\"https:\\\/\\\/transamerica93.com.br\\\/home\\\/#website\"},\"primaryImageOfPage\":{\"@id\":\"https:\\\/\\\/transamerica93.com.br\\\/home\\\/pela-segunda-vez-final-unica-da-copa-libertadores-sera-em-lima\\\/#primaryimage\"},\"image\":{\"@id\":\"https:\\\/\\\/transamerica93.com.br\\\/home\\\/pela-segunda-vez-final-unica-da-copa-libertadores-sera-em-lima\\\/#primaryimage\"},\"thumbnailUrl\":\"https:\\\/\\\/transamerica93.com.br\\\/home\\\/wp-content\\\/uploads\\\/2025\\\/05\\\/1-6.jpg\",\"datePublished\":\"2025-04-29T15:00:49+00:00\",\"dateModified\":\"2025-05-02T02:19:55+00:00\",\"breadcrumb\":{\"@id\":\"https:\\\/\\\/transamerica93.com.br\\\/home\\\/pela-segunda-vez-final-unica-da-copa-libertadores-sera-em-lima\\\/#breadcrumb\"},\"inLanguage\":\"pt-BR\",\"potentialAction\":[{\"@type\":\"ReadAction\",\"target\":[\"https:\\\/\\\/transamerica93.com.br\\\/home\\\/pela-segunda-vez-final-unica-da-copa-libertadores-sera-em-lima\\\/\"]}]},{\"@type\":\"ImageObject\",\"inLanguage\":\"pt-BR\",\"@id\":\"https:\\\/\\\/transamerica93.com.br\\\/home\\\/pela-segunda-vez-final-unica-da-copa-libertadores-sera-em-lima\\\/#primaryimage\",\"url\":\"https:\\\/\\\/transamerica93.com.br\\\/home\\\/wp-content\\\/uploads\\\/2025\\\/05\\\/1-6.jpg\",\"contentUrl\":\"https:\\\/\\\/transamerica93.com.br\\\/home\\\/wp-content\\\/uploads\\\/2025\\\/05\\\/1-6.jpg\",\"width\":1170,\"height\":700},{\"@type\":\"BreadcrumbList\",\"@id\":\"https:\\\/\\\/transamerica93.com.br\\\/home\\\/pela-segunda-vez-final-unica-da-copa-libertadores-sera-em-lima\\\/#breadcrumb\",\"itemListElement\":[{\"@type\":\"ListItem\",\"position\":1,\"name\":\"In\u00edcio\",\"item\":\"https:\\\/\\\/transamerica93.com.br\\\/home\\\/\"},{\"@type\":\"ListItem\",\"position\":2,\"name\":\"Pela segunda vez, final \u00fanica da Copa Libertadores ser\u00e1 em Lima\"}]},{\"@type\":\"WebSite\",\"@id\":\"https:\\\/\\\/transamerica93.com.br\\\/home\\\/#website\",\"url\":\"https:\\\/\\\/transamerica93.com.br\\\/home\\\/\",\"name\":\"Transam\u00e9rica Mococa 93,3\",\"description\":\"\",\"publisher\":{\"@id\":\"https:\\\/\\\/transamerica93.com.br\\\/home\\\/#organization\"},\"potentialAction\":[{\"@type\":\"SearchAction\",\"target\":{\"@type\":\"EntryPoint\",\"urlTemplate\":\"https:\\\/\\\/transamerica93.com.br\\\/home\\\/?s={search_term_string}\"},\"query-input\":{\"@type\":\"PropertyValueSpecification\",\"valueRequired\":true,\"valueName\":\"search_term_string\"}}],\"inLanguage\":\"pt-BR\"},{\"@type\":\"Organization\",\"@id\":\"https:\\\/\\\/transamerica93.com.br\\\/home\\\/#organization\",\"name\":\"Transam\u00e9rica Mococa 93,3\",\"url\":\"https:\\\/\\\/transamerica93.com.br\\\/home\\\/\",\"logo\":{\"@type\":\"ImageObject\",\"inLanguage\":\"pt-BR\",\"@id\":\"https:\\\/\\\/transamerica93.com.br\\\/home\\\/#\\\/schema\\\/logo\\\/image\\\/\",\"url\":\"https:\\\/\\\/transamerica93.com.br\\\/home\\\/wp-content\\\/uploads\\\/2023\\\/10\\\/logo2.png\",\"contentUrl\":\"https:\\\/\\\/transamerica93.com.br\\\/home\\\/wp-content\\\/uploads\\\/2023\\\/10\\\/logo2.png\",\"width\":800,\"height\":500,\"caption\":\"Transam\u00e9rica Mococa 93,3\"},\"image\":{\"@id\":\"https:\\\/\\\/transamerica93.com.br\\\/home\\\/#\\\/schema\\\/logo\\\/image\\\/\"},\"sameAs\":[\"https:\\\/\\\/www.facebook.com\\\/transamericamococa\",\"https:\\\/\\\/x.com\\\/transamerica933\",\"https:\\\/\\\/www.instagram.com\\\/transamericamococa\"]},{\"@type\":\"Person\",\"@id\":\"https:\\\/\\\/transamerica93.com.br\\\/home\\\/#\\\/schema\\\/person\\\/7fed7c99c0d4562efa8561bc0f543172\",\"name\":\"Reda\u00e7\u00e3o\",\"image\":{\"@type\":\"ImageObject\",\"inLanguage\":\"pt-BR\",\"@id\":\"https:\\\/\\\/secure.gravatar.com\\\/avatar\\\/1072c6b775fb02ef8506ce967551d95926669a6b7d2c2147b42eea4d7c68395e?s=96&d=mm&r=g\",\"url\":\"https:\\\/\\\/secure.gravatar.com\\\/avatar\\\/1072c6b775fb02ef8506ce967551d95926669a6b7d2c2147b42eea4d7c68395e?s=96&d=mm&r=g\",\"contentUrl\":\"https:\\\/\\\/secure.gravatar.com\\\/avatar\\\/1072c6b775fb02ef8506ce967551d95926669a6b7d2c2147b42eea4d7c68395e?s=96&d=mm&r=g\",\"caption\":\"Reda\u00e7\u00e3o\"},\"sameAs\":[\"https:\\\/\\\/transamerica93.com.br\\\/home\"],\"url\":\"https:\\\/\\\/transamerica93.com.br\\\/home\\\/author\\\/william\\\/\"}]}<\/script>\n<!-- \/ Yoast SEO plugin. -->","yoast_head_json":{"title":"Pela segunda vez, final \u00fanica da Copa Libertadores ser\u00e1 em Lima - Transam\u00e9rica Mococa 93,3","robots":{"index":"index","follow":"follow","max-snippet":"max-snippet:-1","max-image-preview":"max-image-preview:large","max-video-preview":"max-video-preview:-1"},"canonical":"https:\/\/transamerica93.com.br\/home\/pela-segunda-vez-final-unica-da-copa-libertadores-sera-em-lima\/","og_locale":"pt_BR","og_type":"article","og_title":"Pela segunda vez, final \u00fanica da Copa Libertadores ser\u00e1 em Lima - Transam\u00e9rica Mococa 93,3","og_description":"Lima ser\u00e1 a cidade-sede da final \u00fanica da Copa Libertadores de 2025, anunciou a Conmebol nesta segunda-feira (28). A decis\u00e3o do t\u00edtulo ser\u00e1 em 29 de novembro, mas o est\u00e1dio segue indefinido. A capital peruana foi eleita pela entidade entre outras duas concorrentes: Bras\u00edlia (DF) por ter o Est\u00e1dio Man\u00e9 Garricha, e Montevid\u00e9u que competia &hellip;","og_url":"https:\/\/transamerica93.com.br\/home\/pela-segunda-vez-final-unica-da-copa-libertadores-sera-em-lima\/","og_site_name":"Transam\u00e9rica Mococa 93,3","article_publisher":"https:\/\/www.facebook.com\/transamericamococa","article_published_time":"2025-04-29T15:00:49+00:00","article_modified_time":"2025-05-02T02:19:55+00:00","og_image":[{"width":1170,"height":700,"url":"https:\/\/transamerica93.com.br\/home\/wp-content\/uploads\/2025\/05\/1-6.jpg","type":"image\/jpeg"}],"author":"Reda\u00e7\u00e3o","twitter_card":"summary_large_image","twitter_creator":"@transamerica933","twitter_site":"@transamerica933","twitter_misc":{"Escrito por":"Reda\u00e7\u00e3o","Est. tempo de leitura":"2 minutos"},"schema":{"@context":"https:\/\/schema.org","@graph":[{"@type":"Article","@id":"https:\/\/transamerica93.com.br\/home\/pela-segunda-vez-final-unica-da-copa-libertadores-sera-em-lima\/#article","isPartOf":{"@id":"https:\/\/transamerica93.com.br\/home\/pela-segunda-vez-final-unica-da-copa-libertadores-sera-em-lima\/"},"author":{"name":"Reda\u00e7\u00e3o","@id":"https:\/\/transamerica93.com.br\/home\/#\/schema\/person\/7fed7c99c0d4562efa8561bc0f543172"},"headline":"Pela segunda vez, final \u00fanica da Copa Libertadores ser\u00e1 em Lima","datePublished":"2025-04-29T15:00:49+00:00","dateModified":"2025-05-02T02:19:55+00:00","mainEntityOfPage":{"@id":"https:\/\/transamerica93.com.br\/home\/pela-segunda-vez-final-unica-da-copa-libertadores-sera-em-lima\/"},"wordCount":274,"publisher":{"@id":"https:\/\/transamerica93.com.br\/home\/#organization"},"image":{"@id":"https:\/\/transamerica93.com.br\/home\/pela-segunda-vez-final-unica-da-copa-libertadores-sera-em-lima\/#primaryimage"},"thumbnailUrl":"https:\/\/transamerica93.com.br\/home\/wp-content\/uploads\/2025\/05\/1-6.jpg","articleSection":["Esportes"],"inLanguage":"pt-BR"},{"@type":"WebPage","@id":"https:\/\/transamerica93.com.br\/home\/pela-segunda-vez-final-unica-da-copa-libertadores-sera-em-lima\/","url":"https:\/\/transamerica93.com.br\/home\/pela-segunda-vez-final-unica-da-copa-libertadores-sera-em-lima\/","name":"Pela segunda vez, final \u00fanica da Copa Libertadores ser\u00e1 em Lima - Transam\u00e9rica Mococa 93,3","isPartOf":{"@id":"https:\/\/transamerica93.com.br\/home\/#website"},"primaryImageOfPage":{"@id":"https:\/\/transamerica93.com.br\/home\/pela-segunda-vez-final-unica-da-copa-libertadores-sera-em-lima\/#primaryimage"},"image":{"@id":"https:\/\/transamerica93.com.br\/home\/pela-segunda-vez-final-unica-da-copa-libertadores-sera-em-lima\/#primaryimage"},"thumbnailUrl":"https:\/\/transamerica93.com.br\/home\/wp-content\/uploads\/2025\/05\/1-6.jpg","datePublished":"2025-04-29T15:00:49+00:00","dateModified":"2025-05-02T02:19:55+00:00","breadcrumb":{"@id":"https:\/\/transamerica93.com.br\/home\/pela-segunda-vez-final-unica-da-copa-libertadores-sera-em-lima\/#breadcrumb"},"inLanguage":"pt-BR","potentialAction":[{"@type":"ReadAction","target":["https:\/\/transamerica93.com.br\/home\/pela-segunda-vez-final-unica-da-copa-libertadores-sera-em-lima\/"]}]},{"@type":"ImageObject","inLanguage":"pt-BR","@id":"https:\/\/transamerica93.com.br\/home\/pela-segunda-vez-final-unica-da-copa-libertadores-sera-em-lima\/#primaryimage","url":"https:\/\/transamerica93.com.br\/home\/wp-content\/uploads\/2025\/05\/1-6.jpg","contentUrl":"https:\/\/transamerica93.com.br\/home\/wp-content\/uploads\/2025\/05\/1-6.jpg","width":1170,"height":700},{"@type":"BreadcrumbList","@id":"https:\/\/transamerica93.com.br\/home\/pela-segunda-vez-final-unica-da-copa-libertadores-sera-em-lima\/#breadcrumb","itemListElement":[{"@type":"ListItem","position":1,"name":"In\u00edcio","item":"https:\/\/transamerica93.com.br\/home\/"},{"@type":"ListItem","position":2,"name":"Pela segunda vez, final \u00fanica da Copa Libertadores ser\u00e1 em Lima"}]},{"@type":"WebSite","@id":"https:\/\/transamerica93.com.br\/home\/#website","url":"https:\/\/transamerica93.com.br\/home\/","name":"Transam\u00e9rica Mococa 93,3","description":"","publisher":{"@id":"https:\/\/transamerica93.com.br\/home\/#organization"},"potentialAction":[{"@type":"SearchAction","target":{"@type":"EntryPoint","urlTemplate":"https:\/\/transamerica93.com.br\/home\/?s={search_term_string}"},"query-input":{"@type":"PropertyValueSpecification","valueRequired":true,"valueName":"search_term_string"}}],"inLanguage":"pt-BR"},{"@type":"Organization","@id":"https:\/\/transamerica93.com.br\/home\/#organization","name":"Transam\u00e9rica Mococa 93,3","url":"https:\/\/transamerica93.com.br\/home\/","logo":{"@type":"ImageObject","inLanguage":"pt-BR","@id":"https:\/\/transamerica93.com.br\/home\/#\/schema\/logo\/image\/","url":"https:\/\/transamerica93.com.br\/home\/wp-content\/uploads\/2023\/10\/logo2.png","contentUrl":"https:\/\/transamerica93.com.br\/home\/wp-content\/uploads\/2023\/10\/logo2.png","width":800,"height":500,"caption":"Transam\u00e9rica Mococa 93,3"},"image":{"@id":"https:\/\/transamerica93.com.br\/home\/#\/schema\/logo\/image\/"},"sameAs":["https:\/\/www.facebook.com\/transamericamococa","https:\/\/x.com\/transamerica933","https:\/\/www.instagram.com\/transamericamococa"]},{"@type":"Person","@id":"https:\/\/transamerica93.com.br\/home\/#\/schema\/person\/7fed7c99c0d4562efa8561bc0f543172","name":"Reda\u00e7\u00e3o","image":{"@type":"ImageObject","inLanguage":"pt-BR","@id":"https:\/\/secure.gravatar.com\/avatar\/1072c6b775fb02ef8506ce967551d95926669a6b7d2c2147b42eea4d7c68395e?s=96&d=mm&r=g","url":"https:\/\/secure.gravatar.com\/avatar\/1072c6b775fb02ef8506ce967551d95926669a6b7d2c2147b42eea4d7c68395e?s=96&d=mm&r=g","contentUrl":"https:\/\/secure.gravatar.com\/avatar\/1072c6b775fb02ef8506ce967551d95926669a6b7d2c2147b42eea4d7c68395e?s=96&d=mm&r=g","caption":"Reda\u00e7\u00e3o"},"sameAs":["https:\/\/transamerica93.com.br\/home"],"url":"https:\/\/transamerica93.com.br\/home\/author\/william\/"}]}},"_links":{"self":[{"href":"https:\/\/transamerica93.com.br\/home\/wp-json\/wp\/v2\/posts\/5280","targetHints":{"allow":["GET"]}}],"collection":[{"href":"https:\/\/transamerica93.com.br\/home\/wp-json\/wp\/v2\/posts"}],"about":[{"href":"https:\/\/transamerica93.com.br\/home\/wp-json\/wp\/v2\/types\/post"}],"author":[{"embeddable":true,"href":"https:\/\/transamerica93.com.br\/home\/wp-json\/wp\/v2\/users\/1"}],"replies":[{"embeddable":true,"href":"https:\/\/transamerica93.com.br\/home\/wp-json\/wp\/v2\/comments?post=5280"}],"version-history":[{"count":1,"href":"https:\/\/transamerica93.com.br\/home\/wp-json\/wp\/v2\/posts\/5280\/revisions"}],"predecessor-version":[{"id":5282,"href":"https:\/\/transamerica93.com.br\/home\/wp-json\/wp\/v2\/posts\/5280\/revisions\/5282"}],"wp:featuredmedia":[{"embeddable":true,"href":"https:\/\/transamerica93.com.br\/home\/wp-json\/wp\/v2\/media\/5281"}],"wp:attachment":[{"href":"https:\/\/transamerica93.com.br\/home\/wp-json\/wp\/v2\/media?parent=5280"}],"wp:term":[{"taxonomy":"category","embeddable":true,"href":"https:\/\/transamerica93.com.br\/home\/wp-json\/wp\/v2\/categories?post=5280"},{"taxonomy":"post_tag","embeddable":true,"href":"https:\/\/transamerica93.com.br\/home\/wp-json\/wp\/v2\/tags?post=5280"}],"curies":[{"name":"wp","href":"https:\/\/api.w.org\/{rel}","templated":true}]}}