{"id":5292,"date":"2025-05-02T12:00:17","date_gmt":"2025-05-02T15:00:17","guid":{"rendered":"https:\/\/transamerica93.com.br\/home\/?p=5292"},"modified":"2025-05-01T23:27:42","modified_gmt":"2025-05-02T02:27:42","slug":"moraes-autoriza-collor-a-cumprir-pena-de-8-anos-e-10-meses-em-casa","status":"publish","type":"post","link":"https:\/\/transamerica93.com.br\/home\/moraes-autoriza-collor-a-cumprir-pena-de-8-anos-e-10-meses-em-casa\/","title":{"rendered":"Moraes autoriza Collor a cumprir pena de 8 anos e 10 meses em casa"},"content":{"rendered":"<p><strong>O ministro Alexandre de Moraes, do Supremo Tribunal Federal (STF), concedeu nesta quinta-feira (1\u00ba) pris\u00e3o domiciliar humanit\u00e1ria ao ex-presidente Fernando Collor, autorizando o pol\u00edtico a cumprir pena em casa.<\/strong><img decoding=\"async\" data-src=\"https:\/\/agenciabrasil.ebc.com.br\/ebc.png?id=1641280&amp;o=node\" src=\"data:image\/svg+xml;base64,PHN2ZyB3aWR0aD0iMSIgaGVpZ2h0PSIxIiB4bWxucz0iaHR0cDovL3d3dy53My5vcmcvMjAwMC9zdmciPjwvc3ZnPg==\" class=\"lazyload\" \/><img decoding=\"async\" data-src=\"https:\/\/agenciabrasil.ebc.com.br\/ebc.gif?id=1641280&amp;o=node\" src=\"data:image\/svg+xml;base64,PHN2ZyB3aWR0aD0iMSIgaGVpZ2h0PSIxIiB4bWxucz0iaHR0cDovL3d3dy53My5vcmcvMjAwMC9zdmciPjwvc3ZnPg==\" class=\"lazyload\" \/><\/p>\n<p>Moraes atendeu a pedido da defesa, que alegou problemas de sa\u00fade cr\u00f4nicos como apneia do sono, doen\u00e7a de Parkinson e transtorno afetivo bipolar, al\u00e9m da idade avan\u00e7ada de Collor (75 anos).\u00a0<strong>Segundo determina\u00e7\u00e3o do ministro,\u00a0Collor dever\u00e1 usar tornozeieira eletr\u00f4nica e poder\u00e1 receber visitas apenas dos advogados.\u00a0<\/strong><\/p>\n<p>Na quarta (30), o procurador-geral da Rep\u00fablica, Paulo Gonet,\u00a0<a href=\"http:\/\/agenciabrasil.ebc.com.br\/justica\/noticia\/2025-04\/pgr-e-favor-de-prisao-domiciliar-para-collor\">deu parecer favor\u00e1vel \u00e0 pris\u00e3o domiciliar<\/a>.<\/p>\n<blockquote><p>&#8220;A manuten\u00e7\u00e3o do custodiado em pris\u00e3o domiciliar \u00e9 medida excepcional e proporcional \u00e0 sua faixa et\u00e1ria e ao seu quadro de sa\u00fade, cuja gravidade foi devidamente comprovada&#8221;, escreveu.<\/p><\/blockquote>\n<p>O ex-presidente\u00a0<a href=\"http:\/\/agenciabrasil.ebc.com.br\/justica\/noticia\/2025-04\/ex-presidente-fernando-collor-e-preso-na-manha-desta-sexta-feira\">est\u00e1 preso h\u00e1 uma semana<\/a>, depois de Moraes decidir que um \u00faltimo recurso da defesa, que questionava o c\u00e1lculo da pena, tinha por objetivo apenas atrasar a pris\u00e3o. O ministro ent\u00e3o determinou a pris\u00e3o imediata de Collor. Na segunda (28), por 6 votos a 4, a decis\u00e3o foi referendada pelo plen\u00e1rio virtual do STF.<\/p>\n<p><strong>O ex-presidente e ex-senador foi detido na sexta-feira (25) em Macei\u00f3 pela Pol\u00edcia Federal e levado para uma cela especial no pres\u00eddio Baldomero Cavalcanti de Oliveira.<\/strong><\/p>\n<p>Collor foi<a href=\"https:\/\/agenciabrasil.ebc.com.br\/justica\/noticia\/2024-11\/stf-mantem-condenacao-de-fernando-collor-na-lava-jato\">\u00a0condenado pelo Supremo em 2023<\/a>, quando recebeu a pena de 8 anos e 10 meses de pris\u00e3o em regime inicial fechado pelos crimes de corrup\u00e7\u00e3o passiva e lavagem de dinheiro, em um processo que teve origem na Opera\u00e7\u00e3o Lava Jato.<\/p>\n<p>De acordo com os termos da condena\u00e7\u00e3o, o ex-presidente e ex-senador, na condi\u00e7\u00e3o de antigo dirigente do PTB, foi respons\u00e1vel por indica\u00e7\u00f5es pol\u00edticas para a BR Distribuidora, subsidi\u00e1ria da Petrobras, e recebeu R$ 20 milh\u00f5es em vantagens indevidas de contratos da empresa. Segundo a den\u00fancia, os crimes ocorreram entre 2010 e 2014.<\/p>\n<h2>Exames<\/h2>\n<p>Na decis\u00e3o desta quinta-feira,\u00a0<strong>Moraes disse que a defesa apresentou vasta documenta\u00e7\u00e3o e que a situa\u00e7\u00e3o de sa\u00fade grave de Collor restou \u201camplamente comprovada\u201d.<\/strong><\/p>\n<p>Relator da execu\u00e7\u00e3o penal do ex-presidente, Moraes\u00a0<strong>citou relat\u00f3rio m\u00e9dico assinado pelo neurologista Rog\u00e9rio Tuma e mencionou o envio pela defesa de 136 exames diversos, incluindo resson\u00e2ncias magn\u00e9ticas transcranianas.\u00a0\u00a0<\/strong><\/p>\n<blockquote><p>&#8220;No atual momento de execu\u00e7\u00e3o da pena, portanto, a compatibiliza\u00e7\u00e3o entre a Dignidade da Pessoa Humana, o Direito \u00e0 Sa\u00fade e a efetividade da Justi\u00e7a Penal indica a possibilidade de concess\u00e3o da pris\u00e3o domiciliar humanit\u00e1ria\u201d, escreveu Moraes.<\/p><\/blockquote>\n<p>A decis\u00e3o foi tomada \u201ccom a constata\u00e7\u00e3o real da presen\u00e7a progressiva de graves sintomas n\u00e3o motores e motores, inclusive hist\u00f3rico de quedas recentes\u201d, complementou o ministro.<\/p>\n<p>Ele indicou ter proferido decis\u00f5es similares em ao menos outras sete execu\u00e7\u00f5es penais sob sua relatoria.<\/p>\n<h2>Saiba quem foi Collor<\/h2>\n<p><strong>Fernando Collor de Mello foi eleito presidente da Rep\u00fablica em 1989, na primeira elei\u00e7\u00e3o direta para o cargo ap\u00f3s a ditadura militar.\u00a0<\/strong>Ele venceu sobre uma plataforma de combate aos &#8220;maraj\u00e1s&#8221;, apresentados como servidores p\u00fablicos corruptos e com sal\u00e1rios descomunais.<\/p>\n<p>Ent\u00e3o com 40 anos de idade, o pol\u00edtico nascido no Rio de Janeiro, filho do ex-senador alagoano Arnon de Mello,\u00a0<strong>derrotou nomes como o do atual presidente Luiz In\u00e1cio Lula da Silva e os ex-governadores Leonel Brizola e M\u00e1rio Covas, al\u00e9m de figuras folcl\u00f3ricas da pol\u00edtica nacional, como Paulo Maluf e En\u00e9as Carneiro.\u00a0<\/strong><\/p>\n<p>O sucesso, por\u00e9m, n\u00e3o se repetiu no governo Collor, que\u00a0<strong>ficou marcado pela continuidade da hiperinfla\u00e7\u00e3o, que chegou a 89% por m\u00eas, e por pol\u00edticas econ\u00f4micas desastradas<\/strong>, como o s\u00fabito confisco do dinheiro guardado pelos brasileiros na caderneta de poupan\u00e7a. A medida foi anunciada um dia ap\u00f3s a posse, em 16 de mar\u00e7o de 1990, como parte do Plano Brasil Novo, e foi explicada como um &#8220;bloqueio de liquidez&#8221; na economia.<\/p>\n<p>A ideia era reduzir a infla\u00e7\u00e3o retirando dinheiro de circula\u00e7\u00e3o, numa \u00e9poca em que a economia era muito mais baseada na troca de dinheiro em esp\u00e9cie. O confisco, contudo, provocou uma paralisa\u00e7\u00e3o da economia e uma crise de confian\u00e7a nos ativos financeiros. O resultado foi uma forte recess\u00e3o econ\u00f4mica, com queda de 4,5% do Produto Interno Bruto (PIB) apenas em 1990. Cerca de 30 anos depois, em 2020, Collor pediu desculpas p\u00fablicas pelo confisco das poupan\u00e7as.<\/p>\n<p>A partir da medida, o suporte eleitoral e pol\u00edtico do governo Collor come\u00e7ou a se deteriorar.\u00a0<strong>No terceiro ano de mandato, ele acabaria acusado de corrup\u00e7\u00e3o pelo pr\u00f3prio irm\u00e3o, Pedro Collor de Mello,\u00a0<\/strong>em uma entrevista de capa da revista Veja.<\/p>\n<p><strong>Uma Comiss\u00e3o Parlamentar de Inqu\u00e9rito (CPI) foi formada e em seu relat\u00f3rio final concluiu que Collor havia se beneficiado diretamente de um esquema de desvio de verbas p\u00fablicas e tr\u00e1fico de influ\u00eancia montado pelo tesoureiro de sua campanha, PC Farias.\u00a0<\/strong><\/p>\n<p><strong>O caso levaria o Congresso a aprovar o impeachment de Collor, que foi afastado do cargo em 30 dezembro de 1992.\u00a0<\/strong>No dia anterior, ele tentou renunciar ao cargo, mas o ato n\u00e3o foi reconhecido pelos parlamentares.<\/p>\n<p><strong>Collor ficou ineleg\u00edvel at\u00e9 2000.\u00a0<\/strong>Depois disso, conseguiu se eleger senador por Alagoas, seu reduto pol\u00edtico, em 2007. Nas elei\u00e7\u00f5es de 2022, o ex-presidente tentou se eleger governador do estado, mas acabou derrotado, ficando em terceiro lugar.<\/p>\n","protected":false},"excerpt":{"rendered":"<p>O ministro Alexandre de Moraes, do Supremo Tribunal Federal (STF), concedeu nesta quinta-feira (1\u00ba) pris\u00e3o domiciliar humanit\u00e1ria ao ex-presidente Fernando Collor, autorizando o pol\u00edtico a cumprir pena em casa. Moraes atendeu a pedido da defesa, que alegou problemas de sa\u00fade cr\u00f4nicos como apneia do sono, doen\u00e7a de Parkinson e transtorno afetivo bipolar, al\u00e9m da idade &hellip;<\/p>\n","protected":false},"author":1,"featured_media":5293,"comment_status":"closed","ping_status":"closed","sticky":false,"template":"","format":"standard","meta":{"footnotes":""},"categories":[30],"tags":[],"class_list":["post-5292","post","type-post","status-publish","format-standard","has-post-thumbnail","hentry","category-geral"],"yoast_head":"<!-- This site is optimized with the Yoast SEO plugin v27.4 - https:\/\/yoast.com\/product\/yoast-seo-wordpress\/ -->\n<title>Moraes autoriza Collor a cumprir pena de 8 anos e 10 meses em casa - Transam\u00e9rica Mococa 93,3<\/title>\n<meta name=\"robots\" content=\"index, follow, max-snippet:-1, max-image-preview:large, max-video-preview:-1\" \/>\n<link rel=\"canonical\" href=\"https:\/\/transamerica93.com.br\/home\/moraes-autoriza-collor-a-cumprir-pena-de-8-anos-e-10-meses-em-casa\/\" \/>\n<meta property=\"og:locale\" content=\"pt_BR\" \/>\n<meta property=\"og:type\" content=\"article\" \/>\n<meta property=\"og:title\" content=\"Moraes autoriza Collor a cumprir pena de 8 anos e 10 meses em casa - Transam\u00e9rica Mococa 93,3\" \/>\n<meta property=\"og:description\" content=\"O ministro Alexandre de Moraes, do Supremo Tribunal Federal (STF), concedeu nesta quinta-feira (1\u00ba) pris\u00e3o domiciliar humanit\u00e1ria ao ex-presidente Fernando Collor, autorizando o pol\u00edtico a cumprir pena em casa. Moraes atendeu a pedido da defesa, que alegou problemas de sa\u00fade cr\u00f4nicos como apneia do sono, doen\u00e7a de Parkinson e transtorno afetivo bipolar, al\u00e9m da idade &hellip;\" \/>\n<meta property=\"og:url\" content=\"https:\/\/transamerica93.com.br\/home\/moraes-autoriza-collor-a-cumprir-pena-de-8-anos-e-10-meses-em-casa\/\" \/>\n<meta property=\"og:site_name\" content=\"Transam\u00e9rica Mococa 93,3\" \/>\n<meta property=\"article:publisher\" content=\"https:\/\/www.facebook.com\/transamericamococa\" \/>\n<meta property=\"article:published_time\" content=\"2025-05-02T15:00:17+00:00\" \/>\n<meta property=\"og:image\" content=\"https:\/\/transamerica93.com.br\/home\/wp-content\/uploads\/2025\/05\/1-10.jpg\" \/>\n\t<meta property=\"og:image:width\" content=\"1170\" \/>\n\t<meta property=\"og:image:height\" content=\"700\" \/>\n\t<meta property=\"og:image:type\" content=\"image\/jpeg\" \/>\n<meta name=\"author\" content=\"Reda\u00e7\u00e3o\" \/>\n<meta name=\"twitter:card\" content=\"summary_large_image\" \/>\n<meta name=\"twitter:creator\" content=\"@transamerica933\" \/>\n<meta name=\"twitter:site\" content=\"@transamerica933\" \/>\n<meta name=\"twitter:label1\" content=\"Escrito por\" \/>\n\t<meta name=\"twitter:data1\" content=\"Reda\u00e7\u00e3o\" \/>\n\t<meta name=\"twitter:label2\" content=\"Est. tempo de leitura\" \/>\n\t<meta name=\"twitter:data2\" content=\"5 minutos\" \/>\n<script type=\"application\/ld+json\" class=\"yoast-schema-graph\">{\"@context\":\"https:\\\/\\\/schema.org\",\"@graph\":[{\"@type\":\"Article\",\"@id\":\"https:\\\/\\\/transamerica93.com.br\\\/home\\\/moraes-autoriza-collor-a-cumprir-pena-de-8-anos-e-10-meses-em-casa\\\/#article\",\"isPartOf\":{\"@id\":\"https:\\\/\\\/transamerica93.com.br\\\/home\\\/moraes-autoriza-collor-a-cumprir-pena-de-8-anos-e-10-meses-em-casa\\\/\"},\"author\":{\"name\":\"Reda\u00e7\u00e3o\",\"@id\":\"https:\\\/\\\/transamerica93.com.br\\\/home\\\/#\\\/schema\\\/person\\\/7fed7c99c0d4562efa8561bc0f543172\"},\"headline\":\"Moraes autoriza Collor a cumprir pena de 8 anos e 10 meses em casa\",\"datePublished\":\"2025-05-02T15:00:17+00:00\",\"mainEntityOfPage\":{\"@id\":\"https:\\\/\\\/transamerica93.com.br\\\/home\\\/moraes-autoriza-collor-a-cumprir-pena-de-8-anos-e-10-meses-em-casa\\\/\"},\"wordCount\":915,\"publisher\":{\"@id\":\"https:\\\/\\\/transamerica93.com.br\\\/home\\\/#organization\"},\"image\":{\"@id\":\"https:\\\/\\\/transamerica93.com.br\\\/home\\\/moraes-autoriza-collor-a-cumprir-pena-de-8-anos-e-10-meses-em-casa\\\/#primaryimage\"},\"thumbnailUrl\":\"https:\\\/\\\/transamerica93.com.br\\\/home\\\/wp-content\\\/uploads\\\/2025\\\/05\\\/1-10.jpg\",\"articleSection\":[\"Geral\"],\"inLanguage\":\"pt-BR\"},{\"@type\":\"WebPage\",\"@id\":\"https:\\\/\\\/transamerica93.com.br\\\/home\\\/moraes-autoriza-collor-a-cumprir-pena-de-8-anos-e-10-meses-em-casa\\\/\",\"url\":\"https:\\\/\\\/transamerica93.com.br\\\/home\\\/moraes-autoriza-collor-a-cumprir-pena-de-8-anos-e-10-meses-em-casa\\\/\",\"name\":\"Moraes autoriza Collor a cumprir pena de 8 anos e 10 meses em casa - Transam\u00e9rica Mococa 93,3\",\"isPartOf\":{\"@id\":\"https:\\\/\\\/transamerica93.com.br\\\/home\\\/#website\"},\"primaryImageOfPage\":{\"@id\":\"https:\\\/\\\/transamerica93.com.br\\\/home\\\/moraes-autoriza-collor-a-cumprir-pena-de-8-anos-e-10-meses-em-casa\\\/#primaryimage\"},\"image\":{\"@id\":\"https:\\\/\\\/transamerica93.com.br\\\/home\\\/moraes-autoriza-collor-a-cumprir-pena-de-8-anos-e-10-meses-em-casa\\\/#primaryimage\"},\"thumbnailUrl\":\"https:\\\/\\\/transamerica93.com.br\\\/home\\\/wp-content\\\/uploads\\\/2025\\\/05\\\/1-10.jpg\",\"datePublished\":\"2025-05-02T15:00:17+00:00\",\"breadcrumb\":{\"@id\":\"https:\\\/\\\/transamerica93.com.br\\\/home\\\/moraes-autoriza-collor-a-cumprir-pena-de-8-anos-e-10-meses-em-casa\\\/#breadcrumb\"},\"inLanguage\":\"pt-BR\",\"potentialAction\":[{\"@type\":\"ReadAction\",\"target\":[\"https:\\\/\\\/transamerica93.com.br\\\/home\\\/moraes-autoriza-collor-a-cumprir-pena-de-8-anos-e-10-meses-em-casa\\\/\"]}]},{\"@type\":\"ImageObject\",\"inLanguage\":\"pt-BR\",\"@id\":\"https:\\\/\\\/transamerica93.com.br\\\/home\\\/moraes-autoriza-collor-a-cumprir-pena-de-8-anos-e-10-meses-em-casa\\\/#primaryimage\",\"url\":\"https:\\\/\\\/transamerica93.com.br\\\/home\\\/wp-content\\\/uploads\\\/2025\\\/05\\\/1-10.jpg\",\"contentUrl\":\"https:\\\/\\\/transamerica93.com.br\\\/home\\\/wp-content\\\/uploads\\\/2025\\\/05\\\/1-10.jpg\",\"width\":1170,\"height\":700},{\"@type\":\"BreadcrumbList\",\"@id\":\"https:\\\/\\\/transamerica93.com.br\\\/home\\\/moraes-autoriza-collor-a-cumprir-pena-de-8-anos-e-10-meses-em-casa\\\/#breadcrumb\",\"itemListElement\":[{\"@type\":\"ListItem\",\"position\":1,\"name\":\"In\u00edcio\",\"item\":\"https:\\\/\\\/transamerica93.com.br\\\/home\\\/\"},{\"@type\":\"ListItem\",\"position\":2,\"name\":\"Moraes autoriza Collor a cumprir pena de 8 anos e 10 meses em casa\"}]},{\"@type\":\"WebSite\",\"@id\":\"https:\\\/\\\/transamerica93.com.br\\\/home\\\/#website\",\"url\":\"https:\\\/\\\/transamerica93.com.br\\\/home\\\/\",\"name\":\"Transam\u00e9rica Mococa 93,3\",\"description\":\"\",\"publisher\":{\"@id\":\"https:\\\/\\\/transamerica93.com.br\\\/home\\\/#organization\"},\"potentialAction\":[{\"@type\":\"SearchAction\",\"target\":{\"@type\":\"EntryPoint\",\"urlTemplate\":\"https:\\\/\\\/transamerica93.com.br\\\/home\\\/?s={search_term_string}\"},\"query-input\":{\"@type\":\"PropertyValueSpecification\",\"valueRequired\":true,\"valueName\":\"search_term_string\"}}],\"inLanguage\":\"pt-BR\"},{\"@type\":\"Organization\",\"@id\":\"https:\\\/\\\/transamerica93.com.br\\\/home\\\/#organization\",\"name\":\"Transam\u00e9rica Mococa 93,3\",\"url\":\"https:\\\/\\\/transamerica93.com.br\\\/home\\\/\",\"logo\":{\"@type\":\"ImageObject\",\"inLanguage\":\"pt-BR\",\"@id\":\"https:\\\/\\\/transamerica93.com.br\\\/home\\\/#\\\/schema\\\/logo\\\/image\\\/\",\"url\":\"https:\\\/\\\/transamerica93.com.br\\\/home\\\/wp-content\\\/uploads\\\/2023\\\/10\\\/logo2.png\",\"contentUrl\":\"https:\\\/\\\/transamerica93.com.br\\\/home\\\/wp-content\\\/uploads\\\/2023\\\/10\\\/logo2.png\",\"width\":800,\"height\":500,\"caption\":\"Transam\u00e9rica Mococa 93,3\"},\"image\":{\"@id\":\"https:\\\/\\\/transamerica93.com.br\\\/home\\\/#\\\/schema\\\/logo\\\/image\\\/\"},\"sameAs\":[\"https:\\\/\\\/www.facebook.com\\\/transamericamococa\",\"https:\\\/\\\/x.com\\\/transamerica933\",\"https:\\\/\\\/www.instagram.com\\\/transamericamococa\"]},{\"@type\":\"Person\",\"@id\":\"https:\\\/\\\/transamerica93.com.br\\\/home\\\/#\\\/schema\\\/person\\\/7fed7c99c0d4562efa8561bc0f543172\",\"name\":\"Reda\u00e7\u00e3o\",\"image\":{\"@type\":\"ImageObject\",\"inLanguage\":\"pt-BR\",\"@id\":\"https:\\\/\\\/secure.gravatar.com\\\/avatar\\\/1072c6b775fb02ef8506ce967551d95926669a6b7d2c2147b42eea4d7c68395e?s=96&d=mm&r=g\",\"url\":\"https:\\\/\\\/secure.gravatar.com\\\/avatar\\\/1072c6b775fb02ef8506ce967551d95926669a6b7d2c2147b42eea4d7c68395e?s=96&d=mm&r=g\",\"contentUrl\":\"https:\\\/\\\/secure.gravatar.com\\\/avatar\\\/1072c6b775fb02ef8506ce967551d95926669a6b7d2c2147b42eea4d7c68395e?s=96&d=mm&r=g\",\"caption\":\"Reda\u00e7\u00e3o\"},\"sameAs\":[\"https:\\\/\\\/transamerica93.com.br\\\/home\"],\"url\":\"https:\\\/\\\/transamerica93.com.br\\\/home\\\/author\\\/william\\\/\"}]}<\/script>\n<!-- \/ Yoast SEO plugin. -->","yoast_head_json":{"title":"Moraes autoriza Collor a cumprir pena de 8 anos e 10 meses em casa - Transam\u00e9rica Mococa 93,3","robots":{"index":"index","follow":"follow","max-snippet":"max-snippet:-1","max-image-preview":"max-image-preview:large","max-video-preview":"max-video-preview:-1"},"canonical":"https:\/\/transamerica93.com.br\/home\/moraes-autoriza-collor-a-cumprir-pena-de-8-anos-e-10-meses-em-casa\/","og_locale":"pt_BR","og_type":"article","og_title":"Moraes autoriza Collor a cumprir pena de 8 anos e 10 meses em casa - Transam\u00e9rica Mococa 93,3","og_description":"O ministro Alexandre de Moraes, do Supremo Tribunal Federal (STF), concedeu nesta quinta-feira (1\u00ba) pris\u00e3o domiciliar humanit\u00e1ria ao ex-presidente Fernando Collor, autorizando o pol\u00edtico a cumprir pena em casa. Moraes atendeu a pedido da defesa, que alegou problemas de sa\u00fade cr\u00f4nicos como apneia do sono, doen\u00e7a de Parkinson e transtorno afetivo bipolar, al\u00e9m da idade &hellip;","og_url":"https:\/\/transamerica93.com.br\/home\/moraes-autoriza-collor-a-cumprir-pena-de-8-anos-e-10-meses-em-casa\/","og_site_name":"Transam\u00e9rica Mococa 93,3","article_publisher":"https:\/\/www.facebook.com\/transamericamococa","article_published_time":"2025-05-02T15:00:17+00:00","og_image":[{"width":1170,"height":700,"url":"https:\/\/transamerica93.com.br\/home\/wp-content\/uploads\/2025\/05\/1-10.jpg","type":"image\/jpeg"}],"author":"Reda\u00e7\u00e3o","twitter_card":"summary_large_image","twitter_creator":"@transamerica933","twitter_site":"@transamerica933","twitter_misc":{"Escrito por":"Reda\u00e7\u00e3o","Est. tempo de leitura":"5 minutos"},"schema":{"@context":"https:\/\/schema.org","@graph":[{"@type":"Article","@id":"https:\/\/transamerica93.com.br\/home\/moraes-autoriza-collor-a-cumprir-pena-de-8-anos-e-10-meses-em-casa\/#article","isPartOf":{"@id":"https:\/\/transamerica93.com.br\/home\/moraes-autoriza-collor-a-cumprir-pena-de-8-anos-e-10-meses-em-casa\/"},"author":{"name":"Reda\u00e7\u00e3o","@id":"https:\/\/transamerica93.com.br\/home\/#\/schema\/person\/7fed7c99c0d4562efa8561bc0f543172"},"headline":"Moraes autoriza Collor a cumprir pena de 8 anos e 10 meses em casa","datePublished":"2025-05-02T15:00:17+00:00","mainEntityOfPage":{"@id":"https:\/\/transamerica93.com.br\/home\/moraes-autoriza-collor-a-cumprir-pena-de-8-anos-e-10-meses-em-casa\/"},"wordCount":915,"publisher":{"@id":"https:\/\/transamerica93.com.br\/home\/#organization"},"image":{"@id":"https:\/\/transamerica93.com.br\/home\/moraes-autoriza-collor-a-cumprir-pena-de-8-anos-e-10-meses-em-casa\/#primaryimage"},"thumbnailUrl":"https:\/\/transamerica93.com.br\/home\/wp-content\/uploads\/2025\/05\/1-10.jpg","articleSection":["Geral"],"inLanguage":"pt-BR"},{"@type":"WebPage","@id":"https:\/\/transamerica93.com.br\/home\/moraes-autoriza-collor-a-cumprir-pena-de-8-anos-e-10-meses-em-casa\/","url":"https:\/\/transamerica93.com.br\/home\/moraes-autoriza-collor-a-cumprir-pena-de-8-anos-e-10-meses-em-casa\/","name":"Moraes autoriza Collor a cumprir pena de 8 anos e 10 meses em casa - Transam\u00e9rica Mococa 93,3","isPartOf":{"@id":"https:\/\/transamerica93.com.br\/home\/#website"},"primaryImageOfPage":{"@id":"https:\/\/transamerica93.com.br\/home\/moraes-autoriza-collor-a-cumprir-pena-de-8-anos-e-10-meses-em-casa\/#primaryimage"},"image":{"@id":"https:\/\/transamerica93.com.br\/home\/moraes-autoriza-collor-a-cumprir-pena-de-8-anos-e-10-meses-em-casa\/#primaryimage"},"thumbnailUrl":"https:\/\/transamerica93.com.br\/home\/wp-content\/uploads\/2025\/05\/1-10.jpg","datePublished":"2025-05-02T15:00:17+00:00","breadcrumb":{"@id":"https:\/\/transamerica93.com.br\/home\/moraes-autoriza-collor-a-cumprir-pena-de-8-anos-e-10-meses-em-casa\/#breadcrumb"},"inLanguage":"pt-BR","potentialAction":[{"@type":"ReadAction","target":["https:\/\/transamerica93.com.br\/home\/moraes-autoriza-collor-a-cumprir-pena-de-8-anos-e-10-meses-em-casa\/"]}]},{"@type":"ImageObject","inLanguage":"pt-BR","@id":"https:\/\/transamerica93.com.br\/home\/moraes-autoriza-collor-a-cumprir-pena-de-8-anos-e-10-meses-em-casa\/#primaryimage","url":"https:\/\/transamerica93.com.br\/home\/wp-content\/uploads\/2025\/05\/1-10.jpg","contentUrl":"https:\/\/transamerica93.com.br\/home\/wp-content\/uploads\/2025\/05\/1-10.jpg","width":1170,"height":700},{"@type":"BreadcrumbList","@id":"https:\/\/transamerica93.com.br\/home\/moraes-autoriza-collor-a-cumprir-pena-de-8-anos-e-10-meses-em-casa\/#breadcrumb","itemListElement":[{"@type":"ListItem","position":1,"name":"In\u00edcio","item":"https:\/\/transamerica93.com.br\/home\/"},{"@type":"ListItem","position":2,"name":"Moraes autoriza Collor a cumprir pena de 8 anos e 10 meses em casa"}]},{"@type":"WebSite","@id":"https:\/\/transamerica93.com.br\/home\/#website","url":"https:\/\/transamerica93.com.br\/home\/","name":"Transam\u00e9rica Mococa 93,3","description":"","publisher":{"@id":"https:\/\/transamerica93.com.br\/home\/#organization"},"potentialAction":[{"@type":"SearchAction","target":{"@type":"EntryPoint","urlTemplate":"https:\/\/transamerica93.com.br\/home\/?s={search_term_string}"},"query-input":{"@type":"PropertyValueSpecification","valueRequired":true,"valueName":"search_term_string"}}],"inLanguage":"pt-BR"},{"@type":"Organization","@id":"https:\/\/transamerica93.com.br\/home\/#organization","name":"Transam\u00e9rica Mococa 93,3","url":"https:\/\/transamerica93.com.br\/home\/","logo":{"@type":"ImageObject","inLanguage":"pt-BR","@id":"https:\/\/transamerica93.com.br\/home\/#\/schema\/logo\/image\/","url":"https:\/\/transamerica93.com.br\/home\/wp-content\/uploads\/2023\/10\/logo2.png","contentUrl":"https:\/\/transamerica93.com.br\/home\/wp-content\/uploads\/2023\/10\/logo2.png","width":800,"height":500,"caption":"Transam\u00e9rica Mococa 93,3"},"image":{"@id":"https:\/\/transamerica93.com.br\/home\/#\/schema\/logo\/image\/"},"sameAs":["https:\/\/www.facebook.com\/transamericamococa","https:\/\/x.com\/transamerica933","https:\/\/www.instagram.com\/transamericamococa"]},{"@type":"Person","@id":"https:\/\/transamerica93.com.br\/home\/#\/schema\/person\/7fed7c99c0d4562efa8561bc0f543172","name":"Reda\u00e7\u00e3o","image":{"@type":"ImageObject","inLanguage":"pt-BR","@id":"https:\/\/secure.gravatar.com\/avatar\/1072c6b775fb02ef8506ce967551d95926669a6b7d2c2147b42eea4d7c68395e?s=96&d=mm&r=g","url":"https:\/\/secure.gravatar.com\/avatar\/1072c6b775fb02ef8506ce967551d95926669a6b7d2c2147b42eea4d7c68395e?s=96&d=mm&r=g","contentUrl":"https:\/\/secure.gravatar.com\/avatar\/1072c6b775fb02ef8506ce967551d95926669a6b7d2c2147b42eea4d7c68395e?s=96&d=mm&r=g","caption":"Reda\u00e7\u00e3o"},"sameAs":["https:\/\/transamerica93.com.br\/home"],"url":"https:\/\/transamerica93.com.br\/home\/author\/william\/"}]}},"_links":{"self":[{"href":"https:\/\/transamerica93.com.br\/home\/wp-json\/wp\/v2\/posts\/5292","targetHints":{"allow":["GET"]}}],"collection":[{"href":"https:\/\/transamerica93.com.br\/home\/wp-json\/wp\/v2\/posts"}],"about":[{"href":"https:\/\/transamerica93.com.br\/home\/wp-json\/wp\/v2\/types\/post"}],"author":[{"embeddable":true,"href":"https:\/\/transamerica93.com.br\/home\/wp-json\/wp\/v2\/users\/1"}],"replies":[{"embeddable":true,"href":"https:\/\/transamerica93.com.br\/home\/wp-json\/wp\/v2\/comments?post=5292"}],"version-history":[{"count":1,"href":"https:\/\/transamerica93.com.br\/home\/wp-json\/wp\/v2\/posts\/5292\/revisions"}],"predecessor-version":[{"id":5294,"href":"https:\/\/transamerica93.com.br\/home\/wp-json\/wp\/v2\/posts\/5292\/revisions\/5294"}],"wp:featuredmedia":[{"embeddable":true,"href":"https:\/\/transamerica93.com.br\/home\/wp-json\/wp\/v2\/media\/5293"}],"wp:attachment":[{"href":"https:\/\/transamerica93.com.br\/home\/wp-json\/wp\/v2\/media?parent=5292"}],"wp:term":[{"taxonomy":"category","embeddable":true,"href":"https:\/\/transamerica93.com.br\/home\/wp-json\/wp\/v2\/categories?post=5292"},{"taxonomy":"post_tag","embeddable":true,"href":"https:\/\/transamerica93.com.br\/home\/wp-json\/wp\/v2\/tags?post=5292"}],"curies":[{"name":"wp","href":"https:\/\/api.w.org\/{rel}","templated":true}]}}