{"id":5304,"date":"2025-04-30T12:00:15","date_gmt":"2025-04-30T15:00:15","guid":{"rendered":"https:\/\/transamerica93.com.br\/home\/?p=5304"},"modified":"2025-05-01T23:34:01","modified_gmt":"2025-05-02T02:34:01","slug":"enem-2025-saiba-a-documentacao-aceita-para-justificar-ausencia","status":"publish","type":"post","link":"https:\/\/transamerica93.com.br\/home\/enem-2025-saiba-a-documentacao-aceita-para-justificar-ausencia\/","title":{"rendered":"Enem 2025: saiba a documenta\u00e7\u00e3o aceita para justificar aus\u00eancia"},"content":{"rendered":"<p><strong>Os interessados em participar do Exame Nacional do Ensino M\u00e9dio (Enem) de 2025 sem pagar a taxa de inscri\u00e7\u00e3o e faltaram a um dos dias de prova na edi\u00e7\u00e3o do ano passado devem justificar a aus\u00eancia at\u00e9 \u00e0s 23h59 (hor\u00e1rio de Bras\u00edlia) desta sexta-feira (2).\u00a0\u00a0<\/strong><img decoding=\"async\" data-src=\"https:\/\/agenciabrasil.ebc.com.br\/ebc.png?id=1641238&amp;o=node\" src=\"data:image\/svg+xml;base64,PHN2ZyB3aWR0aD0iMSIgaGVpZ2h0PSIxIiB4bWxucz0iaHR0cDovL3d3dy53My5vcmcvMjAwMC9zdmciPjwvc3ZnPg==\" class=\"lazyload\" \/><img decoding=\"async\" data-src=\"https:\/\/agenciabrasil.ebc.com.br\/ebc.gif?id=1641238&amp;o=node\" src=\"data:image\/svg+xml;base64,PHN2ZyB3aWR0aD0iMSIgaGVpZ2h0PSIxIiB4bWxucz0iaHR0cDovL3d3dy53My5vcmcvMjAwMC9zdmciPjwvc3ZnPg==\" class=\"lazyload\" \/><\/p>\n<p><strong>O prazo \u00e9 o mesmo para\u00a0<a href=\"http:\/\/agenciabrasil.ebc.com.br\/educacao\/noticia\/2025-05\/prazo-para-pedir-isencao-de-taxa-do-enem-2025-termina-nesta-sexta\">solicitar a isen\u00e7\u00e3o da taxa de inscri\u00e7\u00e3o do exame<\/a>.<\/strong><\/p>\n<p>Os dois procedimentos devem ser realizados exclusivamente na\u00a0<a href=\"https:\/\/enem.inep.gov.br\/participante\/#!\/\">p\u00e1gina do participante do exame<\/a>, com o login no portal \u00fanico de servi\u00e7os digitais do governo federal, o Gov.br.<\/p>\n<p>Para justificar a aus\u00eancia, os documentos aceitos que comprovem as condi\u00e7\u00f5es declaradas est\u00e3o\u00a0<a href=\"https:\/\/www.in.gov.br\/en\/web\/dou\/-\/edital-n-18-de-24-de-marco-de-2025-620921318\">previstos no edital<\/a>\u00a0do Instituto Nacional de Estudos e Pesquisas Educacionais An\u00edsio Teixeira (Inep) que trata da justificativa de aus\u00eancia na \u00faltima edi\u00e7\u00e3o do exame.<\/p>\n<h2>Regras<\/h2>\n<p>Confira os documentos aceitos para justificar aus\u00eancia no Enem 2024, em cada uma das situa\u00e7\u00f5es.<\/p>\n<p>As seguintes situa\u00e7\u00f5es est\u00e3o previstas:<\/p>\n<ul>\n<li>Emerg\u00eancia\/interna\u00e7\u00e3o\/repouso m\u00e9dico ou odontol\u00f3gico: atestado m\u00e9dico ou odontol\u00f3gico leg\u00edvel, que especifique a necessidade da interna\u00e7\u00e3o\/repouso ou a Classifica\u00e7\u00e3o Estat\u00edstica Internacional de Doen\u00e7as e Problemas Relacionados com a Sa\u00fade (CID).<\/li>\n<li>Assalto, furto e acidente de tr\u00e2nsito: boletim de ocorr\u00eancia policial leg\u00edvel, com nome completo, Cadastro de Pessoas F\u00edsica (CPF) ou carteira de identidade do participante envolvido;<\/li>\n<li>Casamento\/uni\u00e3o est\u00e1vel: certid\u00e3o de casamento ou contrato de uni\u00e3o est\u00e1vel leg\u00edvel, com nome completo do participante, ocorrido nos dias citados;<\/li>\n<li>Morte na fam\u00edlia: certid\u00e3o de \u00f3bito do familiar, ocorrido nos dias citados;<\/li>\n<li>Maternidade e\/ou paternidade: certid\u00e3o de nascimento ou de ado\u00e7\u00e3o leg\u00edvel, em que conste o nome completo da participante;<\/li>\n<li>Mudan\u00e7a de domic\u00edlio para acompanhamento de familiar: documento expedido por autoridade constitu\u00edda, que comprove o acompanhamento de familiar deslocado para outra cidade, entre 8 de junho 2024 e 12 de dezembro de 2024. A documenta\u00e7\u00e3o deve comprovar o parentesco.<\/li>\n<li>Trabalho \u2013 declara\u00e7\u00e3o com o n\u00famero do Cadastro Nacional de Pessoa Jur\u00eddica (CNPJ), com a identifica\u00e7\u00e3o, a assinatura do empregador respons\u00e1vel pela declara\u00e7\u00e3o e a justificativa de exerc\u00edcio de atividade profissional;<\/li>\n<li>Interc\u00e2mbio acad\u00eamico: documento assinado, em l\u00edngua portuguesa, da institui\u00e7\u00e3o de ensino internacional que comprove interc\u00e2mbio, contendo identifica\u00e7\u00e3o da Institui\u00e7\u00e3o de Ensino, nome completo do participante e o per\u00edodo do curso;<\/li>\n<li>Atividade escolar: declara\u00e7\u00e3o ou documento assinado que comprove a participa\u00e7\u00e3o do estudante em atividade escolar, no Brasil ou no exterior.<\/li>\n<li>Priva\u00e7\u00e3o de liberdade &#8211; mandado de pris\u00e3o ou documento similar que ateste a situa\u00e7\u00e3o;<\/li>\n<\/ul>\n<p><strong>Os documentos previstos no edital devem ser leg\u00edveis para an\u00e1lise, sob pena de n\u00e3o serem considerados v\u00e1lidos.<\/strong><\/p>\n<p>Ser\u00e3o aceitos somente documentos nos formatos PDF, PNG ou JPG, com o tamanho m\u00e1ximo de 2 megabytes (MB).<\/p>\n<p>N\u00e3o ser\u00e3o aceitos documentos autodeclarat\u00f3rios ou emitidos, por exemplo, por pais ou respons\u00e1veis dos participantes. Em toda a documenta\u00e7\u00e3o apresentada dever\u00e1 constar o nome completo do faltoso em 2024. As declara\u00e7\u00f5es devem estar datadas e assinadas.<\/p>\n<p>Se for constatado que o participante declarou informa\u00e7\u00f5es falsas ou inexatas, conseguindo uma isen\u00e7\u00e3o indevida, ele ser\u00e1 eliminado do exame, a qualquer tempo, e dever\u00e1 ressarcir \u00e0 Uni\u00e3o os custos referentes \u00e0 taxa de inscri\u00e7\u00e3o, podendo ainda responder por crime contra a f\u00e9 p\u00fablica.<\/p>\n<h2>Resultados<\/h2>\n<p><strong>O resultado da aceita\u00e7\u00e3o da justificativa de aus\u00eancia, bem como da solicita\u00e7\u00e3o de isen\u00e7\u00e3o ser\u00e1 divulgado pelo Inep em 12 de maio.<\/strong><\/p>\n<p>O per\u00edodo de recursos para quem tiver o pedido negado estar\u00e1 aberto entre 12 e 16 de maio. O resultado final dos recursos sair\u00e1 em 22 de maio.<\/p>\n<p>O Inpe avisa que a aprova\u00e7\u00e3o do pedido de isen\u00e7\u00e3o n\u00e3o garante a participa\u00e7\u00e3o no exame. Mesmo com a gratuidade da taxa, os interessados em prestar o Enem 2025 dever\u00e3o realizar a inscri\u00e7\u00e3o posteriormente, em data a ser definida em futuro edital a ser publicado pelo MEC.<\/p>\n<p>J\u00e1 o candidato que teve o pedido do recurso de isen\u00e7\u00e3o negado dever\u00e1 pagar a taxa para se inscrever no exame.<\/p>\n<h2>Enem<\/h2>\n<p>O Exame Nacional do Ensino M\u00e9dio \u00e9 considerado a principal forma de entrada na educa\u00e7\u00e3o superior no Brasil, por meio de programas federais como Sistema de Sele\u00e7\u00e3o Unificada (Sisu), Programa Universidade para Todos (Prouni) e Fundo de Financiamento Estudantil (Fies).<\/p>\n","protected":false},"excerpt":{"rendered":"<p>Os interessados em participar do Exame Nacional do Ensino M\u00e9dio (Enem) de 2025 sem pagar a taxa de inscri\u00e7\u00e3o e faltaram a um dos dias de prova na edi\u00e7\u00e3o do ano passado devem justificar a aus\u00eancia at\u00e9 \u00e0s 23h59 (hor\u00e1rio de Bras\u00edlia) desta sexta-feira (2).\u00a0\u00a0 O prazo \u00e9 o mesmo para\u00a0solicitar a isen\u00e7\u00e3o da taxa &hellip;<\/p>\n","protected":false},"author":1,"featured_media":5305,"comment_status":"closed","ping_status":"closed","sticky":false,"template":"","format":"standard","meta":{"footnotes":""},"categories":[30],"tags":[],"class_list":["post-5304","post","type-post","status-publish","format-standard","has-post-thumbnail","hentry","category-geral"],"yoast_head":"<!-- This site is optimized with the Yoast SEO plugin v27.4 - https:\/\/yoast.com\/product\/yoast-seo-wordpress\/ -->\n<title>Enem 2025: saiba a documenta\u00e7\u00e3o aceita para justificar aus\u00eancia - Transam\u00e9rica Mococa 93,3<\/title>\n<meta name=\"robots\" content=\"index, follow, max-snippet:-1, max-image-preview:large, max-video-preview:-1\" \/>\n<link rel=\"canonical\" href=\"https:\/\/transamerica93.com.br\/home\/enem-2025-saiba-a-documentacao-aceita-para-justificar-ausencia\/\" \/>\n<meta property=\"og:locale\" content=\"pt_BR\" \/>\n<meta property=\"og:type\" content=\"article\" \/>\n<meta property=\"og:title\" content=\"Enem 2025: saiba a documenta\u00e7\u00e3o aceita para justificar aus\u00eancia - Transam\u00e9rica Mococa 93,3\" \/>\n<meta property=\"og:description\" content=\"Os interessados em participar do Exame Nacional do Ensino M\u00e9dio (Enem) de 2025 sem pagar a taxa de inscri\u00e7\u00e3o e faltaram a um dos dias de prova na edi\u00e7\u00e3o do ano passado devem justificar a aus\u00eancia at\u00e9 \u00e0s 23h59 (hor\u00e1rio de Bras\u00edlia) desta sexta-feira (2).\u00a0\u00a0 O prazo \u00e9 o mesmo para\u00a0solicitar a isen\u00e7\u00e3o da taxa &hellip;\" \/>\n<meta property=\"og:url\" content=\"https:\/\/transamerica93.com.br\/home\/enem-2025-saiba-a-documentacao-aceita-para-justificar-ausencia\/\" \/>\n<meta property=\"og:site_name\" content=\"Transam\u00e9rica Mococa 93,3\" \/>\n<meta property=\"article:publisher\" content=\"https:\/\/www.facebook.com\/transamericamococa\" \/>\n<meta property=\"article:published_time\" content=\"2025-04-30T15:00:15+00:00\" \/>\n<meta property=\"article:modified_time\" content=\"2025-05-02T02:34:01+00:00\" \/>\n<meta property=\"og:image\" content=\"https:\/\/transamerica93.com.br\/home\/wp-content\/uploads\/2025\/05\/1-14.jpg\" \/>\n\t<meta property=\"og:image:width\" content=\"1170\" \/>\n\t<meta property=\"og:image:height\" content=\"700\" \/>\n\t<meta property=\"og:image:type\" content=\"image\/jpeg\" \/>\n<meta name=\"author\" content=\"Reda\u00e7\u00e3o\" \/>\n<meta name=\"twitter:card\" content=\"summary_large_image\" \/>\n<meta name=\"twitter:creator\" content=\"@transamerica933\" \/>\n<meta name=\"twitter:site\" content=\"@transamerica933\" \/>\n<meta name=\"twitter:label1\" content=\"Escrito por\" \/>\n\t<meta name=\"twitter:data1\" content=\"Reda\u00e7\u00e3o\" \/>\n\t<meta name=\"twitter:label2\" content=\"Est. tempo de leitura\" \/>\n\t<meta name=\"twitter:data2\" content=\"5 minutos\" \/>\n<script type=\"application\/ld+json\" class=\"yoast-schema-graph\">{\"@context\":\"https:\\\/\\\/schema.org\",\"@graph\":[{\"@type\":\"Article\",\"@id\":\"https:\\\/\\\/transamerica93.com.br\\\/home\\\/enem-2025-saiba-a-documentacao-aceita-para-justificar-ausencia\\\/#article\",\"isPartOf\":{\"@id\":\"https:\\\/\\\/transamerica93.com.br\\\/home\\\/enem-2025-saiba-a-documentacao-aceita-para-justificar-ausencia\\\/\"},\"author\":{\"name\":\"Reda\u00e7\u00e3o\",\"@id\":\"https:\\\/\\\/transamerica93.com.br\\\/home\\\/#\\\/schema\\\/person\\\/7fed7c99c0d4562efa8561bc0f543172\"},\"headline\":\"Enem 2025: saiba a documenta\u00e7\u00e3o aceita para justificar aus\u00eancia\",\"datePublished\":\"2025-04-30T15:00:15+00:00\",\"dateModified\":\"2025-05-02T02:34:01+00:00\",\"mainEntityOfPage\":{\"@id\":\"https:\\\/\\\/transamerica93.com.br\\\/home\\\/enem-2025-saiba-a-documentacao-aceita-para-justificar-ausencia\\\/\"},\"wordCount\":760,\"publisher\":{\"@id\":\"https:\\\/\\\/transamerica93.com.br\\\/home\\\/#organization\"},\"image\":{\"@id\":\"https:\\\/\\\/transamerica93.com.br\\\/home\\\/enem-2025-saiba-a-documentacao-aceita-para-justificar-ausencia\\\/#primaryimage\"},\"thumbnailUrl\":\"https:\\\/\\\/transamerica93.com.br\\\/home\\\/wp-content\\\/uploads\\\/2025\\\/05\\\/1-14.jpg\",\"articleSection\":[\"Geral\"],\"inLanguage\":\"pt-BR\"},{\"@type\":\"WebPage\",\"@id\":\"https:\\\/\\\/transamerica93.com.br\\\/home\\\/enem-2025-saiba-a-documentacao-aceita-para-justificar-ausencia\\\/\",\"url\":\"https:\\\/\\\/transamerica93.com.br\\\/home\\\/enem-2025-saiba-a-documentacao-aceita-para-justificar-ausencia\\\/\",\"name\":\"Enem 2025: saiba a documenta\u00e7\u00e3o aceita para justificar aus\u00eancia - Transam\u00e9rica Mococa 93,3\",\"isPartOf\":{\"@id\":\"https:\\\/\\\/transamerica93.com.br\\\/home\\\/#website\"},\"primaryImageOfPage\":{\"@id\":\"https:\\\/\\\/transamerica93.com.br\\\/home\\\/enem-2025-saiba-a-documentacao-aceita-para-justificar-ausencia\\\/#primaryimage\"},\"image\":{\"@id\":\"https:\\\/\\\/transamerica93.com.br\\\/home\\\/enem-2025-saiba-a-documentacao-aceita-para-justificar-ausencia\\\/#primaryimage\"},\"thumbnailUrl\":\"https:\\\/\\\/transamerica93.com.br\\\/home\\\/wp-content\\\/uploads\\\/2025\\\/05\\\/1-14.jpg\",\"datePublished\":\"2025-04-30T15:00:15+00:00\",\"dateModified\":\"2025-05-02T02:34:01+00:00\",\"breadcrumb\":{\"@id\":\"https:\\\/\\\/transamerica93.com.br\\\/home\\\/enem-2025-saiba-a-documentacao-aceita-para-justificar-ausencia\\\/#breadcrumb\"},\"inLanguage\":\"pt-BR\",\"potentialAction\":[{\"@type\":\"ReadAction\",\"target\":[\"https:\\\/\\\/transamerica93.com.br\\\/home\\\/enem-2025-saiba-a-documentacao-aceita-para-justificar-ausencia\\\/\"]}]},{\"@type\":\"ImageObject\",\"inLanguage\":\"pt-BR\",\"@id\":\"https:\\\/\\\/transamerica93.com.br\\\/home\\\/enem-2025-saiba-a-documentacao-aceita-para-justificar-ausencia\\\/#primaryimage\",\"url\":\"https:\\\/\\\/transamerica93.com.br\\\/home\\\/wp-content\\\/uploads\\\/2025\\\/05\\\/1-14.jpg\",\"contentUrl\":\"https:\\\/\\\/transamerica93.com.br\\\/home\\\/wp-content\\\/uploads\\\/2025\\\/05\\\/1-14.jpg\",\"width\":1170,\"height\":700},{\"@type\":\"BreadcrumbList\",\"@id\":\"https:\\\/\\\/transamerica93.com.br\\\/home\\\/enem-2025-saiba-a-documentacao-aceita-para-justificar-ausencia\\\/#breadcrumb\",\"itemListElement\":[{\"@type\":\"ListItem\",\"position\":1,\"name\":\"In\u00edcio\",\"item\":\"https:\\\/\\\/transamerica93.com.br\\\/home\\\/\"},{\"@type\":\"ListItem\",\"position\":2,\"name\":\"Enem 2025: saiba a documenta\u00e7\u00e3o aceita para justificar aus\u00eancia\"}]},{\"@type\":\"WebSite\",\"@id\":\"https:\\\/\\\/transamerica93.com.br\\\/home\\\/#website\",\"url\":\"https:\\\/\\\/transamerica93.com.br\\\/home\\\/\",\"name\":\"Transam\u00e9rica Mococa 93,3\",\"description\":\"\",\"publisher\":{\"@id\":\"https:\\\/\\\/transamerica93.com.br\\\/home\\\/#organization\"},\"potentialAction\":[{\"@type\":\"SearchAction\",\"target\":{\"@type\":\"EntryPoint\",\"urlTemplate\":\"https:\\\/\\\/transamerica93.com.br\\\/home\\\/?s={search_term_string}\"},\"query-input\":{\"@type\":\"PropertyValueSpecification\",\"valueRequired\":true,\"valueName\":\"search_term_string\"}}],\"inLanguage\":\"pt-BR\"},{\"@type\":\"Organization\",\"@id\":\"https:\\\/\\\/transamerica93.com.br\\\/home\\\/#organization\",\"name\":\"Transam\u00e9rica Mococa 93,3\",\"url\":\"https:\\\/\\\/transamerica93.com.br\\\/home\\\/\",\"logo\":{\"@type\":\"ImageObject\",\"inLanguage\":\"pt-BR\",\"@id\":\"https:\\\/\\\/transamerica93.com.br\\\/home\\\/#\\\/schema\\\/logo\\\/image\\\/\",\"url\":\"https:\\\/\\\/transamerica93.com.br\\\/home\\\/wp-content\\\/uploads\\\/2023\\\/10\\\/logo2.png\",\"contentUrl\":\"https:\\\/\\\/transamerica93.com.br\\\/home\\\/wp-content\\\/uploads\\\/2023\\\/10\\\/logo2.png\",\"width\":800,\"height\":500,\"caption\":\"Transam\u00e9rica Mococa 93,3\"},\"image\":{\"@id\":\"https:\\\/\\\/transamerica93.com.br\\\/home\\\/#\\\/schema\\\/logo\\\/image\\\/\"},\"sameAs\":[\"https:\\\/\\\/www.facebook.com\\\/transamericamococa\",\"https:\\\/\\\/x.com\\\/transamerica933\",\"https:\\\/\\\/www.instagram.com\\\/transamericamococa\"]},{\"@type\":\"Person\",\"@id\":\"https:\\\/\\\/transamerica93.com.br\\\/home\\\/#\\\/schema\\\/person\\\/7fed7c99c0d4562efa8561bc0f543172\",\"name\":\"Reda\u00e7\u00e3o\",\"image\":{\"@type\":\"ImageObject\",\"inLanguage\":\"pt-BR\",\"@id\":\"https:\\\/\\\/secure.gravatar.com\\\/avatar\\\/1072c6b775fb02ef8506ce967551d95926669a6b7d2c2147b42eea4d7c68395e?s=96&d=mm&r=g\",\"url\":\"https:\\\/\\\/secure.gravatar.com\\\/avatar\\\/1072c6b775fb02ef8506ce967551d95926669a6b7d2c2147b42eea4d7c68395e?s=96&d=mm&r=g\",\"contentUrl\":\"https:\\\/\\\/secure.gravatar.com\\\/avatar\\\/1072c6b775fb02ef8506ce967551d95926669a6b7d2c2147b42eea4d7c68395e?s=96&d=mm&r=g\",\"caption\":\"Reda\u00e7\u00e3o\"},\"sameAs\":[\"https:\\\/\\\/transamerica93.com.br\\\/home\"],\"url\":\"https:\\\/\\\/transamerica93.com.br\\\/home\\\/author\\\/william\\\/\"}]}<\/script>\n<!-- \/ Yoast SEO plugin. -->","yoast_head_json":{"title":"Enem 2025: saiba a documenta\u00e7\u00e3o aceita para justificar aus\u00eancia - Transam\u00e9rica Mococa 93,3","robots":{"index":"index","follow":"follow","max-snippet":"max-snippet:-1","max-image-preview":"max-image-preview:large","max-video-preview":"max-video-preview:-1"},"canonical":"https:\/\/transamerica93.com.br\/home\/enem-2025-saiba-a-documentacao-aceita-para-justificar-ausencia\/","og_locale":"pt_BR","og_type":"article","og_title":"Enem 2025: saiba a documenta\u00e7\u00e3o aceita para justificar aus\u00eancia - Transam\u00e9rica Mococa 93,3","og_description":"Os interessados em participar do Exame Nacional do Ensino M\u00e9dio (Enem) de 2025 sem pagar a taxa de inscri\u00e7\u00e3o e faltaram a um dos dias de prova na edi\u00e7\u00e3o do ano passado devem justificar a aus\u00eancia at\u00e9 \u00e0s 23h59 (hor\u00e1rio de Bras\u00edlia) desta sexta-feira (2).\u00a0\u00a0 O prazo \u00e9 o mesmo para\u00a0solicitar a isen\u00e7\u00e3o da taxa &hellip;","og_url":"https:\/\/transamerica93.com.br\/home\/enem-2025-saiba-a-documentacao-aceita-para-justificar-ausencia\/","og_site_name":"Transam\u00e9rica Mococa 93,3","article_publisher":"https:\/\/www.facebook.com\/transamericamococa","article_published_time":"2025-04-30T15:00:15+00:00","article_modified_time":"2025-05-02T02:34:01+00:00","og_image":[{"width":1170,"height":700,"url":"https:\/\/transamerica93.com.br\/home\/wp-content\/uploads\/2025\/05\/1-14.jpg","type":"image\/jpeg"}],"author":"Reda\u00e7\u00e3o","twitter_card":"summary_large_image","twitter_creator":"@transamerica933","twitter_site":"@transamerica933","twitter_misc":{"Escrito por":"Reda\u00e7\u00e3o","Est. tempo de leitura":"5 minutos"},"schema":{"@context":"https:\/\/schema.org","@graph":[{"@type":"Article","@id":"https:\/\/transamerica93.com.br\/home\/enem-2025-saiba-a-documentacao-aceita-para-justificar-ausencia\/#article","isPartOf":{"@id":"https:\/\/transamerica93.com.br\/home\/enem-2025-saiba-a-documentacao-aceita-para-justificar-ausencia\/"},"author":{"name":"Reda\u00e7\u00e3o","@id":"https:\/\/transamerica93.com.br\/home\/#\/schema\/person\/7fed7c99c0d4562efa8561bc0f543172"},"headline":"Enem 2025: saiba a documenta\u00e7\u00e3o aceita para justificar aus\u00eancia","datePublished":"2025-04-30T15:00:15+00:00","dateModified":"2025-05-02T02:34:01+00:00","mainEntityOfPage":{"@id":"https:\/\/transamerica93.com.br\/home\/enem-2025-saiba-a-documentacao-aceita-para-justificar-ausencia\/"},"wordCount":760,"publisher":{"@id":"https:\/\/transamerica93.com.br\/home\/#organization"},"image":{"@id":"https:\/\/transamerica93.com.br\/home\/enem-2025-saiba-a-documentacao-aceita-para-justificar-ausencia\/#primaryimage"},"thumbnailUrl":"https:\/\/transamerica93.com.br\/home\/wp-content\/uploads\/2025\/05\/1-14.jpg","articleSection":["Geral"],"inLanguage":"pt-BR"},{"@type":"WebPage","@id":"https:\/\/transamerica93.com.br\/home\/enem-2025-saiba-a-documentacao-aceita-para-justificar-ausencia\/","url":"https:\/\/transamerica93.com.br\/home\/enem-2025-saiba-a-documentacao-aceita-para-justificar-ausencia\/","name":"Enem 2025: saiba a documenta\u00e7\u00e3o aceita para justificar aus\u00eancia - Transam\u00e9rica Mococa 93,3","isPartOf":{"@id":"https:\/\/transamerica93.com.br\/home\/#website"},"primaryImageOfPage":{"@id":"https:\/\/transamerica93.com.br\/home\/enem-2025-saiba-a-documentacao-aceita-para-justificar-ausencia\/#primaryimage"},"image":{"@id":"https:\/\/transamerica93.com.br\/home\/enem-2025-saiba-a-documentacao-aceita-para-justificar-ausencia\/#primaryimage"},"thumbnailUrl":"https:\/\/transamerica93.com.br\/home\/wp-content\/uploads\/2025\/05\/1-14.jpg","datePublished":"2025-04-30T15:00:15+00:00","dateModified":"2025-05-02T02:34:01+00:00","breadcrumb":{"@id":"https:\/\/transamerica93.com.br\/home\/enem-2025-saiba-a-documentacao-aceita-para-justificar-ausencia\/#breadcrumb"},"inLanguage":"pt-BR","potentialAction":[{"@type":"ReadAction","target":["https:\/\/transamerica93.com.br\/home\/enem-2025-saiba-a-documentacao-aceita-para-justificar-ausencia\/"]}]},{"@type":"ImageObject","inLanguage":"pt-BR","@id":"https:\/\/transamerica93.com.br\/home\/enem-2025-saiba-a-documentacao-aceita-para-justificar-ausencia\/#primaryimage","url":"https:\/\/transamerica93.com.br\/home\/wp-content\/uploads\/2025\/05\/1-14.jpg","contentUrl":"https:\/\/transamerica93.com.br\/home\/wp-content\/uploads\/2025\/05\/1-14.jpg","width":1170,"height":700},{"@type":"BreadcrumbList","@id":"https:\/\/transamerica93.com.br\/home\/enem-2025-saiba-a-documentacao-aceita-para-justificar-ausencia\/#breadcrumb","itemListElement":[{"@type":"ListItem","position":1,"name":"In\u00edcio","item":"https:\/\/transamerica93.com.br\/home\/"},{"@type":"ListItem","position":2,"name":"Enem 2025: saiba a documenta\u00e7\u00e3o aceita para justificar aus\u00eancia"}]},{"@type":"WebSite","@id":"https:\/\/transamerica93.com.br\/home\/#website","url":"https:\/\/transamerica93.com.br\/home\/","name":"Transam\u00e9rica Mococa 93,3","description":"","publisher":{"@id":"https:\/\/transamerica93.com.br\/home\/#organization"},"potentialAction":[{"@type":"SearchAction","target":{"@type":"EntryPoint","urlTemplate":"https:\/\/transamerica93.com.br\/home\/?s={search_term_string}"},"query-input":{"@type":"PropertyValueSpecification","valueRequired":true,"valueName":"search_term_string"}}],"inLanguage":"pt-BR"},{"@type":"Organization","@id":"https:\/\/transamerica93.com.br\/home\/#organization","name":"Transam\u00e9rica Mococa 93,3","url":"https:\/\/transamerica93.com.br\/home\/","logo":{"@type":"ImageObject","inLanguage":"pt-BR","@id":"https:\/\/transamerica93.com.br\/home\/#\/schema\/logo\/image\/","url":"https:\/\/transamerica93.com.br\/home\/wp-content\/uploads\/2023\/10\/logo2.png","contentUrl":"https:\/\/transamerica93.com.br\/home\/wp-content\/uploads\/2023\/10\/logo2.png","width":800,"height":500,"caption":"Transam\u00e9rica Mococa 93,3"},"image":{"@id":"https:\/\/transamerica93.com.br\/home\/#\/schema\/logo\/image\/"},"sameAs":["https:\/\/www.facebook.com\/transamericamococa","https:\/\/x.com\/transamerica933","https:\/\/www.instagram.com\/transamericamococa"]},{"@type":"Person","@id":"https:\/\/transamerica93.com.br\/home\/#\/schema\/person\/7fed7c99c0d4562efa8561bc0f543172","name":"Reda\u00e7\u00e3o","image":{"@type":"ImageObject","inLanguage":"pt-BR","@id":"https:\/\/secure.gravatar.com\/avatar\/1072c6b775fb02ef8506ce967551d95926669a6b7d2c2147b42eea4d7c68395e?s=96&d=mm&r=g","url":"https:\/\/secure.gravatar.com\/avatar\/1072c6b775fb02ef8506ce967551d95926669a6b7d2c2147b42eea4d7c68395e?s=96&d=mm&r=g","contentUrl":"https:\/\/secure.gravatar.com\/avatar\/1072c6b775fb02ef8506ce967551d95926669a6b7d2c2147b42eea4d7c68395e?s=96&d=mm&r=g","caption":"Reda\u00e7\u00e3o"},"sameAs":["https:\/\/transamerica93.com.br\/home"],"url":"https:\/\/transamerica93.com.br\/home\/author\/william\/"}]}},"_links":{"self":[{"href":"https:\/\/transamerica93.com.br\/home\/wp-json\/wp\/v2\/posts\/5304","targetHints":{"allow":["GET"]}}],"collection":[{"href":"https:\/\/transamerica93.com.br\/home\/wp-json\/wp\/v2\/posts"}],"about":[{"href":"https:\/\/transamerica93.com.br\/home\/wp-json\/wp\/v2\/types\/post"}],"author":[{"embeddable":true,"href":"https:\/\/transamerica93.com.br\/home\/wp-json\/wp\/v2\/users\/1"}],"replies":[{"embeddable":true,"href":"https:\/\/transamerica93.com.br\/home\/wp-json\/wp\/v2\/comments?post=5304"}],"version-history":[{"count":1,"href":"https:\/\/transamerica93.com.br\/home\/wp-json\/wp\/v2\/posts\/5304\/revisions"}],"predecessor-version":[{"id":5306,"href":"https:\/\/transamerica93.com.br\/home\/wp-json\/wp\/v2\/posts\/5304\/revisions\/5306"}],"wp:featuredmedia":[{"embeddable":true,"href":"https:\/\/transamerica93.com.br\/home\/wp-json\/wp\/v2\/media\/5305"}],"wp:attachment":[{"href":"https:\/\/transamerica93.com.br\/home\/wp-json\/wp\/v2\/media?parent=5304"}],"wp:term":[{"taxonomy":"category","embeddable":true,"href":"https:\/\/transamerica93.com.br\/home\/wp-json\/wp\/v2\/categories?post=5304"},{"taxonomy":"post_tag","embeddable":true,"href":"https:\/\/transamerica93.com.br\/home\/wp-json\/wp\/v2\/tags?post=5304"}],"curies":[{"name":"wp","href":"https:\/\/api.w.org\/{rel}","templated":true}]}}