{"id":5313,"date":"2025-04-30T18:00:49","date_gmt":"2025-04-30T21:00:49","guid":{"rendered":"https:\/\/transamerica93.com.br\/home\/?p=5313"},"modified":"2025-05-01T23:41:16","modified_gmt":"2025-05-02T02:41:16","slug":"me-persegue-ate-hoje-diz-reginaldo-faria-sobre-banana-dada-por-personagem-em-vale-tudo","status":"publish","type":"post","link":"https:\/\/transamerica93.com.br\/home\/me-persegue-ate-hoje-diz-reginaldo-faria-sobre-banana-dada-por-personagem-em-vale-tudo\/","title":{"rendered":"&#8216;Me persegue at\u00e9 hoje&#8217;, diz Reginaldo Faria sobre &#8216;banana&#8217; dada por personagem em &#8216;Vale Tudo&#8217;"},"content":{"rendered":"<p>Por Reda\u00e7\u00e3o E+<\/p>\n<p>Reginaldo Faria, que interpretou o empres\u00e1rio Marco Aur\u00e9lio na vers\u00e3o original de\u00a0<i>Vale Tudo<\/i>, viveu um dos momentos mais marcantes de sua carreira no cap\u00edtulo final do folhetim. Ao fugir do Brasil ao lado de Leila, vivida por Cassia Kis, o vil\u00e3o d\u00e1 uma &#8220;banana&#8221; para seus compatriotas, um gesto que ficou eternizado e se tornou s\u00edmbolo das cr\u00edticas que a novela fazia \u00e0 impunidade e \u00e0 corrup\u00e7\u00e3o.<\/p>\n<p>&#8220;Acho que o que fez [Marco Aur\u00e9lio crescer] foi a banana que me persegue at\u00e9 hoje&#8221;, declarou o ator e entrevista ao programa\u00a0<i>Expedi\u00e7\u00e3o Rio<\/i>, da Globo, ao explicar que o personagem inicialmente tinha uma import\u00e2ncia menor. &#8220;Na verdade, ele era um personagem comum dentro daquele ambiente corrupto e, para a grande surpresa, quando eu sa\u00eda na rua, as pessoas me aplaudiam e me pediam aut\u00f3grafo.&#8221;<\/p>\n<p>O ator conta que, para ele, o carinho do p\u00fablico pelo personagem \u00e9 s\u00edmbolo da indigna\u00e7\u00e3o que ele acabava sintetizando com sua postura debochada. &#8220;Essas pessoas estavam aplaudindo aquele camarada que deu uma banana para um processo pol\u00edtico totalmente corrupto&#8221;, argumenta.<\/p>\n<p>Recentemente, Faria se encontrou com Alexandre Nero, int\u00e9rprete de Marco Aur\u00e9lio no remake de\u00a0<i>Vale Tudo<\/i>. &#8220;Eu, em um dia de apresenta\u00e7\u00e3o de arte na escola assistindo os filhos, e Reginaldo Faria assistindo os netos. Vida, tempo e suas sincronicidades&#8221;, escreveu Nero em publica\u00e7\u00e3o no Instagram.<\/p>\n<p>A nova vers\u00e3o de\u00a0<i>Vale Tudo<\/i>\u00a0foi adaptada por Manuela Dias, com dire\u00e7\u00e3o art\u00edstica de Jos\u00e9 Luiz Villamarim. O elenco conta com Ta\u00eds Ara\u00fajo, Bella Campos, Paolla Oliveira e Debora Bloch, entre outros.<\/p>\n","protected":false},"excerpt":{"rendered":"<p>Por Reda\u00e7\u00e3o E+ Reginaldo Faria, que interpretou o empres\u00e1rio Marco Aur\u00e9lio na vers\u00e3o original de\u00a0Vale Tudo, viveu um dos momentos mais marcantes de sua carreira no cap\u00edtulo final do folhetim. Ao fugir do Brasil ao lado de Leila, vivida por Cassia Kis, o vil\u00e3o d\u00e1 uma &#8220;banana&#8221; para seus compatriotas, um gesto que ficou eternizado &hellip;<\/p>\n","protected":false},"author":1,"featured_media":5314,"comment_status":"closed","ping_status":"closed","sticky":false,"template":"","format":"standard","meta":{"footnotes":""},"categories":[24],"tags":[],"class_list":["post-5313","post","type-post","status-publish","format-standard","has-post-thumbnail","hentry","category-entretenimento"],"yoast_head":"<!-- This site is optimized with the Yoast SEO plugin v27.4 - https:\/\/yoast.com\/product\/yoast-seo-wordpress\/ -->\n<title>&#039;Me persegue at\u00e9 hoje&#039;, diz Reginaldo Faria sobre &#039;banana&#039; dada por personagem em &#039;Vale Tudo&#039; - Transam\u00e9rica Mococa 93,3<\/title>\n<meta name=\"robots\" content=\"index, follow, max-snippet:-1, max-image-preview:large, max-video-preview:-1\" \/>\n<link rel=\"canonical\" href=\"https:\/\/transamerica93.com.br\/home\/me-persegue-ate-hoje-diz-reginaldo-faria-sobre-banana-dada-por-personagem-em-vale-tudo\/\" \/>\n<meta property=\"og:locale\" content=\"pt_BR\" \/>\n<meta property=\"og:type\" content=\"article\" \/>\n<meta property=\"og:title\" content=\"&#039;Me persegue at\u00e9 hoje&#039;, diz Reginaldo Faria sobre &#039;banana&#039; dada por personagem em &#039;Vale Tudo&#039; - Transam\u00e9rica Mococa 93,3\" \/>\n<meta property=\"og:description\" content=\"Por Reda\u00e7\u00e3o E+ Reginaldo Faria, que interpretou o empres\u00e1rio Marco Aur\u00e9lio na vers\u00e3o original de\u00a0Vale Tudo, viveu um dos momentos mais marcantes de sua carreira no cap\u00edtulo final do folhetim. Ao fugir do Brasil ao lado de Leila, vivida por Cassia Kis, o vil\u00e3o d\u00e1 uma &#8220;banana&#8221; para seus compatriotas, um gesto que ficou eternizado &hellip;\" \/>\n<meta property=\"og:url\" content=\"https:\/\/transamerica93.com.br\/home\/me-persegue-ate-hoje-diz-reginaldo-faria-sobre-banana-dada-por-personagem-em-vale-tudo\/\" \/>\n<meta property=\"og:site_name\" content=\"Transam\u00e9rica Mococa 93,3\" \/>\n<meta property=\"article:publisher\" content=\"https:\/\/www.facebook.com\/transamericamococa\" \/>\n<meta property=\"article:published_time\" content=\"2025-04-30T21:00:49+00:00\" \/>\n<meta property=\"article:modified_time\" content=\"2025-05-02T02:41:16+00:00\" \/>\n<meta property=\"og:image\" content=\"https:\/\/transamerica93.com.br\/home\/wp-content\/uploads\/2025\/05\/1-17.jpg\" \/>\n\t<meta property=\"og:image:width\" content=\"917\" \/>\n\t<meta property=\"og:image:height\" content=\"550\" \/>\n\t<meta property=\"og:image:type\" content=\"image\/jpeg\" \/>\n<meta name=\"author\" content=\"Reda\u00e7\u00e3o\" \/>\n<meta name=\"twitter:card\" content=\"summary_large_image\" \/>\n<meta name=\"twitter:creator\" content=\"@transamerica933\" \/>\n<meta name=\"twitter:site\" content=\"@transamerica933\" \/>\n<meta name=\"twitter:label1\" content=\"Escrito por\" \/>\n\t<meta name=\"twitter:data1\" content=\"Reda\u00e7\u00e3o\" \/>\n\t<meta name=\"twitter:label2\" content=\"Est. tempo de leitura\" \/>\n\t<meta name=\"twitter:data2\" content=\"2 minutos\" \/>\n<script type=\"application\/ld+json\" class=\"yoast-schema-graph\">{\"@context\":\"https:\\\/\\\/schema.org\",\"@graph\":[{\"@type\":\"Article\",\"@id\":\"https:\\\/\\\/transamerica93.com.br\\\/home\\\/me-persegue-ate-hoje-diz-reginaldo-faria-sobre-banana-dada-por-personagem-em-vale-tudo\\\/#article\",\"isPartOf\":{\"@id\":\"https:\\\/\\\/transamerica93.com.br\\\/home\\\/me-persegue-ate-hoje-diz-reginaldo-faria-sobre-banana-dada-por-personagem-em-vale-tudo\\\/\"},\"author\":{\"name\":\"Reda\u00e7\u00e3o\",\"@id\":\"https:\\\/\\\/transamerica93.com.br\\\/home\\\/#\\\/schema\\\/person\\\/7fed7c99c0d4562efa8561bc0f543172\"},\"headline\":\"&#8216;Me persegue at\u00e9 hoje&#8217;, diz Reginaldo Faria sobre &#8216;banana&#8217; dada por personagem em &#8216;Vale Tudo&#8217;\",\"datePublished\":\"2025-04-30T21:00:49+00:00\",\"dateModified\":\"2025-05-02T02:41:16+00:00\",\"mainEntityOfPage\":{\"@id\":\"https:\\\/\\\/transamerica93.com.br\\\/home\\\/me-persegue-ate-hoje-diz-reginaldo-faria-sobre-banana-dada-por-personagem-em-vale-tudo\\\/\"},\"wordCount\":296,\"publisher\":{\"@id\":\"https:\\\/\\\/transamerica93.com.br\\\/home\\\/#organization\"},\"image\":{\"@id\":\"https:\\\/\\\/transamerica93.com.br\\\/home\\\/me-persegue-ate-hoje-diz-reginaldo-faria-sobre-banana-dada-por-personagem-em-vale-tudo\\\/#primaryimage\"},\"thumbnailUrl\":\"https:\\\/\\\/transamerica93.com.br\\\/home\\\/wp-content\\\/uploads\\\/2025\\\/05\\\/1-17.jpg\",\"articleSection\":[\"Entretenimento\"],\"inLanguage\":\"pt-BR\"},{\"@type\":\"WebPage\",\"@id\":\"https:\\\/\\\/transamerica93.com.br\\\/home\\\/me-persegue-ate-hoje-diz-reginaldo-faria-sobre-banana-dada-por-personagem-em-vale-tudo\\\/\",\"url\":\"https:\\\/\\\/transamerica93.com.br\\\/home\\\/me-persegue-ate-hoje-diz-reginaldo-faria-sobre-banana-dada-por-personagem-em-vale-tudo\\\/\",\"name\":\"'Me persegue at\u00e9 hoje', diz Reginaldo Faria sobre 'banana' dada por personagem em 'Vale Tudo' - Transam\u00e9rica Mococa 93,3\",\"isPartOf\":{\"@id\":\"https:\\\/\\\/transamerica93.com.br\\\/home\\\/#website\"},\"primaryImageOfPage\":{\"@id\":\"https:\\\/\\\/transamerica93.com.br\\\/home\\\/me-persegue-ate-hoje-diz-reginaldo-faria-sobre-banana-dada-por-personagem-em-vale-tudo\\\/#primaryimage\"},\"image\":{\"@id\":\"https:\\\/\\\/transamerica93.com.br\\\/home\\\/me-persegue-ate-hoje-diz-reginaldo-faria-sobre-banana-dada-por-personagem-em-vale-tudo\\\/#primaryimage\"},\"thumbnailUrl\":\"https:\\\/\\\/transamerica93.com.br\\\/home\\\/wp-content\\\/uploads\\\/2025\\\/05\\\/1-17.jpg\",\"datePublished\":\"2025-04-30T21:00:49+00:00\",\"dateModified\":\"2025-05-02T02:41:16+00:00\",\"breadcrumb\":{\"@id\":\"https:\\\/\\\/transamerica93.com.br\\\/home\\\/me-persegue-ate-hoje-diz-reginaldo-faria-sobre-banana-dada-por-personagem-em-vale-tudo\\\/#breadcrumb\"},\"inLanguage\":\"pt-BR\",\"potentialAction\":[{\"@type\":\"ReadAction\",\"target\":[\"https:\\\/\\\/transamerica93.com.br\\\/home\\\/me-persegue-ate-hoje-diz-reginaldo-faria-sobre-banana-dada-por-personagem-em-vale-tudo\\\/\"]}]},{\"@type\":\"ImageObject\",\"inLanguage\":\"pt-BR\",\"@id\":\"https:\\\/\\\/transamerica93.com.br\\\/home\\\/me-persegue-ate-hoje-diz-reginaldo-faria-sobre-banana-dada-por-personagem-em-vale-tudo\\\/#primaryimage\",\"url\":\"https:\\\/\\\/transamerica93.com.br\\\/home\\\/wp-content\\\/uploads\\\/2025\\\/05\\\/1-17.jpg\",\"contentUrl\":\"https:\\\/\\\/transamerica93.com.br\\\/home\\\/wp-content\\\/uploads\\\/2025\\\/05\\\/1-17.jpg\",\"width\":917,\"height\":550},{\"@type\":\"BreadcrumbList\",\"@id\":\"https:\\\/\\\/transamerica93.com.br\\\/home\\\/me-persegue-ate-hoje-diz-reginaldo-faria-sobre-banana-dada-por-personagem-em-vale-tudo\\\/#breadcrumb\",\"itemListElement\":[{\"@type\":\"ListItem\",\"position\":1,\"name\":\"In\u00edcio\",\"item\":\"https:\\\/\\\/transamerica93.com.br\\\/home\\\/\"},{\"@type\":\"ListItem\",\"position\":2,\"name\":\"&#8216;Me persegue at\u00e9 hoje&#8217;, diz Reginaldo Faria sobre &#8216;banana&#8217; dada por personagem em &#8216;Vale Tudo&#8217;\"}]},{\"@type\":\"WebSite\",\"@id\":\"https:\\\/\\\/transamerica93.com.br\\\/home\\\/#website\",\"url\":\"https:\\\/\\\/transamerica93.com.br\\\/home\\\/\",\"name\":\"Transam\u00e9rica Mococa 93,3\",\"description\":\"\",\"publisher\":{\"@id\":\"https:\\\/\\\/transamerica93.com.br\\\/home\\\/#organization\"},\"potentialAction\":[{\"@type\":\"SearchAction\",\"target\":{\"@type\":\"EntryPoint\",\"urlTemplate\":\"https:\\\/\\\/transamerica93.com.br\\\/home\\\/?s={search_term_string}\"},\"query-input\":{\"@type\":\"PropertyValueSpecification\",\"valueRequired\":true,\"valueName\":\"search_term_string\"}}],\"inLanguage\":\"pt-BR\"},{\"@type\":\"Organization\",\"@id\":\"https:\\\/\\\/transamerica93.com.br\\\/home\\\/#organization\",\"name\":\"Transam\u00e9rica Mococa 93,3\",\"url\":\"https:\\\/\\\/transamerica93.com.br\\\/home\\\/\",\"logo\":{\"@type\":\"ImageObject\",\"inLanguage\":\"pt-BR\",\"@id\":\"https:\\\/\\\/transamerica93.com.br\\\/home\\\/#\\\/schema\\\/logo\\\/image\\\/\",\"url\":\"https:\\\/\\\/transamerica93.com.br\\\/home\\\/wp-content\\\/uploads\\\/2023\\\/10\\\/logo2.png\",\"contentUrl\":\"https:\\\/\\\/transamerica93.com.br\\\/home\\\/wp-content\\\/uploads\\\/2023\\\/10\\\/logo2.png\",\"width\":800,\"height\":500,\"caption\":\"Transam\u00e9rica Mococa 93,3\"},\"image\":{\"@id\":\"https:\\\/\\\/transamerica93.com.br\\\/home\\\/#\\\/schema\\\/logo\\\/image\\\/\"},\"sameAs\":[\"https:\\\/\\\/www.facebook.com\\\/transamericamococa\",\"https:\\\/\\\/x.com\\\/transamerica933\",\"https:\\\/\\\/www.instagram.com\\\/transamericamococa\"]},{\"@type\":\"Person\",\"@id\":\"https:\\\/\\\/transamerica93.com.br\\\/home\\\/#\\\/schema\\\/person\\\/7fed7c99c0d4562efa8561bc0f543172\",\"name\":\"Reda\u00e7\u00e3o\",\"image\":{\"@type\":\"ImageObject\",\"inLanguage\":\"pt-BR\",\"@id\":\"https:\\\/\\\/secure.gravatar.com\\\/avatar\\\/1072c6b775fb02ef8506ce967551d95926669a6b7d2c2147b42eea4d7c68395e?s=96&d=mm&r=g\",\"url\":\"https:\\\/\\\/secure.gravatar.com\\\/avatar\\\/1072c6b775fb02ef8506ce967551d95926669a6b7d2c2147b42eea4d7c68395e?s=96&d=mm&r=g\",\"contentUrl\":\"https:\\\/\\\/secure.gravatar.com\\\/avatar\\\/1072c6b775fb02ef8506ce967551d95926669a6b7d2c2147b42eea4d7c68395e?s=96&d=mm&r=g\",\"caption\":\"Reda\u00e7\u00e3o\"},\"sameAs\":[\"https:\\\/\\\/transamerica93.com.br\\\/home\"],\"url\":\"https:\\\/\\\/transamerica93.com.br\\\/home\\\/author\\\/william\\\/\"}]}<\/script>\n<!-- \/ Yoast SEO plugin. -->","yoast_head_json":{"title":"'Me persegue at\u00e9 hoje', diz Reginaldo Faria sobre 'banana' dada por personagem em 'Vale Tudo' - Transam\u00e9rica Mococa 93,3","robots":{"index":"index","follow":"follow","max-snippet":"max-snippet:-1","max-image-preview":"max-image-preview:large","max-video-preview":"max-video-preview:-1"},"canonical":"https:\/\/transamerica93.com.br\/home\/me-persegue-ate-hoje-diz-reginaldo-faria-sobre-banana-dada-por-personagem-em-vale-tudo\/","og_locale":"pt_BR","og_type":"article","og_title":"'Me persegue at\u00e9 hoje', diz Reginaldo Faria sobre 'banana' dada por personagem em 'Vale Tudo' - Transam\u00e9rica Mococa 93,3","og_description":"Por Reda\u00e7\u00e3o E+ Reginaldo Faria, que interpretou o empres\u00e1rio Marco Aur\u00e9lio na vers\u00e3o original de\u00a0Vale Tudo, viveu um dos momentos mais marcantes de sua carreira no cap\u00edtulo final do folhetim. Ao fugir do Brasil ao lado de Leila, vivida por Cassia Kis, o vil\u00e3o d\u00e1 uma &#8220;banana&#8221; para seus compatriotas, um gesto que ficou eternizado &hellip;","og_url":"https:\/\/transamerica93.com.br\/home\/me-persegue-ate-hoje-diz-reginaldo-faria-sobre-banana-dada-por-personagem-em-vale-tudo\/","og_site_name":"Transam\u00e9rica Mococa 93,3","article_publisher":"https:\/\/www.facebook.com\/transamericamococa","article_published_time":"2025-04-30T21:00:49+00:00","article_modified_time":"2025-05-02T02:41:16+00:00","og_image":[{"width":917,"height":550,"url":"https:\/\/transamerica93.com.br\/home\/wp-content\/uploads\/2025\/05\/1-17.jpg","type":"image\/jpeg"}],"author":"Reda\u00e7\u00e3o","twitter_card":"summary_large_image","twitter_creator":"@transamerica933","twitter_site":"@transamerica933","twitter_misc":{"Escrito por":"Reda\u00e7\u00e3o","Est. tempo de leitura":"2 minutos"},"schema":{"@context":"https:\/\/schema.org","@graph":[{"@type":"Article","@id":"https:\/\/transamerica93.com.br\/home\/me-persegue-ate-hoje-diz-reginaldo-faria-sobre-banana-dada-por-personagem-em-vale-tudo\/#article","isPartOf":{"@id":"https:\/\/transamerica93.com.br\/home\/me-persegue-ate-hoje-diz-reginaldo-faria-sobre-banana-dada-por-personagem-em-vale-tudo\/"},"author":{"name":"Reda\u00e7\u00e3o","@id":"https:\/\/transamerica93.com.br\/home\/#\/schema\/person\/7fed7c99c0d4562efa8561bc0f543172"},"headline":"&#8216;Me persegue at\u00e9 hoje&#8217;, diz Reginaldo Faria sobre &#8216;banana&#8217; dada por personagem em &#8216;Vale Tudo&#8217;","datePublished":"2025-04-30T21:00:49+00:00","dateModified":"2025-05-02T02:41:16+00:00","mainEntityOfPage":{"@id":"https:\/\/transamerica93.com.br\/home\/me-persegue-ate-hoje-diz-reginaldo-faria-sobre-banana-dada-por-personagem-em-vale-tudo\/"},"wordCount":296,"publisher":{"@id":"https:\/\/transamerica93.com.br\/home\/#organization"},"image":{"@id":"https:\/\/transamerica93.com.br\/home\/me-persegue-ate-hoje-diz-reginaldo-faria-sobre-banana-dada-por-personagem-em-vale-tudo\/#primaryimage"},"thumbnailUrl":"https:\/\/transamerica93.com.br\/home\/wp-content\/uploads\/2025\/05\/1-17.jpg","articleSection":["Entretenimento"],"inLanguage":"pt-BR"},{"@type":"WebPage","@id":"https:\/\/transamerica93.com.br\/home\/me-persegue-ate-hoje-diz-reginaldo-faria-sobre-banana-dada-por-personagem-em-vale-tudo\/","url":"https:\/\/transamerica93.com.br\/home\/me-persegue-ate-hoje-diz-reginaldo-faria-sobre-banana-dada-por-personagem-em-vale-tudo\/","name":"'Me persegue at\u00e9 hoje', diz Reginaldo Faria sobre 'banana' dada por personagem em 'Vale Tudo' - Transam\u00e9rica Mococa 93,3","isPartOf":{"@id":"https:\/\/transamerica93.com.br\/home\/#website"},"primaryImageOfPage":{"@id":"https:\/\/transamerica93.com.br\/home\/me-persegue-ate-hoje-diz-reginaldo-faria-sobre-banana-dada-por-personagem-em-vale-tudo\/#primaryimage"},"image":{"@id":"https:\/\/transamerica93.com.br\/home\/me-persegue-ate-hoje-diz-reginaldo-faria-sobre-banana-dada-por-personagem-em-vale-tudo\/#primaryimage"},"thumbnailUrl":"https:\/\/transamerica93.com.br\/home\/wp-content\/uploads\/2025\/05\/1-17.jpg","datePublished":"2025-04-30T21:00:49+00:00","dateModified":"2025-05-02T02:41:16+00:00","breadcrumb":{"@id":"https:\/\/transamerica93.com.br\/home\/me-persegue-ate-hoje-diz-reginaldo-faria-sobre-banana-dada-por-personagem-em-vale-tudo\/#breadcrumb"},"inLanguage":"pt-BR","potentialAction":[{"@type":"ReadAction","target":["https:\/\/transamerica93.com.br\/home\/me-persegue-ate-hoje-diz-reginaldo-faria-sobre-banana-dada-por-personagem-em-vale-tudo\/"]}]},{"@type":"ImageObject","inLanguage":"pt-BR","@id":"https:\/\/transamerica93.com.br\/home\/me-persegue-ate-hoje-diz-reginaldo-faria-sobre-banana-dada-por-personagem-em-vale-tudo\/#primaryimage","url":"https:\/\/transamerica93.com.br\/home\/wp-content\/uploads\/2025\/05\/1-17.jpg","contentUrl":"https:\/\/transamerica93.com.br\/home\/wp-content\/uploads\/2025\/05\/1-17.jpg","width":917,"height":550},{"@type":"BreadcrumbList","@id":"https:\/\/transamerica93.com.br\/home\/me-persegue-ate-hoje-diz-reginaldo-faria-sobre-banana-dada-por-personagem-em-vale-tudo\/#breadcrumb","itemListElement":[{"@type":"ListItem","position":1,"name":"In\u00edcio","item":"https:\/\/transamerica93.com.br\/home\/"},{"@type":"ListItem","position":2,"name":"&#8216;Me persegue at\u00e9 hoje&#8217;, diz Reginaldo Faria sobre &#8216;banana&#8217; dada por personagem em &#8216;Vale Tudo&#8217;"}]},{"@type":"WebSite","@id":"https:\/\/transamerica93.com.br\/home\/#website","url":"https:\/\/transamerica93.com.br\/home\/","name":"Transam\u00e9rica Mococa 93,3","description":"","publisher":{"@id":"https:\/\/transamerica93.com.br\/home\/#organization"},"potentialAction":[{"@type":"SearchAction","target":{"@type":"EntryPoint","urlTemplate":"https:\/\/transamerica93.com.br\/home\/?s={search_term_string}"},"query-input":{"@type":"PropertyValueSpecification","valueRequired":true,"valueName":"search_term_string"}}],"inLanguage":"pt-BR"},{"@type":"Organization","@id":"https:\/\/transamerica93.com.br\/home\/#organization","name":"Transam\u00e9rica Mococa 93,3","url":"https:\/\/transamerica93.com.br\/home\/","logo":{"@type":"ImageObject","inLanguage":"pt-BR","@id":"https:\/\/transamerica93.com.br\/home\/#\/schema\/logo\/image\/","url":"https:\/\/transamerica93.com.br\/home\/wp-content\/uploads\/2023\/10\/logo2.png","contentUrl":"https:\/\/transamerica93.com.br\/home\/wp-content\/uploads\/2023\/10\/logo2.png","width":800,"height":500,"caption":"Transam\u00e9rica Mococa 93,3"},"image":{"@id":"https:\/\/transamerica93.com.br\/home\/#\/schema\/logo\/image\/"},"sameAs":["https:\/\/www.facebook.com\/transamericamococa","https:\/\/x.com\/transamerica933","https:\/\/www.instagram.com\/transamericamococa"]},{"@type":"Person","@id":"https:\/\/transamerica93.com.br\/home\/#\/schema\/person\/7fed7c99c0d4562efa8561bc0f543172","name":"Reda\u00e7\u00e3o","image":{"@type":"ImageObject","inLanguage":"pt-BR","@id":"https:\/\/secure.gravatar.com\/avatar\/1072c6b775fb02ef8506ce967551d95926669a6b7d2c2147b42eea4d7c68395e?s=96&d=mm&r=g","url":"https:\/\/secure.gravatar.com\/avatar\/1072c6b775fb02ef8506ce967551d95926669a6b7d2c2147b42eea4d7c68395e?s=96&d=mm&r=g","contentUrl":"https:\/\/secure.gravatar.com\/avatar\/1072c6b775fb02ef8506ce967551d95926669a6b7d2c2147b42eea4d7c68395e?s=96&d=mm&r=g","caption":"Reda\u00e7\u00e3o"},"sameAs":["https:\/\/transamerica93.com.br\/home"],"url":"https:\/\/transamerica93.com.br\/home\/author\/william\/"}]}},"_links":{"self":[{"href":"https:\/\/transamerica93.com.br\/home\/wp-json\/wp\/v2\/posts\/5313","targetHints":{"allow":["GET"]}}],"collection":[{"href":"https:\/\/transamerica93.com.br\/home\/wp-json\/wp\/v2\/posts"}],"about":[{"href":"https:\/\/transamerica93.com.br\/home\/wp-json\/wp\/v2\/types\/post"}],"author":[{"embeddable":true,"href":"https:\/\/transamerica93.com.br\/home\/wp-json\/wp\/v2\/users\/1"}],"replies":[{"embeddable":true,"href":"https:\/\/transamerica93.com.br\/home\/wp-json\/wp\/v2\/comments?post=5313"}],"version-history":[{"count":1,"href":"https:\/\/transamerica93.com.br\/home\/wp-json\/wp\/v2\/posts\/5313\/revisions"}],"predecessor-version":[{"id":5315,"href":"https:\/\/transamerica93.com.br\/home\/wp-json\/wp\/v2\/posts\/5313\/revisions\/5315"}],"wp:featuredmedia":[{"embeddable":true,"href":"https:\/\/transamerica93.com.br\/home\/wp-json\/wp\/v2\/media\/5314"}],"wp:attachment":[{"href":"https:\/\/transamerica93.com.br\/home\/wp-json\/wp\/v2\/media?parent=5313"}],"wp:term":[{"taxonomy":"category","embeddable":true,"href":"https:\/\/transamerica93.com.br\/home\/wp-json\/wp\/v2\/categories?post=5313"},{"taxonomy":"post_tag","embeddable":true,"href":"https:\/\/transamerica93.com.br\/home\/wp-json\/wp\/v2\/tags?post=5313"}],"curies":[{"name":"wp","href":"https:\/\/api.w.org\/{rel}","templated":true}]}}