{"id":5316,"date":"2025-05-05T09:00:30","date_gmt":"2025-05-05T12:00:30","guid":{"rendered":"https:\/\/transamerica93.com.br\/home\/?p=5316"},"modified":"2025-05-02T23:33:27","modified_gmt":"2025-05-03T02:33:27","slug":"aposentados-do-inss-que-ganham-mais-que-o-minimo-comecam-a-receber-13o","status":"publish","type":"post","link":"https:\/\/transamerica93.com.br\/home\/aposentados-do-inss-que-ganham-mais-que-o-minimo-comecam-a-receber-13o\/","title":{"rendered":"Aposentados do INSS que ganham mais que o m\u00ednimo come\u00e7am a receber 13\u00ba"},"content":{"rendered":"<div class=\"conteudo-noticia\">\n<p><strong>Os aposentados, pensionistas e benefici\u00e1rios de aux\u00edlios do Instituto Nacional do Seguro Social (INSS) que ganham mais de um sal\u00e1rio m\u00ednimo come\u00e7aram a receber nesta sexta-feira (2) a primeira parcela do d\u00e9cimo terceiro. Feito de forma escalonada, conforme o d\u00edgito final do N\u00famero de Inscri\u00e7\u00e3o Social (NIS). O pagamento vai at\u00e9 8 de maio.<\/strong><img decoding=\"async\" data-src=\"https:\/\/agenciabrasil.ebc.com.br\/ebc.png?id=1641188&amp;o=node\" src=\"data:image\/svg+xml;base64,PHN2ZyB3aWR0aD0iMSIgaGVpZ2h0PSIxIiB4bWxucz0iaHR0cDovL3d3dy53My5vcmcvMjAwMC9zdmciPjwvc3ZnPg==\" class=\"lazyload\" \/><img decoding=\"async\" data-src=\"https:\/\/agenciabrasil.ebc.com.br\/ebc.gif?id=1641188&amp;o=node\" src=\"data:image\/svg+xml;base64,PHN2ZyB3aWR0aD0iMSIgaGVpZ2h0PSIxIiB4bWxucz0iaHR0cDovL3d3dy53My5vcmcvMjAwMC9zdmciPjwvc3ZnPg==\" class=\"lazyload\" \/><\/p>\n<p><a href=\"https:\/\/agenciabrasil.ebc.com.br\/economia\/noticia\/2025-04\/aposentados-e-pensionistas-comecam-receber-antecipacao-do-13o\" target=\"_blank\" rel=\"noopener\">A antecipa\u00e7\u00e3o do d\u00e9cimo terceiro para quem ganha o benef\u00edcio m\u00ednimo, equivalente ao sal\u00e1rio m\u00ednimo de R$ 1.518, come\u00e7ou a ser paga no \u00faltimo dia 24<\/a>. Ao todo, cerca de 34,2 milh\u00f5es de pessoas est\u00e3o sendo beneficiadas com a medida.<\/p>\n<p><a href=\"https:\/\/agenciabrasil.ebc.com.br\/economia\/noticia\/2025-04\/inss-13o-antecipado-injetara-r-733-bi-na-economia-veja-calendario\" target=\"_blank\" rel=\"noopener\">Com previs\u00e3o de injetar R$ 73,3 bilh\u00f5es na economia<\/a>, a antecipa\u00e7\u00e3o do d\u00e9cimo terceiro do INSS ser\u00e1 paga em duas parcelas. A segunda parcela vai de 26 de maio a 6 de junho. As datas s\u00e3o definidas com base no d\u00edgito final do N\u00famero de Inscri\u00e7\u00e3o Social (NIS) e com base na renda do benefici\u00e1rio. Quem ganha apenas o sal\u00e1rio m\u00ednimo come\u00e7a a receber antes de quem recebe mais que o m\u00ednimo.<\/p>\n<p><strong>Desde 16 de abril, a consulta do d\u00e9cimo terceiro pode ser feita no aplicativo Meu INSS, dispon\u00edvel para celulares e<em>\u00a0tablets<\/em>, ou no\u00a0<em>site\u00a0<\/em>gov.br\/meuinss<\/strong>. Quem n\u00e3o tiver acesso \u00e0 internet pode consultar a libera\u00e7\u00e3o do d\u00e9cimo terceiro pelo telefone 135. Nesse caso, \u00e9 necess\u00e1rio informar o n\u00famero do Cadastro de Pessoas F\u00edsicas (CPF) e confirmar alguns dados ao atendente antes de fazer a consulta. O atendimento telef\u00f4nico est\u00e1 dispon\u00edvel de segunda a s\u00e1bado, das 7h \u00e0s 22h.<\/p>\n<h2>Quem recebe mais que o sal\u00e1rio m\u00ednimo<\/h2>\n<table style=\"width: 49.4211%;\" border=\"1\" cellspacing=\"1\" cellpadding=\"1\">\n<tbody>\n<tr>\n<td style=\"width: 28.5714%;\">\u00a0\u00a0\u00a0\u00a0 Final do NIS<\/td>\n<td style=\"width: 34.949%;\">\u00a0\u00a0\u00a0 Primeira parcela<\/td>\n<td style=\"width: 35.7143%;\">\u00a0\u00a0\u00a0 Segunda parcela<\/td>\n<\/tr>\n<tr>\n<td style=\"width: 28.5714%;\">\u00a0\u00a0\u00a0 1 e 6<\/td>\n<td style=\"width: 34.949%;\">\u00a0\u00a0\u00a0 2 de maio<\/td>\n<td style=\"width: 35.7143%;\">\u00a0\u00a0\u00a0 2 de junho<\/td>\n<\/tr>\n<tr>\n<td style=\"width: 28.5714%;\">\u00a0\u00a0\u00a0 2 e 7<\/td>\n<td style=\"width: 34.949%;\">\u00a0\u00a0\u00a0 5 de maio<\/td>\n<td style=\"width: 35.7143%;\">\u00a0\u00a0\u00a0 3 de junho<\/td>\n<\/tr>\n<tr>\n<td style=\"width: 28.5714%;\">\u00a0\u00a0\u00a0 3 e 8<\/td>\n<td style=\"width: 34.949%;\">\u00a0\u00a0\u00a0 6 de maio<\/td>\n<td style=\"width: 35.7143%;\">\u00a0\u00a0\u00a0 4 de junho<\/td>\n<\/tr>\n<tr>\n<td style=\"width: 28.5714%;\">\u00a0\u00a0\u00a0 4 e 9<\/td>\n<td style=\"width: 34.949%;\">\u00a0\u00a0\u00a0 7 de maio<\/td>\n<td style=\"width: 35.7143%;\">\u00a0\u00a0\u00a0 5 de junho<\/td>\n<\/tr>\n<tr>\n<td style=\"width: 28.5714%;\">\u00a0\u00a0\u00a0 5 e 0<\/td>\n<td style=\"width: 34.949%;\">\u00a0\u00a0\u00a0 8 de maio<\/td>\n<td style=\"width: 35.7143%;\">\u00a0\u00a0\u00a0 6\u00a0de junho<\/td>\n<\/tr>\n<\/tbody>\n<\/table>\n<p>&nbsp;<\/p>\n<p><a href=\"https:\/\/agenciabrasil.ebc.com.br\/economia\/noticia\/2025-04\/governo-antecipa-13o-de-aposentados-do-inss-para-abril-e-maio\" target=\"_blank\" rel=\"noopener\">O decreto com a antecipa\u00e7\u00e3o do d\u00e9cimo terceiro do INSS foi assinado no in\u00edcio do m\u00eas passado pelo presidente Luiz In\u00e1cio Lula da Silva<\/a>. Este ser\u00e1 o sexto ano seguido em que os segurados do INSS receber\u00e3o do d\u00e9cimo terceiro antes das datas tradicionais, em agosto e em dezembro.Em 2020 e 2021, o pagamento ocorreu mais cedo por causa da pandemia de covid-19. Em 2022 e 2023, as parcelas foram pagas em maio e junho. Em 2024, em abril e maio.<\/p>\n<p><strong>Conforme os dados mais recentes do INSS, de fevereiro, 28,68 milh\u00f5es de pessoas, cerca de 70,5% do total dos segurados do INSS, ganham at\u00e9 um sal\u00e1rio m\u00ednimo\u00a0 por\u00a0 m\u00eas\u00a0 (R$ 1.518),\u00a0 enquanto 11,98 milh\u00f5es recebem acima do piso nacional. Desse total, 10,6 mil ganham o teto da Previd\u00eancia Social, que \u00e9 de R$ 8.157,41.<\/strong><\/p>\n<p>A maioria dos aposentados e pensionistas receber\u00e1 50% do d\u00e9cimo terceiro na primeira parcela. A exce\u00e7\u00e3o \u00e9 para quem passou a receber o benef\u00edcio depois de janeiro e ter\u00e1 o valor calculado proporcionalmente.<\/p>\n<p><strong>O Minist\u00e9rio da Previd\u00eancia esclarece que os segurados que recebem benef\u00edcio por incapacidade tempor\u00e1ria (antigo aux\u00edlio-doen\u00e7a) tamb\u00e9m t\u00eam direito a uma parcela menor do d\u00e9cimo terceiro, calculada de acordo com a dura\u00e7\u00e3o do benef\u00edcio. Por lei, os segurados que recebem benef\u00edcios assistenciais, como o Benef\u00edcio de Presta\u00e7\u00e3o Continuada (BPC) e o Renda Mensal Vital\u00edcia, n\u00e3o t\u00eam direito a d\u00e9cimo terceiro sal\u00e1rio.<\/strong><\/p>\n<\/div>\n<div class=\"footer-noticia\">\n<div class=\"editor rowflex\">Edi\u00e7\u00e3o: N\u00e1dia Franco<\/div>\n<\/div>\n","protected":false},"excerpt":{"rendered":"<p>Os aposentados, pensionistas e benefici\u00e1rios de aux\u00edlios do Instituto Nacional do Seguro Social (INSS) que ganham mais de um sal\u00e1rio m\u00ednimo come\u00e7aram a receber nesta sexta-feira (2) a primeira parcela do d\u00e9cimo terceiro. Feito de forma escalonada, conforme o d\u00edgito final do N\u00famero de Inscri\u00e7\u00e3o Social (NIS). O pagamento vai at\u00e9 8 de maio. A &hellip;<\/p>\n","protected":false},"author":1,"featured_media":5317,"comment_status":"closed","ping_status":"closed","sticky":false,"template":"","format":"standard","meta":{"footnotes":""},"categories":[30],"tags":[],"class_list":["post-5316","post","type-post","status-publish","format-standard","has-post-thumbnail","hentry","category-geral"],"yoast_head":"<!-- This site is optimized with the Yoast SEO plugin v27.4 - https:\/\/yoast.com\/product\/yoast-seo-wordpress\/ -->\n<title>Aposentados do INSS que ganham mais que o m\u00ednimo come\u00e7am a receber 13\u00ba - Transam\u00e9rica Mococa 93,3<\/title>\n<meta name=\"robots\" content=\"index, follow, max-snippet:-1, max-image-preview:large, max-video-preview:-1\" \/>\n<link rel=\"canonical\" href=\"https:\/\/transamerica93.com.br\/home\/aposentados-do-inss-que-ganham-mais-que-o-minimo-comecam-a-receber-13o\/\" \/>\n<meta property=\"og:locale\" content=\"pt_BR\" \/>\n<meta property=\"og:type\" content=\"article\" \/>\n<meta property=\"og:title\" content=\"Aposentados do INSS que ganham mais que o m\u00ednimo come\u00e7am a receber 13\u00ba - Transam\u00e9rica Mococa 93,3\" \/>\n<meta property=\"og:description\" content=\"Os aposentados, pensionistas e benefici\u00e1rios de aux\u00edlios do Instituto Nacional do Seguro Social (INSS) que ganham mais de um sal\u00e1rio m\u00ednimo come\u00e7aram a receber nesta sexta-feira (2) a primeira parcela do d\u00e9cimo terceiro. Feito de forma escalonada, conforme o d\u00edgito final do N\u00famero de Inscri\u00e7\u00e3o Social (NIS). O pagamento vai at\u00e9 8 de maio. A &hellip;\" \/>\n<meta property=\"og:url\" content=\"https:\/\/transamerica93.com.br\/home\/aposentados-do-inss-que-ganham-mais-que-o-minimo-comecam-a-receber-13o\/\" \/>\n<meta property=\"og:site_name\" content=\"Transam\u00e9rica Mococa 93,3\" \/>\n<meta property=\"article:publisher\" content=\"https:\/\/www.facebook.com\/transamericamococa\" \/>\n<meta property=\"article:published_time\" content=\"2025-05-05T12:00:30+00:00\" \/>\n<meta property=\"og:image\" content=\"https:\/\/transamerica93.com.br\/home\/wp-content\/uploads\/2025\/05\/1-18.jpg\" \/>\n\t<meta property=\"og:image:width\" content=\"1170\" \/>\n\t<meta property=\"og:image:height\" content=\"700\" \/>\n\t<meta property=\"og:image:type\" content=\"image\/jpeg\" \/>\n<meta name=\"author\" content=\"Reda\u00e7\u00e3o\" \/>\n<meta name=\"twitter:card\" content=\"summary_large_image\" \/>\n<meta name=\"twitter:creator\" content=\"@transamerica933\" \/>\n<meta name=\"twitter:site\" content=\"@transamerica933\" \/>\n<meta name=\"twitter:label1\" content=\"Escrito por\" \/>\n\t<meta name=\"twitter:data1\" content=\"Reda\u00e7\u00e3o\" \/>\n\t<meta name=\"twitter:label2\" content=\"Est. tempo de leitura\" \/>\n\t<meta name=\"twitter:data2\" content=\"4 minutos\" \/>\n<script type=\"application\/ld+json\" class=\"yoast-schema-graph\">{\"@context\":\"https:\\\/\\\/schema.org\",\"@graph\":[{\"@type\":\"Article\",\"@id\":\"https:\\\/\\\/transamerica93.com.br\\\/home\\\/aposentados-do-inss-que-ganham-mais-que-o-minimo-comecam-a-receber-13o\\\/#article\",\"isPartOf\":{\"@id\":\"https:\\\/\\\/transamerica93.com.br\\\/home\\\/aposentados-do-inss-que-ganham-mais-que-o-minimo-comecam-a-receber-13o\\\/\"},\"author\":{\"name\":\"Reda\u00e7\u00e3o\",\"@id\":\"https:\\\/\\\/transamerica93.com.br\\\/home\\\/#\\\/schema\\\/person\\\/7fed7c99c0d4562efa8561bc0f543172\"},\"headline\":\"Aposentados do INSS que ganham mais que o m\u00ednimo come\u00e7am a receber 13\u00ba\",\"datePublished\":\"2025-05-05T12:00:30+00:00\",\"mainEntityOfPage\":{\"@id\":\"https:\\\/\\\/transamerica93.com.br\\\/home\\\/aposentados-do-inss-que-ganham-mais-que-o-minimo-comecam-a-receber-13o\\\/\"},\"wordCount\":588,\"publisher\":{\"@id\":\"https:\\\/\\\/transamerica93.com.br\\\/home\\\/#organization\"},\"image\":{\"@id\":\"https:\\\/\\\/transamerica93.com.br\\\/home\\\/aposentados-do-inss-que-ganham-mais-que-o-minimo-comecam-a-receber-13o\\\/#primaryimage\"},\"thumbnailUrl\":\"https:\\\/\\\/transamerica93.com.br\\\/home\\\/wp-content\\\/uploads\\\/2025\\\/05\\\/1-18.jpg\",\"articleSection\":[\"Geral\"],\"inLanguage\":\"pt-BR\"},{\"@type\":\"WebPage\",\"@id\":\"https:\\\/\\\/transamerica93.com.br\\\/home\\\/aposentados-do-inss-que-ganham-mais-que-o-minimo-comecam-a-receber-13o\\\/\",\"url\":\"https:\\\/\\\/transamerica93.com.br\\\/home\\\/aposentados-do-inss-que-ganham-mais-que-o-minimo-comecam-a-receber-13o\\\/\",\"name\":\"Aposentados do INSS que ganham mais que o m\u00ednimo come\u00e7am a receber 13\u00ba - Transam\u00e9rica Mococa 93,3\",\"isPartOf\":{\"@id\":\"https:\\\/\\\/transamerica93.com.br\\\/home\\\/#website\"},\"primaryImageOfPage\":{\"@id\":\"https:\\\/\\\/transamerica93.com.br\\\/home\\\/aposentados-do-inss-que-ganham-mais-que-o-minimo-comecam-a-receber-13o\\\/#primaryimage\"},\"image\":{\"@id\":\"https:\\\/\\\/transamerica93.com.br\\\/home\\\/aposentados-do-inss-que-ganham-mais-que-o-minimo-comecam-a-receber-13o\\\/#primaryimage\"},\"thumbnailUrl\":\"https:\\\/\\\/transamerica93.com.br\\\/home\\\/wp-content\\\/uploads\\\/2025\\\/05\\\/1-18.jpg\",\"datePublished\":\"2025-05-05T12:00:30+00:00\",\"breadcrumb\":{\"@id\":\"https:\\\/\\\/transamerica93.com.br\\\/home\\\/aposentados-do-inss-que-ganham-mais-que-o-minimo-comecam-a-receber-13o\\\/#breadcrumb\"},\"inLanguage\":\"pt-BR\",\"potentialAction\":[{\"@type\":\"ReadAction\",\"target\":[\"https:\\\/\\\/transamerica93.com.br\\\/home\\\/aposentados-do-inss-que-ganham-mais-que-o-minimo-comecam-a-receber-13o\\\/\"]}]},{\"@type\":\"ImageObject\",\"inLanguage\":\"pt-BR\",\"@id\":\"https:\\\/\\\/transamerica93.com.br\\\/home\\\/aposentados-do-inss-que-ganham-mais-que-o-minimo-comecam-a-receber-13o\\\/#primaryimage\",\"url\":\"https:\\\/\\\/transamerica93.com.br\\\/home\\\/wp-content\\\/uploads\\\/2025\\\/05\\\/1-18.jpg\",\"contentUrl\":\"https:\\\/\\\/transamerica93.com.br\\\/home\\\/wp-content\\\/uploads\\\/2025\\\/05\\\/1-18.jpg\",\"width\":1170,\"height\":700},{\"@type\":\"BreadcrumbList\",\"@id\":\"https:\\\/\\\/transamerica93.com.br\\\/home\\\/aposentados-do-inss-que-ganham-mais-que-o-minimo-comecam-a-receber-13o\\\/#breadcrumb\",\"itemListElement\":[{\"@type\":\"ListItem\",\"position\":1,\"name\":\"In\u00edcio\",\"item\":\"https:\\\/\\\/transamerica93.com.br\\\/home\\\/\"},{\"@type\":\"ListItem\",\"position\":2,\"name\":\"Aposentados do INSS que ganham mais que o m\u00ednimo come\u00e7am a receber 13\u00ba\"}]},{\"@type\":\"WebSite\",\"@id\":\"https:\\\/\\\/transamerica93.com.br\\\/home\\\/#website\",\"url\":\"https:\\\/\\\/transamerica93.com.br\\\/home\\\/\",\"name\":\"Transam\u00e9rica Mococa 93,3\",\"description\":\"\",\"publisher\":{\"@id\":\"https:\\\/\\\/transamerica93.com.br\\\/home\\\/#organization\"},\"potentialAction\":[{\"@type\":\"SearchAction\",\"target\":{\"@type\":\"EntryPoint\",\"urlTemplate\":\"https:\\\/\\\/transamerica93.com.br\\\/home\\\/?s={search_term_string}\"},\"query-input\":{\"@type\":\"PropertyValueSpecification\",\"valueRequired\":true,\"valueName\":\"search_term_string\"}}],\"inLanguage\":\"pt-BR\"},{\"@type\":\"Organization\",\"@id\":\"https:\\\/\\\/transamerica93.com.br\\\/home\\\/#organization\",\"name\":\"Transam\u00e9rica Mococa 93,3\",\"url\":\"https:\\\/\\\/transamerica93.com.br\\\/home\\\/\",\"logo\":{\"@type\":\"ImageObject\",\"inLanguage\":\"pt-BR\",\"@id\":\"https:\\\/\\\/transamerica93.com.br\\\/home\\\/#\\\/schema\\\/logo\\\/image\\\/\",\"url\":\"https:\\\/\\\/transamerica93.com.br\\\/home\\\/wp-content\\\/uploads\\\/2023\\\/10\\\/logo2.png\",\"contentUrl\":\"https:\\\/\\\/transamerica93.com.br\\\/home\\\/wp-content\\\/uploads\\\/2023\\\/10\\\/logo2.png\",\"width\":800,\"height\":500,\"caption\":\"Transam\u00e9rica Mococa 93,3\"},\"image\":{\"@id\":\"https:\\\/\\\/transamerica93.com.br\\\/home\\\/#\\\/schema\\\/logo\\\/image\\\/\"},\"sameAs\":[\"https:\\\/\\\/www.facebook.com\\\/transamericamococa\",\"https:\\\/\\\/x.com\\\/transamerica933\",\"https:\\\/\\\/www.instagram.com\\\/transamericamococa\"]},{\"@type\":\"Person\",\"@id\":\"https:\\\/\\\/transamerica93.com.br\\\/home\\\/#\\\/schema\\\/person\\\/7fed7c99c0d4562efa8561bc0f543172\",\"name\":\"Reda\u00e7\u00e3o\",\"image\":{\"@type\":\"ImageObject\",\"inLanguage\":\"pt-BR\",\"@id\":\"https:\\\/\\\/secure.gravatar.com\\\/avatar\\\/1072c6b775fb02ef8506ce967551d95926669a6b7d2c2147b42eea4d7c68395e?s=96&d=mm&r=g\",\"url\":\"https:\\\/\\\/secure.gravatar.com\\\/avatar\\\/1072c6b775fb02ef8506ce967551d95926669a6b7d2c2147b42eea4d7c68395e?s=96&d=mm&r=g\",\"contentUrl\":\"https:\\\/\\\/secure.gravatar.com\\\/avatar\\\/1072c6b775fb02ef8506ce967551d95926669a6b7d2c2147b42eea4d7c68395e?s=96&d=mm&r=g\",\"caption\":\"Reda\u00e7\u00e3o\"},\"sameAs\":[\"https:\\\/\\\/transamerica93.com.br\\\/home\"],\"url\":\"https:\\\/\\\/transamerica93.com.br\\\/home\\\/author\\\/william\\\/\"}]}<\/script>\n<!-- \/ Yoast SEO plugin. -->","yoast_head_json":{"title":"Aposentados do INSS que ganham mais que o m\u00ednimo come\u00e7am a receber 13\u00ba - Transam\u00e9rica Mococa 93,3","robots":{"index":"index","follow":"follow","max-snippet":"max-snippet:-1","max-image-preview":"max-image-preview:large","max-video-preview":"max-video-preview:-1"},"canonical":"https:\/\/transamerica93.com.br\/home\/aposentados-do-inss-que-ganham-mais-que-o-minimo-comecam-a-receber-13o\/","og_locale":"pt_BR","og_type":"article","og_title":"Aposentados do INSS que ganham mais que o m\u00ednimo come\u00e7am a receber 13\u00ba - Transam\u00e9rica Mococa 93,3","og_description":"Os aposentados, pensionistas e benefici\u00e1rios de aux\u00edlios do Instituto Nacional do Seguro Social (INSS) que ganham mais de um sal\u00e1rio m\u00ednimo come\u00e7aram a receber nesta sexta-feira (2) a primeira parcela do d\u00e9cimo terceiro. Feito de forma escalonada, conforme o d\u00edgito final do N\u00famero de Inscri\u00e7\u00e3o Social (NIS). O pagamento vai at\u00e9 8 de maio. A &hellip;","og_url":"https:\/\/transamerica93.com.br\/home\/aposentados-do-inss-que-ganham-mais-que-o-minimo-comecam-a-receber-13o\/","og_site_name":"Transam\u00e9rica Mococa 93,3","article_publisher":"https:\/\/www.facebook.com\/transamericamococa","article_published_time":"2025-05-05T12:00:30+00:00","og_image":[{"width":1170,"height":700,"url":"https:\/\/transamerica93.com.br\/home\/wp-content\/uploads\/2025\/05\/1-18.jpg","type":"image\/jpeg"}],"author":"Reda\u00e7\u00e3o","twitter_card":"summary_large_image","twitter_creator":"@transamerica933","twitter_site":"@transamerica933","twitter_misc":{"Escrito por":"Reda\u00e7\u00e3o","Est. tempo de leitura":"4 minutos"},"schema":{"@context":"https:\/\/schema.org","@graph":[{"@type":"Article","@id":"https:\/\/transamerica93.com.br\/home\/aposentados-do-inss-que-ganham-mais-que-o-minimo-comecam-a-receber-13o\/#article","isPartOf":{"@id":"https:\/\/transamerica93.com.br\/home\/aposentados-do-inss-que-ganham-mais-que-o-minimo-comecam-a-receber-13o\/"},"author":{"name":"Reda\u00e7\u00e3o","@id":"https:\/\/transamerica93.com.br\/home\/#\/schema\/person\/7fed7c99c0d4562efa8561bc0f543172"},"headline":"Aposentados do INSS que ganham mais que o m\u00ednimo come\u00e7am a receber 13\u00ba","datePublished":"2025-05-05T12:00:30+00:00","mainEntityOfPage":{"@id":"https:\/\/transamerica93.com.br\/home\/aposentados-do-inss-que-ganham-mais-que-o-minimo-comecam-a-receber-13o\/"},"wordCount":588,"publisher":{"@id":"https:\/\/transamerica93.com.br\/home\/#organization"},"image":{"@id":"https:\/\/transamerica93.com.br\/home\/aposentados-do-inss-que-ganham-mais-que-o-minimo-comecam-a-receber-13o\/#primaryimage"},"thumbnailUrl":"https:\/\/transamerica93.com.br\/home\/wp-content\/uploads\/2025\/05\/1-18.jpg","articleSection":["Geral"],"inLanguage":"pt-BR"},{"@type":"WebPage","@id":"https:\/\/transamerica93.com.br\/home\/aposentados-do-inss-que-ganham-mais-que-o-minimo-comecam-a-receber-13o\/","url":"https:\/\/transamerica93.com.br\/home\/aposentados-do-inss-que-ganham-mais-que-o-minimo-comecam-a-receber-13o\/","name":"Aposentados do INSS que ganham mais que o m\u00ednimo come\u00e7am a receber 13\u00ba - Transam\u00e9rica Mococa 93,3","isPartOf":{"@id":"https:\/\/transamerica93.com.br\/home\/#website"},"primaryImageOfPage":{"@id":"https:\/\/transamerica93.com.br\/home\/aposentados-do-inss-que-ganham-mais-que-o-minimo-comecam-a-receber-13o\/#primaryimage"},"image":{"@id":"https:\/\/transamerica93.com.br\/home\/aposentados-do-inss-que-ganham-mais-que-o-minimo-comecam-a-receber-13o\/#primaryimage"},"thumbnailUrl":"https:\/\/transamerica93.com.br\/home\/wp-content\/uploads\/2025\/05\/1-18.jpg","datePublished":"2025-05-05T12:00:30+00:00","breadcrumb":{"@id":"https:\/\/transamerica93.com.br\/home\/aposentados-do-inss-que-ganham-mais-que-o-minimo-comecam-a-receber-13o\/#breadcrumb"},"inLanguage":"pt-BR","potentialAction":[{"@type":"ReadAction","target":["https:\/\/transamerica93.com.br\/home\/aposentados-do-inss-que-ganham-mais-que-o-minimo-comecam-a-receber-13o\/"]}]},{"@type":"ImageObject","inLanguage":"pt-BR","@id":"https:\/\/transamerica93.com.br\/home\/aposentados-do-inss-que-ganham-mais-que-o-minimo-comecam-a-receber-13o\/#primaryimage","url":"https:\/\/transamerica93.com.br\/home\/wp-content\/uploads\/2025\/05\/1-18.jpg","contentUrl":"https:\/\/transamerica93.com.br\/home\/wp-content\/uploads\/2025\/05\/1-18.jpg","width":1170,"height":700},{"@type":"BreadcrumbList","@id":"https:\/\/transamerica93.com.br\/home\/aposentados-do-inss-que-ganham-mais-que-o-minimo-comecam-a-receber-13o\/#breadcrumb","itemListElement":[{"@type":"ListItem","position":1,"name":"In\u00edcio","item":"https:\/\/transamerica93.com.br\/home\/"},{"@type":"ListItem","position":2,"name":"Aposentados do INSS que ganham mais que o m\u00ednimo come\u00e7am a receber 13\u00ba"}]},{"@type":"WebSite","@id":"https:\/\/transamerica93.com.br\/home\/#website","url":"https:\/\/transamerica93.com.br\/home\/","name":"Transam\u00e9rica Mococa 93,3","description":"","publisher":{"@id":"https:\/\/transamerica93.com.br\/home\/#organization"},"potentialAction":[{"@type":"SearchAction","target":{"@type":"EntryPoint","urlTemplate":"https:\/\/transamerica93.com.br\/home\/?s={search_term_string}"},"query-input":{"@type":"PropertyValueSpecification","valueRequired":true,"valueName":"search_term_string"}}],"inLanguage":"pt-BR"},{"@type":"Organization","@id":"https:\/\/transamerica93.com.br\/home\/#organization","name":"Transam\u00e9rica Mococa 93,3","url":"https:\/\/transamerica93.com.br\/home\/","logo":{"@type":"ImageObject","inLanguage":"pt-BR","@id":"https:\/\/transamerica93.com.br\/home\/#\/schema\/logo\/image\/","url":"https:\/\/transamerica93.com.br\/home\/wp-content\/uploads\/2023\/10\/logo2.png","contentUrl":"https:\/\/transamerica93.com.br\/home\/wp-content\/uploads\/2023\/10\/logo2.png","width":800,"height":500,"caption":"Transam\u00e9rica Mococa 93,3"},"image":{"@id":"https:\/\/transamerica93.com.br\/home\/#\/schema\/logo\/image\/"},"sameAs":["https:\/\/www.facebook.com\/transamericamococa","https:\/\/x.com\/transamerica933","https:\/\/www.instagram.com\/transamericamococa"]},{"@type":"Person","@id":"https:\/\/transamerica93.com.br\/home\/#\/schema\/person\/7fed7c99c0d4562efa8561bc0f543172","name":"Reda\u00e7\u00e3o","image":{"@type":"ImageObject","inLanguage":"pt-BR","@id":"https:\/\/secure.gravatar.com\/avatar\/1072c6b775fb02ef8506ce967551d95926669a6b7d2c2147b42eea4d7c68395e?s=96&d=mm&r=g","url":"https:\/\/secure.gravatar.com\/avatar\/1072c6b775fb02ef8506ce967551d95926669a6b7d2c2147b42eea4d7c68395e?s=96&d=mm&r=g","contentUrl":"https:\/\/secure.gravatar.com\/avatar\/1072c6b775fb02ef8506ce967551d95926669a6b7d2c2147b42eea4d7c68395e?s=96&d=mm&r=g","caption":"Reda\u00e7\u00e3o"},"sameAs":["https:\/\/transamerica93.com.br\/home"],"url":"https:\/\/transamerica93.com.br\/home\/author\/william\/"}]}},"_links":{"self":[{"href":"https:\/\/transamerica93.com.br\/home\/wp-json\/wp\/v2\/posts\/5316","targetHints":{"allow":["GET"]}}],"collection":[{"href":"https:\/\/transamerica93.com.br\/home\/wp-json\/wp\/v2\/posts"}],"about":[{"href":"https:\/\/transamerica93.com.br\/home\/wp-json\/wp\/v2\/types\/post"}],"author":[{"embeddable":true,"href":"https:\/\/transamerica93.com.br\/home\/wp-json\/wp\/v2\/users\/1"}],"replies":[{"embeddable":true,"href":"https:\/\/transamerica93.com.br\/home\/wp-json\/wp\/v2\/comments?post=5316"}],"version-history":[{"count":1,"href":"https:\/\/transamerica93.com.br\/home\/wp-json\/wp\/v2\/posts\/5316\/revisions"}],"predecessor-version":[{"id":5318,"href":"https:\/\/transamerica93.com.br\/home\/wp-json\/wp\/v2\/posts\/5316\/revisions\/5318"}],"wp:featuredmedia":[{"embeddable":true,"href":"https:\/\/transamerica93.com.br\/home\/wp-json\/wp\/v2\/media\/5317"}],"wp:attachment":[{"href":"https:\/\/transamerica93.com.br\/home\/wp-json\/wp\/v2\/media?parent=5316"}],"wp:term":[{"taxonomy":"category","embeddable":true,"href":"https:\/\/transamerica93.com.br\/home\/wp-json\/wp\/v2\/categories?post=5316"},{"taxonomy":"post_tag","embeddable":true,"href":"https:\/\/transamerica93.com.br\/home\/wp-json\/wp\/v2\/tags?post=5316"}],"curies":[{"name":"wp","href":"https:\/\/api.w.org\/{rel}","templated":true}]}}