{"id":5319,"date":"2025-05-06T09:00:42","date_gmt":"2025-05-06T12:00:42","guid":{"rendered":"https:\/\/transamerica93.com.br\/home\/?p=5319"},"modified":"2025-05-02T23:34:36","modified_gmt":"2025-05-03T02:34:36","slug":"programa-que-oferta-bolsas-de-estudo-a-negros-tem-inscricao-prorrogada","status":"publish","type":"post","link":"https:\/\/transamerica93.com.br\/home\/programa-que-oferta-bolsas-de-estudo-a-negros-tem-inscricao-prorrogada\/","title":{"rendered":"Programa que oferta bolsas de estudo a negros tem inscri\u00e7\u00e3o prorrogada"},"content":{"rendered":"<div class=\"conteudo-noticia\">\n<p><strong>O prazo de inscri\u00e7\u00f5es para a segunda edi\u00e7\u00e3o do Edital Black STEM foi prorrogado at\u00e9 12 de maio.\u00a0<\/strong>A data inicial para o fim das inscri\u00e7\u00f5es\u00a0<a href=\"http:\/\/%20https\/\/agenciabrasil.ebc.com.br\/educacao\/noticia\/2025-04\/programa-que-oferta-bolsas-de-estudo-negros-tem-inscricao-ate-dia-30\">era quarta-feira<\/a>.<img decoding=\"async\" data-src=\"https:\/\/agenciabrasil.ebc.com.br\/ebc.png?id=1641359&amp;o=node\" src=\"data:image\/svg+xml;base64,PHN2ZyB3aWR0aD0iMSIgaGVpZ2h0PSIxIiB4bWxucz0iaHR0cDovL3d3dy53My5vcmcvMjAwMC9zdmciPjwvc3ZnPg==\" class=\"lazyload\" \/><img decoding=\"async\" data-src=\"https:\/\/agenciabrasil.ebc.com.br\/ebc.gif?id=1641359&amp;o=node\" src=\"data:image\/svg+xml;base64,PHN2ZyB3aWR0aD0iMSIgaGVpZ2h0PSIxIiB4bWxucz0iaHR0cDovL3d3dy53My5vcmcvMjAwMC9zdmciPjwvc3ZnPg==\" class=\"lazyload\" \/><\/p>\n<p><strong>O programa apoia estudantes negros brasileiros em sua trajet\u00f3ria acad\u00eamica internacional nas \u00e1reas de STEM (sigla na l\u00edngua inglesa para ci\u00eancia, tecnologia, engenharia e matem\u00e1tica).<\/strong><\/p>\n<p>A iniciativa \u00e9 do\u00a0<a href=\"https:\/\/baoba.org.br\/\">Fundo Baob\u00e1 para Equidade Racial<\/a>. com apoio da B3 Social, uma associa\u00e7\u00e3o sem fins lucrativos, respons\u00e1vel pela atua\u00e7\u00e3o social da B3, voltada \u00e0 redu\u00e7\u00e3o de desigualdades sociais no Brasil.<\/p>\n<p><strong>Nesta edi\u00e7\u00e3o, o Black STEM oferece a pessoas negras (autodeclaradas pretas ou pardas), tr\u00eas bolsas complementares de R$ 35 mil<\/strong>, como forma de contribuir para a perman\u00eancia de estudantes negros em universidades fora do Brasil. O valor servir\u00e1 para cobrir despesas anuais de perman\u00eancia, como moradia, transporte, alimenta\u00e7\u00e3o, materiais acad\u00eamicos e mensalidades.<\/p>\n<p><a href=\"https:\/\/www.whatsapp.com\/channel\/0029VaoRTgrInlqYLSk59B2M\" target=\"_blank\" rel=\"noopener\">&gt;&gt; Siga o canal da\u00a0<strong>Ag\u00eancia Brasil<\/strong>\u00a0no WhatsApp<\/a><\/p>\n<p>Os selecionados ter\u00e3o acesso a mentorias individuais e coletivas, acompanhamento psicol\u00f3gico, conex\u00e3o com lideran\u00e7as negras, participa\u00e7\u00e3o em a\u00e7\u00f5es promovidas pelo Fundo Baob\u00e1 ou outras institui\u00e7\u00f5es vinculadas \u00e0 tem\u00e1tica.<\/p>\n<p>Em 2024, quatro estudantes foram contemplados e hoje estudam na China, Estados Unidos e Portugal, em cursos como ci\u00eancia da computa\u00e7\u00e3o, engenharia aeroespacial e pilotagem mar\u00edtima.<\/p>\n<p>A inscri\u00e7\u00e3o dos interessados virtual deve ser feita na\u00a0<a href=\"https:\/\/pt.surveymonkey.com\/r\/NZK9MF9\">p\u00e1gina do Fundo Baob\u00e1<\/a>\u00a0com o preenchimento do formul\u00e1rio online.<\/p>\n<p>O resultado com a lista de selecionados ser\u00e1 divulgado em 8 de julho.<\/p>\n<h2>Quem podem se candidatar<\/h2>\n<p><strong>Para se candidatar, \u00e9 necess\u00e1rio a pessoa ser negra, brasileira nata ou naturalizada.\u00a0<\/strong>Os interessados devem ter sido aprovados em cursos de gradua\u00e7\u00e3o nas \u00e1reas de ci\u00eancias exatas, experimentais e da sa\u00fade, tecnologia, matem\u00e1tica e engenharias em universidades estrangeiras, com in\u00edcio letivo em 2025, ou estejam em est\u00e1gio avan\u00e7ado de processo seletivo.<\/p>\n<p>Al\u00e9m disso, \u00e9 necess\u00e1rio que os candidatos tenham sido aprovados em algum programa de bolsas (integral ou parcial) da institui\u00e7\u00e3o onde ir\u00e3o estudar ou de outra fonte de recursos, ou estejam em est\u00e1gio avan\u00e7ado de processo seletivo para obten\u00e7\u00e3o de bolsa. Cursos em universidades p\u00fablicas com subs\u00eddio total ou parcial tamb\u00e9m ser\u00e3o considerados.<\/p>\n<\/div>\n<div class=\"footer-noticia\">\n<div class=\"editor rowflex\">Edi\u00e7\u00e3o: Sabrina Craide<\/div>\n<\/div>\n","protected":false},"excerpt":{"rendered":"<p>O prazo de inscri\u00e7\u00f5es para a segunda edi\u00e7\u00e3o do Edital Black STEM foi prorrogado at\u00e9 12 de maio.\u00a0A data inicial para o fim das inscri\u00e7\u00f5es\u00a0era quarta-feira. O programa apoia estudantes negros brasileiros em sua trajet\u00f3ria acad\u00eamica internacional nas \u00e1reas de STEM (sigla na l\u00edngua inglesa para ci\u00eancia, tecnologia, engenharia e matem\u00e1tica). A iniciativa \u00e9 do\u00a0Fundo &hellip;<\/p>\n","protected":false},"author":1,"featured_media":5320,"comment_status":"closed","ping_status":"closed","sticky":false,"template":"","format":"standard","meta":{"footnotes":""},"categories":[30],"tags":[],"class_list":["post-5319","post","type-post","status-publish","format-standard","has-post-thumbnail","hentry","category-geral"],"yoast_head":"<!-- This site is optimized with the Yoast SEO plugin v27.4 - https:\/\/yoast.com\/product\/yoast-seo-wordpress\/ -->\n<title>Programa que oferta bolsas de estudo a negros tem inscri\u00e7\u00e3o prorrogada - Transam\u00e9rica Mococa 93,3<\/title>\n<meta name=\"robots\" content=\"index, follow, max-snippet:-1, max-image-preview:large, max-video-preview:-1\" \/>\n<link rel=\"canonical\" href=\"https:\/\/transamerica93.com.br\/home\/programa-que-oferta-bolsas-de-estudo-a-negros-tem-inscricao-prorrogada\/\" \/>\n<meta property=\"og:locale\" content=\"pt_BR\" \/>\n<meta property=\"og:type\" content=\"article\" \/>\n<meta property=\"og:title\" content=\"Programa que oferta bolsas de estudo a negros tem inscri\u00e7\u00e3o prorrogada - Transam\u00e9rica Mococa 93,3\" \/>\n<meta property=\"og:description\" content=\"O prazo de inscri\u00e7\u00f5es para a segunda edi\u00e7\u00e3o do Edital Black STEM foi prorrogado at\u00e9 12 de maio.\u00a0A data inicial para o fim das inscri\u00e7\u00f5es\u00a0era quarta-feira. O programa apoia estudantes negros brasileiros em sua trajet\u00f3ria acad\u00eamica internacional nas \u00e1reas de STEM (sigla na l\u00edngua inglesa para ci\u00eancia, tecnologia, engenharia e matem\u00e1tica). A iniciativa \u00e9 do\u00a0Fundo &hellip;\" \/>\n<meta property=\"og:url\" content=\"https:\/\/transamerica93.com.br\/home\/programa-que-oferta-bolsas-de-estudo-a-negros-tem-inscricao-prorrogada\/\" \/>\n<meta property=\"og:site_name\" content=\"Transam\u00e9rica Mococa 93,3\" \/>\n<meta property=\"article:publisher\" content=\"https:\/\/www.facebook.com\/transamericamococa\" \/>\n<meta property=\"article:published_time\" content=\"2025-05-06T12:00:42+00:00\" \/>\n<meta property=\"og:image\" content=\"https:\/\/transamerica93.com.br\/home\/wp-content\/uploads\/2025\/05\/1-19.jpg\" \/>\n\t<meta property=\"og:image:width\" content=\"1170\" \/>\n\t<meta property=\"og:image:height\" content=\"700\" \/>\n\t<meta property=\"og:image:type\" content=\"image\/jpeg\" \/>\n<meta name=\"author\" content=\"Reda\u00e7\u00e3o\" \/>\n<meta name=\"twitter:card\" content=\"summary_large_image\" \/>\n<meta name=\"twitter:creator\" content=\"@transamerica933\" \/>\n<meta name=\"twitter:site\" content=\"@transamerica933\" \/>\n<meta name=\"twitter:label1\" content=\"Escrito por\" \/>\n\t<meta name=\"twitter:data1\" content=\"Reda\u00e7\u00e3o\" \/>\n\t<meta name=\"twitter:label2\" content=\"Est. tempo de leitura\" \/>\n\t<meta name=\"twitter:data2\" content=\"3 minutos\" \/>\n<script type=\"application\/ld+json\" class=\"yoast-schema-graph\">{\"@context\":\"https:\\\/\\\/schema.org\",\"@graph\":[{\"@type\":\"Article\",\"@id\":\"https:\\\/\\\/transamerica93.com.br\\\/home\\\/programa-que-oferta-bolsas-de-estudo-a-negros-tem-inscricao-prorrogada\\\/#article\",\"isPartOf\":{\"@id\":\"https:\\\/\\\/transamerica93.com.br\\\/home\\\/programa-que-oferta-bolsas-de-estudo-a-negros-tem-inscricao-prorrogada\\\/\"},\"author\":{\"name\":\"Reda\u00e7\u00e3o\",\"@id\":\"https:\\\/\\\/transamerica93.com.br\\\/home\\\/#\\\/schema\\\/person\\\/7fed7c99c0d4562efa8561bc0f543172\"},\"headline\":\"Programa que oferta bolsas de estudo a negros tem inscri\u00e7\u00e3o prorrogada\",\"datePublished\":\"2025-05-06T12:00:42+00:00\",\"mainEntityOfPage\":{\"@id\":\"https:\\\/\\\/transamerica93.com.br\\\/home\\\/programa-que-oferta-bolsas-de-estudo-a-negros-tem-inscricao-prorrogada\\\/\"},\"wordCount\":401,\"publisher\":{\"@id\":\"https:\\\/\\\/transamerica93.com.br\\\/home\\\/#organization\"},\"image\":{\"@id\":\"https:\\\/\\\/transamerica93.com.br\\\/home\\\/programa-que-oferta-bolsas-de-estudo-a-negros-tem-inscricao-prorrogada\\\/#primaryimage\"},\"thumbnailUrl\":\"https:\\\/\\\/transamerica93.com.br\\\/home\\\/wp-content\\\/uploads\\\/2025\\\/05\\\/1-19.jpg\",\"articleSection\":[\"Geral\"],\"inLanguage\":\"pt-BR\"},{\"@type\":\"WebPage\",\"@id\":\"https:\\\/\\\/transamerica93.com.br\\\/home\\\/programa-que-oferta-bolsas-de-estudo-a-negros-tem-inscricao-prorrogada\\\/\",\"url\":\"https:\\\/\\\/transamerica93.com.br\\\/home\\\/programa-que-oferta-bolsas-de-estudo-a-negros-tem-inscricao-prorrogada\\\/\",\"name\":\"Programa que oferta bolsas de estudo a negros tem inscri\u00e7\u00e3o prorrogada - Transam\u00e9rica Mococa 93,3\",\"isPartOf\":{\"@id\":\"https:\\\/\\\/transamerica93.com.br\\\/home\\\/#website\"},\"primaryImageOfPage\":{\"@id\":\"https:\\\/\\\/transamerica93.com.br\\\/home\\\/programa-que-oferta-bolsas-de-estudo-a-negros-tem-inscricao-prorrogada\\\/#primaryimage\"},\"image\":{\"@id\":\"https:\\\/\\\/transamerica93.com.br\\\/home\\\/programa-que-oferta-bolsas-de-estudo-a-negros-tem-inscricao-prorrogada\\\/#primaryimage\"},\"thumbnailUrl\":\"https:\\\/\\\/transamerica93.com.br\\\/home\\\/wp-content\\\/uploads\\\/2025\\\/05\\\/1-19.jpg\",\"datePublished\":\"2025-05-06T12:00:42+00:00\",\"breadcrumb\":{\"@id\":\"https:\\\/\\\/transamerica93.com.br\\\/home\\\/programa-que-oferta-bolsas-de-estudo-a-negros-tem-inscricao-prorrogada\\\/#breadcrumb\"},\"inLanguage\":\"pt-BR\",\"potentialAction\":[{\"@type\":\"ReadAction\",\"target\":[\"https:\\\/\\\/transamerica93.com.br\\\/home\\\/programa-que-oferta-bolsas-de-estudo-a-negros-tem-inscricao-prorrogada\\\/\"]}]},{\"@type\":\"ImageObject\",\"inLanguage\":\"pt-BR\",\"@id\":\"https:\\\/\\\/transamerica93.com.br\\\/home\\\/programa-que-oferta-bolsas-de-estudo-a-negros-tem-inscricao-prorrogada\\\/#primaryimage\",\"url\":\"https:\\\/\\\/transamerica93.com.br\\\/home\\\/wp-content\\\/uploads\\\/2025\\\/05\\\/1-19.jpg\",\"contentUrl\":\"https:\\\/\\\/transamerica93.com.br\\\/home\\\/wp-content\\\/uploads\\\/2025\\\/05\\\/1-19.jpg\",\"width\":1170,\"height\":700},{\"@type\":\"BreadcrumbList\",\"@id\":\"https:\\\/\\\/transamerica93.com.br\\\/home\\\/programa-que-oferta-bolsas-de-estudo-a-negros-tem-inscricao-prorrogada\\\/#breadcrumb\",\"itemListElement\":[{\"@type\":\"ListItem\",\"position\":1,\"name\":\"In\u00edcio\",\"item\":\"https:\\\/\\\/transamerica93.com.br\\\/home\\\/\"},{\"@type\":\"ListItem\",\"position\":2,\"name\":\"Programa que oferta bolsas de estudo a negros tem inscri\u00e7\u00e3o prorrogada\"}]},{\"@type\":\"WebSite\",\"@id\":\"https:\\\/\\\/transamerica93.com.br\\\/home\\\/#website\",\"url\":\"https:\\\/\\\/transamerica93.com.br\\\/home\\\/\",\"name\":\"Transam\u00e9rica Mococa 93,3\",\"description\":\"\",\"publisher\":{\"@id\":\"https:\\\/\\\/transamerica93.com.br\\\/home\\\/#organization\"},\"potentialAction\":[{\"@type\":\"SearchAction\",\"target\":{\"@type\":\"EntryPoint\",\"urlTemplate\":\"https:\\\/\\\/transamerica93.com.br\\\/home\\\/?s={search_term_string}\"},\"query-input\":{\"@type\":\"PropertyValueSpecification\",\"valueRequired\":true,\"valueName\":\"search_term_string\"}}],\"inLanguage\":\"pt-BR\"},{\"@type\":\"Organization\",\"@id\":\"https:\\\/\\\/transamerica93.com.br\\\/home\\\/#organization\",\"name\":\"Transam\u00e9rica Mococa 93,3\",\"url\":\"https:\\\/\\\/transamerica93.com.br\\\/home\\\/\",\"logo\":{\"@type\":\"ImageObject\",\"inLanguage\":\"pt-BR\",\"@id\":\"https:\\\/\\\/transamerica93.com.br\\\/home\\\/#\\\/schema\\\/logo\\\/image\\\/\",\"url\":\"https:\\\/\\\/transamerica93.com.br\\\/home\\\/wp-content\\\/uploads\\\/2023\\\/10\\\/logo2.png\",\"contentUrl\":\"https:\\\/\\\/transamerica93.com.br\\\/home\\\/wp-content\\\/uploads\\\/2023\\\/10\\\/logo2.png\",\"width\":800,\"height\":500,\"caption\":\"Transam\u00e9rica Mococa 93,3\"},\"image\":{\"@id\":\"https:\\\/\\\/transamerica93.com.br\\\/home\\\/#\\\/schema\\\/logo\\\/image\\\/\"},\"sameAs\":[\"https:\\\/\\\/www.facebook.com\\\/transamericamococa\",\"https:\\\/\\\/x.com\\\/transamerica933\",\"https:\\\/\\\/www.instagram.com\\\/transamericamococa\"]},{\"@type\":\"Person\",\"@id\":\"https:\\\/\\\/transamerica93.com.br\\\/home\\\/#\\\/schema\\\/person\\\/7fed7c99c0d4562efa8561bc0f543172\",\"name\":\"Reda\u00e7\u00e3o\",\"image\":{\"@type\":\"ImageObject\",\"inLanguage\":\"pt-BR\",\"@id\":\"https:\\\/\\\/secure.gravatar.com\\\/avatar\\\/1072c6b775fb02ef8506ce967551d95926669a6b7d2c2147b42eea4d7c68395e?s=96&d=mm&r=g\",\"url\":\"https:\\\/\\\/secure.gravatar.com\\\/avatar\\\/1072c6b775fb02ef8506ce967551d95926669a6b7d2c2147b42eea4d7c68395e?s=96&d=mm&r=g\",\"contentUrl\":\"https:\\\/\\\/secure.gravatar.com\\\/avatar\\\/1072c6b775fb02ef8506ce967551d95926669a6b7d2c2147b42eea4d7c68395e?s=96&d=mm&r=g\",\"caption\":\"Reda\u00e7\u00e3o\"},\"sameAs\":[\"https:\\\/\\\/transamerica93.com.br\\\/home\"],\"url\":\"https:\\\/\\\/transamerica93.com.br\\\/home\\\/author\\\/william\\\/\"}]}<\/script>\n<!-- \/ Yoast SEO plugin. -->","yoast_head_json":{"title":"Programa que oferta bolsas de estudo a negros tem inscri\u00e7\u00e3o prorrogada - Transam\u00e9rica Mococa 93,3","robots":{"index":"index","follow":"follow","max-snippet":"max-snippet:-1","max-image-preview":"max-image-preview:large","max-video-preview":"max-video-preview:-1"},"canonical":"https:\/\/transamerica93.com.br\/home\/programa-que-oferta-bolsas-de-estudo-a-negros-tem-inscricao-prorrogada\/","og_locale":"pt_BR","og_type":"article","og_title":"Programa que oferta bolsas de estudo a negros tem inscri\u00e7\u00e3o prorrogada - Transam\u00e9rica Mococa 93,3","og_description":"O prazo de inscri\u00e7\u00f5es para a segunda edi\u00e7\u00e3o do Edital Black STEM foi prorrogado at\u00e9 12 de maio.\u00a0A data inicial para o fim das inscri\u00e7\u00f5es\u00a0era quarta-feira. O programa apoia estudantes negros brasileiros em sua trajet\u00f3ria acad\u00eamica internacional nas \u00e1reas de STEM (sigla na l\u00edngua inglesa para ci\u00eancia, tecnologia, engenharia e matem\u00e1tica). A iniciativa \u00e9 do\u00a0Fundo &hellip;","og_url":"https:\/\/transamerica93.com.br\/home\/programa-que-oferta-bolsas-de-estudo-a-negros-tem-inscricao-prorrogada\/","og_site_name":"Transam\u00e9rica Mococa 93,3","article_publisher":"https:\/\/www.facebook.com\/transamericamococa","article_published_time":"2025-05-06T12:00:42+00:00","og_image":[{"width":1170,"height":700,"url":"https:\/\/transamerica93.com.br\/home\/wp-content\/uploads\/2025\/05\/1-19.jpg","type":"image\/jpeg"}],"author":"Reda\u00e7\u00e3o","twitter_card":"summary_large_image","twitter_creator":"@transamerica933","twitter_site":"@transamerica933","twitter_misc":{"Escrito por":"Reda\u00e7\u00e3o","Est. tempo de leitura":"3 minutos"},"schema":{"@context":"https:\/\/schema.org","@graph":[{"@type":"Article","@id":"https:\/\/transamerica93.com.br\/home\/programa-que-oferta-bolsas-de-estudo-a-negros-tem-inscricao-prorrogada\/#article","isPartOf":{"@id":"https:\/\/transamerica93.com.br\/home\/programa-que-oferta-bolsas-de-estudo-a-negros-tem-inscricao-prorrogada\/"},"author":{"name":"Reda\u00e7\u00e3o","@id":"https:\/\/transamerica93.com.br\/home\/#\/schema\/person\/7fed7c99c0d4562efa8561bc0f543172"},"headline":"Programa que oferta bolsas de estudo a negros tem inscri\u00e7\u00e3o prorrogada","datePublished":"2025-05-06T12:00:42+00:00","mainEntityOfPage":{"@id":"https:\/\/transamerica93.com.br\/home\/programa-que-oferta-bolsas-de-estudo-a-negros-tem-inscricao-prorrogada\/"},"wordCount":401,"publisher":{"@id":"https:\/\/transamerica93.com.br\/home\/#organization"},"image":{"@id":"https:\/\/transamerica93.com.br\/home\/programa-que-oferta-bolsas-de-estudo-a-negros-tem-inscricao-prorrogada\/#primaryimage"},"thumbnailUrl":"https:\/\/transamerica93.com.br\/home\/wp-content\/uploads\/2025\/05\/1-19.jpg","articleSection":["Geral"],"inLanguage":"pt-BR"},{"@type":"WebPage","@id":"https:\/\/transamerica93.com.br\/home\/programa-que-oferta-bolsas-de-estudo-a-negros-tem-inscricao-prorrogada\/","url":"https:\/\/transamerica93.com.br\/home\/programa-que-oferta-bolsas-de-estudo-a-negros-tem-inscricao-prorrogada\/","name":"Programa que oferta bolsas de estudo a negros tem inscri\u00e7\u00e3o prorrogada - Transam\u00e9rica Mococa 93,3","isPartOf":{"@id":"https:\/\/transamerica93.com.br\/home\/#website"},"primaryImageOfPage":{"@id":"https:\/\/transamerica93.com.br\/home\/programa-que-oferta-bolsas-de-estudo-a-negros-tem-inscricao-prorrogada\/#primaryimage"},"image":{"@id":"https:\/\/transamerica93.com.br\/home\/programa-que-oferta-bolsas-de-estudo-a-negros-tem-inscricao-prorrogada\/#primaryimage"},"thumbnailUrl":"https:\/\/transamerica93.com.br\/home\/wp-content\/uploads\/2025\/05\/1-19.jpg","datePublished":"2025-05-06T12:00:42+00:00","breadcrumb":{"@id":"https:\/\/transamerica93.com.br\/home\/programa-que-oferta-bolsas-de-estudo-a-negros-tem-inscricao-prorrogada\/#breadcrumb"},"inLanguage":"pt-BR","potentialAction":[{"@type":"ReadAction","target":["https:\/\/transamerica93.com.br\/home\/programa-que-oferta-bolsas-de-estudo-a-negros-tem-inscricao-prorrogada\/"]}]},{"@type":"ImageObject","inLanguage":"pt-BR","@id":"https:\/\/transamerica93.com.br\/home\/programa-que-oferta-bolsas-de-estudo-a-negros-tem-inscricao-prorrogada\/#primaryimage","url":"https:\/\/transamerica93.com.br\/home\/wp-content\/uploads\/2025\/05\/1-19.jpg","contentUrl":"https:\/\/transamerica93.com.br\/home\/wp-content\/uploads\/2025\/05\/1-19.jpg","width":1170,"height":700},{"@type":"BreadcrumbList","@id":"https:\/\/transamerica93.com.br\/home\/programa-que-oferta-bolsas-de-estudo-a-negros-tem-inscricao-prorrogada\/#breadcrumb","itemListElement":[{"@type":"ListItem","position":1,"name":"In\u00edcio","item":"https:\/\/transamerica93.com.br\/home\/"},{"@type":"ListItem","position":2,"name":"Programa que oferta bolsas de estudo a negros tem inscri\u00e7\u00e3o prorrogada"}]},{"@type":"WebSite","@id":"https:\/\/transamerica93.com.br\/home\/#website","url":"https:\/\/transamerica93.com.br\/home\/","name":"Transam\u00e9rica Mococa 93,3","description":"","publisher":{"@id":"https:\/\/transamerica93.com.br\/home\/#organization"},"potentialAction":[{"@type":"SearchAction","target":{"@type":"EntryPoint","urlTemplate":"https:\/\/transamerica93.com.br\/home\/?s={search_term_string}"},"query-input":{"@type":"PropertyValueSpecification","valueRequired":true,"valueName":"search_term_string"}}],"inLanguage":"pt-BR"},{"@type":"Organization","@id":"https:\/\/transamerica93.com.br\/home\/#organization","name":"Transam\u00e9rica Mococa 93,3","url":"https:\/\/transamerica93.com.br\/home\/","logo":{"@type":"ImageObject","inLanguage":"pt-BR","@id":"https:\/\/transamerica93.com.br\/home\/#\/schema\/logo\/image\/","url":"https:\/\/transamerica93.com.br\/home\/wp-content\/uploads\/2023\/10\/logo2.png","contentUrl":"https:\/\/transamerica93.com.br\/home\/wp-content\/uploads\/2023\/10\/logo2.png","width":800,"height":500,"caption":"Transam\u00e9rica Mococa 93,3"},"image":{"@id":"https:\/\/transamerica93.com.br\/home\/#\/schema\/logo\/image\/"},"sameAs":["https:\/\/www.facebook.com\/transamericamococa","https:\/\/x.com\/transamerica933","https:\/\/www.instagram.com\/transamericamococa"]},{"@type":"Person","@id":"https:\/\/transamerica93.com.br\/home\/#\/schema\/person\/7fed7c99c0d4562efa8561bc0f543172","name":"Reda\u00e7\u00e3o","image":{"@type":"ImageObject","inLanguage":"pt-BR","@id":"https:\/\/secure.gravatar.com\/avatar\/1072c6b775fb02ef8506ce967551d95926669a6b7d2c2147b42eea4d7c68395e?s=96&d=mm&r=g","url":"https:\/\/secure.gravatar.com\/avatar\/1072c6b775fb02ef8506ce967551d95926669a6b7d2c2147b42eea4d7c68395e?s=96&d=mm&r=g","contentUrl":"https:\/\/secure.gravatar.com\/avatar\/1072c6b775fb02ef8506ce967551d95926669a6b7d2c2147b42eea4d7c68395e?s=96&d=mm&r=g","caption":"Reda\u00e7\u00e3o"},"sameAs":["https:\/\/transamerica93.com.br\/home"],"url":"https:\/\/transamerica93.com.br\/home\/author\/william\/"}]}},"_links":{"self":[{"href":"https:\/\/transamerica93.com.br\/home\/wp-json\/wp\/v2\/posts\/5319","targetHints":{"allow":["GET"]}}],"collection":[{"href":"https:\/\/transamerica93.com.br\/home\/wp-json\/wp\/v2\/posts"}],"about":[{"href":"https:\/\/transamerica93.com.br\/home\/wp-json\/wp\/v2\/types\/post"}],"author":[{"embeddable":true,"href":"https:\/\/transamerica93.com.br\/home\/wp-json\/wp\/v2\/users\/1"}],"replies":[{"embeddable":true,"href":"https:\/\/transamerica93.com.br\/home\/wp-json\/wp\/v2\/comments?post=5319"}],"version-history":[{"count":1,"href":"https:\/\/transamerica93.com.br\/home\/wp-json\/wp\/v2\/posts\/5319\/revisions"}],"predecessor-version":[{"id":5321,"href":"https:\/\/transamerica93.com.br\/home\/wp-json\/wp\/v2\/posts\/5319\/revisions\/5321"}],"wp:featuredmedia":[{"embeddable":true,"href":"https:\/\/transamerica93.com.br\/home\/wp-json\/wp\/v2\/media\/5320"}],"wp:attachment":[{"href":"https:\/\/transamerica93.com.br\/home\/wp-json\/wp\/v2\/media?parent=5319"}],"wp:term":[{"taxonomy":"category","embeddable":true,"href":"https:\/\/transamerica93.com.br\/home\/wp-json\/wp\/v2\/categories?post=5319"},{"taxonomy":"post_tag","embeddable":true,"href":"https:\/\/transamerica93.com.br\/home\/wp-json\/wp\/v2\/tags?post=5319"}],"curies":[{"name":"wp","href":"https:\/\/api.w.org\/{rel}","templated":true}]}}