{"id":5322,"date":"2025-05-07T09:00:49","date_gmt":"2025-05-07T12:00:49","guid":{"rendered":"https:\/\/transamerica93.com.br\/home\/?p=5322"},"modified":"2025-05-02T23:35:57","modified_gmt":"2025-05-03T02:35:57","slug":"saude-amplia-vacinacao-contra-hepatite-a-para-usuarios-de-prep","status":"publish","type":"post","link":"https:\/\/transamerica93.com.br\/home\/saude-amplia-vacinacao-contra-hepatite-a-para-usuarios-de-prep\/","title":{"rendered":"Sa\u00fade amplia vacina\u00e7\u00e3o contra hepatite A para usu\u00e1rios de PrEP"},"content":{"rendered":"<div class=\"conteudo-noticia\">\n<p>A partir de agora,\u00a0<strong>a vacina\u00e7\u00e3o contra hepatite A no Brasil passa a ser indicada tamb\u00e9m para usu\u00e1rios de profilaxia pr\u00e9-exposi\u00e7\u00e3o<\/strong> (PrEP) \u2013 tratamento preventivo ao HIV. O an\u00fancio da amplia\u00e7\u00e3o do esquema vacinal foi feito na sexta-feira (2) pelo Minist\u00e9rio da Sa\u00fade.<img decoding=\"async\" data-src=\"https:\/\/agenciabrasil.ebc.com.br\/ebc.png?id=1641356&amp;o=node\" src=\"data:image\/svg+xml;base64,PHN2ZyB3aWR0aD0iMSIgaGVpZ2h0PSIxIiB4bWxucz0iaHR0cDovL3d3dy53My5vcmcvMjAwMC9zdmciPjwvc3ZnPg==\" class=\"lazyload\" \/><img decoding=\"async\" data-src=\"https:\/\/agenciabrasil.ebc.com.br\/ebc.gif?id=1641356&amp;o=node\" src=\"data:image\/svg+xml;base64,PHN2ZyB3aWR0aD0iMSIgaGVpZ2h0PSIxIiB4bWxucz0iaHR0cDovL3d3dy53My5vcmcvMjAwMC9zdmciPjwvc3ZnPg==\" class=\"lazyload\" \/><\/p>\n<p>Em nota, a pasta informou que a medida tem como objetivo conter surtos de hepatite A na popula\u00e7\u00e3o adulta, al\u00e9m de atender a uma mudan\u00e7a no perfil epidemiol\u00f3gico da doen\u00e7a. De acordo com o minist\u00e9rio, com a ampla vacina\u00e7\u00e3o de crian\u00e7as, iniciada em 2014, a doen\u00e7a passou a se concentrar no p\u00fablico adulto.<\/p>\n<p>A expectativa \u00e9 que a amplia\u00e7\u00e3o da vacina\u00e7\u00e3o tenha impacto tamb\u00e9m nas interna\u00e7\u00f5es e nos \u00f3bitos por hepatite A, j\u00e1 que os casos graves, geralmente, s\u00e3o registrados entre adultos.\u00a0<strong>A meta \u00e9 imunizar 80% de todas as pessoas que utilizam PrEP<\/strong>\u00a0\u2013 atualmente, mais de 120,7 mil cadastrados no Sistema \u00danico de Sa\u00fade (SUS).<\/p>\n<p><strong>A imuniza\u00e7\u00e3o ser\u00e1 realizada por meio de duas doses, com intervalo de seis meses entre elas.<\/strong>\u00a0Para receber o imunizante, \u00e9 preciso apresentar a receita m\u00e9dica que indica o uso da PrEP. O local para vacina\u00e7\u00e3o ser\u00e1 informado pelos servi\u00e7os de refer\u00eancia onde os medicamentos s\u00e3o retirados.<\/p>\n<h2>Doen\u00e7a<\/h2>\n<p><strong>A hepatite A \u00e9 uma inflama\u00e7\u00e3o no f\u00edgado causada por uma infec\u00e7\u00e3o viral, que pode resultar em complica\u00e7\u00f5es. A doen\u00e7a, segundo o minist\u00e9rio, tende a ter mais gravidade em adultos do que em crian\u00e7as.<\/strong><\/p>\n<p>Embora a principal transmiss\u00e3o do v\u00edrus seja fecal-oral, a Organiza\u00e7\u00e3o Mundial da Sa\u00fade (OMS) relatou, em 2016, um aumento no n\u00famero de casos relacionados a pr\u00e1ticas sexuais. A entidade indica a vacina\u00e7\u00e3o como estrat\u00e9gia de preven\u00e7\u00e3o contra a doen\u00e7a.<\/p>\n<p>No Brasil, o aumento de casos de hepatite A por potencial transmiss\u00e3o por sexo, de acordo com dados do governo federal, foi identificado, pela primeira vez, em 2017, no munic\u00edpio de S\u00e3o Paulo. Na \u00e9poca, foram 786 diagn\u00f3sticos com dois \u00f3bitos confirmados.<\/p>\n<p>\u201cOutros surtos foram registrados posteriormente, com predomin\u00e2ncia na popula\u00e7\u00e3o de homens que fazem sexo com homens. Atualmente, cerca de 80% dos usu\u00e1rios da PrEP t\u00eam esse perfil. Os surtos foram controlados com ajuda de a\u00e7\u00f5es espec\u00edficas de vacina\u00e7\u00e3o\u201d, destacou a pasta.<\/p>\n<div class=\"noticias-relacionadas rel-position rowflex\">\n<div class=\"titulo-noticia-relacionada\"><\/div>\n<\/div>\n<\/div>\n<div class=\"footer-noticia\">\n<div class=\"editor rowflex\">Edi\u00e7\u00e3o: Aline Leal<\/div>\n<\/div>\n","protected":false},"excerpt":{"rendered":"<p>A partir de agora,\u00a0a vacina\u00e7\u00e3o contra hepatite A no Brasil passa a ser indicada tamb\u00e9m para usu\u00e1rios de profilaxia pr\u00e9-exposi\u00e7\u00e3o (PrEP) \u2013 tratamento preventivo ao HIV. O an\u00fancio da amplia\u00e7\u00e3o do esquema vacinal foi feito na sexta-feira (2) pelo Minist\u00e9rio da Sa\u00fade. Em nota, a pasta informou que a medida tem como objetivo conter surtos &hellip;<\/p>\n","protected":false},"author":1,"featured_media":5323,"comment_status":"closed","ping_status":"closed","sticky":false,"template":"","format":"standard","meta":{"footnotes":""},"categories":[30],"tags":[],"class_list":["post-5322","post","type-post","status-publish","format-standard","has-post-thumbnail","hentry","category-geral"],"yoast_head":"<!-- This site is optimized with the Yoast SEO plugin v27.4 - https:\/\/yoast.com\/product\/yoast-seo-wordpress\/ -->\n<title>Sa\u00fade amplia vacina\u00e7\u00e3o contra hepatite A para usu\u00e1rios de PrEP - Transam\u00e9rica Mococa 93,3<\/title>\n<meta name=\"robots\" content=\"index, follow, max-snippet:-1, max-image-preview:large, max-video-preview:-1\" \/>\n<link rel=\"canonical\" href=\"https:\/\/transamerica93.com.br\/home\/saude-amplia-vacinacao-contra-hepatite-a-para-usuarios-de-prep\/\" \/>\n<meta property=\"og:locale\" content=\"pt_BR\" \/>\n<meta property=\"og:type\" content=\"article\" \/>\n<meta property=\"og:title\" content=\"Sa\u00fade amplia vacina\u00e7\u00e3o contra hepatite A para usu\u00e1rios de PrEP - Transam\u00e9rica Mococa 93,3\" \/>\n<meta property=\"og:description\" content=\"A partir de agora,\u00a0a vacina\u00e7\u00e3o contra hepatite A no Brasil passa a ser indicada tamb\u00e9m para usu\u00e1rios de profilaxia pr\u00e9-exposi\u00e7\u00e3o (PrEP) \u2013 tratamento preventivo ao HIV. O an\u00fancio da amplia\u00e7\u00e3o do esquema vacinal foi feito na sexta-feira (2) pelo Minist\u00e9rio da Sa\u00fade. Em nota, a pasta informou que a medida tem como objetivo conter surtos &hellip;\" \/>\n<meta property=\"og:url\" content=\"https:\/\/transamerica93.com.br\/home\/saude-amplia-vacinacao-contra-hepatite-a-para-usuarios-de-prep\/\" \/>\n<meta property=\"og:site_name\" content=\"Transam\u00e9rica Mococa 93,3\" \/>\n<meta property=\"article:publisher\" content=\"https:\/\/www.facebook.com\/transamericamococa\" \/>\n<meta property=\"article:published_time\" content=\"2025-05-07T12:00:49+00:00\" \/>\n<meta property=\"og:image\" content=\"https:\/\/transamerica93.com.br\/home\/wp-content\/uploads\/2025\/05\/1-20.jpg\" \/>\n\t<meta property=\"og:image:width\" content=\"1170\" \/>\n\t<meta property=\"og:image:height\" content=\"700\" \/>\n\t<meta property=\"og:image:type\" content=\"image\/jpeg\" \/>\n<meta name=\"author\" content=\"Reda\u00e7\u00e3o\" \/>\n<meta name=\"twitter:card\" content=\"summary_large_image\" \/>\n<meta name=\"twitter:creator\" content=\"@transamerica933\" \/>\n<meta name=\"twitter:site\" content=\"@transamerica933\" \/>\n<meta name=\"twitter:label1\" content=\"Escrito por\" \/>\n\t<meta name=\"twitter:data1\" content=\"Reda\u00e7\u00e3o\" \/>\n\t<meta name=\"twitter:label2\" content=\"Est. tempo de leitura\" \/>\n\t<meta name=\"twitter:data2\" content=\"3 minutos\" \/>\n<script type=\"application\/ld+json\" class=\"yoast-schema-graph\">{\"@context\":\"https:\\\/\\\/schema.org\",\"@graph\":[{\"@type\":\"Article\",\"@id\":\"https:\\\/\\\/transamerica93.com.br\\\/home\\\/saude-amplia-vacinacao-contra-hepatite-a-para-usuarios-de-prep\\\/#article\",\"isPartOf\":{\"@id\":\"https:\\\/\\\/transamerica93.com.br\\\/home\\\/saude-amplia-vacinacao-contra-hepatite-a-para-usuarios-de-prep\\\/\"},\"author\":{\"name\":\"Reda\u00e7\u00e3o\",\"@id\":\"https:\\\/\\\/transamerica93.com.br\\\/home\\\/#\\\/schema\\\/person\\\/7fed7c99c0d4562efa8561bc0f543172\"},\"headline\":\"Sa\u00fade amplia vacina\u00e7\u00e3o contra hepatite A para usu\u00e1rios de PrEP\",\"datePublished\":\"2025-05-07T12:00:49+00:00\",\"mainEntityOfPage\":{\"@id\":\"https:\\\/\\\/transamerica93.com.br\\\/home\\\/saude-amplia-vacinacao-contra-hepatite-a-para-usuarios-de-prep\\\/\"},\"wordCount\":417,\"publisher\":{\"@id\":\"https:\\\/\\\/transamerica93.com.br\\\/home\\\/#organization\"},\"image\":{\"@id\":\"https:\\\/\\\/transamerica93.com.br\\\/home\\\/saude-amplia-vacinacao-contra-hepatite-a-para-usuarios-de-prep\\\/#primaryimage\"},\"thumbnailUrl\":\"https:\\\/\\\/transamerica93.com.br\\\/home\\\/wp-content\\\/uploads\\\/2025\\\/05\\\/1-20.jpg\",\"articleSection\":[\"Geral\"],\"inLanguage\":\"pt-BR\"},{\"@type\":\"WebPage\",\"@id\":\"https:\\\/\\\/transamerica93.com.br\\\/home\\\/saude-amplia-vacinacao-contra-hepatite-a-para-usuarios-de-prep\\\/\",\"url\":\"https:\\\/\\\/transamerica93.com.br\\\/home\\\/saude-amplia-vacinacao-contra-hepatite-a-para-usuarios-de-prep\\\/\",\"name\":\"Sa\u00fade amplia vacina\u00e7\u00e3o contra hepatite A para usu\u00e1rios de PrEP - Transam\u00e9rica Mococa 93,3\",\"isPartOf\":{\"@id\":\"https:\\\/\\\/transamerica93.com.br\\\/home\\\/#website\"},\"primaryImageOfPage\":{\"@id\":\"https:\\\/\\\/transamerica93.com.br\\\/home\\\/saude-amplia-vacinacao-contra-hepatite-a-para-usuarios-de-prep\\\/#primaryimage\"},\"image\":{\"@id\":\"https:\\\/\\\/transamerica93.com.br\\\/home\\\/saude-amplia-vacinacao-contra-hepatite-a-para-usuarios-de-prep\\\/#primaryimage\"},\"thumbnailUrl\":\"https:\\\/\\\/transamerica93.com.br\\\/home\\\/wp-content\\\/uploads\\\/2025\\\/05\\\/1-20.jpg\",\"datePublished\":\"2025-05-07T12:00:49+00:00\",\"breadcrumb\":{\"@id\":\"https:\\\/\\\/transamerica93.com.br\\\/home\\\/saude-amplia-vacinacao-contra-hepatite-a-para-usuarios-de-prep\\\/#breadcrumb\"},\"inLanguage\":\"pt-BR\",\"potentialAction\":[{\"@type\":\"ReadAction\",\"target\":[\"https:\\\/\\\/transamerica93.com.br\\\/home\\\/saude-amplia-vacinacao-contra-hepatite-a-para-usuarios-de-prep\\\/\"]}]},{\"@type\":\"ImageObject\",\"inLanguage\":\"pt-BR\",\"@id\":\"https:\\\/\\\/transamerica93.com.br\\\/home\\\/saude-amplia-vacinacao-contra-hepatite-a-para-usuarios-de-prep\\\/#primaryimage\",\"url\":\"https:\\\/\\\/transamerica93.com.br\\\/home\\\/wp-content\\\/uploads\\\/2025\\\/05\\\/1-20.jpg\",\"contentUrl\":\"https:\\\/\\\/transamerica93.com.br\\\/home\\\/wp-content\\\/uploads\\\/2025\\\/05\\\/1-20.jpg\",\"width\":1170,\"height\":700},{\"@type\":\"BreadcrumbList\",\"@id\":\"https:\\\/\\\/transamerica93.com.br\\\/home\\\/saude-amplia-vacinacao-contra-hepatite-a-para-usuarios-de-prep\\\/#breadcrumb\",\"itemListElement\":[{\"@type\":\"ListItem\",\"position\":1,\"name\":\"In\u00edcio\",\"item\":\"https:\\\/\\\/transamerica93.com.br\\\/home\\\/\"},{\"@type\":\"ListItem\",\"position\":2,\"name\":\"Sa\u00fade amplia vacina\u00e7\u00e3o contra hepatite A para usu\u00e1rios de PrEP\"}]},{\"@type\":\"WebSite\",\"@id\":\"https:\\\/\\\/transamerica93.com.br\\\/home\\\/#website\",\"url\":\"https:\\\/\\\/transamerica93.com.br\\\/home\\\/\",\"name\":\"Transam\u00e9rica Mococa 93,3\",\"description\":\"\",\"publisher\":{\"@id\":\"https:\\\/\\\/transamerica93.com.br\\\/home\\\/#organization\"},\"potentialAction\":[{\"@type\":\"SearchAction\",\"target\":{\"@type\":\"EntryPoint\",\"urlTemplate\":\"https:\\\/\\\/transamerica93.com.br\\\/home\\\/?s={search_term_string}\"},\"query-input\":{\"@type\":\"PropertyValueSpecification\",\"valueRequired\":true,\"valueName\":\"search_term_string\"}}],\"inLanguage\":\"pt-BR\"},{\"@type\":\"Organization\",\"@id\":\"https:\\\/\\\/transamerica93.com.br\\\/home\\\/#organization\",\"name\":\"Transam\u00e9rica Mococa 93,3\",\"url\":\"https:\\\/\\\/transamerica93.com.br\\\/home\\\/\",\"logo\":{\"@type\":\"ImageObject\",\"inLanguage\":\"pt-BR\",\"@id\":\"https:\\\/\\\/transamerica93.com.br\\\/home\\\/#\\\/schema\\\/logo\\\/image\\\/\",\"url\":\"https:\\\/\\\/transamerica93.com.br\\\/home\\\/wp-content\\\/uploads\\\/2023\\\/10\\\/logo2.png\",\"contentUrl\":\"https:\\\/\\\/transamerica93.com.br\\\/home\\\/wp-content\\\/uploads\\\/2023\\\/10\\\/logo2.png\",\"width\":800,\"height\":500,\"caption\":\"Transam\u00e9rica Mococa 93,3\"},\"image\":{\"@id\":\"https:\\\/\\\/transamerica93.com.br\\\/home\\\/#\\\/schema\\\/logo\\\/image\\\/\"},\"sameAs\":[\"https:\\\/\\\/www.facebook.com\\\/transamericamococa\",\"https:\\\/\\\/x.com\\\/transamerica933\",\"https:\\\/\\\/www.instagram.com\\\/transamericamococa\"]},{\"@type\":\"Person\",\"@id\":\"https:\\\/\\\/transamerica93.com.br\\\/home\\\/#\\\/schema\\\/person\\\/7fed7c99c0d4562efa8561bc0f543172\",\"name\":\"Reda\u00e7\u00e3o\",\"image\":{\"@type\":\"ImageObject\",\"inLanguage\":\"pt-BR\",\"@id\":\"https:\\\/\\\/secure.gravatar.com\\\/avatar\\\/1072c6b775fb02ef8506ce967551d95926669a6b7d2c2147b42eea4d7c68395e?s=96&d=mm&r=g\",\"url\":\"https:\\\/\\\/secure.gravatar.com\\\/avatar\\\/1072c6b775fb02ef8506ce967551d95926669a6b7d2c2147b42eea4d7c68395e?s=96&d=mm&r=g\",\"contentUrl\":\"https:\\\/\\\/secure.gravatar.com\\\/avatar\\\/1072c6b775fb02ef8506ce967551d95926669a6b7d2c2147b42eea4d7c68395e?s=96&d=mm&r=g\",\"caption\":\"Reda\u00e7\u00e3o\"},\"sameAs\":[\"https:\\\/\\\/transamerica93.com.br\\\/home\"],\"url\":\"https:\\\/\\\/transamerica93.com.br\\\/home\\\/author\\\/william\\\/\"}]}<\/script>\n<!-- \/ Yoast SEO plugin. -->","yoast_head_json":{"title":"Sa\u00fade amplia vacina\u00e7\u00e3o contra hepatite A para usu\u00e1rios de PrEP - Transam\u00e9rica Mococa 93,3","robots":{"index":"index","follow":"follow","max-snippet":"max-snippet:-1","max-image-preview":"max-image-preview:large","max-video-preview":"max-video-preview:-1"},"canonical":"https:\/\/transamerica93.com.br\/home\/saude-amplia-vacinacao-contra-hepatite-a-para-usuarios-de-prep\/","og_locale":"pt_BR","og_type":"article","og_title":"Sa\u00fade amplia vacina\u00e7\u00e3o contra hepatite A para usu\u00e1rios de PrEP - Transam\u00e9rica Mococa 93,3","og_description":"A partir de agora,\u00a0a vacina\u00e7\u00e3o contra hepatite A no Brasil passa a ser indicada tamb\u00e9m para usu\u00e1rios de profilaxia pr\u00e9-exposi\u00e7\u00e3o (PrEP) \u2013 tratamento preventivo ao HIV. O an\u00fancio da amplia\u00e7\u00e3o do esquema vacinal foi feito na sexta-feira (2) pelo Minist\u00e9rio da Sa\u00fade. Em nota, a pasta informou que a medida tem como objetivo conter surtos &hellip;","og_url":"https:\/\/transamerica93.com.br\/home\/saude-amplia-vacinacao-contra-hepatite-a-para-usuarios-de-prep\/","og_site_name":"Transam\u00e9rica Mococa 93,3","article_publisher":"https:\/\/www.facebook.com\/transamericamococa","article_published_time":"2025-05-07T12:00:49+00:00","og_image":[{"width":1170,"height":700,"url":"https:\/\/transamerica93.com.br\/home\/wp-content\/uploads\/2025\/05\/1-20.jpg","type":"image\/jpeg"}],"author":"Reda\u00e7\u00e3o","twitter_card":"summary_large_image","twitter_creator":"@transamerica933","twitter_site":"@transamerica933","twitter_misc":{"Escrito por":"Reda\u00e7\u00e3o","Est. tempo de leitura":"3 minutos"},"schema":{"@context":"https:\/\/schema.org","@graph":[{"@type":"Article","@id":"https:\/\/transamerica93.com.br\/home\/saude-amplia-vacinacao-contra-hepatite-a-para-usuarios-de-prep\/#article","isPartOf":{"@id":"https:\/\/transamerica93.com.br\/home\/saude-amplia-vacinacao-contra-hepatite-a-para-usuarios-de-prep\/"},"author":{"name":"Reda\u00e7\u00e3o","@id":"https:\/\/transamerica93.com.br\/home\/#\/schema\/person\/7fed7c99c0d4562efa8561bc0f543172"},"headline":"Sa\u00fade amplia vacina\u00e7\u00e3o contra hepatite A para usu\u00e1rios de PrEP","datePublished":"2025-05-07T12:00:49+00:00","mainEntityOfPage":{"@id":"https:\/\/transamerica93.com.br\/home\/saude-amplia-vacinacao-contra-hepatite-a-para-usuarios-de-prep\/"},"wordCount":417,"publisher":{"@id":"https:\/\/transamerica93.com.br\/home\/#organization"},"image":{"@id":"https:\/\/transamerica93.com.br\/home\/saude-amplia-vacinacao-contra-hepatite-a-para-usuarios-de-prep\/#primaryimage"},"thumbnailUrl":"https:\/\/transamerica93.com.br\/home\/wp-content\/uploads\/2025\/05\/1-20.jpg","articleSection":["Geral"],"inLanguage":"pt-BR"},{"@type":"WebPage","@id":"https:\/\/transamerica93.com.br\/home\/saude-amplia-vacinacao-contra-hepatite-a-para-usuarios-de-prep\/","url":"https:\/\/transamerica93.com.br\/home\/saude-amplia-vacinacao-contra-hepatite-a-para-usuarios-de-prep\/","name":"Sa\u00fade amplia vacina\u00e7\u00e3o contra hepatite A para usu\u00e1rios de PrEP - Transam\u00e9rica Mococa 93,3","isPartOf":{"@id":"https:\/\/transamerica93.com.br\/home\/#website"},"primaryImageOfPage":{"@id":"https:\/\/transamerica93.com.br\/home\/saude-amplia-vacinacao-contra-hepatite-a-para-usuarios-de-prep\/#primaryimage"},"image":{"@id":"https:\/\/transamerica93.com.br\/home\/saude-amplia-vacinacao-contra-hepatite-a-para-usuarios-de-prep\/#primaryimage"},"thumbnailUrl":"https:\/\/transamerica93.com.br\/home\/wp-content\/uploads\/2025\/05\/1-20.jpg","datePublished":"2025-05-07T12:00:49+00:00","breadcrumb":{"@id":"https:\/\/transamerica93.com.br\/home\/saude-amplia-vacinacao-contra-hepatite-a-para-usuarios-de-prep\/#breadcrumb"},"inLanguage":"pt-BR","potentialAction":[{"@type":"ReadAction","target":["https:\/\/transamerica93.com.br\/home\/saude-amplia-vacinacao-contra-hepatite-a-para-usuarios-de-prep\/"]}]},{"@type":"ImageObject","inLanguage":"pt-BR","@id":"https:\/\/transamerica93.com.br\/home\/saude-amplia-vacinacao-contra-hepatite-a-para-usuarios-de-prep\/#primaryimage","url":"https:\/\/transamerica93.com.br\/home\/wp-content\/uploads\/2025\/05\/1-20.jpg","contentUrl":"https:\/\/transamerica93.com.br\/home\/wp-content\/uploads\/2025\/05\/1-20.jpg","width":1170,"height":700},{"@type":"BreadcrumbList","@id":"https:\/\/transamerica93.com.br\/home\/saude-amplia-vacinacao-contra-hepatite-a-para-usuarios-de-prep\/#breadcrumb","itemListElement":[{"@type":"ListItem","position":1,"name":"In\u00edcio","item":"https:\/\/transamerica93.com.br\/home\/"},{"@type":"ListItem","position":2,"name":"Sa\u00fade amplia vacina\u00e7\u00e3o contra hepatite A para usu\u00e1rios de PrEP"}]},{"@type":"WebSite","@id":"https:\/\/transamerica93.com.br\/home\/#website","url":"https:\/\/transamerica93.com.br\/home\/","name":"Transam\u00e9rica Mococa 93,3","description":"","publisher":{"@id":"https:\/\/transamerica93.com.br\/home\/#organization"},"potentialAction":[{"@type":"SearchAction","target":{"@type":"EntryPoint","urlTemplate":"https:\/\/transamerica93.com.br\/home\/?s={search_term_string}"},"query-input":{"@type":"PropertyValueSpecification","valueRequired":true,"valueName":"search_term_string"}}],"inLanguage":"pt-BR"},{"@type":"Organization","@id":"https:\/\/transamerica93.com.br\/home\/#organization","name":"Transam\u00e9rica Mococa 93,3","url":"https:\/\/transamerica93.com.br\/home\/","logo":{"@type":"ImageObject","inLanguage":"pt-BR","@id":"https:\/\/transamerica93.com.br\/home\/#\/schema\/logo\/image\/","url":"https:\/\/transamerica93.com.br\/home\/wp-content\/uploads\/2023\/10\/logo2.png","contentUrl":"https:\/\/transamerica93.com.br\/home\/wp-content\/uploads\/2023\/10\/logo2.png","width":800,"height":500,"caption":"Transam\u00e9rica Mococa 93,3"},"image":{"@id":"https:\/\/transamerica93.com.br\/home\/#\/schema\/logo\/image\/"},"sameAs":["https:\/\/www.facebook.com\/transamericamococa","https:\/\/x.com\/transamerica933","https:\/\/www.instagram.com\/transamericamococa"]},{"@type":"Person","@id":"https:\/\/transamerica93.com.br\/home\/#\/schema\/person\/7fed7c99c0d4562efa8561bc0f543172","name":"Reda\u00e7\u00e3o","image":{"@type":"ImageObject","inLanguage":"pt-BR","@id":"https:\/\/secure.gravatar.com\/avatar\/1072c6b775fb02ef8506ce967551d95926669a6b7d2c2147b42eea4d7c68395e?s=96&d=mm&r=g","url":"https:\/\/secure.gravatar.com\/avatar\/1072c6b775fb02ef8506ce967551d95926669a6b7d2c2147b42eea4d7c68395e?s=96&d=mm&r=g","contentUrl":"https:\/\/secure.gravatar.com\/avatar\/1072c6b775fb02ef8506ce967551d95926669a6b7d2c2147b42eea4d7c68395e?s=96&d=mm&r=g","caption":"Reda\u00e7\u00e3o"},"sameAs":["https:\/\/transamerica93.com.br\/home"],"url":"https:\/\/transamerica93.com.br\/home\/author\/william\/"}]}},"_links":{"self":[{"href":"https:\/\/transamerica93.com.br\/home\/wp-json\/wp\/v2\/posts\/5322","targetHints":{"allow":["GET"]}}],"collection":[{"href":"https:\/\/transamerica93.com.br\/home\/wp-json\/wp\/v2\/posts"}],"about":[{"href":"https:\/\/transamerica93.com.br\/home\/wp-json\/wp\/v2\/types\/post"}],"author":[{"embeddable":true,"href":"https:\/\/transamerica93.com.br\/home\/wp-json\/wp\/v2\/users\/1"}],"replies":[{"embeddable":true,"href":"https:\/\/transamerica93.com.br\/home\/wp-json\/wp\/v2\/comments?post=5322"}],"version-history":[{"count":1,"href":"https:\/\/transamerica93.com.br\/home\/wp-json\/wp\/v2\/posts\/5322\/revisions"}],"predecessor-version":[{"id":5324,"href":"https:\/\/transamerica93.com.br\/home\/wp-json\/wp\/v2\/posts\/5322\/revisions\/5324"}],"wp:featuredmedia":[{"embeddable":true,"href":"https:\/\/transamerica93.com.br\/home\/wp-json\/wp\/v2\/media\/5323"}],"wp:attachment":[{"href":"https:\/\/transamerica93.com.br\/home\/wp-json\/wp\/v2\/media?parent=5322"}],"wp:term":[{"taxonomy":"category","embeddable":true,"href":"https:\/\/transamerica93.com.br\/home\/wp-json\/wp\/v2\/categories?post=5322"},{"taxonomy":"post_tag","embeddable":true,"href":"https:\/\/transamerica93.com.br\/home\/wp-json\/wp\/v2\/tags?post=5322"}],"curies":[{"name":"wp","href":"https:\/\/api.w.org\/{rel}","templated":true}]}}