{"id":5325,"date":"2025-05-08T09:00:15","date_gmt":"2025-05-08T12:00:15","guid":{"rendered":"https:\/\/transamerica93.com.br\/home\/?p=5325"},"modified":"2025-05-02T23:37:10","modified_gmt":"2025-05-03T02:37:10","slug":"regiao-norte-do-brasil-registra-casos-de-mpox","status":"publish","type":"post","link":"https:\/\/transamerica93.com.br\/home\/regiao-norte-do-brasil-registra-casos-de-mpox\/","title":{"rendered":"Regi\u00e3o Norte do Brasil registra casos de mpox"},"content":{"rendered":"<div class=\"conteudo-noticia\">\n<p><strong>Entre 1\u00ba de janeiro e 30 de abril, o estado do Amazonas registrou 63 notifica\u00e7\u00f5es de mpox, sendo 33 casos confirmados e 29 descartados.\u00a0<\/strong>A Secretaria de Sa\u00fade do Amazonas informou que, at\u00e9 o momento, n\u00e3o h\u00e1 registro de \u00f3bito causado pelo v\u00edrus.<img decoding=\"async\" data-src=\"https:\/\/agenciabrasil.ebc.com.br\/ebc.png?id=1641332&amp;o=node\" src=\"data:image\/svg+xml;base64,PHN2ZyB3aWR0aD0iMSIgaGVpZ2h0PSIxIiB4bWxucz0iaHR0cDovL3d3dy53My5vcmcvMjAwMC9zdmciPjwvc3ZnPg==\" class=\"lazyload\" \/><img decoding=\"async\" data-src=\"https:\/\/agenciabrasil.ebc.com.br\/ebc.gif?id=1641332&amp;o=node\" src=\"data:image\/svg+xml;base64,PHN2ZyB3aWR0aD0iMSIgaGVpZ2h0PSIxIiB4bWxucz0iaHR0cDovL3d3dy53My5vcmcvMjAwMC9zdmciPjwvc3ZnPg==\" class=\"lazyload\" \/><\/p>\n<p>Em nota, o \u00f3rg\u00e3o refor\u00e7ou que pessoas que apresentarem sintomas suspeitos, incluindo febre, les\u00f5es na pele ou cansa\u00e7o extremo, devem procurar atendimento m\u00e9dico em uma unidade b\u00e1sica de sa\u00fade (UBS), al\u00e9m de seguir orienta\u00e7\u00f5es de isolamento.<\/p>\n<p>As orienta\u00e7\u00f5es indicadas pela pasta para reduzir o risco de infec\u00e7\u00e3o s\u00e3o:<\/p>\n<ul>\n<li>Evitar contato direto com les\u00f5es de pele, erup\u00e7\u00f5es cut\u00e2neas, crostas ou fluidos corporais de pessoas infectadas;<\/li>\n<li>Lavar as m\u00e3os frequentemente com \u00e1gua e sab\u00e3o ou utilizar \u00e1lcool em gel, especialmente ap\u00f3s tocar superf\u00edcies compartilhadas ou estar em locais p\u00fablicos;<\/li>\n<li>Praticar sexo seguro, utilizando preservativo, e estar atento a sinais suspeitos em si mesmo ou no(a) parceiro(a);<\/li>\n<li>Manter a etiqueta respirat\u00f3ria, cobrindo a boca e o nariz ao tossir ou espirrar, para evitar a dissemina\u00e7\u00e3o de part\u00edculas virais;<\/li>\n<li>Usar m\u00e1scaras de prote\u00e7\u00e3o respirat\u00f3ria em ambientes com alta probabilidade de transmiss\u00e3o, como locais fechados e mal ventilados;<\/li>\n<li>Manter a higiene pessoal de forma rigorosa, garantindo a limpeza adequada do corpo e objetos de uso pessoal.<\/li>\n<\/ul>\n<p><strong>No Par\u00e1, de 1\u00ba de janeiro \u00e0 23 de abril, foram confirmados 19 casos de mpox, sendo 14 apenas na capital, Bel\u00e9m.<\/strong>\u00a0As demais infec\u00e7\u00f5es foram confirmadas nos munic\u00edpios de Ananindeua e Marituba, al\u00e9m de um caso importado de outro estado.<\/p>\n<p>Tamb\u00e9m em comunicado, a Secretaria de Sa\u00fade do Par\u00e1 nega surto no estado e destaca alinhamento e comprometimento para fortalecer medidas de preven\u00e7\u00e3o, diagn\u00f3stico e tratamento da doen\u00e7a.<\/p>\n<blockquote><p>\u201c\u00c9 fundamental que os profissionais dos munic\u00edpios estejam atentos com os fluxos de notifica\u00e7\u00e3o e diagn\u00f3stico que j\u00e1 est\u00e3o bem estabelecidos pela secretaria, que segue as diretrizes do Minist\u00e9rio da Sa\u00fade para que a doen\u00e7a n\u00e3o se propague.\u201d<\/p><\/blockquote>\n<h2>Nova cepa<\/h2>\n<p><strong>Em mar\u00e7o, o Minist\u00e9rio da Sa\u00fade\u00a0<a href=\"https:\/\/agenciabrasil.ebc.com.br\/saude\/noticia\/2025-03\/saude-confirma-primeiro-caso-de-nova-cepa-de-mpox-no-brasil\">confirmou o primeiro caso<\/a>\u00a0de infec\u00e7\u00e3o pela cepa 1b da mpox no Brasil.<\/strong>\u00a0A paciente, uma mulher de 29 anos que mora na regi\u00e3o metropolitana de S\u00e3o Paulo, teve contato com um familiar que esteve na Rep\u00fablica Democr\u00e1tica do Congo, pa\u00eds que enfrenta surto da doen\u00e7a.<\/p>\n<p>Em nota, o minist\u00e9rio informou que o caso no Brasil foi confirmado laboratorialmente, por meio da realiza\u00e7\u00e3o de sequenciamento para caracterizar o agente infeccioso. O exame permitiu a obten\u00e7\u00e3o do genoma completo que, segundo a pasta, \u00e9 muito pr\u00f3ximo aos de casos detectados em outros pa\u00edses.<\/p>\n<blockquote><p>\u201cAt\u00e9 o presente momento, n\u00e3o foram identificados casos secund\u00e1rios. A equipe de vigil\u00e2ncia municipal mant\u00e9m o rastreamento de poss\u00edveis contatos\u201d, destacou o comunicado.<\/p><\/blockquote>\n<p>Ainda de acordo com o minist\u00e9rio, a Organiza\u00e7\u00e3o Mundial da Sa\u00fade (OMS) foi informada sobre o caso e a pasta, junto \u00e0s secretarias estadual e municipal de Sa\u00fade, solicitou o refor\u00e7o da rede de vigil\u00e2ncia epidemiol\u00f3gica e o acompanhamento da busca ativa de pessoas que tiveram contato com a paciente.<\/p>\n<h2>Doen\u00e7a<\/h2>\n<p><strong>Causada pelo v\u00edrus Monkeypox,\u00a0<a href=\"https:\/\/agenciabrasil.ebc.com.br\/saude\/noticia\/2024-08\/mpox-conheca-sintomas-e-tire-principais-duvidas-sobre-doenca\">a doen\u00e7a pode se espalhar entre pessoas<\/a>\u00a0e, ocasionalmente, do ambiente para pessoas, por meio de objetos e superf\u00edcies que foram tocados por um paciente infectado.<\/strong><\/p>\n<p>Em regi\u00f5es onde o v\u00edrus est\u00e1 presente entre animais selvagens, a mpox tamb\u00e9m pode ser transmitida para humanos que tenham contato com os animais infectados.<\/p>\n<p>A infec\u00e7\u00e3o pode causar uma s\u00e9rie de sinais e sintomas. Embora algumas pessoas apresentem sintomas menos graves, outras podem desenvolver quadros mais s\u00e9rios e necessitar de atendimento em unidades de sa\u00fade.<\/p>\n<p><strong>O sintoma mais comum \u00e9 a erup\u00e7\u00e3o na pele, semelhante a bolhas ou feridas, que pode durar de duas a quatro semanas.<\/strong><\/p>\n<p>O quadro pode come\u00e7ar com ou ser seguido de febre, dor de cabe\u00e7a, dores musculares, dores nas costas, apatia e g\u00e2nglios inchados. A erup\u00e7\u00e3o cut\u00e2nea pode afetar o rosto, as palmas das m\u00e3os, as solas dos p\u00e9s, a virilha, as regi\u00f5es genitais e\/ou anal.<\/p>\n<div class=\"noticias-relacionadas rel-position rowflex\">\n<div class=\"titulo-noticia-relacionada\"><\/div>\n<\/div>\n<\/div>\n<div class=\"footer-noticia\">\n<div class=\"editor rowflex\">Edi\u00e7\u00e3o: Sabrina Craide<\/div>\n<\/div>\n","protected":false},"excerpt":{"rendered":"<p>Entre 1\u00ba de janeiro e 30 de abril, o estado do Amazonas registrou 63 notifica\u00e7\u00f5es de mpox, sendo 33 casos confirmados e 29 descartados.\u00a0A Secretaria de Sa\u00fade do Amazonas informou que, at\u00e9 o momento, n\u00e3o h\u00e1 registro de \u00f3bito causado pelo v\u00edrus. Em nota, o \u00f3rg\u00e3o refor\u00e7ou que pessoas que apresentarem sintomas suspeitos, incluindo febre, &hellip;<\/p>\n","protected":false},"author":1,"featured_media":5326,"comment_status":"closed","ping_status":"closed","sticky":false,"template":"","format":"standard","meta":{"footnotes":""},"categories":[30],"tags":[],"class_list":["post-5325","post","type-post","status-publish","format-standard","has-post-thumbnail","hentry","category-geral"],"yoast_head":"<!-- This site is optimized with the Yoast SEO plugin v27.4 - https:\/\/yoast.com\/product\/yoast-seo-wordpress\/ -->\n<title>Regi\u00e3o Norte do Brasil registra casos de mpox - Transam\u00e9rica Mococa 93,3<\/title>\n<meta name=\"robots\" content=\"index, follow, max-snippet:-1, max-image-preview:large, max-video-preview:-1\" \/>\n<link rel=\"canonical\" href=\"https:\/\/transamerica93.com.br\/home\/regiao-norte-do-brasil-registra-casos-de-mpox\/\" \/>\n<meta property=\"og:locale\" content=\"pt_BR\" \/>\n<meta property=\"og:type\" content=\"article\" \/>\n<meta property=\"og:title\" content=\"Regi\u00e3o Norte do Brasil registra casos de mpox - Transam\u00e9rica Mococa 93,3\" \/>\n<meta property=\"og:description\" content=\"Entre 1\u00ba de janeiro e 30 de abril, o estado do Amazonas registrou 63 notifica\u00e7\u00f5es de mpox, sendo 33 casos confirmados e 29 descartados.\u00a0A Secretaria de Sa\u00fade do Amazonas informou que, at\u00e9 o momento, n\u00e3o h\u00e1 registro de \u00f3bito causado pelo v\u00edrus. Em nota, o \u00f3rg\u00e3o refor\u00e7ou que pessoas que apresentarem sintomas suspeitos, incluindo febre, &hellip;\" \/>\n<meta property=\"og:url\" content=\"https:\/\/transamerica93.com.br\/home\/regiao-norte-do-brasil-registra-casos-de-mpox\/\" \/>\n<meta property=\"og:site_name\" content=\"Transam\u00e9rica Mococa 93,3\" \/>\n<meta property=\"article:publisher\" content=\"https:\/\/www.facebook.com\/transamericamococa\" \/>\n<meta property=\"article:published_time\" content=\"2025-05-08T12:00:15+00:00\" \/>\n<meta property=\"og:image\" content=\"https:\/\/transamerica93.com.br\/home\/wp-content\/uploads\/2025\/05\/1-21.jpg\" \/>\n\t<meta property=\"og:image:width\" content=\"1170\" \/>\n\t<meta property=\"og:image:height\" content=\"700\" \/>\n\t<meta property=\"og:image:type\" content=\"image\/jpeg\" \/>\n<meta name=\"author\" content=\"Reda\u00e7\u00e3o\" \/>\n<meta name=\"twitter:card\" content=\"summary_large_image\" \/>\n<meta name=\"twitter:creator\" content=\"@transamerica933\" \/>\n<meta name=\"twitter:site\" content=\"@transamerica933\" \/>\n<meta name=\"twitter:label1\" content=\"Escrito por\" \/>\n\t<meta name=\"twitter:data1\" content=\"Reda\u00e7\u00e3o\" \/>\n\t<meta name=\"twitter:label2\" content=\"Est. tempo de leitura\" \/>\n\t<meta name=\"twitter:data2\" content=\"4 minutos\" \/>\n<script type=\"application\/ld+json\" class=\"yoast-schema-graph\">{\"@context\":\"https:\\\/\\\/schema.org\",\"@graph\":[{\"@type\":\"Article\",\"@id\":\"https:\\\/\\\/transamerica93.com.br\\\/home\\\/regiao-norte-do-brasil-registra-casos-de-mpox\\\/#article\",\"isPartOf\":{\"@id\":\"https:\\\/\\\/transamerica93.com.br\\\/home\\\/regiao-norte-do-brasil-registra-casos-de-mpox\\\/\"},\"author\":{\"name\":\"Reda\u00e7\u00e3o\",\"@id\":\"https:\\\/\\\/transamerica93.com.br\\\/home\\\/#\\\/schema\\\/person\\\/7fed7c99c0d4562efa8561bc0f543172\"},\"headline\":\"Regi\u00e3o Norte do Brasil registra casos de mpox\",\"datePublished\":\"2025-05-08T12:00:15+00:00\",\"mainEntityOfPage\":{\"@id\":\"https:\\\/\\\/transamerica93.com.br\\\/home\\\/regiao-norte-do-brasil-registra-casos-de-mpox\\\/\"},\"wordCount\":734,\"publisher\":{\"@id\":\"https:\\\/\\\/transamerica93.com.br\\\/home\\\/#organization\"},\"image\":{\"@id\":\"https:\\\/\\\/transamerica93.com.br\\\/home\\\/regiao-norte-do-brasil-registra-casos-de-mpox\\\/#primaryimage\"},\"thumbnailUrl\":\"https:\\\/\\\/transamerica93.com.br\\\/home\\\/wp-content\\\/uploads\\\/2025\\\/05\\\/1-21.jpg\",\"articleSection\":[\"Geral\"],\"inLanguage\":\"pt-BR\"},{\"@type\":\"WebPage\",\"@id\":\"https:\\\/\\\/transamerica93.com.br\\\/home\\\/regiao-norte-do-brasil-registra-casos-de-mpox\\\/\",\"url\":\"https:\\\/\\\/transamerica93.com.br\\\/home\\\/regiao-norte-do-brasil-registra-casos-de-mpox\\\/\",\"name\":\"Regi\u00e3o Norte do Brasil registra casos de mpox - Transam\u00e9rica Mococa 93,3\",\"isPartOf\":{\"@id\":\"https:\\\/\\\/transamerica93.com.br\\\/home\\\/#website\"},\"primaryImageOfPage\":{\"@id\":\"https:\\\/\\\/transamerica93.com.br\\\/home\\\/regiao-norte-do-brasil-registra-casos-de-mpox\\\/#primaryimage\"},\"image\":{\"@id\":\"https:\\\/\\\/transamerica93.com.br\\\/home\\\/regiao-norte-do-brasil-registra-casos-de-mpox\\\/#primaryimage\"},\"thumbnailUrl\":\"https:\\\/\\\/transamerica93.com.br\\\/home\\\/wp-content\\\/uploads\\\/2025\\\/05\\\/1-21.jpg\",\"datePublished\":\"2025-05-08T12:00:15+00:00\",\"breadcrumb\":{\"@id\":\"https:\\\/\\\/transamerica93.com.br\\\/home\\\/regiao-norte-do-brasil-registra-casos-de-mpox\\\/#breadcrumb\"},\"inLanguage\":\"pt-BR\",\"potentialAction\":[{\"@type\":\"ReadAction\",\"target\":[\"https:\\\/\\\/transamerica93.com.br\\\/home\\\/regiao-norte-do-brasil-registra-casos-de-mpox\\\/\"]}]},{\"@type\":\"ImageObject\",\"inLanguage\":\"pt-BR\",\"@id\":\"https:\\\/\\\/transamerica93.com.br\\\/home\\\/regiao-norte-do-brasil-registra-casos-de-mpox\\\/#primaryimage\",\"url\":\"https:\\\/\\\/transamerica93.com.br\\\/home\\\/wp-content\\\/uploads\\\/2025\\\/05\\\/1-21.jpg\",\"contentUrl\":\"https:\\\/\\\/transamerica93.com.br\\\/home\\\/wp-content\\\/uploads\\\/2025\\\/05\\\/1-21.jpg\",\"width\":1170,\"height\":700},{\"@type\":\"BreadcrumbList\",\"@id\":\"https:\\\/\\\/transamerica93.com.br\\\/home\\\/regiao-norte-do-brasil-registra-casos-de-mpox\\\/#breadcrumb\",\"itemListElement\":[{\"@type\":\"ListItem\",\"position\":1,\"name\":\"In\u00edcio\",\"item\":\"https:\\\/\\\/transamerica93.com.br\\\/home\\\/\"},{\"@type\":\"ListItem\",\"position\":2,\"name\":\"Regi\u00e3o Norte do Brasil registra casos de mpox\"}]},{\"@type\":\"WebSite\",\"@id\":\"https:\\\/\\\/transamerica93.com.br\\\/home\\\/#website\",\"url\":\"https:\\\/\\\/transamerica93.com.br\\\/home\\\/\",\"name\":\"Transam\u00e9rica Mococa 93,3\",\"description\":\"\",\"publisher\":{\"@id\":\"https:\\\/\\\/transamerica93.com.br\\\/home\\\/#organization\"},\"potentialAction\":[{\"@type\":\"SearchAction\",\"target\":{\"@type\":\"EntryPoint\",\"urlTemplate\":\"https:\\\/\\\/transamerica93.com.br\\\/home\\\/?s={search_term_string}\"},\"query-input\":{\"@type\":\"PropertyValueSpecification\",\"valueRequired\":true,\"valueName\":\"search_term_string\"}}],\"inLanguage\":\"pt-BR\"},{\"@type\":\"Organization\",\"@id\":\"https:\\\/\\\/transamerica93.com.br\\\/home\\\/#organization\",\"name\":\"Transam\u00e9rica Mococa 93,3\",\"url\":\"https:\\\/\\\/transamerica93.com.br\\\/home\\\/\",\"logo\":{\"@type\":\"ImageObject\",\"inLanguage\":\"pt-BR\",\"@id\":\"https:\\\/\\\/transamerica93.com.br\\\/home\\\/#\\\/schema\\\/logo\\\/image\\\/\",\"url\":\"https:\\\/\\\/transamerica93.com.br\\\/home\\\/wp-content\\\/uploads\\\/2023\\\/10\\\/logo2.png\",\"contentUrl\":\"https:\\\/\\\/transamerica93.com.br\\\/home\\\/wp-content\\\/uploads\\\/2023\\\/10\\\/logo2.png\",\"width\":800,\"height\":500,\"caption\":\"Transam\u00e9rica Mococa 93,3\"},\"image\":{\"@id\":\"https:\\\/\\\/transamerica93.com.br\\\/home\\\/#\\\/schema\\\/logo\\\/image\\\/\"},\"sameAs\":[\"https:\\\/\\\/www.facebook.com\\\/transamericamococa\",\"https:\\\/\\\/x.com\\\/transamerica933\",\"https:\\\/\\\/www.instagram.com\\\/transamericamococa\"]},{\"@type\":\"Person\",\"@id\":\"https:\\\/\\\/transamerica93.com.br\\\/home\\\/#\\\/schema\\\/person\\\/7fed7c99c0d4562efa8561bc0f543172\",\"name\":\"Reda\u00e7\u00e3o\",\"image\":{\"@type\":\"ImageObject\",\"inLanguage\":\"pt-BR\",\"@id\":\"https:\\\/\\\/secure.gravatar.com\\\/avatar\\\/1072c6b775fb02ef8506ce967551d95926669a6b7d2c2147b42eea4d7c68395e?s=96&d=mm&r=g\",\"url\":\"https:\\\/\\\/secure.gravatar.com\\\/avatar\\\/1072c6b775fb02ef8506ce967551d95926669a6b7d2c2147b42eea4d7c68395e?s=96&d=mm&r=g\",\"contentUrl\":\"https:\\\/\\\/secure.gravatar.com\\\/avatar\\\/1072c6b775fb02ef8506ce967551d95926669a6b7d2c2147b42eea4d7c68395e?s=96&d=mm&r=g\",\"caption\":\"Reda\u00e7\u00e3o\"},\"sameAs\":[\"https:\\\/\\\/transamerica93.com.br\\\/home\"],\"url\":\"https:\\\/\\\/transamerica93.com.br\\\/home\\\/author\\\/william\\\/\"}]}<\/script>\n<!-- \/ Yoast SEO plugin. -->","yoast_head_json":{"title":"Regi\u00e3o Norte do Brasil registra casos de mpox - Transam\u00e9rica Mococa 93,3","robots":{"index":"index","follow":"follow","max-snippet":"max-snippet:-1","max-image-preview":"max-image-preview:large","max-video-preview":"max-video-preview:-1"},"canonical":"https:\/\/transamerica93.com.br\/home\/regiao-norte-do-brasil-registra-casos-de-mpox\/","og_locale":"pt_BR","og_type":"article","og_title":"Regi\u00e3o Norte do Brasil registra casos de mpox - Transam\u00e9rica Mococa 93,3","og_description":"Entre 1\u00ba de janeiro e 30 de abril, o estado do Amazonas registrou 63 notifica\u00e7\u00f5es de mpox, sendo 33 casos confirmados e 29 descartados.\u00a0A Secretaria de Sa\u00fade do Amazonas informou que, at\u00e9 o momento, n\u00e3o h\u00e1 registro de \u00f3bito causado pelo v\u00edrus. Em nota, o \u00f3rg\u00e3o refor\u00e7ou que pessoas que apresentarem sintomas suspeitos, incluindo febre, &hellip;","og_url":"https:\/\/transamerica93.com.br\/home\/regiao-norte-do-brasil-registra-casos-de-mpox\/","og_site_name":"Transam\u00e9rica Mococa 93,3","article_publisher":"https:\/\/www.facebook.com\/transamericamococa","article_published_time":"2025-05-08T12:00:15+00:00","og_image":[{"width":1170,"height":700,"url":"https:\/\/transamerica93.com.br\/home\/wp-content\/uploads\/2025\/05\/1-21.jpg","type":"image\/jpeg"}],"author":"Reda\u00e7\u00e3o","twitter_card":"summary_large_image","twitter_creator":"@transamerica933","twitter_site":"@transamerica933","twitter_misc":{"Escrito por":"Reda\u00e7\u00e3o","Est. tempo de leitura":"4 minutos"},"schema":{"@context":"https:\/\/schema.org","@graph":[{"@type":"Article","@id":"https:\/\/transamerica93.com.br\/home\/regiao-norte-do-brasil-registra-casos-de-mpox\/#article","isPartOf":{"@id":"https:\/\/transamerica93.com.br\/home\/regiao-norte-do-brasil-registra-casos-de-mpox\/"},"author":{"name":"Reda\u00e7\u00e3o","@id":"https:\/\/transamerica93.com.br\/home\/#\/schema\/person\/7fed7c99c0d4562efa8561bc0f543172"},"headline":"Regi\u00e3o Norte do Brasil registra casos de mpox","datePublished":"2025-05-08T12:00:15+00:00","mainEntityOfPage":{"@id":"https:\/\/transamerica93.com.br\/home\/regiao-norte-do-brasil-registra-casos-de-mpox\/"},"wordCount":734,"publisher":{"@id":"https:\/\/transamerica93.com.br\/home\/#organization"},"image":{"@id":"https:\/\/transamerica93.com.br\/home\/regiao-norte-do-brasil-registra-casos-de-mpox\/#primaryimage"},"thumbnailUrl":"https:\/\/transamerica93.com.br\/home\/wp-content\/uploads\/2025\/05\/1-21.jpg","articleSection":["Geral"],"inLanguage":"pt-BR"},{"@type":"WebPage","@id":"https:\/\/transamerica93.com.br\/home\/regiao-norte-do-brasil-registra-casos-de-mpox\/","url":"https:\/\/transamerica93.com.br\/home\/regiao-norte-do-brasil-registra-casos-de-mpox\/","name":"Regi\u00e3o Norte do Brasil registra casos de mpox - Transam\u00e9rica Mococa 93,3","isPartOf":{"@id":"https:\/\/transamerica93.com.br\/home\/#website"},"primaryImageOfPage":{"@id":"https:\/\/transamerica93.com.br\/home\/regiao-norte-do-brasil-registra-casos-de-mpox\/#primaryimage"},"image":{"@id":"https:\/\/transamerica93.com.br\/home\/regiao-norte-do-brasil-registra-casos-de-mpox\/#primaryimage"},"thumbnailUrl":"https:\/\/transamerica93.com.br\/home\/wp-content\/uploads\/2025\/05\/1-21.jpg","datePublished":"2025-05-08T12:00:15+00:00","breadcrumb":{"@id":"https:\/\/transamerica93.com.br\/home\/regiao-norte-do-brasil-registra-casos-de-mpox\/#breadcrumb"},"inLanguage":"pt-BR","potentialAction":[{"@type":"ReadAction","target":["https:\/\/transamerica93.com.br\/home\/regiao-norte-do-brasil-registra-casos-de-mpox\/"]}]},{"@type":"ImageObject","inLanguage":"pt-BR","@id":"https:\/\/transamerica93.com.br\/home\/regiao-norte-do-brasil-registra-casos-de-mpox\/#primaryimage","url":"https:\/\/transamerica93.com.br\/home\/wp-content\/uploads\/2025\/05\/1-21.jpg","contentUrl":"https:\/\/transamerica93.com.br\/home\/wp-content\/uploads\/2025\/05\/1-21.jpg","width":1170,"height":700},{"@type":"BreadcrumbList","@id":"https:\/\/transamerica93.com.br\/home\/regiao-norte-do-brasil-registra-casos-de-mpox\/#breadcrumb","itemListElement":[{"@type":"ListItem","position":1,"name":"In\u00edcio","item":"https:\/\/transamerica93.com.br\/home\/"},{"@type":"ListItem","position":2,"name":"Regi\u00e3o Norte do Brasil registra casos de mpox"}]},{"@type":"WebSite","@id":"https:\/\/transamerica93.com.br\/home\/#website","url":"https:\/\/transamerica93.com.br\/home\/","name":"Transam\u00e9rica Mococa 93,3","description":"","publisher":{"@id":"https:\/\/transamerica93.com.br\/home\/#organization"},"potentialAction":[{"@type":"SearchAction","target":{"@type":"EntryPoint","urlTemplate":"https:\/\/transamerica93.com.br\/home\/?s={search_term_string}"},"query-input":{"@type":"PropertyValueSpecification","valueRequired":true,"valueName":"search_term_string"}}],"inLanguage":"pt-BR"},{"@type":"Organization","@id":"https:\/\/transamerica93.com.br\/home\/#organization","name":"Transam\u00e9rica Mococa 93,3","url":"https:\/\/transamerica93.com.br\/home\/","logo":{"@type":"ImageObject","inLanguage":"pt-BR","@id":"https:\/\/transamerica93.com.br\/home\/#\/schema\/logo\/image\/","url":"https:\/\/transamerica93.com.br\/home\/wp-content\/uploads\/2023\/10\/logo2.png","contentUrl":"https:\/\/transamerica93.com.br\/home\/wp-content\/uploads\/2023\/10\/logo2.png","width":800,"height":500,"caption":"Transam\u00e9rica Mococa 93,3"},"image":{"@id":"https:\/\/transamerica93.com.br\/home\/#\/schema\/logo\/image\/"},"sameAs":["https:\/\/www.facebook.com\/transamericamococa","https:\/\/x.com\/transamerica933","https:\/\/www.instagram.com\/transamericamococa"]},{"@type":"Person","@id":"https:\/\/transamerica93.com.br\/home\/#\/schema\/person\/7fed7c99c0d4562efa8561bc0f543172","name":"Reda\u00e7\u00e3o","image":{"@type":"ImageObject","inLanguage":"pt-BR","@id":"https:\/\/secure.gravatar.com\/avatar\/1072c6b775fb02ef8506ce967551d95926669a6b7d2c2147b42eea4d7c68395e?s=96&d=mm&r=g","url":"https:\/\/secure.gravatar.com\/avatar\/1072c6b775fb02ef8506ce967551d95926669a6b7d2c2147b42eea4d7c68395e?s=96&d=mm&r=g","contentUrl":"https:\/\/secure.gravatar.com\/avatar\/1072c6b775fb02ef8506ce967551d95926669a6b7d2c2147b42eea4d7c68395e?s=96&d=mm&r=g","caption":"Reda\u00e7\u00e3o"},"sameAs":["https:\/\/transamerica93.com.br\/home"],"url":"https:\/\/transamerica93.com.br\/home\/author\/william\/"}]}},"_links":{"self":[{"href":"https:\/\/transamerica93.com.br\/home\/wp-json\/wp\/v2\/posts\/5325","targetHints":{"allow":["GET"]}}],"collection":[{"href":"https:\/\/transamerica93.com.br\/home\/wp-json\/wp\/v2\/posts"}],"about":[{"href":"https:\/\/transamerica93.com.br\/home\/wp-json\/wp\/v2\/types\/post"}],"author":[{"embeddable":true,"href":"https:\/\/transamerica93.com.br\/home\/wp-json\/wp\/v2\/users\/1"}],"replies":[{"embeddable":true,"href":"https:\/\/transamerica93.com.br\/home\/wp-json\/wp\/v2\/comments?post=5325"}],"version-history":[{"count":1,"href":"https:\/\/transamerica93.com.br\/home\/wp-json\/wp\/v2\/posts\/5325\/revisions"}],"predecessor-version":[{"id":5327,"href":"https:\/\/transamerica93.com.br\/home\/wp-json\/wp\/v2\/posts\/5325\/revisions\/5327"}],"wp:featuredmedia":[{"embeddable":true,"href":"https:\/\/transamerica93.com.br\/home\/wp-json\/wp\/v2\/media\/5326"}],"wp:attachment":[{"href":"https:\/\/transamerica93.com.br\/home\/wp-json\/wp\/v2\/media?parent=5325"}],"wp:term":[{"taxonomy":"category","embeddable":true,"href":"https:\/\/transamerica93.com.br\/home\/wp-json\/wp\/v2\/categories?post=5325"},{"taxonomy":"post_tag","embeddable":true,"href":"https:\/\/transamerica93.com.br\/home\/wp-json\/wp\/v2\/tags?post=5325"}],"curies":[{"name":"wp","href":"https:\/\/api.w.org\/{rel}","templated":true}]}}