{"id":5328,"date":"2025-05-09T09:00:24","date_gmt":"2025-05-09T12:00:24","guid":{"rendered":"https:\/\/transamerica93.com.br\/home\/?p=5328"},"modified":"2025-05-02T23:38:15","modified_gmt":"2025-05-03T02:38:15","slug":"brasil-sobe-47-posicoes-em-ranking-de-liberdade-de-imprensa","status":"publish","type":"post","link":"https:\/\/transamerica93.com.br\/home\/brasil-sobe-47-posicoes-em-ranking-de-liberdade-de-imprensa\/","title":{"rendered":"Brasil sobe 47 posi\u00e7\u00f5es em ranking de liberdade de imprensa"},"content":{"rendered":"<p><strong>O Brasil deu um salto de 47 posi\u00e7\u00f5es no Ranking Mundial da Liberdade de Imprensa da Rep\u00f3rteres Sem Fronteiras (RSF)<\/strong>, organiza\u00e7\u00e3o n\u00e3o governamental e sem fins lucrativos. A compara\u00e7\u00e3o \u00e9 entre a posi\u00e7\u00e3o de 2025, quando pa\u00eds ficou na 63\u00ba posi\u00e7\u00e3o,\u00a0e a de 2022. Segundo os pesquisadores, h\u00e1 um clima menos hostil ao jornalismo depois da \u201cera Bolsonaro\u201d.<img decoding=\"async\" data-src=\"https:\/\/agenciabrasil.ebc.com.br\/ebc.png?id=1641214&amp;o=node\" src=\"data:image\/svg+xml;base64,PHN2ZyB3aWR0aD0iMSIgaGVpZ2h0PSIxIiB4bWxucz0iaHR0cDovL3d3dy53My5vcmcvMjAwMC9zdmciPjwvc3ZnPg==\" class=\"lazyload\" \/><img decoding=\"async\" data-src=\"https:\/\/agenciabrasil.ebc.com.br\/ebc.gif?id=1641214&amp;o=node\" src=\"data:image\/svg+xml;base64,PHN2ZyB3aWR0aD0iMSIgaGVpZ2h0PSIxIiB4bWxucz0iaHR0cDovL3d3dy53My5vcmcvMjAwMC9zdmciPjwvc3ZnPg==\" class=\"lazyload\" \/><\/p>\n<p>O estudo define\u00a0<strong>liberdade de imprensa como \u201ca possibilidade efetiva de jornalistas, como indiv\u00edduos e como coletivos, selecionarem, produzirem e divulgarem informa\u00e7\u00f5es de interesse p\u00fablico, independentemente de inger\u00eancias pol\u00edticas, econ\u00f4micas, legais e sociais, e sem amea\u00e7a \u00e0 sua seguran\u00e7a f\u00edsica e mental\u201d.<\/strong><\/p>\n<p>Os n\u00fameros brasileiros, por\u00e9m, est\u00e3o entre\u00a0as poucas melhoras nesse indicador de\u00a02025. Seis em cada dez pa\u00edses ca\u00edram no ranking. Pela primeira vez na hist\u00f3ria do levantamento, as condi\u00e7\u00f5es para o jornalismo s\u00e3o consideradas \u201cruins\u201d em metade dos pa\u00edses do mundo e \u201csatisfat\u00f3rias\u201d em menos de um em cada quatro.<\/p>\n<p><strong>A pontua\u00e7\u00e3o m\u00e9dia de todos os pa\u00edses avaliados ficou abaixo de 55 pontos, o que qualifica a situa\u00e7\u00e3o da liberdade de imprensa no mundo como \u201cdif\u00edcil\u201d.<\/strong>\u00a0Segundo a RSF, o ranking \u00e9 um \u00edndice que mede as condi\u00e7\u00f5es para o livre exerc\u00edcio do jornalismo em 180 pa\u00edses do mundo.<\/p>\n<p><strong>O \u00edndice tem cinco indicadores: pol\u00edtico, social, econ\u00f4mico, marco legal e seguran\u00e7a.\u00a0<\/strong>Com base na pontua\u00e7\u00e3o de cada um, \u00e9 definida a pontua\u00e7\u00e3o geral por pa\u00eds. O indicador econ\u00f4mico foi o que mais pesou em 2025. O que significa falar em concentra\u00e7\u00e3o da propriedade dos meios de comunica\u00e7\u00e3o, press\u00e3o de anunciantes ou financiadores, aus\u00eancia, restri\u00e7\u00e3o ou atribui\u00e7\u00e3o opaca de aux\u00edlios p\u00fablicos.<\/p>\n<p>Segundo a RSF, os meios de comunica\u00e7\u00e3o est\u00e3o divididos entre a garantia da pr\u00f3pria independ\u00eancia e a luta pela sobreviv\u00eancia econ\u00f4mica.<\/p>\n<p>\u201cGarantir um espa\u00e7o de meios de comunica\u00e7\u00e3o pluralistas, livres e independentes exige condi\u00e7\u00f5es financeiras est\u00e1veis e transparentes. Sem independ\u00eancia econ\u00f4mica, n\u00e3o h\u00e1 imprensa livre. Quando um meio de comunica\u00e7\u00e3o est\u00e1 economicamente enfraquecido, ele \u00e9 arrastado pela corrida por audi\u00eancia, em detrimento da qualidade, e pode se tornar presa f\u00e1cil de oligarcas ou de tomadores de decis\u00e3o p\u00fablica que o exploram\u201d, diz Anne Bocand\u00e9, diretora editorial do RSF.<\/p>\n<blockquote><p>\u201cA independ\u00eancia financeira \u00e9 uma condi\u00e7\u00e3o vital para assegurar uma informa\u00e7\u00e3o livre, confi\u00e1vel e voltada para o interesse p\u00fablico\u201d.<\/p><\/blockquote>\n<h2>Outros dados<\/h2>\n<p>Alguns pa\u00edses merecem destaque na pesquisa. Caso da\u00a0<strong>Argentina, que ocupa a 87\u00aa posi\u00e7\u00e3o entre os 180 pa\u00edses<\/strong>. Segundo a pesquisa, h\u00e1 retrocessos pelas tend\u00eancias autorit\u00e1rias do governo do presidente Javier Milei, que estigmatizou jornalistas, desmantelou a m\u00eddia p\u00fablica e utilizou a publicidade estatal como instrumento de press\u00e3o pol\u00edtica. O pa\u00eds perdeu 47 posi\u00e7\u00f5es em dois anos.<\/p>\n<p><strong>O Peru (130\u00ba) tamb\u00e9m foi um lugar em que pesquisadores identificaram que a liberdade de imprensa entrou em colapso<\/strong>, 53 posi\u00e7\u00f5es a menos desde 2022. Os motivos apontados s\u00e3o ass\u00e9dio judicial, campanhas de desinforma\u00e7\u00e3o e crescente press\u00e3o sobre a m\u00eddia independente.<\/p>\n<p><strong>Os Estados Unidos (57\u00ba) s\u00e3o marcados pelo segundo mandato de Donald Trump<\/strong>,\u00a0<strong>que, segundo o levantamento,\u00a0\u00a0politizou institui\u00e7\u00f5es, reduziu o apoio \u00e0 m\u00eddia independente e marginalizou jornalistas.<\/strong>\u00a0No pa\u00eds, a confian\u00e7a na m\u00eddia est\u00e1 em queda, os rep\u00f3rteres t\u00eam enfrentado hostilidade e muitos jornais locais est\u00e3o desaparecendo. Trump tamb\u00e9m encerrou o financiamento federal da Ag\u00eancia dos Estados Unidos para a M\u00eddia Global (USAGM).<\/p>\n<p>As regi\u00f5es do Oriente M\u00e9dio e Norte da \u00c1frica s\u00e3o consideradas as mais perigosas para os jornalistas no mundo.\u00a0<strong>Destaque, segundo a RSF, para o massacre do jornalismo em Gaza pelo ex\u00e9rcito israelense.\u00a0<\/strong>A situa\u00e7\u00e3o de todos os pa\u00edses nessas regi\u00f5es \u00e9 considerada \u201cdif\u00edcil\u201d ou \u201cmuito grave\u201d, com exce\u00e7\u00e3o do Catar (79\u00ba).<\/p>\n<h2>Big Techs<\/h2>\n<p>A RSF pontua o papel das big techs nos problemas atuais.\u00a0<strong>Diz que a economia de m\u00eddia \u00e9 minada pelo dom\u00ednio do GAFAM (Google, Apple, Facebook, Amazon e Microsoft) na distribui\u00e7\u00e3o de informa\u00e7\u00f5es. O que significa falar em plataformas n\u00e3o regulamentadas, que capturam receitas de publicidade que sustentavam o jornalismo.<\/strong><\/p>\n<p>Os n\u00fameros de 2024 mostram que o gasto total com publicidade nas redes sociais alcan\u00e7ou US$ 247,3 bilh\u00f5es, aumento de 14% em rela\u00e7\u00e3o a 2023. A RSF aponta que elas tamb\u00e9m contribuem para a prolifera\u00e7\u00e3o de conte\u00fados manipulados ou enganosos, tornando piores os fen\u00f4menos de desinforma\u00e7\u00e3o.<\/p>\n<p>Outro ponto de preocupa\u00e7\u00e3o \u00e9 a concentra\u00e7\u00e3o de propriedade, que amea\u00e7a diretamente o pluralismo de imprensa. Em 46 pa\u00edses, a propriedade dos meios de comunica\u00e7\u00e3o est\u00e1 altamente concentrada \u2014 ou mesmo totalmente nas m\u00e3os do Estado \u2014, segundo a an\u00e1lise dos dados do ranking.<\/p>\n","protected":false},"excerpt":{"rendered":"<p>O Brasil deu um salto de 47 posi\u00e7\u00f5es no Ranking Mundial da Liberdade de Imprensa da Rep\u00f3rteres Sem Fronteiras (RSF), organiza\u00e7\u00e3o n\u00e3o governamental e sem fins lucrativos. A compara\u00e7\u00e3o \u00e9 entre a posi\u00e7\u00e3o de 2025, quando pa\u00eds ficou na 63\u00ba posi\u00e7\u00e3o,\u00a0e a de 2022. Segundo os pesquisadores, h\u00e1 um clima menos hostil ao jornalismo depois &hellip;<\/p>\n","protected":false},"author":1,"featured_media":5329,"comment_status":"closed","ping_status":"closed","sticky":false,"template":"","format":"standard","meta":{"footnotes":""},"categories":[30],"tags":[],"class_list":["post-5328","post","type-post","status-publish","format-standard","has-post-thumbnail","hentry","category-geral"],"yoast_head":"<!-- This site is optimized with the Yoast SEO plugin v27.4 - https:\/\/yoast.com\/product\/yoast-seo-wordpress\/ -->\n<title>Brasil sobe 47 posi\u00e7\u00f5es em ranking de liberdade de imprensa - Transam\u00e9rica Mococa 93,3<\/title>\n<meta name=\"robots\" content=\"index, follow, max-snippet:-1, max-image-preview:large, max-video-preview:-1\" \/>\n<link rel=\"canonical\" href=\"https:\/\/transamerica93.com.br\/home\/brasil-sobe-47-posicoes-em-ranking-de-liberdade-de-imprensa\/\" \/>\n<meta property=\"og:locale\" content=\"pt_BR\" \/>\n<meta property=\"og:type\" content=\"article\" \/>\n<meta property=\"og:title\" content=\"Brasil sobe 47 posi\u00e7\u00f5es em ranking de liberdade de imprensa - Transam\u00e9rica Mococa 93,3\" \/>\n<meta property=\"og:description\" content=\"O Brasil deu um salto de 47 posi\u00e7\u00f5es no Ranking Mundial da Liberdade de Imprensa da Rep\u00f3rteres Sem Fronteiras (RSF), organiza\u00e7\u00e3o n\u00e3o governamental e sem fins lucrativos. A compara\u00e7\u00e3o \u00e9 entre a posi\u00e7\u00e3o de 2025, quando pa\u00eds ficou na 63\u00ba posi\u00e7\u00e3o,\u00a0e a de 2022. Segundo os pesquisadores, h\u00e1 um clima menos hostil ao jornalismo depois &hellip;\" \/>\n<meta property=\"og:url\" content=\"https:\/\/transamerica93.com.br\/home\/brasil-sobe-47-posicoes-em-ranking-de-liberdade-de-imprensa\/\" \/>\n<meta property=\"og:site_name\" content=\"Transam\u00e9rica Mococa 93,3\" \/>\n<meta property=\"article:publisher\" content=\"https:\/\/www.facebook.com\/transamericamococa\" \/>\n<meta property=\"article:published_time\" content=\"2025-05-09T12:00:24+00:00\" \/>\n<meta property=\"og:image\" content=\"https:\/\/transamerica93.com.br\/home\/wp-content\/uploads\/2025\/05\/1-22.jpg\" \/>\n\t<meta property=\"og:image:width\" content=\"1170\" \/>\n\t<meta property=\"og:image:height\" content=\"700\" \/>\n\t<meta property=\"og:image:type\" content=\"image\/jpeg\" \/>\n<meta name=\"author\" content=\"Reda\u00e7\u00e3o\" \/>\n<meta name=\"twitter:card\" content=\"summary_large_image\" \/>\n<meta name=\"twitter:creator\" content=\"@transamerica933\" \/>\n<meta name=\"twitter:site\" content=\"@transamerica933\" \/>\n<meta name=\"twitter:label1\" content=\"Escrito por\" \/>\n\t<meta name=\"twitter:data1\" content=\"Reda\u00e7\u00e3o\" \/>\n\t<meta name=\"twitter:label2\" content=\"Est. tempo de leitura\" \/>\n\t<meta name=\"twitter:data2\" content=\"5 minutos\" \/>\n<script type=\"application\/ld+json\" class=\"yoast-schema-graph\">{\"@context\":\"https:\\\/\\\/schema.org\",\"@graph\":[{\"@type\":\"Article\",\"@id\":\"https:\\\/\\\/transamerica93.com.br\\\/home\\\/brasil-sobe-47-posicoes-em-ranking-de-liberdade-de-imprensa\\\/#article\",\"isPartOf\":{\"@id\":\"https:\\\/\\\/transamerica93.com.br\\\/home\\\/brasil-sobe-47-posicoes-em-ranking-de-liberdade-de-imprensa\\\/\"},\"author\":{\"name\":\"Reda\u00e7\u00e3o\",\"@id\":\"https:\\\/\\\/transamerica93.com.br\\\/home\\\/#\\\/schema\\\/person\\\/7fed7c99c0d4562efa8561bc0f543172\"},\"headline\":\"Brasil sobe 47 posi\u00e7\u00f5es em ranking de liberdade de imprensa\",\"datePublished\":\"2025-05-09T12:00:24+00:00\",\"mainEntityOfPage\":{\"@id\":\"https:\\\/\\\/transamerica93.com.br\\\/home\\\/brasil-sobe-47-posicoes-em-ranking-de-liberdade-de-imprensa\\\/\"},\"wordCount\":836,\"publisher\":{\"@id\":\"https:\\\/\\\/transamerica93.com.br\\\/home\\\/#organization\"},\"image\":{\"@id\":\"https:\\\/\\\/transamerica93.com.br\\\/home\\\/brasil-sobe-47-posicoes-em-ranking-de-liberdade-de-imprensa\\\/#primaryimage\"},\"thumbnailUrl\":\"https:\\\/\\\/transamerica93.com.br\\\/home\\\/wp-content\\\/uploads\\\/2025\\\/05\\\/1-22.jpg\",\"articleSection\":[\"Geral\"],\"inLanguage\":\"pt-BR\"},{\"@type\":\"WebPage\",\"@id\":\"https:\\\/\\\/transamerica93.com.br\\\/home\\\/brasil-sobe-47-posicoes-em-ranking-de-liberdade-de-imprensa\\\/\",\"url\":\"https:\\\/\\\/transamerica93.com.br\\\/home\\\/brasil-sobe-47-posicoes-em-ranking-de-liberdade-de-imprensa\\\/\",\"name\":\"Brasil sobe 47 posi\u00e7\u00f5es em ranking de liberdade de imprensa - Transam\u00e9rica Mococa 93,3\",\"isPartOf\":{\"@id\":\"https:\\\/\\\/transamerica93.com.br\\\/home\\\/#website\"},\"primaryImageOfPage\":{\"@id\":\"https:\\\/\\\/transamerica93.com.br\\\/home\\\/brasil-sobe-47-posicoes-em-ranking-de-liberdade-de-imprensa\\\/#primaryimage\"},\"image\":{\"@id\":\"https:\\\/\\\/transamerica93.com.br\\\/home\\\/brasil-sobe-47-posicoes-em-ranking-de-liberdade-de-imprensa\\\/#primaryimage\"},\"thumbnailUrl\":\"https:\\\/\\\/transamerica93.com.br\\\/home\\\/wp-content\\\/uploads\\\/2025\\\/05\\\/1-22.jpg\",\"datePublished\":\"2025-05-09T12:00:24+00:00\",\"breadcrumb\":{\"@id\":\"https:\\\/\\\/transamerica93.com.br\\\/home\\\/brasil-sobe-47-posicoes-em-ranking-de-liberdade-de-imprensa\\\/#breadcrumb\"},\"inLanguage\":\"pt-BR\",\"potentialAction\":[{\"@type\":\"ReadAction\",\"target\":[\"https:\\\/\\\/transamerica93.com.br\\\/home\\\/brasil-sobe-47-posicoes-em-ranking-de-liberdade-de-imprensa\\\/\"]}]},{\"@type\":\"ImageObject\",\"inLanguage\":\"pt-BR\",\"@id\":\"https:\\\/\\\/transamerica93.com.br\\\/home\\\/brasil-sobe-47-posicoes-em-ranking-de-liberdade-de-imprensa\\\/#primaryimage\",\"url\":\"https:\\\/\\\/transamerica93.com.br\\\/home\\\/wp-content\\\/uploads\\\/2025\\\/05\\\/1-22.jpg\",\"contentUrl\":\"https:\\\/\\\/transamerica93.com.br\\\/home\\\/wp-content\\\/uploads\\\/2025\\\/05\\\/1-22.jpg\",\"width\":1170,\"height\":700},{\"@type\":\"BreadcrumbList\",\"@id\":\"https:\\\/\\\/transamerica93.com.br\\\/home\\\/brasil-sobe-47-posicoes-em-ranking-de-liberdade-de-imprensa\\\/#breadcrumb\",\"itemListElement\":[{\"@type\":\"ListItem\",\"position\":1,\"name\":\"In\u00edcio\",\"item\":\"https:\\\/\\\/transamerica93.com.br\\\/home\\\/\"},{\"@type\":\"ListItem\",\"position\":2,\"name\":\"Brasil sobe 47 posi\u00e7\u00f5es em ranking de liberdade de imprensa\"}]},{\"@type\":\"WebSite\",\"@id\":\"https:\\\/\\\/transamerica93.com.br\\\/home\\\/#website\",\"url\":\"https:\\\/\\\/transamerica93.com.br\\\/home\\\/\",\"name\":\"Transam\u00e9rica Mococa 93,3\",\"description\":\"\",\"publisher\":{\"@id\":\"https:\\\/\\\/transamerica93.com.br\\\/home\\\/#organization\"},\"potentialAction\":[{\"@type\":\"SearchAction\",\"target\":{\"@type\":\"EntryPoint\",\"urlTemplate\":\"https:\\\/\\\/transamerica93.com.br\\\/home\\\/?s={search_term_string}\"},\"query-input\":{\"@type\":\"PropertyValueSpecification\",\"valueRequired\":true,\"valueName\":\"search_term_string\"}}],\"inLanguage\":\"pt-BR\"},{\"@type\":\"Organization\",\"@id\":\"https:\\\/\\\/transamerica93.com.br\\\/home\\\/#organization\",\"name\":\"Transam\u00e9rica Mococa 93,3\",\"url\":\"https:\\\/\\\/transamerica93.com.br\\\/home\\\/\",\"logo\":{\"@type\":\"ImageObject\",\"inLanguage\":\"pt-BR\",\"@id\":\"https:\\\/\\\/transamerica93.com.br\\\/home\\\/#\\\/schema\\\/logo\\\/image\\\/\",\"url\":\"https:\\\/\\\/transamerica93.com.br\\\/home\\\/wp-content\\\/uploads\\\/2023\\\/10\\\/logo2.png\",\"contentUrl\":\"https:\\\/\\\/transamerica93.com.br\\\/home\\\/wp-content\\\/uploads\\\/2023\\\/10\\\/logo2.png\",\"width\":800,\"height\":500,\"caption\":\"Transam\u00e9rica Mococa 93,3\"},\"image\":{\"@id\":\"https:\\\/\\\/transamerica93.com.br\\\/home\\\/#\\\/schema\\\/logo\\\/image\\\/\"},\"sameAs\":[\"https:\\\/\\\/www.facebook.com\\\/transamericamococa\",\"https:\\\/\\\/x.com\\\/transamerica933\",\"https:\\\/\\\/www.instagram.com\\\/transamericamococa\"]},{\"@type\":\"Person\",\"@id\":\"https:\\\/\\\/transamerica93.com.br\\\/home\\\/#\\\/schema\\\/person\\\/7fed7c99c0d4562efa8561bc0f543172\",\"name\":\"Reda\u00e7\u00e3o\",\"image\":{\"@type\":\"ImageObject\",\"inLanguage\":\"pt-BR\",\"@id\":\"https:\\\/\\\/secure.gravatar.com\\\/avatar\\\/1072c6b775fb02ef8506ce967551d95926669a6b7d2c2147b42eea4d7c68395e?s=96&d=mm&r=g\",\"url\":\"https:\\\/\\\/secure.gravatar.com\\\/avatar\\\/1072c6b775fb02ef8506ce967551d95926669a6b7d2c2147b42eea4d7c68395e?s=96&d=mm&r=g\",\"contentUrl\":\"https:\\\/\\\/secure.gravatar.com\\\/avatar\\\/1072c6b775fb02ef8506ce967551d95926669a6b7d2c2147b42eea4d7c68395e?s=96&d=mm&r=g\",\"caption\":\"Reda\u00e7\u00e3o\"},\"sameAs\":[\"https:\\\/\\\/transamerica93.com.br\\\/home\"],\"url\":\"https:\\\/\\\/transamerica93.com.br\\\/home\\\/author\\\/william\\\/\"}]}<\/script>\n<!-- \/ Yoast SEO plugin. -->","yoast_head_json":{"title":"Brasil sobe 47 posi\u00e7\u00f5es em ranking de liberdade de imprensa - Transam\u00e9rica Mococa 93,3","robots":{"index":"index","follow":"follow","max-snippet":"max-snippet:-1","max-image-preview":"max-image-preview:large","max-video-preview":"max-video-preview:-1"},"canonical":"https:\/\/transamerica93.com.br\/home\/brasil-sobe-47-posicoes-em-ranking-de-liberdade-de-imprensa\/","og_locale":"pt_BR","og_type":"article","og_title":"Brasil sobe 47 posi\u00e7\u00f5es em ranking de liberdade de imprensa - Transam\u00e9rica Mococa 93,3","og_description":"O Brasil deu um salto de 47 posi\u00e7\u00f5es no Ranking Mundial da Liberdade de Imprensa da Rep\u00f3rteres Sem Fronteiras (RSF), organiza\u00e7\u00e3o n\u00e3o governamental e sem fins lucrativos. A compara\u00e7\u00e3o \u00e9 entre a posi\u00e7\u00e3o de 2025, quando pa\u00eds ficou na 63\u00ba posi\u00e7\u00e3o,\u00a0e a de 2022. Segundo os pesquisadores, h\u00e1 um clima menos hostil ao jornalismo depois &hellip;","og_url":"https:\/\/transamerica93.com.br\/home\/brasil-sobe-47-posicoes-em-ranking-de-liberdade-de-imprensa\/","og_site_name":"Transam\u00e9rica Mococa 93,3","article_publisher":"https:\/\/www.facebook.com\/transamericamococa","article_published_time":"2025-05-09T12:00:24+00:00","og_image":[{"width":1170,"height":700,"url":"https:\/\/transamerica93.com.br\/home\/wp-content\/uploads\/2025\/05\/1-22.jpg","type":"image\/jpeg"}],"author":"Reda\u00e7\u00e3o","twitter_card":"summary_large_image","twitter_creator":"@transamerica933","twitter_site":"@transamerica933","twitter_misc":{"Escrito por":"Reda\u00e7\u00e3o","Est. tempo de leitura":"5 minutos"},"schema":{"@context":"https:\/\/schema.org","@graph":[{"@type":"Article","@id":"https:\/\/transamerica93.com.br\/home\/brasil-sobe-47-posicoes-em-ranking-de-liberdade-de-imprensa\/#article","isPartOf":{"@id":"https:\/\/transamerica93.com.br\/home\/brasil-sobe-47-posicoes-em-ranking-de-liberdade-de-imprensa\/"},"author":{"name":"Reda\u00e7\u00e3o","@id":"https:\/\/transamerica93.com.br\/home\/#\/schema\/person\/7fed7c99c0d4562efa8561bc0f543172"},"headline":"Brasil sobe 47 posi\u00e7\u00f5es em ranking de liberdade de imprensa","datePublished":"2025-05-09T12:00:24+00:00","mainEntityOfPage":{"@id":"https:\/\/transamerica93.com.br\/home\/brasil-sobe-47-posicoes-em-ranking-de-liberdade-de-imprensa\/"},"wordCount":836,"publisher":{"@id":"https:\/\/transamerica93.com.br\/home\/#organization"},"image":{"@id":"https:\/\/transamerica93.com.br\/home\/brasil-sobe-47-posicoes-em-ranking-de-liberdade-de-imprensa\/#primaryimage"},"thumbnailUrl":"https:\/\/transamerica93.com.br\/home\/wp-content\/uploads\/2025\/05\/1-22.jpg","articleSection":["Geral"],"inLanguage":"pt-BR"},{"@type":"WebPage","@id":"https:\/\/transamerica93.com.br\/home\/brasil-sobe-47-posicoes-em-ranking-de-liberdade-de-imprensa\/","url":"https:\/\/transamerica93.com.br\/home\/brasil-sobe-47-posicoes-em-ranking-de-liberdade-de-imprensa\/","name":"Brasil sobe 47 posi\u00e7\u00f5es em ranking de liberdade de imprensa - Transam\u00e9rica Mococa 93,3","isPartOf":{"@id":"https:\/\/transamerica93.com.br\/home\/#website"},"primaryImageOfPage":{"@id":"https:\/\/transamerica93.com.br\/home\/brasil-sobe-47-posicoes-em-ranking-de-liberdade-de-imprensa\/#primaryimage"},"image":{"@id":"https:\/\/transamerica93.com.br\/home\/brasil-sobe-47-posicoes-em-ranking-de-liberdade-de-imprensa\/#primaryimage"},"thumbnailUrl":"https:\/\/transamerica93.com.br\/home\/wp-content\/uploads\/2025\/05\/1-22.jpg","datePublished":"2025-05-09T12:00:24+00:00","breadcrumb":{"@id":"https:\/\/transamerica93.com.br\/home\/brasil-sobe-47-posicoes-em-ranking-de-liberdade-de-imprensa\/#breadcrumb"},"inLanguage":"pt-BR","potentialAction":[{"@type":"ReadAction","target":["https:\/\/transamerica93.com.br\/home\/brasil-sobe-47-posicoes-em-ranking-de-liberdade-de-imprensa\/"]}]},{"@type":"ImageObject","inLanguage":"pt-BR","@id":"https:\/\/transamerica93.com.br\/home\/brasil-sobe-47-posicoes-em-ranking-de-liberdade-de-imprensa\/#primaryimage","url":"https:\/\/transamerica93.com.br\/home\/wp-content\/uploads\/2025\/05\/1-22.jpg","contentUrl":"https:\/\/transamerica93.com.br\/home\/wp-content\/uploads\/2025\/05\/1-22.jpg","width":1170,"height":700},{"@type":"BreadcrumbList","@id":"https:\/\/transamerica93.com.br\/home\/brasil-sobe-47-posicoes-em-ranking-de-liberdade-de-imprensa\/#breadcrumb","itemListElement":[{"@type":"ListItem","position":1,"name":"In\u00edcio","item":"https:\/\/transamerica93.com.br\/home\/"},{"@type":"ListItem","position":2,"name":"Brasil sobe 47 posi\u00e7\u00f5es em ranking de liberdade de imprensa"}]},{"@type":"WebSite","@id":"https:\/\/transamerica93.com.br\/home\/#website","url":"https:\/\/transamerica93.com.br\/home\/","name":"Transam\u00e9rica Mococa 93,3","description":"","publisher":{"@id":"https:\/\/transamerica93.com.br\/home\/#organization"},"potentialAction":[{"@type":"SearchAction","target":{"@type":"EntryPoint","urlTemplate":"https:\/\/transamerica93.com.br\/home\/?s={search_term_string}"},"query-input":{"@type":"PropertyValueSpecification","valueRequired":true,"valueName":"search_term_string"}}],"inLanguage":"pt-BR"},{"@type":"Organization","@id":"https:\/\/transamerica93.com.br\/home\/#organization","name":"Transam\u00e9rica Mococa 93,3","url":"https:\/\/transamerica93.com.br\/home\/","logo":{"@type":"ImageObject","inLanguage":"pt-BR","@id":"https:\/\/transamerica93.com.br\/home\/#\/schema\/logo\/image\/","url":"https:\/\/transamerica93.com.br\/home\/wp-content\/uploads\/2023\/10\/logo2.png","contentUrl":"https:\/\/transamerica93.com.br\/home\/wp-content\/uploads\/2023\/10\/logo2.png","width":800,"height":500,"caption":"Transam\u00e9rica Mococa 93,3"},"image":{"@id":"https:\/\/transamerica93.com.br\/home\/#\/schema\/logo\/image\/"},"sameAs":["https:\/\/www.facebook.com\/transamericamococa","https:\/\/x.com\/transamerica933","https:\/\/www.instagram.com\/transamericamococa"]},{"@type":"Person","@id":"https:\/\/transamerica93.com.br\/home\/#\/schema\/person\/7fed7c99c0d4562efa8561bc0f543172","name":"Reda\u00e7\u00e3o","image":{"@type":"ImageObject","inLanguage":"pt-BR","@id":"https:\/\/secure.gravatar.com\/avatar\/1072c6b775fb02ef8506ce967551d95926669a6b7d2c2147b42eea4d7c68395e?s=96&d=mm&r=g","url":"https:\/\/secure.gravatar.com\/avatar\/1072c6b775fb02ef8506ce967551d95926669a6b7d2c2147b42eea4d7c68395e?s=96&d=mm&r=g","contentUrl":"https:\/\/secure.gravatar.com\/avatar\/1072c6b775fb02ef8506ce967551d95926669a6b7d2c2147b42eea4d7c68395e?s=96&d=mm&r=g","caption":"Reda\u00e7\u00e3o"},"sameAs":["https:\/\/transamerica93.com.br\/home"],"url":"https:\/\/transamerica93.com.br\/home\/author\/william\/"}]}},"_links":{"self":[{"href":"https:\/\/transamerica93.com.br\/home\/wp-json\/wp\/v2\/posts\/5328","targetHints":{"allow":["GET"]}}],"collection":[{"href":"https:\/\/transamerica93.com.br\/home\/wp-json\/wp\/v2\/posts"}],"about":[{"href":"https:\/\/transamerica93.com.br\/home\/wp-json\/wp\/v2\/types\/post"}],"author":[{"embeddable":true,"href":"https:\/\/transamerica93.com.br\/home\/wp-json\/wp\/v2\/users\/1"}],"replies":[{"embeddable":true,"href":"https:\/\/transamerica93.com.br\/home\/wp-json\/wp\/v2\/comments?post=5328"}],"version-history":[{"count":1,"href":"https:\/\/transamerica93.com.br\/home\/wp-json\/wp\/v2\/posts\/5328\/revisions"}],"predecessor-version":[{"id":5330,"href":"https:\/\/transamerica93.com.br\/home\/wp-json\/wp\/v2\/posts\/5328\/revisions\/5330"}],"wp:featuredmedia":[{"embeddable":true,"href":"https:\/\/transamerica93.com.br\/home\/wp-json\/wp\/v2\/media\/5329"}],"wp:attachment":[{"href":"https:\/\/transamerica93.com.br\/home\/wp-json\/wp\/v2\/media?parent=5328"}],"wp:term":[{"taxonomy":"category","embeddable":true,"href":"https:\/\/transamerica93.com.br\/home\/wp-json\/wp\/v2\/categories?post=5328"},{"taxonomy":"post_tag","embeddable":true,"href":"https:\/\/transamerica93.com.br\/home\/wp-json\/wp\/v2\/tags?post=5328"}],"curies":[{"name":"wp","href":"https:\/\/api.w.org\/{rel}","templated":true}]}}