{"id":5340,"date":"2025-05-08T12:00:03","date_gmt":"2025-05-08T15:00:03","guid":{"rendered":"https:\/\/transamerica93.com.br\/home\/?p=5340"},"modified":"2025-05-02T23:47:03","modified_gmt":"2025-05-03T02:47:03","slug":"santos-confirma-lesao-e-desfalque-de-guilherme-trio-pode-voltar-ao-time-no-domingo","status":"publish","type":"post","link":"https:\/\/transamerica93.com.br\/home\/santos-confirma-lesao-e-desfalque-de-guilherme-trio-pode-voltar-ao-time-no-domingo\/","title":{"rendered":"Santos confirma les\u00e3o e desfalque de Guilherme; trio pode voltar ao time no domingo"},"content":{"rendered":"<div id=\"Corpo\">Em momento dif\u00edcil na temporada, o atacante Guilherme vai desfalcar o Santos no domingo, contra o Gr\u00eamio. O jogador sofreu uma les\u00e3o no m\u00fasculo obturador externo da perna direita e n\u00e3o ter\u00e1 condi\u00e7\u00f5es de jogar em Porto Alegre, pela s\u00e9tima rodada do Brasileir\u00e3o. Em compensa\u00e7\u00e3o, o t\u00e9cnico Cl\u00e9ber Xavier ganha mais op\u00e7\u00f5es para escalar a equipe paulista.<\/p>\n<p>A les\u00e3o de Guilherme foi confirmada pelo clube nesta sexta-feira, ap\u00f3s exames de imagem. Ele j\u00e1 era d\u00favida desde que saiu mais cedo da partida contra o CRB, na noite de quinta, na Vila Belmiro. O atacante, que j\u00e1 iniciou tratamento no CT Rei Pel\u00e9, havia reclamado de dores no quadril ap\u00f3s cobrar um escanteio.<\/p>\n<p>O jogador, um dos principais do time na campanha que trouxe o Santos de volta para a primeira divis\u00e3o em 2024, vive m\u00e1 fase dentro de campo. Longe de repetir as performances da temporada passada, se tornou alvo da torcida. Na quinta, ap\u00f3s o empate com o CRB por 1 a 1, pela ida da terceira fase da Copa do Brasil, ele voltou a ser criticado por parte da torcida.<\/p>\n<p>Se perdeu um titular, Cl\u00e9ber Xavier ganhou tr\u00eas potenciais jogadores que poder\u00e3o come\u00e7ar entre os 11 no domingo: Soteldo, Thaciano e Gabriel Bontempo. Eles treinaram normalmente com o restante do elenco nesta sexta e poder\u00e3o ser titulares no fim de semana.<\/p>\n<p>Com estes retornos, o novo treinador santista poderia escalar o time com Gabriel Braz\u00e3o; Aderlan, Z\u00e9 Ivaldo, Gil e Escobar; Jo\u00e3o Schmidt, Diego Pituca e Gabriel Bontempo (Thaciano); Soteldo (Deivid Washington), Tiquinho Soares e Rollheiser.<\/p>\n<p>EM RECUPERA\u00c7\u00c3O<\/p>\n<p>Nesta sexta, a dire\u00e7\u00e3o santista tamb\u00e9m atualizou o torcedor sobre a situa\u00e7\u00e3o de outros jogadores, que est\u00e3o em processo de recupera\u00e7\u00e3o f\u00edsica. O meia Z\u00e9 Rafael, recuperado da cirurgia na coluna, vem fazendo trabalhos graduais com a bola junto ao elenco.<\/p>\n<p>J\u00e1 o lateral-esquerdo Souza faz transi\u00e7\u00e3o f\u00edsica ap\u00f3s cirurgia de reconstru\u00e7\u00e3o ligamentar no tornozelo direito. Nesta sexta, tamb\u00e9m participou de parte do treino com bola. E o meia-atacante \u00c1lvaro Barreal iniciou na quinta o trabalho de transi\u00e7\u00e3o acompanhado pela fisioterapia, ainda sem contato com o grupo.<\/p><\/div>\n","protected":false},"excerpt":{"rendered":"<p>Em momento dif\u00edcil na temporada, o atacante Guilherme vai desfalcar o Santos no domingo, contra o Gr\u00eamio. O jogador sofreu uma les\u00e3o no m\u00fasculo obturador externo da perna direita e n\u00e3o ter\u00e1 condi\u00e7\u00f5es de jogar em Porto Alegre, pela s\u00e9tima rodada do Brasileir\u00e3o. Em compensa\u00e7\u00e3o, o t\u00e9cnico Cl\u00e9ber Xavier ganha mais op\u00e7\u00f5es para escalar a &hellip;<\/p>\n","protected":false},"author":1,"featured_media":5341,"comment_status":"closed","ping_status":"closed","sticky":false,"template":"","format":"standard","meta":{"footnotes":""},"categories":[31],"tags":[],"class_list":["post-5340","post","type-post","status-publish","format-standard","has-post-thumbnail","hentry","category-esportes"],"yoast_head":"<!-- This site is optimized with the Yoast SEO plugin v27.4 - https:\/\/yoast.com\/product\/yoast-seo-wordpress\/ -->\n<title>Santos confirma les\u00e3o e desfalque de Guilherme; trio pode voltar ao time no domingo - Transam\u00e9rica Mococa 93,3<\/title>\n<meta name=\"robots\" content=\"index, follow, max-snippet:-1, max-image-preview:large, max-video-preview:-1\" \/>\n<link rel=\"canonical\" href=\"https:\/\/transamerica93.com.br\/home\/santos-confirma-lesao-e-desfalque-de-guilherme-trio-pode-voltar-ao-time-no-domingo\/\" \/>\n<meta property=\"og:locale\" content=\"pt_BR\" \/>\n<meta property=\"og:type\" content=\"article\" \/>\n<meta property=\"og:title\" content=\"Santos confirma les\u00e3o e desfalque de Guilherme; trio pode voltar ao time no domingo - Transam\u00e9rica Mococa 93,3\" \/>\n<meta property=\"og:description\" content=\"Em momento dif\u00edcil na temporada, o atacante Guilherme vai desfalcar o Santos no domingo, contra o Gr\u00eamio. O jogador sofreu uma les\u00e3o no m\u00fasculo obturador externo da perna direita e n\u00e3o ter\u00e1 condi\u00e7\u00f5es de jogar em Porto Alegre, pela s\u00e9tima rodada do Brasileir\u00e3o. Em compensa\u00e7\u00e3o, o t\u00e9cnico Cl\u00e9ber Xavier ganha mais op\u00e7\u00f5es para escalar a &hellip;\" \/>\n<meta property=\"og:url\" content=\"https:\/\/transamerica93.com.br\/home\/santos-confirma-lesao-e-desfalque-de-guilherme-trio-pode-voltar-ao-time-no-domingo\/\" \/>\n<meta property=\"og:site_name\" content=\"Transam\u00e9rica Mococa 93,3\" \/>\n<meta property=\"article:publisher\" content=\"https:\/\/www.facebook.com\/transamericamococa\" \/>\n<meta property=\"article:published_time\" content=\"2025-05-08T15:00:03+00:00\" \/>\n<meta property=\"og:image\" content=\"https:\/\/transamerica93.com.br\/home\/wp-content\/uploads\/2025\/05\/1-26.jpg\" \/>\n\t<meta property=\"og:image:width\" content=\"1200\" \/>\n\t<meta property=\"og:image:height\" content=\"630\" \/>\n\t<meta property=\"og:image:type\" content=\"image\/jpeg\" \/>\n<meta name=\"author\" content=\"Reda\u00e7\u00e3o\" \/>\n<meta name=\"twitter:card\" content=\"summary_large_image\" \/>\n<meta name=\"twitter:creator\" content=\"@transamerica933\" \/>\n<meta name=\"twitter:site\" content=\"@transamerica933\" \/>\n<meta name=\"twitter:label1\" content=\"Escrito por\" \/>\n\t<meta name=\"twitter:data1\" content=\"Reda\u00e7\u00e3o\" \/>\n\t<meta name=\"twitter:label2\" content=\"Est. tempo de leitura\" \/>\n\t<meta name=\"twitter:data2\" content=\"2 minutos\" \/>\n<script type=\"application\/ld+json\" class=\"yoast-schema-graph\">{\"@context\":\"https:\\\/\\\/schema.org\",\"@graph\":[{\"@type\":\"Article\",\"@id\":\"https:\\\/\\\/transamerica93.com.br\\\/home\\\/santos-confirma-lesao-e-desfalque-de-guilherme-trio-pode-voltar-ao-time-no-domingo\\\/#article\",\"isPartOf\":{\"@id\":\"https:\\\/\\\/transamerica93.com.br\\\/home\\\/santos-confirma-lesao-e-desfalque-de-guilherme-trio-pode-voltar-ao-time-no-domingo\\\/\"},\"author\":{\"name\":\"Reda\u00e7\u00e3o\",\"@id\":\"https:\\\/\\\/transamerica93.com.br\\\/home\\\/#\\\/schema\\\/person\\\/7fed7c99c0d4562efa8561bc0f543172\"},\"headline\":\"Santos confirma les\u00e3o e desfalque de Guilherme; trio pode voltar ao time no domingo\",\"datePublished\":\"2025-05-08T15:00:03+00:00\",\"mainEntityOfPage\":{\"@id\":\"https:\\\/\\\/transamerica93.com.br\\\/home\\\/santos-confirma-lesao-e-desfalque-de-guilherme-trio-pode-voltar-ao-time-no-domingo\\\/\"},\"wordCount\":396,\"publisher\":{\"@id\":\"https:\\\/\\\/transamerica93.com.br\\\/home\\\/#organization\"},\"image\":{\"@id\":\"https:\\\/\\\/transamerica93.com.br\\\/home\\\/santos-confirma-lesao-e-desfalque-de-guilherme-trio-pode-voltar-ao-time-no-domingo\\\/#primaryimage\"},\"thumbnailUrl\":\"https:\\\/\\\/transamerica93.com.br\\\/home\\\/wp-content\\\/uploads\\\/2025\\\/05\\\/1-26.jpg\",\"articleSection\":[\"Esportes\"],\"inLanguage\":\"pt-BR\"},{\"@type\":\"WebPage\",\"@id\":\"https:\\\/\\\/transamerica93.com.br\\\/home\\\/santos-confirma-lesao-e-desfalque-de-guilherme-trio-pode-voltar-ao-time-no-domingo\\\/\",\"url\":\"https:\\\/\\\/transamerica93.com.br\\\/home\\\/santos-confirma-lesao-e-desfalque-de-guilherme-trio-pode-voltar-ao-time-no-domingo\\\/\",\"name\":\"Santos confirma les\u00e3o e desfalque de Guilherme; trio pode voltar ao time no domingo - Transam\u00e9rica Mococa 93,3\",\"isPartOf\":{\"@id\":\"https:\\\/\\\/transamerica93.com.br\\\/home\\\/#website\"},\"primaryImageOfPage\":{\"@id\":\"https:\\\/\\\/transamerica93.com.br\\\/home\\\/santos-confirma-lesao-e-desfalque-de-guilherme-trio-pode-voltar-ao-time-no-domingo\\\/#primaryimage\"},\"image\":{\"@id\":\"https:\\\/\\\/transamerica93.com.br\\\/home\\\/santos-confirma-lesao-e-desfalque-de-guilherme-trio-pode-voltar-ao-time-no-domingo\\\/#primaryimage\"},\"thumbnailUrl\":\"https:\\\/\\\/transamerica93.com.br\\\/home\\\/wp-content\\\/uploads\\\/2025\\\/05\\\/1-26.jpg\",\"datePublished\":\"2025-05-08T15:00:03+00:00\",\"breadcrumb\":{\"@id\":\"https:\\\/\\\/transamerica93.com.br\\\/home\\\/santos-confirma-lesao-e-desfalque-de-guilherme-trio-pode-voltar-ao-time-no-domingo\\\/#breadcrumb\"},\"inLanguage\":\"pt-BR\",\"potentialAction\":[{\"@type\":\"ReadAction\",\"target\":[\"https:\\\/\\\/transamerica93.com.br\\\/home\\\/santos-confirma-lesao-e-desfalque-de-guilherme-trio-pode-voltar-ao-time-no-domingo\\\/\"]}]},{\"@type\":\"ImageObject\",\"inLanguage\":\"pt-BR\",\"@id\":\"https:\\\/\\\/transamerica93.com.br\\\/home\\\/santos-confirma-lesao-e-desfalque-de-guilherme-trio-pode-voltar-ao-time-no-domingo\\\/#primaryimage\",\"url\":\"https:\\\/\\\/transamerica93.com.br\\\/home\\\/wp-content\\\/uploads\\\/2025\\\/05\\\/1-26.jpg\",\"contentUrl\":\"https:\\\/\\\/transamerica93.com.br\\\/home\\\/wp-content\\\/uploads\\\/2025\\\/05\\\/1-26.jpg\",\"width\":1200,\"height\":630},{\"@type\":\"BreadcrumbList\",\"@id\":\"https:\\\/\\\/transamerica93.com.br\\\/home\\\/santos-confirma-lesao-e-desfalque-de-guilherme-trio-pode-voltar-ao-time-no-domingo\\\/#breadcrumb\",\"itemListElement\":[{\"@type\":\"ListItem\",\"position\":1,\"name\":\"In\u00edcio\",\"item\":\"https:\\\/\\\/transamerica93.com.br\\\/home\\\/\"},{\"@type\":\"ListItem\",\"position\":2,\"name\":\"Santos confirma les\u00e3o e desfalque de Guilherme; trio pode voltar ao time no domingo\"}]},{\"@type\":\"WebSite\",\"@id\":\"https:\\\/\\\/transamerica93.com.br\\\/home\\\/#website\",\"url\":\"https:\\\/\\\/transamerica93.com.br\\\/home\\\/\",\"name\":\"Transam\u00e9rica Mococa 93,3\",\"description\":\"\",\"publisher\":{\"@id\":\"https:\\\/\\\/transamerica93.com.br\\\/home\\\/#organization\"},\"potentialAction\":[{\"@type\":\"SearchAction\",\"target\":{\"@type\":\"EntryPoint\",\"urlTemplate\":\"https:\\\/\\\/transamerica93.com.br\\\/home\\\/?s={search_term_string}\"},\"query-input\":{\"@type\":\"PropertyValueSpecification\",\"valueRequired\":true,\"valueName\":\"search_term_string\"}}],\"inLanguage\":\"pt-BR\"},{\"@type\":\"Organization\",\"@id\":\"https:\\\/\\\/transamerica93.com.br\\\/home\\\/#organization\",\"name\":\"Transam\u00e9rica Mococa 93,3\",\"url\":\"https:\\\/\\\/transamerica93.com.br\\\/home\\\/\",\"logo\":{\"@type\":\"ImageObject\",\"inLanguage\":\"pt-BR\",\"@id\":\"https:\\\/\\\/transamerica93.com.br\\\/home\\\/#\\\/schema\\\/logo\\\/image\\\/\",\"url\":\"https:\\\/\\\/transamerica93.com.br\\\/home\\\/wp-content\\\/uploads\\\/2023\\\/10\\\/logo2.png\",\"contentUrl\":\"https:\\\/\\\/transamerica93.com.br\\\/home\\\/wp-content\\\/uploads\\\/2023\\\/10\\\/logo2.png\",\"width\":800,\"height\":500,\"caption\":\"Transam\u00e9rica Mococa 93,3\"},\"image\":{\"@id\":\"https:\\\/\\\/transamerica93.com.br\\\/home\\\/#\\\/schema\\\/logo\\\/image\\\/\"},\"sameAs\":[\"https:\\\/\\\/www.facebook.com\\\/transamericamococa\",\"https:\\\/\\\/x.com\\\/transamerica933\",\"https:\\\/\\\/www.instagram.com\\\/transamericamococa\"]},{\"@type\":\"Person\",\"@id\":\"https:\\\/\\\/transamerica93.com.br\\\/home\\\/#\\\/schema\\\/person\\\/7fed7c99c0d4562efa8561bc0f543172\",\"name\":\"Reda\u00e7\u00e3o\",\"image\":{\"@type\":\"ImageObject\",\"inLanguage\":\"pt-BR\",\"@id\":\"https:\\\/\\\/secure.gravatar.com\\\/avatar\\\/1072c6b775fb02ef8506ce967551d95926669a6b7d2c2147b42eea4d7c68395e?s=96&d=mm&r=g\",\"url\":\"https:\\\/\\\/secure.gravatar.com\\\/avatar\\\/1072c6b775fb02ef8506ce967551d95926669a6b7d2c2147b42eea4d7c68395e?s=96&d=mm&r=g\",\"contentUrl\":\"https:\\\/\\\/secure.gravatar.com\\\/avatar\\\/1072c6b775fb02ef8506ce967551d95926669a6b7d2c2147b42eea4d7c68395e?s=96&d=mm&r=g\",\"caption\":\"Reda\u00e7\u00e3o\"},\"sameAs\":[\"https:\\\/\\\/transamerica93.com.br\\\/home\"],\"url\":\"https:\\\/\\\/transamerica93.com.br\\\/home\\\/author\\\/william\\\/\"}]}<\/script>\n<!-- \/ Yoast SEO plugin. -->","yoast_head_json":{"title":"Santos confirma les\u00e3o e desfalque de Guilherme; trio pode voltar ao time no domingo - Transam\u00e9rica Mococa 93,3","robots":{"index":"index","follow":"follow","max-snippet":"max-snippet:-1","max-image-preview":"max-image-preview:large","max-video-preview":"max-video-preview:-1"},"canonical":"https:\/\/transamerica93.com.br\/home\/santos-confirma-lesao-e-desfalque-de-guilherme-trio-pode-voltar-ao-time-no-domingo\/","og_locale":"pt_BR","og_type":"article","og_title":"Santos confirma les\u00e3o e desfalque de Guilherme; trio pode voltar ao time no domingo - Transam\u00e9rica Mococa 93,3","og_description":"Em momento dif\u00edcil na temporada, o atacante Guilherme vai desfalcar o Santos no domingo, contra o Gr\u00eamio. O jogador sofreu uma les\u00e3o no m\u00fasculo obturador externo da perna direita e n\u00e3o ter\u00e1 condi\u00e7\u00f5es de jogar em Porto Alegre, pela s\u00e9tima rodada do Brasileir\u00e3o. Em compensa\u00e7\u00e3o, o t\u00e9cnico Cl\u00e9ber Xavier ganha mais op\u00e7\u00f5es para escalar a &hellip;","og_url":"https:\/\/transamerica93.com.br\/home\/santos-confirma-lesao-e-desfalque-de-guilherme-trio-pode-voltar-ao-time-no-domingo\/","og_site_name":"Transam\u00e9rica Mococa 93,3","article_publisher":"https:\/\/www.facebook.com\/transamericamococa","article_published_time":"2025-05-08T15:00:03+00:00","og_image":[{"width":1200,"height":630,"url":"https:\/\/transamerica93.com.br\/home\/wp-content\/uploads\/2025\/05\/1-26.jpg","type":"image\/jpeg"}],"author":"Reda\u00e7\u00e3o","twitter_card":"summary_large_image","twitter_creator":"@transamerica933","twitter_site":"@transamerica933","twitter_misc":{"Escrito por":"Reda\u00e7\u00e3o","Est. tempo de leitura":"2 minutos"},"schema":{"@context":"https:\/\/schema.org","@graph":[{"@type":"Article","@id":"https:\/\/transamerica93.com.br\/home\/santos-confirma-lesao-e-desfalque-de-guilherme-trio-pode-voltar-ao-time-no-domingo\/#article","isPartOf":{"@id":"https:\/\/transamerica93.com.br\/home\/santos-confirma-lesao-e-desfalque-de-guilherme-trio-pode-voltar-ao-time-no-domingo\/"},"author":{"name":"Reda\u00e7\u00e3o","@id":"https:\/\/transamerica93.com.br\/home\/#\/schema\/person\/7fed7c99c0d4562efa8561bc0f543172"},"headline":"Santos confirma les\u00e3o e desfalque de Guilherme; trio pode voltar ao time no domingo","datePublished":"2025-05-08T15:00:03+00:00","mainEntityOfPage":{"@id":"https:\/\/transamerica93.com.br\/home\/santos-confirma-lesao-e-desfalque-de-guilherme-trio-pode-voltar-ao-time-no-domingo\/"},"wordCount":396,"publisher":{"@id":"https:\/\/transamerica93.com.br\/home\/#organization"},"image":{"@id":"https:\/\/transamerica93.com.br\/home\/santos-confirma-lesao-e-desfalque-de-guilherme-trio-pode-voltar-ao-time-no-domingo\/#primaryimage"},"thumbnailUrl":"https:\/\/transamerica93.com.br\/home\/wp-content\/uploads\/2025\/05\/1-26.jpg","articleSection":["Esportes"],"inLanguage":"pt-BR"},{"@type":"WebPage","@id":"https:\/\/transamerica93.com.br\/home\/santos-confirma-lesao-e-desfalque-de-guilherme-trio-pode-voltar-ao-time-no-domingo\/","url":"https:\/\/transamerica93.com.br\/home\/santos-confirma-lesao-e-desfalque-de-guilherme-trio-pode-voltar-ao-time-no-domingo\/","name":"Santos confirma les\u00e3o e desfalque de Guilherme; trio pode voltar ao time no domingo - Transam\u00e9rica Mococa 93,3","isPartOf":{"@id":"https:\/\/transamerica93.com.br\/home\/#website"},"primaryImageOfPage":{"@id":"https:\/\/transamerica93.com.br\/home\/santos-confirma-lesao-e-desfalque-de-guilherme-trio-pode-voltar-ao-time-no-domingo\/#primaryimage"},"image":{"@id":"https:\/\/transamerica93.com.br\/home\/santos-confirma-lesao-e-desfalque-de-guilherme-trio-pode-voltar-ao-time-no-domingo\/#primaryimage"},"thumbnailUrl":"https:\/\/transamerica93.com.br\/home\/wp-content\/uploads\/2025\/05\/1-26.jpg","datePublished":"2025-05-08T15:00:03+00:00","breadcrumb":{"@id":"https:\/\/transamerica93.com.br\/home\/santos-confirma-lesao-e-desfalque-de-guilherme-trio-pode-voltar-ao-time-no-domingo\/#breadcrumb"},"inLanguage":"pt-BR","potentialAction":[{"@type":"ReadAction","target":["https:\/\/transamerica93.com.br\/home\/santos-confirma-lesao-e-desfalque-de-guilherme-trio-pode-voltar-ao-time-no-domingo\/"]}]},{"@type":"ImageObject","inLanguage":"pt-BR","@id":"https:\/\/transamerica93.com.br\/home\/santos-confirma-lesao-e-desfalque-de-guilherme-trio-pode-voltar-ao-time-no-domingo\/#primaryimage","url":"https:\/\/transamerica93.com.br\/home\/wp-content\/uploads\/2025\/05\/1-26.jpg","contentUrl":"https:\/\/transamerica93.com.br\/home\/wp-content\/uploads\/2025\/05\/1-26.jpg","width":1200,"height":630},{"@type":"BreadcrumbList","@id":"https:\/\/transamerica93.com.br\/home\/santos-confirma-lesao-e-desfalque-de-guilherme-trio-pode-voltar-ao-time-no-domingo\/#breadcrumb","itemListElement":[{"@type":"ListItem","position":1,"name":"In\u00edcio","item":"https:\/\/transamerica93.com.br\/home\/"},{"@type":"ListItem","position":2,"name":"Santos confirma les\u00e3o e desfalque de Guilherme; trio pode voltar ao time no domingo"}]},{"@type":"WebSite","@id":"https:\/\/transamerica93.com.br\/home\/#website","url":"https:\/\/transamerica93.com.br\/home\/","name":"Transam\u00e9rica Mococa 93,3","description":"","publisher":{"@id":"https:\/\/transamerica93.com.br\/home\/#organization"},"potentialAction":[{"@type":"SearchAction","target":{"@type":"EntryPoint","urlTemplate":"https:\/\/transamerica93.com.br\/home\/?s={search_term_string}"},"query-input":{"@type":"PropertyValueSpecification","valueRequired":true,"valueName":"search_term_string"}}],"inLanguage":"pt-BR"},{"@type":"Organization","@id":"https:\/\/transamerica93.com.br\/home\/#organization","name":"Transam\u00e9rica Mococa 93,3","url":"https:\/\/transamerica93.com.br\/home\/","logo":{"@type":"ImageObject","inLanguage":"pt-BR","@id":"https:\/\/transamerica93.com.br\/home\/#\/schema\/logo\/image\/","url":"https:\/\/transamerica93.com.br\/home\/wp-content\/uploads\/2023\/10\/logo2.png","contentUrl":"https:\/\/transamerica93.com.br\/home\/wp-content\/uploads\/2023\/10\/logo2.png","width":800,"height":500,"caption":"Transam\u00e9rica Mococa 93,3"},"image":{"@id":"https:\/\/transamerica93.com.br\/home\/#\/schema\/logo\/image\/"},"sameAs":["https:\/\/www.facebook.com\/transamericamococa","https:\/\/x.com\/transamerica933","https:\/\/www.instagram.com\/transamericamococa"]},{"@type":"Person","@id":"https:\/\/transamerica93.com.br\/home\/#\/schema\/person\/7fed7c99c0d4562efa8561bc0f543172","name":"Reda\u00e7\u00e3o","image":{"@type":"ImageObject","inLanguage":"pt-BR","@id":"https:\/\/secure.gravatar.com\/avatar\/1072c6b775fb02ef8506ce967551d95926669a6b7d2c2147b42eea4d7c68395e?s=96&d=mm&r=g","url":"https:\/\/secure.gravatar.com\/avatar\/1072c6b775fb02ef8506ce967551d95926669a6b7d2c2147b42eea4d7c68395e?s=96&d=mm&r=g","contentUrl":"https:\/\/secure.gravatar.com\/avatar\/1072c6b775fb02ef8506ce967551d95926669a6b7d2c2147b42eea4d7c68395e?s=96&d=mm&r=g","caption":"Reda\u00e7\u00e3o"},"sameAs":["https:\/\/transamerica93.com.br\/home"],"url":"https:\/\/transamerica93.com.br\/home\/author\/william\/"}]}},"_links":{"self":[{"href":"https:\/\/transamerica93.com.br\/home\/wp-json\/wp\/v2\/posts\/5340","targetHints":{"allow":["GET"]}}],"collection":[{"href":"https:\/\/transamerica93.com.br\/home\/wp-json\/wp\/v2\/posts"}],"about":[{"href":"https:\/\/transamerica93.com.br\/home\/wp-json\/wp\/v2\/types\/post"}],"author":[{"embeddable":true,"href":"https:\/\/transamerica93.com.br\/home\/wp-json\/wp\/v2\/users\/1"}],"replies":[{"embeddable":true,"href":"https:\/\/transamerica93.com.br\/home\/wp-json\/wp\/v2\/comments?post=5340"}],"version-history":[{"count":1,"href":"https:\/\/transamerica93.com.br\/home\/wp-json\/wp\/v2\/posts\/5340\/revisions"}],"predecessor-version":[{"id":5342,"href":"https:\/\/transamerica93.com.br\/home\/wp-json\/wp\/v2\/posts\/5340\/revisions\/5342"}],"wp:featuredmedia":[{"embeddable":true,"href":"https:\/\/transamerica93.com.br\/home\/wp-json\/wp\/v2\/media\/5341"}],"wp:attachment":[{"href":"https:\/\/transamerica93.com.br\/home\/wp-json\/wp\/v2\/media?parent=5340"}],"wp:term":[{"taxonomy":"category","embeddable":true,"href":"https:\/\/transamerica93.com.br\/home\/wp-json\/wp\/v2\/categories?post=5340"},{"taxonomy":"post_tag","embeddable":true,"href":"https:\/\/transamerica93.com.br\/home\/wp-json\/wp\/v2\/tags?post=5340"}],"curies":[{"name":"wp","href":"https:\/\/api.w.org\/{rel}","templated":true}]}}