{"id":5346,"date":"2025-05-05T15:00:50","date_gmt":"2025-05-05T18:00:50","guid":{"rendered":"https:\/\/transamerica93.com.br\/home\/?p=5346"},"modified":"2025-05-02T23:50:07","modified_gmt":"2025-05-03T02:50:07","slug":"gilberto-gil-fala-sobre-relacao-com-nana-caymmi-o-violao-sempre-esteve-ao-pe-da-cama","status":"publish","type":"post","link":"https:\/\/transamerica93.com.br\/home\/gilberto-gil-fala-sobre-relacao-com-nana-caymmi-o-violao-sempre-esteve-ao-pe-da-cama\/","title":{"rendered":"Gilberto Gil fala sobre rela\u00e7\u00e3o com Nana Caymmi: &#8216;O viol\u00e3o sempre esteve ao p\u00e9 da cama&#8217;"},"content":{"rendered":"<p>Por Reda\u00e7\u00e3o C2<\/p>\n<p>Gilberto Gil relembrou o casamento com Nana Caymmi e definiu a cantora como intensa. Considerada uma das vozes mais marcantes da m\u00fasica brasileira, ela morreu aos 84 anos nesta quinta-feira, 1\u00ba, em decorr\u00eancia de problemas card\u00edacos.<\/p>\n<p>&#8220;Para dizer da saudade, da \u00faltima, da definitiva, da saudade de sempre que ficar\u00e1 de Nana, com quem tive momentos muito felizes no per\u00edodo em que vivemos juntos&#8230;&#8221;, come\u00e7ou o cantor, em v\u00eddeo enviado \u00e0 CNN e posteriormente publicado em seu perfil no Instagram.<\/p>\n<p>&#8220;Tivemos uma casa em conjunto, visit\u00e1vamos a casa dos pais dela, de Dorival e Stella. As lembran\u00e7as s\u00e3o essas&#8221;, resumiu, recordando alguns momentos em que estiveram lado a lado.<\/p>\n<p>&#8220;As \u00faltimas vezes em que estivemos juntos, ela ali em seu apartamento na ladeira no Leblon, enfim. Sempre que nos v\u00edamos e nos visit\u00e1vamos t\u00ednhamos muito carinho, intensidade sempre muito forte. Ela sempre foi muito intensa. S\u00e3o lembran\u00e7as que v\u00e3o ficar comigo at\u00e9 os meus \u00faltimos dias tamb\u00e9m, j\u00e1 que os \u00faltimos dias dela j\u00e1 se foram.&#8221;<\/p>\n<p>Segundo o cantor, os dois se identificavam muito por meio das can\u00e7\u00f5es. &#8220;A m\u00fasica nos envolvia de forma muito intensa. Eu come\u00e7ando meu trabalho, ela vinda egressa de uma fam\u00edlia com uma presen\u00e7a musical extraordin\u00e1ria. O viol\u00e3o sempre era uma presen\u00e7a muito constante nas nossas vidas, sempre estava ali ao p\u00e9 da cama&#8221;, recordou.<\/p>\n<p>Gil e Nana foram casados por dois anos, entre 1967 e 1969, e o relacionamento come\u00e7ou logo ap\u00f3s ela terminar o casamento com o m\u00e9dico Gilberto Jos\u00e9, com quem teve duas filhas, e retornar para o Brasil. Eles se separaram quando o cantor foi passar um per\u00edodo em ex\u00edlio em Londres, por conta da ditadura militar.<\/p>\n","protected":false},"excerpt":{"rendered":"<p>Por Reda\u00e7\u00e3o C2 Gilberto Gil relembrou o casamento com Nana Caymmi e definiu a cantora como intensa. Considerada uma das vozes mais marcantes da m\u00fasica brasileira, ela morreu aos 84 anos nesta quinta-feira, 1\u00ba, em decorr\u00eancia de problemas card\u00edacos. &#8220;Para dizer da saudade, da \u00faltima, da definitiva, da saudade de sempre que ficar\u00e1 de Nana, &hellip;<\/p>\n","protected":false},"author":1,"featured_media":5347,"comment_status":"closed","ping_status":"closed","sticky":false,"template":"","format":"standard","meta":{"footnotes":""},"categories":[25],"tags":[],"class_list":["post-5346","post","type-post","status-publish","format-standard","has-post-thumbnail","hentry","category-musica"],"yoast_head":"<!-- This site is optimized with the Yoast SEO plugin v27.4 - https:\/\/yoast.com\/product\/yoast-seo-wordpress\/ -->\n<title>Gilberto Gil fala sobre rela\u00e7\u00e3o com Nana Caymmi: &#039;O viol\u00e3o sempre esteve ao p\u00e9 da cama&#039; - Transam\u00e9rica Mococa 93,3<\/title>\n<meta name=\"robots\" content=\"index, follow, max-snippet:-1, max-image-preview:large, max-video-preview:-1\" \/>\n<link rel=\"canonical\" href=\"https:\/\/transamerica93.com.br\/home\/gilberto-gil-fala-sobre-relacao-com-nana-caymmi-o-violao-sempre-esteve-ao-pe-da-cama\/\" \/>\n<meta property=\"og:locale\" content=\"pt_BR\" \/>\n<meta property=\"og:type\" content=\"article\" \/>\n<meta property=\"og:title\" content=\"Gilberto Gil fala sobre rela\u00e7\u00e3o com Nana Caymmi: &#039;O viol\u00e3o sempre esteve ao p\u00e9 da cama&#039; - Transam\u00e9rica Mococa 93,3\" \/>\n<meta property=\"og:description\" content=\"Por Reda\u00e7\u00e3o C2 Gilberto Gil relembrou o casamento com Nana Caymmi e definiu a cantora como intensa. Considerada uma das vozes mais marcantes da m\u00fasica brasileira, ela morreu aos 84 anos nesta quinta-feira, 1\u00ba, em decorr\u00eancia de problemas card\u00edacos. &#8220;Para dizer da saudade, da \u00faltima, da definitiva, da saudade de sempre que ficar\u00e1 de Nana, &hellip;\" \/>\n<meta property=\"og:url\" content=\"https:\/\/transamerica93.com.br\/home\/gilberto-gil-fala-sobre-relacao-com-nana-caymmi-o-violao-sempre-esteve-ao-pe-da-cama\/\" \/>\n<meta property=\"og:site_name\" content=\"Transam\u00e9rica Mococa 93,3\" \/>\n<meta property=\"article:publisher\" content=\"https:\/\/www.facebook.com\/transamericamococa\" \/>\n<meta property=\"article:published_time\" content=\"2025-05-05T18:00:50+00:00\" \/>\n<meta property=\"og:image\" content=\"https:\/\/transamerica93.com.br\/home\/wp-content\/uploads\/2025\/05\/1-28.jpg\" \/>\n\t<meta property=\"og:image:width\" content=\"898\" \/>\n\t<meta property=\"og:image:height\" content=\"447\" \/>\n\t<meta property=\"og:image:type\" content=\"image\/jpeg\" \/>\n<meta name=\"author\" content=\"Reda\u00e7\u00e3o\" \/>\n<meta name=\"twitter:card\" content=\"summary_large_image\" \/>\n<meta name=\"twitter:creator\" content=\"@transamerica933\" \/>\n<meta name=\"twitter:site\" content=\"@transamerica933\" \/>\n<meta name=\"twitter:label1\" content=\"Escrito por\" \/>\n\t<meta name=\"twitter:data1\" content=\"Reda\u00e7\u00e3o\" \/>\n\t<meta name=\"twitter:label2\" content=\"Est. tempo de leitura\" \/>\n\t<meta name=\"twitter:data2\" content=\"2 minutos\" \/>\n<script type=\"application\/ld+json\" class=\"yoast-schema-graph\">{\"@context\":\"https:\\\/\\\/schema.org\",\"@graph\":[{\"@type\":\"Article\",\"@id\":\"https:\\\/\\\/transamerica93.com.br\\\/home\\\/gilberto-gil-fala-sobre-relacao-com-nana-caymmi-o-violao-sempre-esteve-ao-pe-da-cama\\\/#article\",\"isPartOf\":{\"@id\":\"https:\\\/\\\/transamerica93.com.br\\\/home\\\/gilberto-gil-fala-sobre-relacao-com-nana-caymmi-o-violao-sempre-esteve-ao-pe-da-cama\\\/\"},\"author\":{\"name\":\"Reda\u00e7\u00e3o\",\"@id\":\"https:\\\/\\\/transamerica93.com.br\\\/home\\\/#\\\/schema\\\/person\\\/7fed7c99c0d4562efa8561bc0f543172\"},\"headline\":\"Gilberto Gil fala sobre rela\u00e7\u00e3o com Nana Caymmi: &#8216;O viol\u00e3o sempre esteve ao p\u00e9 da cama&#8217;\",\"datePublished\":\"2025-05-05T18:00:50+00:00\",\"mainEntityOfPage\":{\"@id\":\"https:\\\/\\\/transamerica93.com.br\\\/home\\\/gilberto-gil-fala-sobre-relacao-com-nana-caymmi-o-violao-sempre-esteve-ao-pe-da-cama\\\/\"},\"wordCount\":322,\"publisher\":{\"@id\":\"https:\\\/\\\/transamerica93.com.br\\\/home\\\/#organization\"},\"image\":{\"@id\":\"https:\\\/\\\/transamerica93.com.br\\\/home\\\/gilberto-gil-fala-sobre-relacao-com-nana-caymmi-o-violao-sempre-esteve-ao-pe-da-cama\\\/#primaryimage\"},\"thumbnailUrl\":\"https:\\\/\\\/transamerica93.com.br\\\/home\\\/wp-content\\\/uploads\\\/2025\\\/05\\\/1-28.jpg\",\"articleSection\":[\"M\u00fasica\"],\"inLanguage\":\"pt-BR\"},{\"@type\":\"WebPage\",\"@id\":\"https:\\\/\\\/transamerica93.com.br\\\/home\\\/gilberto-gil-fala-sobre-relacao-com-nana-caymmi-o-violao-sempre-esteve-ao-pe-da-cama\\\/\",\"url\":\"https:\\\/\\\/transamerica93.com.br\\\/home\\\/gilberto-gil-fala-sobre-relacao-com-nana-caymmi-o-violao-sempre-esteve-ao-pe-da-cama\\\/\",\"name\":\"Gilberto Gil fala sobre rela\u00e7\u00e3o com Nana Caymmi: 'O viol\u00e3o sempre esteve ao p\u00e9 da cama' - Transam\u00e9rica Mococa 93,3\",\"isPartOf\":{\"@id\":\"https:\\\/\\\/transamerica93.com.br\\\/home\\\/#website\"},\"primaryImageOfPage\":{\"@id\":\"https:\\\/\\\/transamerica93.com.br\\\/home\\\/gilberto-gil-fala-sobre-relacao-com-nana-caymmi-o-violao-sempre-esteve-ao-pe-da-cama\\\/#primaryimage\"},\"image\":{\"@id\":\"https:\\\/\\\/transamerica93.com.br\\\/home\\\/gilberto-gil-fala-sobre-relacao-com-nana-caymmi-o-violao-sempre-esteve-ao-pe-da-cama\\\/#primaryimage\"},\"thumbnailUrl\":\"https:\\\/\\\/transamerica93.com.br\\\/home\\\/wp-content\\\/uploads\\\/2025\\\/05\\\/1-28.jpg\",\"datePublished\":\"2025-05-05T18:00:50+00:00\",\"breadcrumb\":{\"@id\":\"https:\\\/\\\/transamerica93.com.br\\\/home\\\/gilberto-gil-fala-sobre-relacao-com-nana-caymmi-o-violao-sempre-esteve-ao-pe-da-cama\\\/#breadcrumb\"},\"inLanguage\":\"pt-BR\",\"potentialAction\":[{\"@type\":\"ReadAction\",\"target\":[\"https:\\\/\\\/transamerica93.com.br\\\/home\\\/gilberto-gil-fala-sobre-relacao-com-nana-caymmi-o-violao-sempre-esteve-ao-pe-da-cama\\\/\"]}]},{\"@type\":\"ImageObject\",\"inLanguage\":\"pt-BR\",\"@id\":\"https:\\\/\\\/transamerica93.com.br\\\/home\\\/gilberto-gil-fala-sobre-relacao-com-nana-caymmi-o-violao-sempre-esteve-ao-pe-da-cama\\\/#primaryimage\",\"url\":\"https:\\\/\\\/transamerica93.com.br\\\/home\\\/wp-content\\\/uploads\\\/2025\\\/05\\\/1-28.jpg\",\"contentUrl\":\"https:\\\/\\\/transamerica93.com.br\\\/home\\\/wp-content\\\/uploads\\\/2025\\\/05\\\/1-28.jpg\",\"width\":898,\"height\":447},{\"@type\":\"BreadcrumbList\",\"@id\":\"https:\\\/\\\/transamerica93.com.br\\\/home\\\/gilberto-gil-fala-sobre-relacao-com-nana-caymmi-o-violao-sempre-esteve-ao-pe-da-cama\\\/#breadcrumb\",\"itemListElement\":[{\"@type\":\"ListItem\",\"position\":1,\"name\":\"In\u00edcio\",\"item\":\"https:\\\/\\\/transamerica93.com.br\\\/home\\\/\"},{\"@type\":\"ListItem\",\"position\":2,\"name\":\"Gilberto Gil fala sobre rela\u00e7\u00e3o com Nana Caymmi: &#8216;O viol\u00e3o sempre esteve ao p\u00e9 da cama&#8217;\"}]},{\"@type\":\"WebSite\",\"@id\":\"https:\\\/\\\/transamerica93.com.br\\\/home\\\/#website\",\"url\":\"https:\\\/\\\/transamerica93.com.br\\\/home\\\/\",\"name\":\"Transam\u00e9rica Mococa 93,3\",\"description\":\"\",\"publisher\":{\"@id\":\"https:\\\/\\\/transamerica93.com.br\\\/home\\\/#organization\"},\"potentialAction\":[{\"@type\":\"SearchAction\",\"target\":{\"@type\":\"EntryPoint\",\"urlTemplate\":\"https:\\\/\\\/transamerica93.com.br\\\/home\\\/?s={search_term_string}\"},\"query-input\":{\"@type\":\"PropertyValueSpecification\",\"valueRequired\":true,\"valueName\":\"search_term_string\"}}],\"inLanguage\":\"pt-BR\"},{\"@type\":\"Organization\",\"@id\":\"https:\\\/\\\/transamerica93.com.br\\\/home\\\/#organization\",\"name\":\"Transam\u00e9rica Mococa 93,3\",\"url\":\"https:\\\/\\\/transamerica93.com.br\\\/home\\\/\",\"logo\":{\"@type\":\"ImageObject\",\"inLanguage\":\"pt-BR\",\"@id\":\"https:\\\/\\\/transamerica93.com.br\\\/home\\\/#\\\/schema\\\/logo\\\/image\\\/\",\"url\":\"https:\\\/\\\/transamerica93.com.br\\\/home\\\/wp-content\\\/uploads\\\/2023\\\/10\\\/logo2.png\",\"contentUrl\":\"https:\\\/\\\/transamerica93.com.br\\\/home\\\/wp-content\\\/uploads\\\/2023\\\/10\\\/logo2.png\",\"width\":800,\"height\":500,\"caption\":\"Transam\u00e9rica Mococa 93,3\"},\"image\":{\"@id\":\"https:\\\/\\\/transamerica93.com.br\\\/home\\\/#\\\/schema\\\/logo\\\/image\\\/\"},\"sameAs\":[\"https:\\\/\\\/www.facebook.com\\\/transamericamococa\",\"https:\\\/\\\/x.com\\\/transamerica933\",\"https:\\\/\\\/www.instagram.com\\\/transamericamococa\"]},{\"@type\":\"Person\",\"@id\":\"https:\\\/\\\/transamerica93.com.br\\\/home\\\/#\\\/schema\\\/person\\\/7fed7c99c0d4562efa8561bc0f543172\",\"name\":\"Reda\u00e7\u00e3o\",\"image\":{\"@type\":\"ImageObject\",\"inLanguage\":\"pt-BR\",\"@id\":\"https:\\\/\\\/secure.gravatar.com\\\/avatar\\\/1072c6b775fb02ef8506ce967551d95926669a6b7d2c2147b42eea4d7c68395e?s=96&d=mm&r=g\",\"url\":\"https:\\\/\\\/secure.gravatar.com\\\/avatar\\\/1072c6b775fb02ef8506ce967551d95926669a6b7d2c2147b42eea4d7c68395e?s=96&d=mm&r=g\",\"contentUrl\":\"https:\\\/\\\/secure.gravatar.com\\\/avatar\\\/1072c6b775fb02ef8506ce967551d95926669a6b7d2c2147b42eea4d7c68395e?s=96&d=mm&r=g\",\"caption\":\"Reda\u00e7\u00e3o\"},\"sameAs\":[\"https:\\\/\\\/transamerica93.com.br\\\/home\"],\"url\":\"https:\\\/\\\/transamerica93.com.br\\\/home\\\/author\\\/william\\\/\"}]}<\/script>\n<!-- \/ Yoast SEO plugin. -->","yoast_head_json":{"title":"Gilberto Gil fala sobre rela\u00e7\u00e3o com Nana Caymmi: 'O viol\u00e3o sempre esteve ao p\u00e9 da cama' - Transam\u00e9rica Mococa 93,3","robots":{"index":"index","follow":"follow","max-snippet":"max-snippet:-1","max-image-preview":"max-image-preview:large","max-video-preview":"max-video-preview:-1"},"canonical":"https:\/\/transamerica93.com.br\/home\/gilberto-gil-fala-sobre-relacao-com-nana-caymmi-o-violao-sempre-esteve-ao-pe-da-cama\/","og_locale":"pt_BR","og_type":"article","og_title":"Gilberto Gil fala sobre rela\u00e7\u00e3o com Nana Caymmi: 'O viol\u00e3o sempre esteve ao p\u00e9 da cama' - Transam\u00e9rica Mococa 93,3","og_description":"Por Reda\u00e7\u00e3o C2 Gilberto Gil relembrou o casamento com Nana Caymmi e definiu a cantora como intensa. Considerada uma das vozes mais marcantes da m\u00fasica brasileira, ela morreu aos 84 anos nesta quinta-feira, 1\u00ba, em decorr\u00eancia de problemas card\u00edacos. &#8220;Para dizer da saudade, da \u00faltima, da definitiva, da saudade de sempre que ficar\u00e1 de Nana, &hellip;","og_url":"https:\/\/transamerica93.com.br\/home\/gilberto-gil-fala-sobre-relacao-com-nana-caymmi-o-violao-sempre-esteve-ao-pe-da-cama\/","og_site_name":"Transam\u00e9rica Mococa 93,3","article_publisher":"https:\/\/www.facebook.com\/transamericamococa","article_published_time":"2025-05-05T18:00:50+00:00","og_image":[{"width":898,"height":447,"url":"https:\/\/transamerica93.com.br\/home\/wp-content\/uploads\/2025\/05\/1-28.jpg","type":"image\/jpeg"}],"author":"Reda\u00e7\u00e3o","twitter_card":"summary_large_image","twitter_creator":"@transamerica933","twitter_site":"@transamerica933","twitter_misc":{"Escrito por":"Reda\u00e7\u00e3o","Est. tempo de leitura":"2 minutos"},"schema":{"@context":"https:\/\/schema.org","@graph":[{"@type":"Article","@id":"https:\/\/transamerica93.com.br\/home\/gilberto-gil-fala-sobre-relacao-com-nana-caymmi-o-violao-sempre-esteve-ao-pe-da-cama\/#article","isPartOf":{"@id":"https:\/\/transamerica93.com.br\/home\/gilberto-gil-fala-sobre-relacao-com-nana-caymmi-o-violao-sempre-esteve-ao-pe-da-cama\/"},"author":{"name":"Reda\u00e7\u00e3o","@id":"https:\/\/transamerica93.com.br\/home\/#\/schema\/person\/7fed7c99c0d4562efa8561bc0f543172"},"headline":"Gilberto Gil fala sobre rela\u00e7\u00e3o com Nana Caymmi: &#8216;O viol\u00e3o sempre esteve ao p\u00e9 da cama&#8217;","datePublished":"2025-05-05T18:00:50+00:00","mainEntityOfPage":{"@id":"https:\/\/transamerica93.com.br\/home\/gilberto-gil-fala-sobre-relacao-com-nana-caymmi-o-violao-sempre-esteve-ao-pe-da-cama\/"},"wordCount":322,"publisher":{"@id":"https:\/\/transamerica93.com.br\/home\/#organization"},"image":{"@id":"https:\/\/transamerica93.com.br\/home\/gilberto-gil-fala-sobre-relacao-com-nana-caymmi-o-violao-sempre-esteve-ao-pe-da-cama\/#primaryimage"},"thumbnailUrl":"https:\/\/transamerica93.com.br\/home\/wp-content\/uploads\/2025\/05\/1-28.jpg","articleSection":["M\u00fasica"],"inLanguage":"pt-BR"},{"@type":"WebPage","@id":"https:\/\/transamerica93.com.br\/home\/gilberto-gil-fala-sobre-relacao-com-nana-caymmi-o-violao-sempre-esteve-ao-pe-da-cama\/","url":"https:\/\/transamerica93.com.br\/home\/gilberto-gil-fala-sobre-relacao-com-nana-caymmi-o-violao-sempre-esteve-ao-pe-da-cama\/","name":"Gilberto Gil fala sobre rela\u00e7\u00e3o com Nana Caymmi: 'O viol\u00e3o sempre esteve ao p\u00e9 da cama' - Transam\u00e9rica Mococa 93,3","isPartOf":{"@id":"https:\/\/transamerica93.com.br\/home\/#website"},"primaryImageOfPage":{"@id":"https:\/\/transamerica93.com.br\/home\/gilberto-gil-fala-sobre-relacao-com-nana-caymmi-o-violao-sempre-esteve-ao-pe-da-cama\/#primaryimage"},"image":{"@id":"https:\/\/transamerica93.com.br\/home\/gilberto-gil-fala-sobre-relacao-com-nana-caymmi-o-violao-sempre-esteve-ao-pe-da-cama\/#primaryimage"},"thumbnailUrl":"https:\/\/transamerica93.com.br\/home\/wp-content\/uploads\/2025\/05\/1-28.jpg","datePublished":"2025-05-05T18:00:50+00:00","breadcrumb":{"@id":"https:\/\/transamerica93.com.br\/home\/gilberto-gil-fala-sobre-relacao-com-nana-caymmi-o-violao-sempre-esteve-ao-pe-da-cama\/#breadcrumb"},"inLanguage":"pt-BR","potentialAction":[{"@type":"ReadAction","target":["https:\/\/transamerica93.com.br\/home\/gilberto-gil-fala-sobre-relacao-com-nana-caymmi-o-violao-sempre-esteve-ao-pe-da-cama\/"]}]},{"@type":"ImageObject","inLanguage":"pt-BR","@id":"https:\/\/transamerica93.com.br\/home\/gilberto-gil-fala-sobre-relacao-com-nana-caymmi-o-violao-sempre-esteve-ao-pe-da-cama\/#primaryimage","url":"https:\/\/transamerica93.com.br\/home\/wp-content\/uploads\/2025\/05\/1-28.jpg","contentUrl":"https:\/\/transamerica93.com.br\/home\/wp-content\/uploads\/2025\/05\/1-28.jpg","width":898,"height":447},{"@type":"BreadcrumbList","@id":"https:\/\/transamerica93.com.br\/home\/gilberto-gil-fala-sobre-relacao-com-nana-caymmi-o-violao-sempre-esteve-ao-pe-da-cama\/#breadcrumb","itemListElement":[{"@type":"ListItem","position":1,"name":"In\u00edcio","item":"https:\/\/transamerica93.com.br\/home\/"},{"@type":"ListItem","position":2,"name":"Gilberto Gil fala sobre rela\u00e7\u00e3o com Nana Caymmi: &#8216;O viol\u00e3o sempre esteve ao p\u00e9 da cama&#8217;"}]},{"@type":"WebSite","@id":"https:\/\/transamerica93.com.br\/home\/#website","url":"https:\/\/transamerica93.com.br\/home\/","name":"Transam\u00e9rica Mococa 93,3","description":"","publisher":{"@id":"https:\/\/transamerica93.com.br\/home\/#organization"},"potentialAction":[{"@type":"SearchAction","target":{"@type":"EntryPoint","urlTemplate":"https:\/\/transamerica93.com.br\/home\/?s={search_term_string}"},"query-input":{"@type":"PropertyValueSpecification","valueRequired":true,"valueName":"search_term_string"}}],"inLanguage":"pt-BR"},{"@type":"Organization","@id":"https:\/\/transamerica93.com.br\/home\/#organization","name":"Transam\u00e9rica Mococa 93,3","url":"https:\/\/transamerica93.com.br\/home\/","logo":{"@type":"ImageObject","inLanguage":"pt-BR","@id":"https:\/\/transamerica93.com.br\/home\/#\/schema\/logo\/image\/","url":"https:\/\/transamerica93.com.br\/home\/wp-content\/uploads\/2023\/10\/logo2.png","contentUrl":"https:\/\/transamerica93.com.br\/home\/wp-content\/uploads\/2023\/10\/logo2.png","width":800,"height":500,"caption":"Transam\u00e9rica Mococa 93,3"},"image":{"@id":"https:\/\/transamerica93.com.br\/home\/#\/schema\/logo\/image\/"},"sameAs":["https:\/\/www.facebook.com\/transamericamococa","https:\/\/x.com\/transamerica933","https:\/\/www.instagram.com\/transamericamococa"]},{"@type":"Person","@id":"https:\/\/transamerica93.com.br\/home\/#\/schema\/person\/7fed7c99c0d4562efa8561bc0f543172","name":"Reda\u00e7\u00e3o","image":{"@type":"ImageObject","inLanguage":"pt-BR","@id":"https:\/\/secure.gravatar.com\/avatar\/1072c6b775fb02ef8506ce967551d95926669a6b7d2c2147b42eea4d7c68395e?s=96&d=mm&r=g","url":"https:\/\/secure.gravatar.com\/avatar\/1072c6b775fb02ef8506ce967551d95926669a6b7d2c2147b42eea4d7c68395e?s=96&d=mm&r=g","contentUrl":"https:\/\/secure.gravatar.com\/avatar\/1072c6b775fb02ef8506ce967551d95926669a6b7d2c2147b42eea4d7c68395e?s=96&d=mm&r=g","caption":"Reda\u00e7\u00e3o"},"sameAs":["https:\/\/transamerica93.com.br\/home"],"url":"https:\/\/transamerica93.com.br\/home\/author\/william\/"}]}},"_links":{"self":[{"href":"https:\/\/transamerica93.com.br\/home\/wp-json\/wp\/v2\/posts\/5346","targetHints":{"allow":["GET"]}}],"collection":[{"href":"https:\/\/transamerica93.com.br\/home\/wp-json\/wp\/v2\/posts"}],"about":[{"href":"https:\/\/transamerica93.com.br\/home\/wp-json\/wp\/v2\/types\/post"}],"author":[{"embeddable":true,"href":"https:\/\/transamerica93.com.br\/home\/wp-json\/wp\/v2\/users\/1"}],"replies":[{"embeddable":true,"href":"https:\/\/transamerica93.com.br\/home\/wp-json\/wp\/v2\/comments?post=5346"}],"version-history":[{"count":1,"href":"https:\/\/transamerica93.com.br\/home\/wp-json\/wp\/v2\/posts\/5346\/revisions"}],"predecessor-version":[{"id":5348,"href":"https:\/\/transamerica93.com.br\/home\/wp-json\/wp\/v2\/posts\/5346\/revisions\/5348"}],"wp:featuredmedia":[{"embeddable":true,"href":"https:\/\/transamerica93.com.br\/home\/wp-json\/wp\/v2\/media\/5347"}],"wp:attachment":[{"href":"https:\/\/transamerica93.com.br\/home\/wp-json\/wp\/v2\/media?parent=5346"}],"wp:term":[{"taxonomy":"category","embeddable":true,"href":"https:\/\/transamerica93.com.br\/home\/wp-json\/wp\/v2\/categories?post=5346"},{"taxonomy":"post_tag","embeddable":true,"href":"https:\/\/transamerica93.com.br\/home\/wp-json\/wp\/v2\/tags?post=5346"}],"curies":[{"name":"wp","href":"https:\/\/api.w.org\/{rel}","templated":true}]}}