{"id":5349,"date":"2025-05-06T15:00:47","date_gmt":"2025-05-06T18:00:47","guid":{"rendered":"https:\/\/transamerica93.com.br\/home\/?p=5349"},"modified":"2025-05-02T23:51:56","modified_gmt":"2025-05-03T02:51:56","slug":"barbra-streisand-anuncia-album-de-duetos-com-paul-mccartney-bob-dylan-e-outros","status":"publish","type":"post","link":"https:\/\/transamerica93.com.br\/home\/barbra-streisand-anuncia-album-de-duetos-com-paul-mccartney-bob-dylan-e-outros\/","title":{"rendered":"Barbra Streisand anuncia \u00e1lbum de duetos com Paul McCartney, Bob Dylan e outros"},"content":{"rendered":"<h6 class=\"Assina\">Por Reda\u00e7\u00e3o O Estado de S. Paulo<\/h6>\n<p>Barbra Streisand anunciou que lan\u00e7ar\u00e1 um \u00e1lbum de duetos com alguns do maiores nomes da m\u00fasica. O disco\u00a0<i>The Secret of Life: Partners, Volume Two\u00a0<\/i>ser\u00e1 lan\u00e7ado em 25 de junho e ter\u00e1 11 faixas.<\/p>\n<p>Entre as parcerias, est\u00e3o artistas como Paul McCartney, Bob Dylan, James Taylor, Sting, Seal, Tim McGraw, Mariah Carey e Ariana Grande. A colet\u00e2nea ser\u00e1 composta de m\u00fasicas originais e de covers.<\/p>\n<p>A can\u00e7\u00e3o que abre o disco \u00e9 um cover de\u00a0<i>The First Time Ever I Saw Your Face<\/i>, interpretado ao lado de Hozier (de hits como\u00a0<i>Too Sweet<\/i>\u00a0e\u00a0<i>Take Me To Church<\/i>), e j\u00e1 est\u00e1 dispon\u00edveis nas principais plataformas de streaming.<\/p>\n<p>A m\u00fasica foi originalmente escrita pelo artista folk ingl\u00eas Ewan MacColl para sua mulher, Peggy Seeger, mas j\u00e1 teve uma outra interpreta\u00e7\u00e3o de sucesso na voz de Roberta Flack, que morreu em fevereiro de 2025.<\/p>\n<p>A m\u00fasica tamb\u00e9m fez grande sucesso por ter sido a trilha sonora de uma cena \u00edntima entre Clint Eastwood e Donna Mills no filme\u00a0<i>Perversa Paix\u00e3o<\/i>, de 1971.<\/p>\n<p>&#8220;Sempre adorei cantar duetos com artistas talentosos. Eles me inspiram de maneiras \u00fanicas e diferentes&#8230; e tornam nosso tempo no est\u00fadio uma alegria&#8221;, disse Streisand em um comunicado. &#8220;Eu admiro todos eles&#8230; e espero que voc\u00eas gostem de ouvir nossas colabora\u00e7\u00f5es tanto quanto eu gostei de gravar com todos os meus maravilhosos parceiros&#8221;, disse a cantora<\/p>\n<p><b>Veja a lista de can\u00e7\u00f5es e parcerias:<\/b><\/p>\n<p>&#8211; The First Time Ever I Saw Your Face, com Hozier<\/p>\n<p>&#8211; My Valentine, com Paul McCartney<\/p>\n<p>&#8211; To Lose You Again, com Sam Smith<\/p>\n<p>&#8211; The Very Thought of You, com Bob Dylan<\/p>\n<p>&#8211; Letter to my 13-year-old Self, com Laufey<\/p>\n<p>&#8211; One Heart, One Voice, com Mariah Carey e Ariana Grande<\/p>\n<p>&#8211; I Love Us, com Tim McGraw<\/p>\n<p>&#8211; Secret O&#8217; Life, com James Taylor<\/p>\n<p>&#8211; Fragile, com Sting<\/p>\n<p>&#8211; Where Do I Go From You?, com Josh Groban<\/p>\n<p>&#8211; Love Will Survive, com Seal<\/p>\n<p>(Com informa\u00e7\u00f5es da Associated Press)<\/p>\n","protected":false},"excerpt":{"rendered":"<p>Por Reda\u00e7\u00e3o O Estado de S. Paulo Barbra Streisand anunciou que lan\u00e7ar\u00e1 um \u00e1lbum de duetos com alguns do maiores nomes da m\u00fasica. O disco\u00a0The Secret of Life: Partners, Volume Two\u00a0ser\u00e1 lan\u00e7ado em 25 de junho e ter\u00e1 11 faixas. Entre as parcerias, est\u00e3o artistas como Paul McCartney, Bob Dylan, James Taylor, Sting, Seal, Tim &hellip;<\/p>\n","protected":false},"author":1,"featured_media":5350,"comment_status":"closed","ping_status":"closed","sticky":false,"template":"","format":"standard","meta":{"footnotes":""},"categories":[25],"tags":[],"class_list":["post-5349","post","type-post","status-publish","format-standard","has-post-thumbnail","hentry","category-musica"],"yoast_head":"<!-- This site is optimized with the Yoast SEO plugin v27.4 - https:\/\/yoast.com\/product\/yoast-seo-wordpress\/ -->\n<title>Barbra Streisand anuncia \u00e1lbum de duetos com Paul McCartney, Bob Dylan e outros - Transam\u00e9rica Mococa 93,3<\/title>\n<meta name=\"robots\" content=\"index, follow, max-snippet:-1, max-image-preview:large, max-video-preview:-1\" \/>\n<link rel=\"canonical\" href=\"https:\/\/transamerica93.com.br\/home\/barbra-streisand-anuncia-album-de-duetos-com-paul-mccartney-bob-dylan-e-outros\/\" \/>\n<meta property=\"og:locale\" content=\"pt_BR\" \/>\n<meta property=\"og:type\" content=\"article\" \/>\n<meta property=\"og:title\" content=\"Barbra Streisand anuncia \u00e1lbum de duetos com Paul McCartney, Bob Dylan e outros - Transam\u00e9rica Mococa 93,3\" \/>\n<meta property=\"og:description\" content=\"Por Reda\u00e7\u00e3o O Estado de S. Paulo Barbra Streisand anunciou que lan\u00e7ar\u00e1 um \u00e1lbum de duetos com alguns do maiores nomes da m\u00fasica. O disco\u00a0The Secret of Life: Partners, Volume Two\u00a0ser\u00e1 lan\u00e7ado em 25 de junho e ter\u00e1 11 faixas. Entre as parcerias, est\u00e3o artistas como Paul McCartney, Bob Dylan, James Taylor, Sting, Seal, Tim &hellip;\" \/>\n<meta property=\"og:url\" content=\"https:\/\/transamerica93.com.br\/home\/barbra-streisand-anuncia-album-de-duetos-com-paul-mccartney-bob-dylan-e-outros\/\" \/>\n<meta property=\"og:site_name\" content=\"Transam\u00e9rica Mococa 93,3\" \/>\n<meta property=\"article:publisher\" content=\"https:\/\/www.facebook.com\/transamericamococa\" \/>\n<meta property=\"article:published_time\" content=\"2025-05-06T18:00:47+00:00\" \/>\n<meta property=\"og:image\" content=\"https:\/\/transamerica93.com.br\/home\/wp-content\/uploads\/2025\/05\/1-29.jpg\" \/>\n\t<meta property=\"og:image:width\" content=\"960\" \/>\n\t<meta property=\"og:image:height\" content=\"640\" \/>\n\t<meta property=\"og:image:type\" content=\"image\/jpeg\" \/>\n<meta name=\"author\" content=\"Reda\u00e7\u00e3o\" \/>\n<meta name=\"twitter:card\" content=\"summary_large_image\" \/>\n<meta name=\"twitter:creator\" content=\"@transamerica933\" \/>\n<meta name=\"twitter:site\" content=\"@transamerica933\" \/>\n<meta name=\"twitter:label1\" content=\"Escrito por\" \/>\n\t<meta name=\"twitter:data1\" content=\"Reda\u00e7\u00e3o\" \/>\n\t<meta name=\"twitter:label2\" content=\"Est. tempo de leitura\" \/>\n\t<meta name=\"twitter:data2\" content=\"2 minutos\" \/>\n<script type=\"application\/ld+json\" class=\"yoast-schema-graph\">{\"@context\":\"https:\\\/\\\/schema.org\",\"@graph\":[{\"@type\":\"Article\",\"@id\":\"https:\\\/\\\/transamerica93.com.br\\\/home\\\/barbra-streisand-anuncia-album-de-duetos-com-paul-mccartney-bob-dylan-e-outros\\\/#article\",\"isPartOf\":{\"@id\":\"https:\\\/\\\/transamerica93.com.br\\\/home\\\/barbra-streisand-anuncia-album-de-duetos-com-paul-mccartney-bob-dylan-e-outros\\\/\"},\"author\":{\"name\":\"Reda\u00e7\u00e3o\",\"@id\":\"https:\\\/\\\/transamerica93.com.br\\\/home\\\/#\\\/schema\\\/person\\\/7fed7c99c0d4562efa8561bc0f543172\"},\"headline\":\"Barbra Streisand anuncia \u00e1lbum de duetos com Paul McCartney, Bob Dylan e outros\",\"datePublished\":\"2025-05-06T18:00:47+00:00\",\"mainEntityOfPage\":{\"@id\":\"https:\\\/\\\/transamerica93.com.br\\\/home\\\/barbra-streisand-anuncia-album-de-duetos-com-paul-mccartney-bob-dylan-e-outros\\\/\"},\"wordCount\":361,\"publisher\":{\"@id\":\"https:\\\/\\\/transamerica93.com.br\\\/home\\\/#organization\"},\"image\":{\"@id\":\"https:\\\/\\\/transamerica93.com.br\\\/home\\\/barbra-streisand-anuncia-album-de-duetos-com-paul-mccartney-bob-dylan-e-outros\\\/#primaryimage\"},\"thumbnailUrl\":\"https:\\\/\\\/transamerica93.com.br\\\/home\\\/wp-content\\\/uploads\\\/2025\\\/05\\\/1-29.jpg\",\"articleSection\":[\"M\u00fasica\"],\"inLanguage\":\"pt-BR\"},{\"@type\":\"WebPage\",\"@id\":\"https:\\\/\\\/transamerica93.com.br\\\/home\\\/barbra-streisand-anuncia-album-de-duetos-com-paul-mccartney-bob-dylan-e-outros\\\/\",\"url\":\"https:\\\/\\\/transamerica93.com.br\\\/home\\\/barbra-streisand-anuncia-album-de-duetos-com-paul-mccartney-bob-dylan-e-outros\\\/\",\"name\":\"Barbra Streisand anuncia \u00e1lbum de duetos com Paul McCartney, Bob Dylan e outros - Transam\u00e9rica Mococa 93,3\",\"isPartOf\":{\"@id\":\"https:\\\/\\\/transamerica93.com.br\\\/home\\\/#website\"},\"primaryImageOfPage\":{\"@id\":\"https:\\\/\\\/transamerica93.com.br\\\/home\\\/barbra-streisand-anuncia-album-de-duetos-com-paul-mccartney-bob-dylan-e-outros\\\/#primaryimage\"},\"image\":{\"@id\":\"https:\\\/\\\/transamerica93.com.br\\\/home\\\/barbra-streisand-anuncia-album-de-duetos-com-paul-mccartney-bob-dylan-e-outros\\\/#primaryimage\"},\"thumbnailUrl\":\"https:\\\/\\\/transamerica93.com.br\\\/home\\\/wp-content\\\/uploads\\\/2025\\\/05\\\/1-29.jpg\",\"datePublished\":\"2025-05-06T18:00:47+00:00\",\"breadcrumb\":{\"@id\":\"https:\\\/\\\/transamerica93.com.br\\\/home\\\/barbra-streisand-anuncia-album-de-duetos-com-paul-mccartney-bob-dylan-e-outros\\\/#breadcrumb\"},\"inLanguage\":\"pt-BR\",\"potentialAction\":[{\"@type\":\"ReadAction\",\"target\":[\"https:\\\/\\\/transamerica93.com.br\\\/home\\\/barbra-streisand-anuncia-album-de-duetos-com-paul-mccartney-bob-dylan-e-outros\\\/\"]}]},{\"@type\":\"ImageObject\",\"inLanguage\":\"pt-BR\",\"@id\":\"https:\\\/\\\/transamerica93.com.br\\\/home\\\/barbra-streisand-anuncia-album-de-duetos-com-paul-mccartney-bob-dylan-e-outros\\\/#primaryimage\",\"url\":\"https:\\\/\\\/transamerica93.com.br\\\/home\\\/wp-content\\\/uploads\\\/2025\\\/05\\\/1-29.jpg\",\"contentUrl\":\"https:\\\/\\\/transamerica93.com.br\\\/home\\\/wp-content\\\/uploads\\\/2025\\\/05\\\/1-29.jpg\",\"width\":960,\"height\":640},{\"@type\":\"BreadcrumbList\",\"@id\":\"https:\\\/\\\/transamerica93.com.br\\\/home\\\/barbra-streisand-anuncia-album-de-duetos-com-paul-mccartney-bob-dylan-e-outros\\\/#breadcrumb\",\"itemListElement\":[{\"@type\":\"ListItem\",\"position\":1,\"name\":\"In\u00edcio\",\"item\":\"https:\\\/\\\/transamerica93.com.br\\\/home\\\/\"},{\"@type\":\"ListItem\",\"position\":2,\"name\":\"Barbra Streisand anuncia \u00e1lbum de duetos com Paul McCartney, Bob Dylan e outros\"}]},{\"@type\":\"WebSite\",\"@id\":\"https:\\\/\\\/transamerica93.com.br\\\/home\\\/#website\",\"url\":\"https:\\\/\\\/transamerica93.com.br\\\/home\\\/\",\"name\":\"Transam\u00e9rica Mococa 93,3\",\"description\":\"\",\"publisher\":{\"@id\":\"https:\\\/\\\/transamerica93.com.br\\\/home\\\/#organization\"},\"potentialAction\":[{\"@type\":\"SearchAction\",\"target\":{\"@type\":\"EntryPoint\",\"urlTemplate\":\"https:\\\/\\\/transamerica93.com.br\\\/home\\\/?s={search_term_string}\"},\"query-input\":{\"@type\":\"PropertyValueSpecification\",\"valueRequired\":true,\"valueName\":\"search_term_string\"}}],\"inLanguage\":\"pt-BR\"},{\"@type\":\"Organization\",\"@id\":\"https:\\\/\\\/transamerica93.com.br\\\/home\\\/#organization\",\"name\":\"Transam\u00e9rica Mococa 93,3\",\"url\":\"https:\\\/\\\/transamerica93.com.br\\\/home\\\/\",\"logo\":{\"@type\":\"ImageObject\",\"inLanguage\":\"pt-BR\",\"@id\":\"https:\\\/\\\/transamerica93.com.br\\\/home\\\/#\\\/schema\\\/logo\\\/image\\\/\",\"url\":\"https:\\\/\\\/transamerica93.com.br\\\/home\\\/wp-content\\\/uploads\\\/2023\\\/10\\\/logo2.png\",\"contentUrl\":\"https:\\\/\\\/transamerica93.com.br\\\/home\\\/wp-content\\\/uploads\\\/2023\\\/10\\\/logo2.png\",\"width\":800,\"height\":500,\"caption\":\"Transam\u00e9rica Mococa 93,3\"},\"image\":{\"@id\":\"https:\\\/\\\/transamerica93.com.br\\\/home\\\/#\\\/schema\\\/logo\\\/image\\\/\"},\"sameAs\":[\"https:\\\/\\\/www.facebook.com\\\/transamericamococa\",\"https:\\\/\\\/x.com\\\/transamerica933\",\"https:\\\/\\\/www.instagram.com\\\/transamericamococa\"]},{\"@type\":\"Person\",\"@id\":\"https:\\\/\\\/transamerica93.com.br\\\/home\\\/#\\\/schema\\\/person\\\/7fed7c99c0d4562efa8561bc0f543172\",\"name\":\"Reda\u00e7\u00e3o\",\"image\":{\"@type\":\"ImageObject\",\"inLanguage\":\"pt-BR\",\"@id\":\"https:\\\/\\\/secure.gravatar.com\\\/avatar\\\/1072c6b775fb02ef8506ce967551d95926669a6b7d2c2147b42eea4d7c68395e?s=96&d=mm&r=g\",\"url\":\"https:\\\/\\\/secure.gravatar.com\\\/avatar\\\/1072c6b775fb02ef8506ce967551d95926669a6b7d2c2147b42eea4d7c68395e?s=96&d=mm&r=g\",\"contentUrl\":\"https:\\\/\\\/secure.gravatar.com\\\/avatar\\\/1072c6b775fb02ef8506ce967551d95926669a6b7d2c2147b42eea4d7c68395e?s=96&d=mm&r=g\",\"caption\":\"Reda\u00e7\u00e3o\"},\"sameAs\":[\"https:\\\/\\\/transamerica93.com.br\\\/home\"],\"url\":\"https:\\\/\\\/transamerica93.com.br\\\/home\\\/author\\\/william\\\/\"}]}<\/script>\n<!-- \/ Yoast SEO plugin. -->","yoast_head_json":{"title":"Barbra Streisand anuncia \u00e1lbum de duetos com Paul McCartney, Bob Dylan e outros - Transam\u00e9rica Mococa 93,3","robots":{"index":"index","follow":"follow","max-snippet":"max-snippet:-1","max-image-preview":"max-image-preview:large","max-video-preview":"max-video-preview:-1"},"canonical":"https:\/\/transamerica93.com.br\/home\/barbra-streisand-anuncia-album-de-duetos-com-paul-mccartney-bob-dylan-e-outros\/","og_locale":"pt_BR","og_type":"article","og_title":"Barbra Streisand anuncia \u00e1lbum de duetos com Paul McCartney, Bob Dylan e outros - Transam\u00e9rica Mococa 93,3","og_description":"Por Reda\u00e7\u00e3o O Estado de S. Paulo Barbra Streisand anunciou que lan\u00e7ar\u00e1 um \u00e1lbum de duetos com alguns do maiores nomes da m\u00fasica. O disco\u00a0The Secret of Life: Partners, Volume Two\u00a0ser\u00e1 lan\u00e7ado em 25 de junho e ter\u00e1 11 faixas. Entre as parcerias, est\u00e3o artistas como Paul McCartney, Bob Dylan, James Taylor, Sting, Seal, Tim &hellip;","og_url":"https:\/\/transamerica93.com.br\/home\/barbra-streisand-anuncia-album-de-duetos-com-paul-mccartney-bob-dylan-e-outros\/","og_site_name":"Transam\u00e9rica Mococa 93,3","article_publisher":"https:\/\/www.facebook.com\/transamericamococa","article_published_time":"2025-05-06T18:00:47+00:00","og_image":[{"width":960,"height":640,"url":"https:\/\/transamerica93.com.br\/home\/wp-content\/uploads\/2025\/05\/1-29.jpg","type":"image\/jpeg"}],"author":"Reda\u00e7\u00e3o","twitter_card":"summary_large_image","twitter_creator":"@transamerica933","twitter_site":"@transamerica933","twitter_misc":{"Escrito por":"Reda\u00e7\u00e3o","Est. tempo de leitura":"2 minutos"},"schema":{"@context":"https:\/\/schema.org","@graph":[{"@type":"Article","@id":"https:\/\/transamerica93.com.br\/home\/barbra-streisand-anuncia-album-de-duetos-com-paul-mccartney-bob-dylan-e-outros\/#article","isPartOf":{"@id":"https:\/\/transamerica93.com.br\/home\/barbra-streisand-anuncia-album-de-duetos-com-paul-mccartney-bob-dylan-e-outros\/"},"author":{"name":"Reda\u00e7\u00e3o","@id":"https:\/\/transamerica93.com.br\/home\/#\/schema\/person\/7fed7c99c0d4562efa8561bc0f543172"},"headline":"Barbra Streisand anuncia \u00e1lbum de duetos com Paul McCartney, Bob Dylan e outros","datePublished":"2025-05-06T18:00:47+00:00","mainEntityOfPage":{"@id":"https:\/\/transamerica93.com.br\/home\/barbra-streisand-anuncia-album-de-duetos-com-paul-mccartney-bob-dylan-e-outros\/"},"wordCount":361,"publisher":{"@id":"https:\/\/transamerica93.com.br\/home\/#organization"},"image":{"@id":"https:\/\/transamerica93.com.br\/home\/barbra-streisand-anuncia-album-de-duetos-com-paul-mccartney-bob-dylan-e-outros\/#primaryimage"},"thumbnailUrl":"https:\/\/transamerica93.com.br\/home\/wp-content\/uploads\/2025\/05\/1-29.jpg","articleSection":["M\u00fasica"],"inLanguage":"pt-BR"},{"@type":"WebPage","@id":"https:\/\/transamerica93.com.br\/home\/barbra-streisand-anuncia-album-de-duetos-com-paul-mccartney-bob-dylan-e-outros\/","url":"https:\/\/transamerica93.com.br\/home\/barbra-streisand-anuncia-album-de-duetos-com-paul-mccartney-bob-dylan-e-outros\/","name":"Barbra Streisand anuncia \u00e1lbum de duetos com Paul McCartney, Bob Dylan e outros - Transam\u00e9rica Mococa 93,3","isPartOf":{"@id":"https:\/\/transamerica93.com.br\/home\/#website"},"primaryImageOfPage":{"@id":"https:\/\/transamerica93.com.br\/home\/barbra-streisand-anuncia-album-de-duetos-com-paul-mccartney-bob-dylan-e-outros\/#primaryimage"},"image":{"@id":"https:\/\/transamerica93.com.br\/home\/barbra-streisand-anuncia-album-de-duetos-com-paul-mccartney-bob-dylan-e-outros\/#primaryimage"},"thumbnailUrl":"https:\/\/transamerica93.com.br\/home\/wp-content\/uploads\/2025\/05\/1-29.jpg","datePublished":"2025-05-06T18:00:47+00:00","breadcrumb":{"@id":"https:\/\/transamerica93.com.br\/home\/barbra-streisand-anuncia-album-de-duetos-com-paul-mccartney-bob-dylan-e-outros\/#breadcrumb"},"inLanguage":"pt-BR","potentialAction":[{"@type":"ReadAction","target":["https:\/\/transamerica93.com.br\/home\/barbra-streisand-anuncia-album-de-duetos-com-paul-mccartney-bob-dylan-e-outros\/"]}]},{"@type":"ImageObject","inLanguage":"pt-BR","@id":"https:\/\/transamerica93.com.br\/home\/barbra-streisand-anuncia-album-de-duetos-com-paul-mccartney-bob-dylan-e-outros\/#primaryimage","url":"https:\/\/transamerica93.com.br\/home\/wp-content\/uploads\/2025\/05\/1-29.jpg","contentUrl":"https:\/\/transamerica93.com.br\/home\/wp-content\/uploads\/2025\/05\/1-29.jpg","width":960,"height":640},{"@type":"BreadcrumbList","@id":"https:\/\/transamerica93.com.br\/home\/barbra-streisand-anuncia-album-de-duetos-com-paul-mccartney-bob-dylan-e-outros\/#breadcrumb","itemListElement":[{"@type":"ListItem","position":1,"name":"In\u00edcio","item":"https:\/\/transamerica93.com.br\/home\/"},{"@type":"ListItem","position":2,"name":"Barbra Streisand anuncia \u00e1lbum de duetos com Paul McCartney, Bob Dylan e outros"}]},{"@type":"WebSite","@id":"https:\/\/transamerica93.com.br\/home\/#website","url":"https:\/\/transamerica93.com.br\/home\/","name":"Transam\u00e9rica Mococa 93,3","description":"","publisher":{"@id":"https:\/\/transamerica93.com.br\/home\/#organization"},"potentialAction":[{"@type":"SearchAction","target":{"@type":"EntryPoint","urlTemplate":"https:\/\/transamerica93.com.br\/home\/?s={search_term_string}"},"query-input":{"@type":"PropertyValueSpecification","valueRequired":true,"valueName":"search_term_string"}}],"inLanguage":"pt-BR"},{"@type":"Organization","@id":"https:\/\/transamerica93.com.br\/home\/#organization","name":"Transam\u00e9rica Mococa 93,3","url":"https:\/\/transamerica93.com.br\/home\/","logo":{"@type":"ImageObject","inLanguage":"pt-BR","@id":"https:\/\/transamerica93.com.br\/home\/#\/schema\/logo\/image\/","url":"https:\/\/transamerica93.com.br\/home\/wp-content\/uploads\/2023\/10\/logo2.png","contentUrl":"https:\/\/transamerica93.com.br\/home\/wp-content\/uploads\/2023\/10\/logo2.png","width":800,"height":500,"caption":"Transam\u00e9rica Mococa 93,3"},"image":{"@id":"https:\/\/transamerica93.com.br\/home\/#\/schema\/logo\/image\/"},"sameAs":["https:\/\/www.facebook.com\/transamericamococa","https:\/\/x.com\/transamerica933","https:\/\/www.instagram.com\/transamericamococa"]},{"@type":"Person","@id":"https:\/\/transamerica93.com.br\/home\/#\/schema\/person\/7fed7c99c0d4562efa8561bc0f543172","name":"Reda\u00e7\u00e3o","image":{"@type":"ImageObject","inLanguage":"pt-BR","@id":"https:\/\/secure.gravatar.com\/avatar\/1072c6b775fb02ef8506ce967551d95926669a6b7d2c2147b42eea4d7c68395e?s=96&d=mm&r=g","url":"https:\/\/secure.gravatar.com\/avatar\/1072c6b775fb02ef8506ce967551d95926669a6b7d2c2147b42eea4d7c68395e?s=96&d=mm&r=g","contentUrl":"https:\/\/secure.gravatar.com\/avatar\/1072c6b775fb02ef8506ce967551d95926669a6b7d2c2147b42eea4d7c68395e?s=96&d=mm&r=g","caption":"Reda\u00e7\u00e3o"},"sameAs":["https:\/\/transamerica93.com.br\/home"],"url":"https:\/\/transamerica93.com.br\/home\/author\/william\/"}]}},"_links":{"self":[{"href":"https:\/\/transamerica93.com.br\/home\/wp-json\/wp\/v2\/posts\/5349","targetHints":{"allow":["GET"]}}],"collection":[{"href":"https:\/\/transamerica93.com.br\/home\/wp-json\/wp\/v2\/posts"}],"about":[{"href":"https:\/\/transamerica93.com.br\/home\/wp-json\/wp\/v2\/types\/post"}],"author":[{"embeddable":true,"href":"https:\/\/transamerica93.com.br\/home\/wp-json\/wp\/v2\/users\/1"}],"replies":[{"embeddable":true,"href":"https:\/\/transamerica93.com.br\/home\/wp-json\/wp\/v2\/comments?post=5349"}],"version-history":[{"count":1,"href":"https:\/\/transamerica93.com.br\/home\/wp-json\/wp\/v2\/posts\/5349\/revisions"}],"predecessor-version":[{"id":5351,"href":"https:\/\/transamerica93.com.br\/home\/wp-json\/wp\/v2\/posts\/5349\/revisions\/5351"}],"wp:featuredmedia":[{"embeddable":true,"href":"https:\/\/transamerica93.com.br\/home\/wp-json\/wp\/v2\/media\/5350"}],"wp:attachment":[{"href":"https:\/\/transamerica93.com.br\/home\/wp-json\/wp\/v2\/media?parent=5349"}],"wp:term":[{"taxonomy":"category","embeddable":true,"href":"https:\/\/transamerica93.com.br\/home\/wp-json\/wp\/v2\/categories?post=5349"},{"taxonomy":"post_tag","embeddable":true,"href":"https:\/\/transamerica93.com.br\/home\/wp-json\/wp\/v2\/tags?post=5349"}],"curies":[{"name":"wp","href":"https:\/\/api.w.org\/{rel}","templated":true}]}}