{"id":5379,"date":"2025-05-13T09:00:23","date_gmt":"2025-05-13T12:00:23","guid":{"rendered":"https:\/\/transamerica93.com.br\/home\/?p=5379"},"modified":"2025-05-04T14:49:00","modified_gmt":"2025-05-04T17:49:00","slug":"ha-100-anos-albert-einstein-chegava-ao-brasil-em-visita-cientifica","status":"publish","type":"post","link":"https:\/\/transamerica93.com.br\/home\/ha-100-anos-albert-einstein-chegava-ao-brasil-em-visita-cientifica\/","title":{"rendered":"H\u00e1 100 anos, Albert Einstein chegava ao Brasil em visita cient\u00edfica"},"content":{"rendered":"<div class=\"conteudo-noticia\">\n<p>H\u00e1 exatos 100\u00a0anos, o \u00edcone da ci\u00eancia Albert Einstein desembarcava no Rio de Janeiro para a sua primeira e \u00fanica temporada no Brasil.<img decoding=\"async\" data-src=\"https:\/\/agenciabrasil.ebc.com.br\/ebc.png?id=1641336&amp;o=node\" src=\"data:image\/svg+xml;base64,PHN2ZyB3aWR0aD0iMSIgaGVpZ2h0PSIxIiB4bWxucz0iaHR0cDovL3d3dy53My5vcmcvMjAwMC9zdmciPjwvc3ZnPg==\" class=\"lazyload\" \/><img decoding=\"async\" data-src=\"https:\/\/agenciabrasil.ebc.com.br\/ebc.gif?id=1641336&amp;o=node\" src=\"data:image\/svg+xml;base64,PHN2ZyB3aWR0aD0iMSIgaGVpZ2h0PSIxIiB4bWxucz0iaHR0cDovL3d3dy53My5vcmcvMjAwMC9zdmciPjwvc3ZnPg==\" class=\"lazyload\" \/><\/p>\n<blockquote><p>&#8220;Chegada ao Rio ao p\u00f4r do sol, com clima espl\u00eandido. Em primeiro plano, ilhas de granito de formato fant\u00e1stico. A umidade produz um efeito misterioso&#8221;, escreveu ele em seu di\u00e1rio de viagem, naquele dia 4 de maio de 1925.<\/p><\/blockquote>\n<p>Einstein j\u00e1 havia pisado em solo brasileiro no dia 21 de mar\u00e7o, por algumas horas, durante a parada do navio que o levava a Buenos Aires, na Argentina. Mas a breve temporada brasileira foi reservada para o final da sua incurs\u00e3o de um m\u00eas e meio pela Am\u00e9rica do Sul, que incluiu tamb\u00e9m uma passagem por Montevideo, no Uruguai.<\/p>\n<p><strong>O objetivo da viagem era divulgar e discutir a rec\u00e9m verificada Teoria da Relatividade com estudiosos sul-americanos<\/strong>, mas tamb\u00e9m fazer conex\u00f5es com as comunidades judaicas e alem\u00e3s, em meio \u00e0 escalada de poder do Partido Nazista. Uma evid\u00eancia disso \u00e9\u00a0que a viagem foi organizada e financiada por organiza\u00e7\u00f5es judaicas, com o apoio de institui\u00e7\u00f5es cient\u00edficas.<\/p>\n<p><strong>Einstein passou sete dias no Rio de Janeiro, ent\u00e3o capital do Brasil<\/strong>, e, al\u00e9m de se encontrar com seus compatriotas, visitou institui\u00e7\u00f5es como a Funda\u00e7\u00e3o Oswaldo Cruz, o Museu Nacional e o Observat\u00f3rio Nacional, e fez duas grandes palestras p\u00fablicas, uma na Academia Brasileira de Ci\u00eancias e outra no Clube de Engenharia. A maior contribui\u00e7\u00e3o da visita para a ci\u00eancia brasileira, na opini\u00e3o do professor do Museu de Astronomia e Ci\u00eancias Afins (Mast), Alfredo Tolmasquim, foi o\u00a0incentivo para as chamadas &#8220;ci\u00eancias puras&#8221;, que ainda engatinhavam no pa\u00eds.<\/p>\n<p>&nbsp;<\/p>\n<div class=\"dnd-widget-wrapper context-cheio_8colunas type-image\">\n<div class=\"dnd-atom-rendered\"><img decoding=\"async\" title=\"Tomaz Silva\/Ag\u00eancia Brasil\" data-src=\"https:\/\/imagens.ebc.com.br\/DQkISmLCBu42HLNGdJdZZn2-2dk=\/754x0\/smart\/https:\/\/agenciabrasil.ebc.com.br\/sites\/default\/files\/thumbnails\/image\/2025\/05\/02\/toms8555.jpg?itok=-Hl8MeL-\" alt=\"Rio de Janeiro (RJ), 30\/04\/2025 \u2013  Exemplar da revista\u00a0Annalen der Physik assinado por Albert Einstein que encontra-se sob a guarda da Biblioteca de Manguinhos, na Fiocruz, no Rio de Janeiro. Foto: Tomaz Silva\/Ag\u00eancia Brasil\" src=\"data:image\/svg+xml;base64,PHN2ZyB3aWR0aD0iMSIgaGVpZ2h0PSIxIiB4bWxucz0iaHR0cDovL3d3dy53My5vcmcvMjAwMC9zdmciPjwvc3ZnPg==\" class=\"lazyload\" \/><\/div>\n<div class=\"dnd-caption-wrapper\">\n<h6 class=\"meta\">Exemplar da revista\u00a0Annalen der Physik assinado por Albert Einstein que encontra-se sob a guarda da Biblioteca de Manguinhos, na Fiocruz, no Rio de Janeiro.<strong>Tomaz Silva\/Ag\u00eancia Brasil<\/strong><\/h6>\n<\/div>\n<\/div>\n<p>&#8220;O Brasil teve uma influ\u00eancia positivista muito grande no S\u00e9culo 19, e essa corrente defendia que o importante \u00e9 utilizar a ci\u00eancia para a melhoria da sociedade, e n\u00e3o fazer pesquisas que eles consideravam como um proselitismo in\u00fatil. Ent\u00e3o, o in\u00edcio do S\u00e9culo 20 \u00e9 o per\u00edodo em que justamente come\u00e7a a vir o movimento que eles chamavam de &#8220;ci\u00eancia pura&#8221;, que eram as pesquisas em ci\u00eancia b\u00e1sica. Pra gente ter uma ideia, nessa \u00e9poca, a \u00fanica universidade que a gente tinha era uma jun\u00e7\u00e3o das escolas de engenharia, medicina e direito&#8221;, explica o professor do Mast.<\/p>\n<blockquote><p>&#8220;A gente n\u00e3o pode dizer que uma visita de uma semana do Einstein foi capaz de mudar a realidade brasileira. N\u00e3o foi. J\u00e1 era algo que estava acontecendo, mas ele contribuiu para esse debate&#8221;, complementa Tolmasquim que, em 2011, lan\u00e7ou a obra\u00a0<em>Einstein: o viajante da relatividade na Am\u00e9rica do Sul<\/em>, com a tradu\u00e7\u00e3o dos di\u00e1rios escritos por Einstein durante a viagem, e a contextualiza\u00e7\u00e3o sobre o cen\u00e1rio cient\u00edfico do Brasil na \u00e9poca.<\/p><\/blockquote>\n<div class=\"dnd-widget-wrapper context-medio_4colunas type-image atom-align-right\">\n<div class=\"dnd-atom-rendered\"><img decoding=\"async\" class=\"alignleft lazyload\" title=\"Tomaz Silva\/Ag\u00eancia Brasil\" data-src=\"https:\/\/imagens.ebc.com.br\/dAzBwWjpnbB-Rb5Jwdzms9pQxmg=\/365x0\/smart\/https:\/\/agenciabrasil.ebc.com.br\/sites\/default\/files\/thumbnails\/image\/2025\/05\/02\/toms8602.jpg?itok=g_ODH8i4\" alt=\"Rio de Janeiro (RJ), 30\/04\/2025 \u2013 O pesquisador Alfredo Tiomno Tolmasquim, no Museu de Astronomia e Ci\u00eancias Afins (MAST), em S\u00e3o Crist\u00f3v\u00e3o, na zona norte do Rio de Janeiro. Foto: Tomaz Silva\/Ag\u00eancia Brasil\" src=\"data:image\/svg+xml;base64,PHN2ZyB3aWR0aD0iMSIgaGVpZ2h0PSIxIiB4bWxucz0iaHR0cDovL3d3dy53My5vcmcvMjAwMC9zdmciPjwvc3ZnPg==\" \/><\/div>\n<div class=\"dnd-caption-wrapper\">\n<h6 class=\"meta\">O pesquisador Alfredo Tiomno Tolmasquim, no Museu de Astronomia e Ci\u00eancias Afins (MAST)\u00a0<strong>Tomaz Silva\/Ag\u00eancia Brasil<\/strong><\/h6>\n<\/div>\n<\/div>\n<p>Essa &#8220;lacuna&#8221; de pesquisadores avan\u00e7ados nas ci\u00eancias b\u00e1sicas teve um resultado curioso:<strong>\u00a0Einstein acabou mais interessado por assuntos alheios \u00e0 f\u00edsica, como pe\u00e7as de hist\u00f3ria natural exibidas no Museu Nacional, e o trabalho do psiquiatra Juliano Moreira, que revolucionou o atendimento aos &#8220;alienados mentais&#8221; e combateu ferozmente a tese de que a mesti\u00e7agem poderia resultar em desequil\u00edbrio mental<\/strong>, e outras teorias racistas. \u00c0 convite de Moreira, Einstein visitou o ent\u00e3o manic\u00f4mio que o m\u00e9dico dirigia e conheceu as oficinas terap\u00eauticas que ele implementou.<\/p>\n<p>O ilustre visitante tamb\u00e9m se entusiasmou com as iniciativas para popularizar a ci\u00eancia no pa\u00eds, como a cria\u00e7\u00e3o da R\u00e1dio Sociedade, em 1922, atual\u00a0<strong>R\u00e1dio MEC<\/strong>, e chegou a fazer um discurso, transmitido ao vivo, em que disse que sua visita \u00e0 emissora o levou &#8220;a admirar novamente os espl\u00eandidos resultados conquistados pela ci\u00eancia aliada \u00e0 tecnologia, resultando na transmiss\u00e3o dos melhores frutos da civiliza\u00e7\u00e3o para aqueles que vivem em isolamento.&#8221;<\/p>\n<p>&nbsp;<\/p>\n<h2>D\u00edvida com o Brasil<\/h2>\n<p>A viagem tamb\u00e9m serviu para que Einstein conhecesse pessoas essenciais para a sua trajet\u00f3ria. &#8220;Ele se tornou mundialmente famoso a partir de 1919, quando houve a comprova\u00e7\u00e3o de um aspecto da Teoria da Relatividade, que \u00e9 o desvio da luz. A prova foi obtida\u00a0aqui no Brasil, durante um eclipse observado em Sobral, no Cear\u00e1&#8221;, conta Tolmasquim.<\/p>\n<p>No dia 9 de maio, em visita ao Observat\u00f3rio Nacional, ele conheceu o diretor da institui\u00e7\u00e3o Henrique Morize, que liderou a expedi\u00e7\u00e3o a Sobral seis anos antes, e tamb\u00e9m os astr\u00f4nomos envolvidos com o trabalho e, diante deles, reconheceu:<\/p>\n<blockquote><p>&#8220;O problema que a minha mente imaginou foi resolvido aqui no c\u00e9u do Brasil&#8221;, disse Albert Einstein.<\/p><\/blockquote>\n<p>O atual diretor do Observat\u00f3rio, Jailson Alcaniz, explica que, em 1912, o diretor do Observat\u00f3rio de C\u00f3rdoba, Charles Perrine, j\u00e1 havia tentado testar a teoria da relatividade durante um outro eclipse, observado a partir de Minas Gerais. Mas uma chuva forte no dia impediu os experimentos. Ent\u00e3o, ele contatou Morize, e os dois juntos passaram a organizar a expedi\u00e7\u00e3o a Sobral, que ofereceria condi\u00e7\u00f5es perfeitas, no pr\u00f3ximo eclipse previsto para sete anos depois, em 1919.<\/p>\n<p>&#8220;Esse experimento em Sobral \u00e9 muito importante para a hist\u00f3ria da f\u00edsica, da astronomia, porque foi a primeira evid\u00eancia observacional de que a relatividade geral \u00e9 a teoria correta da gravidade. E mais do que isso, ela mostrou que a teoria de Newton, que perdurava h\u00e1 s\u00e9culos, era um caso particular da relatividade geral.<strong>\u00a0Ent\u00e3o, ele estabeleceu uma nova teoria que, at\u00e9 hoje, est\u00e1 na vida da gente.<\/strong>\u00a0<strong>O GPS, por exemplo, toda vez que a gente utiliza, ele s\u00f3 indica o endere\u00e7o certo, porque ele tem corre\u00e7\u00f5es relativistas<\/strong>&#8220;, explica Jailson Alcaniz.<\/p>\n<p>&nbsp;<\/p>\n<div class=\"dnd-widget-wrapper context-cheio_8colunas type-image\">\n<div class=\"dnd-atom-rendered\"><img decoding=\"async\" title=\"Tomaz Silva\/Ag\u00eancia Brasil\" data-src=\"https:\/\/imagens.ebc.com.br\/wp5z0iYD9qwpNucYjuGWccUfTG8=\/754x0\/smart\/https:\/\/agenciabrasil.ebc.com.br\/sites\/default\/files\/thumbnails\/image\/tmaz_abr_29051916342.jpg?itok=fed_E3v4\" alt=\"O Museu de Astronomia inaugura a exposi\u00e7\u00e3o Eclipse, que marca a comemora\u00e7\u00e3o do centen\u00e1rio da comprova\u00e7\u00e3o da teoria da relatividade geral de Albert Einstein, em S\u00e3o Crist\u00f3v\u00e3o, na zona norte do Rio de Janeiro. \" width=\"896\" height=\"598\" src=\"data:image\/svg+xml;base64,PHN2ZyB3aWR0aD0iMSIgaGVpZ2h0PSIxIiB4bWxucz0iaHR0cDovL3d3dy53My5vcmcvMjAwMC9zdmciPjwvc3ZnPg==\" class=\"lazyload\" style=\"--smush-placeholder-width: 896px; --smush-placeholder-aspect-ratio: 896\/598;\" \/><\/div>\n<div class=\"dnd-caption-wrapper\">\n<h6 class=\"meta\">O Museu de Astronomia fez exposi\u00e7\u00e3o para comemorar\u00a0o centen\u00e1rio da comprova\u00e7\u00e3o da teoria da relatividade geral de Albert Einstein em 2019\u00a0<strong>Foto de Arquivo\/Tomaz Silva\/Ag\u00eancia Brasil<\/strong><\/h6>\n<\/div>\n<\/div>\n<p>Mas a expedi\u00e7\u00e3o n\u00e3o foi composta apenas por pesquisadores argentinos e brasileiros: outras duas delega\u00e7\u00f5es se juntaram, uma americana e uma inglesa, e cada uma delas aproveitaria o eclipse para obter dados distintos. Coube \u00e0 inglesa verificar se a Teoria da Relatividade se aplicava \u00e0 observa\u00e7\u00e3o feita, o que acabou eclipsando a participa\u00e7\u00e3o dos americanos.<\/p>\n<p>&#8220;O Perrine e o Morize foram fundamentais para essa expedi\u00e7\u00e3o acontecer, tanto do ponto de vista t\u00e9cnico como do ponto de vista log\u00edstico. No artigo publicado pelos pesquisadores ingleses, eles fazem um agradecimento especial, mas tanto o Morize como o Perrine mereciam muito mais do que um agradecimento especial. Sem eles, esse experimento n\u00e3o teria sa\u00eddo em 1919&#8221;, defende o diretor do Observat\u00f3rio Nacional brasileiro.<\/p>\n<p>Jailson acredita que este \u00e9 mais um exemplo de como a ci\u00eancia euroc\u00eantrica desmerece os feitos conquistados por pesquisadores de outras origens. Ele conta que at\u00e9 mesmo a contribui\u00e7\u00e3o inequ\u00edvoca do c\u00e9u brasileiro foi apagada em alguns escritos &#8220;A Inglaterra tamb\u00e9m enviou uma expedi\u00e7\u00e3o para a Ilha de Pr\u00edncipe, na \u00c1frica, e quem foi pra l\u00e1 foi o Arthur Eddington, que era uma pessoa muito importante na \u00e9poca. Mas os dados colhidos l\u00e1 n\u00e3o foram t\u00e3o bons porque choveu. Mas, por muitos anos, at\u00e9 muito recentemente, algumas pessoas falavam que a Teoria da Relatividade tinha sido comprovada em Ilha de Pr\u00edncipe, s\u00f3 porque era o Eddington que estava l\u00e1&#8221;.<\/p>\n<h2>Eurocentrismo e racismo<\/h2>\n<p>Apesar de reconhecer e agradecer os pesquisadores brasileiros pessoalmente,\u00a0<strong>os relatos \u00edntimos de Einstein revelam que ele tamb\u00e9m tinham uma vis\u00e3o euroc\u00eantrica sobre o Brasil<\/strong>, e em diversas passagens demonstra pouco apre\u00e7o pelos interlocutores e chega a &#8220;culpar&#8221; o clima tropical pelos costumes que considerava inferiores: \u201cEsses camaradas s\u00e3o palestrantes excepcionais. Quando elogiam algu\u00e9m, eles elogiam \u2014 a eloqu\u00eancia. Acredito que tal tolice e irrelev\u00e2ncia tenham rela\u00e7\u00e3o com o clima. Mas as pessoas n\u00e3o pensam assim.\u201d<\/p>\n<p>Em uma das passagens mais controversas do di\u00e1rio, Einstein diz: \u201cAqui sou uma esp\u00e9cie de elefante branco para eles, e eles s\u00e3o macacos para mim&#8221;, mas Tolmasquim e outros autores que tamb\u00e9m traduziram o di\u00e1rio ressalvam que o termo &#8220;macacos&#8221;, no original alem\u00e3o \u00e0 \u00e9poca, trazia mais uma conota\u00e7\u00e3o de &#8220;tolice&#8221; do que o significado expressamente racista do seu uso atual.<\/p>\n<p>Em diversos momentos, Einstein se mostrou entusiasmado pela miscigena\u00e7\u00e3o brasileira. Escreveu, por exemplo: &#8220;A miscel\u00e2nea de povos nas ruas \u00e9 deliciosa: Portugueses, \u00edndios, negros e tudo no meio, de modo vegetal e instintivo, dominado pelo calor.\u201d Por outro lado, usou o termo &#8220;\u00edndios&#8221; in\u00fameras vezes como s\u00edmbolo de selvageria e inferioridade.<\/p>\n<div class=\"dnd-widget-wrapper context-medio_4colunas type-image atom-align-left\">\n<div class=\"dnd-atom-rendered\"><img decoding=\"async\" class=\"alignleft lazyload\" title=\"Dom\u00ednio p\u00fablico\/ Acervo Arquivo Nacional\" data-src=\"https:\/\/imagens.ebc.com.br\/9EQwXdLOWGWYpTN9w-XcD6xz8ak=\/365x0\/smart\/https:\/\/agenciabrasil.ebc.com.br\/sites\/default\/files\/thumbnails\/image\/juliano_moreira.jpg?itok=U-rJS-ra\" alt=\"Juliano Moreira\" src=\"data:image\/svg+xml;base64,PHN2ZyB3aWR0aD0iMSIgaGVpZ2h0PSIxIiB4bWxucz0iaHR0cDovL3d3dy53My5vcmcvMjAwMC9zdmciPjwvc3ZnPg==\" \/><\/div>\n<div class=\"dnd-caption-wrapper\">\n<h6 class=\"meta\">Juliano Moreira foi um dos brasileiros que impressionou Einstein\u00a0&#8211;\u00a0<strong>Dom\u00ednio p\u00fablico\/ Acervo Arquivo Nacional<\/strong><\/h6>\n<\/div>\n<\/div>\n<p>Al\u00e9m disso, Einstein ficou t\u00e3o impressionado com o trabalho do general C\u00e2ndido Rondon, que chegou a escrever uma carta durante a viagem de retorno para recomend\u00e1-lo ao Pr\u00eamio Nobel da Paz. \u201cSua obra consiste na incorpora\u00e7\u00e3o das tribos ind\u00edgenas \u00e0 humanidade civilizada sem o uso de armas ou qualquer tipo de coer\u00e7\u00e3o\u201d, descreveu.<\/p>\n<p>Tolmasquin considera que a ideia de superioridade europeia \u00e9 evidente, mas faz um aparte: &#8220;Ele estava muito cansado, porque j\u00e1 estava h\u00e1 mais de um m\u00eas viajando, e sentiu que n\u00e3o tinha interlocutores, porque tinham algumas pessoas que estavam estudando essa f\u00edsica mais recente no Brasil, mas n\u00e3o que estavam desenvolvendo pesquisa. Ent\u00e3o ele sentiu que a viagem foi um pouco uma perda de tempo. Ele ficava muito incomodado tamb\u00e9m com esse costume brasileiro dos grandes discursos elogiosos. Era uma coisa enfadonha para ele&#8221;.<\/p>\n<p>A \u00faltima frase que escreveu, antes de embarcar de volta para Europa no dia 12 de maio, n\u00e3o poderia ser mais clara: \u00a0&#8220;Longos discursos com muito entusiasmo e excessiva adula\u00e7\u00e3o, mas sinceros. Gra\u00e7as a Deus acabou. Finalmente livre, mas mais morto que vivo&#8221;.<\/p>\n<h2>Programa\u00e7\u00e3o<\/h2>\n<p>A efem\u00e9ride dos 100 anos da viagem de Einsten ao Brasil est\u00e1 sendo lembrada por algumas institui\u00e7\u00f5es. O Observat\u00f3rio Nacional faz evento na pr\u00f3xima sexta-feira (09), com diversas mesas de discuss\u00e3o em sua sede no Rio de Janeiro, a partir das 8h50. Ao longo da\u00a0pr\u00f3xima semana, as visitas ao Museu da Vida, da Fiocruz, tamb\u00e9m ter\u00e3o esse enfoque e passar\u00e3o pela Biblioteca de Obras Raras da institui\u00e7\u00e3o, onde est\u00e1 guardado o livro assinado por Einstein, durante sua visita.<\/p>\n<p>&nbsp;<\/p>\n<div class=\"dnd-widget-wrapper context-cheio_8colunas type-image\">\n<div class=\"dnd-atom-rendered\"><img decoding=\"async\" title=\"Tomaz Silva\/Ag\u00eancia Brasil\" data-src=\"https:\/\/imagens.ebc.com.br\/wln7bZMZTPb0jTjMGWJ4a2FdF0U=\/754x0\/smart\/https:\/\/agenciabrasil.ebc.com.br\/sites\/default\/files\/thumbnails\/image\/2025\/05\/02\/toms8591.jpg?itok=mAtBcUgq\" alt=\"Rio de Janeiro (RJ), 30\/04\/2025 \u2013  Fachada do Museu de Astronomia e Ci\u00eancias Afins (MAST), em S\u00e3o Crist\u00f3v\u00e3o, na zona norte do Rio de Janeiro. Foto: Tomaz Silva\/Ag\u00eancia Brasil\" src=\"data:image\/svg+xml;base64,PHN2ZyB3aWR0aD0iMSIgaGVpZ2h0PSIxIiB4bWxucz0iaHR0cDovL3d3dy53My5vcmcvMjAwMC9zdmciPjwvc3ZnPg==\" class=\"lazyload\" \/><\/div>\n<div class=\"dnd-caption-wrapper\">\n<h6 class=\"meta\">Fachada do Museu de Astronomia e Ci\u00eancias Afins (MAST), em S\u00e3o Crist\u00f3v\u00e3o, na zona norte do Rio de Janeiro.\u00a0<strong>Tomaz Silva\/Ag\u00eancia Brasil<\/strong><\/h6>\n<p>&nbsp;<\/p>\n<\/div>\n<\/div>\n<\/div>\n<div class=\"footer-noticia\">\n<div class=\"editor rowflex\">Edi\u00e7\u00e3o: Vinicius Lisboa<\/div>\n<\/div>\n","protected":false},"excerpt":{"rendered":"<p>H\u00e1 exatos 100\u00a0anos, o \u00edcone da ci\u00eancia Albert Einstein desembarcava no Rio de Janeiro para a sua primeira e \u00fanica temporada no Brasil. &#8220;Chegada ao Rio ao p\u00f4r do sol, com clima espl\u00eandido. Em primeiro plano, ilhas de granito de formato fant\u00e1stico. A umidade produz um efeito misterioso&#8221;, escreveu ele em seu di\u00e1rio de viagem, &hellip;<\/p>\n","protected":false},"author":1,"featured_media":5380,"comment_status":"closed","ping_status":"closed","sticky":false,"template":"","format":"standard","meta":{"footnotes":""},"categories":[30],"tags":[],"class_list":["post-5379","post","type-post","status-publish","format-standard","has-post-thumbnail","hentry","category-geral"],"yoast_head":"<!-- This site is optimized with the Yoast SEO plugin v27.4 - https:\/\/yoast.com\/product\/yoast-seo-wordpress\/ -->\n<title>H\u00e1 100 anos, Albert Einstein chegava ao Brasil em visita cient\u00edfica - Transam\u00e9rica Mococa 93,3<\/title>\n<meta name=\"robots\" content=\"index, follow, max-snippet:-1, max-image-preview:large, max-video-preview:-1\" \/>\n<link rel=\"canonical\" href=\"https:\/\/transamerica93.com.br\/home\/ha-100-anos-albert-einstein-chegava-ao-brasil-em-visita-cientifica\/\" \/>\n<meta property=\"og:locale\" content=\"pt_BR\" \/>\n<meta property=\"og:type\" content=\"article\" \/>\n<meta property=\"og:title\" content=\"H\u00e1 100 anos, Albert Einstein chegava ao Brasil em visita cient\u00edfica - Transam\u00e9rica Mococa 93,3\" \/>\n<meta property=\"og:description\" content=\"H\u00e1 exatos 100\u00a0anos, o \u00edcone da ci\u00eancia Albert Einstein desembarcava no Rio de Janeiro para a sua primeira e \u00fanica temporada no Brasil. &#8220;Chegada ao Rio ao p\u00f4r do sol, com clima espl\u00eandido. Em primeiro plano, ilhas de granito de formato fant\u00e1stico. A umidade produz um efeito misterioso&#8221;, escreveu ele em seu di\u00e1rio de viagem, &hellip;\" \/>\n<meta property=\"og:url\" content=\"https:\/\/transamerica93.com.br\/home\/ha-100-anos-albert-einstein-chegava-ao-brasil-em-visita-cientifica\/\" \/>\n<meta property=\"og:site_name\" content=\"Transam\u00e9rica Mococa 93,3\" \/>\n<meta property=\"article:publisher\" content=\"https:\/\/www.facebook.com\/transamericamococa\" \/>\n<meta property=\"article:published_time\" content=\"2025-05-13T12:00:23+00:00\" \/>\n<meta property=\"og:image\" content=\"https:\/\/transamerica93.com.br\/home\/wp-content\/uploads\/2025\/05\/1-39.jpg\" \/>\n\t<meta property=\"og:image:width\" content=\"1170\" \/>\n\t<meta property=\"og:image:height\" content=\"700\" \/>\n\t<meta property=\"og:image:type\" content=\"image\/jpeg\" \/>\n<meta name=\"author\" content=\"Reda\u00e7\u00e3o\" \/>\n<meta name=\"twitter:card\" content=\"summary_large_image\" \/>\n<meta name=\"twitter:creator\" content=\"@transamerica933\" \/>\n<meta name=\"twitter:site\" content=\"@transamerica933\" \/>\n<meta name=\"twitter:label1\" content=\"Escrito por\" \/>\n\t<meta name=\"twitter:data1\" content=\"Reda\u00e7\u00e3o\" \/>\n\t<meta name=\"twitter:label2\" content=\"Est. tempo de leitura\" \/>\n\t<meta name=\"twitter:data2\" content=\"11 minutos\" \/>\n<script type=\"application\/ld+json\" class=\"yoast-schema-graph\">{\"@context\":\"https:\\\/\\\/schema.org\",\"@graph\":[{\"@type\":\"Article\",\"@id\":\"https:\\\/\\\/transamerica93.com.br\\\/home\\\/ha-100-anos-albert-einstein-chegava-ao-brasil-em-visita-cientifica\\\/#article\",\"isPartOf\":{\"@id\":\"https:\\\/\\\/transamerica93.com.br\\\/home\\\/ha-100-anos-albert-einstein-chegava-ao-brasil-em-visita-cientifica\\\/\"},\"author\":{\"name\":\"Reda\u00e7\u00e3o\",\"@id\":\"https:\\\/\\\/transamerica93.com.br\\\/home\\\/#\\\/schema\\\/person\\\/7fed7c99c0d4562efa8561bc0f543172\"},\"headline\":\"H\u00e1 100 anos, Albert Einstein chegava ao Brasil em visita cient\u00edfica\",\"datePublished\":\"2025-05-13T12:00:23+00:00\",\"mainEntityOfPage\":{\"@id\":\"https:\\\/\\\/transamerica93.com.br\\\/home\\\/ha-100-anos-albert-einstein-chegava-ao-brasil-em-visita-cientifica\\\/\"},\"wordCount\":1836,\"publisher\":{\"@id\":\"https:\\\/\\\/transamerica93.com.br\\\/home\\\/#organization\"},\"image\":{\"@id\":\"https:\\\/\\\/transamerica93.com.br\\\/home\\\/ha-100-anos-albert-einstein-chegava-ao-brasil-em-visita-cientifica\\\/#primaryimage\"},\"thumbnailUrl\":\"https:\\\/\\\/transamerica93.com.br\\\/home\\\/wp-content\\\/uploads\\\/2025\\\/05\\\/1-39.jpg\",\"articleSection\":[\"Geral\"],\"inLanguage\":\"pt-BR\"},{\"@type\":\"WebPage\",\"@id\":\"https:\\\/\\\/transamerica93.com.br\\\/home\\\/ha-100-anos-albert-einstein-chegava-ao-brasil-em-visita-cientifica\\\/\",\"url\":\"https:\\\/\\\/transamerica93.com.br\\\/home\\\/ha-100-anos-albert-einstein-chegava-ao-brasil-em-visita-cientifica\\\/\",\"name\":\"H\u00e1 100 anos, Albert Einstein chegava ao Brasil em visita cient\u00edfica - Transam\u00e9rica Mococa 93,3\",\"isPartOf\":{\"@id\":\"https:\\\/\\\/transamerica93.com.br\\\/home\\\/#website\"},\"primaryImageOfPage\":{\"@id\":\"https:\\\/\\\/transamerica93.com.br\\\/home\\\/ha-100-anos-albert-einstein-chegava-ao-brasil-em-visita-cientifica\\\/#primaryimage\"},\"image\":{\"@id\":\"https:\\\/\\\/transamerica93.com.br\\\/home\\\/ha-100-anos-albert-einstein-chegava-ao-brasil-em-visita-cientifica\\\/#primaryimage\"},\"thumbnailUrl\":\"https:\\\/\\\/transamerica93.com.br\\\/home\\\/wp-content\\\/uploads\\\/2025\\\/05\\\/1-39.jpg\",\"datePublished\":\"2025-05-13T12:00:23+00:00\",\"breadcrumb\":{\"@id\":\"https:\\\/\\\/transamerica93.com.br\\\/home\\\/ha-100-anos-albert-einstein-chegava-ao-brasil-em-visita-cientifica\\\/#breadcrumb\"},\"inLanguage\":\"pt-BR\",\"potentialAction\":[{\"@type\":\"ReadAction\",\"target\":[\"https:\\\/\\\/transamerica93.com.br\\\/home\\\/ha-100-anos-albert-einstein-chegava-ao-brasil-em-visita-cientifica\\\/\"]}]},{\"@type\":\"ImageObject\",\"inLanguage\":\"pt-BR\",\"@id\":\"https:\\\/\\\/transamerica93.com.br\\\/home\\\/ha-100-anos-albert-einstein-chegava-ao-brasil-em-visita-cientifica\\\/#primaryimage\",\"url\":\"https:\\\/\\\/transamerica93.com.br\\\/home\\\/wp-content\\\/uploads\\\/2025\\\/05\\\/1-39.jpg\",\"contentUrl\":\"https:\\\/\\\/transamerica93.com.br\\\/home\\\/wp-content\\\/uploads\\\/2025\\\/05\\\/1-39.jpg\",\"width\":1170,\"height\":700},{\"@type\":\"BreadcrumbList\",\"@id\":\"https:\\\/\\\/transamerica93.com.br\\\/home\\\/ha-100-anos-albert-einstein-chegava-ao-brasil-em-visita-cientifica\\\/#breadcrumb\",\"itemListElement\":[{\"@type\":\"ListItem\",\"position\":1,\"name\":\"In\u00edcio\",\"item\":\"https:\\\/\\\/transamerica93.com.br\\\/home\\\/\"},{\"@type\":\"ListItem\",\"position\":2,\"name\":\"H\u00e1 100 anos, Albert Einstein chegava ao Brasil em visita cient\u00edfica\"}]},{\"@type\":\"WebSite\",\"@id\":\"https:\\\/\\\/transamerica93.com.br\\\/home\\\/#website\",\"url\":\"https:\\\/\\\/transamerica93.com.br\\\/home\\\/\",\"name\":\"Transam\u00e9rica Mococa 93,3\",\"description\":\"\",\"publisher\":{\"@id\":\"https:\\\/\\\/transamerica93.com.br\\\/home\\\/#organization\"},\"potentialAction\":[{\"@type\":\"SearchAction\",\"target\":{\"@type\":\"EntryPoint\",\"urlTemplate\":\"https:\\\/\\\/transamerica93.com.br\\\/home\\\/?s={search_term_string}\"},\"query-input\":{\"@type\":\"PropertyValueSpecification\",\"valueRequired\":true,\"valueName\":\"search_term_string\"}}],\"inLanguage\":\"pt-BR\"},{\"@type\":\"Organization\",\"@id\":\"https:\\\/\\\/transamerica93.com.br\\\/home\\\/#organization\",\"name\":\"Transam\u00e9rica Mococa 93,3\",\"url\":\"https:\\\/\\\/transamerica93.com.br\\\/home\\\/\",\"logo\":{\"@type\":\"ImageObject\",\"inLanguage\":\"pt-BR\",\"@id\":\"https:\\\/\\\/transamerica93.com.br\\\/home\\\/#\\\/schema\\\/logo\\\/image\\\/\",\"url\":\"https:\\\/\\\/transamerica93.com.br\\\/home\\\/wp-content\\\/uploads\\\/2023\\\/10\\\/logo2.png\",\"contentUrl\":\"https:\\\/\\\/transamerica93.com.br\\\/home\\\/wp-content\\\/uploads\\\/2023\\\/10\\\/logo2.png\",\"width\":800,\"height\":500,\"caption\":\"Transam\u00e9rica Mococa 93,3\"},\"image\":{\"@id\":\"https:\\\/\\\/transamerica93.com.br\\\/home\\\/#\\\/schema\\\/logo\\\/image\\\/\"},\"sameAs\":[\"https:\\\/\\\/www.facebook.com\\\/transamericamococa\",\"https:\\\/\\\/x.com\\\/transamerica933\",\"https:\\\/\\\/www.instagram.com\\\/transamericamococa\"]},{\"@type\":\"Person\",\"@id\":\"https:\\\/\\\/transamerica93.com.br\\\/home\\\/#\\\/schema\\\/person\\\/7fed7c99c0d4562efa8561bc0f543172\",\"name\":\"Reda\u00e7\u00e3o\",\"image\":{\"@type\":\"ImageObject\",\"inLanguage\":\"pt-BR\",\"@id\":\"https:\\\/\\\/secure.gravatar.com\\\/avatar\\\/1072c6b775fb02ef8506ce967551d95926669a6b7d2c2147b42eea4d7c68395e?s=96&d=mm&r=g\",\"url\":\"https:\\\/\\\/secure.gravatar.com\\\/avatar\\\/1072c6b775fb02ef8506ce967551d95926669a6b7d2c2147b42eea4d7c68395e?s=96&d=mm&r=g\",\"contentUrl\":\"https:\\\/\\\/secure.gravatar.com\\\/avatar\\\/1072c6b775fb02ef8506ce967551d95926669a6b7d2c2147b42eea4d7c68395e?s=96&d=mm&r=g\",\"caption\":\"Reda\u00e7\u00e3o\"},\"sameAs\":[\"https:\\\/\\\/transamerica93.com.br\\\/home\"],\"url\":\"https:\\\/\\\/transamerica93.com.br\\\/home\\\/author\\\/william\\\/\"}]}<\/script>\n<!-- \/ Yoast SEO plugin. -->","yoast_head_json":{"title":"H\u00e1 100 anos, Albert Einstein chegava ao Brasil em visita cient\u00edfica - Transam\u00e9rica Mococa 93,3","robots":{"index":"index","follow":"follow","max-snippet":"max-snippet:-1","max-image-preview":"max-image-preview:large","max-video-preview":"max-video-preview:-1"},"canonical":"https:\/\/transamerica93.com.br\/home\/ha-100-anos-albert-einstein-chegava-ao-brasil-em-visita-cientifica\/","og_locale":"pt_BR","og_type":"article","og_title":"H\u00e1 100 anos, Albert Einstein chegava ao Brasil em visita cient\u00edfica - Transam\u00e9rica Mococa 93,3","og_description":"H\u00e1 exatos 100\u00a0anos, o \u00edcone da ci\u00eancia Albert Einstein desembarcava no Rio de Janeiro para a sua primeira e \u00fanica temporada no Brasil. &#8220;Chegada ao Rio ao p\u00f4r do sol, com clima espl\u00eandido. Em primeiro plano, ilhas de granito de formato fant\u00e1stico. A umidade produz um efeito misterioso&#8221;, escreveu ele em seu di\u00e1rio de viagem, &hellip;","og_url":"https:\/\/transamerica93.com.br\/home\/ha-100-anos-albert-einstein-chegava-ao-brasil-em-visita-cientifica\/","og_site_name":"Transam\u00e9rica Mococa 93,3","article_publisher":"https:\/\/www.facebook.com\/transamericamococa","article_published_time":"2025-05-13T12:00:23+00:00","og_image":[{"width":1170,"height":700,"url":"https:\/\/transamerica93.com.br\/home\/wp-content\/uploads\/2025\/05\/1-39.jpg","type":"image\/jpeg"}],"author":"Reda\u00e7\u00e3o","twitter_card":"summary_large_image","twitter_creator":"@transamerica933","twitter_site":"@transamerica933","twitter_misc":{"Escrito por":"Reda\u00e7\u00e3o","Est. tempo de leitura":"11 minutos"},"schema":{"@context":"https:\/\/schema.org","@graph":[{"@type":"Article","@id":"https:\/\/transamerica93.com.br\/home\/ha-100-anos-albert-einstein-chegava-ao-brasil-em-visita-cientifica\/#article","isPartOf":{"@id":"https:\/\/transamerica93.com.br\/home\/ha-100-anos-albert-einstein-chegava-ao-brasil-em-visita-cientifica\/"},"author":{"name":"Reda\u00e7\u00e3o","@id":"https:\/\/transamerica93.com.br\/home\/#\/schema\/person\/7fed7c99c0d4562efa8561bc0f543172"},"headline":"H\u00e1 100 anos, Albert Einstein chegava ao Brasil em visita cient\u00edfica","datePublished":"2025-05-13T12:00:23+00:00","mainEntityOfPage":{"@id":"https:\/\/transamerica93.com.br\/home\/ha-100-anos-albert-einstein-chegava-ao-brasil-em-visita-cientifica\/"},"wordCount":1836,"publisher":{"@id":"https:\/\/transamerica93.com.br\/home\/#organization"},"image":{"@id":"https:\/\/transamerica93.com.br\/home\/ha-100-anos-albert-einstein-chegava-ao-brasil-em-visita-cientifica\/#primaryimage"},"thumbnailUrl":"https:\/\/transamerica93.com.br\/home\/wp-content\/uploads\/2025\/05\/1-39.jpg","articleSection":["Geral"],"inLanguage":"pt-BR"},{"@type":"WebPage","@id":"https:\/\/transamerica93.com.br\/home\/ha-100-anos-albert-einstein-chegava-ao-brasil-em-visita-cientifica\/","url":"https:\/\/transamerica93.com.br\/home\/ha-100-anos-albert-einstein-chegava-ao-brasil-em-visita-cientifica\/","name":"H\u00e1 100 anos, Albert Einstein chegava ao Brasil em visita cient\u00edfica - Transam\u00e9rica Mococa 93,3","isPartOf":{"@id":"https:\/\/transamerica93.com.br\/home\/#website"},"primaryImageOfPage":{"@id":"https:\/\/transamerica93.com.br\/home\/ha-100-anos-albert-einstein-chegava-ao-brasil-em-visita-cientifica\/#primaryimage"},"image":{"@id":"https:\/\/transamerica93.com.br\/home\/ha-100-anos-albert-einstein-chegava-ao-brasil-em-visita-cientifica\/#primaryimage"},"thumbnailUrl":"https:\/\/transamerica93.com.br\/home\/wp-content\/uploads\/2025\/05\/1-39.jpg","datePublished":"2025-05-13T12:00:23+00:00","breadcrumb":{"@id":"https:\/\/transamerica93.com.br\/home\/ha-100-anos-albert-einstein-chegava-ao-brasil-em-visita-cientifica\/#breadcrumb"},"inLanguage":"pt-BR","potentialAction":[{"@type":"ReadAction","target":["https:\/\/transamerica93.com.br\/home\/ha-100-anos-albert-einstein-chegava-ao-brasil-em-visita-cientifica\/"]}]},{"@type":"ImageObject","inLanguage":"pt-BR","@id":"https:\/\/transamerica93.com.br\/home\/ha-100-anos-albert-einstein-chegava-ao-brasil-em-visita-cientifica\/#primaryimage","url":"https:\/\/transamerica93.com.br\/home\/wp-content\/uploads\/2025\/05\/1-39.jpg","contentUrl":"https:\/\/transamerica93.com.br\/home\/wp-content\/uploads\/2025\/05\/1-39.jpg","width":1170,"height":700},{"@type":"BreadcrumbList","@id":"https:\/\/transamerica93.com.br\/home\/ha-100-anos-albert-einstein-chegava-ao-brasil-em-visita-cientifica\/#breadcrumb","itemListElement":[{"@type":"ListItem","position":1,"name":"In\u00edcio","item":"https:\/\/transamerica93.com.br\/home\/"},{"@type":"ListItem","position":2,"name":"H\u00e1 100 anos, Albert Einstein chegava ao Brasil em visita cient\u00edfica"}]},{"@type":"WebSite","@id":"https:\/\/transamerica93.com.br\/home\/#website","url":"https:\/\/transamerica93.com.br\/home\/","name":"Transam\u00e9rica Mococa 93,3","description":"","publisher":{"@id":"https:\/\/transamerica93.com.br\/home\/#organization"},"potentialAction":[{"@type":"SearchAction","target":{"@type":"EntryPoint","urlTemplate":"https:\/\/transamerica93.com.br\/home\/?s={search_term_string}"},"query-input":{"@type":"PropertyValueSpecification","valueRequired":true,"valueName":"search_term_string"}}],"inLanguage":"pt-BR"},{"@type":"Organization","@id":"https:\/\/transamerica93.com.br\/home\/#organization","name":"Transam\u00e9rica Mococa 93,3","url":"https:\/\/transamerica93.com.br\/home\/","logo":{"@type":"ImageObject","inLanguage":"pt-BR","@id":"https:\/\/transamerica93.com.br\/home\/#\/schema\/logo\/image\/","url":"https:\/\/transamerica93.com.br\/home\/wp-content\/uploads\/2023\/10\/logo2.png","contentUrl":"https:\/\/transamerica93.com.br\/home\/wp-content\/uploads\/2023\/10\/logo2.png","width":800,"height":500,"caption":"Transam\u00e9rica Mococa 93,3"},"image":{"@id":"https:\/\/transamerica93.com.br\/home\/#\/schema\/logo\/image\/"},"sameAs":["https:\/\/www.facebook.com\/transamericamococa","https:\/\/x.com\/transamerica933","https:\/\/www.instagram.com\/transamericamococa"]},{"@type":"Person","@id":"https:\/\/transamerica93.com.br\/home\/#\/schema\/person\/7fed7c99c0d4562efa8561bc0f543172","name":"Reda\u00e7\u00e3o","image":{"@type":"ImageObject","inLanguage":"pt-BR","@id":"https:\/\/secure.gravatar.com\/avatar\/1072c6b775fb02ef8506ce967551d95926669a6b7d2c2147b42eea4d7c68395e?s=96&d=mm&r=g","url":"https:\/\/secure.gravatar.com\/avatar\/1072c6b775fb02ef8506ce967551d95926669a6b7d2c2147b42eea4d7c68395e?s=96&d=mm&r=g","contentUrl":"https:\/\/secure.gravatar.com\/avatar\/1072c6b775fb02ef8506ce967551d95926669a6b7d2c2147b42eea4d7c68395e?s=96&d=mm&r=g","caption":"Reda\u00e7\u00e3o"},"sameAs":["https:\/\/transamerica93.com.br\/home"],"url":"https:\/\/transamerica93.com.br\/home\/author\/william\/"}]}},"_links":{"self":[{"href":"https:\/\/transamerica93.com.br\/home\/wp-json\/wp\/v2\/posts\/5379","targetHints":{"allow":["GET"]}}],"collection":[{"href":"https:\/\/transamerica93.com.br\/home\/wp-json\/wp\/v2\/posts"}],"about":[{"href":"https:\/\/transamerica93.com.br\/home\/wp-json\/wp\/v2\/types\/post"}],"author":[{"embeddable":true,"href":"https:\/\/transamerica93.com.br\/home\/wp-json\/wp\/v2\/users\/1"}],"replies":[{"embeddable":true,"href":"https:\/\/transamerica93.com.br\/home\/wp-json\/wp\/v2\/comments?post=5379"}],"version-history":[{"count":1,"href":"https:\/\/transamerica93.com.br\/home\/wp-json\/wp\/v2\/posts\/5379\/revisions"}],"predecessor-version":[{"id":5381,"href":"https:\/\/transamerica93.com.br\/home\/wp-json\/wp\/v2\/posts\/5379\/revisions\/5381"}],"wp:featuredmedia":[{"embeddable":true,"href":"https:\/\/transamerica93.com.br\/home\/wp-json\/wp\/v2\/media\/5380"}],"wp:attachment":[{"href":"https:\/\/transamerica93.com.br\/home\/wp-json\/wp\/v2\/media?parent=5379"}],"wp:term":[{"taxonomy":"category","embeddable":true,"href":"https:\/\/transamerica93.com.br\/home\/wp-json\/wp\/v2\/categories?post=5379"},{"taxonomy":"post_tag","embeddable":true,"href":"https:\/\/transamerica93.com.br\/home\/wp-json\/wp\/v2\/tags?post=5379"}],"curies":[{"name":"wp","href":"https:\/\/api.w.org\/{rel}","templated":true}]}}