{"id":5382,"date":"2025-05-14T09:00:17","date_gmt":"2025-05-14T12:00:17","guid":{"rendered":"https:\/\/transamerica93.com.br\/home\/?p=5382"},"modified":"2025-05-04T14:50:26","modified_gmt":"2025-05-04T17:50:26","slug":"governo-abre-31-mil-novas-vagas-para-mais-medicos","status":"publish","type":"post","link":"https:\/\/transamerica93.com.br\/home\/governo-abre-31-mil-novas-vagas-para-mais-medicos\/","title":{"rendered":"Governo abre 3,1 mil novas vagas para Mais M\u00e9dicos"},"content":{"rendered":"<div class=\"conteudo-noticia\">\n<p>Os\u00a0<strong>m\u00e9dicos interessados em aderir ao programa Mais M\u00e9dicos podem se inscrever<\/strong>. O\u00a0<a href=\"https:\/\/pesquisa.in.gov.br\/imprensa\/jsp\/visualiza\/index.jsp?jornal=610&amp;pagina=1&amp;data=02\/05\/2025\" target=\"_blank\" rel=\"noopener\">novo edital<\/a>\u00a0do programa foi lan\u00e7ado pelo Minist\u00e9rio da Sa\u00fade na sexta-feira (2),\u00a0<strong>com 3.174 vagas<\/strong>.<img decoding=\"async\" data-src=\"https:\/\/agenciabrasil.ebc.com.br\/ebc.png?id=1641387&amp;o=node\" src=\"data:image\/svg+xml;base64,PHN2ZyB3aWR0aD0iMSIgaGVpZ2h0PSIxIiB4bWxucz0iaHR0cDovL3d3dy53My5vcmcvMjAwMC9zdmciPjwvc3ZnPg==\" class=\"lazyload\" \/><img decoding=\"async\" data-src=\"https:\/\/agenciabrasil.ebc.com.br\/ebc.gif?id=1641387&amp;o=node\" src=\"data:image\/svg+xml;base64,PHN2ZyB3aWR0aD0iMSIgaGVpZ2h0PSIxIiB4bWxucz0iaHR0cDovL3d3dy53My5vcmcvMjAwMC9zdmciPjwvc3ZnPg==\" class=\"lazyload\" \/><\/p>\n<p>A iniciativa tem o objetivo de\u00a0<strong>fortalecer a aten\u00e7\u00e3o prim\u00e1ria \u00e0 sa\u00fade levando m\u00e9dicos at\u00e9 as regi\u00f5es priorit\u00e1rias, remotas, de dif\u00edcil acesso e de alto \u00edndice de vulnerabilidade, onde h\u00e1 escassez ou aus\u00eancia desses profissionais.<\/strong><\/p>\n<p>Os trabalhadores do\u00a0<strong>Mais M\u00e9dicos integram as equipes de Sa\u00fade da Fam\u00edlia e oferecem atendimento e acompanhamento mais pr\u00f3ximos da popula\u00e7\u00e3o.<\/strong><\/p>\n<p>A\u00a0<strong>meta do Minist\u00e9rio da Sa\u00fade \u00e9 chegar a 28 mil profissionais at\u00e9 o fim de 2025<\/strong>.<\/p>\n<h2>Distribui\u00e7\u00e3o<\/h2>\n<p>No edital deste 41\u00ba ciclo do programa, a oferta das vagas do programa considerou o cen\u00e1rio atual de distribui\u00e7\u00e3o de profissionais no pa\u00eds, conforme dados do estudo\u00a0<a href=\"https:\/\/agenciabrasil.ebc.com.br\/saude\/noticia\/2025-04\/brasil-deve-chegar-6357-mil-medicos-em-2025-mulheres-sao-maioria\" target=\"_blank\" rel=\"noopener\">Demografia M\u00e9dica 2025<\/a>, que aponta a propor\u00e7\u00e3o de m\u00e9dicos por habitante nas diferentes regi\u00f5es do pa\u00eds.<\/p>\n<p><strong>Do total de vagas (3.174), 3.066 ser\u00e3o distribu\u00eddas entre 1.620 munic\u00edpios e 108 destinadas a 26 Distritos Sanit\u00e1rios Especiais Ind\u00edgenas (DSEIs).<\/strong><\/p>\n<p>As\u00a0<strong>vagas do novo edital contemplam, em sua maioria, regi\u00f5es vulner\u00e1veis de munic\u00edpios de pequeno porte (75,1%), m\u00e9dio porte (11,1%) e grande porte (13,8%)<\/strong>. As vagas disponibilizadas est\u00e1 publicada na p\u00e1gina eletr\u00f4nica, no\u00a0<em>link<\/em>\u00a0<a href=\"https:\/\/www.gov.br\/saude\/pt-br\/acesso-a-informacao\/participacao-social\/chamamentos-publicos\/2025\/chamamento-publico-conjunto-saps-sgtes-ms-no-7-2025-41o-ciclo-projeto-mais-medicos-para-o-brasil\" target=\"_blank\" rel=\"noopener\">Quadro de Vagas<\/a>.<\/p>\n<p>O\u00a0<a href=\"https:\/\/www.instagram.com\/p\/DJKxgbQyl5p\/?img_index=1\" target=\"_blank\" rel=\"noopener\">ministro da Sa\u00fade, Alexandre Padilha<\/a>, tamb\u00e9m publicou em sua rede social as localidades nas cinco regi\u00f5es do pa\u00eds que ter\u00e3o vagas do programa federal.<\/p>\n<h2>Perfil do profissional<\/h2>\n<p>As oportunidades no 41\u00ba ciclo do\u00a0<strong>Mais M\u00e9dicos est\u00e3o distribu\u00eddas entre tr\u00eas perfis profissionais<\/strong>:<\/p>\n<p>1. m\u00e9dicos formados no Brasil com registro no registro no Conselho Regional de Medicina (CRM) ou com diploma revalidado no Brasil;<\/p>\n<p>2. m\u00e9dicos brasileiros formados no exterior\u00a0(intercambista brasileiro);<\/p>\n<p>3. m\u00e9dicos estrangeiros com habilita\u00e7\u00e3o para o exerc\u00edcio da medicina no exterior (intercambista estrangeiro).<\/p>\n<p>O\u00a0<strong>Minist\u00e9rio da Sa\u00fade<\/strong>\u00a0<strong>esclarece que para os dois \u00faltimos perfis, \u00e9 obrigat\u00f3ria a aprova\u00e7\u00e3o no M\u00f3dulo de Acolhimento e Avalia\u00e7\u00e3o (MAAv), um treinamento espec\u00edfico para atua\u00e7\u00e3o em situa\u00e7\u00f5es de urg\u00eancia, emerg\u00eancia e no enfrentamento de doen\u00e7as prevalentes nas regi\u00f5es de trabalho.<\/strong><\/p>\n<p>A documenta\u00e7\u00e3o e as demais condi\u00e7\u00f5es exigidas para os\u00a0<strong>m\u00e9dicos brasileiros com registro no Brasil e para os intercambistas<\/strong>\u00a0(brasileiros e estrangeiros) est\u00e3o descritas no\u00a0<em><a href=\"https:\/\/www.gov.br\/saude\/pt-br\/composicao\/saps\/mais-medicos\/medico-e-medica\" target=\"_blank\" rel=\"noopener\">site<\/a><\/em>. Entre elas: estar em situa\u00e7\u00e3o regular na esfera criminal perante a justi\u00e7a estadual e federal no Brasil, do local em que reside ou residiu nos \u00faltimos 6 (seis) meses; estar em situa\u00e7\u00e3o regular com as obriga\u00e7\u00f5es militares, se o m\u00e9dico for sexo masculino; estar em situa\u00e7\u00e3o regular na justi\u00e7a eleitoral, se for brasileiro.<\/p>\n<h2>Inscri\u00e7\u00e3o<\/h2>\n<p>Os profissionais m\u00e9dicos devem realizar as ades\u00f5es ao programa, por meio do\u00a0<a href=\"https:\/\/maismedicos.saude.gov.br\/\" target=\"_blank\" rel=\"noopener\">Sistema de Gerenciamento de Programas<\/a>\u00a0(SGP) entre 5 e 8 de maio.<\/p>\n<p>No ato da inscri\u00e7\u00e3o no SGP, o m\u00e9dico candidato dever\u00e1 anexar declara\u00e7\u00e3o de pr\u00f3prio punho, datada e assinada, atestando que, se estrangeiro, possui conhecimento da l\u00edngua portuguesa e, independentemente da nacionalidade, tem ci\u00eancia das regras de organiza\u00e7\u00e3o do SUS, bem como dos protocolos e diretrizes cl\u00ednicas no \u00e2mbito da aten\u00e7\u00e3o prim\u00e1ria \u00e0 sa\u00fade.<\/p>\n<p>No exerc\u00edcio das atividades pelo Mais M\u00e9dicos, os profissionais m\u00e9dicos brasileiros e estrangeiros ter\u00e3o direito a benef\u00edcios descritos no\u00a0<em>site<\/em>\u00a0do programa, como de bolsa forma\u00e7\u00e3o, ajuda de custo, aux\u00edlios. Eles poder\u00e3o permanecer no programa por at\u00e9 48 meses, sem v\u00ednculo empregat\u00edcio de qualquer natureza.<\/p>\n<h2>Cadastro reserva<\/h2>\n<p>Neste novo chamamento p\u00fablico para ades\u00e3o e renova\u00e7\u00e3o de vagas do Mais M\u00e9dicos, o\u00a0<strong>Minist\u00e9rio da Sa\u00fade criou a possibilidade de cadastro reserva do programa<\/strong>.<\/p>\n<p>Esse mecanismo oferece flexibilidade e agilidade na reposi\u00e7\u00e3o de profissionais pelos munic\u00edpios e DSEIs, logo que a necessidade for identificada.<\/p>\n<p>Com isso,<strong>\u00a02.450 munic\u00edpios brasileiros e oito Distritos Sanit\u00e1rios Especiais Ind\u00edgenas (DSEIs) que j\u00e1 haviam preenchido vagas em editais anteriores puderam ingressar no cadastro reserva do da pol\u00edtica p\u00fablica.<\/strong><\/p>\n<h2>Mais M\u00e9dicos<\/h2>\n<p>O\u00a0<strong>Programa Mais M\u00e9dicos garante assist\u00eancia a mais de 63 milh\u00f5es de brasileiros em todo o pa\u00eds.<\/strong>\u00a0Atualmente,\u00a0<strong>s\u00e3o 24,9 mil m\u00e9dicos, atuando em 4,2 mil munic\u00edpios, o equivalente a 77% do territ\u00f3rio nacional. Os profissionais trabalham identificados com coletes verdes.<\/strong><\/p>\n<p>Dentre essas localidades, 1,7 mil apresentam altos \u00edndices de vulnerabilidade social. \u00a0<strong>Do total de m\u00e9dicos em atividade pelo programa federal, 601 deles atuam em Distritos Sanit\u00e1rios Especiais Ind\u00edgenas (DSEIs).<\/strong><\/p>\n<p>O Minist\u00e9rio da Sa\u00fade espera que a pol\u00edtica p\u00fablica, lan\u00e7ada em julho de 2013, gere impactos positivos nas comunidades atendidas, como a amplia\u00e7\u00e3o do acesso aos servi\u00e7os de sa\u00fade na aten\u00e7\u00e3o prim\u00e1ria, a redu\u00e7\u00e3o do tempo de espera por atendimento com a utiliza\u00e7\u00e3o do prontu\u00e1rio eletr\u00f4nico do SUS (e-SUS APS), al\u00e9m de avan\u00e7os significativos na sa\u00fade ind\u00edgena.<\/p>\n<\/div>\n<div class=\"footer-noticia\">\n<div class=\"editor rowflex\">Edi\u00e7\u00e3o: Val\u00e9ria Aguiar<\/div>\n<\/div>\n","protected":false},"excerpt":{"rendered":"<p>Os\u00a0m\u00e9dicos interessados em aderir ao programa Mais M\u00e9dicos podem se inscrever. O\u00a0novo edital\u00a0do programa foi lan\u00e7ado pelo Minist\u00e9rio da Sa\u00fade na sexta-feira (2),\u00a0com 3.174 vagas. A iniciativa tem o objetivo de\u00a0fortalecer a aten\u00e7\u00e3o prim\u00e1ria \u00e0 sa\u00fade levando m\u00e9dicos at\u00e9 as regi\u00f5es priorit\u00e1rias, remotas, de dif\u00edcil acesso e de alto \u00edndice de vulnerabilidade, onde h\u00e1 escassez &hellip;<\/p>\n","protected":false},"author":1,"featured_media":5383,"comment_status":"closed","ping_status":"closed","sticky":false,"template":"","format":"standard","meta":{"footnotes":""},"categories":[30],"tags":[],"class_list":["post-5382","post","type-post","status-publish","format-standard","has-post-thumbnail","hentry","category-geral"],"yoast_head":"<!-- This site is optimized with the Yoast SEO plugin v27.4 - https:\/\/yoast.com\/product\/yoast-seo-wordpress\/ -->\n<title>Governo abre 3,1 mil novas vagas para Mais M\u00e9dicos - Transam\u00e9rica Mococa 93,3<\/title>\n<meta name=\"robots\" content=\"index, follow, max-snippet:-1, max-image-preview:large, max-video-preview:-1\" \/>\n<link rel=\"canonical\" href=\"https:\/\/transamerica93.com.br\/home\/governo-abre-31-mil-novas-vagas-para-mais-medicos\/\" \/>\n<meta property=\"og:locale\" content=\"pt_BR\" \/>\n<meta property=\"og:type\" content=\"article\" \/>\n<meta property=\"og:title\" content=\"Governo abre 3,1 mil novas vagas para Mais M\u00e9dicos - Transam\u00e9rica Mococa 93,3\" \/>\n<meta property=\"og:description\" content=\"Os\u00a0m\u00e9dicos interessados em aderir ao programa Mais M\u00e9dicos podem se inscrever. O\u00a0novo edital\u00a0do programa foi lan\u00e7ado pelo Minist\u00e9rio da Sa\u00fade na sexta-feira (2),\u00a0com 3.174 vagas. A iniciativa tem o objetivo de\u00a0fortalecer a aten\u00e7\u00e3o prim\u00e1ria \u00e0 sa\u00fade levando m\u00e9dicos at\u00e9 as regi\u00f5es priorit\u00e1rias, remotas, de dif\u00edcil acesso e de alto \u00edndice de vulnerabilidade, onde h\u00e1 escassez &hellip;\" \/>\n<meta property=\"og:url\" content=\"https:\/\/transamerica93.com.br\/home\/governo-abre-31-mil-novas-vagas-para-mais-medicos\/\" \/>\n<meta property=\"og:site_name\" content=\"Transam\u00e9rica Mococa 93,3\" \/>\n<meta property=\"article:publisher\" content=\"https:\/\/www.facebook.com\/transamericamococa\" \/>\n<meta property=\"article:published_time\" content=\"2025-05-14T12:00:17+00:00\" \/>\n<meta property=\"og:image\" content=\"https:\/\/transamerica93.com.br\/home\/wp-content\/uploads\/2025\/05\/1-40.jpg\" \/>\n\t<meta property=\"og:image:width\" content=\"1170\" \/>\n\t<meta property=\"og:image:height\" content=\"700\" \/>\n\t<meta property=\"og:image:type\" content=\"image\/jpeg\" \/>\n<meta name=\"author\" content=\"Reda\u00e7\u00e3o\" \/>\n<meta name=\"twitter:card\" content=\"summary_large_image\" \/>\n<meta name=\"twitter:creator\" content=\"@transamerica933\" \/>\n<meta name=\"twitter:site\" content=\"@transamerica933\" \/>\n<meta name=\"twitter:label1\" content=\"Escrito por\" \/>\n\t<meta name=\"twitter:data1\" content=\"Reda\u00e7\u00e3o\" \/>\n\t<meta name=\"twitter:label2\" content=\"Est. tempo de leitura\" \/>\n\t<meta name=\"twitter:data2\" content=\"5 minutos\" \/>\n<script type=\"application\/ld+json\" class=\"yoast-schema-graph\">{\"@context\":\"https:\\\/\\\/schema.org\",\"@graph\":[{\"@type\":\"Article\",\"@id\":\"https:\\\/\\\/transamerica93.com.br\\\/home\\\/governo-abre-31-mil-novas-vagas-para-mais-medicos\\\/#article\",\"isPartOf\":{\"@id\":\"https:\\\/\\\/transamerica93.com.br\\\/home\\\/governo-abre-31-mil-novas-vagas-para-mais-medicos\\\/\"},\"author\":{\"name\":\"Reda\u00e7\u00e3o\",\"@id\":\"https:\\\/\\\/transamerica93.com.br\\\/home\\\/#\\\/schema\\\/person\\\/7fed7c99c0d4562efa8561bc0f543172\"},\"headline\":\"Governo abre 3,1 mil novas vagas para Mais M\u00e9dicos\",\"datePublished\":\"2025-05-14T12:00:17+00:00\",\"mainEntityOfPage\":{\"@id\":\"https:\\\/\\\/transamerica93.com.br\\\/home\\\/governo-abre-31-mil-novas-vagas-para-mais-medicos\\\/\"},\"wordCount\":863,\"publisher\":{\"@id\":\"https:\\\/\\\/transamerica93.com.br\\\/home\\\/#organization\"},\"image\":{\"@id\":\"https:\\\/\\\/transamerica93.com.br\\\/home\\\/governo-abre-31-mil-novas-vagas-para-mais-medicos\\\/#primaryimage\"},\"thumbnailUrl\":\"https:\\\/\\\/transamerica93.com.br\\\/home\\\/wp-content\\\/uploads\\\/2025\\\/05\\\/1-40.jpg\",\"articleSection\":[\"Geral\"],\"inLanguage\":\"pt-BR\"},{\"@type\":\"WebPage\",\"@id\":\"https:\\\/\\\/transamerica93.com.br\\\/home\\\/governo-abre-31-mil-novas-vagas-para-mais-medicos\\\/\",\"url\":\"https:\\\/\\\/transamerica93.com.br\\\/home\\\/governo-abre-31-mil-novas-vagas-para-mais-medicos\\\/\",\"name\":\"Governo abre 3,1 mil novas vagas para Mais M\u00e9dicos - Transam\u00e9rica Mococa 93,3\",\"isPartOf\":{\"@id\":\"https:\\\/\\\/transamerica93.com.br\\\/home\\\/#website\"},\"primaryImageOfPage\":{\"@id\":\"https:\\\/\\\/transamerica93.com.br\\\/home\\\/governo-abre-31-mil-novas-vagas-para-mais-medicos\\\/#primaryimage\"},\"image\":{\"@id\":\"https:\\\/\\\/transamerica93.com.br\\\/home\\\/governo-abre-31-mil-novas-vagas-para-mais-medicos\\\/#primaryimage\"},\"thumbnailUrl\":\"https:\\\/\\\/transamerica93.com.br\\\/home\\\/wp-content\\\/uploads\\\/2025\\\/05\\\/1-40.jpg\",\"datePublished\":\"2025-05-14T12:00:17+00:00\",\"breadcrumb\":{\"@id\":\"https:\\\/\\\/transamerica93.com.br\\\/home\\\/governo-abre-31-mil-novas-vagas-para-mais-medicos\\\/#breadcrumb\"},\"inLanguage\":\"pt-BR\",\"potentialAction\":[{\"@type\":\"ReadAction\",\"target\":[\"https:\\\/\\\/transamerica93.com.br\\\/home\\\/governo-abre-31-mil-novas-vagas-para-mais-medicos\\\/\"]}]},{\"@type\":\"ImageObject\",\"inLanguage\":\"pt-BR\",\"@id\":\"https:\\\/\\\/transamerica93.com.br\\\/home\\\/governo-abre-31-mil-novas-vagas-para-mais-medicos\\\/#primaryimage\",\"url\":\"https:\\\/\\\/transamerica93.com.br\\\/home\\\/wp-content\\\/uploads\\\/2025\\\/05\\\/1-40.jpg\",\"contentUrl\":\"https:\\\/\\\/transamerica93.com.br\\\/home\\\/wp-content\\\/uploads\\\/2025\\\/05\\\/1-40.jpg\",\"width\":1170,\"height\":700},{\"@type\":\"BreadcrumbList\",\"@id\":\"https:\\\/\\\/transamerica93.com.br\\\/home\\\/governo-abre-31-mil-novas-vagas-para-mais-medicos\\\/#breadcrumb\",\"itemListElement\":[{\"@type\":\"ListItem\",\"position\":1,\"name\":\"In\u00edcio\",\"item\":\"https:\\\/\\\/transamerica93.com.br\\\/home\\\/\"},{\"@type\":\"ListItem\",\"position\":2,\"name\":\"Governo abre 3,1 mil novas vagas para Mais M\u00e9dicos\"}]},{\"@type\":\"WebSite\",\"@id\":\"https:\\\/\\\/transamerica93.com.br\\\/home\\\/#website\",\"url\":\"https:\\\/\\\/transamerica93.com.br\\\/home\\\/\",\"name\":\"Transam\u00e9rica Mococa 93,3\",\"description\":\"\",\"publisher\":{\"@id\":\"https:\\\/\\\/transamerica93.com.br\\\/home\\\/#organization\"},\"potentialAction\":[{\"@type\":\"SearchAction\",\"target\":{\"@type\":\"EntryPoint\",\"urlTemplate\":\"https:\\\/\\\/transamerica93.com.br\\\/home\\\/?s={search_term_string}\"},\"query-input\":{\"@type\":\"PropertyValueSpecification\",\"valueRequired\":true,\"valueName\":\"search_term_string\"}}],\"inLanguage\":\"pt-BR\"},{\"@type\":\"Organization\",\"@id\":\"https:\\\/\\\/transamerica93.com.br\\\/home\\\/#organization\",\"name\":\"Transam\u00e9rica Mococa 93,3\",\"url\":\"https:\\\/\\\/transamerica93.com.br\\\/home\\\/\",\"logo\":{\"@type\":\"ImageObject\",\"inLanguage\":\"pt-BR\",\"@id\":\"https:\\\/\\\/transamerica93.com.br\\\/home\\\/#\\\/schema\\\/logo\\\/image\\\/\",\"url\":\"https:\\\/\\\/transamerica93.com.br\\\/home\\\/wp-content\\\/uploads\\\/2023\\\/10\\\/logo2.png\",\"contentUrl\":\"https:\\\/\\\/transamerica93.com.br\\\/home\\\/wp-content\\\/uploads\\\/2023\\\/10\\\/logo2.png\",\"width\":800,\"height\":500,\"caption\":\"Transam\u00e9rica Mococa 93,3\"},\"image\":{\"@id\":\"https:\\\/\\\/transamerica93.com.br\\\/home\\\/#\\\/schema\\\/logo\\\/image\\\/\"},\"sameAs\":[\"https:\\\/\\\/www.facebook.com\\\/transamericamococa\",\"https:\\\/\\\/x.com\\\/transamerica933\",\"https:\\\/\\\/www.instagram.com\\\/transamericamococa\"]},{\"@type\":\"Person\",\"@id\":\"https:\\\/\\\/transamerica93.com.br\\\/home\\\/#\\\/schema\\\/person\\\/7fed7c99c0d4562efa8561bc0f543172\",\"name\":\"Reda\u00e7\u00e3o\",\"image\":{\"@type\":\"ImageObject\",\"inLanguage\":\"pt-BR\",\"@id\":\"https:\\\/\\\/secure.gravatar.com\\\/avatar\\\/1072c6b775fb02ef8506ce967551d95926669a6b7d2c2147b42eea4d7c68395e?s=96&d=mm&r=g\",\"url\":\"https:\\\/\\\/secure.gravatar.com\\\/avatar\\\/1072c6b775fb02ef8506ce967551d95926669a6b7d2c2147b42eea4d7c68395e?s=96&d=mm&r=g\",\"contentUrl\":\"https:\\\/\\\/secure.gravatar.com\\\/avatar\\\/1072c6b775fb02ef8506ce967551d95926669a6b7d2c2147b42eea4d7c68395e?s=96&d=mm&r=g\",\"caption\":\"Reda\u00e7\u00e3o\"},\"sameAs\":[\"https:\\\/\\\/transamerica93.com.br\\\/home\"],\"url\":\"https:\\\/\\\/transamerica93.com.br\\\/home\\\/author\\\/william\\\/\"}]}<\/script>\n<!-- \/ Yoast SEO plugin. -->","yoast_head_json":{"title":"Governo abre 3,1 mil novas vagas para Mais M\u00e9dicos - Transam\u00e9rica Mococa 93,3","robots":{"index":"index","follow":"follow","max-snippet":"max-snippet:-1","max-image-preview":"max-image-preview:large","max-video-preview":"max-video-preview:-1"},"canonical":"https:\/\/transamerica93.com.br\/home\/governo-abre-31-mil-novas-vagas-para-mais-medicos\/","og_locale":"pt_BR","og_type":"article","og_title":"Governo abre 3,1 mil novas vagas para Mais M\u00e9dicos - Transam\u00e9rica Mococa 93,3","og_description":"Os\u00a0m\u00e9dicos interessados em aderir ao programa Mais M\u00e9dicos podem se inscrever. O\u00a0novo edital\u00a0do programa foi lan\u00e7ado pelo Minist\u00e9rio da Sa\u00fade na sexta-feira (2),\u00a0com 3.174 vagas. A iniciativa tem o objetivo de\u00a0fortalecer a aten\u00e7\u00e3o prim\u00e1ria \u00e0 sa\u00fade levando m\u00e9dicos at\u00e9 as regi\u00f5es priorit\u00e1rias, remotas, de dif\u00edcil acesso e de alto \u00edndice de vulnerabilidade, onde h\u00e1 escassez &hellip;","og_url":"https:\/\/transamerica93.com.br\/home\/governo-abre-31-mil-novas-vagas-para-mais-medicos\/","og_site_name":"Transam\u00e9rica Mococa 93,3","article_publisher":"https:\/\/www.facebook.com\/transamericamococa","article_published_time":"2025-05-14T12:00:17+00:00","og_image":[{"width":1170,"height":700,"url":"https:\/\/transamerica93.com.br\/home\/wp-content\/uploads\/2025\/05\/1-40.jpg","type":"image\/jpeg"}],"author":"Reda\u00e7\u00e3o","twitter_card":"summary_large_image","twitter_creator":"@transamerica933","twitter_site":"@transamerica933","twitter_misc":{"Escrito por":"Reda\u00e7\u00e3o","Est. tempo de leitura":"5 minutos"},"schema":{"@context":"https:\/\/schema.org","@graph":[{"@type":"Article","@id":"https:\/\/transamerica93.com.br\/home\/governo-abre-31-mil-novas-vagas-para-mais-medicos\/#article","isPartOf":{"@id":"https:\/\/transamerica93.com.br\/home\/governo-abre-31-mil-novas-vagas-para-mais-medicos\/"},"author":{"name":"Reda\u00e7\u00e3o","@id":"https:\/\/transamerica93.com.br\/home\/#\/schema\/person\/7fed7c99c0d4562efa8561bc0f543172"},"headline":"Governo abre 3,1 mil novas vagas para Mais M\u00e9dicos","datePublished":"2025-05-14T12:00:17+00:00","mainEntityOfPage":{"@id":"https:\/\/transamerica93.com.br\/home\/governo-abre-31-mil-novas-vagas-para-mais-medicos\/"},"wordCount":863,"publisher":{"@id":"https:\/\/transamerica93.com.br\/home\/#organization"},"image":{"@id":"https:\/\/transamerica93.com.br\/home\/governo-abre-31-mil-novas-vagas-para-mais-medicos\/#primaryimage"},"thumbnailUrl":"https:\/\/transamerica93.com.br\/home\/wp-content\/uploads\/2025\/05\/1-40.jpg","articleSection":["Geral"],"inLanguage":"pt-BR"},{"@type":"WebPage","@id":"https:\/\/transamerica93.com.br\/home\/governo-abre-31-mil-novas-vagas-para-mais-medicos\/","url":"https:\/\/transamerica93.com.br\/home\/governo-abre-31-mil-novas-vagas-para-mais-medicos\/","name":"Governo abre 3,1 mil novas vagas para Mais M\u00e9dicos - Transam\u00e9rica Mococa 93,3","isPartOf":{"@id":"https:\/\/transamerica93.com.br\/home\/#website"},"primaryImageOfPage":{"@id":"https:\/\/transamerica93.com.br\/home\/governo-abre-31-mil-novas-vagas-para-mais-medicos\/#primaryimage"},"image":{"@id":"https:\/\/transamerica93.com.br\/home\/governo-abre-31-mil-novas-vagas-para-mais-medicos\/#primaryimage"},"thumbnailUrl":"https:\/\/transamerica93.com.br\/home\/wp-content\/uploads\/2025\/05\/1-40.jpg","datePublished":"2025-05-14T12:00:17+00:00","breadcrumb":{"@id":"https:\/\/transamerica93.com.br\/home\/governo-abre-31-mil-novas-vagas-para-mais-medicos\/#breadcrumb"},"inLanguage":"pt-BR","potentialAction":[{"@type":"ReadAction","target":["https:\/\/transamerica93.com.br\/home\/governo-abre-31-mil-novas-vagas-para-mais-medicos\/"]}]},{"@type":"ImageObject","inLanguage":"pt-BR","@id":"https:\/\/transamerica93.com.br\/home\/governo-abre-31-mil-novas-vagas-para-mais-medicos\/#primaryimage","url":"https:\/\/transamerica93.com.br\/home\/wp-content\/uploads\/2025\/05\/1-40.jpg","contentUrl":"https:\/\/transamerica93.com.br\/home\/wp-content\/uploads\/2025\/05\/1-40.jpg","width":1170,"height":700},{"@type":"BreadcrumbList","@id":"https:\/\/transamerica93.com.br\/home\/governo-abre-31-mil-novas-vagas-para-mais-medicos\/#breadcrumb","itemListElement":[{"@type":"ListItem","position":1,"name":"In\u00edcio","item":"https:\/\/transamerica93.com.br\/home\/"},{"@type":"ListItem","position":2,"name":"Governo abre 3,1 mil novas vagas para Mais M\u00e9dicos"}]},{"@type":"WebSite","@id":"https:\/\/transamerica93.com.br\/home\/#website","url":"https:\/\/transamerica93.com.br\/home\/","name":"Transam\u00e9rica Mococa 93,3","description":"","publisher":{"@id":"https:\/\/transamerica93.com.br\/home\/#organization"},"potentialAction":[{"@type":"SearchAction","target":{"@type":"EntryPoint","urlTemplate":"https:\/\/transamerica93.com.br\/home\/?s={search_term_string}"},"query-input":{"@type":"PropertyValueSpecification","valueRequired":true,"valueName":"search_term_string"}}],"inLanguage":"pt-BR"},{"@type":"Organization","@id":"https:\/\/transamerica93.com.br\/home\/#organization","name":"Transam\u00e9rica Mococa 93,3","url":"https:\/\/transamerica93.com.br\/home\/","logo":{"@type":"ImageObject","inLanguage":"pt-BR","@id":"https:\/\/transamerica93.com.br\/home\/#\/schema\/logo\/image\/","url":"https:\/\/transamerica93.com.br\/home\/wp-content\/uploads\/2023\/10\/logo2.png","contentUrl":"https:\/\/transamerica93.com.br\/home\/wp-content\/uploads\/2023\/10\/logo2.png","width":800,"height":500,"caption":"Transam\u00e9rica Mococa 93,3"},"image":{"@id":"https:\/\/transamerica93.com.br\/home\/#\/schema\/logo\/image\/"},"sameAs":["https:\/\/www.facebook.com\/transamericamococa","https:\/\/x.com\/transamerica933","https:\/\/www.instagram.com\/transamericamococa"]},{"@type":"Person","@id":"https:\/\/transamerica93.com.br\/home\/#\/schema\/person\/7fed7c99c0d4562efa8561bc0f543172","name":"Reda\u00e7\u00e3o","image":{"@type":"ImageObject","inLanguage":"pt-BR","@id":"https:\/\/secure.gravatar.com\/avatar\/1072c6b775fb02ef8506ce967551d95926669a6b7d2c2147b42eea4d7c68395e?s=96&d=mm&r=g","url":"https:\/\/secure.gravatar.com\/avatar\/1072c6b775fb02ef8506ce967551d95926669a6b7d2c2147b42eea4d7c68395e?s=96&d=mm&r=g","contentUrl":"https:\/\/secure.gravatar.com\/avatar\/1072c6b775fb02ef8506ce967551d95926669a6b7d2c2147b42eea4d7c68395e?s=96&d=mm&r=g","caption":"Reda\u00e7\u00e3o"},"sameAs":["https:\/\/transamerica93.com.br\/home"],"url":"https:\/\/transamerica93.com.br\/home\/author\/william\/"}]}},"_links":{"self":[{"href":"https:\/\/transamerica93.com.br\/home\/wp-json\/wp\/v2\/posts\/5382","targetHints":{"allow":["GET"]}}],"collection":[{"href":"https:\/\/transamerica93.com.br\/home\/wp-json\/wp\/v2\/posts"}],"about":[{"href":"https:\/\/transamerica93.com.br\/home\/wp-json\/wp\/v2\/types\/post"}],"author":[{"embeddable":true,"href":"https:\/\/transamerica93.com.br\/home\/wp-json\/wp\/v2\/users\/1"}],"replies":[{"embeddable":true,"href":"https:\/\/transamerica93.com.br\/home\/wp-json\/wp\/v2\/comments?post=5382"}],"version-history":[{"count":1,"href":"https:\/\/transamerica93.com.br\/home\/wp-json\/wp\/v2\/posts\/5382\/revisions"}],"predecessor-version":[{"id":5384,"href":"https:\/\/transamerica93.com.br\/home\/wp-json\/wp\/v2\/posts\/5382\/revisions\/5384"}],"wp:featuredmedia":[{"embeddable":true,"href":"https:\/\/transamerica93.com.br\/home\/wp-json\/wp\/v2\/media\/5383"}],"wp:attachment":[{"href":"https:\/\/transamerica93.com.br\/home\/wp-json\/wp\/v2\/media?parent=5382"}],"wp:term":[{"taxonomy":"category","embeddable":true,"href":"https:\/\/transamerica93.com.br\/home\/wp-json\/wp\/v2\/categories?post=5382"},{"taxonomy":"post_tag","embeddable":true,"href":"https:\/\/transamerica93.com.br\/home\/wp-json\/wp\/v2\/tags?post=5382"}],"curies":[{"name":"wp","href":"https:\/\/api.w.org\/{rel}","templated":true}]}}