{"id":5398,"date":"2025-05-14T12:00:57","date_gmt":"2025-05-14T15:00:57","guid":{"rendered":"https:\/\/transamerica93.com.br\/home\/?p=5398"},"modified":"2025-05-04T15:03:12","modified_gmt":"2025-05-04T18:03:12","slug":"conmebol-define-lima-capital-do-peru-como-sede-da-final-da-edicao-2025-da-copa-libertadores","status":"publish","type":"post","link":"https:\/\/transamerica93.com.br\/home\/conmebol-define-lima-capital-do-peru-como-sede-da-final-da-edicao-2025-da-copa-libertadores\/","title":{"rendered":"Conmebol define Lima, capital do Peru, como sede da final da edi\u00e7\u00e3o 2025 da Copa Libertadores"},"content":{"rendered":"<p>A Conmebol definiu a cidade de Lima, capital do Peru, como palco da partida \u00fanica que vai definir o campe\u00e3o da edi\u00e7\u00e3o 2025 da Copa Libertadores. A entidade que comanda o futebol da Am\u00e9rica do Sul determinou ainda a data do confronto. A decis\u00e3o est\u00e1 marcada para o dia 29 de novembro.<\/p>\n<p>O an\u00fancio foi feito por meio das redes sociais. &#8220;A grande Final \u00danica da CONMEBOL Libertadores 2025 ser\u00e1 disputado da em Lima! Nos vemos no dia 29 de novembro para vivenciarmos juntos uma nova edi\u00e7\u00e3o da Gl\u00f3ria Eterna&#8221;, diz o texto da postagem.<\/p>\n<p>A capital peruana venceu a concorr\u00eancia de Bras\u00edlia, que utilizaria o est\u00e1dio Man\u00e9 Garrincha, e tamb\u00e9m de Montevid\u00e9u, que era uma outra op\u00e7\u00e3o para sediar o confronto. Em 2019, Lima surgiu como plano B para ser palco da final. Inicialmente, o duelo aconteceria em Santiago, no Chile. No entanto, o local do embate teve de ser alterado por quest\u00f5es de seguran\u00e7a.<\/p>\n<p>A cidade volta a receber um jogo decisivo ap\u00f3s a decis\u00e3o de 2019, que consagrou o Flamengo como campe\u00e3o do torneio que teve um desfecho favor\u00e1vel ao time carioca. \u00c0 \u00e9poca comandado pelo t\u00e9cnico Jorge Jesus, o time carioca perdia a partida at\u00e9 o final do jogo por 1 a 0. Com dois gols marcados no fim, Gabigol virou a partida dando o t\u00edtulo para o conjunto do Rio.<\/p>\n<p>Nesta edi\u00e7\u00e3o da Libertadores, sete equipes brasileiras fazem parte da fase de classifica\u00e7\u00e3o do torneio. Bahia, Botafogo, Flamengo, Fortaleza, Internacional, Palmeiras e S\u00e3o Paulo. O hist\u00f3rico recente mostra uma total hegemonia na competi\u00e7\u00e3o.<\/p>\n<p>Nas \u00faltimas seis edi\u00e7\u00f5es, somente equipes nacionais deram volta ol\u00edmpica na disputa do trof\u00e9u mais cobi\u00e7ado do continente. O Flamengo iniciou essa fase vencedora ao ser campe\u00e3o em 2019 e 2022. O Palmeiras levou a melhor em 2020 e 2021. Nos \u00faltimos dois anos, Fluminense (2023) e Botafogo (2024) mantiveram o dom\u00ednio brasileiro.<\/p>\n","protected":false},"excerpt":{"rendered":"<p>A Conmebol definiu a cidade de Lima, capital do Peru, como palco da partida \u00fanica que vai definir o campe\u00e3o da edi\u00e7\u00e3o 2025 da Copa Libertadores. A entidade que comanda o futebol da Am\u00e9rica do Sul determinou ainda a data do confronto. A decis\u00e3o est\u00e1 marcada para o dia 29 de novembro. O an\u00fancio foi &hellip;<\/p>\n","protected":false},"author":1,"featured_media":5399,"comment_status":"closed","ping_status":"closed","sticky":false,"template":"","format":"standard","meta":{"footnotes":""},"categories":[31],"tags":[],"class_list":["post-5398","post","type-post","status-publish","format-standard","has-post-thumbnail","hentry","category-esportes"],"yoast_head":"<!-- This site is optimized with the Yoast SEO plugin v27.4 - https:\/\/yoast.com\/product\/yoast-seo-wordpress\/ -->\n<title>Conmebol define Lima, capital do Peru, como sede da final da edi\u00e7\u00e3o 2025 da Copa Libertadores - Transam\u00e9rica Mococa 93,3<\/title>\n<meta name=\"robots\" content=\"index, follow, max-snippet:-1, max-image-preview:large, max-video-preview:-1\" \/>\n<link rel=\"canonical\" href=\"https:\/\/transamerica93.com.br\/home\/conmebol-define-lima-capital-do-peru-como-sede-da-final-da-edicao-2025-da-copa-libertadores\/\" \/>\n<meta property=\"og:locale\" content=\"pt_BR\" \/>\n<meta property=\"og:type\" content=\"article\" \/>\n<meta property=\"og:title\" content=\"Conmebol define Lima, capital do Peru, como sede da final da edi\u00e7\u00e3o 2025 da Copa Libertadores - Transam\u00e9rica Mococa 93,3\" \/>\n<meta property=\"og:description\" content=\"A Conmebol definiu a cidade de Lima, capital do Peru, como palco da partida \u00fanica que vai definir o campe\u00e3o da edi\u00e7\u00e3o 2025 da Copa Libertadores. A entidade que comanda o futebol da Am\u00e9rica do Sul determinou ainda a data do confronto. A decis\u00e3o est\u00e1 marcada para o dia 29 de novembro. O an\u00fancio foi &hellip;\" \/>\n<meta property=\"og:url\" content=\"https:\/\/transamerica93.com.br\/home\/conmebol-define-lima-capital-do-peru-como-sede-da-final-da-edicao-2025-da-copa-libertadores\/\" \/>\n<meta property=\"og:site_name\" content=\"Transam\u00e9rica Mococa 93,3\" \/>\n<meta property=\"article:publisher\" content=\"https:\/\/www.facebook.com\/transamericamococa\" \/>\n<meta property=\"article:published_time\" content=\"2025-05-14T15:00:57+00:00\" \/>\n<meta property=\"og:image\" content=\"https:\/\/transamerica93.com.br\/home\/wp-content\/uploads\/2025\/05\/1-46.jpg\" \/>\n\t<meta property=\"og:image:width\" content=\"918\" \/>\n\t<meta property=\"og:image:height\" content=\"612\" \/>\n\t<meta property=\"og:image:type\" content=\"image\/jpeg\" \/>\n<meta name=\"author\" content=\"Reda\u00e7\u00e3o\" \/>\n<meta name=\"twitter:card\" content=\"summary_large_image\" \/>\n<meta name=\"twitter:creator\" content=\"@transamerica933\" \/>\n<meta name=\"twitter:site\" content=\"@transamerica933\" \/>\n<meta name=\"twitter:label1\" content=\"Escrito por\" \/>\n\t<meta name=\"twitter:data1\" content=\"Reda\u00e7\u00e3o\" \/>\n\t<meta name=\"twitter:label2\" content=\"Est. tempo de leitura\" \/>\n\t<meta name=\"twitter:data2\" content=\"2 minutos\" \/>\n<script type=\"application\/ld+json\" class=\"yoast-schema-graph\">{\"@context\":\"https:\\\/\\\/schema.org\",\"@graph\":[{\"@type\":\"Article\",\"@id\":\"https:\\\/\\\/transamerica93.com.br\\\/home\\\/conmebol-define-lima-capital-do-peru-como-sede-da-final-da-edicao-2025-da-copa-libertadores\\\/#article\",\"isPartOf\":{\"@id\":\"https:\\\/\\\/transamerica93.com.br\\\/home\\\/conmebol-define-lima-capital-do-peru-como-sede-da-final-da-edicao-2025-da-copa-libertadores\\\/\"},\"author\":{\"name\":\"Reda\u00e7\u00e3o\",\"@id\":\"https:\\\/\\\/transamerica93.com.br\\\/home\\\/#\\\/schema\\\/person\\\/7fed7c99c0d4562efa8561bc0f543172\"},\"headline\":\"Conmebol define Lima, capital do Peru, como sede da final da edi\u00e7\u00e3o 2025 da Copa Libertadores\",\"datePublished\":\"2025-05-14T15:00:57+00:00\",\"mainEntityOfPage\":{\"@id\":\"https:\\\/\\\/transamerica93.com.br\\\/home\\\/conmebol-define-lima-capital-do-peru-como-sede-da-final-da-edicao-2025-da-copa-libertadores\\\/\"},\"wordCount\":344,\"publisher\":{\"@id\":\"https:\\\/\\\/transamerica93.com.br\\\/home\\\/#organization\"},\"image\":{\"@id\":\"https:\\\/\\\/transamerica93.com.br\\\/home\\\/conmebol-define-lima-capital-do-peru-como-sede-da-final-da-edicao-2025-da-copa-libertadores\\\/#primaryimage\"},\"thumbnailUrl\":\"https:\\\/\\\/transamerica93.com.br\\\/home\\\/wp-content\\\/uploads\\\/2025\\\/05\\\/1-46.jpg\",\"articleSection\":[\"Esportes\"],\"inLanguage\":\"pt-BR\"},{\"@type\":\"WebPage\",\"@id\":\"https:\\\/\\\/transamerica93.com.br\\\/home\\\/conmebol-define-lima-capital-do-peru-como-sede-da-final-da-edicao-2025-da-copa-libertadores\\\/\",\"url\":\"https:\\\/\\\/transamerica93.com.br\\\/home\\\/conmebol-define-lima-capital-do-peru-como-sede-da-final-da-edicao-2025-da-copa-libertadores\\\/\",\"name\":\"Conmebol define Lima, capital do Peru, como sede da final da edi\u00e7\u00e3o 2025 da Copa Libertadores - Transam\u00e9rica Mococa 93,3\",\"isPartOf\":{\"@id\":\"https:\\\/\\\/transamerica93.com.br\\\/home\\\/#website\"},\"primaryImageOfPage\":{\"@id\":\"https:\\\/\\\/transamerica93.com.br\\\/home\\\/conmebol-define-lima-capital-do-peru-como-sede-da-final-da-edicao-2025-da-copa-libertadores\\\/#primaryimage\"},\"image\":{\"@id\":\"https:\\\/\\\/transamerica93.com.br\\\/home\\\/conmebol-define-lima-capital-do-peru-como-sede-da-final-da-edicao-2025-da-copa-libertadores\\\/#primaryimage\"},\"thumbnailUrl\":\"https:\\\/\\\/transamerica93.com.br\\\/home\\\/wp-content\\\/uploads\\\/2025\\\/05\\\/1-46.jpg\",\"datePublished\":\"2025-05-14T15:00:57+00:00\",\"breadcrumb\":{\"@id\":\"https:\\\/\\\/transamerica93.com.br\\\/home\\\/conmebol-define-lima-capital-do-peru-como-sede-da-final-da-edicao-2025-da-copa-libertadores\\\/#breadcrumb\"},\"inLanguage\":\"pt-BR\",\"potentialAction\":[{\"@type\":\"ReadAction\",\"target\":[\"https:\\\/\\\/transamerica93.com.br\\\/home\\\/conmebol-define-lima-capital-do-peru-como-sede-da-final-da-edicao-2025-da-copa-libertadores\\\/\"]}]},{\"@type\":\"ImageObject\",\"inLanguage\":\"pt-BR\",\"@id\":\"https:\\\/\\\/transamerica93.com.br\\\/home\\\/conmebol-define-lima-capital-do-peru-como-sede-da-final-da-edicao-2025-da-copa-libertadores\\\/#primaryimage\",\"url\":\"https:\\\/\\\/transamerica93.com.br\\\/home\\\/wp-content\\\/uploads\\\/2025\\\/05\\\/1-46.jpg\",\"contentUrl\":\"https:\\\/\\\/transamerica93.com.br\\\/home\\\/wp-content\\\/uploads\\\/2025\\\/05\\\/1-46.jpg\",\"width\":918,\"height\":612},{\"@type\":\"BreadcrumbList\",\"@id\":\"https:\\\/\\\/transamerica93.com.br\\\/home\\\/conmebol-define-lima-capital-do-peru-como-sede-da-final-da-edicao-2025-da-copa-libertadores\\\/#breadcrumb\",\"itemListElement\":[{\"@type\":\"ListItem\",\"position\":1,\"name\":\"In\u00edcio\",\"item\":\"https:\\\/\\\/transamerica93.com.br\\\/home\\\/\"},{\"@type\":\"ListItem\",\"position\":2,\"name\":\"Conmebol define Lima, capital do Peru, como sede da final da edi\u00e7\u00e3o 2025 da Copa Libertadores\"}]},{\"@type\":\"WebSite\",\"@id\":\"https:\\\/\\\/transamerica93.com.br\\\/home\\\/#website\",\"url\":\"https:\\\/\\\/transamerica93.com.br\\\/home\\\/\",\"name\":\"Transam\u00e9rica Mococa 93,3\",\"description\":\"\",\"publisher\":{\"@id\":\"https:\\\/\\\/transamerica93.com.br\\\/home\\\/#organization\"},\"potentialAction\":[{\"@type\":\"SearchAction\",\"target\":{\"@type\":\"EntryPoint\",\"urlTemplate\":\"https:\\\/\\\/transamerica93.com.br\\\/home\\\/?s={search_term_string}\"},\"query-input\":{\"@type\":\"PropertyValueSpecification\",\"valueRequired\":true,\"valueName\":\"search_term_string\"}}],\"inLanguage\":\"pt-BR\"},{\"@type\":\"Organization\",\"@id\":\"https:\\\/\\\/transamerica93.com.br\\\/home\\\/#organization\",\"name\":\"Transam\u00e9rica Mococa 93,3\",\"url\":\"https:\\\/\\\/transamerica93.com.br\\\/home\\\/\",\"logo\":{\"@type\":\"ImageObject\",\"inLanguage\":\"pt-BR\",\"@id\":\"https:\\\/\\\/transamerica93.com.br\\\/home\\\/#\\\/schema\\\/logo\\\/image\\\/\",\"url\":\"https:\\\/\\\/transamerica93.com.br\\\/home\\\/wp-content\\\/uploads\\\/2023\\\/10\\\/logo2.png\",\"contentUrl\":\"https:\\\/\\\/transamerica93.com.br\\\/home\\\/wp-content\\\/uploads\\\/2023\\\/10\\\/logo2.png\",\"width\":800,\"height\":500,\"caption\":\"Transam\u00e9rica Mococa 93,3\"},\"image\":{\"@id\":\"https:\\\/\\\/transamerica93.com.br\\\/home\\\/#\\\/schema\\\/logo\\\/image\\\/\"},\"sameAs\":[\"https:\\\/\\\/www.facebook.com\\\/transamericamococa\",\"https:\\\/\\\/x.com\\\/transamerica933\",\"https:\\\/\\\/www.instagram.com\\\/transamericamococa\"]},{\"@type\":\"Person\",\"@id\":\"https:\\\/\\\/transamerica93.com.br\\\/home\\\/#\\\/schema\\\/person\\\/7fed7c99c0d4562efa8561bc0f543172\",\"name\":\"Reda\u00e7\u00e3o\",\"image\":{\"@type\":\"ImageObject\",\"inLanguage\":\"pt-BR\",\"@id\":\"https:\\\/\\\/secure.gravatar.com\\\/avatar\\\/1072c6b775fb02ef8506ce967551d95926669a6b7d2c2147b42eea4d7c68395e?s=96&d=mm&r=g\",\"url\":\"https:\\\/\\\/secure.gravatar.com\\\/avatar\\\/1072c6b775fb02ef8506ce967551d95926669a6b7d2c2147b42eea4d7c68395e?s=96&d=mm&r=g\",\"contentUrl\":\"https:\\\/\\\/secure.gravatar.com\\\/avatar\\\/1072c6b775fb02ef8506ce967551d95926669a6b7d2c2147b42eea4d7c68395e?s=96&d=mm&r=g\",\"caption\":\"Reda\u00e7\u00e3o\"},\"sameAs\":[\"https:\\\/\\\/transamerica93.com.br\\\/home\"],\"url\":\"https:\\\/\\\/transamerica93.com.br\\\/home\\\/author\\\/william\\\/\"}]}<\/script>\n<!-- \/ Yoast SEO plugin. -->","yoast_head_json":{"title":"Conmebol define Lima, capital do Peru, como sede da final da edi\u00e7\u00e3o 2025 da Copa Libertadores - Transam\u00e9rica Mococa 93,3","robots":{"index":"index","follow":"follow","max-snippet":"max-snippet:-1","max-image-preview":"max-image-preview:large","max-video-preview":"max-video-preview:-1"},"canonical":"https:\/\/transamerica93.com.br\/home\/conmebol-define-lima-capital-do-peru-como-sede-da-final-da-edicao-2025-da-copa-libertadores\/","og_locale":"pt_BR","og_type":"article","og_title":"Conmebol define Lima, capital do Peru, como sede da final da edi\u00e7\u00e3o 2025 da Copa Libertadores - Transam\u00e9rica Mococa 93,3","og_description":"A Conmebol definiu a cidade de Lima, capital do Peru, como palco da partida \u00fanica que vai definir o campe\u00e3o da edi\u00e7\u00e3o 2025 da Copa Libertadores. A entidade que comanda o futebol da Am\u00e9rica do Sul determinou ainda a data do confronto. A decis\u00e3o est\u00e1 marcada para o dia 29 de novembro. O an\u00fancio foi &hellip;","og_url":"https:\/\/transamerica93.com.br\/home\/conmebol-define-lima-capital-do-peru-como-sede-da-final-da-edicao-2025-da-copa-libertadores\/","og_site_name":"Transam\u00e9rica Mococa 93,3","article_publisher":"https:\/\/www.facebook.com\/transamericamococa","article_published_time":"2025-05-14T15:00:57+00:00","og_image":[{"width":918,"height":612,"url":"https:\/\/transamerica93.com.br\/home\/wp-content\/uploads\/2025\/05\/1-46.jpg","type":"image\/jpeg"}],"author":"Reda\u00e7\u00e3o","twitter_card":"summary_large_image","twitter_creator":"@transamerica933","twitter_site":"@transamerica933","twitter_misc":{"Escrito por":"Reda\u00e7\u00e3o","Est. tempo de leitura":"2 minutos"},"schema":{"@context":"https:\/\/schema.org","@graph":[{"@type":"Article","@id":"https:\/\/transamerica93.com.br\/home\/conmebol-define-lima-capital-do-peru-como-sede-da-final-da-edicao-2025-da-copa-libertadores\/#article","isPartOf":{"@id":"https:\/\/transamerica93.com.br\/home\/conmebol-define-lima-capital-do-peru-como-sede-da-final-da-edicao-2025-da-copa-libertadores\/"},"author":{"name":"Reda\u00e7\u00e3o","@id":"https:\/\/transamerica93.com.br\/home\/#\/schema\/person\/7fed7c99c0d4562efa8561bc0f543172"},"headline":"Conmebol define Lima, capital do Peru, como sede da final da edi\u00e7\u00e3o 2025 da Copa Libertadores","datePublished":"2025-05-14T15:00:57+00:00","mainEntityOfPage":{"@id":"https:\/\/transamerica93.com.br\/home\/conmebol-define-lima-capital-do-peru-como-sede-da-final-da-edicao-2025-da-copa-libertadores\/"},"wordCount":344,"publisher":{"@id":"https:\/\/transamerica93.com.br\/home\/#organization"},"image":{"@id":"https:\/\/transamerica93.com.br\/home\/conmebol-define-lima-capital-do-peru-como-sede-da-final-da-edicao-2025-da-copa-libertadores\/#primaryimage"},"thumbnailUrl":"https:\/\/transamerica93.com.br\/home\/wp-content\/uploads\/2025\/05\/1-46.jpg","articleSection":["Esportes"],"inLanguage":"pt-BR"},{"@type":"WebPage","@id":"https:\/\/transamerica93.com.br\/home\/conmebol-define-lima-capital-do-peru-como-sede-da-final-da-edicao-2025-da-copa-libertadores\/","url":"https:\/\/transamerica93.com.br\/home\/conmebol-define-lima-capital-do-peru-como-sede-da-final-da-edicao-2025-da-copa-libertadores\/","name":"Conmebol define Lima, capital do Peru, como sede da final da edi\u00e7\u00e3o 2025 da Copa Libertadores - Transam\u00e9rica Mococa 93,3","isPartOf":{"@id":"https:\/\/transamerica93.com.br\/home\/#website"},"primaryImageOfPage":{"@id":"https:\/\/transamerica93.com.br\/home\/conmebol-define-lima-capital-do-peru-como-sede-da-final-da-edicao-2025-da-copa-libertadores\/#primaryimage"},"image":{"@id":"https:\/\/transamerica93.com.br\/home\/conmebol-define-lima-capital-do-peru-como-sede-da-final-da-edicao-2025-da-copa-libertadores\/#primaryimage"},"thumbnailUrl":"https:\/\/transamerica93.com.br\/home\/wp-content\/uploads\/2025\/05\/1-46.jpg","datePublished":"2025-05-14T15:00:57+00:00","breadcrumb":{"@id":"https:\/\/transamerica93.com.br\/home\/conmebol-define-lima-capital-do-peru-como-sede-da-final-da-edicao-2025-da-copa-libertadores\/#breadcrumb"},"inLanguage":"pt-BR","potentialAction":[{"@type":"ReadAction","target":["https:\/\/transamerica93.com.br\/home\/conmebol-define-lima-capital-do-peru-como-sede-da-final-da-edicao-2025-da-copa-libertadores\/"]}]},{"@type":"ImageObject","inLanguage":"pt-BR","@id":"https:\/\/transamerica93.com.br\/home\/conmebol-define-lima-capital-do-peru-como-sede-da-final-da-edicao-2025-da-copa-libertadores\/#primaryimage","url":"https:\/\/transamerica93.com.br\/home\/wp-content\/uploads\/2025\/05\/1-46.jpg","contentUrl":"https:\/\/transamerica93.com.br\/home\/wp-content\/uploads\/2025\/05\/1-46.jpg","width":918,"height":612},{"@type":"BreadcrumbList","@id":"https:\/\/transamerica93.com.br\/home\/conmebol-define-lima-capital-do-peru-como-sede-da-final-da-edicao-2025-da-copa-libertadores\/#breadcrumb","itemListElement":[{"@type":"ListItem","position":1,"name":"In\u00edcio","item":"https:\/\/transamerica93.com.br\/home\/"},{"@type":"ListItem","position":2,"name":"Conmebol define Lima, capital do Peru, como sede da final da edi\u00e7\u00e3o 2025 da Copa Libertadores"}]},{"@type":"WebSite","@id":"https:\/\/transamerica93.com.br\/home\/#website","url":"https:\/\/transamerica93.com.br\/home\/","name":"Transam\u00e9rica Mococa 93,3","description":"","publisher":{"@id":"https:\/\/transamerica93.com.br\/home\/#organization"},"potentialAction":[{"@type":"SearchAction","target":{"@type":"EntryPoint","urlTemplate":"https:\/\/transamerica93.com.br\/home\/?s={search_term_string}"},"query-input":{"@type":"PropertyValueSpecification","valueRequired":true,"valueName":"search_term_string"}}],"inLanguage":"pt-BR"},{"@type":"Organization","@id":"https:\/\/transamerica93.com.br\/home\/#organization","name":"Transam\u00e9rica Mococa 93,3","url":"https:\/\/transamerica93.com.br\/home\/","logo":{"@type":"ImageObject","inLanguage":"pt-BR","@id":"https:\/\/transamerica93.com.br\/home\/#\/schema\/logo\/image\/","url":"https:\/\/transamerica93.com.br\/home\/wp-content\/uploads\/2023\/10\/logo2.png","contentUrl":"https:\/\/transamerica93.com.br\/home\/wp-content\/uploads\/2023\/10\/logo2.png","width":800,"height":500,"caption":"Transam\u00e9rica Mococa 93,3"},"image":{"@id":"https:\/\/transamerica93.com.br\/home\/#\/schema\/logo\/image\/"},"sameAs":["https:\/\/www.facebook.com\/transamericamococa","https:\/\/x.com\/transamerica933","https:\/\/www.instagram.com\/transamericamococa"]},{"@type":"Person","@id":"https:\/\/transamerica93.com.br\/home\/#\/schema\/person\/7fed7c99c0d4562efa8561bc0f543172","name":"Reda\u00e7\u00e3o","image":{"@type":"ImageObject","inLanguage":"pt-BR","@id":"https:\/\/secure.gravatar.com\/avatar\/1072c6b775fb02ef8506ce967551d95926669a6b7d2c2147b42eea4d7c68395e?s=96&d=mm&r=g","url":"https:\/\/secure.gravatar.com\/avatar\/1072c6b775fb02ef8506ce967551d95926669a6b7d2c2147b42eea4d7c68395e?s=96&d=mm&r=g","contentUrl":"https:\/\/secure.gravatar.com\/avatar\/1072c6b775fb02ef8506ce967551d95926669a6b7d2c2147b42eea4d7c68395e?s=96&d=mm&r=g","caption":"Reda\u00e7\u00e3o"},"sameAs":["https:\/\/transamerica93.com.br\/home"],"url":"https:\/\/transamerica93.com.br\/home\/author\/william\/"}]}},"_links":{"self":[{"href":"https:\/\/transamerica93.com.br\/home\/wp-json\/wp\/v2\/posts\/5398","targetHints":{"allow":["GET"]}}],"collection":[{"href":"https:\/\/transamerica93.com.br\/home\/wp-json\/wp\/v2\/posts"}],"about":[{"href":"https:\/\/transamerica93.com.br\/home\/wp-json\/wp\/v2\/types\/post"}],"author":[{"embeddable":true,"href":"https:\/\/transamerica93.com.br\/home\/wp-json\/wp\/v2\/users\/1"}],"replies":[{"embeddable":true,"href":"https:\/\/transamerica93.com.br\/home\/wp-json\/wp\/v2\/comments?post=5398"}],"version-history":[{"count":1,"href":"https:\/\/transamerica93.com.br\/home\/wp-json\/wp\/v2\/posts\/5398\/revisions"}],"predecessor-version":[{"id":5400,"href":"https:\/\/transamerica93.com.br\/home\/wp-json\/wp\/v2\/posts\/5398\/revisions\/5400"}],"wp:featuredmedia":[{"embeddable":true,"href":"https:\/\/transamerica93.com.br\/home\/wp-json\/wp\/v2\/media\/5399"}],"wp:attachment":[{"href":"https:\/\/transamerica93.com.br\/home\/wp-json\/wp\/v2\/media?parent=5398"}],"wp:term":[{"taxonomy":"category","embeddable":true,"href":"https:\/\/transamerica93.com.br\/home\/wp-json\/wp\/v2\/categories?post=5398"},{"taxonomy":"post_tag","embeddable":true,"href":"https:\/\/transamerica93.com.br\/home\/wp-json\/wp\/v2\/tags?post=5398"}],"curies":[{"name":"wp","href":"https:\/\/api.w.org\/{rel}","templated":true}]}}