{"id":5404,"date":"2025-05-16T12:00:11","date_gmt":"2025-05-16T15:00:11","guid":{"rendered":"https:\/\/transamerica93.com.br\/home\/?p=5404"},"modified":"2025-05-04T15:06:24","modified_gmt":"2025-05-04T18:06:24","slug":"brasileirao-tem-5-tecnicos-demitidos-em-6-rodadas-veja-quem-podem-ser-os-proximos","status":"publish","type":"post","link":"https:\/\/transamerica93.com.br\/home\/brasileirao-tem-5-tecnicos-demitidos-em-6-rodadas-veja-quem-podem-ser-os-proximos\/","title":{"rendered":"Brasileir\u00e3o tem 5 t\u00e9cnicos demitidos em 6 rodadas; veja quem podem ser os pr\u00f3ximos"},"content":{"rendered":"<p>A derrota do Vasco diante do Cruzeiro, pela sexta rodada, fez com que F\u00e1bio Carille fosse demitido pelo presidente Pedrinho ainda na entrevista coletiva &#8211; Felipe Loureiro assumiu o comando de forma interina. A queda do treinador faz o Brasileir\u00e3o acumular a demiss\u00e3o de cinco t\u00e9cnicos em apenas seis rodadas.<\/p>\n<p>&#8220;Sempre acreditei muito na quest\u00e3o do jogo. Aqui dentro, percebemos que as coisas s\u00e3o diferentes e tamb\u00e9m h\u00e1 quest\u00f5es an\u00edmicas que precisam ser consideradas. Ambiente interno estava muito bom com os atletas, Carille \u00e9 um cara muito especial. Infelizmente, todo mundo fala que sempre sobra para o treinador. \u00c9 uma verdade, mas essa responsabilidade \u00e9 minha&#8221;, afirmou o presidente do Vasco.<\/p>\n<p>Antes de Carille, Mano Menezes (Fluminense), Pedro Caixinha (Santos), Gustavo Quinteros (Gr\u00eamio) e Ram\u00f3n D\u00edaz (Corinthians) n\u00e3o haviam resistido a resultados no in\u00edcio da competi\u00e7\u00e3o. Destes, apenas o Santos, que continua com o interino C\u00e9sar Sampaio \u00e0 frente da equipe, ainda n\u00e3o encontrou um treinador, apesar de negocia\u00e7\u00f5es com Ram\u00f3n D\u00edaz e Jorge Sampaoli nas \u00faltimas semanas &#8211; o Corinthians j\u00e1 tem um acerto com Dorival J\u00fanior e ir\u00e1 anunci\u00e1-lo nesta semana.<\/p>\n<p>Al\u00e9m das cinco demiss\u00f5es j\u00e1 realizadas at\u00e9 aqui, outros nomes est\u00e3o na &#8220;corda bamba&#8221; ap\u00f3s seis rodadas. At\u00e9 o momento, sete clubes somaram apenas uma vit\u00f3ria na competi\u00e7\u00e3o e ligam o alerta a respeito do trabalho de seus treinadores. Al\u00e9m disso, Pepa, do Sport, ainda n\u00e3o venceu neste Brasileir\u00e3o, mas ganhou respaldo do presidente Yuri Rom\u00e3o ap\u00f3s empate por 0 a 0 diante do Fortaleza, na Ilha do Retiro, no Recife.<\/p>\n<p>Dos demais clubes, \u00e0 exce\u00e7\u00e3o de Gr\u00eamio e Santos, que j\u00e1 trocaram de treinador nesta temporada, a situa\u00e7\u00e3o mais ca\u00f3tica neste momento \u00e9 a de Cuca. Campe\u00e3o mineiro, o treinador encontra problemas para repetir as atua\u00e7\u00f5es do in\u00edcio da temporada agora no Brasileir\u00e3o. Ele, por sua vez, responsabiliza as baixas do elenco pela sequ\u00eancia ruim. Na \u00faltima partida, cedeu o empate por 2 a 2 diante do Mirassol, com um gol de Reinaldo no \u00faltimo minuto.<\/p>\n<p>Mirassol e Vit\u00f3ria, com Rafael Guanaes e Thiago Carpini, tamb\u00e9m n\u00e3o conseguiram ampliar uma sequ\u00eancia de vit\u00f3rias na competi\u00e7\u00e3o. No entanto, a s\u00e9rie invicta de ambas as equipes s\u00e3o fatores que permitem aos treinadores seguir no cargo por mais tempo. Do lado das paulistas, ela ainda se soma ao ataque da equipe, que \u00e9 o segundo melhor do Brasileir\u00e3o, atr\u00e1s apenas do Flamengo, e ao trabalho recente de Guanaes, que assumiu o time ap\u00f3s ser demitido do Atl\u00e9tico-GO.<\/p>\n<p>Luis Zubeld\u00eda ainda n\u00e3o perdeu com o S\u00e3o Paulo neste Brasileir\u00e3o, mas \u00e9 um caso \u00e0 parte. Mesmo antes do in\u00edcio da competi\u00e7\u00e3o, o treinador est\u00e1 sob press\u00e3o da torcida pelos resultados e atua\u00e7\u00f5es ruins no Campeonato Brasileiro. Ele ganhou respaldo da diretoria antes da vit\u00f3ria sobre o Santos &#8211; primeira e \u00fanica da equipe at\u00e9 ent\u00e3o na competi\u00e7\u00e3o -, mas ainda n\u00e3o est\u00e1 tranquilo no cargo. O desempenho na Copa Libertadores, com duas vit\u00f3rias, um empate e lideran\u00e7a do Grupo D -, \u00e9 um fator \u00e0 favor do argentino.<\/p>\n<p>Destaca-se ainda, como amea\u00e7ado, Renato Paiva, do Botafogo, que ainda n\u00e3o conseguiu repetir neste ano o desempenho que o time exibiu em 2024 e, antes do cl\u00e1ssico com o Fluminense, somava apenas uma vit\u00f3ria na competi\u00e7\u00e3o. Esse resultado, somado ao evidente dom\u00ednio alvinegro sobre a equipe treinada por Renato Ga\u00facho, at\u00e9 ent\u00e3o invicto no comando do rival, faz com que o portugu\u00eas ganhe pontos com John Textor para a continuidade de seu trabalho.<\/p>\n","protected":false},"excerpt":{"rendered":"<p>A derrota do Vasco diante do Cruzeiro, pela sexta rodada, fez com que F\u00e1bio Carille fosse demitido pelo presidente Pedrinho ainda na entrevista coletiva &#8211; Felipe Loureiro assumiu o comando de forma interina. A queda do treinador faz o Brasileir\u00e3o acumular a demiss\u00e3o de cinco t\u00e9cnicos em apenas seis rodadas. &#8220;Sempre acreditei muito na quest\u00e3o &hellip;<\/p>\n","protected":false},"author":1,"featured_media":5405,"comment_status":"closed","ping_status":"closed","sticky":false,"template":"","format":"standard","meta":{"footnotes":""},"categories":[31],"tags":[],"class_list":["post-5404","post","type-post","status-publish","format-standard","has-post-thumbnail","hentry","category-esportes"],"yoast_head":"<!-- This site is optimized with the Yoast SEO plugin v27.4 - https:\/\/yoast.com\/product\/yoast-seo-wordpress\/ -->\n<title>Brasileir\u00e3o tem 5 t\u00e9cnicos demitidos em 6 rodadas; veja quem podem ser os pr\u00f3ximos - Transam\u00e9rica Mococa 93,3<\/title>\n<meta name=\"robots\" content=\"index, follow, max-snippet:-1, max-image-preview:large, max-video-preview:-1\" \/>\n<link rel=\"canonical\" href=\"https:\/\/transamerica93.com.br\/home\/brasileirao-tem-5-tecnicos-demitidos-em-6-rodadas-veja-quem-podem-ser-os-proximos\/\" \/>\n<meta property=\"og:locale\" content=\"pt_BR\" \/>\n<meta property=\"og:type\" content=\"article\" \/>\n<meta property=\"og:title\" content=\"Brasileir\u00e3o tem 5 t\u00e9cnicos demitidos em 6 rodadas; veja quem podem ser os pr\u00f3ximos - Transam\u00e9rica Mococa 93,3\" \/>\n<meta property=\"og:description\" content=\"A derrota do Vasco diante do Cruzeiro, pela sexta rodada, fez com que F\u00e1bio Carille fosse demitido pelo presidente Pedrinho ainda na entrevista coletiva &#8211; Felipe Loureiro assumiu o comando de forma interina. A queda do treinador faz o Brasileir\u00e3o acumular a demiss\u00e3o de cinco t\u00e9cnicos em apenas seis rodadas. &#8220;Sempre acreditei muito na quest\u00e3o &hellip;\" \/>\n<meta property=\"og:url\" content=\"https:\/\/transamerica93.com.br\/home\/brasileirao-tem-5-tecnicos-demitidos-em-6-rodadas-veja-quem-podem-ser-os-proximos\/\" \/>\n<meta property=\"og:site_name\" content=\"Transam\u00e9rica Mococa 93,3\" \/>\n<meta property=\"article:publisher\" content=\"https:\/\/www.facebook.com\/transamericamococa\" \/>\n<meta property=\"article:published_time\" content=\"2025-05-16T15:00:11+00:00\" \/>\n<meta property=\"og:image\" content=\"https:\/\/transamerica93.com.br\/home\/wp-content\/uploads\/2025\/05\/1-48.jpg\" \/>\n\t<meta property=\"og:image:width\" content=\"2048\" \/>\n\t<meta property=\"og:image:height\" content=\"773\" \/>\n\t<meta property=\"og:image:type\" content=\"image\/jpeg\" \/>\n<meta name=\"author\" content=\"Reda\u00e7\u00e3o\" \/>\n<meta name=\"twitter:card\" content=\"summary_large_image\" \/>\n<meta name=\"twitter:creator\" content=\"@transamerica933\" \/>\n<meta name=\"twitter:site\" content=\"@transamerica933\" \/>\n<meta name=\"twitter:label1\" content=\"Escrito por\" \/>\n\t<meta name=\"twitter:data1\" content=\"Reda\u00e7\u00e3o\" \/>\n\t<meta name=\"twitter:label2\" content=\"Est. tempo de leitura\" \/>\n\t<meta name=\"twitter:data2\" content=\"1 minuto\" \/>\n<script type=\"application\/ld+json\" class=\"yoast-schema-graph\">{\"@context\":\"https:\\\/\\\/schema.org\",\"@graph\":[{\"@type\":\"Article\",\"@id\":\"https:\\\/\\\/transamerica93.com.br\\\/home\\\/brasileirao-tem-5-tecnicos-demitidos-em-6-rodadas-veja-quem-podem-ser-os-proximos\\\/#article\",\"isPartOf\":{\"@id\":\"https:\\\/\\\/transamerica93.com.br\\\/home\\\/brasileirao-tem-5-tecnicos-demitidos-em-6-rodadas-veja-quem-podem-ser-os-proximos\\\/\"},\"author\":{\"name\":\"Reda\u00e7\u00e3o\",\"@id\":\"https:\\\/\\\/transamerica93.com.br\\\/home\\\/#\\\/schema\\\/person\\\/7fed7c99c0d4562efa8561bc0f543172\"},\"headline\":\"Brasileir\u00e3o tem 5 t\u00e9cnicos demitidos em 6 rodadas; veja quem podem ser os pr\u00f3ximos\",\"datePublished\":\"2025-05-16T15:00:11+00:00\",\"mainEntityOfPage\":{\"@id\":\"https:\\\/\\\/transamerica93.com.br\\\/home\\\/brasileirao-tem-5-tecnicos-demitidos-em-6-rodadas-veja-quem-podem-ser-os-proximos\\\/\"},\"wordCount\":647,\"publisher\":{\"@id\":\"https:\\\/\\\/transamerica93.com.br\\\/home\\\/#organization\"},\"image\":{\"@id\":\"https:\\\/\\\/transamerica93.com.br\\\/home\\\/brasileirao-tem-5-tecnicos-demitidos-em-6-rodadas-veja-quem-podem-ser-os-proximos\\\/#primaryimage\"},\"thumbnailUrl\":\"https:\\\/\\\/transamerica93.com.br\\\/home\\\/wp-content\\\/uploads\\\/2025\\\/05\\\/1-48.jpg\",\"articleSection\":[\"Esportes\"],\"inLanguage\":\"pt-BR\"},{\"@type\":\"WebPage\",\"@id\":\"https:\\\/\\\/transamerica93.com.br\\\/home\\\/brasileirao-tem-5-tecnicos-demitidos-em-6-rodadas-veja-quem-podem-ser-os-proximos\\\/\",\"url\":\"https:\\\/\\\/transamerica93.com.br\\\/home\\\/brasileirao-tem-5-tecnicos-demitidos-em-6-rodadas-veja-quem-podem-ser-os-proximos\\\/\",\"name\":\"Brasileir\u00e3o tem 5 t\u00e9cnicos demitidos em 6 rodadas; veja quem podem ser os pr\u00f3ximos - Transam\u00e9rica Mococa 93,3\",\"isPartOf\":{\"@id\":\"https:\\\/\\\/transamerica93.com.br\\\/home\\\/#website\"},\"primaryImageOfPage\":{\"@id\":\"https:\\\/\\\/transamerica93.com.br\\\/home\\\/brasileirao-tem-5-tecnicos-demitidos-em-6-rodadas-veja-quem-podem-ser-os-proximos\\\/#primaryimage\"},\"image\":{\"@id\":\"https:\\\/\\\/transamerica93.com.br\\\/home\\\/brasileirao-tem-5-tecnicos-demitidos-em-6-rodadas-veja-quem-podem-ser-os-proximos\\\/#primaryimage\"},\"thumbnailUrl\":\"https:\\\/\\\/transamerica93.com.br\\\/home\\\/wp-content\\\/uploads\\\/2025\\\/05\\\/1-48.jpg\",\"datePublished\":\"2025-05-16T15:00:11+00:00\",\"breadcrumb\":{\"@id\":\"https:\\\/\\\/transamerica93.com.br\\\/home\\\/brasileirao-tem-5-tecnicos-demitidos-em-6-rodadas-veja-quem-podem-ser-os-proximos\\\/#breadcrumb\"},\"inLanguage\":\"pt-BR\",\"potentialAction\":[{\"@type\":\"ReadAction\",\"target\":[\"https:\\\/\\\/transamerica93.com.br\\\/home\\\/brasileirao-tem-5-tecnicos-demitidos-em-6-rodadas-veja-quem-podem-ser-os-proximos\\\/\"]}]},{\"@type\":\"ImageObject\",\"inLanguage\":\"pt-BR\",\"@id\":\"https:\\\/\\\/transamerica93.com.br\\\/home\\\/brasileirao-tem-5-tecnicos-demitidos-em-6-rodadas-veja-quem-podem-ser-os-proximos\\\/#primaryimage\",\"url\":\"https:\\\/\\\/transamerica93.com.br\\\/home\\\/wp-content\\\/uploads\\\/2025\\\/05\\\/1-48.jpg\",\"contentUrl\":\"https:\\\/\\\/transamerica93.com.br\\\/home\\\/wp-content\\\/uploads\\\/2025\\\/05\\\/1-48.jpg\",\"width\":2048,\"height\":773},{\"@type\":\"BreadcrumbList\",\"@id\":\"https:\\\/\\\/transamerica93.com.br\\\/home\\\/brasileirao-tem-5-tecnicos-demitidos-em-6-rodadas-veja-quem-podem-ser-os-proximos\\\/#breadcrumb\",\"itemListElement\":[{\"@type\":\"ListItem\",\"position\":1,\"name\":\"In\u00edcio\",\"item\":\"https:\\\/\\\/transamerica93.com.br\\\/home\\\/\"},{\"@type\":\"ListItem\",\"position\":2,\"name\":\"Brasileir\u00e3o tem 5 t\u00e9cnicos demitidos em 6 rodadas; veja quem podem ser os pr\u00f3ximos\"}]},{\"@type\":\"WebSite\",\"@id\":\"https:\\\/\\\/transamerica93.com.br\\\/home\\\/#website\",\"url\":\"https:\\\/\\\/transamerica93.com.br\\\/home\\\/\",\"name\":\"Transam\u00e9rica Mococa 93,3\",\"description\":\"\",\"publisher\":{\"@id\":\"https:\\\/\\\/transamerica93.com.br\\\/home\\\/#organization\"},\"potentialAction\":[{\"@type\":\"SearchAction\",\"target\":{\"@type\":\"EntryPoint\",\"urlTemplate\":\"https:\\\/\\\/transamerica93.com.br\\\/home\\\/?s={search_term_string}\"},\"query-input\":{\"@type\":\"PropertyValueSpecification\",\"valueRequired\":true,\"valueName\":\"search_term_string\"}}],\"inLanguage\":\"pt-BR\"},{\"@type\":\"Organization\",\"@id\":\"https:\\\/\\\/transamerica93.com.br\\\/home\\\/#organization\",\"name\":\"Transam\u00e9rica Mococa 93,3\",\"url\":\"https:\\\/\\\/transamerica93.com.br\\\/home\\\/\",\"logo\":{\"@type\":\"ImageObject\",\"inLanguage\":\"pt-BR\",\"@id\":\"https:\\\/\\\/transamerica93.com.br\\\/home\\\/#\\\/schema\\\/logo\\\/image\\\/\",\"url\":\"https:\\\/\\\/transamerica93.com.br\\\/home\\\/wp-content\\\/uploads\\\/2023\\\/10\\\/logo2.png\",\"contentUrl\":\"https:\\\/\\\/transamerica93.com.br\\\/home\\\/wp-content\\\/uploads\\\/2023\\\/10\\\/logo2.png\",\"width\":800,\"height\":500,\"caption\":\"Transam\u00e9rica Mococa 93,3\"},\"image\":{\"@id\":\"https:\\\/\\\/transamerica93.com.br\\\/home\\\/#\\\/schema\\\/logo\\\/image\\\/\"},\"sameAs\":[\"https:\\\/\\\/www.facebook.com\\\/transamericamococa\",\"https:\\\/\\\/x.com\\\/transamerica933\",\"https:\\\/\\\/www.instagram.com\\\/transamericamococa\"]},{\"@type\":\"Person\",\"@id\":\"https:\\\/\\\/transamerica93.com.br\\\/home\\\/#\\\/schema\\\/person\\\/7fed7c99c0d4562efa8561bc0f543172\",\"name\":\"Reda\u00e7\u00e3o\",\"image\":{\"@type\":\"ImageObject\",\"inLanguage\":\"pt-BR\",\"@id\":\"https:\\\/\\\/secure.gravatar.com\\\/avatar\\\/1072c6b775fb02ef8506ce967551d95926669a6b7d2c2147b42eea4d7c68395e?s=96&d=mm&r=g\",\"url\":\"https:\\\/\\\/secure.gravatar.com\\\/avatar\\\/1072c6b775fb02ef8506ce967551d95926669a6b7d2c2147b42eea4d7c68395e?s=96&d=mm&r=g\",\"contentUrl\":\"https:\\\/\\\/secure.gravatar.com\\\/avatar\\\/1072c6b775fb02ef8506ce967551d95926669a6b7d2c2147b42eea4d7c68395e?s=96&d=mm&r=g\",\"caption\":\"Reda\u00e7\u00e3o\"},\"sameAs\":[\"https:\\\/\\\/transamerica93.com.br\\\/home\"],\"url\":\"https:\\\/\\\/transamerica93.com.br\\\/home\\\/author\\\/william\\\/\"}]}<\/script>\n<!-- \/ Yoast SEO plugin. -->","yoast_head_json":{"title":"Brasileir\u00e3o tem 5 t\u00e9cnicos demitidos em 6 rodadas; veja quem podem ser os pr\u00f3ximos - Transam\u00e9rica Mococa 93,3","robots":{"index":"index","follow":"follow","max-snippet":"max-snippet:-1","max-image-preview":"max-image-preview:large","max-video-preview":"max-video-preview:-1"},"canonical":"https:\/\/transamerica93.com.br\/home\/brasileirao-tem-5-tecnicos-demitidos-em-6-rodadas-veja-quem-podem-ser-os-proximos\/","og_locale":"pt_BR","og_type":"article","og_title":"Brasileir\u00e3o tem 5 t\u00e9cnicos demitidos em 6 rodadas; veja quem podem ser os pr\u00f3ximos - Transam\u00e9rica Mococa 93,3","og_description":"A derrota do Vasco diante do Cruzeiro, pela sexta rodada, fez com que F\u00e1bio Carille fosse demitido pelo presidente Pedrinho ainda na entrevista coletiva &#8211; Felipe Loureiro assumiu o comando de forma interina. A queda do treinador faz o Brasileir\u00e3o acumular a demiss\u00e3o de cinco t\u00e9cnicos em apenas seis rodadas. &#8220;Sempre acreditei muito na quest\u00e3o &hellip;","og_url":"https:\/\/transamerica93.com.br\/home\/brasileirao-tem-5-tecnicos-demitidos-em-6-rodadas-veja-quem-podem-ser-os-proximos\/","og_site_name":"Transam\u00e9rica Mococa 93,3","article_publisher":"https:\/\/www.facebook.com\/transamericamococa","article_published_time":"2025-05-16T15:00:11+00:00","og_image":[{"width":2048,"height":773,"url":"https:\/\/transamerica93.com.br\/home\/wp-content\/uploads\/2025\/05\/1-48.jpg","type":"image\/jpeg"}],"author":"Reda\u00e7\u00e3o","twitter_card":"summary_large_image","twitter_creator":"@transamerica933","twitter_site":"@transamerica933","twitter_misc":{"Escrito por":"Reda\u00e7\u00e3o","Est. tempo de leitura":"1 minuto"},"schema":{"@context":"https:\/\/schema.org","@graph":[{"@type":"Article","@id":"https:\/\/transamerica93.com.br\/home\/brasileirao-tem-5-tecnicos-demitidos-em-6-rodadas-veja-quem-podem-ser-os-proximos\/#article","isPartOf":{"@id":"https:\/\/transamerica93.com.br\/home\/brasileirao-tem-5-tecnicos-demitidos-em-6-rodadas-veja-quem-podem-ser-os-proximos\/"},"author":{"name":"Reda\u00e7\u00e3o","@id":"https:\/\/transamerica93.com.br\/home\/#\/schema\/person\/7fed7c99c0d4562efa8561bc0f543172"},"headline":"Brasileir\u00e3o tem 5 t\u00e9cnicos demitidos em 6 rodadas; veja quem podem ser os pr\u00f3ximos","datePublished":"2025-05-16T15:00:11+00:00","mainEntityOfPage":{"@id":"https:\/\/transamerica93.com.br\/home\/brasileirao-tem-5-tecnicos-demitidos-em-6-rodadas-veja-quem-podem-ser-os-proximos\/"},"wordCount":647,"publisher":{"@id":"https:\/\/transamerica93.com.br\/home\/#organization"},"image":{"@id":"https:\/\/transamerica93.com.br\/home\/brasileirao-tem-5-tecnicos-demitidos-em-6-rodadas-veja-quem-podem-ser-os-proximos\/#primaryimage"},"thumbnailUrl":"https:\/\/transamerica93.com.br\/home\/wp-content\/uploads\/2025\/05\/1-48.jpg","articleSection":["Esportes"],"inLanguage":"pt-BR"},{"@type":"WebPage","@id":"https:\/\/transamerica93.com.br\/home\/brasileirao-tem-5-tecnicos-demitidos-em-6-rodadas-veja-quem-podem-ser-os-proximos\/","url":"https:\/\/transamerica93.com.br\/home\/brasileirao-tem-5-tecnicos-demitidos-em-6-rodadas-veja-quem-podem-ser-os-proximos\/","name":"Brasileir\u00e3o tem 5 t\u00e9cnicos demitidos em 6 rodadas; veja quem podem ser os pr\u00f3ximos - Transam\u00e9rica Mococa 93,3","isPartOf":{"@id":"https:\/\/transamerica93.com.br\/home\/#website"},"primaryImageOfPage":{"@id":"https:\/\/transamerica93.com.br\/home\/brasileirao-tem-5-tecnicos-demitidos-em-6-rodadas-veja-quem-podem-ser-os-proximos\/#primaryimage"},"image":{"@id":"https:\/\/transamerica93.com.br\/home\/brasileirao-tem-5-tecnicos-demitidos-em-6-rodadas-veja-quem-podem-ser-os-proximos\/#primaryimage"},"thumbnailUrl":"https:\/\/transamerica93.com.br\/home\/wp-content\/uploads\/2025\/05\/1-48.jpg","datePublished":"2025-05-16T15:00:11+00:00","breadcrumb":{"@id":"https:\/\/transamerica93.com.br\/home\/brasileirao-tem-5-tecnicos-demitidos-em-6-rodadas-veja-quem-podem-ser-os-proximos\/#breadcrumb"},"inLanguage":"pt-BR","potentialAction":[{"@type":"ReadAction","target":["https:\/\/transamerica93.com.br\/home\/brasileirao-tem-5-tecnicos-demitidos-em-6-rodadas-veja-quem-podem-ser-os-proximos\/"]}]},{"@type":"ImageObject","inLanguage":"pt-BR","@id":"https:\/\/transamerica93.com.br\/home\/brasileirao-tem-5-tecnicos-demitidos-em-6-rodadas-veja-quem-podem-ser-os-proximos\/#primaryimage","url":"https:\/\/transamerica93.com.br\/home\/wp-content\/uploads\/2025\/05\/1-48.jpg","contentUrl":"https:\/\/transamerica93.com.br\/home\/wp-content\/uploads\/2025\/05\/1-48.jpg","width":2048,"height":773},{"@type":"BreadcrumbList","@id":"https:\/\/transamerica93.com.br\/home\/brasileirao-tem-5-tecnicos-demitidos-em-6-rodadas-veja-quem-podem-ser-os-proximos\/#breadcrumb","itemListElement":[{"@type":"ListItem","position":1,"name":"In\u00edcio","item":"https:\/\/transamerica93.com.br\/home\/"},{"@type":"ListItem","position":2,"name":"Brasileir\u00e3o tem 5 t\u00e9cnicos demitidos em 6 rodadas; veja quem podem ser os pr\u00f3ximos"}]},{"@type":"WebSite","@id":"https:\/\/transamerica93.com.br\/home\/#website","url":"https:\/\/transamerica93.com.br\/home\/","name":"Transam\u00e9rica Mococa 93,3","description":"","publisher":{"@id":"https:\/\/transamerica93.com.br\/home\/#organization"},"potentialAction":[{"@type":"SearchAction","target":{"@type":"EntryPoint","urlTemplate":"https:\/\/transamerica93.com.br\/home\/?s={search_term_string}"},"query-input":{"@type":"PropertyValueSpecification","valueRequired":true,"valueName":"search_term_string"}}],"inLanguage":"pt-BR"},{"@type":"Organization","@id":"https:\/\/transamerica93.com.br\/home\/#organization","name":"Transam\u00e9rica Mococa 93,3","url":"https:\/\/transamerica93.com.br\/home\/","logo":{"@type":"ImageObject","inLanguage":"pt-BR","@id":"https:\/\/transamerica93.com.br\/home\/#\/schema\/logo\/image\/","url":"https:\/\/transamerica93.com.br\/home\/wp-content\/uploads\/2023\/10\/logo2.png","contentUrl":"https:\/\/transamerica93.com.br\/home\/wp-content\/uploads\/2023\/10\/logo2.png","width":800,"height":500,"caption":"Transam\u00e9rica Mococa 93,3"},"image":{"@id":"https:\/\/transamerica93.com.br\/home\/#\/schema\/logo\/image\/"},"sameAs":["https:\/\/www.facebook.com\/transamericamococa","https:\/\/x.com\/transamerica933","https:\/\/www.instagram.com\/transamericamococa"]},{"@type":"Person","@id":"https:\/\/transamerica93.com.br\/home\/#\/schema\/person\/7fed7c99c0d4562efa8561bc0f543172","name":"Reda\u00e7\u00e3o","image":{"@type":"ImageObject","inLanguage":"pt-BR","@id":"https:\/\/secure.gravatar.com\/avatar\/1072c6b775fb02ef8506ce967551d95926669a6b7d2c2147b42eea4d7c68395e?s=96&d=mm&r=g","url":"https:\/\/secure.gravatar.com\/avatar\/1072c6b775fb02ef8506ce967551d95926669a6b7d2c2147b42eea4d7c68395e?s=96&d=mm&r=g","contentUrl":"https:\/\/secure.gravatar.com\/avatar\/1072c6b775fb02ef8506ce967551d95926669a6b7d2c2147b42eea4d7c68395e?s=96&d=mm&r=g","caption":"Reda\u00e7\u00e3o"},"sameAs":["https:\/\/transamerica93.com.br\/home"],"url":"https:\/\/transamerica93.com.br\/home\/author\/william\/"}]}},"_links":{"self":[{"href":"https:\/\/transamerica93.com.br\/home\/wp-json\/wp\/v2\/posts\/5404","targetHints":{"allow":["GET"]}}],"collection":[{"href":"https:\/\/transamerica93.com.br\/home\/wp-json\/wp\/v2\/posts"}],"about":[{"href":"https:\/\/transamerica93.com.br\/home\/wp-json\/wp\/v2\/types\/post"}],"author":[{"embeddable":true,"href":"https:\/\/transamerica93.com.br\/home\/wp-json\/wp\/v2\/users\/1"}],"replies":[{"embeddable":true,"href":"https:\/\/transamerica93.com.br\/home\/wp-json\/wp\/v2\/comments?post=5404"}],"version-history":[{"count":1,"href":"https:\/\/transamerica93.com.br\/home\/wp-json\/wp\/v2\/posts\/5404\/revisions"}],"predecessor-version":[{"id":5406,"href":"https:\/\/transamerica93.com.br\/home\/wp-json\/wp\/v2\/posts\/5404\/revisions\/5406"}],"wp:featuredmedia":[{"embeddable":true,"href":"https:\/\/transamerica93.com.br\/home\/wp-json\/wp\/v2\/media\/5405"}],"wp:attachment":[{"href":"https:\/\/transamerica93.com.br\/home\/wp-json\/wp\/v2\/media?parent=5404"}],"wp:term":[{"taxonomy":"category","embeddable":true,"href":"https:\/\/transamerica93.com.br\/home\/wp-json\/wp\/v2\/categories?post=5404"},{"taxonomy":"post_tag","embeddable":true,"href":"https:\/\/transamerica93.com.br\/home\/wp-json\/wp\/v2\/tags?post=5404"}],"curies":[{"name":"wp","href":"https:\/\/api.w.org\/{rel}","templated":true}]}}