{"id":5416,"date":"2025-05-15T15:00:00","date_gmt":"2025-05-15T18:00:00","guid":{"rendered":"https:\/\/transamerica93.com.br\/home\/?p=5416"},"modified":"2025-05-04T15:17:33","modified_gmt":"2025-05-04T18:17:33","slug":"quem-era-karen-silva-ex-the-voice-kids-que-morreu-aos-17-anos-apos-sofrer-avc-hemorragico","status":"publish","type":"post","link":"https:\/\/transamerica93.com.br\/home\/quem-era-karen-silva-ex-the-voice-kids-que-morreu-aos-17-anos-apos-sofrer-avc-hemorragico\/","title":{"rendered":"Quem era Karen Silva, ex-The Voice Kids que morreu aos 17 anos ap\u00f3s sofrer AVC hemorr\u00e1gico"},"content":{"rendered":"<div id=\"Corpo\">Por Reda\u00e7\u00e3o E+<\/p>\n<p>Karen Silva, ex-participante do\u00a0<i>The Voice Kids Brasil<\/i>, morreu aos 17 anos ap\u00f3s sofrer um AVC hemorr\u00e1gico. A informa\u00e7\u00e3o foi confirmada por meio de um comunicado publicado em seu perfil oficial no Instagram. A cantora estava internada no Hospital S\u00e3o Jo\u00e3o Batista, em Volta Redonda, no Rio de Janeiro.<\/p>\n<p>Segundo a nota, o falecimento ocorreu ap\u00f3s dias de interna\u00e7\u00e3o. A equipe pediu respeito, empatia e ora\u00e7\u00f5es ao longo da \u00faltima semana, enquanto Karen permanecia sob cuidados m\u00e9dicos.<\/p>\n<p><b>Participa\u00e7\u00e3o no \u2018The Voice Kids\u2019<\/b><\/p>\n<p>Carioca, Karen ficou conhecida em 2020 ao participar do\u00a0<i>The Voice Kids<\/i>, na TV Globo. Na \u00e9poca, ela tinha 12 anos e integrava o time do cantor Carlinhos Brown. Desde ent\u00e3o, seguiu carreira como cantora e somava quase 100 mil seguidores nas redes sociais.<\/p>\n<p>Em 2024, lan\u00e7ou sua \u00faltima m\u00fasica autoral,\u00a0<i>Gata Vira-lata<\/i>, com divulga\u00e7\u00e3o feita em seu perfil no Instagram.<\/p>\n<p><b>Comunicado ressaltou trajet\u00f3ria e impacto<\/b><\/p>\n<p>A nota publicada pela assessoria destacou a trajet\u00f3ria de Karen desde a inf\u00e2ncia e a representatividade que construiu como artista.<\/p>\n<p>&#8220;Karen encantou o Brasil com sua voz potente e presen\u00e7a marcante ainda na inf\u00e2ncia, quando participou do The Voice Kids em 2020. Desde ent\u00e3o, seguiu trilhando uma trajet\u00f3ria luminosa, unindo talento, carisma e representatividade em cada passo.&#8221;<\/p>\n<p>O texto tamb\u00e9m destacou o papel inspirador da artista: &#8220;Mais do que uma artista promissora, Karen foi um s\u00edmbolo de empoderamento, especialmente para meninas negras que encontraram nela inspira\u00e7\u00e3o e for\u00e7a para sonhar.&#8221;<\/p>\n<p>A publica\u00e7\u00e3o finalizou com um agradecimento aos pais da cantora, Manoella e Fernando, al\u00e9m de amigos e seguidores que acompanharam sua trajet\u00f3ria. &#8220;Que a lembran\u00e7a de sua luz continue a nos guiar&#8221;, encerrou o comunicado.<\/p><\/div>\n","protected":false},"excerpt":{"rendered":"<p>Por Reda\u00e7\u00e3o E+ Karen Silva, ex-participante do\u00a0The Voice Kids Brasil, morreu aos 17 anos ap\u00f3s sofrer um AVC hemorr\u00e1gico. A informa\u00e7\u00e3o foi confirmada por meio de um comunicado publicado em seu perfil oficial no Instagram. A cantora estava internada no Hospital S\u00e3o Jo\u00e3o Batista, em Volta Redonda, no Rio de Janeiro. Segundo a nota, o &hellip;<\/p>\n","protected":false},"author":1,"featured_media":5417,"comment_status":"closed","ping_status":"closed","sticky":false,"template":"","format":"standard","meta":{"footnotes":""},"categories":[25],"tags":[],"class_list":["post-5416","post","type-post","status-publish","format-standard","has-post-thumbnail","hentry","category-musica"],"yoast_head":"<!-- This site is optimized with the Yoast SEO plugin v27.4 - https:\/\/yoast.com\/product\/yoast-seo-wordpress\/ -->\n<title>Quem era Karen Silva, ex-The Voice Kids que morreu aos 17 anos ap\u00f3s sofrer AVC hemorr\u00e1gico - Transam\u00e9rica Mococa 93,3<\/title>\n<meta name=\"robots\" content=\"index, follow, max-snippet:-1, max-image-preview:large, max-video-preview:-1\" \/>\n<link rel=\"canonical\" href=\"https:\/\/transamerica93.com.br\/home\/quem-era-karen-silva-ex-the-voice-kids-que-morreu-aos-17-anos-apos-sofrer-avc-hemorragico\/\" \/>\n<meta property=\"og:locale\" content=\"pt_BR\" \/>\n<meta property=\"og:type\" content=\"article\" \/>\n<meta property=\"og:title\" content=\"Quem era Karen Silva, ex-The Voice Kids que morreu aos 17 anos ap\u00f3s sofrer AVC hemorr\u00e1gico - Transam\u00e9rica Mococa 93,3\" \/>\n<meta property=\"og:description\" content=\"Por Reda\u00e7\u00e3o E+ Karen Silva, ex-participante do\u00a0The Voice Kids Brasil, morreu aos 17 anos ap\u00f3s sofrer um AVC hemorr\u00e1gico. A informa\u00e7\u00e3o foi confirmada por meio de um comunicado publicado em seu perfil oficial no Instagram. A cantora estava internada no Hospital S\u00e3o Jo\u00e3o Batista, em Volta Redonda, no Rio de Janeiro. Segundo a nota, o &hellip;\" \/>\n<meta property=\"og:url\" content=\"https:\/\/transamerica93.com.br\/home\/quem-era-karen-silva-ex-the-voice-kids-que-morreu-aos-17-anos-apos-sofrer-avc-hemorragico\/\" \/>\n<meta property=\"og:site_name\" content=\"Transam\u00e9rica Mococa 93,3\" \/>\n<meta property=\"article:publisher\" content=\"https:\/\/www.facebook.com\/transamericamococa\" \/>\n<meta property=\"article:published_time\" content=\"2025-05-15T18:00:00+00:00\" \/>\n<meta property=\"og:image\" content=\"https:\/\/transamerica93.com.br\/home\/wp-content\/uploads\/2025\/05\/1-52.jpg\" \/>\n\t<meta property=\"og:image:width\" content=\"799\" \/>\n\t<meta property=\"og:image:height\" content=\"467\" \/>\n\t<meta property=\"og:image:type\" content=\"image\/jpeg\" \/>\n<meta name=\"author\" content=\"Reda\u00e7\u00e3o\" \/>\n<meta name=\"twitter:card\" content=\"summary_large_image\" \/>\n<meta name=\"twitter:creator\" content=\"@transamerica933\" \/>\n<meta name=\"twitter:site\" content=\"@transamerica933\" \/>\n<meta name=\"twitter:label1\" content=\"Escrito por\" \/>\n\t<meta name=\"twitter:data1\" content=\"Reda\u00e7\u00e3o\" \/>\n\t<meta name=\"twitter:label2\" content=\"Est. tempo de leitura\" \/>\n\t<meta name=\"twitter:data2\" content=\"2 minutos\" \/>\n<script type=\"application\/ld+json\" class=\"yoast-schema-graph\">{\"@context\":\"https:\\\/\\\/schema.org\",\"@graph\":[{\"@type\":\"Article\",\"@id\":\"https:\\\/\\\/transamerica93.com.br\\\/home\\\/quem-era-karen-silva-ex-the-voice-kids-que-morreu-aos-17-anos-apos-sofrer-avc-hemorragico\\\/#article\",\"isPartOf\":{\"@id\":\"https:\\\/\\\/transamerica93.com.br\\\/home\\\/quem-era-karen-silva-ex-the-voice-kids-que-morreu-aos-17-anos-apos-sofrer-avc-hemorragico\\\/\"},\"author\":{\"name\":\"Reda\u00e7\u00e3o\",\"@id\":\"https:\\\/\\\/transamerica93.com.br\\\/home\\\/#\\\/schema\\\/person\\\/7fed7c99c0d4562efa8561bc0f543172\"},\"headline\":\"Quem era Karen Silva, ex-The Voice Kids que morreu aos 17 anos ap\u00f3s sofrer AVC hemorr\u00e1gico\",\"datePublished\":\"2025-05-15T18:00:00+00:00\",\"mainEntityOfPage\":{\"@id\":\"https:\\\/\\\/transamerica93.com.br\\\/home\\\/quem-era-karen-silva-ex-the-voice-kids-que-morreu-aos-17-anos-apos-sofrer-avc-hemorragico\\\/\"},\"wordCount\":317,\"publisher\":{\"@id\":\"https:\\\/\\\/transamerica93.com.br\\\/home\\\/#organization\"},\"image\":{\"@id\":\"https:\\\/\\\/transamerica93.com.br\\\/home\\\/quem-era-karen-silva-ex-the-voice-kids-que-morreu-aos-17-anos-apos-sofrer-avc-hemorragico\\\/#primaryimage\"},\"thumbnailUrl\":\"https:\\\/\\\/transamerica93.com.br\\\/home\\\/wp-content\\\/uploads\\\/2025\\\/05\\\/1-52.jpg\",\"articleSection\":[\"M\u00fasica\"],\"inLanguage\":\"pt-BR\"},{\"@type\":\"WebPage\",\"@id\":\"https:\\\/\\\/transamerica93.com.br\\\/home\\\/quem-era-karen-silva-ex-the-voice-kids-que-morreu-aos-17-anos-apos-sofrer-avc-hemorragico\\\/\",\"url\":\"https:\\\/\\\/transamerica93.com.br\\\/home\\\/quem-era-karen-silva-ex-the-voice-kids-que-morreu-aos-17-anos-apos-sofrer-avc-hemorragico\\\/\",\"name\":\"Quem era Karen Silva, ex-The Voice Kids que morreu aos 17 anos ap\u00f3s sofrer AVC hemorr\u00e1gico - Transam\u00e9rica Mococa 93,3\",\"isPartOf\":{\"@id\":\"https:\\\/\\\/transamerica93.com.br\\\/home\\\/#website\"},\"primaryImageOfPage\":{\"@id\":\"https:\\\/\\\/transamerica93.com.br\\\/home\\\/quem-era-karen-silva-ex-the-voice-kids-que-morreu-aos-17-anos-apos-sofrer-avc-hemorragico\\\/#primaryimage\"},\"image\":{\"@id\":\"https:\\\/\\\/transamerica93.com.br\\\/home\\\/quem-era-karen-silva-ex-the-voice-kids-que-morreu-aos-17-anos-apos-sofrer-avc-hemorragico\\\/#primaryimage\"},\"thumbnailUrl\":\"https:\\\/\\\/transamerica93.com.br\\\/home\\\/wp-content\\\/uploads\\\/2025\\\/05\\\/1-52.jpg\",\"datePublished\":\"2025-05-15T18:00:00+00:00\",\"breadcrumb\":{\"@id\":\"https:\\\/\\\/transamerica93.com.br\\\/home\\\/quem-era-karen-silva-ex-the-voice-kids-que-morreu-aos-17-anos-apos-sofrer-avc-hemorragico\\\/#breadcrumb\"},\"inLanguage\":\"pt-BR\",\"potentialAction\":[{\"@type\":\"ReadAction\",\"target\":[\"https:\\\/\\\/transamerica93.com.br\\\/home\\\/quem-era-karen-silva-ex-the-voice-kids-que-morreu-aos-17-anos-apos-sofrer-avc-hemorragico\\\/\"]}]},{\"@type\":\"ImageObject\",\"inLanguage\":\"pt-BR\",\"@id\":\"https:\\\/\\\/transamerica93.com.br\\\/home\\\/quem-era-karen-silva-ex-the-voice-kids-que-morreu-aos-17-anos-apos-sofrer-avc-hemorragico\\\/#primaryimage\",\"url\":\"https:\\\/\\\/transamerica93.com.br\\\/home\\\/wp-content\\\/uploads\\\/2025\\\/05\\\/1-52.jpg\",\"contentUrl\":\"https:\\\/\\\/transamerica93.com.br\\\/home\\\/wp-content\\\/uploads\\\/2025\\\/05\\\/1-52.jpg\",\"width\":799,\"height\":467},{\"@type\":\"BreadcrumbList\",\"@id\":\"https:\\\/\\\/transamerica93.com.br\\\/home\\\/quem-era-karen-silva-ex-the-voice-kids-que-morreu-aos-17-anos-apos-sofrer-avc-hemorragico\\\/#breadcrumb\",\"itemListElement\":[{\"@type\":\"ListItem\",\"position\":1,\"name\":\"In\u00edcio\",\"item\":\"https:\\\/\\\/transamerica93.com.br\\\/home\\\/\"},{\"@type\":\"ListItem\",\"position\":2,\"name\":\"Quem era Karen Silva, ex-The Voice Kids que morreu aos 17 anos ap\u00f3s sofrer AVC hemorr\u00e1gico\"}]},{\"@type\":\"WebSite\",\"@id\":\"https:\\\/\\\/transamerica93.com.br\\\/home\\\/#website\",\"url\":\"https:\\\/\\\/transamerica93.com.br\\\/home\\\/\",\"name\":\"Transam\u00e9rica Mococa 93,3\",\"description\":\"\",\"publisher\":{\"@id\":\"https:\\\/\\\/transamerica93.com.br\\\/home\\\/#organization\"},\"potentialAction\":[{\"@type\":\"SearchAction\",\"target\":{\"@type\":\"EntryPoint\",\"urlTemplate\":\"https:\\\/\\\/transamerica93.com.br\\\/home\\\/?s={search_term_string}\"},\"query-input\":{\"@type\":\"PropertyValueSpecification\",\"valueRequired\":true,\"valueName\":\"search_term_string\"}}],\"inLanguage\":\"pt-BR\"},{\"@type\":\"Organization\",\"@id\":\"https:\\\/\\\/transamerica93.com.br\\\/home\\\/#organization\",\"name\":\"Transam\u00e9rica Mococa 93,3\",\"url\":\"https:\\\/\\\/transamerica93.com.br\\\/home\\\/\",\"logo\":{\"@type\":\"ImageObject\",\"inLanguage\":\"pt-BR\",\"@id\":\"https:\\\/\\\/transamerica93.com.br\\\/home\\\/#\\\/schema\\\/logo\\\/image\\\/\",\"url\":\"https:\\\/\\\/transamerica93.com.br\\\/home\\\/wp-content\\\/uploads\\\/2023\\\/10\\\/logo2.png\",\"contentUrl\":\"https:\\\/\\\/transamerica93.com.br\\\/home\\\/wp-content\\\/uploads\\\/2023\\\/10\\\/logo2.png\",\"width\":800,\"height\":500,\"caption\":\"Transam\u00e9rica Mococa 93,3\"},\"image\":{\"@id\":\"https:\\\/\\\/transamerica93.com.br\\\/home\\\/#\\\/schema\\\/logo\\\/image\\\/\"},\"sameAs\":[\"https:\\\/\\\/www.facebook.com\\\/transamericamococa\",\"https:\\\/\\\/x.com\\\/transamerica933\",\"https:\\\/\\\/www.instagram.com\\\/transamericamococa\"]},{\"@type\":\"Person\",\"@id\":\"https:\\\/\\\/transamerica93.com.br\\\/home\\\/#\\\/schema\\\/person\\\/7fed7c99c0d4562efa8561bc0f543172\",\"name\":\"Reda\u00e7\u00e3o\",\"image\":{\"@type\":\"ImageObject\",\"inLanguage\":\"pt-BR\",\"@id\":\"https:\\\/\\\/secure.gravatar.com\\\/avatar\\\/1072c6b775fb02ef8506ce967551d95926669a6b7d2c2147b42eea4d7c68395e?s=96&d=mm&r=g\",\"url\":\"https:\\\/\\\/secure.gravatar.com\\\/avatar\\\/1072c6b775fb02ef8506ce967551d95926669a6b7d2c2147b42eea4d7c68395e?s=96&d=mm&r=g\",\"contentUrl\":\"https:\\\/\\\/secure.gravatar.com\\\/avatar\\\/1072c6b775fb02ef8506ce967551d95926669a6b7d2c2147b42eea4d7c68395e?s=96&d=mm&r=g\",\"caption\":\"Reda\u00e7\u00e3o\"},\"sameAs\":[\"https:\\\/\\\/transamerica93.com.br\\\/home\"],\"url\":\"https:\\\/\\\/transamerica93.com.br\\\/home\\\/author\\\/william\\\/\"}]}<\/script>\n<!-- \/ Yoast SEO plugin. -->","yoast_head_json":{"title":"Quem era Karen Silva, ex-The Voice Kids que morreu aos 17 anos ap\u00f3s sofrer AVC hemorr\u00e1gico - Transam\u00e9rica Mococa 93,3","robots":{"index":"index","follow":"follow","max-snippet":"max-snippet:-1","max-image-preview":"max-image-preview:large","max-video-preview":"max-video-preview:-1"},"canonical":"https:\/\/transamerica93.com.br\/home\/quem-era-karen-silva-ex-the-voice-kids-que-morreu-aos-17-anos-apos-sofrer-avc-hemorragico\/","og_locale":"pt_BR","og_type":"article","og_title":"Quem era Karen Silva, ex-The Voice Kids que morreu aos 17 anos ap\u00f3s sofrer AVC hemorr\u00e1gico - Transam\u00e9rica Mococa 93,3","og_description":"Por Reda\u00e7\u00e3o E+ Karen Silva, ex-participante do\u00a0The Voice Kids Brasil, morreu aos 17 anos ap\u00f3s sofrer um AVC hemorr\u00e1gico. A informa\u00e7\u00e3o foi confirmada por meio de um comunicado publicado em seu perfil oficial no Instagram. A cantora estava internada no Hospital S\u00e3o Jo\u00e3o Batista, em Volta Redonda, no Rio de Janeiro. Segundo a nota, o &hellip;","og_url":"https:\/\/transamerica93.com.br\/home\/quem-era-karen-silva-ex-the-voice-kids-que-morreu-aos-17-anos-apos-sofrer-avc-hemorragico\/","og_site_name":"Transam\u00e9rica Mococa 93,3","article_publisher":"https:\/\/www.facebook.com\/transamericamococa","article_published_time":"2025-05-15T18:00:00+00:00","og_image":[{"width":799,"height":467,"url":"https:\/\/transamerica93.com.br\/home\/wp-content\/uploads\/2025\/05\/1-52.jpg","type":"image\/jpeg"}],"author":"Reda\u00e7\u00e3o","twitter_card":"summary_large_image","twitter_creator":"@transamerica933","twitter_site":"@transamerica933","twitter_misc":{"Escrito por":"Reda\u00e7\u00e3o","Est. tempo de leitura":"2 minutos"},"schema":{"@context":"https:\/\/schema.org","@graph":[{"@type":"Article","@id":"https:\/\/transamerica93.com.br\/home\/quem-era-karen-silva-ex-the-voice-kids-que-morreu-aos-17-anos-apos-sofrer-avc-hemorragico\/#article","isPartOf":{"@id":"https:\/\/transamerica93.com.br\/home\/quem-era-karen-silva-ex-the-voice-kids-que-morreu-aos-17-anos-apos-sofrer-avc-hemorragico\/"},"author":{"name":"Reda\u00e7\u00e3o","@id":"https:\/\/transamerica93.com.br\/home\/#\/schema\/person\/7fed7c99c0d4562efa8561bc0f543172"},"headline":"Quem era Karen Silva, ex-The Voice Kids que morreu aos 17 anos ap\u00f3s sofrer AVC hemorr\u00e1gico","datePublished":"2025-05-15T18:00:00+00:00","mainEntityOfPage":{"@id":"https:\/\/transamerica93.com.br\/home\/quem-era-karen-silva-ex-the-voice-kids-que-morreu-aos-17-anos-apos-sofrer-avc-hemorragico\/"},"wordCount":317,"publisher":{"@id":"https:\/\/transamerica93.com.br\/home\/#organization"},"image":{"@id":"https:\/\/transamerica93.com.br\/home\/quem-era-karen-silva-ex-the-voice-kids-que-morreu-aos-17-anos-apos-sofrer-avc-hemorragico\/#primaryimage"},"thumbnailUrl":"https:\/\/transamerica93.com.br\/home\/wp-content\/uploads\/2025\/05\/1-52.jpg","articleSection":["M\u00fasica"],"inLanguage":"pt-BR"},{"@type":"WebPage","@id":"https:\/\/transamerica93.com.br\/home\/quem-era-karen-silva-ex-the-voice-kids-que-morreu-aos-17-anos-apos-sofrer-avc-hemorragico\/","url":"https:\/\/transamerica93.com.br\/home\/quem-era-karen-silva-ex-the-voice-kids-que-morreu-aos-17-anos-apos-sofrer-avc-hemorragico\/","name":"Quem era Karen Silva, ex-The Voice Kids que morreu aos 17 anos ap\u00f3s sofrer AVC hemorr\u00e1gico - Transam\u00e9rica Mococa 93,3","isPartOf":{"@id":"https:\/\/transamerica93.com.br\/home\/#website"},"primaryImageOfPage":{"@id":"https:\/\/transamerica93.com.br\/home\/quem-era-karen-silva-ex-the-voice-kids-que-morreu-aos-17-anos-apos-sofrer-avc-hemorragico\/#primaryimage"},"image":{"@id":"https:\/\/transamerica93.com.br\/home\/quem-era-karen-silva-ex-the-voice-kids-que-morreu-aos-17-anos-apos-sofrer-avc-hemorragico\/#primaryimage"},"thumbnailUrl":"https:\/\/transamerica93.com.br\/home\/wp-content\/uploads\/2025\/05\/1-52.jpg","datePublished":"2025-05-15T18:00:00+00:00","breadcrumb":{"@id":"https:\/\/transamerica93.com.br\/home\/quem-era-karen-silva-ex-the-voice-kids-que-morreu-aos-17-anos-apos-sofrer-avc-hemorragico\/#breadcrumb"},"inLanguage":"pt-BR","potentialAction":[{"@type":"ReadAction","target":["https:\/\/transamerica93.com.br\/home\/quem-era-karen-silva-ex-the-voice-kids-que-morreu-aos-17-anos-apos-sofrer-avc-hemorragico\/"]}]},{"@type":"ImageObject","inLanguage":"pt-BR","@id":"https:\/\/transamerica93.com.br\/home\/quem-era-karen-silva-ex-the-voice-kids-que-morreu-aos-17-anos-apos-sofrer-avc-hemorragico\/#primaryimage","url":"https:\/\/transamerica93.com.br\/home\/wp-content\/uploads\/2025\/05\/1-52.jpg","contentUrl":"https:\/\/transamerica93.com.br\/home\/wp-content\/uploads\/2025\/05\/1-52.jpg","width":799,"height":467},{"@type":"BreadcrumbList","@id":"https:\/\/transamerica93.com.br\/home\/quem-era-karen-silva-ex-the-voice-kids-que-morreu-aos-17-anos-apos-sofrer-avc-hemorragico\/#breadcrumb","itemListElement":[{"@type":"ListItem","position":1,"name":"In\u00edcio","item":"https:\/\/transamerica93.com.br\/home\/"},{"@type":"ListItem","position":2,"name":"Quem era Karen Silva, ex-The Voice Kids que morreu aos 17 anos ap\u00f3s sofrer AVC hemorr\u00e1gico"}]},{"@type":"WebSite","@id":"https:\/\/transamerica93.com.br\/home\/#website","url":"https:\/\/transamerica93.com.br\/home\/","name":"Transam\u00e9rica Mococa 93,3","description":"","publisher":{"@id":"https:\/\/transamerica93.com.br\/home\/#organization"},"potentialAction":[{"@type":"SearchAction","target":{"@type":"EntryPoint","urlTemplate":"https:\/\/transamerica93.com.br\/home\/?s={search_term_string}"},"query-input":{"@type":"PropertyValueSpecification","valueRequired":true,"valueName":"search_term_string"}}],"inLanguage":"pt-BR"},{"@type":"Organization","@id":"https:\/\/transamerica93.com.br\/home\/#organization","name":"Transam\u00e9rica Mococa 93,3","url":"https:\/\/transamerica93.com.br\/home\/","logo":{"@type":"ImageObject","inLanguage":"pt-BR","@id":"https:\/\/transamerica93.com.br\/home\/#\/schema\/logo\/image\/","url":"https:\/\/transamerica93.com.br\/home\/wp-content\/uploads\/2023\/10\/logo2.png","contentUrl":"https:\/\/transamerica93.com.br\/home\/wp-content\/uploads\/2023\/10\/logo2.png","width":800,"height":500,"caption":"Transam\u00e9rica Mococa 93,3"},"image":{"@id":"https:\/\/transamerica93.com.br\/home\/#\/schema\/logo\/image\/"},"sameAs":["https:\/\/www.facebook.com\/transamericamococa","https:\/\/x.com\/transamerica933","https:\/\/www.instagram.com\/transamericamococa"]},{"@type":"Person","@id":"https:\/\/transamerica93.com.br\/home\/#\/schema\/person\/7fed7c99c0d4562efa8561bc0f543172","name":"Reda\u00e7\u00e3o","image":{"@type":"ImageObject","inLanguage":"pt-BR","@id":"https:\/\/secure.gravatar.com\/avatar\/1072c6b775fb02ef8506ce967551d95926669a6b7d2c2147b42eea4d7c68395e?s=96&d=mm&r=g","url":"https:\/\/secure.gravatar.com\/avatar\/1072c6b775fb02ef8506ce967551d95926669a6b7d2c2147b42eea4d7c68395e?s=96&d=mm&r=g","contentUrl":"https:\/\/secure.gravatar.com\/avatar\/1072c6b775fb02ef8506ce967551d95926669a6b7d2c2147b42eea4d7c68395e?s=96&d=mm&r=g","caption":"Reda\u00e7\u00e3o"},"sameAs":["https:\/\/transamerica93.com.br\/home"],"url":"https:\/\/transamerica93.com.br\/home\/author\/william\/"}]}},"_links":{"self":[{"href":"https:\/\/transamerica93.com.br\/home\/wp-json\/wp\/v2\/posts\/5416","targetHints":{"allow":["GET"]}}],"collection":[{"href":"https:\/\/transamerica93.com.br\/home\/wp-json\/wp\/v2\/posts"}],"about":[{"href":"https:\/\/transamerica93.com.br\/home\/wp-json\/wp\/v2\/types\/post"}],"author":[{"embeddable":true,"href":"https:\/\/transamerica93.com.br\/home\/wp-json\/wp\/v2\/users\/1"}],"replies":[{"embeddable":true,"href":"https:\/\/transamerica93.com.br\/home\/wp-json\/wp\/v2\/comments?post=5416"}],"version-history":[{"count":2,"href":"https:\/\/transamerica93.com.br\/home\/wp-json\/wp\/v2\/posts\/5416\/revisions"}],"predecessor-version":[{"id":5419,"href":"https:\/\/transamerica93.com.br\/home\/wp-json\/wp\/v2\/posts\/5416\/revisions\/5419"}],"wp:featuredmedia":[{"embeddable":true,"href":"https:\/\/transamerica93.com.br\/home\/wp-json\/wp\/v2\/media\/5417"}],"wp:attachment":[{"href":"https:\/\/transamerica93.com.br\/home\/wp-json\/wp\/v2\/media?parent=5416"}],"wp:term":[{"taxonomy":"category","embeddable":true,"href":"https:\/\/transamerica93.com.br\/home\/wp-json\/wp\/v2\/categories?post=5416"},{"taxonomy":"post_tag","embeddable":true,"href":"https:\/\/transamerica93.com.br\/home\/wp-json\/wp\/v2\/tags?post=5416"}],"curies":[{"name":"wp","href":"https:\/\/api.w.org\/{rel}","templated":true}]}}