{"id":5427,"date":"2025-05-13T18:00:18","date_gmt":"2025-05-13T21:00:18","guid":{"rendered":"https:\/\/transamerica93.com.br\/home\/?p=5427"},"modified":"2025-05-04T15:22:24","modified_gmt":"2025-05-04T18:22:24","slug":"sequencia-de-a-paixao-de-cristo-rejuvenescera-jim-caviezel-com-efeitos-especiais","status":"publish","type":"post","link":"https:\/\/transamerica93.com.br\/home\/sequencia-de-a-paixao-de-cristo-rejuvenescera-jim-caviezel-com-efeitos-especiais\/","title":{"rendered":"Sequ\u00eancia de &#8216;A Paix\u00e3o de Cristo&#8217; rejuvenescer\u00e1 Jim Caviezel com efeitos especiais"},"content":{"rendered":"<h6 class=\"Assina\">Por Nico Gar\u00f3falo<\/h6>\n<p>Jim Caviezel voltar\u00e1 a viver Jesus Cristo em\u00a0<i>The Resurrection of the Christ<\/i>, sequ\u00eancia de\u00a0<i>A Paix\u00e3o de Cristo<\/i>\u00a0que contar\u00e1 com o retorno de Mel Gibson na dire\u00e7\u00e3o. O ator atualmente tem 56 anos e o filme usar\u00e1 computa\u00e7\u00e3o gr\u00e1fica para rejuvenescer seu rosto, deixando-o novamente com apar\u00eancia de 33 anos.<\/p>\n<p>A sequ\u00eancia ser\u00e1 gravada 20 anos depois do filme original, embora, na trama, o tempo passado entre as hist\u00f3rias seja de apenas tr\u00eas dias. &#8220;[O filme] tem problemas particulares, mas acho que consigo resolv\u00ea-los&#8221;, disse Gibson em entrevista ao podcast de John Rogan.<\/p>\n<p>A tecnologia de rejuvenescer atores tem se tornado ferramenta frequente nos \u00faltimos anos em Hollywood, tendo ganhado destaque ap\u00f3s o uso em\u00a0<i>O Irland\u00eas<\/i>, filme de Martin Scorsese em que Robert De Niro, Al Pacino e Joe Pesci ganharam vers\u00f5es mais jovens usando a tecnologia.<\/p>\n<p>O diretor definiu o filme como uma &#8220;viagem de \u00e1cido&#8221;, dizendo que a trama pode mostrar Jesus explorando o Hades, lidando com anjos ca\u00eddos e vagando pelo Inferno antes de sua ressurrei\u00e7\u00e3o. &#8220;\u00c9 uma guerra&#8221;, disse Caviezel sobre voltar ao papel. &#8220;N\u00e3o estou interpretando Jesus, estou pedindo para que ele trabalhe atrav\u00e9s de mim.&#8221;<\/p>\n<p>Al\u00e9m de Caviezel, Maia Morgenstern e Francesco De Vito retornam ao elenco como Maria e Pedro, respectivamente. Gibson dirige e assina o roteiro ao lado do irm\u00e3o, Donal Gibson, e Randall Wallace (<i>Cora\u00e7\u00e3o Valente<\/i>).<\/p>\n<p><i>The Resurrection of the Christ<\/i>\u00a0come\u00e7ar\u00e1 a ser filmado no segundo semestre de 2025, na It\u00e1lia, e tem estreia prevista para 2026.<\/p>\n<p><i>A Paix\u00e3o de Cristo<\/i>\u00a0est\u00e1 dispon\u00edvel na Netflix.<\/p>\n","protected":false},"excerpt":{"rendered":"<p>Por Nico Gar\u00f3falo Jim Caviezel voltar\u00e1 a viver Jesus Cristo em\u00a0The Resurrection of the Christ, sequ\u00eancia de\u00a0A Paix\u00e3o de Cristo\u00a0que contar\u00e1 com o retorno de Mel Gibson na dire\u00e7\u00e3o. O ator atualmente tem 56 anos e o filme usar\u00e1 computa\u00e7\u00e3o gr\u00e1fica para rejuvenescer seu rosto, deixando-o novamente com apar\u00eancia de 33 anos. A sequ\u00eancia ser\u00e1 &hellip;<\/p>\n","protected":false},"author":1,"featured_media":5428,"comment_status":"closed","ping_status":"closed","sticky":false,"template":"","format":"standard","meta":{"footnotes":""},"categories":[24],"tags":[],"class_list":["post-5427","post","type-post","status-publish","format-standard","has-post-thumbnail","hentry","category-entretenimento"],"yoast_head":"<!-- This site is optimized with the Yoast SEO plugin v27.4 - https:\/\/yoast.com\/product\/yoast-seo-wordpress\/ -->\n<title>Sequ\u00eancia de &#039;A Paix\u00e3o de Cristo&#039; rejuvenescer\u00e1 Jim Caviezel com efeitos especiais - Transam\u00e9rica Mococa 93,3<\/title>\n<meta name=\"robots\" content=\"index, follow, max-snippet:-1, max-image-preview:large, max-video-preview:-1\" \/>\n<link rel=\"canonical\" href=\"https:\/\/transamerica93.com.br\/home\/sequencia-de-a-paixao-de-cristo-rejuvenescera-jim-caviezel-com-efeitos-especiais\/\" \/>\n<meta property=\"og:locale\" content=\"pt_BR\" \/>\n<meta property=\"og:type\" content=\"article\" \/>\n<meta property=\"og:title\" content=\"Sequ\u00eancia de &#039;A Paix\u00e3o de Cristo&#039; rejuvenescer\u00e1 Jim Caviezel com efeitos especiais - Transam\u00e9rica Mococa 93,3\" \/>\n<meta property=\"og:description\" content=\"Por Nico Gar\u00f3falo Jim Caviezel voltar\u00e1 a viver Jesus Cristo em\u00a0The Resurrection of the Christ, sequ\u00eancia de\u00a0A Paix\u00e3o de Cristo\u00a0que contar\u00e1 com o retorno de Mel Gibson na dire\u00e7\u00e3o. O ator atualmente tem 56 anos e o filme usar\u00e1 computa\u00e7\u00e3o gr\u00e1fica para rejuvenescer seu rosto, deixando-o novamente com apar\u00eancia de 33 anos. A sequ\u00eancia ser\u00e1 &hellip;\" \/>\n<meta property=\"og:url\" content=\"https:\/\/transamerica93.com.br\/home\/sequencia-de-a-paixao-de-cristo-rejuvenescera-jim-caviezel-com-efeitos-especiais\/\" \/>\n<meta property=\"og:site_name\" content=\"Transam\u00e9rica Mococa 93,3\" \/>\n<meta property=\"article:publisher\" content=\"https:\/\/www.facebook.com\/transamericamococa\" \/>\n<meta property=\"article:published_time\" content=\"2025-05-13T21:00:18+00:00\" \/>\n<meta property=\"og:image\" content=\"https:\/\/transamerica93.com.br\/home\/wp-content\/uploads\/2025\/05\/1-55.jpg\" \/>\n\t<meta property=\"og:image:width\" content=\"1200\" \/>\n\t<meta property=\"og:image:height\" content=\"627\" \/>\n\t<meta property=\"og:image:type\" content=\"image\/jpeg\" \/>\n<meta name=\"author\" content=\"Reda\u00e7\u00e3o\" \/>\n<meta name=\"twitter:card\" content=\"summary_large_image\" \/>\n<meta name=\"twitter:creator\" content=\"@transamerica933\" \/>\n<meta name=\"twitter:site\" content=\"@transamerica933\" \/>\n<meta name=\"twitter:label1\" content=\"Escrito por\" \/>\n\t<meta name=\"twitter:data1\" content=\"Reda\u00e7\u00e3o\" \/>\n\t<meta name=\"twitter:label2\" content=\"Est. tempo de leitura\" \/>\n\t<meta name=\"twitter:data2\" content=\"2 minutos\" \/>\n<script type=\"application\/ld+json\" class=\"yoast-schema-graph\">{\"@context\":\"https:\\\/\\\/schema.org\",\"@graph\":[{\"@type\":\"Article\",\"@id\":\"https:\\\/\\\/transamerica93.com.br\\\/home\\\/sequencia-de-a-paixao-de-cristo-rejuvenescera-jim-caviezel-com-efeitos-especiais\\\/#article\",\"isPartOf\":{\"@id\":\"https:\\\/\\\/transamerica93.com.br\\\/home\\\/sequencia-de-a-paixao-de-cristo-rejuvenescera-jim-caviezel-com-efeitos-especiais\\\/\"},\"author\":{\"name\":\"Reda\u00e7\u00e3o\",\"@id\":\"https:\\\/\\\/transamerica93.com.br\\\/home\\\/#\\\/schema\\\/person\\\/7fed7c99c0d4562efa8561bc0f543172\"},\"headline\":\"Sequ\u00eancia de &#8216;A Paix\u00e3o de Cristo&#8217; rejuvenescer\u00e1 Jim Caviezel com efeitos especiais\",\"datePublished\":\"2025-05-13T21:00:18+00:00\",\"mainEntityOfPage\":{\"@id\":\"https:\\\/\\\/transamerica93.com.br\\\/home\\\/sequencia-de-a-paixao-de-cristo-rejuvenescera-jim-caviezel-com-efeitos-especiais\\\/\"},\"wordCount\":294,\"publisher\":{\"@id\":\"https:\\\/\\\/transamerica93.com.br\\\/home\\\/#organization\"},\"image\":{\"@id\":\"https:\\\/\\\/transamerica93.com.br\\\/home\\\/sequencia-de-a-paixao-de-cristo-rejuvenescera-jim-caviezel-com-efeitos-especiais\\\/#primaryimage\"},\"thumbnailUrl\":\"https:\\\/\\\/transamerica93.com.br\\\/home\\\/wp-content\\\/uploads\\\/2025\\\/05\\\/1-55.jpg\",\"articleSection\":[\"Entretenimento\"],\"inLanguage\":\"pt-BR\"},{\"@type\":\"WebPage\",\"@id\":\"https:\\\/\\\/transamerica93.com.br\\\/home\\\/sequencia-de-a-paixao-de-cristo-rejuvenescera-jim-caviezel-com-efeitos-especiais\\\/\",\"url\":\"https:\\\/\\\/transamerica93.com.br\\\/home\\\/sequencia-de-a-paixao-de-cristo-rejuvenescera-jim-caviezel-com-efeitos-especiais\\\/\",\"name\":\"Sequ\u00eancia de 'A Paix\u00e3o de Cristo' rejuvenescer\u00e1 Jim Caviezel com efeitos especiais - Transam\u00e9rica Mococa 93,3\",\"isPartOf\":{\"@id\":\"https:\\\/\\\/transamerica93.com.br\\\/home\\\/#website\"},\"primaryImageOfPage\":{\"@id\":\"https:\\\/\\\/transamerica93.com.br\\\/home\\\/sequencia-de-a-paixao-de-cristo-rejuvenescera-jim-caviezel-com-efeitos-especiais\\\/#primaryimage\"},\"image\":{\"@id\":\"https:\\\/\\\/transamerica93.com.br\\\/home\\\/sequencia-de-a-paixao-de-cristo-rejuvenescera-jim-caviezel-com-efeitos-especiais\\\/#primaryimage\"},\"thumbnailUrl\":\"https:\\\/\\\/transamerica93.com.br\\\/home\\\/wp-content\\\/uploads\\\/2025\\\/05\\\/1-55.jpg\",\"datePublished\":\"2025-05-13T21:00:18+00:00\",\"breadcrumb\":{\"@id\":\"https:\\\/\\\/transamerica93.com.br\\\/home\\\/sequencia-de-a-paixao-de-cristo-rejuvenescera-jim-caviezel-com-efeitos-especiais\\\/#breadcrumb\"},\"inLanguage\":\"pt-BR\",\"potentialAction\":[{\"@type\":\"ReadAction\",\"target\":[\"https:\\\/\\\/transamerica93.com.br\\\/home\\\/sequencia-de-a-paixao-de-cristo-rejuvenescera-jim-caviezel-com-efeitos-especiais\\\/\"]}]},{\"@type\":\"ImageObject\",\"inLanguage\":\"pt-BR\",\"@id\":\"https:\\\/\\\/transamerica93.com.br\\\/home\\\/sequencia-de-a-paixao-de-cristo-rejuvenescera-jim-caviezel-com-efeitos-especiais\\\/#primaryimage\",\"url\":\"https:\\\/\\\/transamerica93.com.br\\\/home\\\/wp-content\\\/uploads\\\/2025\\\/05\\\/1-55.jpg\",\"contentUrl\":\"https:\\\/\\\/transamerica93.com.br\\\/home\\\/wp-content\\\/uploads\\\/2025\\\/05\\\/1-55.jpg\",\"width\":1200,\"height\":627},{\"@type\":\"BreadcrumbList\",\"@id\":\"https:\\\/\\\/transamerica93.com.br\\\/home\\\/sequencia-de-a-paixao-de-cristo-rejuvenescera-jim-caviezel-com-efeitos-especiais\\\/#breadcrumb\",\"itemListElement\":[{\"@type\":\"ListItem\",\"position\":1,\"name\":\"In\u00edcio\",\"item\":\"https:\\\/\\\/transamerica93.com.br\\\/home\\\/\"},{\"@type\":\"ListItem\",\"position\":2,\"name\":\"Sequ\u00eancia de &#8216;A Paix\u00e3o de Cristo&#8217; rejuvenescer\u00e1 Jim Caviezel com efeitos especiais\"}]},{\"@type\":\"WebSite\",\"@id\":\"https:\\\/\\\/transamerica93.com.br\\\/home\\\/#website\",\"url\":\"https:\\\/\\\/transamerica93.com.br\\\/home\\\/\",\"name\":\"Transam\u00e9rica Mococa 93,3\",\"description\":\"\",\"publisher\":{\"@id\":\"https:\\\/\\\/transamerica93.com.br\\\/home\\\/#organization\"},\"potentialAction\":[{\"@type\":\"SearchAction\",\"target\":{\"@type\":\"EntryPoint\",\"urlTemplate\":\"https:\\\/\\\/transamerica93.com.br\\\/home\\\/?s={search_term_string}\"},\"query-input\":{\"@type\":\"PropertyValueSpecification\",\"valueRequired\":true,\"valueName\":\"search_term_string\"}}],\"inLanguage\":\"pt-BR\"},{\"@type\":\"Organization\",\"@id\":\"https:\\\/\\\/transamerica93.com.br\\\/home\\\/#organization\",\"name\":\"Transam\u00e9rica Mococa 93,3\",\"url\":\"https:\\\/\\\/transamerica93.com.br\\\/home\\\/\",\"logo\":{\"@type\":\"ImageObject\",\"inLanguage\":\"pt-BR\",\"@id\":\"https:\\\/\\\/transamerica93.com.br\\\/home\\\/#\\\/schema\\\/logo\\\/image\\\/\",\"url\":\"https:\\\/\\\/transamerica93.com.br\\\/home\\\/wp-content\\\/uploads\\\/2023\\\/10\\\/logo2.png\",\"contentUrl\":\"https:\\\/\\\/transamerica93.com.br\\\/home\\\/wp-content\\\/uploads\\\/2023\\\/10\\\/logo2.png\",\"width\":800,\"height\":500,\"caption\":\"Transam\u00e9rica Mococa 93,3\"},\"image\":{\"@id\":\"https:\\\/\\\/transamerica93.com.br\\\/home\\\/#\\\/schema\\\/logo\\\/image\\\/\"},\"sameAs\":[\"https:\\\/\\\/www.facebook.com\\\/transamericamococa\",\"https:\\\/\\\/x.com\\\/transamerica933\",\"https:\\\/\\\/www.instagram.com\\\/transamericamococa\"]},{\"@type\":\"Person\",\"@id\":\"https:\\\/\\\/transamerica93.com.br\\\/home\\\/#\\\/schema\\\/person\\\/7fed7c99c0d4562efa8561bc0f543172\",\"name\":\"Reda\u00e7\u00e3o\",\"image\":{\"@type\":\"ImageObject\",\"inLanguage\":\"pt-BR\",\"@id\":\"https:\\\/\\\/secure.gravatar.com\\\/avatar\\\/1072c6b775fb02ef8506ce967551d95926669a6b7d2c2147b42eea4d7c68395e?s=96&d=mm&r=g\",\"url\":\"https:\\\/\\\/secure.gravatar.com\\\/avatar\\\/1072c6b775fb02ef8506ce967551d95926669a6b7d2c2147b42eea4d7c68395e?s=96&d=mm&r=g\",\"contentUrl\":\"https:\\\/\\\/secure.gravatar.com\\\/avatar\\\/1072c6b775fb02ef8506ce967551d95926669a6b7d2c2147b42eea4d7c68395e?s=96&d=mm&r=g\",\"caption\":\"Reda\u00e7\u00e3o\"},\"sameAs\":[\"https:\\\/\\\/transamerica93.com.br\\\/home\"],\"url\":\"https:\\\/\\\/transamerica93.com.br\\\/home\\\/author\\\/william\\\/\"}]}<\/script>\n<!-- \/ Yoast SEO plugin. -->","yoast_head_json":{"title":"Sequ\u00eancia de 'A Paix\u00e3o de Cristo' rejuvenescer\u00e1 Jim Caviezel com efeitos especiais - Transam\u00e9rica Mococa 93,3","robots":{"index":"index","follow":"follow","max-snippet":"max-snippet:-1","max-image-preview":"max-image-preview:large","max-video-preview":"max-video-preview:-1"},"canonical":"https:\/\/transamerica93.com.br\/home\/sequencia-de-a-paixao-de-cristo-rejuvenescera-jim-caviezel-com-efeitos-especiais\/","og_locale":"pt_BR","og_type":"article","og_title":"Sequ\u00eancia de 'A Paix\u00e3o de Cristo' rejuvenescer\u00e1 Jim Caviezel com efeitos especiais - Transam\u00e9rica Mococa 93,3","og_description":"Por Nico Gar\u00f3falo Jim Caviezel voltar\u00e1 a viver Jesus Cristo em\u00a0The Resurrection of the Christ, sequ\u00eancia de\u00a0A Paix\u00e3o de Cristo\u00a0que contar\u00e1 com o retorno de Mel Gibson na dire\u00e7\u00e3o. O ator atualmente tem 56 anos e o filme usar\u00e1 computa\u00e7\u00e3o gr\u00e1fica para rejuvenescer seu rosto, deixando-o novamente com apar\u00eancia de 33 anos. A sequ\u00eancia ser\u00e1 &hellip;","og_url":"https:\/\/transamerica93.com.br\/home\/sequencia-de-a-paixao-de-cristo-rejuvenescera-jim-caviezel-com-efeitos-especiais\/","og_site_name":"Transam\u00e9rica Mococa 93,3","article_publisher":"https:\/\/www.facebook.com\/transamericamococa","article_published_time":"2025-05-13T21:00:18+00:00","og_image":[{"width":1200,"height":627,"url":"https:\/\/transamerica93.com.br\/home\/wp-content\/uploads\/2025\/05\/1-55.jpg","type":"image\/jpeg"}],"author":"Reda\u00e7\u00e3o","twitter_card":"summary_large_image","twitter_creator":"@transamerica933","twitter_site":"@transamerica933","twitter_misc":{"Escrito por":"Reda\u00e7\u00e3o","Est. tempo de leitura":"2 minutos"},"schema":{"@context":"https:\/\/schema.org","@graph":[{"@type":"Article","@id":"https:\/\/transamerica93.com.br\/home\/sequencia-de-a-paixao-de-cristo-rejuvenescera-jim-caviezel-com-efeitos-especiais\/#article","isPartOf":{"@id":"https:\/\/transamerica93.com.br\/home\/sequencia-de-a-paixao-de-cristo-rejuvenescera-jim-caviezel-com-efeitos-especiais\/"},"author":{"name":"Reda\u00e7\u00e3o","@id":"https:\/\/transamerica93.com.br\/home\/#\/schema\/person\/7fed7c99c0d4562efa8561bc0f543172"},"headline":"Sequ\u00eancia de &#8216;A Paix\u00e3o de Cristo&#8217; rejuvenescer\u00e1 Jim Caviezel com efeitos especiais","datePublished":"2025-05-13T21:00:18+00:00","mainEntityOfPage":{"@id":"https:\/\/transamerica93.com.br\/home\/sequencia-de-a-paixao-de-cristo-rejuvenescera-jim-caviezel-com-efeitos-especiais\/"},"wordCount":294,"publisher":{"@id":"https:\/\/transamerica93.com.br\/home\/#organization"},"image":{"@id":"https:\/\/transamerica93.com.br\/home\/sequencia-de-a-paixao-de-cristo-rejuvenescera-jim-caviezel-com-efeitos-especiais\/#primaryimage"},"thumbnailUrl":"https:\/\/transamerica93.com.br\/home\/wp-content\/uploads\/2025\/05\/1-55.jpg","articleSection":["Entretenimento"],"inLanguage":"pt-BR"},{"@type":"WebPage","@id":"https:\/\/transamerica93.com.br\/home\/sequencia-de-a-paixao-de-cristo-rejuvenescera-jim-caviezel-com-efeitos-especiais\/","url":"https:\/\/transamerica93.com.br\/home\/sequencia-de-a-paixao-de-cristo-rejuvenescera-jim-caviezel-com-efeitos-especiais\/","name":"Sequ\u00eancia de 'A Paix\u00e3o de Cristo' rejuvenescer\u00e1 Jim Caviezel com efeitos especiais - Transam\u00e9rica Mococa 93,3","isPartOf":{"@id":"https:\/\/transamerica93.com.br\/home\/#website"},"primaryImageOfPage":{"@id":"https:\/\/transamerica93.com.br\/home\/sequencia-de-a-paixao-de-cristo-rejuvenescera-jim-caviezel-com-efeitos-especiais\/#primaryimage"},"image":{"@id":"https:\/\/transamerica93.com.br\/home\/sequencia-de-a-paixao-de-cristo-rejuvenescera-jim-caviezel-com-efeitos-especiais\/#primaryimage"},"thumbnailUrl":"https:\/\/transamerica93.com.br\/home\/wp-content\/uploads\/2025\/05\/1-55.jpg","datePublished":"2025-05-13T21:00:18+00:00","breadcrumb":{"@id":"https:\/\/transamerica93.com.br\/home\/sequencia-de-a-paixao-de-cristo-rejuvenescera-jim-caviezel-com-efeitos-especiais\/#breadcrumb"},"inLanguage":"pt-BR","potentialAction":[{"@type":"ReadAction","target":["https:\/\/transamerica93.com.br\/home\/sequencia-de-a-paixao-de-cristo-rejuvenescera-jim-caviezel-com-efeitos-especiais\/"]}]},{"@type":"ImageObject","inLanguage":"pt-BR","@id":"https:\/\/transamerica93.com.br\/home\/sequencia-de-a-paixao-de-cristo-rejuvenescera-jim-caviezel-com-efeitos-especiais\/#primaryimage","url":"https:\/\/transamerica93.com.br\/home\/wp-content\/uploads\/2025\/05\/1-55.jpg","contentUrl":"https:\/\/transamerica93.com.br\/home\/wp-content\/uploads\/2025\/05\/1-55.jpg","width":1200,"height":627},{"@type":"BreadcrumbList","@id":"https:\/\/transamerica93.com.br\/home\/sequencia-de-a-paixao-de-cristo-rejuvenescera-jim-caviezel-com-efeitos-especiais\/#breadcrumb","itemListElement":[{"@type":"ListItem","position":1,"name":"In\u00edcio","item":"https:\/\/transamerica93.com.br\/home\/"},{"@type":"ListItem","position":2,"name":"Sequ\u00eancia de &#8216;A Paix\u00e3o de Cristo&#8217; rejuvenescer\u00e1 Jim Caviezel com efeitos especiais"}]},{"@type":"WebSite","@id":"https:\/\/transamerica93.com.br\/home\/#website","url":"https:\/\/transamerica93.com.br\/home\/","name":"Transam\u00e9rica Mococa 93,3","description":"","publisher":{"@id":"https:\/\/transamerica93.com.br\/home\/#organization"},"potentialAction":[{"@type":"SearchAction","target":{"@type":"EntryPoint","urlTemplate":"https:\/\/transamerica93.com.br\/home\/?s={search_term_string}"},"query-input":{"@type":"PropertyValueSpecification","valueRequired":true,"valueName":"search_term_string"}}],"inLanguage":"pt-BR"},{"@type":"Organization","@id":"https:\/\/transamerica93.com.br\/home\/#organization","name":"Transam\u00e9rica Mococa 93,3","url":"https:\/\/transamerica93.com.br\/home\/","logo":{"@type":"ImageObject","inLanguage":"pt-BR","@id":"https:\/\/transamerica93.com.br\/home\/#\/schema\/logo\/image\/","url":"https:\/\/transamerica93.com.br\/home\/wp-content\/uploads\/2023\/10\/logo2.png","contentUrl":"https:\/\/transamerica93.com.br\/home\/wp-content\/uploads\/2023\/10\/logo2.png","width":800,"height":500,"caption":"Transam\u00e9rica Mococa 93,3"},"image":{"@id":"https:\/\/transamerica93.com.br\/home\/#\/schema\/logo\/image\/"},"sameAs":["https:\/\/www.facebook.com\/transamericamococa","https:\/\/x.com\/transamerica933","https:\/\/www.instagram.com\/transamericamococa"]},{"@type":"Person","@id":"https:\/\/transamerica93.com.br\/home\/#\/schema\/person\/7fed7c99c0d4562efa8561bc0f543172","name":"Reda\u00e7\u00e3o","image":{"@type":"ImageObject","inLanguage":"pt-BR","@id":"https:\/\/secure.gravatar.com\/avatar\/1072c6b775fb02ef8506ce967551d95926669a6b7d2c2147b42eea4d7c68395e?s=96&d=mm&r=g","url":"https:\/\/secure.gravatar.com\/avatar\/1072c6b775fb02ef8506ce967551d95926669a6b7d2c2147b42eea4d7c68395e?s=96&d=mm&r=g","contentUrl":"https:\/\/secure.gravatar.com\/avatar\/1072c6b775fb02ef8506ce967551d95926669a6b7d2c2147b42eea4d7c68395e?s=96&d=mm&r=g","caption":"Reda\u00e7\u00e3o"},"sameAs":["https:\/\/transamerica93.com.br\/home"],"url":"https:\/\/transamerica93.com.br\/home\/author\/william\/"}]}},"_links":{"self":[{"href":"https:\/\/transamerica93.com.br\/home\/wp-json\/wp\/v2\/posts\/5427","targetHints":{"allow":["GET"]}}],"collection":[{"href":"https:\/\/transamerica93.com.br\/home\/wp-json\/wp\/v2\/posts"}],"about":[{"href":"https:\/\/transamerica93.com.br\/home\/wp-json\/wp\/v2\/types\/post"}],"author":[{"embeddable":true,"href":"https:\/\/transamerica93.com.br\/home\/wp-json\/wp\/v2\/users\/1"}],"replies":[{"embeddable":true,"href":"https:\/\/transamerica93.com.br\/home\/wp-json\/wp\/v2\/comments?post=5427"}],"version-history":[{"count":1,"href":"https:\/\/transamerica93.com.br\/home\/wp-json\/wp\/v2\/posts\/5427\/revisions"}],"predecessor-version":[{"id":5429,"href":"https:\/\/transamerica93.com.br\/home\/wp-json\/wp\/v2\/posts\/5427\/revisions\/5429"}],"wp:featuredmedia":[{"embeddable":true,"href":"https:\/\/transamerica93.com.br\/home\/wp-json\/wp\/v2\/media\/5428"}],"wp:attachment":[{"href":"https:\/\/transamerica93.com.br\/home\/wp-json\/wp\/v2\/media?parent=5427"}],"wp:term":[{"taxonomy":"category","embeddable":true,"href":"https:\/\/transamerica93.com.br\/home\/wp-json\/wp\/v2\/categories?post=5427"},{"taxonomy":"post_tag","embeddable":true,"href":"https:\/\/transamerica93.com.br\/home\/wp-json\/wp\/v2\/tags?post=5427"}],"curies":[{"name":"wp","href":"https:\/\/api.w.org\/{rel}","templated":true}]}}