{"id":5430,"date":"2025-05-14T18:00:35","date_gmt":"2025-05-14T21:00:35","guid":{"rendered":"https:\/\/transamerica93.com.br\/home\/?p=5430"},"modified":"2025-05-04T15:23:50","modified_gmt":"2025-05-04T18:23:50","slug":"carolina-dieckmann-narra-dependencia-de-alcool-da-mae-10-anos-em-um-buraco","status":"publish","type":"post","link":"https:\/\/transamerica93.com.br\/home\/carolina-dieckmann-narra-dependencia-de-alcool-da-mae-10-anos-em-um-buraco\/","title":{"rendered":"Carolina Dieckmann narra depend\u00eancia de \u00e1lcool da m\u00e3e: &#8217;10 anos em um buraco&#8217;"},"content":{"rendered":"<div id=\"Corpo\">\n<h6 class=\"Assina\">Por Reda\u00e7\u00e3o E+<\/h6>\n<p>A atriz Carolina Dieckmann narrou uma experi\u00eancia pessoal da inf\u00e2ncia: o per\u00edodo em que a m\u00e3e, Ma\u00edra Dieckmann, que morreu em 2019, enfrentou uma depend\u00eancia em \u00e1lcool. Carolina interpreta uma personagem que enfrenta o mesmo desafio em\u00a0<i>(Des)controle<\/i>, filme que com previs\u00e3o de estreia para o segundo semestre.<\/p>\n<p>Em entrevista ao videocast Conversa vai, conversa vem, do\u00a0<i>O Globo<\/i>, a atriz contou que a m\u00e3e enfrentou a depend\u00eancia por 10 anos ap\u00f3s o div\u00f3rcio do pai de Carolina. \u00c0 \u00e9poca, a artista tinha cerca de 10 anos.<\/p>\n<p>Ma\u00edra decidiu parar de beber sem frequentar reuni\u00f5es do Alco\u00f3licos An\u00f4nimos. &#8220;Entendemos, depois, que, talvez, ela n\u00e3o fosse alco\u00f3lica, porque depois a voltou a beber s\u00f3 socialmente. Ent\u00e3o, ela realmente escolheu se a anestesiar atrav\u00e9s do \u00e1lcool e ficou 10 anos em um buraco. Tenho uma vis\u00e3o do que o \u00e1lcool faz num lugar muito \u00edntimo&#8221;, disse Carolina.<\/p>\n<p>A atriz afirmou que come\u00e7ou a beber s\u00f3 ap\u00f3s os 30 anos e apenas conseguiu provar u\u00edsque depois da morte da m\u00e3e. &#8220;Fica aquela imagem da minha m\u00e3e deitada, o copo de u\u00edsque e o aroma. Dar um beijo nela e sentir aquele cheiro. Sentia o cheiro e j\u00e1 me dava reflexo no corpo, vontade de chorar. Comecei a beber tarde porque tinha esse medo tamb\u00e9m: ser\u00e1 que beber significa chegar onde a minha m\u00e3e chegou?&#8221;, narrou.<\/p>\n<p>Segundo ela, poder interpretar a personagem foi dolorido, mas uma maneira de &#8220;se curar&#8221;. &#8220;Esse filme foi muito importante para mim&#8221;, descreveu.<\/p><\/div>\n","protected":false},"excerpt":{"rendered":"<p>Por Reda\u00e7\u00e3o E+ A atriz Carolina Dieckmann narrou uma experi\u00eancia pessoal da inf\u00e2ncia: o per\u00edodo em que a m\u00e3e, Ma\u00edra Dieckmann, que morreu em 2019, enfrentou uma depend\u00eancia em \u00e1lcool. Carolina interpreta uma personagem que enfrenta o mesmo desafio em\u00a0(Des)controle, filme que com previs\u00e3o de estreia para o segundo semestre. Em entrevista ao videocast Conversa &hellip;<\/p>\n","protected":false},"author":1,"featured_media":5431,"comment_status":"closed","ping_status":"closed","sticky":false,"template":"","format":"standard","meta":{"footnotes":""},"categories":[24],"tags":[],"class_list":["post-5430","post","type-post","status-publish","format-standard","has-post-thumbnail","hentry","category-entretenimento"],"yoast_head":"<!-- This site is optimized with the Yoast SEO plugin v27.4 - https:\/\/yoast.com\/product\/yoast-seo-wordpress\/ -->\n<title>Carolina Dieckmann narra depend\u00eancia de \u00e1lcool da m\u00e3e: &#039;10 anos em um buraco&#039; - Transam\u00e9rica Mococa 93,3<\/title>\n<meta name=\"robots\" content=\"index, follow, max-snippet:-1, max-image-preview:large, max-video-preview:-1\" \/>\n<link rel=\"canonical\" href=\"https:\/\/transamerica93.com.br\/home\/carolina-dieckmann-narra-dependencia-de-alcool-da-mae-10-anos-em-um-buraco\/\" \/>\n<meta property=\"og:locale\" content=\"pt_BR\" \/>\n<meta property=\"og:type\" content=\"article\" \/>\n<meta property=\"og:title\" content=\"Carolina Dieckmann narra depend\u00eancia de \u00e1lcool da m\u00e3e: &#039;10 anos em um buraco&#039; - Transam\u00e9rica Mococa 93,3\" \/>\n<meta property=\"og:description\" content=\"Por Reda\u00e7\u00e3o E+ A atriz Carolina Dieckmann narrou uma experi\u00eancia pessoal da inf\u00e2ncia: o per\u00edodo em que a m\u00e3e, Ma\u00edra Dieckmann, que morreu em 2019, enfrentou uma depend\u00eancia em \u00e1lcool. Carolina interpreta uma personagem que enfrenta o mesmo desafio em\u00a0(Des)controle, filme que com previs\u00e3o de estreia para o segundo semestre. Em entrevista ao videocast Conversa &hellip;\" \/>\n<meta property=\"og:url\" content=\"https:\/\/transamerica93.com.br\/home\/carolina-dieckmann-narra-dependencia-de-alcool-da-mae-10-anos-em-um-buraco\/\" \/>\n<meta property=\"og:site_name\" content=\"Transam\u00e9rica Mococa 93,3\" \/>\n<meta property=\"article:publisher\" content=\"https:\/\/www.facebook.com\/transamericamococa\" \/>\n<meta property=\"article:published_time\" content=\"2025-05-14T21:00:35+00:00\" \/>\n<meta property=\"og:image\" content=\"https:\/\/transamerica93.com.br\/home\/wp-content\/uploads\/2025\/05\/1-56.jpg\" \/>\n\t<meta property=\"og:image:width\" content=\"1200\" \/>\n\t<meta property=\"og:image:height\" content=\"627\" \/>\n\t<meta property=\"og:image:type\" content=\"image\/jpeg\" \/>\n<meta name=\"author\" content=\"Reda\u00e7\u00e3o\" \/>\n<meta name=\"twitter:card\" content=\"summary_large_image\" \/>\n<meta name=\"twitter:creator\" content=\"@transamerica933\" \/>\n<meta name=\"twitter:site\" content=\"@transamerica933\" \/>\n<meta name=\"twitter:label1\" content=\"Escrito por\" \/>\n\t<meta name=\"twitter:data1\" content=\"Reda\u00e7\u00e3o\" \/>\n\t<meta name=\"twitter:label2\" content=\"Est. tempo de leitura\" \/>\n\t<meta name=\"twitter:data2\" content=\"2 minutos\" \/>\n<script type=\"application\/ld+json\" class=\"yoast-schema-graph\">{\"@context\":\"https:\\\/\\\/schema.org\",\"@graph\":[{\"@type\":\"Article\",\"@id\":\"https:\\\/\\\/transamerica93.com.br\\\/home\\\/carolina-dieckmann-narra-dependencia-de-alcool-da-mae-10-anos-em-um-buraco\\\/#article\",\"isPartOf\":{\"@id\":\"https:\\\/\\\/transamerica93.com.br\\\/home\\\/carolina-dieckmann-narra-dependencia-de-alcool-da-mae-10-anos-em-um-buraco\\\/\"},\"author\":{\"name\":\"Reda\u00e7\u00e3o\",\"@id\":\"https:\\\/\\\/transamerica93.com.br\\\/home\\\/#\\\/schema\\\/person\\\/7fed7c99c0d4562efa8561bc0f543172\"},\"headline\":\"Carolina Dieckmann narra depend\u00eancia de \u00e1lcool da m\u00e3e: &#8217;10 anos em um buraco&#8217;\",\"datePublished\":\"2025-05-14T21:00:35+00:00\",\"mainEntityOfPage\":{\"@id\":\"https:\\\/\\\/transamerica93.com.br\\\/home\\\/carolina-dieckmann-narra-dependencia-de-alcool-da-mae-10-anos-em-um-buraco\\\/\"},\"wordCount\":285,\"publisher\":{\"@id\":\"https:\\\/\\\/transamerica93.com.br\\\/home\\\/#organization\"},\"image\":{\"@id\":\"https:\\\/\\\/transamerica93.com.br\\\/home\\\/carolina-dieckmann-narra-dependencia-de-alcool-da-mae-10-anos-em-um-buraco\\\/#primaryimage\"},\"thumbnailUrl\":\"https:\\\/\\\/transamerica93.com.br\\\/home\\\/wp-content\\\/uploads\\\/2025\\\/05\\\/1-56.jpg\",\"articleSection\":[\"Entretenimento\"],\"inLanguage\":\"pt-BR\"},{\"@type\":\"WebPage\",\"@id\":\"https:\\\/\\\/transamerica93.com.br\\\/home\\\/carolina-dieckmann-narra-dependencia-de-alcool-da-mae-10-anos-em-um-buraco\\\/\",\"url\":\"https:\\\/\\\/transamerica93.com.br\\\/home\\\/carolina-dieckmann-narra-dependencia-de-alcool-da-mae-10-anos-em-um-buraco\\\/\",\"name\":\"Carolina Dieckmann narra depend\u00eancia de \u00e1lcool da m\u00e3e: '10 anos em um buraco' - Transam\u00e9rica Mococa 93,3\",\"isPartOf\":{\"@id\":\"https:\\\/\\\/transamerica93.com.br\\\/home\\\/#website\"},\"primaryImageOfPage\":{\"@id\":\"https:\\\/\\\/transamerica93.com.br\\\/home\\\/carolina-dieckmann-narra-dependencia-de-alcool-da-mae-10-anos-em-um-buraco\\\/#primaryimage\"},\"image\":{\"@id\":\"https:\\\/\\\/transamerica93.com.br\\\/home\\\/carolina-dieckmann-narra-dependencia-de-alcool-da-mae-10-anos-em-um-buraco\\\/#primaryimage\"},\"thumbnailUrl\":\"https:\\\/\\\/transamerica93.com.br\\\/home\\\/wp-content\\\/uploads\\\/2025\\\/05\\\/1-56.jpg\",\"datePublished\":\"2025-05-14T21:00:35+00:00\",\"breadcrumb\":{\"@id\":\"https:\\\/\\\/transamerica93.com.br\\\/home\\\/carolina-dieckmann-narra-dependencia-de-alcool-da-mae-10-anos-em-um-buraco\\\/#breadcrumb\"},\"inLanguage\":\"pt-BR\",\"potentialAction\":[{\"@type\":\"ReadAction\",\"target\":[\"https:\\\/\\\/transamerica93.com.br\\\/home\\\/carolina-dieckmann-narra-dependencia-de-alcool-da-mae-10-anos-em-um-buraco\\\/\"]}]},{\"@type\":\"ImageObject\",\"inLanguage\":\"pt-BR\",\"@id\":\"https:\\\/\\\/transamerica93.com.br\\\/home\\\/carolina-dieckmann-narra-dependencia-de-alcool-da-mae-10-anos-em-um-buraco\\\/#primaryimage\",\"url\":\"https:\\\/\\\/transamerica93.com.br\\\/home\\\/wp-content\\\/uploads\\\/2025\\\/05\\\/1-56.jpg\",\"contentUrl\":\"https:\\\/\\\/transamerica93.com.br\\\/home\\\/wp-content\\\/uploads\\\/2025\\\/05\\\/1-56.jpg\",\"width\":1200,\"height\":627},{\"@type\":\"BreadcrumbList\",\"@id\":\"https:\\\/\\\/transamerica93.com.br\\\/home\\\/carolina-dieckmann-narra-dependencia-de-alcool-da-mae-10-anos-em-um-buraco\\\/#breadcrumb\",\"itemListElement\":[{\"@type\":\"ListItem\",\"position\":1,\"name\":\"In\u00edcio\",\"item\":\"https:\\\/\\\/transamerica93.com.br\\\/home\\\/\"},{\"@type\":\"ListItem\",\"position\":2,\"name\":\"Carolina Dieckmann narra depend\u00eancia de \u00e1lcool da m\u00e3e: &#8217;10 anos em um buraco&#8217;\"}]},{\"@type\":\"WebSite\",\"@id\":\"https:\\\/\\\/transamerica93.com.br\\\/home\\\/#website\",\"url\":\"https:\\\/\\\/transamerica93.com.br\\\/home\\\/\",\"name\":\"Transam\u00e9rica Mococa 93,3\",\"description\":\"\",\"publisher\":{\"@id\":\"https:\\\/\\\/transamerica93.com.br\\\/home\\\/#organization\"},\"potentialAction\":[{\"@type\":\"SearchAction\",\"target\":{\"@type\":\"EntryPoint\",\"urlTemplate\":\"https:\\\/\\\/transamerica93.com.br\\\/home\\\/?s={search_term_string}\"},\"query-input\":{\"@type\":\"PropertyValueSpecification\",\"valueRequired\":true,\"valueName\":\"search_term_string\"}}],\"inLanguage\":\"pt-BR\"},{\"@type\":\"Organization\",\"@id\":\"https:\\\/\\\/transamerica93.com.br\\\/home\\\/#organization\",\"name\":\"Transam\u00e9rica Mococa 93,3\",\"url\":\"https:\\\/\\\/transamerica93.com.br\\\/home\\\/\",\"logo\":{\"@type\":\"ImageObject\",\"inLanguage\":\"pt-BR\",\"@id\":\"https:\\\/\\\/transamerica93.com.br\\\/home\\\/#\\\/schema\\\/logo\\\/image\\\/\",\"url\":\"https:\\\/\\\/transamerica93.com.br\\\/home\\\/wp-content\\\/uploads\\\/2023\\\/10\\\/logo2.png\",\"contentUrl\":\"https:\\\/\\\/transamerica93.com.br\\\/home\\\/wp-content\\\/uploads\\\/2023\\\/10\\\/logo2.png\",\"width\":800,\"height\":500,\"caption\":\"Transam\u00e9rica Mococa 93,3\"},\"image\":{\"@id\":\"https:\\\/\\\/transamerica93.com.br\\\/home\\\/#\\\/schema\\\/logo\\\/image\\\/\"},\"sameAs\":[\"https:\\\/\\\/www.facebook.com\\\/transamericamococa\",\"https:\\\/\\\/x.com\\\/transamerica933\",\"https:\\\/\\\/www.instagram.com\\\/transamericamococa\"]},{\"@type\":\"Person\",\"@id\":\"https:\\\/\\\/transamerica93.com.br\\\/home\\\/#\\\/schema\\\/person\\\/7fed7c99c0d4562efa8561bc0f543172\",\"name\":\"Reda\u00e7\u00e3o\",\"image\":{\"@type\":\"ImageObject\",\"inLanguage\":\"pt-BR\",\"@id\":\"https:\\\/\\\/secure.gravatar.com\\\/avatar\\\/1072c6b775fb02ef8506ce967551d95926669a6b7d2c2147b42eea4d7c68395e?s=96&d=mm&r=g\",\"url\":\"https:\\\/\\\/secure.gravatar.com\\\/avatar\\\/1072c6b775fb02ef8506ce967551d95926669a6b7d2c2147b42eea4d7c68395e?s=96&d=mm&r=g\",\"contentUrl\":\"https:\\\/\\\/secure.gravatar.com\\\/avatar\\\/1072c6b775fb02ef8506ce967551d95926669a6b7d2c2147b42eea4d7c68395e?s=96&d=mm&r=g\",\"caption\":\"Reda\u00e7\u00e3o\"},\"sameAs\":[\"https:\\\/\\\/transamerica93.com.br\\\/home\"],\"url\":\"https:\\\/\\\/transamerica93.com.br\\\/home\\\/author\\\/william\\\/\"}]}<\/script>\n<!-- \/ Yoast SEO plugin. -->","yoast_head_json":{"title":"Carolina Dieckmann narra depend\u00eancia de \u00e1lcool da m\u00e3e: '10 anos em um buraco' - Transam\u00e9rica Mococa 93,3","robots":{"index":"index","follow":"follow","max-snippet":"max-snippet:-1","max-image-preview":"max-image-preview:large","max-video-preview":"max-video-preview:-1"},"canonical":"https:\/\/transamerica93.com.br\/home\/carolina-dieckmann-narra-dependencia-de-alcool-da-mae-10-anos-em-um-buraco\/","og_locale":"pt_BR","og_type":"article","og_title":"Carolina Dieckmann narra depend\u00eancia de \u00e1lcool da m\u00e3e: '10 anos em um buraco' - Transam\u00e9rica Mococa 93,3","og_description":"Por Reda\u00e7\u00e3o E+ A atriz Carolina Dieckmann narrou uma experi\u00eancia pessoal da inf\u00e2ncia: o per\u00edodo em que a m\u00e3e, Ma\u00edra Dieckmann, que morreu em 2019, enfrentou uma depend\u00eancia em \u00e1lcool. Carolina interpreta uma personagem que enfrenta o mesmo desafio em\u00a0(Des)controle, filme que com previs\u00e3o de estreia para o segundo semestre. Em entrevista ao videocast Conversa &hellip;","og_url":"https:\/\/transamerica93.com.br\/home\/carolina-dieckmann-narra-dependencia-de-alcool-da-mae-10-anos-em-um-buraco\/","og_site_name":"Transam\u00e9rica Mococa 93,3","article_publisher":"https:\/\/www.facebook.com\/transamericamococa","article_published_time":"2025-05-14T21:00:35+00:00","og_image":[{"width":1200,"height":627,"url":"https:\/\/transamerica93.com.br\/home\/wp-content\/uploads\/2025\/05\/1-56.jpg","type":"image\/jpeg"}],"author":"Reda\u00e7\u00e3o","twitter_card":"summary_large_image","twitter_creator":"@transamerica933","twitter_site":"@transamerica933","twitter_misc":{"Escrito por":"Reda\u00e7\u00e3o","Est. tempo de leitura":"2 minutos"},"schema":{"@context":"https:\/\/schema.org","@graph":[{"@type":"Article","@id":"https:\/\/transamerica93.com.br\/home\/carolina-dieckmann-narra-dependencia-de-alcool-da-mae-10-anos-em-um-buraco\/#article","isPartOf":{"@id":"https:\/\/transamerica93.com.br\/home\/carolina-dieckmann-narra-dependencia-de-alcool-da-mae-10-anos-em-um-buraco\/"},"author":{"name":"Reda\u00e7\u00e3o","@id":"https:\/\/transamerica93.com.br\/home\/#\/schema\/person\/7fed7c99c0d4562efa8561bc0f543172"},"headline":"Carolina Dieckmann narra depend\u00eancia de \u00e1lcool da m\u00e3e: &#8217;10 anos em um buraco&#8217;","datePublished":"2025-05-14T21:00:35+00:00","mainEntityOfPage":{"@id":"https:\/\/transamerica93.com.br\/home\/carolina-dieckmann-narra-dependencia-de-alcool-da-mae-10-anos-em-um-buraco\/"},"wordCount":285,"publisher":{"@id":"https:\/\/transamerica93.com.br\/home\/#organization"},"image":{"@id":"https:\/\/transamerica93.com.br\/home\/carolina-dieckmann-narra-dependencia-de-alcool-da-mae-10-anos-em-um-buraco\/#primaryimage"},"thumbnailUrl":"https:\/\/transamerica93.com.br\/home\/wp-content\/uploads\/2025\/05\/1-56.jpg","articleSection":["Entretenimento"],"inLanguage":"pt-BR"},{"@type":"WebPage","@id":"https:\/\/transamerica93.com.br\/home\/carolina-dieckmann-narra-dependencia-de-alcool-da-mae-10-anos-em-um-buraco\/","url":"https:\/\/transamerica93.com.br\/home\/carolina-dieckmann-narra-dependencia-de-alcool-da-mae-10-anos-em-um-buraco\/","name":"Carolina Dieckmann narra depend\u00eancia de \u00e1lcool da m\u00e3e: '10 anos em um buraco' - Transam\u00e9rica Mococa 93,3","isPartOf":{"@id":"https:\/\/transamerica93.com.br\/home\/#website"},"primaryImageOfPage":{"@id":"https:\/\/transamerica93.com.br\/home\/carolina-dieckmann-narra-dependencia-de-alcool-da-mae-10-anos-em-um-buraco\/#primaryimage"},"image":{"@id":"https:\/\/transamerica93.com.br\/home\/carolina-dieckmann-narra-dependencia-de-alcool-da-mae-10-anos-em-um-buraco\/#primaryimage"},"thumbnailUrl":"https:\/\/transamerica93.com.br\/home\/wp-content\/uploads\/2025\/05\/1-56.jpg","datePublished":"2025-05-14T21:00:35+00:00","breadcrumb":{"@id":"https:\/\/transamerica93.com.br\/home\/carolina-dieckmann-narra-dependencia-de-alcool-da-mae-10-anos-em-um-buraco\/#breadcrumb"},"inLanguage":"pt-BR","potentialAction":[{"@type":"ReadAction","target":["https:\/\/transamerica93.com.br\/home\/carolina-dieckmann-narra-dependencia-de-alcool-da-mae-10-anos-em-um-buraco\/"]}]},{"@type":"ImageObject","inLanguage":"pt-BR","@id":"https:\/\/transamerica93.com.br\/home\/carolina-dieckmann-narra-dependencia-de-alcool-da-mae-10-anos-em-um-buraco\/#primaryimage","url":"https:\/\/transamerica93.com.br\/home\/wp-content\/uploads\/2025\/05\/1-56.jpg","contentUrl":"https:\/\/transamerica93.com.br\/home\/wp-content\/uploads\/2025\/05\/1-56.jpg","width":1200,"height":627},{"@type":"BreadcrumbList","@id":"https:\/\/transamerica93.com.br\/home\/carolina-dieckmann-narra-dependencia-de-alcool-da-mae-10-anos-em-um-buraco\/#breadcrumb","itemListElement":[{"@type":"ListItem","position":1,"name":"In\u00edcio","item":"https:\/\/transamerica93.com.br\/home\/"},{"@type":"ListItem","position":2,"name":"Carolina Dieckmann narra depend\u00eancia de \u00e1lcool da m\u00e3e: &#8217;10 anos em um buraco&#8217;"}]},{"@type":"WebSite","@id":"https:\/\/transamerica93.com.br\/home\/#website","url":"https:\/\/transamerica93.com.br\/home\/","name":"Transam\u00e9rica Mococa 93,3","description":"","publisher":{"@id":"https:\/\/transamerica93.com.br\/home\/#organization"},"potentialAction":[{"@type":"SearchAction","target":{"@type":"EntryPoint","urlTemplate":"https:\/\/transamerica93.com.br\/home\/?s={search_term_string}"},"query-input":{"@type":"PropertyValueSpecification","valueRequired":true,"valueName":"search_term_string"}}],"inLanguage":"pt-BR"},{"@type":"Organization","@id":"https:\/\/transamerica93.com.br\/home\/#organization","name":"Transam\u00e9rica Mococa 93,3","url":"https:\/\/transamerica93.com.br\/home\/","logo":{"@type":"ImageObject","inLanguage":"pt-BR","@id":"https:\/\/transamerica93.com.br\/home\/#\/schema\/logo\/image\/","url":"https:\/\/transamerica93.com.br\/home\/wp-content\/uploads\/2023\/10\/logo2.png","contentUrl":"https:\/\/transamerica93.com.br\/home\/wp-content\/uploads\/2023\/10\/logo2.png","width":800,"height":500,"caption":"Transam\u00e9rica Mococa 93,3"},"image":{"@id":"https:\/\/transamerica93.com.br\/home\/#\/schema\/logo\/image\/"},"sameAs":["https:\/\/www.facebook.com\/transamericamococa","https:\/\/x.com\/transamerica933","https:\/\/www.instagram.com\/transamericamococa"]},{"@type":"Person","@id":"https:\/\/transamerica93.com.br\/home\/#\/schema\/person\/7fed7c99c0d4562efa8561bc0f543172","name":"Reda\u00e7\u00e3o","image":{"@type":"ImageObject","inLanguage":"pt-BR","@id":"https:\/\/secure.gravatar.com\/avatar\/1072c6b775fb02ef8506ce967551d95926669a6b7d2c2147b42eea4d7c68395e?s=96&d=mm&r=g","url":"https:\/\/secure.gravatar.com\/avatar\/1072c6b775fb02ef8506ce967551d95926669a6b7d2c2147b42eea4d7c68395e?s=96&d=mm&r=g","contentUrl":"https:\/\/secure.gravatar.com\/avatar\/1072c6b775fb02ef8506ce967551d95926669a6b7d2c2147b42eea4d7c68395e?s=96&d=mm&r=g","caption":"Reda\u00e7\u00e3o"},"sameAs":["https:\/\/transamerica93.com.br\/home"],"url":"https:\/\/transamerica93.com.br\/home\/author\/william\/"}]}},"_links":{"self":[{"href":"https:\/\/transamerica93.com.br\/home\/wp-json\/wp\/v2\/posts\/5430","targetHints":{"allow":["GET"]}}],"collection":[{"href":"https:\/\/transamerica93.com.br\/home\/wp-json\/wp\/v2\/posts"}],"about":[{"href":"https:\/\/transamerica93.com.br\/home\/wp-json\/wp\/v2\/types\/post"}],"author":[{"embeddable":true,"href":"https:\/\/transamerica93.com.br\/home\/wp-json\/wp\/v2\/users\/1"}],"replies":[{"embeddable":true,"href":"https:\/\/transamerica93.com.br\/home\/wp-json\/wp\/v2\/comments?post=5430"}],"version-history":[{"count":1,"href":"https:\/\/transamerica93.com.br\/home\/wp-json\/wp\/v2\/posts\/5430\/revisions"}],"predecessor-version":[{"id":5432,"href":"https:\/\/transamerica93.com.br\/home\/wp-json\/wp\/v2\/posts\/5430\/revisions\/5432"}],"wp:featuredmedia":[{"embeddable":true,"href":"https:\/\/transamerica93.com.br\/home\/wp-json\/wp\/v2\/media\/5431"}],"wp:attachment":[{"href":"https:\/\/transamerica93.com.br\/home\/wp-json\/wp\/v2\/media?parent=5430"}],"wp:term":[{"taxonomy":"category","embeddable":true,"href":"https:\/\/transamerica93.com.br\/home\/wp-json\/wp\/v2\/categories?post=5430"},{"taxonomy":"post_tag","embeddable":true,"href":"https:\/\/transamerica93.com.br\/home\/wp-json\/wp\/v2\/tags?post=5430"}],"curies":[{"name":"wp","href":"https:\/\/api.w.org\/{rel}","templated":true}]}}