{"id":5436,"date":"2025-05-16T18:00:26","date_gmt":"2025-05-16T21:00:26","guid":{"rendered":"https:\/\/transamerica93.com.br\/home\/?p=5436"},"modified":"2025-05-04T15:27:41","modified_gmt":"2025-05-04T18:27:41","slug":"quando-e-o-grammy-latino-2025-confira-a-data-da-premiacao","status":"publish","type":"post","link":"https:\/\/transamerica93.com.br\/home\/quando-e-o-grammy-latino-2025-confira-a-data-da-premiacao\/","title":{"rendered":"Quando \u00e9 o Grammy Latino 2025? Confira a data da premia\u00e7\u00e3o"},"content":{"rendered":"<h6 class=\"Assina\">Por Gabriela Caputo<\/h6>\n<p>A 26\u00aa edi\u00e7\u00e3o do Grammy Latino foi confirmada pela Academia Latina da Grava\u00e7\u00e3o para 13 de novembro. A cerim\u00f4nia volta a acontecer em Las Vegas, nos Estados Unidos, tradicional anfitri\u00e3 do evento, e ser\u00e1 transmitida a partir das 20h (hor\u00e1rio local).<\/p>\n<p>Nos \u00faltimos dois anos, o Grammy Latino foi alocado para Sevilha, na Espanha, e Miami.<\/p>\n<p>A agenda da premia\u00e7\u00e3o que celebra a m\u00fasica latina tem outras datas confirmadas: a primeira rodada de vota\u00e7\u00f5es da Academia, que definir\u00e1 os indicados de 2025, acontece entre 28 de julho e 8 de agosto.<\/p>\n<p>Os indicados ser\u00e3o divulgados no dia 17 de setembro. Em seguida, a vota\u00e7\u00e3o final vai de 1\u00ba a 13 de outubro.<\/p>\n<p>Em 2024, artistas brasileiros como Xande De Pilares, Os Garotin, Jota.P\u00ea, Erasmo Carlos, Hermeto Pascoal, Lulu Santos e Ana Castela ganharam pr\u00eamios em categorias segmentadas \u00e0 m\u00fasica em l\u00edngua portuguesa.<\/p>\n","protected":false},"excerpt":{"rendered":"<p>Por Gabriela Caputo A 26\u00aa edi\u00e7\u00e3o do Grammy Latino foi confirmada pela Academia Latina da Grava\u00e7\u00e3o para 13 de novembro. A cerim\u00f4nia volta a acontecer em Las Vegas, nos Estados Unidos, tradicional anfitri\u00e3 do evento, e ser\u00e1 transmitida a partir das 20h (hor\u00e1rio local). Nos \u00faltimos dois anos, o Grammy Latino foi alocado para Sevilha, &hellip;<\/p>\n","protected":false},"author":1,"featured_media":5437,"comment_status":"closed","ping_status":"closed","sticky":false,"template":"","format":"standard","meta":{"footnotes":""},"categories":[24],"tags":[],"class_list":["post-5436","post","type-post","status-publish","format-standard","has-post-thumbnail","hentry","category-entretenimento"],"yoast_head":"<!-- This site is optimized with the Yoast SEO plugin v27.4 - https:\/\/yoast.com\/product\/yoast-seo-wordpress\/ -->\n<title>Quando \u00e9 o Grammy Latino 2025? Confira a data da premia\u00e7\u00e3o - Transam\u00e9rica Mococa 93,3<\/title>\n<meta name=\"robots\" content=\"index, follow, max-snippet:-1, max-image-preview:large, max-video-preview:-1\" \/>\n<link rel=\"canonical\" href=\"https:\/\/transamerica93.com.br\/home\/quando-e-o-grammy-latino-2025-confira-a-data-da-premiacao\/\" \/>\n<meta property=\"og:locale\" content=\"pt_BR\" \/>\n<meta property=\"og:type\" content=\"article\" \/>\n<meta property=\"og:title\" content=\"Quando \u00e9 o Grammy Latino 2025? Confira a data da premia\u00e7\u00e3o - Transam\u00e9rica Mococa 93,3\" \/>\n<meta property=\"og:description\" content=\"Por Gabriela Caputo A 26\u00aa edi\u00e7\u00e3o do Grammy Latino foi confirmada pela Academia Latina da Grava\u00e7\u00e3o para 13 de novembro. A cerim\u00f4nia volta a acontecer em Las Vegas, nos Estados Unidos, tradicional anfitri\u00e3 do evento, e ser\u00e1 transmitida a partir das 20h (hor\u00e1rio local). Nos \u00faltimos dois anos, o Grammy Latino foi alocado para Sevilha, &hellip;\" \/>\n<meta property=\"og:url\" content=\"https:\/\/transamerica93.com.br\/home\/quando-e-o-grammy-latino-2025-confira-a-data-da-premiacao\/\" \/>\n<meta property=\"og:site_name\" content=\"Transam\u00e9rica Mococa 93,3\" \/>\n<meta property=\"article:publisher\" content=\"https:\/\/www.facebook.com\/transamericamococa\" \/>\n<meta property=\"article:published_time\" content=\"2025-05-16T21:00:26+00:00\" \/>\n<meta property=\"og:image\" content=\"https:\/\/transamerica93.com.br\/home\/wp-content\/uploads\/2025\/05\/1-58.jpg\" \/>\n\t<meta property=\"og:image:width\" content=\"821\" \/>\n\t<meta property=\"og:image:height\" content=\"564\" \/>\n\t<meta property=\"og:image:type\" content=\"image\/jpeg\" \/>\n<meta name=\"author\" content=\"Reda\u00e7\u00e3o\" \/>\n<meta name=\"twitter:card\" content=\"summary_large_image\" \/>\n<meta name=\"twitter:creator\" content=\"@transamerica933\" \/>\n<meta name=\"twitter:site\" content=\"@transamerica933\" \/>\n<meta name=\"twitter:label1\" content=\"Escrito por\" \/>\n\t<meta name=\"twitter:data1\" content=\"Reda\u00e7\u00e3o\" \/>\n\t<meta name=\"twitter:label2\" content=\"Est. tempo de leitura\" \/>\n\t<meta name=\"twitter:data2\" content=\"2 minutos\" \/>\n<script type=\"application\/ld+json\" class=\"yoast-schema-graph\">{\"@context\":\"https:\\\/\\\/schema.org\",\"@graph\":[{\"@type\":\"Article\",\"@id\":\"https:\\\/\\\/transamerica93.com.br\\\/home\\\/quando-e-o-grammy-latino-2025-confira-a-data-da-premiacao\\\/#article\",\"isPartOf\":{\"@id\":\"https:\\\/\\\/transamerica93.com.br\\\/home\\\/quando-e-o-grammy-latino-2025-confira-a-data-da-premiacao\\\/\"},\"author\":{\"name\":\"Reda\u00e7\u00e3o\",\"@id\":\"https:\\\/\\\/transamerica93.com.br\\\/home\\\/#\\\/schema\\\/person\\\/7fed7c99c0d4562efa8561bc0f543172\"},\"headline\":\"Quando \u00e9 o Grammy Latino 2025? Confira a data da premia\u00e7\u00e3o\",\"datePublished\":\"2025-05-16T21:00:26+00:00\",\"mainEntityOfPage\":{\"@id\":\"https:\\\/\\\/transamerica93.com.br\\\/home\\\/quando-e-o-grammy-latino-2025-confira-a-data-da-premiacao\\\/\"},\"wordCount\":158,\"publisher\":{\"@id\":\"https:\\\/\\\/transamerica93.com.br\\\/home\\\/#organization\"},\"image\":{\"@id\":\"https:\\\/\\\/transamerica93.com.br\\\/home\\\/quando-e-o-grammy-latino-2025-confira-a-data-da-premiacao\\\/#primaryimage\"},\"thumbnailUrl\":\"https:\\\/\\\/transamerica93.com.br\\\/home\\\/wp-content\\\/uploads\\\/2025\\\/05\\\/1-58.jpg\",\"articleSection\":[\"Entretenimento\"],\"inLanguage\":\"pt-BR\"},{\"@type\":\"WebPage\",\"@id\":\"https:\\\/\\\/transamerica93.com.br\\\/home\\\/quando-e-o-grammy-latino-2025-confira-a-data-da-premiacao\\\/\",\"url\":\"https:\\\/\\\/transamerica93.com.br\\\/home\\\/quando-e-o-grammy-latino-2025-confira-a-data-da-premiacao\\\/\",\"name\":\"Quando \u00e9 o Grammy Latino 2025? Confira a data da premia\u00e7\u00e3o - Transam\u00e9rica Mococa 93,3\",\"isPartOf\":{\"@id\":\"https:\\\/\\\/transamerica93.com.br\\\/home\\\/#website\"},\"primaryImageOfPage\":{\"@id\":\"https:\\\/\\\/transamerica93.com.br\\\/home\\\/quando-e-o-grammy-latino-2025-confira-a-data-da-premiacao\\\/#primaryimage\"},\"image\":{\"@id\":\"https:\\\/\\\/transamerica93.com.br\\\/home\\\/quando-e-o-grammy-latino-2025-confira-a-data-da-premiacao\\\/#primaryimage\"},\"thumbnailUrl\":\"https:\\\/\\\/transamerica93.com.br\\\/home\\\/wp-content\\\/uploads\\\/2025\\\/05\\\/1-58.jpg\",\"datePublished\":\"2025-05-16T21:00:26+00:00\",\"breadcrumb\":{\"@id\":\"https:\\\/\\\/transamerica93.com.br\\\/home\\\/quando-e-o-grammy-latino-2025-confira-a-data-da-premiacao\\\/#breadcrumb\"},\"inLanguage\":\"pt-BR\",\"potentialAction\":[{\"@type\":\"ReadAction\",\"target\":[\"https:\\\/\\\/transamerica93.com.br\\\/home\\\/quando-e-o-grammy-latino-2025-confira-a-data-da-premiacao\\\/\"]}]},{\"@type\":\"ImageObject\",\"inLanguage\":\"pt-BR\",\"@id\":\"https:\\\/\\\/transamerica93.com.br\\\/home\\\/quando-e-o-grammy-latino-2025-confira-a-data-da-premiacao\\\/#primaryimage\",\"url\":\"https:\\\/\\\/transamerica93.com.br\\\/home\\\/wp-content\\\/uploads\\\/2025\\\/05\\\/1-58.jpg\",\"contentUrl\":\"https:\\\/\\\/transamerica93.com.br\\\/home\\\/wp-content\\\/uploads\\\/2025\\\/05\\\/1-58.jpg\",\"width\":821,\"height\":564},{\"@type\":\"BreadcrumbList\",\"@id\":\"https:\\\/\\\/transamerica93.com.br\\\/home\\\/quando-e-o-grammy-latino-2025-confira-a-data-da-premiacao\\\/#breadcrumb\",\"itemListElement\":[{\"@type\":\"ListItem\",\"position\":1,\"name\":\"In\u00edcio\",\"item\":\"https:\\\/\\\/transamerica93.com.br\\\/home\\\/\"},{\"@type\":\"ListItem\",\"position\":2,\"name\":\"Quando \u00e9 o Grammy Latino 2025? Confira a data da premia\u00e7\u00e3o\"}]},{\"@type\":\"WebSite\",\"@id\":\"https:\\\/\\\/transamerica93.com.br\\\/home\\\/#website\",\"url\":\"https:\\\/\\\/transamerica93.com.br\\\/home\\\/\",\"name\":\"Transam\u00e9rica Mococa 93,3\",\"description\":\"\",\"publisher\":{\"@id\":\"https:\\\/\\\/transamerica93.com.br\\\/home\\\/#organization\"},\"potentialAction\":[{\"@type\":\"SearchAction\",\"target\":{\"@type\":\"EntryPoint\",\"urlTemplate\":\"https:\\\/\\\/transamerica93.com.br\\\/home\\\/?s={search_term_string}\"},\"query-input\":{\"@type\":\"PropertyValueSpecification\",\"valueRequired\":true,\"valueName\":\"search_term_string\"}}],\"inLanguage\":\"pt-BR\"},{\"@type\":\"Organization\",\"@id\":\"https:\\\/\\\/transamerica93.com.br\\\/home\\\/#organization\",\"name\":\"Transam\u00e9rica Mococa 93,3\",\"url\":\"https:\\\/\\\/transamerica93.com.br\\\/home\\\/\",\"logo\":{\"@type\":\"ImageObject\",\"inLanguage\":\"pt-BR\",\"@id\":\"https:\\\/\\\/transamerica93.com.br\\\/home\\\/#\\\/schema\\\/logo\\\/image\\\/\",\"url\":\"https:\\\/\\\/transamerica93.com.br\\\/home\\\/wp-content\\\/uploads\\\/2023\\\/10\\\/logo2.png\",\"contentUrl\":\"https:\\\/\\\/transamerica93.com.br\\\/home\\\/wp-content\\\/uploads\\\/2023\\\/10\\\/logo2.png\",\"width\":800,\"height\":500,\"caption\":\"Transam\u00e9rica Mococa 93,3\"},\"image\":{\"@id\":\"https:\\\/\\\/transamerica93.com.br\\\/home\\\/#\\\/schema\\\/logo\\\/image\\\/\"},\"sameAs\":[\"https:\\\/\\\/www.facebook.com\\\/transamericamococa\",\"https:\\\/\\\/x.com\\\/transamerica933\",\"https:\\\/\\\/www.instagram.com\\\/transamericamococa\"]},{\"@type\":\"Person\",\"@id\":\"https:\\\/\\\/transamerica93.com.br\\\/home\\\/#\\\/schema\\\/person\\\/7fed7c99c0d4562efa8561bc0f543172\",\"name\":\"Reda\u00e7\u00e3o\",\"image\":{\"@type\":\"ImageObject\",\"inLanguage\":\"pt-BR\",\"@id\":\"https:\\\/\\\/secure.gravatar.com\\\/avatar\\\/1072c6b775fb02ef8506ce967551d95926669a6b7d2c2147b42eea4d7c68395e?s=96&d=mm&r=g\",\"url\":\"https:\\\/\\\/secure.gravatar.com\\\/avatar\\\/1072c6b775fb02ef8506ce967551d95926669a6b7d2c2147b42eea4d7c68395e?s=96&d=mm&r=g\",\"contentUrl\":\"https:\\\/\\\/secure.gravatar.com\\\/avatar\\\/1072c6b775fb02ef8506ce967551d95926669a6b7d2c2147b42eea4d7c68395e?s=96&d=mm&r=g\",\"caption\":\"Reda\u00e7\u00e3o\"},\"sameAs\":[\"https:\\\/\\\/transamerica93.com.br\\\/home\"],\"url\":\"https:\\\/\\\/transamerica93.com.br\\\/home\\\/author\\\/william\\\/\"}]}<\/script>\n<!-- \/ Yoast SEO plugin. -->","yoast_head_json":{"title":"Quando \u00e9 o Grammy Latino 2025? Confira a data da premia\u00e7\u00e3o - Transam\u00e9rica Mococa 93,3","robots":{"index":"index","follow":"follow","max-snippet":"max-snippet:-1","max-image-preview":"max-image-preview:large","max-video-preview":"max-video-preview:-1"},"canonical":"https:\/\/transamerica93.com.br\/home\/quando-e-o-grammy-latino-2025-confira-a-data-da-premiacao\/","og_locale":"pt_BR","og_type":"article","og_title":"Quando \u00e9 o Grammy Latino 2025? Confira a data da premia\u00e7\u00e3o - Transam\u00e9rica Mococa 93,3","og_description":"Por Gabriela Caputo A 26\u00aa edi\u00e7\u00e3o do Grammy Latino foi confirmada pela Academia Latina da Grava\u00e7\u00e3o para 13 de novembro. A cerim\u00f4nia volta a acontecer em Las Vegas, nos Estados Unidos, tradicional anfitri\u00e3 do evento, e ser\u00e1 transmitida a partir das 20h (hor\u00e1rio local). Nos \u00faltimos dois anos, o Grammy Latino foi alocado para Sevilha, &hellip;","og_url":"https:\/\/transamerica93.com.br\/home\/quando-e-o-grammy-latino-2025-confira-a-data-da-premiacao\/","og_site_name":"Transam\u00e9rica Mococa 93,3","article_publisher":"https:\/\/www.facebook.com\/transamericamococa","article_published_time":"2025-05-16T21:00:26+00:00","og_image":[{"width":821,"height":564,"url":"https:\/\/transamerica93.com.br\/home\/wp-content\/uploads\/2025\/05\/1-58.jpg","type":"image\/jpeg"}],"author":"Reda\u00e7\u00e3o","twitter_card":"summary_large_image","twitter_creator":"@transamerica933","twitter_site":"@transamerica933","twitter_misc":{"Escrito por":"Reda\u00e7\u00e3o","Est. tempo de leitura":"2 minutos"},"schema":{"@context":"https:\/\/schema.org","@graph":[{"@type":"Article","@id":"https:\/\/transamerica93.com.br\/home\/quando-e-o-grammy-latino-2025-confira-a-data-da-premiacao\/#article","isPartOf":{"@id":"https:\/\/transamerica93.com.br\/home\/quando-e-o-grammy-latino-2025-confira-a-data-da-premiacao\/"},"author":{"name":"Reda\u00e7\u00e3o","@id":"https:\/\/transamerica93.com.br\/home\/#\/schema\/person\/7fed7c99c0d4562efa8561bc0f543172"},"headline":"Quando \u00e9 o Grammy Latino 2025? Confira a data da premia\u00e7\u00e3o","datePublished":"2025-05-16T21:00:26+00:00","mainEntityOfPage":{"@id":"https:\/\/transamerica93.com.br\/home\/quando-e-o-grammy-latino-2025-confira-a-data-da-premiacao\/"},"wordCount":158,"publisher":{"@id":"https:\/\/transamerica93.com.br\/home\/#organization"},"image":{"@id":"https:\/\/transamerica93.com.br\/home\/quando-e-o-grammy-latino-2025-confira-a-data-da-premiacao\/#primaryimage"},"thumbnailUrl":"https:\/\/transamerica93.com.br\/home\/wp-content\/uploads\/2025\/05\/1-58.jpg","articleSection":["Entretenimento"],"inLanguage":"pt-BR"},{"@type":"WebPage","@id":"https:\/\/transamerica93.com.br\/home\/quando-e-o-grammy-latino-2025-confira-a-data-da-premiacao\/","url":"https:\/\/transamerica93.com.br\/home\/quando-e-o-grammy-latino-2025-confira-a-data-da-premiacao\/","name":"Quando \u00e9 o Grammy Latino 2025? Confira a data da premia\u00e7\u00e3o - Transam\u00e9rica Mococa 93,3","isPartOf":{"@id":"https:\/\/transamerica93.com.br\/home\/#website"},"primaryImageOfPage":{"@id":"https:\/\/transamerica93.com.br\/home\/quando-e-o-grammy-latino-2025-confira-a-data-da-premiacao\/#primaryimage"},"image":{"@id":"https:\/\/transamerica93.com.br\/home\/quando-e-o-grammy-latino-2025-confira-a-data-da-premiacao\/#primaryimage"},"thumbnailUrl":"https:\/\/transamerica93.com.br\/home\/wp-content\/uploads\/2025\/05\/1-58.jpg","datePublished":"2025-05-16T21:00:26+00:00","breadcrumb":{"@id":"https:\/\/transamerica93.com.br\/home\/quando-e-o-grammy-latino-2025-confira-a-data-da-premiacao\/#breadcrumb"},"inLanguage":"pt-BR","potentialAction":[{"@type":"ReadAction","target":["https:\/\/transamerica93.com.br\/home\/quando-e-o-grammy-latino-2025-confira-a-data-da-premiacao\/"]}]},{"@type":"ImageObject","inLanguage":"pt-BR","@id":"https:\/\/transamerica93.com.br\/home\/quando-e-o-grammy-latino-2025-confira-a-data-da-premiacao\/#primaryimage","url":"https:\/\/transamerica93.com.br\/home\/wp-content\/uploads\/2025\/05\/1-58.jpg","contentUrl":"https:\/\/transamerica93.com.br\/home\/wp-content\/uploads\/2025\/05\/1-58.jpg","width":821,"height":564},{"@type":"BreadcrumbList","@id":"https:\/\/transamerica93.com.br\/home\/quando-e-o-grammy-latino-2025-confira-a-data-da-premiacao\/#breadcrumb","itemListElement":[{"@type":"ListItem","position":1,"name":"In\u00edcio","item":"https:\/\/transamerica93.com.br\/home\/"},{"@type":"ListItem","position":2,"name":"Quando \u00e9 o Grammy Latino 2025? Confira a data da premia\u00e7\u00e3o"}]},{"@type":"WebSite","@id":"https:\/\/transamerica93.com.br\/home\/#website","url":"https:\/\/transamerica93.com.br\/home\/","name":"Transam\u00e9rica Mococa 93,3","description":"","publisher":{"@id":"https:\/\/transamerica93.com.br\/home\/#organization"},"potentialAction":[{"@type":"SearchAction","target":{"@type":"EntryPoint","urlTemplate":"https:\/\/transamerica93.com.br\/home\/?s={search_term_string}"},"query-input":{"@type":"PropertyValueSpecification","valueRequired":true,"valueName":"search_term_string"}}],"inLanguage":"pt-BR"},{"@type":"Organization","@id":"https:\/\/transamerica93.com.br\/home\/#organization","name":"Transam\u00e9rica Mococa 93,3","url":"https:\/\/transamerica93.com.br\/home\/","logo":{"@type":"ImageObject","inLanguage":"pt-BR","@id":"https:\/\/transamerica93.com.br\/home\/#\/schema\/logo\/image\/","url":"https:\/\/transamerica93.com.br\/home\/wp-content\/uploads\/2023\/10\/logo2.png","contentUrl":"https:\/\/transamerica93.com.br\/home\/wp-content\/uploads\/2023\/10\/logo2.png","width":800,"height":500,"caption":"Transam\u00e9rica Mococa 93,3"},"image":{"@id":"https:\/\/transamerica93.com.br\/home\/#\/schema\/logo\/image\/"},"sameAs":["https:\/\/www.facebook.com\/transamericamococa","https:\/\/x.com\/transamerica933","https:\/\/www.instagram.com\/transamericamococa"]},{"@type":"Person","@id":"https:\/\/transamerica93.com.br\/home\/#\/schema\/person\/7fed7c99c0d4562efa8561bc0f543172","name":"Reda\u00e7\u00e3o","image":{"@type":"ImageObject","inLanguage":"pt-BR","@id":"https:\/\/secure.gravatar.com\/avatar\/1072c6b775fb02ef8506ce967551d95926669a6b7d2c2147b42eea4d7c68395e?s=96&d=mm&r=g","url":"https:\/\/secure.gravatar.com\/avatar\/1072c6b775fb02ef8506ce967551d95926669a6b7d2c2147b42eea4d7c68395e?s=96&d=mm&r=g","contentUrl":"https:\/\/secure.gravatar.com\/avatar\/1072c6b775fb02ef8506ce967551d95926669a6b7d2c2147b42eea4d7c68395e?s=96&d=mm&r=g","caption":"Reda\u00e7\u00e3o"},"sameAs":["https:\/\/transamerica93.com.br\/home"],"url":"https:\/\/transamerica93.com.br\/home\/author\/william\/"}]}},"_links":{"self":[{"href":"https:\/\/transamerica93.com.br\/home\/wp-json\/wp\/v2\/posts\/5436","targetHints":{"allow":["GET"]}}],"collection":[{"href":"https:\/\/transamerica93.com.br\/home\/wp-json\/wp\/v2\/posts"}],"about":[{"href":"https:\/\/transamerica93.com.br\/home\/wp-json\/wp\/v2\/types\/post"}],"author":[{"embeddable":true,"href":"https:\/\/transamerica93.com.br\/home\/wp-json\/wp\/v2\/users\/1"}],"replies":[{"embeddable":true,"href":"https:\/\/transamerica93.com.br\/home\/wp-json\/wp\/v2\/comments?post=5436"}],"version-history":[{"count":1,"href":"https:\/\/transamerica93.com.br\/home\/wp-json\/wp\/v2\/posts\/5436\/revisions"}],"predecessor-version":[{"id":5438,"href":"https:\/\/transamerica93.com.br\/home\/wp-json\/wp\/v2\/posts\/5436\/revisions\/5438"}],"wp:featuredmedia":[{"embeddable":true,"href":"https:\/\/transamerica93.com.br\/home\/wp-json\/wp\/v2\/media\/5437"}],"wp:attachment":[{"href":"https:\/\/transamerica93.com.br\/home\/wp-json\/wp\/v2\/media?parent=5436"}],"wp:term":[{"taxonomy":"category","embeddable":true,"href":"https:\/\/transamerica93.com.br\/home\/wp-json\/wp\/v2\/categories?post=5436"},{"taxonomy":"post_tag","embeddable":true,"href":"https:\/\/transamerica93.com.br\/home\/wp-json\/wp\/v2\/tags?post=5436"}],"curies":[{"name":"wp","href":"https:\/\/api.w.org\/{rel}","templated":true}]}}