{"id":5449,"date":"2025-05-21T09:00:39","date_gmt":"2025-05-21T12:00:39","guid":{"rendered":"https:\/\/transamerica93.com.br\/home\/?p=5449"},"modified":"2025-05-13T18:42:56","modified_gmt":"2025-05-13T21:42:56","slug":"supermercados-defendem-contrato-de-trabalho-por-hora","status":"publish","type":"post","link":"https:\/\/transamerica93.com.br\/home\/supermercados-defendem-contrato-de-trabalho-por-hora\/","title":{"rendered":"Supermercados defendem contrato de trabalho por hora"},"content":{"rendered":"<div class=\"conteudo-noticia\">\n<p><strong>Representantes do setor supermercadista defenderam o contrato de trabalho por hora<\/strong> como solu\u00e7\u00e3o para a dificuldade de admiss\u00e3o de funcion\u00e1rios. O tema foi abordado durante a abertura do festival Apas Show, feira de alimentos e bebidas.<\/p>\n<p>Um dos que se pronunciaram acerca do assunto\u00a0foi\u00a0o presidente da Associa\u00e7\u00e3o Paulista de Supermercados, Erlon Ortega. Segundo ele, h\u00e1, atualmente, no estado, 35 mil postos abertos. Ele afirmou\u00a0ainda que\u00a0os\u00a0<strong>empregadores t\u00eam encontrado dificuldade para preench\u00ea-los, j\u00e1 que os\u00a0trabalhadores t\u00eam demandado\u00a0outros regimes de trabalho<\/strong>.<\/p>\n<p>&#8220;O jovem n\u00e3o quer mais o modelo antigo de trabalho, ele quer mais flexibilidade, mais liberdade. Por isso, precisamos discutir urgentemente, com a Abras [Associa\u00e7\u00e3o Brasileira de Supermercado], o modelo horista, em que pode trabalhar por hora, a qualquer momento. E, mais, precisamos conectar as nossas vagas aos programas sociais. O supermercado \u00e9 a porta de entrada do trabalho formal&#8221;, disse.<\/p>\n<p>Ortega ressaltou, ainda, que o setor\u00a0deveria ser classificado como servi\u00e7o essencial, &#8220;pois, na pr\u00e1tica, somos essenciais para o abastecimento desse pa\u00eds, e mostramos isso, principalmente, na pandemia&#8221;.<\/p>\n<p>A modalidade de contrato intermitente foi inserida\u00a0na Consolida\u00e7\u00e3o das Leis do Trabalho (CLT) pela\u00a0<strong>reforma trabalhista de 2017.\u00a0<\/strong>Entidades que representam frentistas, operadores de\u00a0telemarketing\u00a0e dos trabalhadores da ind\u00fastria contestaram\u00a0no Supremo Tribunal Federal o novo regime.\u00a0Para essas\u00a0entidades, o\u00a0<strong>contrato por hora\u00a0favorece a precariza\u00e7\u00e3o da rela\u00e7\u00e3o de emprego e o pagamento de remunera\u00e7\u00f5es abaixo do sal\u00e1rio m\u00ednim<\/strong>o, al\u00e9m de impedir a organiza\u00e7\u00e3o coletiva dos trabalhadores.\u00a0Em 2024, o\u00a0<strong>Supremo Tribunal Federal (STF) confirmou\u00a0a\u00a0<\/strong><a href=\"https:\/\/agenciabrasil.ebc.com.br\/justica\/noticia\/2024-12\/stf-confirma-validade-do-modelo-de-trabalho-intermitente\" target=\"_blank\" rel=\"noopener\">constitucionalidade do contrato de trabalho intermitente<\/a>.<\/p>\n<p>Para o presidente da Abras, Jo\u00e3o Galassi, o\u00a0<strong>pagamento da jornada por hora traz mais liberdade de escolha ao trabalhador<\/strong>.<\/p>\n<p>&#8220;O que \u00e9 melhor?\u00a0<a href=\"https:\/\/agenciabrasil.ebc.com.br\/geral\/noticia\/2025-05\/movimentos-sociais-fazem-ato-combativo-em-sp-pelo-dia-do-trabalhador\" target=\"_blank\" rel=\"noopener\">Seis por um<\/a>, quatro por tr\u00eas, cinco por dois? Nenhuma dessas alternativas. O que \u00e9 melhor para os nossos colaboradores \u00e9 a liberdade de poder escolher sua jornada de trabalho. Isso s\u00f3 ser\u00e1 poss\u00edvel se tiver a liberdade de ser contratado por hora&#8221;, opinou.<\/p>\n<p>Galassi disse ainda que o s<strong>etor tamb\u00e9m se beneficia com o modelo<\/strong>,\u00a0al\u00e9m de afirmar\u00a0que,\u00a0<strong>mesmo os funcion\u00e1rios que optassem por esse regime, continuariam tendo carteira assinada e a possibilidade de\u00a0remunera\u00e7\u00e3o maior<\/strong>.<\/p>\n<p>&#8220;Cada semana \u00e9 uma semana. Ela tem que ter o direito de trabalhar quantas horas ela desejar, tem que ter o direito de garantir sua ambi\u00e7\u00e3o pessoal, a sua vontade de ou ganhar mais ou ganhar menos, de escolher&#8221;, finalizou, comparando com flexibilidade dos\u00a0motoristas de aplicativos de transporte.<\/p>\n<p>Uma pesquisa de 2024, do Instituto de Pesquisa Econ\u00f4mica Aplicada (Ipea), de 2024, apontou a\u00a0<a href=\"https:\/\/agenciabrasil.ebc.com.br\/radioagencia-nacional\/geral\/audio\/2024-05\/ipea-revela-precarizacao-do-trabalho-para-motoristas-de-aplicativo\" target=\"_blank\" rel=\"noopener\">precariza\u00e7\u00e3o das\u00a0condi\u00e7\u00f5es de trabalho de motoristas de aplicativo<\/a>. Segundo o estudo, essas condi\u00e7\u00f5es\u00a0pioraram significativamente na \u00faltima d\u00e9cada, com jornadas mais longas, queda na contribui\u00e7\u00e3o previdenci\u00e1ria e de renda. O rendimento m\u00e9dio desses trabalhadores caiu de R$ 3,1 mil, entre 2012 e 2015, para R$ 2,4 mil em 2022. Na esfera de transporte de passageiros, o total de motoristas aut\u00f4nomos, exclu\u00eddos os mototaxistas, passou de 400 mil para 1 milh\u00e3o. J\u00e1 no que concerne \u00e0s jornadas, verificou-se que as que tinham dura\u00e7\u00e3o de 49 a 60 horas semanais equivaliam pouco mais do que um quinto, 21,8%, em 2012, e passaram a representar quase um ter\u00e7o em 2022, 27,3%.<\/p>\n<p>Conforme a\u00a0<strong>reforma trabalhista<\/strong>, o\u00a0<strong>trabalhador intermitente recebe por horas ou dias trabalhado<\/strong>s, e tem<strong>\u00a0direito a f\u00e9rias, FGTS e d\u00e9cimo terceiro sal\u00e1rio de forma proporcional\u00a0<\/strong>ao per\u00edodo trabalhado. No contrato,\u00a0<strong>deve ser\u00a0definido o valor da hora de trabalho<\/strong>, que n\u00e3o pode ser inferior ao sal\u00e1rio m\u00ednimo por hora ou \u00e0 remunera\u00e7\u00e3o dos demais empregados que exer\u00e7am a mesma fun\u00e7\u00e3o.<\/p>\n<p>O\u00a0<strong>empregado deve ser convocado com, no m\u00ednimo, tr\u00eas dias corridos de anteced\u00eancia<\/strong>. No per\u00edodo de inatividade, pode prestar servi\u00e7os a outras empresas.<\/p>\n<div class=\"dnd-widget-wrapper context-grande_6colunas type-image atom-align-left\">\n<div class=\"dnd-atom-rendered\"><img decoding=\"async\" class=\"alignleft lazyload\" title=\"Cadu Pinotti\/Ag\u00eancia Brasil\" data-src=\"https:\/\/imagens.ebc.com.br\/oY76pVt9TUfbCzg4rrLMdQjRpqM=\/463x0\/smart\/https:\/\/agenciabrasil.ebc.com.br\/sites\/default\/files\/thumbnails\/image\/2025\/05\/12\/img_6236_0.jpg?itok=2Rf_LUtU\" alt=\"S\u00e3o Paulo (SP), 12\/05\/2025 - O presidente em exerc\u00edcio e ministro do Desenvolvimento, Ind\u00fastria, Com\u00e9rcio e Servi\u00e7os, Geraldo Alckmin, afirmou hoje, que a estimativa \u00e9 de que o com\u00e9rcio varejista movimente R$ 16 bilh\u00f5es este ano. A proje\u00e7\u00e3o foi anunciada durante o Apas Show, festival de alimentos e bebidas que termina na pr\u00f3xima quinta-feira (15).\nFoto: Cadu Pinotti\/Ag\u00eancia Brasil\" src=\"data:image\/svg+xml;base64,PHN2ZyB3aWR0aD0iMSIgaGVpZ2h0PSIxIiB4bWxucz0iaHR0cDovL3d3dy53My5vcmcvMjAwMC9zdmciPjwvc3ZnPg==\" \/><\/div>\n<div class=\"dnd-caption-wrapper\">\n<h6 class=\"meta\">S\u00e3o Paulo (SP) Abertura da Apas\u00a0Show.\u00a0<strong>Foto:<\/strong>\u00a0<strong>Cadu Pinotti\/Ag\u00eancia Brasil<\/strong><\/h6>\n<\/div>\n<\/div>\n<h2>Varejo<\/h2>\n<p>O presidente em exerc\u00edcio e ministro do Desenvolvimento, Ind\u00fastria, Com\u00e9rcio e Servi\u00e7os, Geraldo Alckmin, afirmou hoje (12), ao participar da Apas Show, que a\u00a0<a href=\"https:\/\/agenciabrasil.ebc.com.br\/economia\/noticia\/2025-05\/varejo-deve-movimentar-r-16-bilhoes-diz-alckmin\" target=\"_blank\" rel=\"noopener\">estimativa \u00e9 de que o com\u00e9rcio varejista movimente R$ 16 bilh\u00f5es este ano<\/a>.<\/p>\n<p>&#8220;No ano passado, o Produto Interno Bruto (PIB) do Brasil cresceu forte, 3,4%, e os supermercados [se expandiram] 6,5%. Um setor campe\u00e3o de empregos e renda&#8221;, destacou durante a jornalistas na Expo Center Norte.<\/p>\n<p>Alckmin disse, ainda, que a reforma tribut\u00e1ria proporciona &#8220;justi\u00e7a tribut\u00e1ria&#8221; e que, ao lado de ferramentas oferecidas por entidades como o Servi\u00e7o Nacional de Aprendizagem Industrial (Senai) e o Servi\u00e7o Brasileiro de Apoio \u00e0s Micro e Pequenas Empresas (Sebrae), mesmo as empresas de menor porte ter\u00e3o mais condi\u00e7\u00f5es de melhorar seus neg\u00f3cios.<\/p>\n<div class=\"noticias-relacionadas rel-position rowflex\">\n<div class=\"titulo-noticia-relacionada\"><\/div>\n<\/div>\n<\/div>\n<div class=\"footer-noticia\">\n<div class=\"editor rowflex\">Edi\u00e7\u00e3o: Carolina Pimentel<\/div>\n<\/div>\n","protected":false},"excerpt":{"rendered":"<p>Representantes do setor supermercadista defenderam o contrato de trabalho por hora como solu\u00e7\u00e3o para a dificuldade de admiss\u00e3o de funcion\u00e1rios. O tema foi abordado durante a abertura do festival Apas Show, feira de alimentos e bebidas. Um dos que se pronunciaram acerca do assunto\u00a0foi\u00a0o presidente da Associa\u00e7\u00e3o Paulista de Supermercados, Erlon Ortega. Segundo ele, h\u00e1, &hellip;<\/p>\n","protected":false},"author":1,"featured_media":5450,"comment_status":"closed","ping_status":"closed","sticky":false,"template":"","format":"standard","meta":{"footnotes":""},"categories":[30],"tags":[],"class_list":["post-5449","post","type-post","status-publish","format-standard","has-post-thumbnail","hentry","category-geral"],"yoast_head":"<!-- This site is optimized with the Yoast SEO plugin v27.4 - https:\/\/yoast.com\/product\/yoast-seo-wordpress\/ -->\n<title>Supermercados defendem contrato de trabalho por hora - Transam\u00e9rica Mococa 93,3<\/title>\n<meta name=\"robots\" content=\"index, follow, max-snippet:-1, max-image-preview:large, max-video-preview:-1\" \/>\n<link rel=\"canonical\" href=\"https:\/\/transamerica93.com.br\/home\/supermercados-defendem-contrato-de-trabalho-por-hora\/\" \/>\n<meta property=\"og:locale\" content=\"pt_BR\" \/>\n<meta property=\"og:type\" content=\"article\" \/>\n<meta property=\"og:title\" content=\"Supermercados defendem contrato de trabalho por hora - Transam\u00e9rica Mococa 93,3\" \/>\n<meta property=\"og:description\" content=\"Representantes do setor supermercadista defenderam o contrato de trabalho por hora como solu\u00e7\u00e3o para a dificuldade de admiss\u00e3o de funcion\u00e1rios. O tema foi abordado durante a abertura do festival Apas Show, feira de alimentos e bebidas. Um dos que se pronunciaram acerca do assunto\u00a0foi\u00a0o presidente da Associa\u00e7\u00e3o Paulista de Supermercados, Erlon Ortega. Segundo ele, h\u00e1, &hellip;\" \/>\n<meta property=\"og:url\" content=\"https:\/\/transamerica93.com.br\/home\/supermercados-defendem-contrato-de-trabalho-por-hora\/\" \/>\n<meta property=\"og:site_name\" content=\"Transam\u00e9rica Mococa 93,3\" \/>\n<meta property=\"article:publisher\" content=\"https:\/\/www.facebook.com\/transamericamococa\" \/>\n<meta property=\"article:published_time\" content=\"2025-05-21T12:00:39+00:00\" \/>\n<meta property=\"og:image\" content=\"https:\/\/transamerica93.com.br\/home\/wp-content\/uploads\/2025\/05\/1-61.jpg\" \/>\n\t<meta property=\"og:image:width\" content=\"1170\" \/>\n\t<meta property=\"og:image:height\" content=\"700\" \/>\n\t<meta property=\"og:image:type\" content=\"image\/jpeg\" \/>\n<meta name=\"author\" content=\"Reda\u00e7\u00e3o\" \/>\n<meta name=\"twitter:card\" content=\"summary_large_image\" \/>\n<meta name=\"twitter:creator\" content=\"@transamerica933\" \/>\n<meta name=\"twitter:site\" content=\"@transamerica933\" \/>\n<meta name=\"twitter:label1\" content=\"Escrito por\" \/>\n\t<meta name=\"twitter:data1\" content=\"Reda\u00e7\u00e3o\" \/>\n\t<meta name=\"twitter:label2\" content=\"Est. tempo de leitura\" \/>\n\t<meta name=\"twitter:data2\" content=\"5 minutos\" \/>\n<script type=\"application\/ld+json\" class=\"yoast-schema-graph\">{\"@context\":\"https:\\\/\\\/schema.org\",\"@graph\":[{\"@type\":\"Article\",\"@id\":\"https:\\\/\\\/transamerica93.com.br\\\/home\\\/supermercados-defendem-contrato-de-trabalho-por-hora\\\/#article\",\"isPartOf\":{\"@id\":\"https:\\\/\\\/transamerica93.com.br\\\/home\\\/supermercados-defendem-contrato-de-trabalho-por-hora\\\/\"},\"author\":{\"name\":\"Reda\u00e7\u00e3o\",\"@id\":\"https:\\\/\\\/transamerica93.com.br\\\/home\\\/#\\\/schema\\\/person\\\/7fed7c99c0d4562efa8561bc0f543172\"},\"headline\":\"Supermercados defendem contrato de trabalho por hora\",\"datePublished\":\"2025-05-21T12:00:39+00:00\",\"mainEntityOfPage\":{\"@id\":\"https:\\\/\\\/transamerica93.com.br\\\/home\\\/supermercados-defendem-contrato-de-trabalho-por-hora\\\/\"},\"wordCount\":810,\"publisher\":{\"@id\":\"https:\\\/\\\/transamerica93.com.br\\\/home\\\/#organization\"},\"image\":{\"@id\":\"https:\\\/\\\/transamerica93.com.br\\\/home\\\/supermercados-defendem-contrato-de-trabalho-por-hora\\\/#primaryimage\"},\"thumbnailUrl\":\"https:\\\/\\\/transamerica93.com.br\\\/home\\\/wp-content\\\/uploads\\\/2025\\\/05\\\/1-61.jpg\",\"articleSection\":[\"Geral\"],\"inLanguage\":\"pt-BR\"},{\"@type\":\"WebPage\",\"@id\":\"https:\\\/\\\/transamerica93.com.br\\\/home\\\/supermercados-defendem-contrato-de-trabalho-por-hora\\\/\",\"url\":\"https:\\\/\\\/transamerica93.com.br\\\/home\\\/supermercados-defendem-contrato-de-trabalho-por-hora\\\/\",\"name\":\"Supermercados defendem contrato de trabalho por hora - Transam\u00e9rica Mococa 93,3\",\"isPartOf\":{\"@id\":\"https:\\\/\\\/transamerica93.com.br\\\/home\\\/#website\"},\"primaryImageOfPage\":{\"@id\":\"https:\\\/\\\/transamerica93.com.br\\\/home\\\/supermercados-defendem-contrato-de-trabalho-por-hora\\\/#primaryimage\"},\"image\":{\"@id\":\"https:\\\/\\\/transamerica93.com.br\\\/home\\\/supermercados-defendem-contrato-de-trabalho-por-hora\\\/#primaryimage\"},\"thumbnailUrl\":\"https:\\\/\\\/transamerica93.com.br\\\/home\\\/wp-content\\\/uploads\\\/2025\\\/05\\\/1-61.jpg\",\"datePublished\":\"2025-05-21T12:00:39+00:00\",\"breadcrumb\":{\"@id\":\"https:\\\/\\\/transamerica93.com.br\\\/home\\\/supermercados-defendem-contrato-de-trabalho-por-hora\\\/#breadcrumb\"},\"inLanguage\":\"pt-BR\",\"potentialAction\":[{\"@type\":\"ReadAction\",\"target\":[\"https:\\\/\\\/transamerica93.com.br\\\/home\\\/supermercados-defendem-contrato-de-trabalho-por-hora\\\/\"]}]},{\"@type\":\"ImageObject\",\"inLanguage\":\"pt-BR\",\"@id\":\"https:\\\/\\\/transamerica93.com.br\\\/home\\\/supermercados-defendem-contrato-de-trabalho-por-hora\\\/#primaryimage\",\"url\":\"https:\\\/\\\/transamerica93.com.br\\\/home\\\/wp-content\\\/uploads\\\/2025\\\/05\\\/1-61.jpg\",\"contentUrl\":\"https:\\\/\\\/transamerica93.com.br\\\/home\\\/wp-content\\\/uploads\\\/2025\\\/05\\\/1-61.jpg\",\"width\":1170,\"height\":700},{\"@type\":\"BreadcrumbList\",\"@id\":\"https:\\\/\\\/transamerica93.com.br\\\/home\\\/supermercados-defendem-contrato-de-trabalho-por-hora\\\/#breadcrumb\",\"itemListElement\":[{\"@type\":\"ListItem\",\"position\":1,\"name\":\"In\u00edcio\",\"item\":\"https:\\\/\\\/transamerica93.com.br\\\/home\\\/\"},{\"@type\":\"ListItem\",\"position\":2,\"name\":\"Supermercados defendem contrato de trabalho por hora\"}]},{\"@type\":\"WebSite\",\"@id\":\"https:\\\/\\\/transamerica93.com.br\\\/home\\\/#website\",\"url\":\"https:\\\/\\\/transamerica93.com.br\\\/home\\\/\",\"name\":\"Transam\u00e9rica Mococa 93,3\",\"description\":\"\",\"publisher\":{\"@id\":\"https:\\\/\\\/transamerica93.com.br\\\/home\\\/#organization\"},\"potentialAction\":[{\"@type\":\"SearchAction\",\"target\":{\"@type\":\"EntryPoint\",\"urlTemplate\":\"https:\\\/\\\/transamerica93.com.br\\\/home\\\/?s={search_term_string}\"},\"query-input\":{\"@type\":\"PropertyValueSpecification\",\"valueRequired\":true,\"valueName\":\"search_term_string\"}}],\"inLanguage\":\"pt-BR\"},{\"@type\":\"Organization\",\"@id\":\"https:\\\/\\\/transamerica93.com.br\\\/home\\\/#organization\",\"name\":\"Transam\u00e9rica Mococa 93,3\",\"url\":\"https:\\\/\\\/transamerica93.com.br\\\/home\\\/\",\"logo\":{\"@type\":\"ImageObject\",\"inLanguage\":\"pt-BR\",\"@id\":\"https:\\\/\\\/transamerica93.com.br\\\/home\\\/#\\\/schema\\\/logo\\\/image\\\/\",\"url\":\"https:\\\/\\\/transamerica93.com.br\\\/home\\\/wp-content\\\/uploads\\\/2023\\\/10\\\/logo2.png\",\"contentUrl\":\"https:\\\/\\\/transamerica93.com.br\\\/home\\\/wp-content\\\/uploads\\\/2023\\\/10\\\/logo2.png\",\"width\":800,\"height\":500,\"caption\":\"Transam\u00e9rica Mococa 93,3\"},\"image\":{\"@id\":\"https:\\\/\\\/transamerica93.com.br\\\/home\\\/#\\\/schema\\\/logo\\\/image\\\/\"},\"sameAs\":[\"https:\\\/\\\/www.facebook.com\\\/transamericamococa\",\"https:\\\/\\\/x.com\\\/transamerica933\",\"https:\\\/\\\/www.instagram.com\\\/transamericamococa\"]},{\"@type\":\"Person\",\"@id\":\"https:\\\/\\\/transamerica93.com.br\\\/home\\\/#\\\/schema\\\/person\\\/7fed7c99c0d4562efa8561bc0f543172\",\"name\":\"Reda\u00e7\u00e3o\",\"image\":{\"@type\":\"ImageObject\",\"inLanguage\":\"pt-BR\",\"@id\":\"https:\\\/\\\/secure.gravatar.com\\\/avatar\\\/1072c6b775fb02ef8506ce967551d95926669a6b7d2c2147b42eea4d7c68395e?s=96&d=mm&r=g\",\"url\":\"https:\\\/\\\/secure.gravatar.com\\\/avatar\\\/1072c6b775fb02ef8506ce967551d95926669a6b7d2c2147b42eea4d7c68395e?s=96&d=mm&r=g\",\"contentUrl\":\"https:\\\/\\\/secure.gravatar.com\\\/avatar\\\/1072c6b775fb02ef8506ce967551d95926669a6b7d2c2147b42eea4d7c68395e?s=96&d=mm&r=g\",\"caption\":\"Reda\u00e7\u00e3o\"},\"sameAs\":[\"https:\\\/\\\/transamerica93.com.br\\\/home\"],\"url\":\"https:\\\/\\\/transamerica93.com.br\\\/home\\\/author\\\/william\\\/\"}]}<\/script>\n<!-- \/ Yoast SEO plugin. -->","yoast_head_json":{"title":"Supermercados defendem contrato de trabalho por hora - Transam\u00e9rica Mococa 93,3","robots":{"index":"index","follow":"follow","max-snippet":"max-snippet:-1","max-image-preview":"max-image-preview:large","max-video-preview":"max-video-preview:-1"},"canonical":"https:\/\/transamerica93.com.br\/home\/supermercados-defendem-contrato-de-trabalho-por-hora\/","og_locale":"pt_BR","og_type":"article","og_title":"Supermercados defendem contrato de trabalho por hora - Transam\u00e9rica Mococa 93,3","og_description":"Representantes do setor supermercadista defenderam o contrato de trabalho por hora como solu\u00e7\u00e3o para a dificuldade de admiss\u00e3o de funcion\u00e1rios. O tema foi abordado durante a abertura do festival Apas Show, feira de alimentos e bebidas. Um dos que se pronunciaram acerca do assunto\u00a0foi\u00a0o presidente da Associa\u00e7\u00e3o Paulista de Supermercados, Erlon Ortega. Segundo ele, h\u00e1, &hellip;","og_url":"https:\/\/transamerica93.com.br\/home\/supermercados-defendem-contrato-de-trabalho-por-hora\/","og_site_name":"Transam\u00e9rica Mococa 93,3","article_publisher":"https:\/\/www.facebook.com\/transamericamococa","article_published_time":"2025-05-21T12:00:39+00:00","og_image":[{"width":1170,"height":700,"url":"https:\/\/transamerica93.com.br\/home\/wp-content\/uploads\/2025\/05\/1-61.jpg","type":"image\/jpeg"}],"author":"Reda\u00e7\u00e3o","twitter_card":"summary_large_image","twitter_creator":"@transamerica933","twitter_site":"@transamerica933","twitter_misc":{"Escrito por":"Reda\u00e7\u00e3o","Est. tempo de leitura":"5 minutos"},"schema":{"@context":"https:\/\/schema.org","@graph":[{"@type":"Article","@id":"https:\/\/transamerica93.com.br\/home\/supermercados-defendem-contrato-de-trabalho-por-hora\/#article","isPartOf":{"@id":"https:\/\/transamerica93.com.br\/home\/supermercados-defendem-contrato-de-trabalho-por-hora\/"},"author":{"name":"Reda\u00e7\u00e3o","@id":"https:\/\/transamerica93.com.br\/home\/#\/schema\/person\/7fed7c99c0d4562efa8561bc0f543172"},"headline":"Supermercados defendem contrato de trabalho por hora","datePublished":"2025-05-21T12:00:39+00:00","mainEntityOfPage":{"@id":"https:\/\/transamerica93.com.br\/home\/supermercados-defendem-contrato-de-trabalho-por-hora\/"},"wordCount":810,"publisher":{"@id":"https:\/\/transamerica93.com.br\/home\/#organization"},"image":{"@id":"https:\/\/transamerica93.com.br\/home\/supermercados-defendem-contrato-de-trabalho-por-hora\/#primaryimage"},"thumbnailUrl":"https:\/\/transamerica93.com.br\/home\/wp-content\/uploads\/2025\/05\/1-61.jpg","articleSection":["Geral"],"inLanguage":"pt-BR"},{"@type":"WebPage","@id":"https:\/\/transamerica93.com.br\/home\/supermercados-defendem-contrato-de-trabalho-por-hora\/","url":"https:\/\/transamerica93.com.br\/home\/supermercados-defendem-contrato-de-trabalho-por-hora\/","name":"Supermercados defendem contrato de trabalho por hora - Transam\u00e9rica Mococa 93,3","isPartOf":{"@id":"https:\/\/transamerica93.com.br\/home\/#website"},"primaryImageOfPage":{"@id":"https:\/\/transamerica93.com.br\/home\/supermercados-defendem-contrato-de-trabalho-por-hora\/#primaryimage"},"image":{"@id":"https:\/\/transamerica93.com.br\/home\/supermercados-defendem-contrato-de-trabalho-por-hora\/#primaryimage"},"thumbnailUrl":"https:\/\/transamerica93.com.br\/home\/wp-content\/uploads\/2025\/05\/1-61.jpg","datePublished":"2025-05-21T12:00:39+00:00","breadcrumb":{"@id":"https:\/\/transamerica93.com.br\/home\/supermercados-defendem-contrato-de-trabalho-por-hora\/#breadcrumb"},"inLanguage":"pt-BR","potentialAction":[{"@type":"ReadAction","target":["https:\/\/transamerica93.com.br\/home\/supermercados-defendem-contrato-de-trabalho-por-hora\/"]}]},{"@type":"ImageObject","inLanguage":"pt-BR","@id":"https:\/\/transamerica93.com.br\/home\/supermercados-defendem-contrato-de-trabalho-por-hora\/#primaryimage","url":"https:\/\/transamerica93.com.br\/home\/wp-content\/uploads\/2025\/05\/1-61.jpg","contentUrl":"https:\/\/transamerica93.com.br\/home\/wp-content\/uploads\/2025\/05\/1-61.jpg","width":1170,"height":700},{"@type":"BreadcrumbList","@id":"https:\/\/transamerica93.com.br\/home\/supermercados-defendem-contrato-de-trabalho-por-hora\/#breadcrumb","itemListElement":[{"@type":"ListItem","position":1,"name":"In\u00edcio","item":"https:\/\/transamerica93.com.br\/home\/"},{"@type":"ListItem","position":2,"name":"Supermercados defendem contrato de trabalho por hora"}]},{"@type":"WebSite","@id":"https:\/\/transamerica93.com.br\/home\/#website","url":"https:\/\/transamerica93.com.br\/home\/","name":"Transam\u00e9rica Mococa 93,3","description":"","publisher":{"@id":"https:\/\/transamerica93.com.br\/home\/#organization"},"potentialAction":[{"@type":"SearchAction","target":{"@type":"EntryPoint","urlTemplate":"https:\/\/transamerica93.com.br\/home\/?s={search_term_string}"},"query-input":{"@type":"PropertyValueSpecification","valueRequired":true,"valueName":"search_term_string"}}],"inLanguage":"pt-BR"},{"@type":"Organization","@id":"https:\/\/transamerica93.com.br\/home\/#organization","name":"Transam\u00e9rica Mococa 93,3","url":"https:\/\/transamerica93.com.br\/home\/","logo":{"@type":"ImageObject","inLanguage":"pt-BR","@id":"https:\/\/transamerica93.com.br\/home\/#\/schema\/logo\/image\/","url":"https:\/\/transamerica93.com.br\/home\/wp-content\/uploads\/2023\/10\/logo2.png","contentUrl":"https:\/\/transamerica93.com.br\/home\/wp-content\/uploads\/2023\/10\/logo2.png","width":800,"height":500,"caption":"Transam\u00e9rica Mococa 93,3"},"image":{"@id":"https:\/\/transamerica93.com.br\/home\/#\/schema\/logo\/image\/"},"sameAs":["https:\/\/www.facebook.com\/transamericamococa","https:\/\/x.com\/transamerica933","https:\/\/www.instagram.com\/transamericamococa"]},{"@type":"Person","@id":"https:\/\/transamerica93.com.br\/home\/#\/schema\/person\/7fed7c99c0d4562efa8561bc0f543172","name":"Reda\u00e7\u00e3o","image":{"@type":"ImageObject","inLanguage":"pt-BR","@id":"https:\/\/secure.gravatar.com\/avatar\/1072c6b775fb02ef8506ce967551d95926669a6b7d2c2147b42eea4d7c68395e?s=96&d=mm&r=g","url":"https:\/\/secure.gravatar.com\/avatar\/1072c6b775fb02ef8506ce967551d95926669a6b7d2c2147b42eea4d7c68395e?s=96&d=mm&r=g","contentUrl":"https:\/\/secure.gravatar.com\/avatar\/1072c6b775fb02ef8506ce967551d95926669a6b7d2c2147b42eea4d7c68395e?s=96&d=mm&r=g","caption":"Reda\u00e7\u00e3o"},"sameAs":["https:\/\/transamerica93.com.br\/home"],"url":"https:\/\/transamerica93.com.br\/home\/author\/william\/"}]}},"_links":{"self":[{"href":"https:\/\/transamerica93.com.br\/home\/wp-json\/wp\/v2\/posts\/5449","targetHints":{"allow":["GET"]}}],"collection":[{"href":"https:\/\/transamerica93.com.br\/home\/wp-json\/wp\/v2\/posts"}],"about":[{"href":"https:\/\/transamerica93.com.br\/home\/wp-json\/wp\/v2\/types\/post"}],"author":[{"embeddable":true,"href":"https:\/\/transamerica93.com.br\/home\/wp-json\/wp\/v2\/users\/1"}],"replies":[{"embeddable":true,"href":"https:\/\/transamerica93.com.br\/home\/wp-json\/wp\/v2\/comments?post=5449"}],"version-history":[{"count":1,"href":"https:\/\/transamerica93.com.br\/home\/wp-json\/wp\/v2\/posts\/5449\/revisions"}],"predecessor-version":[{"id":5451,"href":"https:\/\/transamerica93.com.br\/home\/wp-json\/wp\/v2\/posts\/5449\/revisions\/5451"}],"wp:featuredmedia":[{"embeddable":true,"href":"https:\/\/transamerica93.com.br\/home\/wp-json\/wp\/v2\/media\/5450"}],"wp:attachment":[{"href":"https:\/\/transamerica93.com.br\/home\/wp-json\/wp\/v2\/media?parent=5449"}],"wp:term":[{"taxonomy":"category","embeddable":true,"href":"https:\/\/transamerica93.com.br\/home\/wp-json\/wp\/v2\/categories?post=5449"},{"taxonomy":"post_tag","embeddable":true,"href":"https:\/\/transamerica93.com.br\/home\/wp-json\/wp\/v2\/tags?post=5449"}],"curies":[{"name":"wp","href":"https:\/\/api.w.org\/{rel}","templated":true}]}}